{"id":9756,"date":"2024-07-05T13:25:00","date_gmt":"2024-07-05T13:25:00","guid":{"rendered":"https:\/\/e-ciftlik.com\/haberler\/tarim\/aydinda-fabrikada-cikan-yangin-hasara-neden-oldu\/"},"modified":"2024-07-05T13:25:00","modified_gmt":"2024-07-05T13:25:00","slug":"aydinda-fabrikada-cikan-yangin-hasara-neden-oldu","status":"publish","type":"post","link":"http:\/\/e-ciftlik.com\/haberler\/tarim\/aydinda-fabrikada-cikan-yangin-hasara-neden-oldu\/","title":{"rendered":"Ayd\u0131n&#8217;da Fabrikada \u00c7\u0131kan Yang\u0131n Hasara Neden Oldu"},"content":{"rendered":"<p>Ayd\u0131n&#8217;da bir fabrikan\u0131n yemekhanesinde \u00e7\u0131kan yang\u0131n hasara yol a\u00e7t\u0131.<br \/>\nAST\u0130M Organize Sanayi B\u00f6lgesi&#8217;nde tar\u0131m aletleri \u00fcreten bir fabrikada, yemekhane k\u0131sm\u0131nda hen\u00fcz belirlenemeyen bir nedenle yang\u0131n \u00e7\u0131kt\u0131. Haber al\u0131nmas\u0131 \u00fczerine, b\u00f6lgeye sa\u011fl\u0131k, itfaiye ve polis ekipleri y\u00f6nlendirildi. Yang\u0131n, fabrikan\u0131n \u00fcretim hatt\u0131na s\u0131\u00e7ramadan kontrol alt\u0131na al\u0131nd\u0131 ancak hasar meydana geldi.<br \/>\nDuman nedeniyle etkilenen 2 itfaiyeci, Ayd\u0131n Devlet Hastanesi&#8217;ne nakledilerek tedavi alt\u0131na al\u0131nd\u0131. Ayd\u0131n Sanayi Odas\u0131 Ba\u015fkan\u0131 G\u00f6khan Mara\u015f, olay yerine gelerek yang\u0131nla ilgili bilgi ald\u0131.<\/p>\n","protected":false},"excerpt":{"rendered":"<p>Ayd\u0131n&#8217;da bir fabrikan\u0131n yemekhanesinde \u00e7\u0131kan yang\u0131n hasara yol a\u00e7t\u0131. AST\u0130M Organize Sanayi B\u00f6lgesi&#8217;nde tar\u0131m aletleri&hellip;<\/p>\n","protected":false},"author":1,"featured_media":9757,"comment_status":"open","ping_status":"open","sticky":false,"template":"","format":"standard","meta":{"footnotes":""},"categories":[9],"tags":[],"class_list":["post-9756","post","type-post","status-publish","format-standard","has-post-thumbnail","hentry","category-tarim"],"yoast_head":"<!-- This site is optimized with the Yoast SEO Premium plugin v24.3 (Yoast SEO v27.4) - https:\/\/yoast.com\/product\/yoast-seo-premium-wordpress\/ -->\n<title>Ayd\u0131n&#039;da Fabrikada \u00c7\u0131kan Yang\u0131n Hasara Neden Oldu - E-&Ccedil;\u0130FTL\u0130K HABER<\/title>\n<meta name=\"description\" content=\"Ayd\u0131n&#039;da bir fabrikan\u0131n yemekhanesinde \u00e7\u0131kan yang\u0131n hasara yol a\u00e7t\u0131. AST\u0130M Organize Sanayi B\u00f6lgesi&#039;nde tar\u0131m aletleri \u00fcreten bir fabrikada, yemekhane\" \/>\n<meta name=\"robots\" content=\"index, follow, max-snippet:-1, max-image-preview:large, max-video-preview:-1\" \/>\n<link rel=\"canonical\" href=\"http:\/\/e-ciftlik.com\/haberler\/tarim\/aydinda-fabrikada-cikan-yangin-hasara-neden-oldu\/\" \/>\n<meta property=\"og:locale\" content=\"tr_TR\" \/>\n<meta property=\"og:type\" content=\"article\" \/>\n<meta property=\"og:title\" content=\"Ayd\u0131n&#039;da Fabrikada \u00c7\u0131kan Yang\u0131n Hasara Neden Oldu\" \/>\n<meta property=\"og:description\" content=\"Ayd\u0131n&#039;da bir fabrikan\u0131n yemekhanesinde \u00e7\u0131kan yang\u0131n hasara yol a\u00e7t\u0131. AST\u0130M Organize Sanayi B\u00f6lgesi&#039;nde tar\u0131m aletleri \u00fcreten bir fabrikada, yemekhane\" \/>\n<meta property=\"og:url\" content=\"http:\/\/e-ciftlik.com\/haberler\/tarim\/aydinda-fabrikada-cikan-yangin-hasara-neden-oldu\/\" \/>\n<meta property=\"og:site_name\" content=\"E-&Ccedil;\u0130FTL\u0130K HABER\" \/>\n<meta property=\"article:publisher\" content=\"https:\/\/www.facebook.com\/eciftlikturkiye\" \/>\n<meta property=\"article:published_time\" content=\"2024-07-05T13:25:00+00:00\" \/>\n<meta property=\"og:image\" content=\"http:\/\/e-ciftlik.com\/haberler\/wp-content\/uploads\/2024\/07\/aydin-da-bir-fabrikanin-yemekhanesinde-cikan-17492234_amp.jpg\" \/>\n\t<meta property=\"og:image:width\" content=\"1200\" \/>\n\t<meta property=\"og:image:height\" content=\"900\" \/>\n\t<meta property=\"og:image:type\" content=\"image\/jpeg\" \/>\n<meta name=\"author\" content=\"Haber Merkezi\" \/>\n<meta name=\"twitter:card\" content=\"summary_large_image\" \/>\n<meta name=\"twitter:creator\" content=\"@eciftlikresmi\" \/>\n<meta name=\"twitter:site\" content=\"@eciftlikresmi\" \/>\n<meta name=\"twitter:label1\" content=\"Yazan:\" \/>\n\t<meta name=\"twitter:data1\" content=\"Haber Merkezi\" \/>\n\t<meta name=\"twitter:label2\" content=\"Tahmini okuma s\u00fcresi\" \/>\n\t<meta name=\"twitter:data2\" content=\"1 dakika\" \/>\n<script type=\"application\/ld+json\" class=\"yoast-schema-graph\">{\"@context\":\"https:\\\/\\\/schema.org\",\"@graph\":[{\"@type\":\"NewsArticle\",\"@id\":\"http:\\\/\\\/e-ciftlik.com\\\/haberler\\\/tarim\\\/aydinda-fabrikada-cikan-yangin-hasara-neden-oldu\\\/#article\",\"isPartOf\":{\"@id\":\"http:\\\/\\\/e-ciftlik.com\\\/haberler\\\/tarim\\\/aydinda-fabrikada-cikan-yangin-hasara-neden-oldu\\\/\"},\"author\":{\"name\":\"Haber Merkezi\",\"@id\":\"https:\\\/\\\/e-ciftlik.com\\\/haberler\\\/#\\\/schema\\\/person\\\/d2f4fee3143d7f72be82cb887d51b00a\"},\"headline\":\"Ayd\u0131n&#8217;da Fabrikada \u00c7\u0131kan Yang\u0131n Hasara Neden Oldu\",\"datePublished\":\"2024-07-05T13:25:00+00:00\",\"mainEntityOfPage\":{\"@id\":\"http:\\\/\\\/e-ciftlik.com\\\/haberler\\\/tarim\\\/aydinda-fabrikada-cikan-yangin-hasara-neden-oldu\\\/\"},\"wordCount\":114,\"commentCount\":0,\"publisher\":{\"@id\":\"https:\\\/\\\/e-ciftlik.com\\\/haberler\\\/#organization\"},\"image\":{\"@id\":\"http:\\\/\\\/e-ciftlik.com\\\/haberler\\\/tarim\\\/aydinda-fabrikada-cikan-yangin-hasara-neden-oldu\\\/#primaryimage\"},\"thumbnailUrl\":\"http:\\\/\\\/e-ciftlik.com\\\/haberler\\\/wp-content\\\/uploads\\\/2024\\\/07\\\/aydin-da-bir-fabrikanin-yemekhanesinde-cikan-17492234_amp.jpg\",\"articleSection\":[\"Tar\u0131m\"],\"inLanguage\":\"tr\",\"potentialAction\":[{\"@type\":\"CommentAction\",\"name\":\"Comment\",\"target\":[\"http:\\\/\\\/e-ciftlik.com\\\/haberler\\\/tarim\\\/aydinda-fabrikada-cikan-yangin-hasara-neden-oldu\\\/#respond\"]}]},{\"@type\":\"WebPage\",\"@id\":\"http:\\\/\\\/e-ciftlik.com\\\/haberler\\\/tarim\\\/aydinda-fabrikada-cikan-yangin-hasara-neden-oldu\\\/\",\"url\":\"http:\\\/\\\/e-ciftlik.com\\\/haberler\\\/tarim\\\/aydinda-fabrikada-cikan-yangin-hasara-neden-oldu\\\/\",\"name\":\"Ayd\u0131n'da Fabrikada \u00c7\u0131kan Yang\u0131n Hasara Neden Oldu - E-&Ccedil;\u0130FTL\u0130K HABER\",\"isPartOf\":{\"@id\":\"https:\\\/\\\/e-ciftlik.com\\\/haberler\\\/#website\"},\"primaryImageOfPage\":{\"@id\":\"http:\\\/\\\/e-ciftlik.com\\\/haberler\\\/tarim\\\/aydinda-fabrikada-cikan-yangin-hasara-neden-oldu\\\/#primaryimage\"},\"image\":{\"@id\":\"http:\\\/\\\/e-ciftlik.com\\\/haberler\\\/tarim\\\/aydinda-fabrikada-cikan-yangin-hasara-neden-oldu\\\/#primaryimage\"},\"thumbnailUrl\":\"http:\\\/\\\/e-ciftlik.com\\\/haberler\\\/wp-content\\\/uploads\\\/2024\\\/07\\\/aydin-da-bir-fabrikanin-yemekhanesinde-cikan-17492234_amp.jpg\",\"datePublished\":\"2024-07-05T13:25:00+00:00\",\"description\":\"Ayd\u0131n'da bir fabrikan\u0131n yemekhanesinde \u00e7\u0131kan yang\u0131n hasara yol a\u00e7t\u0131. AST\u0130M Organize Sanayi B\u00f6lgesi'nde tar\u0131m aletleri \u00fcreten bir fabrikada, yemekhane\",\"breadcrumb\":{\"@id\":\"http:\\\/\\\/e-ciftlik.com\\\/haberler\\\/tarim\\\/aydinda-fabrikada-cikan-yangin-hasara-neden-oldu\\\/#breadcrumb\"},\"inLanguage\":\"tr\",\"potentialAction\":[{\"@type\":\"ReadAction\",\"target\":[\"http:\\\/\\\/e-ciftlik.com\\\/haberler\\\/tarim\\\/aydinda-fabrikada-cikan-yangin-hasara-neden-oldu\\\/\"]}]},{\"@type\":\"ImageObject\",\"inLanguage\":\"tr\",\"@id\":\"http:\\\/\\\/e-ciftlik.com\\\/haberler\\\/tarim\\\/aydinda-fabrikada-cikan-yangin-hasara-neden-oldu\\\/#primaryimage\",\"url\":\"http:\\\/\\\/e-ciftlik.com\\\/haberler\\\/wp-content\\\/uploads\\\/2024\\\/07\\\/aydin-da-bir-fabrikanin-yemekhanesinde-cikan-17492234_amp.jpg\",\"contentUrl\":\"http:\\\/\\\/e-ciftlik.com\\\/haberler\\\/wp-content\\\/uploads\\\/2024\\\/07\\\/aydin-da-bir-fabrikanin-yemekhanesinde-cikan-17492234_amp.jpg\",\"width\":1200,\"height\":900},{\"@type\":\"BreadcrumbList\",\"@id\":\"http:\\\/\\\/e-ciftlik.com\\\/haberler\\\/tarim\\\/aydinda-fabrikada-cikan-yangin-hasara-neden-oldu\\\/#breadcrumb\",\"itemListElement\":[{\"@type\":\"ListItem\",\"position\":1,\"name\":\"Anasayfa\",\"item\":\"https:\\\/\\\/e-ciftlik.com\\\/haberler\\\/\"},{\"@type\":\"ListItem\",\"position\":2,\"name\":\"Ayd\u0131n&#8217;da Fabrikada \u00c7\u0131kan Yang\u0131n Hasara Neden Oldu\"}]},{\"@type\":\"WebSite\",\"@id\":\"https:\\\/\\\/e-ciftlik.com\\\/haberler\\\/#website\",\"url\":\"https:\\\/\\\/e-ciftlik.com\\\/haberler\\\/\",\"name\":\"E-\u00c7iftlik Haber | G\u00fcncel, Son Dakika Haberler, En Son Haber\",\"description\":\"\",\"publisher\":{\"@id\":\"https:\\\/\\\/e-ciftlik.com\\\/haberler\\\/#organization\"},\"potentialAction\":[{\"@type\":\"SearchAction\",\"target\":{\"@type\":\"EntryPoint\",\"urlTemplate\":\"https:\\\/\\\/e-ciftlik.com\\\/haberler\\\/?s={search_term_string}\"},\"query-input\":{\"@type\":\"PropertyValueSpecification\",\"valueRequired\":true,\"valueName\":\"search_term_string\"}}],\"inLanguage\":\"tr\"},{\"@type\":\"Organization\",\"@id\":\"https:\\\/\\\/e-ciftlik.com\\\/haberler\\\/#organization\",\"name\":\"E-\u00c7\u0130FTL\u0130K HABER\",\"url\":\"https:\\\/\\\/e-ciftlik.com\\\/haberler\\\/\",\"logo\":{\"@type\":\"ImageObject\",\"inLanguage\":\"tr\",\"@id\":\"https:\\\/\\\/e-ciftlik.com\\\/haberler\\\/#\\\/schema\\\/logo\\\/image\\\/\",\"url\":\"http:\\\/\\\/e-ciftlik.com\\\/haberler\\\/wp-content\\\/uploads\\\/2024\\\/06\\\/cropped-cropped-favicon-1-2.png\",\"contentUrl\":\"http:\\\/\\\/e-ciftlik.com\\\/haberler\\\/wp-content\\\/uploads\\\/2024\\\/06\\\/cropped-cropped-favicon-1-2.png\",\"width\":512,\"height\":512,\"caption\":\"E-\u00c7\u0130FTL\u0130K HABER\"},\"image\":{\"@id\":\"https:\\\/\\\/e-ciftlik.com\\\/haberler\\\/#\\\/schema\\\/logo\\\/image\\\/\"},\"sameAs\":[\"https:\\\/\\\/www.facebook.com\\\/eciftlikturkiye\",\"https:\\\/\\\/x.com\\\/eciftlikresmi\",\"https:\\\/\\\/www.instagram.com\\\/eciftlikresmi\\\/\"]},{\"@type\":\"Person\",\"@id\":\"https:\\\/\\\/e-ciftlik.com\\\/haberler\\\/#\\\/schema\\\/person\\\/d2f4fee3143d7f72be82cb887d51b00a\",\"name\":\"Haber Merkezi\",\"image\":{\"@type\":\"ImageObject\",\"inLanguage\":\"tr\",\"@id\":\"https:\\\/\\\/secure.gravatar.com\\\/avatar\\\/6c27d641914e66c1d0452c92716002398782818991d86db1c2cccb531e7c7c82?s=96&d=mm&r=g\",\"url\":\"https:\\\/\\\/secure.gravatar.com\\\/avatar\\\/6c27d641914e66c1d0452c92716002398782818991d86db1c2cccb531e7c7c82?s=96&d=mm&r=g\",\"contentUrl\":\"https:\\\/\\\/secure.gravatar.com\\\/avatar\\\/6c27d641914e66c1d0452c92716002398782818991d86db1c2cccb531e7c7c82?s=96&d=mm&r=g\",\"caption\":\"Haber Merkezi\"},\"sameAs\":[\"http:\\\/\\\/e-ciftlik.com\\\/haberler\"]}]}<\/script>\n<!-- \/ Yoast SEO Premium plugin. -->","yoast_head_json":{"title":"Ayd\u0131n'da Fabrikada \u00c7\u0131kan Yang\u0131n Hasara Neden Oldu - E-&Ccedil;\u0130FTL\u0130K HABER","description":"Ayd\u0131n'da bir fabrikan\u0131n yemekhanesinde \u00e7\u0131kan yang\u0131n hasara yol a\u00e7t\u0131. AST\u0130M Organize Sanayi B\u00f6lgesi'nde tar\u0131m aletleri \u00fcreten bir fabrikada, yemekhane","robots":{"index":"index","follow":"follow","max-snippet":"max-snippet:-1","max-image-preview":"max-image-preview:large","max-video-preview":"max-video-preview:-1"},"canonical":"http:\/\/e-ciftlik.com\/haberler\/tarim\/aydinda-fabrikada-cikan-yangin-hasara-neden-oldu\/","og_locale":"tr_TR","og_type":"article","og_title":"Ayd\u0131n'da Fabrikada \u00c7\u0131kan Yang\u0131n Hasara Neden Oldu","og_description":"Ayd\u0131n'da bir fabrikan\u0131n yemekhanesinde \u00e7\u0131kan yang\u0131n hasara yol a\u00e7t\u0131. AST\u0130M Organize Sanayi B\u00f6lgesi'nde tar\u0131m aletleri \u00fcreten bir fabrikada, yemekhane","og_url":"http:\/\/e-ciftlik.com\/haberler\/tarim\/aydinda-fabrikada-cikan-yangin-hasara-neden-oldu\/","og_site_name":"E-&Ccedil;\u0130FTL\u0130K HABER","article_publisher":"https:\/\/www.facebook.com\/eciftlikturkiye","article_published_time":"2024-07-05T13:25:00+00:00","og_image":[{"width":1200,"height":900,"url":"http:\/\/e-ciftlik.com\/haberler\/wp-content\/uploads\/2024\/07\/aydin-da-bir-fabrikanin-yemekhanesinde-cikan-17492234_amp.jpg","type":"image\/jpeg"}],"author":"Haber Merkezi","twitter_card":"summary_large_image","twitter_creator":"@eciftlikresmi","twitter_site":"@eciftlikresmi","twitter_misc":{"Yazan:":"Haber Merkezi","Tahmini okuma s\u00fcresi":"1 dakika"},"schema":{"@context":"https:\/\/schema.org","@graph":[{"@type":"NewsArticle","@id":"http:\/\/e-ciftlik.com\/haberler\/tarim\/aydinda-fabrikada-cikan-yangin-hasara-neden-oldu\/#article","isPartOf":{"@id":"http:\/\/e-ciftlik.com\/haberler\/tarim\/aydinda-fabrikada-cikan-yangin-hasara-neden-oldu\/"},"author":{"name":"Haber Merkezi","@id":"https:\/\/e-ciftlik.com\/haberler\/#\/schema\/person\/d2f4fee3143d7f72be82cb887d51b00a"},"headline":"Ayd\u0131n&#8217;da Fabrikada \u00c7\u0131kan Yang\u0131n Hasara Neden Oldu","datePublished":"2024-07-05T13:25:00+00:00","mainEntityOfPage":{"@id":"http:\/\/e-ciftlik.com\/haberler\/tarim\/aydinda-fabrikada-cikan-yangin-hasara-neden-oldu\/"},"wordCount":114,"commentCount":0,"publisher":{"@id":"https:\/\/e-ciftlik.com\/haberler\/#organization"},"image":{"@id":"http:\/\/e-ciftlik.com\/haberler\/tarim\/aydinda-fabrikada-cikan-yangin-hasara-neden-oldu\/#primaryimage"},"thumbnailUrl":"http:\/\/e-ciftlik.com\/haberler\/wp-content\/uploads\/2024\/07\/aydin-da-bir-fabrikanin-yemekhanesinde-cikan-17492234_amp.jpg","articleSection":["Tar\u0131m"],"inLanguage":"tr","potentialAction":[{"@type":"CommentAction","name":"Comment","target":["http:\/\/e-ciftlik.com\/haberler\/tarim\/aydinda-fabrikada-cikan-yangin-hasara-neden-oldu\/#respond"]}]},{"@type":"WebPage","@id":"http:\/\/e-ciftlik.com\/haberler\/tarim\/aydinda-fabrikada-cikan-yangin-hasara-neden-oldu\/","url":"http:\/\/e-ciftlik.com\/haberler\/tarim\/aydinda-fabrikada-cikan-yangin-hasara-neden-oldu\/","name":"Ayd\u0131n'da Fabrikada \u00c7\u0131kan Yang\u0131n Hasara Neden Oldu - E-&Ccedil;\u0130FTL\u0130K HABER","isPartOf":{"@id":"https:\/\/e-ciftlik.com\/haberler\/#website"},"primaryImageOfPage":{"@id":"http:\/\/e-ciftlik.com\/haberler\/tarim\/aydinda-fabrikada-cikan-yangin-hasara-neden-oldu\/#primaryimage"},"image":{"@id":"http:\/\/e-ciftlik.com\/haberler\/tarim\/aydinda-fabrikada-cikan-yangin-hasara-neden-oldu\/#primaryimage"},"thumbnailUrl":"http:\/\/e-ciftlik.com\/haberler\/wp-content\/uploads\/2024\/07\/aydin-da-bir-fabrikanin-yemekhanesinde-cikan-17492234_amp.jpg","datePublished":"2024-07-05T13:25:00+00:00","description":"Ayd\u0131n'da bir fabrikan\u0131n yemekhanesinde \u00e7\u0131kan yang\u0131n hasara yol a\u00e7t\u0131. AST\u0130M Organize Sanayi B\u00f6lgesi'nde tar\u0131m aletleri \u00fcreten bir fabrikada, yemekhane","breadcrumb":{"@id":"http:\/\/e-ciftlik.com\/haberler\/tarim\/aydinda-fabrikada-cikan-yangin-hasara-neden-oldu\/#breadcrumb"},"inLanguage":"tr","potentialAction":[{"@type":"ReadAction","target":["http:\/\/e-ciftlik.com\/haberler\/tarim\/aydinda-fabrikada-cikan-yangin-hasara-neden-oldu\/"]}]},{"@type":"ImageObject","inLanguage":"tr","@id":"http:\/\/e-ciftlik.com\/haberler\/tarim\/aydinda-fabrikada-cikan-yangin-hasara-neden-oldu\/#primaryimage","url":"http:\/\/e-ciftlik.com\/haberler\/wp-content\/uploads\/2024\/07\/aydin-da-bir-fabrikanin-yemekhanesinde-cikan-17492234_amp.jpg","contentUrl":"http:\/\/e-ciftlik.com\/haberler\/wp-content\/uploads\/2024\/07\/aydin-da-bir-fabrikanin-yemekhanesinde-cikan-17492234_amp.jpg","width":1200,"height":900},{"@type":"BreadcrumbList","@id":"http:\/\/e-ciftlik.com\/haberler\/tarim\/aydinda-fabrikada-cikan-yangin-hasara-neden-oldu\/#breadcrumb","itemListElement":[{"@type":"ListItem","position":1,"name":"Anasayfa","item":"https:\/\/e-ciftlik.com\/haberler\/"},{"@type":"ListItem","position":2,"name":"Ayd\u0131n&#8217;da Fabrikada \u00c7\u0131kan Yang\u0131n Hasara Neden Oldu"}]},{"@type":"WebSite","@id":"https:\/\/e-ciftlik.com\/haberler\/#website","url":"https:\/\/e-ciftlik.com\/haberler\/","name":"E-\u00c7iftlik Haber | G\u00fcncel, Son Dakika Haberler, En Son Haber","description":"","publisher":{"@id":"https:\/\/e-ciftlik.com\/haberler\/#organization"},"potentialAction":[{"@type":"SearchAction","target":{"@type":"EntryPoint","urlTemplate":"https:\/\/e-ciftlik.com\/haberler\/?s={search_term_string}"},"query-input":{"@type":"PropertyValueSpecification","valueRequired":true,"valueName":"search_term_string"}}],"inLanguage":"tr"},{"@type":"Organization","@id":"https:\/\/e-ciftlik.com\/haberler\/#organization","name":"E-\u00c7\u0130FTL\u0130K HABER","url":"https:\/\/e-ciftlik.com\/haberler\/","logo":{"@type":"ImageObject","inLanguage":"tr","@id":"https:\/\/e-ciftlik.com\/haberler\/#\/schema\/logo\/image\/","url":"http:\/\/e-ciftlik.com\/haberler\/wp-content\/uploads\/2024\/06\/cropped-cropped-favicon-1-2.png","contentUrl":"http:\/\/e-ciftlik.com\/haberler\/wp-content\/uploads\/2024\/06\/cropped-cropped-favicon-1-2.png","width":512,"height":512,"caption":"E-\u00c7\u0130FTL\u0130K HABER"},"image":{"@id":"https:\/\/e-ciftlik.com\/haberler\/#\/schema\/logo\/image\/"},"sameAs":["https:\/\/www.facebook.com\/eciftlikturkiye","https:\/\/x.com\/eciftlikresmi","https:\/\/www.instagram.com\/eciftlikresmi\/"]},{"@type":"Person","@id":"https:\/\/e-ciftlik.com\/haberler\/#\/schema\/person\/d2f4fee3143d7f72be82cb887d51b00a","name":"Haber Merkezi","image":{"@type":"ImageObject","inLanguage":"tr","@id":"https:\/\/secure.gravatar.com\/avatar\/6c27d641914e66c1d0452c92716002398782818991d86db1c2cccb531e7c7c82?s=96&d=mm&r=g","url":"https:\/\/secure.gravatar.com\/avatar\/6c27d641914e66c1d0452c92716002398782818991d86db1c2cccb531e7c7c82?s=96&d=mm&r=g","contentUrl":"https:\/\/secure.gravatar.com\/avatar\/6c27d641914e66c1d0452c92716002398782818991d86db1c2cccb531e7c7c82?s=96&d=mm&r=g","caption":"Haber Merkezi"},"sameAs":["http:\/\/e-ciftlik.com\/haberler"]}]}},"_links":{"self":[{"href":"http:\/\/e-ciftlik.com\/haberler\/wp-json\/wp\/v2\/posts\/9756","targetHints":{"allow":["GET"]}}],"collection":[{"href":"http:\/\/e-ciftlik.com\/haberler\/wp-json\/wp\/v2\/posts"}],"about":[{"href":"http:\/\/e-ciftlik.com\/haberler\/wp-json\/wp\/v2\/types\/post"}],"author":[{"embeddable":true,"href":"http:\/\/e-ciftlik.com\/haberler\/wp-json\/wp\/v2\/users\/1"}],"replies":[{"embeddable":true,"href":"http:\/\/e-ciftlik.com\/haberler\/wp-json\/wp\/v2\/comments?post=9756"}],"version-history":[{"count":0,"href":"http:\/\/e-ciftlik.com\/haberler\/wp-json\/wp\/v2\/posts\/9756\/revisions"}],"wp:featuredmedia":[{"embeddable":true,"href":"http:\/\/e-ciftlik.com\/haberler\/wp-json\/wp\/v2\/media\/9757"}],"wp:attachment":[{"href":"http:\/\/e-ciftlik.com\/haberler\/wp-json\/wp\/v2\/media?parent=9756"}],"wp:term":[{"taxonomy":"category","embeddable":true,"href":"http:\/\/e-ciftlik.com\/haberler\/wp-json\/wp\/v2\/categories?post=9756"},{"taxonomy":"post_tag","embeddable":true,"href":"http:\/\/e-ciftlik.com\/haberler\/wp-json\/wp\/v2\/tags?post=9756"}],"curies":[{"name":"wp","href":"https:\/\/api.w.org\/{rel}","templated":true}]}}