{"id":3418,"date":"2024-06-15T06:56:57","date_gmt":"2024-06-15T06:56:57","guid":{"rendered":"https:\/\/e-ciftlik.com\/haberler\/otomobil\/cinden-ek-vergi-karari-cinli-otomobil-markalari-etkilendi\/"},"modified":"2024-06-15T12:49:26","modified_gmt":"2024-06-15T12:49:26","slug":"cinden-ek-vergi-karari-cinli-otomobil-markalari-etkilendi","status":"publish","type":"post","link":"https:\/\/e-ciftlik.com\/haberler\/otomobil\/cinden-ek-vergi-karari-cinli-otomobil-markalari-etkilendi\/","title":{"rendered":"\u00c7in&#8217;den Ek Vergi Karar\u0131: \u00c7inli Otomobil Markalar\u0131 Etkilendi"},"content":{"rendered":"<p>Son g\u00fcnlerde \u00c7in&#8217;den ithal edilen elektrikli otomobillere ek g\u00fcmr\u00fck vergisi uygulanmas\u0131na ili\u015fkin karar, \u00c7inli otomobil \u00fcreticilerini olumsuz etkiledi. Bu durum, \u00c7inli otomobil markalar\u0131n\u0131n hisselerinde sert d\u00fc\u015f\u00fc\u015flere neden oldu.<\/p>\n<p>\u00c7in&#8217;den ithal edilen elektrikli otomobillere ek vergi karar\u0131, \u00c7inli otomobil \u00fcreticilerini olumsuz etkiledi. Son zamanlarda \u00c7inli otomobil \u00fcreticilerinin y\u00fckseli\u015fi baz\u0131 \u00fclkeleri rahats\u0131z etmeye ba\u015flad\u0131 ve Avrupa Birli\u011fi (AB), \u00c7inli markalara ek vergiler getirerek bu y\u00fckseli\u015fi engellemek istiyor. Ge\u00e7ti\u011fimiz g\u00fcnlerde ABD Ba\u015fkan\u0131 Joe Biden, \u00c7inli elektrikli ara\u00e7lara uygulanan y\u00fczde 25&#8217;lik vergiyi y\u00fczde 100&#8217;e \u00e7\u0131karm\u0131\u015f ve baz\u0131 ek masraflar getirmi\u015fti. T\u00fcrkiye ve Avrupa Birli\u011fi de \u00c7inli markalara ek vergi uygulanmas\u0131na karar vermi\u015fti.<\/p>\n<p>\u00c7inli otomotiv firmalar\u0131n\u0131n hisseleri, T\u00fcrkiye ve ABD&#8217;nin ard\u0131ndan AB \u00fclkelerinin de \u00c7in&#8217;de \u00fcretilen elektrikli otomobillere y\u00f6nelik g\u00fcmr\u00fck vergilerini art\u0131rma karar\u0131 almas\u0131yla sert d\u00fc\u015f\u00fc\u015f ya\u015fad\u0131. Hong Kong Menkul K\u0131ymetler Borsas\u0131&#8217;nda i\u015flem g\u00f6ren \u00c7in elektrikli otomobil \u00fcreticilerinin hisseleri ciddi \u00f6l\u00e7\u00fcde geriledi. \u00c7in merkezli otomotiv \u015firketi XPeng&#8217;in hisseleri y\u00fczde 5.14 de\u011fer kaybetti. Pekin merkezli Li Auto&#8217;da g\u00fcnl\u00fck d\u00fc\u015f\u00fc\u015f y\u00fczde 3.63&#8217;\u00fc, NIO&#8217;da ise y\u00fczde 8.52&#8217;yi buldu. Geely&#8217;de g\u00fcnl\u00fck gerileme y\u00fczde 4.92 olurken, GWM&#8217;deki d\u00fc\u015f\u00fc\u015f y\u00fczde 1.91 seviyesinde ger\u00e7ekle\u015fti.<\/p>\n","protected":false},"excerpt":{"rendered":"<p>Son g\u00fcnlerde \u00c7in&#8217;den ithal edilen elektrikli otomobillere ek g\u00fcmr\u00fck vergisi uygulanmas\u0131na ili\u015fkin karar, \u00c7inli otomobil&hellip;<\/p>\n","protected":false},"author":1,"featured_media":3419,"comment_status":"open","ping_status":"open","sticky":false,"template":"","format":"standard","meta":{"footnotes":""},"categories":[5],"tags":[],"class_list":["post-3418","post","type-post","status-publish","format-standard","has-post-thumbnail","hentry","category-otomobil"],"yoast_head":"<!-- This site is optimized with the Yoast SEO Premium plugin v24.3 (Yoast SEO v27.4) - https:\/\/yoast.com\/product\/yoast-seo-premium-wordpress\/ -->\n<title>\u00c7in&#039;den Ek Vergi Karar\u0131: \u00c7inli Otomobil Markalar\u0131 Etkilendi - E-&Ccedil;\u0130FTL\u0130K HABER<\/title>\n<meta name=\"description\" content=\"Son g\u00fcnlerde \u00c7in&#039;den ithal edilen elektrikli otomobillere ek g\u00fcmr\u00fck vergisi uygulanmas\u0131na ili\u015fkin karar, \u00c7inli otomobil \u00fcreticilerini olumsuz etkiledi. Bu\" \/>\n<meta name=\"robots\" content=\"index, follow, max-snippet:-1, max-image-preview:large, max-video-preview:-1\" \/>\n<link rel=\"canonical\" href=\"https:\/\/e-ciftlik.com\/haberler\/otomobil\/cinden-ek-vergi-karari-cinli-otomobil-markalari-etkilendi\/\" \/>\n<meta property=\"og:locale\" content=\"tr_TR\" \/>\n<meta property=\"og:type\" content=\"article\" \/>\n<meta property=\"og:title\" content=\"\u00c7in&#039;den Ek Vergi Karar\u0131: \u00c7inli Otomobil Markalar\u0131 Etkilendi\" \/>\n<meta property=\"og:description\" content=\"Son g\u00fcnlerde \u00c7in&#039;den ithal edilen elektrikli otomobillere ek g\u00fcmr\u00fck vergisi uygulanmas\u0131na ili\u015fkin karar, \u00c7inli otomobil \u00fcreticilerini olumsuz etkiledi. Bu\" \/>\n<meta property=\"og:url\" content=\"https:\/\/e-ciftlik.com\/haberler\/otomobil\/cinden-ek-vergi-karari-cinli-otomobil-markalari-etkilendi\/\" \/>\n<meta property=\"og:site_name\" content=\"E-&Ccedil;\u0130FTL\u0130K HABER\" \/>\n<meta property=\"article:publisher\" content=\"https:\/\/www.facebook.com\/eciftlikturkiye\" \/>\n<meta property=\"article:published_time\" content=\"2024-06-15T06:56:57+00:00\" \/>\n<meta property=\"article:modified_time\" content=\"2024-06-15T12:49:26+00:00\" \/>\n<meta property=\"og:image\" content=\"https:\/\/e-ciftlik.com\/haberler\/wp-content\/uploads\/2024\/06\/666a83dde4860923.jpg\" \/>\n\t<meta property=\"og:image:width\" content=\"1200\" \/>\n\t<meta property=\"og:image:height\" content=\"675\" \/>\n\t<meta property=\"og:image:type\" content=\"image\/jpeg\" \/>\n<meta name=\"author\" content=\"Haber Merkezi\" \/>\n<meta name=\"twitter:card\" content=\"summary_large_image\" \/>\n<meta name=\"twitter:creator\" content=\"@eciftlikresmi\" \/>\n<meta name=\"twitter:site\" content=\"@eciftlikresmi\" \/>\n<meta name=\"twitter:label1\" content=\"Yazan:\" \/>\n\t<meta name=\"twitter:data1\" content=\"Haber Merkezi\" \/>\n\t<meta name=\"twitter:label2\" content=\"Tahmini okuma s\u00fcresi\" \/>\n\t<meta name=\"twitter:data2\" content=\"1 dakika\" \/>\n<script type=\"application\/ld+json\" class=\"yoast-schema-graph\">{\"@context\":\"https:\\\/\\\/schema.org\",\"@graph\":[{\"@type\":\"NewsArticle\",\"@id\":\"https:\\\/\\\/e-ciftlik.com\\\/haberler\\\/otomobil\\\/cinden-ek-vergi-karari-cinli-otomobil-markalari-etkilendi\\\/#article\",\"isPartOf\":{\"@id\":\"https:\\\/\\\/e-ciftlik.com\\\/haberler\\\/otomobil\\\/cinden-ek-vergi-karari-cinli-otomobil-markalari-etkilendi\\\/\"},\"author\":{\"name\":\"Haber Merkezi\",\"@id\":\"https:\\\/\\\/e-ciftlik.com\\\/haberler\\\/#\\\/schema\\\/person\\\/d2f4fee3143d7f72be82cb887d51b00a\"},\"headline\":\"\u00c7in&#8217;den Ek Vergi Karar\u0131: \u00c7inli Otomobil Markalar\u0131 Etkilendi\",\"datePublished\":\"2024-06-15T06:56:57+00:00\",\"dateModified\":\"2024-06-15T12:49:26+00:00\",\"mainEntityOfPage\":{\"@id\":\"https:\\\/\\\/e-ciftlik.com\\\/haberler\\\/otomobil\\\/cinden-ek-vergi-karari-cinli-otomobil-markalari-etkilendi\\\/\"},\"wordCount\":240,\"commentCount\":0,\"publisher\":{\"@id\":\"https:\\\/\\\/e-ciftlik.com\\\/haberler\\\/#organization\"},\"image\":{\"@id\":\"https:\\\/\\\/e-ciftlik.com\\\/haberler\\\/otomobil\\\/cinden-ek-vergi-karari-cinli-otomobil-markalari-etkilendi\\\/#primaryimage\"},\"thumbnailUrl\":\"https:\\\/\\\/e-ciftlik.com\\\/haberler\\\/wp-content\\\/uploads\\\/2024\\\/06\\\/666a83dde4860923.jpg\",\"articleSection\":[\"Otomobil\"],\"inLanguage\":\"tr\",\"potentialAction\":[{\"@type\":\"CommentAction\",\"name\":\"Comment\",\"target\":[\"https:\\\/\\\/e-ciftlik.com\\\/haberler\\\/otomobil\\\/cinden-ek-vergi-karari-cinli-otomobil-markalari-etkilendi\\\/#respond\"]}]},{\"@type\":\"WebPage\",\"@id\":\"https:\\\/\\\/e-ciftlik.com\\\/haberler\\\/otomobil\\\/cinden-ek-vergi-karari-cinli-otomobil-markalari-etkilendi\\\/\",\"url\":\"https:\\\/\\\/e-ciftlik.com\\\/haberler\\\/otomobil\\\/cinden-ek-vergi-karari-cinli-otomobil-markalari-etkilendi\\\/\",\"name\":\"\u00c7in'den Ek Vergi Karar\u0131: \u00c7inli Otomobil Markalar\u0131 Etkilendi - E-&Ccedil;\u0130FTL\u0130K HABER\",\"isPartOf\":{\"@id\":\"https:\\\/\\\/e-ciftlik.com\\\/haberler\\\/#website\"},\"primaryImageOfPage\":{\"@id\":\"https:\\\/\\\/e-ciftlik.com\\\/haberler\\\/otomobil\\\/cinden-ek-vergi-karari-cinli-otomobil-markalari-etkilendi\\\/#primaryimage\"},\"image\":{\"@id\":\"https:\\\/\\\/e-ciftlik.com\\\/haberler\\\/otomobil\\\/cinden-ek-vergi-karari-cinli-otomobil-markalari-etkilendi\\\/#primaryimage\"},\"thumbnailUrl\":\"https:\\\/\\\/e-ciftlik.com\\\/haberler\\\/wp-content\\\/uploads\\\/2024\\\/06\\\/666a83dde4860923.jpg\",\"datePublished\":\"2024-06-15T06:56:57+00:00\",\"dateModified\":\"2024-06-15T12:49:26+00:00\",\"description\":\"Son g\u00fcnlerde \u00c7in'den ithal edilen elektrikli otomobillere ek g\u00fcmr\u00fck vergisi uygulanmas\u0131na ili\u015fkin karar, \u00c7inli otomobil \u00fcreticilerini olumsuz etkiledi. Bu\",\"breadcrumb\":{\"@id\":\"https:\\\/\\\/e-ciftlik.com\\\/haberler\\\/otomobil\\\/cinden-ek-vergi-karari-cinli-otomobil-markalari-etkilendi\\\/#breadcrumb\"},\"inLanguage\":\"tr\",\"potentialAction\":[{\"@type\":\"ReadAction\",\"target\":[\"https:\\\/\\\/e-ciftlik.com\\\/haberler\\\/otomobil\\\/cinden-ek-vergi-karari-cinli-otomobil-markalari-etkilendi\\\/\"]}]},{\"@type\":\"ImageObject\",\"inLanguage\":\"tr\",\"@id\":\"https:\\\/\\\/e-ciftlik.com\\\/haberler\\\/otomobil\\\/cinden-ek-vergi-karari-cinli-otomobil-markalari-etkilendi\\\/#primaryimage\",\"url\":\"https:\\\/\\\/e-ciftlik.com\\\/haberler\\\/wp-content\\\/uploads\\\/2024\\\/06\\\/666a83dde4860923.jpg\",\"contentUrl\":\"https:\\\/\\\/e-ciftlik.com\\\/haberler\\\/wp-content\\\/uploads\\\/2024\\\/06\\\/666a83dde4860923.jpg\",\"width\":1200,\"height\":675},{\"@type\":\"BreadcrumbList\",\"@id\":\"https:\\\/\\\/e-ciftlik.com\\\/haberler\\\/otomobil\\\/cinden-ek-vergi-karari-cinli-otomobil-markalari-etkilendi\\\/#breadcrumb\",\"itemListElement\":[{\"@type\":\"ListItem\",\"position\":1,\"name\":\"Anasayfa\",\"item\":\"https:\\\/\\\/e-ciftlik.com\\\/haberler\\\/\"},{\"@type\":\"ListItem\",\"position\":2,\"name\":\"\u00c7in&#8217;den Ek Vergi Karar\u0131: \u00c7inli Otomobil Markalar\u0131 Etkilendi\"}]},{\"@type\":\"WebSite\",\"@id\":\"https:\\\/\\\/e-ciftlik.com\\\/haberler\\\/#website\",\"url\":\"https:\\\/\\\/e-ciftlik.com\\\/haberler\\\/\",\"name\":\"E-\u00c7iftlik Haber | G\u00fcncel, Son Dakika Haberler, En Son Haber\",\"description\":\"\",\"publisher\":{\"@id\":\"https:\\\/\\\/e-ciftlik.com\\\/haberler\\\/#organization\"},\"potentialAction\":[{\"@type\":\"SearchAction\",\"target\":{\"@type\":\"EntryPoint\",\"urlTemplate\":\"https:\\\/\\\/e-ciftlik.com\\\/haberler\\\/?s={search_term_string}\"},\"query-input\":{\"@type\":\"PropertyValueSpecification\",\"valueRequired\":true,\"valueName\":\"search_term_string\"}}],\"inLanguage\":\"tr\"},{\"@type\":\"Organization\",\"@id\":\"https:\\\/\\\/e-ciftlik.com\\\/haberler\\\/#organization\",\"name\":\"E-\u00c7\u0130FTL\u0130K HABER\",\"url\":\"https:\\\/\\\/e-ciftlik.com\\\/haberler\\\/\",\"logo\":{\"@type\":\"ImageObject\",\"inLanguage\":\"tr\",\"@id\":\"https:\\\/\\\/e-ciftlik.com\\\/haberler\\\/#\\\/schema\\\/logo\\\/image\\\/\",\"url\":\"https:\\\/\\\/e-ciftlik.com\\\/haberler\\\/wp-content\\\/uploads\\\/2024\\\/06\\\/cropped-cropped-favicon-1-2.png\",\"contentUrl\":\"https:\\\/\\\/e-ciftlik.com\\\/haberler\\\/wp-content\\\/uploads\\\/2024\\\/06\\\/cropped-cropped-favicon-1-2.png\",\"width\":512,\"height\":512,\"caption\":\"E-\u00c7\u0130FTL\u0130K HABER\"},\"image\":{\"@id\":\"https:\\\/\\\/e-ciftlik.com\\\/haberler\\\/#\\\/schema\\\/logo\\\/image\\\/\"},\"sameAs\":[\"https:\\\/\\\/www.facebook.com\\\/eciftlikturkiye\",\"https:\\\/\\\/x.com\\\/eciftlikresmi\",\"https:\\\/\\\/www.instagram.com\\\/eciftlikresmi\\\/\"]},{\"@type\":\"Person\",\"@id\":\"https:\\\/\\\/e-ciftlik.com\\\/haberler\\\/#\\\/schema\\\/person\\\/d2f4fee3143d7f72be82cb887d51b00a\",\"name\":\"Haber Merkezi\",\"image\":{\"@type\":\"ImageObject\",\"inLanguage\":\"tr\",\"@id\":\"https:\\\/\\\/secure.gravatar.com\\\/avatar\\\/6c27d641914e66c1d0452c92716002398782818991d86db1c2cccb531e7c7c82?s=96&d=mm&r=g\",\"url\":\"https:\\\/\\\/secure.gravatar.com\\\/avatar\\\/6c27d641914e66c1d0452c92716002398782818991d86db1c2cccb531e7c7c82?s=96&d=mm&r=g\",\"contentUrl\":\"https:\\\/\\\/secure.gravatar.com\\\/avatar\\\/6c27d641914e66c1d0452c92716002398782818991d86db1c2cccb531e7c7c82?s=96&d=mm&r=g\",\"caption\":\"Haber Merkezi\"},\"sameAs\":[\"http:\\\/\\\/e-ciftlik.com\\\/haberler\"]}]}<\/script>\n<!-- \/ Yoast SEO Premium plugin. -->","yoast_head_json":{"title":"\u00c7in'den Ek Vergi Karar\u0131: \u00c7inli Otomobil Markalar\u0131 Etkilendi - E-&Ccedil;\u0130FTL\u0130K HABER","description":"Son g\u00fcnlerde \u00c7in'den ithal edilen elektrikli otomobillere ek g\u00fcmr\u00fck vergisi uygulanmas\u0131na ili\u015fkin karar, \u00c7inli otomobil \u00fcreticilerini olumsuz etkiledi. Bu","robots":{"index":"index","follow":"follow","max-snippet":"max-snippet:-1","max-image-preview":"max-image-preview:large","max-video-preview":"max-video-preview:-1"},"canonical":"https:\/\/e-ciftlik.com\/haberler\/otomobil\/cinden-ek-vergi-karari-cinli-otomobil-markalari-etkilendi\/","og_locale":"tr_TR","og_type":"article","og_title":"\u00c7in'den Ek Vergi Karar\u0131: \u00c7inli Otomobil Markalar\u0131 Etkilendi","og_description":"Son g\u00fcnlerde \u00c7in'den ithal edilen elektrikli otomobillere ek g\u00fcmr\u00fck vergisi uygulanmas\u0131na ili\u015fkin karar, \u00c7inli otomobil \u00fcreticilerini olumsuz etkiledi. Bu","og_url":"https:\/\/e-ciftlik.com\/haberler\/otomobil\/cinden-ek-vergi-karari-cinli-otomobil-markalari-etkilendi\/","og_site_name":"E-&Ccedil;\u0130FTL\u0130K HABER","article_publisher":"https:\/\/www.facebook.com\/eciftlikturkiye","article_published_time":"2024-06-15T06:56:57+00:00","article_modified_time":"2024-06-15T12:49:26+00:00","og_image":[{"width":1200,"height":675,"url":"https:\/\/e-ciftlik.com\/haberler\/wp-content\/uploads\/2024\/06\/666a83dde4860923.jpg","type":"image\/jpeg"}],"author":"Haber Merkezi","twitter_card":"summary_large_image","twitter_creator":"@eciftlikresmi","twitter_site":"@eciftlikresmi","twitter_misc":{"Yazan:":"Haber Merkezi","Tahmini okuma s\u00fcresi":"1 dakika"},"schema":{"@context":"https:\/\/schema.org","@graph":[{"@type":"NewsArticle","@id":"https:\/\/e-ciftlik.com\/haberler\/otomobil\/cinden-ek-vergi-karari-cinli-otomobil-markalari-etkilendi\/#article","isPartOf":{"@id":"https:\/\/e-ciftlik.com\/haberler\/otomobil\/cinden-ek-vergi-karari-cinli-otomobil-markalari-etkilendi\/"},"author":{"name":"Haber Merkezi","@id":"https:\/\/e-ciftlik.com\/haberler\/#\/schema\/person\/d2f4fee3143d7f72be82cb887d51b00a"},"headline":"\u00c7in&#8217;den Ek Vergi Karar\u0131: \u00c7inli Otomobil Markalar\u0131 Etkilendi","datePublished":"2024-06-15T06:56:57+00:00","dateModified":"2024-06-15T12:49:26+00:00","mainEntityOfPage":{"@id":"https:\/\/e-ciftlik.com\/haberler\/otomobil\/cinden-ek-vergi-karari-cinli-otomobil-markalari-etkilendi\/"},"wordCount":240,"commentCount":0,"publisher":{"@id":"https:\/\/e-ciftlik.com\/haberler\/#organization"},"image":{"@id":"https:\/\/e-ciftlik.com\/haberler\/otomobil\/cinden-ek-vergi-karari-cinli-otomobil-markalari-etkilendi\/#primaryimage"},"thumbnailUrl":"https:\/\/e-ciftlik.com\/haberler\/wp-content\/uploads\/2024\/06\/666a83dde4860923.jpg","articleSection":["Otomobil"],"inLanguage":"tr","potentialAction":[{"@type":"CommentAction","name":"Comment","target":["https:\/\/e-ciftlik.com\/haberler\/otomobil\/cinden-ek-vergi-karari-cinli-otomobil-markalari-etkilendi\/#respond"]}]},{"@type":"WebPage","@id":"https:\/\/e-ciftlik.com\/haberler\/otomobil\/cinden-ek-vergi-karari-cinli-otomobil-markalari-etkilendi\/","url":"https:\/\/e-ciftlik.com\/haberler\/otomobil\/cinden-ek-vergi-karari-cinli-otomobil-markalari-etkilendi\/","name":"\u00c7in'den Ek Vergi Karar\u0131: \u00c7inli Otomobil Markalar\u0131 Etkilendi - E-&Ccedil;\u0130FTL\u0130K HABER","isPartOf":{"@id":"https:\/\/e-ciftlik.com\/haberler\/#website"},"primaryImageOfPage":{"@id":"https:\/\/e-ciftlik.com\/haberler\/otomobil\/cinden-ek-vergi-karari-cinli-otomobil-markalari-etkilendi\/#primaryimage"},"image":{"@id":"https:\/\/e-ciftlik.com\/haberler\/otomobil\/cinden-ek-vergi-karari-cinli-otomobil-markalari-etkilendi\/#primaryimage"},"thumbnailUrl":"https:\/\/e-ciftlik.com\/haberler\/wp-content\/uploads\/2024\/06\/666a83dde4860923.jpg","datePublished":"2024-06-15T06:56:57+00:00","dateModified":"2024-06-15T12:49:26+00:00","description":"Son g\u00fcnlerde \u00c7in'den ithal edilen elektrikli otomobillere ek g\u00fcmr\u00fck vergisi uygulanmas\u0131na ili\u015fkin karar, \u00c7inli otomobil \u00fcreticilerini olumsuz etkiledi. Bu","breadcrumb":{"@id":"https:\/\/e-ciftlik.com\/haberler\/otomobil\/cinden-ek-vergi-karari-cinli-otomobil-markalari-etkilendi\/#breadcrumb"},"inLanguage":"tr","potentialAction":[{"@type":"ReadAction","target":["https:\/\/e-ciftlik.com\/haberler\/otomobil\/cinden-ek-vergi-karari-cinli-otomobil-markalari-etkilendi\/"]}]},{"@type":"ImageObject","inLanguage":"tr","@id":"https:\/\/e-ciftlik.com\/haberler\/otomobil\/cinden-ek-vergi-karari-cinli-otomobil-markalari-etkilendi\/#primaryimage","url":"https:\/\/e-ciftlik.com\/haberler\/wp-content\/uploads\/2024\/06\/666a83dde4860923.jpg","contentUrl":"https:\/\/e-ciftlik.com\/haberler\/wp-content\/uploads\/2024\/06\/666a83dde4860923.jpg","width":1200,"height":675},{"@type":"BreadcrumbList","@id":"https:\/\/e-ciftlik.com\/haberler\/otomobil\/cinden-ek-vergi-karari-cinli-otomobil-markalari-etkilendi\/#breadcrumb","itemListElement":[{"@type":"ListItem","position":1,"name":"Anasayfa","item":"https:\/\/e-ciftlik.com\/haberler\/"},{"@type":"ListItem","position":2,"name":"\u00c7in&#8217;den Ek Vergi Karar\u0131: \u00c7inli Otomobil Markalar\u0131 Etkilendi"}]},{"@type":"WebSite","@id":"https:\/\/e-ciftlik.com\/haberler\/#website","url":"https:\/\/e-ciftlik.com\/haberler\/","name":"E-\u00c7iftlik Haber | G\u00fcncel, Son Dakika Haberler, En Son Haber","description":"","publisher":{"@id":"https:\/\/e-ciftlik.com\/haberler\/#organization"},"potentialAction":[{"@type":"SearchAction","target":{"@type":"EntryPoint","urlTemplate":"https:\/\/e-ciftlik.com\/haberler\/?s={search_term_string}"},"query-input":{"@type":"PropertyValueSpecification","valueRequired":true,"valueName":"search_term_string"}}],"inLanguage":"tr"},{"@type":"Organization","@id":"https:\/\/e-ciftlik.com\/haberler\/#organization","name":"E-\u00c7\u0130FTL\u0130K HABER","url":"https:\/\/e-ciftlik.com\/haberler\/","logo":{"@type":"ImageObject","inLanguage":"tr","@id":"https:\/\/e-ciftlik.com\/haberler\/#\/schema\/logo\/image\/","url":"https:\/\/e-ciftlik.com\/haberler\/wp-content\/uploads\/2024\/06\/cropped-cropped-favicon-1-2.png","contentUrl":"https:\/\/e-ciftlik.com\/haberler\/wp-content\/uploads\/2024\/06\/cropped-cropped-favicon-1-2.png","width":512,"height":512,"caption":"E-\u00c7\u0130FTL\u0130K HABER"},"image":{"@id":"https:\/\/e-ciftlik.com\/haberler\/#\/schema\/logo\/image\/"},"sameAs":["https:\/\/www.facebook.com\/eciftlikturkiye","https:\/\/x.com\/eciftlikresmi","https:\/\/www.instagram.com\/eciftlikresmi\/"]},{"@type":"Person","@id":"https:\/\/e-ciftlik.com\/haberler\/#\/schema\/person\/d2f4fee3143d7f72be82cb887d51b00a","name":"Haber Merkezi","image":{"@type":"ImageObject","inLanguage":"tr","@id":"https:\/\/secure.gravatar.com\/avatar\/6c27d641914e66c1d0452c92716002398782818991d86db1c2cccb531e7c7c82?s=96&d=mm&r=g","url":"https:\/\/secure.gravatar.com\/avatar\/6c27d641914e66c1d0452c92716002398782818991d86db1c2cccb531e7c7c82?s=96&d=mm&r=g","contentUrl":"https:\/\/secure.gravatar.com\/avatar\/6c27d641914e66c1d0452c92716002398782818991d86db1c2cccb531e7c7c82?s=96&d=mm&r=g","caption":"Haber Merkezi"},"sameAs":["http:\/\/e-ciftlik.com\/haberler"]}]}},"_links":{"self":[{"href":"https:\/\/e-ciftlik.com\/haberler\/wp-json\/wp\/v2\/posts\/3418","targetHints":{"allow":["GET"]}}],"collection":[{"href":"https:\/\/e-ciftlik.com\/haberler\/wp-json\/wp\/v2\/posts"}],"about":[{"href":"https:\/\/e-ciftlik.com\/haberler\/wp-json\/wp\/v2\/types\/post"}],"author":[{"embeddable":true,"href":"https:\/\/e-ciftlik.com\/haberler\/wp-json\/wp\/v2\/users\/1"}],"replies":[{"embeddable":true,"href":"https:\/\/e-ciftlik.com\/haberler\/wp-json\/wp\/v2\/comments?post=3418"}],"version-history":[{"count":1,"href":"https:\/\/e-ciftlik.com\/haberler\/wp-json\/wp\/v2\/posts\/3418\/revisions"}],"predecessor-version":[{"id":3541,"href":"https:\/\/e-ciftlik.com\/haberler\/wp-json\/wp\/v2\/posts\/3418\/revisions\/3541"}],"wp:featuredmedia":[{"embeddable":true,"href":"https:\/\/e-ciftlik.com\/haberler\/wp-json\/wp\/v2\/media\/3419"}],"wp:attachment":[{"href":"https:\/\/e-ciftlik.com\/haberler\/wp-json\/wp\/v2\/media?parent=3418"}],"wp:term":[{"taxonomy":"category","embeddable":true,"href":"https:\/\/e-ciftlik.com\/haberler\/wp-json\/wp\/v2\/categories?post=3418"},{"taxonomy":"post_tag","embeddable":true,"href":"https:\/\/e-ciftlik.com\/haberler\/wp-json\/wp\/v2\/tags?post=3418"}],"curies":[{"name":"wp","href":"https:\/\/api.w.org\/{rel}","templated":true}]}}