{"id":3420,"date":"2024-06-15T07:11:44","date_gmt":"2024-06-15T07:11:44","guid":{"rendered":"https:\/\/e-ciftlik.com\/haberler\/teknoloji\/van-bilisim-ve-inovasyon-zirvesi-buyuledi\/"},"modified":"2024-06-15T12:49:20","modified_gmt":"2024-06-15T12:49:20","slug":"van-bilisim-ve-inovasyon-zirvesi-buyuledi","status":"publish","type":"post","link":"https:\/\/e-ciftlik.com\/haberler\/teknoloji\/van-bilisim-ve-inovasyon-zirvesi-buyuledi\/","title":{"rendered":"Van Bili\u015fim ve \u0130novasyon Zirvesi B\u00fcy\u00fcledi!"},"content":{"rendered":"<p>Van Bili\u015fim ve \u0130novasyon Zirvesi, Anadolu&#8217;nun g\u00fczel co\u011frafyas\u0131ndan biri olan Van&#8217;da 7 Haziran Cuma g\u00fcn\u00fc ger\u00e7ekle\u015fti. Bu yo\u011fun kat\u0131l\u0131ml\u0131 etkinlik, \u00fclkemizin ve Do\u011fu&#8217;nun \u0130ncisi Van&#8217;da d\u00fczenlendi. Van&#8217;a yap\u0131lan bu zirve, olduk\u00e7a kapsaml\u0131 ve \u00f6nemliydi.<\/p>\n<p>Yurdumuzun cennet k\u00f6\u015fesi olarak adland\u0131r\u0131lan Van, zirve i\u00e7in m\u00fckemmel bir ev sahipli\u011fi yapt\u0131. \u015eehri ziyaret etmek, de\u011ferli insanlar\u0131yla tan\u0131\u015fmak ve \u015fehrin g\u00fczelliklerini ke\u015ffetmek b\u00fcy\u00fck bir keyif verdi. Van, \u00fc\u00e7 g\u00fcnl\u00fck bir s\u00fcre i\u00e7inde ke\u015ffedilecek \u00e7ok say\u0131da g\u00fczellik bar\u0131nd\u0131r\u0131yor.<\/p>\n<p>E\u011fer farkl\u0131 bir tatil deneyimi ar\u0131yorsan\u0131z ve g\u00fczel bir rotaya ihtiyac\u0131n\u0131z varsa, Van tam da arad\u0131\u011f\u0131n\u0131z yer olabilir. \u015eehir, muhte\u015fem do\u011fas\u0131 ve zengin k\u00fclt\u00fcr\u00fc ile ziyaret\u00e7ilerine unutulmaz anlar ya\u015fat\u0131yor. Tatil planlar\u0131n\u0131z\u0131 yaparken Van&#8217;\u0131 mutlaka g\u00f6z \u00f6n\u00fcnde bulundurman\u0131z\u0131 tavsiye ederiz.<\/p>\n","protected":false},"excerpt":{"rendered":"<p>Van Bili\u015fim ve \u0130novasyon Zirvesi, Anadolu&#8217;nun g\u00fczel co\u011frafyas\u0131ndan biri olan Van&#8217;da 7 Haziran Cuma g\u00fcn\u00fc&hellip;<\/p>\n","protected":false},"author":1,"featured_media":3421,"comment_status":"open","ping_status":"open","sticky":false,"template":"","format":"standard","meta":{"footnotes":""},"categories":[1],"tags":[],"class_list":["post-3420","post","type-post","status-publish","format-standard","has-post-thumbnail","hentry","category-teknoloji"],"yoast_head":"<!-- This site is optimized with the Yoast SEO Premium plugin v24.3 (Yoast SEO v27.4) - https:\/\/yoast.com\/product\/yoast-seo-premium-wordpress\/ -->\n<title>Van Bili\u015fim ve \u0130novasyon Zirvesi B\u00fcy\u00fcledi! - E-&Ccedil;\u0130FTL\u0130K HABER<\/title>\n<meta name=\"description\" content=\"Van Bili\u015fim ve \u0130novasyon Zirvesi, Anadolu&#039;nun g\u00fczel co\u011frafyas\u0131ndan biri olan Van&#039;da 7 Haziran Cuma g\u00fcn\u00fc ger\u00e7ekle\u015fti. Bu yo\u011fun kat\u0131l\u0131ml\u0131 etkinlik,\" \/>\n<meta name=\"robots\" content=\"index, follow, max-snippet:-1, max-image-preview:large, max-video-preview:-1\" \/>\n<link rel=\"canonical\" href=\"https:\/\/e-ciftlik.com\/haberler\/teknoloji\/van-bilisim-ve-inovasyon-zirvesi-buyuledi\/\" \/>\n<meta property=\"og:locale\" content=\"tr_TR\" \/>\n<meta property=\"og:type\" content=\"article\" \/>\n<meta property=\"og:title\" content=\"Van Bili\u015fim ve \u0130novasyon Zirvesi B\u00fcy\u00fcledi!\" \/>\n<meta property=\"og:description\" content=\"Van Bili\u015fim ve \u0130novasyon Zirvesi, Anadolu&#039;nun g\u00fczel co\u011frafyas\u0131ndan biri olan Van&#039;da 7 Haziran Cuma g\u00fcn\u00fc ger\u00e7ekle\u015fti. Bu yo\u011fun kat\u0131l\u0131ml\u0131 etkinlik,\" \/>\n<meta property=\"og:url\" content=\"https:\/\/e-ciftlik.com\/haberler\/teknoloji\/van-bilisim-ve-inovasyon-zirvesi-buyuledi\/\" \/>\n<meta property=\"og:site_name\" content=\"E-&Ccedil;\u0130FTL\u0130K HABER\" \/>\n<meta property=\"article:publisher\" content=\"https:\/\/www.facebook.com\/eciftlikturkiye\" \/>\n<meta property=\"article:published_time\" content=\"2024-06-15T07:11:44+00:00\" \/>\n<meta property=\"article:modified_time\" content=\"2024-06-15T12:49:20+00:00\" \/>\n<meta property=\"og:image\" content=\"https:\/\/e-ciftlik.com\/haberler\/wp-content\/uploads\/2024\/06\/s-9e7bf9d9812c8668f9bc833613c4e3596624b1ed.jpg\" \/>\n\t<meta property=\"og:image:width\" content=\"1200\" \/>\n\t<meta property=\"og:image:height\" content=\"675\" \/>\n\t<meta property=\"og:image:type\" content=\"image\/jpeg\" \/>\n<meta name=\"author\" content=\"Haber Merkezi\" \/>\n<meta name=\"twitter:card\" content=\"summary_large_image\" \/>\n<meta name=\"twitter:creator\" content=\"@eciftlikresmi\" \/>\n<meta name=\"twitter:site\" content=\"@eciftlikresmi\" \/>\n<meta name=\"twitter:label1\" content=\"Yazan:\" \/>\n\t<meta name=\"twitter:data1\" content=\"Haber Merkezi\" \/>\n\t<meta name=\"twitter:label2\" content=\"Tahmini okuma s\u00fcresi\" \/>\n\t<meta name=\"twitter:data2\" content=\"1 dakika\" \/>\n<script type=\"application\/ld+json\" class=\"yoast-schema-graph\">{\"@context\":\"https:\\\/\\\/schema.org\",\"@graph\":[{\"@type\":\"NewsArticle\",\"@id\":\"https:\\\/\\\/e-ciftlik.com\\\/haberler\\\/teknoloji\\\/van-bilisim-ve-inovasyon-zirvesi-buyuledi\\\/#article\",\"isPartOf\":{\"@id\":\"https:\\\/\\\/e-ciftlik.com\\\/haberler\\\/teknoloji\\\/van-bilisim-ve-inovasyon-zirvesi-buyuledi\\\/\"},\"author\":{\"name\":\"Haber Merkezi\",\"@id\":\"https:\\\/\\\/e-ciftlik.com\\\/haberler\\\/#\\\/schema\\\/person\\\/d2f4fee3143d7f72be82cb887d51b00a\"},\"headline\":\"Van Bili\u015fim ve \u0130novasyon Zirvesi B\u00fcy\u00fcledi!\",\"datePublished\":\"2024-06-15T07:11:44+00:00\",\"dateModified\":\"2024-06-15T12:49:20+00:00\",\"mainEntityOfPage\":{\"@id\":\"https:\\\/\\\/e-ciftlik.com\\\/haberler\\\/teknoloji\\\/van-bilisim-ve-inovasyon-zirvesi-buyuledi\\\/\"},\"wordCount\":180,\"commentCount\":0,\"publisher\":{\"@id\":\"https:\\\/\\\/e-ciftlik.com\\\/haberler\\\/#organization\"},\"image\":{\"@id\":\"https:\\\/\\\/e-ciftlik.com\\\/haberler\\\/teknoloji\\\/van-bilisim-ve-inovasyon-zirvesi-buyuledi\\\/#primaryimage\"},\"thumbnailUrl\":\"https:\\\/\\\/e-ciftlik.com\\\/haberler\\\/wp-content\\\/uploads\\\/2024\\\/06\\\/s-9e7bf9d9812c8668f9bc833613c4e3596624b1ed.jpg\",\"articleSection\":[\"Teknoloji\"],\"inLanguage\":\"tr\",\"potentialAction\":[{\"@type\":\"CommentAction\",\"name\":\"Comment\",\"target\":[\"https:\\\/\\\/e-ciftlik.com\\\/haberler\\\/teknoloji\\\/van-bilisim-ve-inovasyon-zirvesi-buyuledi\\\/#respond\"]}]},{\"@type\":\"WebPage\",\"@id\":\"https:\\\/\\\/e-ciftlik.com\\\/haberler\\\/teknoloji\\\/van-bilisim-ve-inovasyon-zirvesi-buyuledi\\\/\",\"url\":\"https:\\\/\\\/e-ciftlik.com\\\/haberler\\\/teknoloji\\\/van-bilisim-ve-inovasyon-zirvesi-buyuledi\\\/\",\"name\":\"Van Bili\u015fim ve \u0130novasyon Zirvesi B\u00fcy\u00fcledi! - E-&Ccedil;\u0130FTL\u0130K HABER\",\"isPartOf\":{\"@id\":\"https:\\\/\\\/e-ciftlik.com\\\/haberler\\\/#website\"},\"primaryImageOfPage\":{\"@id\":\"https:\\\/\\\/e-ciftlik.com\\\/haberler\\\/teknoloji\\\/van-bilisim-ve-inovasyon-zirvesi-buyuledi\\\/#primaryimage\"},\"image\":{\"@id\":\"https:\\\/\\\/e-ciftlik.com\\\/haberler\\\/teknoloji\\\/van-bilisim-ve-inovasyon-zirvesi-buyuledi\\\/#primaryimage\"},\"thumbnailUrl\":\"https:\\\/\\\/e-ciftlik.com\\\/haberler\\\/wp-content\\\/uploads\\\/2024\\\/06\\\/s-9e7bf9d9812c8668f9bc833613c4e3596624b1ed.jpg\",\"datePublished\":\"2024-06-15T07:11:44+00:00\",\"dateModified\":\"2024-06-15T12:49:20+00:00\",\"description\":\"Van Bili\u015fim ve \u0130novasyon Zirvesi, Anadolu'nun g\u00fczel co\u011frafyas\u0131ndan biri olan Van'da 7 Haziran Cuma g\u00fcn\u00fc ger\u00e7ekle\u015fti. Bu yo\u011fun kat\u0131l\u0131ml\u0131 etkinlik,\",\"breadcrumb\":{\"@id\":\"https:\\\/\\\/e-ciftlik.com\\\/haberler\\\/teknoloji\\\/van-bilisim-ve-inovasyon-zirvesi-buyuledi\\\/#breadcrumb\"},\"inLanguage\":\"tr\",\"potentialAction\":[{\"@type\":\"ReadAction\",\"target\":[\"https:\\\/\\\/e-ciftlik.com\\\/haberler\\\/teknoloji\\\/van-bilisim-ve-inovasyon-zirvesi-buyuledi\\\/\"]}]},{\"@type\":\"ImageObject\",\"inLanguage\":\"tr\",\"@id\":\"https:\\\/\\\/e-ciftlik.com\\\/haberler\\\/teknoloji\\\/van-bilisim-ve-inovasyon-zirvesi-buyuledi\\\/#primaryimage\",\"url\":\"https:\\\/\\\/e-ciftlik.com\\\/haberler\\\/wp-content\\\/uploads\\\/2024\\\/06\\\/s-9e7bf9d9812c8668f9bc833613c4e3596624b1ed.jpg\",\"contentUrl\":\"https:\\\/\\\/e-ciftlik.com\\\/haberler\\\/wp-content\\\/uploads\\\/2024\\\/06\\\/s-9e7bf9d9812c8668f9bc833613c4e3596624b1ed.jpg\",\"width\":1200,\"height\":675},{\"@type\":\"BreadcrumbList\",\"@id\":\"https:\\\/\\\/e-ciftlik.com\\\/haberler\\\/teknoloji\\\/van-bilisim-ve-inovasyon-zirvesi-buyuledi\\\/#breadcrumb\",\"itemListElement\":[{\"@type\":\"ListItem\",\"position\":1,\"name\":\"Anasayfa\",\"item\":\"https:\\\/\\\/e-ciftlik.com\\\/haberler\\\/\"},{\"@type\":\"ListItem\",\"position\":2,\"name\":\"Van Bili\u015fim ve \u0130novasyon Zirvesi B\u00fcy\u00fcledi!\"}]},{\"@type\":\"WebSite\",\"@id\":\"https:\\\/\\\/e-ciftlik.com\\\/haberler\\\/#website\",\"url\":\"https:\\\/\\\/e-ciftlik.com\\\/haberler\\\/\",\"name\":\"E-\u00c7iftlik Haber | G\u00fcncel, Son Dakika Haberler, En Son Haber\",\"description\":\"\",\"publisher\":{\"@id\":\"https:\\\/\\\/e-ciftlik.com\\\/haberler\\\/#organization\"},\"potentialAction\":[{\"@type\":\"SearchAction\",\"target\":{\"@type\":\"EntryPoint\",\"urlTemplate\":\"https:\\\/\\\/e-ciftlik.com\\\/haberler\\\/?s={search_term_string}\"},\"query-input\":{\"@type\":\"PropertyValueSpecification\",\"valueRequired\":true,\"valueName\":\"search_term_string\"}}],\"inLanguage\":\"tr\"},{\"@type\":\"Organization\",\"@id\":\"https:\\\/\\\/e-ciftlik.com\\\/haberler\\\/#organization\",\"name\":\"E-\u00c7\u0130FTL\u0130K HABER\",\"url\":\"https:\\\/\\\/e-ciftlik.com\\\/haberler\\\/\",\"logo\":{\"@type\":\"ImageObject\",\"inLanguage\":\"tr\",\"@id\":\"https:\\\/\\\/e-ciftlik.com\\\/haberler\\\/#\\\/schema\\\/logo\\\/image\\\/\",\"url\":\"https:\\\/\\\/e-ciftlik.com\\\/haberler\\\/wp-content\\\/uploads\\\/2024\\\/06\\\/cropped-cropped-favicon-1-2.png\",\"contentUrl\":\"https:\\\/\\\/e-ciftlik.com\\\/haberler\\\/wp-content\\\/uploads\\\/2024\\\/06\\\/cropped-cropped-favicon-1-2.png\",\"width\":512,\"height\":512,\"caption\":\"E-\u00c7\u0130FTL\u0130K HABER\"},\"image\":{\"@id\":\"https:\\\/\\\/e-ciftlik.com\\\/haberler\\\/#\\\/schema\\\/logo\\\/image\\\/\"},\"sameAs\":[\"https:\\\/\\\/www.facebook.com\\\/eciftlikturkiye\",\"https:\\\/\\\/x.com\\\/eciftlikresmi\",\"https:\\\/\\\/www.instagram.com\\\/eciftlikresmi\\\/\"]},{\"@type\":\"Person\",\"@id\":\"https:\\\/\\\/e-ciftlik.com\\\/haberler\\\/#\\\/schema\\\/person\\\/d2f4fee3143d7f72be82cb887d51b00a\",\"name\":\"Haber Merkezi\",\"image\":{\"@type\":\"ImageObject\",\"inLanguage\":\"tr\",\"@id\":\"https:\\\/\\\/secure.gravatar.com\\\/avatar\\\/6c27d641914e66c1d0452c92716002398782818991d86db1c2cccb531e7c7c82?s=96&d=mm&r=g\",\"url\":\"https:\\\/\\\/secure.gravatar.com\\\/avatar\\\/6c27d641914e66c1d0452c92716002398782818991d86db1c2cccb531e7c7c82?s=96&d=mm&r=g\",\"contentUrl\":\"https:\\\/\\\/secure.gravatar.com\\\/avatar\\\/6c27d641914e66c1d0452c92716002398782818991d86db1c2cccb531e7c7c82?s=96&d=mm&r=g\",\"caption\":\"Haber Merkezi\"},\"sameAs\":[\"http:\\\/\\\/e-ciftlik.com\\\/haberler\"]}]}<\/script>\n<!-- \/ Yoast SEO Premium plugin. -->","yoast_head_json":{"title":"Van Bili\u015fim ve \u0130novasyon Zirvesi B\u00fcy\u00fcledi! - E-&Ccedil;\u0130FTL\u0130K HABER","description":"Van Bili\u015fim ve \u0130novasyon Zirvesi, Anadolu'nun g\u00fczel co\u011frafyas\u0131ndan biri olan Van'da 7 Haziran Cuma g\u00fcn\u00fc ger\u00e7ekle\u015fti. Bu yo\u011fun kat\u0131l\u0131ml\u0131 etkinlik,","robots":{"index":"index","follow":"follow","max-snippet":"max-snippet:-1","max-image-preview":"max-image-preview:large","max-video-preview":"max-video-preview:-1"},"canonical":"https:\/\/e-ciftlik.com\/haberler\/teknoloji\/van-bilisim-ve-inovasyon-zirvesi-buyuledi\/","og_locale":"tr_TR","og_type":"article","og_title":"Van Bili\u015fim ve \u0130novasyon Zirvesi B\u00fcy\u00fcledi!","og_description":"Van Bili\u015fim ve \u0130novasyon Zirvesi, Anadolu'nun g\u00fczel co\u011frafyas\u0131ndan biri olan Van'da 7 Haziran Cuma g\u00fcn\u00fc ger\u00e7ekle\u015fti. Bu yo\u011fun kat\u0131l\u0131ml\u0131 etkinlik,","og_url":"https:\/\/e-ciftlik.com\/haberler\/teknoloji\/van-bilisim-ve-inovasyon-zirvesi-buyuledi\/","og_site_name":"E-&Ccedil;\u0130FTL\u0130K HABER","article_publisher":"https:\/\/www.facebook.com\/eciftlikturkiye","article_published_time":"2024-06-15T07:11:44+00:00","article_modified_time":"2024-06-15T12:49:20+00:00","og_image":[{"width":1200,"height":675,"url":"https:\/\/e-ciftlik.com\/haberler\/wp-content\/uploads\/2024\/06\/s-9e7bf9d9812c8668f9bc833613c4e3596624b1ed.jpg","type":"image\/jpeg"}],"author":"Haber Merkezi","twitter_card":"summary_large_image","twitter_creator":"@eciftlikresmi","twitter_site":"@eciftlikresmi","twitter_misc":{"Yazan:":"Haber Merkezi","Tahmini okuma s\u00fcresi":"1 dakika"},"schema":{"@context":"https:\/\/schema.org","@graph":[{"@type":"NewsArticle","@id":"https:\/\/e-ciftlik.com\/haberler\/teknoloji\/van-bilisim-ve-inovasyon-zirvesi-buyuledi\/#article","isPartOf":{"@id":"https:\/\/e-ciftlik.com\/haberler\/teknoloji\/van-bilisim-ve-inovasyon-zirvesi-buyuledi\/"},"author":{"name":"Haber Merkezi","@id":"https:\/\/e-ciftlik.com\/haberler\/#\/schema\/person\/d2f4fee3143d7f72be82cb887d51b00a"},"headline":"Van Bili\u015fim ve \u0130novasyon Zirvesi B\u00fcy\u00fcledi!","datePublished":"2024-06-15T07:11:44+00:00","dateModified":"2024-06-15T12:49:20+00:00","mainEntityOfPage":{"@id":"https:\/\/e-ciftlik.com\/haberler\/teknoloji\/van-bilisim-ve-inovasyon-zirvesi-buyuledi\/"},"wordCount":180,"commentCount":0,"publisher":{"@id":"https:\/\/e-ciftlik.com\/haberler\/#organization"},"image":{"@id":"https:\/\/e-ciftlik.com\/haberler\/teknoloji\/van-bilisim-ve-inovasyon-zirvesi-buyuledi\/#primaryimage"},"thumbnailUrl":"https:\/\/e-ciftlik.com\/haberler\/wp-content\/uploads\/2024\/06\/s-9e7bf9d9812c8668f9bc833613c4e3596624b1ed.jpg","articleSection":["Teknoloji"],"inLanguage":"tr","potentialAction":[{"@type":"CommentAction","name":"Comment","target":["https:\/\/e-ciftlik.com\/haberler\/teknoloji\/van-bilisim-ve-inovasyon-zirvesi-buyuledi\/#respond"]}]},{"@type":"WebPage","@id":"https:\/\/e-ciftlik.com\/haberler\/teknoloji\/van-bilisim-ve-inovasyon-zirvesi-buyuledi\/","url":"https:\/\/e-ciftlik.com\/haberler\/teknoloji\/van-bilisim-ve-inovasyon-zirvesi-buyuledi\/","name":"Van Bili\u015fim ve \u0130novasyon Zirvesi B\u00fcy\u00fcledi! - E-&Ccedil;\u0130FTL\u0130K HABER","isPartOf":{"@id":"https:\/\/e-ciftlik.com\/haberler\/#website"},"primaryImageOfPage":{"@id":"https:\/\/e-ciftlik.com\/haberler\/teknoloji\/van-bilisim-ve-inovasyon-zirvesi-buyuledi\/#primaryimage"},"image":{"@id":"https:\/\/e-ciftlik.com\/haberler\/teknoloji\/van-bilisim-ve-inovasyon-zirvesi-buyuledi\/#primaryimage"},"thumbnailUrl":"https:\/\/e-ciftlik.com\/haberler\/wp-content\/uploads\/2024\/06\/s-9e7bf9d9812c8668f9bc833613c4e3596624b1ed.jpg","datePublished":"2024-06-15T07:11:44+00:00","dateModified":"2024-06-15T12:49:20+00:00","description":"Van Bili\u015fim ve \u0130novasyon Zirvesi, Anadolu'nun g\u00fczel co\u011frafyas\u0131ndan biri olan Van'da 7 Haziran Cuma g\u00fcn\u00fc ger\u00e7ekle\u015fti. Bu yo\u011fun kat\u0131l\u0131ml\u0131 etkinlik,","breadcrumb":{"@id":"https:\/\/e-ciftlik.com\/haberler\/teknoloji\/van-bilisim-ve-inovasyon-zirvesi-buyuledi\/#breadcrumb"},"inLanguage":"tr","potentialAction":[{"@type":"ReadAction","target":["https:\/\/e-ciftlik.com\/haberler\/teknoloji\/van-bilisim-ve-inovasyon-zirvesi-buyuledi\/"]}]},{"@type":"ImageObject","inLanguage":"tr","@id":"https:\/\/e-ciftlik.com\/haberler\/teknoloji\/van-bilisim-ve-inovasyon-zirvesi-buyuledi\/#primaryimage","url":"https:\/\/e-ciftlik.com\/haberler\/wp-content\/uploads\/2024\/06\/s-9e7bf9d9812c8668f9bc833613c4e3596624b1ed.jpg","contentUrl":"https:\/\/e-ciftlik.com\/haberler\/wp-content\/uploads\/2024\/06\/s-9e7bf9d9812c8668f9bc833613c4e3596624b1ed.jpg","width":1200,"height":675},{"@type":"BreadcrumbList","@id":"https:\/\/e-ciftlik.com\/haberler\/teknoloji\/van-bilisim-ve-inovasyon-zirvesi-buyuledi\/#breadcrumb","itemListElement":[{"@type":"ListItem","position":1,"name":"Anasayfa","item":"https:\/\/e-ciftlik.com\/haberler\/"},{"@type":"ListItem","position":2,"name":"Van Bili\u015fim ve \u0130novasyon Zirvesi B\u00fcy\u00fcledi!"}]},{"@type":"WebSite","@id":"https:\/\/e-ciftlik.com\/haberler\/#website","url":"https:\/\/e-ciftlik.com\/haberler\/","name":"E-\u00c7iftlik Haber | G\u00fcncel, Son Dakika Haberler, En Son Haber","description":"","publisher":{"@id":"https:\/\/e-ciftlik.com\/haberler\/#organization"},"potentialAction":[{"@type":"SearchAction","target":{"@type":"EntryPoint","urlTemplate":"https:\/\/e-ciftlik.com\/haberler\/?s={search_term_string}"},"query-input":{"@type":"PropertyValueSpecification","valueRequired":true,"valueName":"search_term_string"}}],"inLanguage":"tr"},{"@type":"Organization","@id":"https:\/\/e-ciftlik.com\/haberler\/#organization","name":"E-\u00c7\u0130FTL\u0130K HABER","url":"https:\/\/e-ciftlik.com\/haberler\/","logo":{"@type":"ImageObject","inLanguage":"tr","@id":"https:\/\/e-ciftlik.com\/haberler\/#\/schema\/logo\/image\/","url":"https:\/\/e-ciftlik.com\/haberler\/wp-content\/uploads\/2024\/06\/cropped-cropped-favicon-1-2.png","contentUrl":"https:\/\/e-ciftlik.com\/haberler\/wp-content\/uploads\/2024\/06\/cropped-cropped-favicon-1-2.png","width":512,"height":512,"caption":"E-\u00c7\u0130FTL\u0130K HABER"},"image":{"@id":"https:\/\/e-ciftlik.com\/haberler\/#\/schema\/logo\/image\/"},"sameAs":["https:\/\/www.facebook.com\/eciftlikturkiye","https:\/\/x.com\/eciftlikresmi","https:\/\/www.instagram.com\/eciftlikresmi\/"]},{"@type":"Person","@id":"https:\/\/e-ciftlik.com\/haberler\/#\/schema\/person\/d2f4fee3143d7f72be82cb887d51b00a","name":"Haber Merkezi","image":{"@type":"ImageObject","inLanguage":"tr","@id":"https:\/\/secure.gravatar.com\/avatar\/6c27d641914e66c1d0452c92716002398782818991d86db1c2cccb531e7c7c82?s=96&d=mm&r=g","url":"https:\/\/secure.gravatar.com\/avatar\/6c27d641914e66c1d0452c92716002398782818991d86db1c2cccb531e7c7c82?s=96&d=mm&r=g","contentUrl":"https:\/\/secure.gravatar.com\/avatar\/6c27d641914e66c1d0452c92716002398782818991d86db1c2cccb531e7c7c82?s=96&d=mm&r=g","caption":"Haber Merkezi"},"sameAs":["http:\/\/e-ciftlik.com\/haberler"]}]}},"_links":{"self":[{"href":"https:\/\/e-ciftlik.com\/haberler\/wp-json\/wp\/v2\/posts\/3420","targetHints":{"allow":["GET"]}}],"collection":[{"href":"https:\/\/e-ciftlik.com\/haberler\/wp-json\/wp\/v2\/posts"}],"about":[{"href":"https:\/\/e-ciftlik.com\/haberler\/wp-json\/wp\/v2\/types\/post"}],"author":[{"embeddable":true,"href":"https:\/\/e-ciftlik.com\/haberler\/wp-json\/wp\/v2\/users\/1"}],"replies":[{"embeddable":true,"href":"https:\/\/e-ciftlik.com\/haberler\/wp-json\/wp\/v2\/comments?post=3420"}],"version-history":[{"count":1,"href":"https:\/\/e-ciftlik.com\/haberler\/wp-json\/wp\/v2\/posts\/3420\/revisions"}],"predecessor-version":[{"id":3540,"href":"https:\/\/e-ciftlik.com\/haberler\/wp-json\/wp\/v2\/posts\/3420\/revisions\/3540"}],"wp:featuredmedia":[{"embeddable":true,"href":"https:\/\/e-ciftlik.com\/haberler\/wp-json\/wp\/v2\/media\/3421"}],"wp:attachment":[{"href":"https:\/\/e-ciftlik.com\/haberler\/wp-json\/wp\/v2\/media?parent=3420"}],"wp:term":[{"taxonomy":"category","embeddable":true,"href":"https:\/\/e-ciftlik.com\/haberler\/wp-json\/wp\/v2\/categories?post=3420"},{"taxonomy":"post_tag","embeddable":true,"href":"https:\/\/e-ciftlik.com\/haberler\/wp-json\/wp\/v2\/tags?post=3420"}],"curies":[{"name":"wp","href":"https:\/\/api.w.org\/{rel}","templated":true}]}}