{"id":3610,"date":"2024-06-15T14:13:10","date_gmt":"2024-06-15T14:13:10","guid":{"rendered":"https:\/\/e-ciftlik.com\/haberler\/otomobil\/tesla-model-3-avrupa-fiyatlari-artabilir\/"},"modified":"2024-06-15T14:13:10","modified_gmt":"2024-06-15T14:13:10","slug":"tesla-model-3-avrupa-fiyatlari-artabilir","status":"publish","type":"post","link":"https:\/\/e-ciftlik.com\/haberler\/otomobil\/tesla-model-3-avrupa-fiyatlari-artabilir\/","title":{"rendered":"Tesla Model 3 Avrupa Fiyatlar\u0131 Artabilir"},"content":{"rendered":"<p>Tesla&#8217;n\u0131n, Avrupa Birli\u011fi (AB) Komisyonu&#8217;nun \u00c7in&#8217;de \u00fcretilen elektrikli ara\u00e7lara y\u00f6nelik ek vergi uygulanmas\u0131 karar\u0131 nedeniyle Model 3 arac\u0131n\u0131n Avrupa fiyatlar\u0131n\u0131 art\u0131rmas\u0131 bekleniyor.<\/p>\n<p>Son zamanlarda \u00c7inli otomobil \u00fcreticilerinin y\u00fckseli\u015fi, baz\u0131 \u00fclkeleri rahats\u0131z etmeye ba\u015flad\u0131. Avrupa Birli\u011fi (AB), \u00c7inli markalara ek vergiler getirerek bu y\u00fckseli\u015fi engellemek istiyor.<\/p>\n<p>Ge\u00e7ti\u011fimiz g\u00fcnlerde ABD Ba\u015fkan\u0131 Joe Biden, \u00c7inli elektrikli ara\u00e7lara uygulanan y\u00fczde 25\u2019lik vergiyi y\u00fczde 100\u2019e \u00e7\u0131karm\u0131\u015f ve baz\u0131 ek masraflar getirmi\u015fti. T\u00fcrkiye ve Avrupa Birli\u011fi de \u00c7inli markalara ek vergi uygulanmas\u0131na karar vermi\u015fti.<\/p>\n<p>AB&#8217;nin, \u00c7in&#8217;de \u00fcretilen elektrikli otomobillerin Birlik \u00fcyesi \u00fclkelere ithalat\u0131nda 4 Temmuz&#8217;dan itibaren y\u00fczde 38,1&#8217;e varan oranlarda ilave vergi getirmesinin yank\u0131lar\u0131 s\u00fcr\u00fcyor. S\u00f6z konusu karar Avrupa&#8217;daki b\u00fcy\u00fck otomobil \u00fcreticilerinden farkl\u0131 tepkiler al\u0131rken, \u00c7in&#8217;de \u00fcretim yapan ABD&#8217;li Tesla&#8217;n\u0131n da Avrupa fiyatlar\u0131nda art\u0131\u015fa gidebilece\u011fi belirtildi.<\/p>\n<p>Avrupa&#8217;da Tesla&#8217;n\u0131n internet sitesinde yer alan bildirimde, &#8220;\u0130thalattaki potansiyel vergi art\u0131\u015flar\u0131 nedeniyle Model 3&#8217;\u00fcn fiyat\u0131n\u0131n 1 Temmuz 2024&#8217;ten itibaren artmas\u0131 bekleniyor.&#8221; ifadesi yer ald\u0131.<\/p>\n<p>AB Komisyonu, 12 Haziran&#8217;da, \u00c7in&#8217;de \u00fcretilen elektrikli otomobillere sa\u011flanan s\u00fcbvansiyonlar nedeniyle ba\u015flat\u0131lan soru\u015fturma kapsam\u0131nda al\u0131nan ge\u00e7ici \u00f6nlemleri a\u00e7\u0131klam\u0131\u015ft\u0131. \u00c7inli yetkililerle yap\u0131lan g\u00f6r\u00fc\u015fmelerde etkili bir \u00e7\u00f6z\u00fcm sa\u011flanamamas\u0131 halinde bu ge\u00e7ici vergilerin 4 Temmuz&#8217;dan itibaren b\u00fct\u00fcn \u00fcye \u00fclke g\u00fcmr\u00fcklerince uygulanmaya ba\u015flanaca\u011f\u0131, ge\u00e7ici vergilerin daimi vergi karar\u0131 y\u00fcr\u00fcrl\u00fc\u011fe girene kadar da devam edece\u011fi bilgisi verildi.<\/p>\n<p>A\u00e7\u0131klamada, \u00c7in firmalar\u0131 aras\u0131nda yer alan BYD&#8217;ye y\u00fczde 17,4, Geely&#8217;e y\u00fczde 20, SAIC&#8217;e y\u00fczde 38,1 oran\u0131nda ilave vergi uygulanaca\u011f\u0131 belirtildi. Tesla&#8217;n\u0131n \u00c7in&#8217;de de \u00fcretim yapt\u0131\u011f\u0131 an\u0131msat\u0131lan a\u00e7\u0131klamada, bu firmaya bireysel olarak hesaplanacak bir vergi oran\u0131 uygulanabilece\u011fi, bu a\u015famada se\u00e7im yap\u0131lmayan ve \u00c7in&#8217;de \u00fcretim ger\u00e7ekle\u015ftiren di\u011fer \u015firketlerin de \u00f6zel durumlar\u0131n\u0131n de\u011ferlendirilmesinin talep edilebilece\u011fi bildirildi.<\/p>\n","protected":false},"excerpt":{"rendered":"<p>Tesla&#8217;n\u0131n, Avrupa Birli\u011fi (AB) Komisyonu&#8217;nun \u00c7in&#8217;de \u00fcretilen elektrikli ara\u00e7lara y\u00f6nelik ek vergi uygulanmas\u0131 karar\u0131 nedeniyle&hellip;<\/p>\n","protected":false},"author":1,"featured_media":3611,"comment_status":"open","ping_status":"open","sticky":false,"template":"","format":"standard","meta":{"footnotes":""},"categories":[5],"tags":[634,225,633,632,631],"class_list":["post-3610","post","type-post","status-publish","format-standard","has-post-thumbnail","hentry","category-otomobil","tag-artabilir","tag-avrupa","tag-fiyatlari","tag-model","tag-tesla"],"yoast_head":"<!-- This site is optimized with the Yoast SEO Premium plugin v24.3 (Yoast SEO v27.4) - https:\/\/yoast.com\/product\/yoast-seo-premium-wordpress\/ -->\n<title>Tesla Model 3 Avrupa Fiyatlar\u0131 Artabilir - E-&Ccedil;\u0130FTL\u0130K HABER<\/title>\n<meta name=\"description\" content=\"Tesla&#039;n\u0131n, Avrupa Birli\u011fi (AB) Komisyonu&#039;nun \u00c7in&#039;de \u00fcretilen elektrikli ara\u00e7lara y\u00f6nelik ek vergi uygulanmas\u0131 karar\u0131 nedeniyle Model 3 arac\u0131n\u0131n Avrupa\" \/>\n<meta name=\"robots\" content=\"index, follow, max-snippet:-1, max-image-preview:large, max-video-preview:-1\" \/>\n<link rel=\"canonical\" href=\"https:\/\/e-ciftlik.com\/haberler\/otomobil\/tesla-model-3-avrupa-fiyatlari-artabilir\/\" \/>\n<meta property=\"og:locale\" content=\"tr_TR\" \/>\n<meta property=\"og:type\" content=\"article\" \/>\n<meta property=\"og:title\" content=\"Tesla Model 3 Avrupa Fiyatlar\u0131 Artabilir\" \/>\n<meta property=\"og:description\" content=\"Tesla&#039;n\u0131n, Avrupa Birli\u011fi (AB) Komisyonu&#039;nun \u00c7in&#039;de \u00fcretilen elektrikli ara\u00e7lara y\u00f6nelik ek vergi uygulanmas\u0131 karar\u0131 nedeniyle Model 3 arac\u0131n\u0131n Avrupa\" \/>\n<meta property=\"og:url\" content=\"https:\/\/e-ciftlik.com\/haberler\/otomobil\/tesla-model-3-avrupa-fiyatlari-artabilir\/\" \/>\n<meta property=\"og:site_name\" content=\"E-&Ccedil;\u0130FTL\u0130K HABER\" \/>\n<meta property=\"article:publisher\" content=\"https:\/\/www.facebook.com\/eciftlikturkiye\" \/>\n<meta property=\"article:published_time\" content=\"2024-06-15T14:13:10+00:00\" \/>\n<meta property=\"og:image\" content=\"https:\/\/e-ciftlik.com\/haberler\/wp-content\/uploads\/2024\/06\/666bf96e2672f963.jpg\" \/>\n\t<meta property=\"og:image:width\" content=\"1200\" \/>\n\t<meta property=\"og:image:height\" content=\"675\" \/>\n\t<meta property=\"og:image:type\" content=\"image\/jpeg\" \/>\n<meta name=\"author\" content=\"Haber Merkezi\" \/>\n<meta name=\"twitter:card\" content=\"summary_large_image\" \/>\n<meta name=\"twitter:creator\" content=\"@eciftlikresmi\" \/>\n<meta name=\"twitter:site\" content=\"@eciftlikresmi\" \/>\n<meta name=\"twitter:label1\" content=\"Yazan:\" \/>\n\t<meta name=\"twitter:data1\" content=\"Haber Merkezi\" \/>\n\t<meta name=\"twitter:label2\" content=\"Tahmini okuma s\u00fcresi\" \/>\n\t<meta name=\"twitter:data2\" content=\"2 dakika\" \/>\n<script type=\"application\/ld+json\" class=\"yoast-schema-graph\">{\"@context\":\"https:\\\/\\\/schema.org\",\"@graph\":[{\"@type\":\"NewsArticle\",\"@id\":\"https:\\\/\\\/e-ciftlik.com\\\/haberler\\\/otomobil\\\/tesla-model-3-avrupa-fiyatlari-artabilir\\\/#article\",\"isPartOf\":{\"@id\":\"https:\\\/\\\/e-ciftlik.com\\\/haberler\\\/otomobil\\\/tesla-model-3-avrupa-fiyatlari-artabilir\\\/\"},\"author\":{\"name\":\"Haber Merkezi\",\"@id\":\"https:\\\/\\\/e-ciftlik.com\\\/haberler\\\/#\\\/schema\\\/person\\\/d2f4fee3143d7f72be82cb887d51b00a\"},\"headline\":\"Tesla Model 3 Avrupa Fiyatlar\u0131 Artabilir\",\"datePublished\":\"2024-06-15T14:13:10+00:00\",\"mainEntityOfPage\":{\"@id\":\"https:\\\/\\\/e-ciftlik.com\\\/haberler\\\/otomobil\\\/tesla-model-3-avrupa-fiyatlari-artabilir\\\/\"},\"wordCount\":358,\"commentCount\":0,\"publisher\":{\"@id\":\"https:\\\/\\\/e-ciftlik.com\\\/haberler\\\/#organization\"},\"image\":{\"@id\":\"https:\\\/\\\/e-ciftlik.com\\\/haberler\\\/otomobil\\\/tesla-model-3-avrupa-fiyatlari-artabilir\\\/#primaryimage\"},\"thumbnailUrl\":\"https:\\\/\\\/e-ciftlik.com\\\/haberler\\\/wp-content\\\/uploads\\\/2024\\\/06\\\/666bf96e2672f963.jpg\",\"keywords\":[\"Artabilir\",\"Avrupa\",\"Fiyatlar\u0131\",\"Model\",\"Tesla\"],\"articleSection\":[\"Otomobil\"],\"inLanguage\":\"tr\",\"potentialAction\":[{\"@type\":\"CommentAction\",\"name\":\"Comment\",\"target\":[\"https:\\\/\\\/e-ciftlik.com\\\/haberler\\\/otomobil\\\/tesla-model-3-avrupa-fiyatlari-artabilir\\\/#respond\"]}]},{\"@type\":\"WebPage\",\"@id\":\"https:\\\/\\\/e-ciftlik.com\\\/haberler\\\/otomobil\\\/tesla-model-3-avrupa-fiyatlari-artabilir\\\/\",\"url\":\"https:\\\/\\\/e-ciftlik.com\\\/haberler\\\/otomobil\\\/tesla-model-3-avrupa-fiyatlari-artabilir\\\/\",\"name\":\"Tesla Model 3 Avrupa Fiyatlar\u0131 Artabilir - E-&Ccedil;\u0130FTL\u0130K HABER\",\"isPartOf\":{\"@id\":\"https:\\\/\\\/e-ciftlik.com\\\/haberler\\\/#website\"},\"primaryImageOfPage\":{\"@id\":\"https:\\\/\\\/e-ciftlik.com\\\/haberler\\\/otomobil\\\/tesla-model-3-avrupa-fiyatlari-artabilir\\\/#primaryimage\"},\"image\":{\"@id\":\"https:\\\/\\\/e-ciftlik.com\\\/haberler\\\/otomobil\\\/tesla-model-3-avrupa-fiyatlari-artabilir\\\/#primaryimage\"},\"thumbnailUrl\":\"https:\\\/\\\/e-ciftlik.com\\\/haberler\\\/wp-content\\\/uploads\\\/2024\\\/06\\\/666bf96e2672f963.jpg\",\"datePublished\":\"2024-06-15T14:13:10+00:00\",\"description\":\"Tesla'n\u0131n, Avrupa Birli\u011fi (AB) Komisyonu'nun \u00c7in'de \u00fcretilen elektrikli ara\u00e7lara y\u00f6nelik ek vergi uygulanmas\u0131 karar\u0131 nedeniyle Model 3 arac\u0131n\u0131n Avrupa\",\"breadcrumb\":{\"@id\":\"https:\\\/\\\/e-ciftlik.com\\\/haberler\\\/otomobil\\\/tesla-model-3-avrupa-fiyatlari-artabilir\\\/#breadcrumb\"},\"inLanguage\":\"tr\",\"potentialAction\":[{\"@type\":\"ReadAction\",\"target\":[\"https:\\\/\\\/e-ciftlik.com\\\/haberler\\\/otomobil\\\/tesla-model-3-avrupa-fiyatlari-artabilir\\\/\"]}]},{\"@type\":\"ImageObject\",\"inLanguage\":\"tr\",\"@id\":\"https:\\\/\\\/e-ciftlik.com\\\/haberler\\\/otomobil\\\/tesla-model-3-avrupa-fiyatlari-artabilir\\\/#primaryimage\",\"url\":\"https:\\\/\\\/e-ciftlik.com\\\/haberler\\\/wp-content\\\/uploads\\\/2024\\\/06\\\/666bf96e2672f963.jpg\",\"contentUrl\":\"https:\\\/\\\/e-ciftlik.com\\\/haberler\\\/wp-content\\\/uploads\\\/2024\\\/06\\\/666bf96e2672f963.jpg\",\"width\":1200,\"height\":675},{\"@type\":\"BreadcrumbList\",\"@id\":\"https:\\\/\\\/e-ciftlik.com\\\/haberler\\\/otomobil\\\/tesla-model-3-avrupa-fiyatlari-artabilir\\\/#breadcrumb\",\"itemListElement\":[{\"@type\":\"ListItem\",\"position\":1,\"name\":\"Anasayfa\",\"item\":\"https:\\\/\\\/e-ciftlik.com\\\/haberler\\\/\"},{\"@type\":\"ListItem\",\"position\":2,\"name\":\"Tesla Model 3 Avrupa Fiyatlar\u0131 Artabilir\"}]},{\"@type\":\"WebSite\",\"@id\":\"https:\\\/\\\/e-ciftlik.com\\\/haberler\\\/#website\",\"url\":\"https:\\\/\\\/e-ciftlik.com\\\/haberler\\\/\",\"name\":\"E-\u00c7iftlik Haber | G\u00fcncel, Son Dakika Haberler, En Son Haber\",\"description\":\"\",\"publisher\":{\"@id\":\"https:\\\/\\\/e-ciftlik.com\\\/haberler\\\/#organization\"},\"potentialAction\":[{\"@type\":\"SearchAction\",\"target\":{\"@type\":\"EntryPoint\",\"urlTemplate\":\"https:\\\/\\\/e-ciftlik.com\\\/haberler\\\/?s={search_term_string}\"},\"query-input\":{\"@type\":\"PropertyValueSpecification\",\"valueRequired\":true,\"valueName\":\"search_term_string\"}}],\"inLanguage\":\"tr\"},{\"@type\":\"Organization\",\"@id\":\"https:\\\/\\\/e-ciftlik.com\\\/haberler\\\/#organization\",\"name\":\"E-\u00c7\u0130FTL\u0130K HABER\",\"url\":\"https:\\\/\\\/e-ciftlik.com\\\/haberler\\\/\",\"logo\":{\"@type\":\"ImageObject\",\"inLanguage\":\"tr\",\"@id\":\"https:\\\/\\\/e-ciftlik.com\\\/haberler\\\/#\\\/schema\\\/logo\\\/image\\\/\",\"url\":\"https:\\\/\\\/e-ciftlik.com\\\/haberler\\\/wp-content\\\/uploads\\\/2024\\\/06\\\/cropped-cropped-favicon-1-2.png\",\"contentUrl\":\"https:\\\/\\\/e-ciftlik.com\\\/haberler\\\/wp-content\\\/uploads\\\/2024\\\/06\\\/cropped-cropped-favicon-1-2.png\",\"width\":512,\"height\":512,\"caption\":\"E-\u00c7\u0130FTL\u0130K HABER\"},\"image\":{\"@id\":\"https:\\\/\\\/e-ciftlik.com\\\/haberler\\\/#\\\/schema\\\/logo\\\/image\\\/\"},\"sameAs\":[\"https:\\\/\\\/www.facebook.com\\\/eciftlikturkiye\",\"https:\\\/\\\/x.com\\\/eciftlikresmi\",\"https:\\\/\\\/www.instagram.com\\\/eciftlikresmi\\\/\"]},{\"@type\":\"Person\",\"@id\":\"https:\\\/\\\/e-ciftlik.com\\\/haberler\\\/#\\\/schema\\\/person\\\/d2f4fee3143d7f72be82cb887d51b00a\",\"name\":\"Haber Merkezi\",\"image\":{\"@type\":\"ImageObject\",\"inLanguage\":\"tr\",\"@id\":\"https:\\\/\\\/secure.gravatar.com\\\/avatar\\\/6c27d641914e66c1d0452c92716002398782818991d86db1c2cccb531e7c7c82?s=96&d=mm&r=g\",\"url\":\"https:\\\/\\\/secure.gravatar.com\\\/avatar\\\/6c27d641914e66c1d0452c92716002398782818991d86db1c2cccb531e7c7c82?s=96&d=mm&r=g\",\"contentUrl\":\"https:\\\/\\\/secure.gravatar.com\\\/avatar\\\/6c27d641914e66c1d0452c92716002398782818991d86db1c2cccb531e7c7c82?s=96&d=mm&r=g\",\"caption\":\"Haber Merkezi\"},\"sameAs\":[\"http:\\\/\\\/e-ciftlik.com\\\/haberler\"]}]}<\/script>\n<!-- \/ Yoast SEO Premium plugin. -->","yoast_head_json":{"title":"Tesla Model 3 Avrupa Fiyatlar\u0131 Artabilir - E-&Ccedil;\u0130FTL\u0130K HABER","description":"Tesla'n\u0131n, Avrupa Birli\u011fi (AB) Komisyonu'nun \u00c7in'de \u00fcretilen elektrikli ara\u00e7lara y\u00f6nelik ek vergi uygulanmas\u0131 karar\u0131 nedeniyle Model 3 arac\u0131n\u0131n Avrupa","robots":{"index":"index","follow":"follow","max-snippet":"max-snippet:-1","max-image-preview":"max-image-preview:large","max-video-preview":"max-video-preview:-1"},"canonical":"https:\/\/e-ciftlik.com\/haberler\/otomobil\/tesla-model-3-avrupa-fiyatlari-artabilir\/","og_locale":"tr_TR","og_type":"article","og_title":"Tesla Model 3 Avrupa Fiyatlar\u0131 Artabilir","og_description":"Tesla'n\u0131n, Avrupa Birli\u011fi (AB) Komisyonu'nun \u00c7in'de \u00fcretilen elektrikli ara\u00e7lara y\u00f6nelik ek vergi uygulanmas\u0131 karar\u0131 nedeniyle Model 3 arac\u0131n\u0131n Avrupa","og_url":"https:\/\/e-ciftlik.com\/haberler\/otomobil\/tesla-model-3-avrupa-fiyatlari-artabilir\/","og_site_name":"E-&Ccedil;\u0130FTL\u0130K HABER","article_publisher":"https:\/\/www.facebook.com\/eciftlikturkiye","article_published_time":"2024-06-15T14:13:10+00:00","og_image":[{"width":1200,"height":675,"url":"https:\/\/e-ciftlik.com\/haberler\/wp-content\/uploads\/2024\/06\/666bf96e2672f963.jpg","type":"image\/jpeg"}],"author":"Haber Merkezi","twitter_card":"summary_large_image","twitter_creator":"@eciftlikresmi","twitter_site":"@eciftlikresmi","twitter_misc":{"Yazan:":"Haber Merkezi","Tahmini okuma s\u00fcresi":"2 dakika"},"schema":{"@context":"https:\/\/schema.org","@graph":[{"@type":"NewsArticle","@id":"https:\/\/e-ciftlik.com\/haberler\/otomobil\/tesla-model-3-avrupa-fiyatlari-artabilir\/#article","isPartOf":{"@id":"https:\/\/e-ciftlik.com\/haberler\/otomobil\/tesla-model-3-avrupa-fiyatlari-artabilir\/"},"author":{"name":"Haber Merkezi","@id":"https:\/\/e-ciftlik.com\/haberler\/#\/schema\/person\/d2f4fee3143d7f72be82cb887d51b00a"},"headline":"Tesla Model 3 Avrupa Fiyatlar\u0131 Artabilir","datePublished":"2024-06-15T14:13:10+00:00","mainEntityOfPage":{"@id":"https:\/\/e-ciftlik.com\/haberler\/otomobil\/tesla-model-3-avrupa-fiyatlari-artabilir\/"},"wordCount":358,"commentCount":0,"publisher":{"@id":"https:\/\/e-ciftlik.com\/haberler\/#organization"},"image":{"@id":"https:\/\/e-ciftlik.com\/haberler\/otomobil\/tesla-model-3-avrupa-fiyatlari-artabilir\/#primaryimage"},"thumbnailUrl":"https:\/\/e-ciftlik.com\/haberler\/wp-content\/uploads\/2024\/06\/666bf96e2672f963.jpg","keywords":["Artabilir","Avrupa","Fiyatlar\u0131","Model","Tesla"],"articleSection":["Otomobil"],"inLanguage":"tr","potentialAction":[{"@type":"CommentAction","name":"Comment","target":["https:\/\/e-ciftlik.com\/haberler\/otomobil\/tesla-model-3-avrupa-fiyatlari-artabilir\/#respond"]}]},{"@type":"WebPage","@id":"https:\/\/e-ciftlik.com\/haberler\/otomobil\/tesla-model-3-avrupa-fiyatlari-artabilir\/","url":"https:\/\/e-ciftlik.com\/haberler\/otomobil\/tesla-model-3-avrupa-fiyatlari-artabilir\/","name":"Tesla Model 3 Avrupa Fiyatlar\u0131 Artabilir - E-&Ccedil;\u0130FTL\u0130K HABER","isPartOf":{"@id":"https:\/\/e-ciftlik.com\/haberler\/#website"},"primaryImageOfPage":{"@id":"https:\/\/e-ciftlik.com\/haberler\/otomobil\/tesla-model-3-avrupa-fiyatlari-artabilir\/#primaryimage"},"image":{"@id":"https:\/\/e-ciftlik.com\/haberler\/otomobil\/tesla-model-3-avrupa-fiyatlari-artabilir\/#primaryimage"},"thumbnailUrl":"https:\/\/e-ciftlik.com\/haberler\/wp-content\/uploads\/2024\/06\/666bf96e2672f963.jpg","datePublished":"2024-06-15T14:13:10+00:00","description":"Tesla'n\u0131n, Avrupa Birli\u011fi (AB) Komisyonu'nun \u00c7in'de \u00fcretilen elektrikli ara\u00e7lara y\u00f6nelik ek vergi uygulanmas\u0131 karar\u0131 nedeniyle Model 3 arac\u0131n\u0131n Avrupa","breadcrumb":{"@id":"https:\/\/e-ciftlik.com\/haberler\/otomobil\/tesla-model-3-avrupa-fiyatlari-artabilir\/#breadcrumb"},"inLanguage":"tr","potentialAction":[{"@type":"ReadAction","target":["https:\/\/e-ciftlik.com\/haberler\/otomobil\/tesla-model-3-avrupa-fiyatlari-artabilir\/"]}]},{"@type":"ImageObject","inLanguage":"tr","@id":"https:\/\/e-ciftlik.com\/haberler\/otomobil\/tesla-model-3-avrupa-fiyatlari-artabilir\/#primaryimage","url":"https:\/\/e-ciftlik.com\/haberler\/wp-content\/uploads\/2024\/06\/666bf96e2672f963.jpg","contentUrl":"https:\/\/e-ciftlik.com\/haberler\/wp-content\/uploads\/2024\/06\/666bf96e2672f963.jpg","width":1200,"height":675},{"@type":"BreadcrumbList","@id":"https:\/\/e-ciftlik.com\/haberler\/otomobil\/tesla-model-3-avrupa-fiyatlari-artabilir\/#breadcrumb","itemListElement":[{"@type":"ListItem","position":1,"name":"Anasayfa","item":"https:\/\/e-ciftlik.com\/haberler\/"},{"@type":"ListItem","position":2,"name":"Tesla Model 3 Avrupa Fiyatlar\u0131 Artabilir"}]},{"@type":"WebSite","@id":"https:\/\/e-ciftlik.com\/haberler\/#website","url":"https:\/\/e-ciftlik.com\/haberler\/","name":"E-\u00c7iftlik Haber | G\u00fcncel, Son Dakika Haberler, En Son Haber","description":"","publisher":{"@id":"https:\/\/e-ciftlik.com\/haberler\/#organization"},"potentialAction":[{"@type":"SearchAction","target":{"@type":"EntryPoint","urlTemplate":"https:\/\/e-ciftlik.com\/haberler\/?s={search_term_string}"},"query-input":{"@type":"PropertyValueSpecification","valueRequired":true,"valueName":"search_term_string"}}],"inLanguage":"tr"},{"@type":"Organization","@id":"https:\/\/e-ciftlik.com\/haberler\/#organization","name":"E-\u00c7\u0130FTL\u0130K HABER","url":"https:\/\/e-ciftlik.com\/haberler\/","logo":{"@type":"ImageObject","inLanguage":"tr","@id":"https:\/\/e-ciftlik.com\/haberler\/#\/schema\/logo\/image\/","url":"https:\/\/e-ciftlik.com\/haberler\/wp-content\/uploads\/2024\/06\/cropped-cropped-favicon-1-2.png","contentUrl":"https:\/\/e-ciftlik.com\/haberler\/wp-content\/uploads\/2024\/06\/cropped-cropped-favicon-1-2.png","width":512,"height":512,"caption":"E-\u00c7\u0130FTL\u0130K HABER"},"image":{"@id":"https:\/\/e-ciftlik.com\/haberler\/#\/schema\/logo\/image\/"},"sameAs":["https:\/\/www.facebook.com\/eciftlikturkiye","https:\/\/x.com\/eciftlikresmi","https:\/\/www.instagram.com\/eciftlikresmi\/"]},{"@type":"Person","@id":"https:\/\/e-ciftlik.com\/haberler\/#\/schema\/person\/d2f4fee3143d7f72be82cb887d51b00a","name":"Haber Merkezi","image":{"@type":"ImageObject","inLanguage":"tr","@id":"https:\/\/secure.gravatar.com\/avatar\/6c27d641914e66c1d0452c92716002398782818991d86db1c2cccb531e7c7c82?s=96&d=mm&r=g","url":"https:\/\/secure.gravatar.com\/avatar\/6c27d641914e66c1d0452c92716002398782818991d86db1c2cccb531e7c7c82?s=96&d=mm&r=g","contentUrl":"https:\/\/secure.gravatar.com\/avatar\/6c27d641914e66c1d0452c92716002398782818991d86db1c2cccb531e7c7c82?s=96&d=mm&r=g","caption":"Haber Merkezi"},"sameAs":["http:\/\/e-ciftlik.com\/haberler"]}]}},"_links":{"self":[{"href":"https:\/\/e-ciftlik.com\/haberler\/wp-json\/wp\/v2\/posts\/3610","targetHints":{"allow":["GET"]}}],"collection":[{"href":"https:\/\/e-ciftlik.com\/haberler\/wp-json\/wp\/v2\/posts"}],"about":[{"href":"https:\/\/e-ciftlik.com\/haberler\/wp-json\/wp\/v2\/types\/post"}],"author":[{"embeddable":true,"href":"https:\/\/e-ciftlik.com\/haberler\/wp-json\/wp\/v2\/users\/1"}],"replies":[{"embeddable":true,"href":"https:\/\/e-ciftlik.com\/haberler\/wp-json\/wp\/v2\/comments?post=3610"}],"version-history":[{"count":0,"href":"https:\/\/e-ciftlik.com\/haberler\/wp-json\/wp\/v2\/posts\/3610\/revisions"}],"wp:featuredmedia":[{"embeddable":true,"href":"https:\/\/e-ciftlik.com\/haberler\/wp-json\/wp\/v2\/media\/3611"}],"wp:attachment":[{"href":"https:\/\/e-ciftlik.com\/haberler\/wp-json\/wp\/v2\/media?parent=3610"}],"wp:term":[{"taxonomy":"category","embeddable":true,"href":"https:\/\/e-ciftlik.com\/haberler\/wp-json\/wp\/v2\/categories?post=3610"},{"taxonomy":"post_tag","embeddable":true,"href":"https:\/\/e-ciftlik.com\/haberler\/wp-json\/wp\/v2\/tags?post=3610"}],"curies":[{"name":"wp","href":"https:\/\/api.w.org\/{rel}","templated":true}]}}