{"id":3614,"date":"2024-06-15T14:22:16","date_gmt":"2024-06-15T14:22:16","guid":{"rendered":"https:\/\/e-ciftlik.com\/haberler\/seyahat\/ispanya-basbakani-uluslararasi-toplum-israile-baski-yapmali\/"},"modified":"2024-06-15T14:22:16","modified_gmt":"2024-06-15T14:22:16","slug":"ispanya-basbakani-uluslararasi-toplum-israile-baski-yapmali","status":"publish","type":"post","link":"https:\/\/e-ciftlik.com\/haberler\/seyahat\/ispanya-basbakani-uluslararasi-toplum-israile-baski-yapmali\/","title":{"rendered":"\u0130spanya Ba\u015fbakan\u0131: Uluslararas\u0131 Toplum \u0130srail&#8217;e Bask\u0131 Yapmal\u0131"},"content":{"rendered":"<p>\u0130spanya Ba\u015fbakan\u0131 Pedro Sanchez, uluslararas\u0131 toplumun \u0130srail\u2019e Gazze&#8217;deki bombalamalar\u0131n hesab\u0131n\u0131 sormas\u0131 gerekti\u011fini belirterek, Netanyahu \u00fczerindeki bask\u0131n\u0131n artt\u0131r\u0131lmas\u0131 i\u00e7in \u00e7a\u011fr\u0131da bulundu.<\/p>\n<p>Filistin&#8217;e verdi\u011fi destek nedeniyle \u0130spanya Ba\u015fbakan\u0131 Pedro Sanchez \u00e7ar\u015famba g\u00fcn\u00fc yerel medyaya verdi\u011fi r\u00f6portajda, uluslararas\u0131 toplumun Gazze&#8217;de devam eden \u00e7at\u0131\u015fmalar\u0131 &quot;kesin olarak&quot; bitirmek i\u00e7in \u0130srail h\u00fck\u00fcmetine ve Ba\u015fbakan Binyamin Netanyahu&#8217;ya &quot;daha fazla bask\u0131&quot; yapmas\u0131n\u0131n \u00e7ok \u00f6nemli oldu\u011funu s\u00f6yledi.<\/p>\n<p>Avrupa Parlamentosu (AP) se\u00e7imlerinde partisinin kazand\u0131\u011f\u0131 ba\u015far\u0131n\u0131n ard\u0131ndan ger\u00e7ekle\u015ftirdi\u011fi ilk r\u00f6portajda Sanchez, G\u00fcney Afrika h\u00fck\u00fcmeti taraf\u0131ndan Uluslararas\u0131 Adalet Divan\u0131&#8217;nda (UAD) \u0130srail&#8217;e kar\u015f\u0131 a\u00e7\u0131lan davaya G\u00fcney Avrupa&#8217;n\u0131n da kat\u0131ld\u0131\u011f\u0131n\u0131 belirtti.<\/p>\n<p>Ocak ay\u0131nda mahkeme, \u0130srail&#8217;in Gazze&#8217;de &quot;soyk\u0131r\u0131m\u0131 \u00f6nlemek i\u00e7in&quot; tedbir almas\u0131na h\u00fckmetmi\u015fti.<\/p>\n<p>Sanchez, \u0130spanyol Entrevista haber program\u0131na verdi\u011fi r\u00f6portajda, &quot;Bunun soyk\u0131r\u0131m olup olmad\u0131\u011f\u0131n\u0131 s\u00f6ylemek elbette bana d\u00fc\u015fmez ancak her hal\u00fckarda Netanyahu h\u00fck\u00fcmetinin uluslararas\u0131 insanc\u0131l hukuka sayg\u0131 g\u00f6sterdi\u011fine dair ciddi \u015f\u00fcphelerim oldu\u011fu konusunda sizi temin edebilirim,&quot; dedi.<\/p>\n<p>Solcu siyaset\u00e7i, \u0130srail&#8217;in Birle\u015fmi\u015f Milletler G\u00fcvenlik Konseyi&#8217;nin baz\u0131 kararlar\u0131na ve UAD savc\u0131s\u0131n\u0131n &quot;bombalamalar\u0131 ve Refah&#8217;taki askeri m\u00fcdahaleyi durdurmak i\u00e7in&quot; ald\u0131\u011f\u0131 ihtiyati tedbirlere uymad\u0131\u011f\u0131na inand\u0131\u011f\u0131n\u0131 s\u00f6yledi. &quot;Ne yaz\u0131k ki Netanyahu h\u00fck\u00fcmetinden bunu g\u00f6remiyoruz.&quot;<\/p>\n<p>\u201cBu nedenle, bu sava\u015f\u0131n kesin olarak sona ermesi i\u00e7in uluslararas\u0131 toplumdan daha fazla bask\u0131 gelmesinin \u00e7ok \u00f6nemli oldu\u011funa inan\u0131yorum. \u0130spanyol h\u00fck\u00fcmetinin pozisyonu budur&quot; diye ekledi.<\/p>\n<p>May\u0131s ay\u0131nda Sanchez, Filistin devletini resmen tan\u0131yaca\u011f\u0131n\u0131 a\u00e7\u0131klam\u0131\u015ft\u0131. \u0130spanya&#8217;n\u0131n ard\u0131ndan \u0130rlanda ve Norve\u00e7 de Filistin devletini tan\u0131d\u0131klar\u0131n\u0131 duyurmu\u015ftu.<\/p>\n<p><strong>AP&#8217;deki ba\u015far\u0131n\u0131n ard\u0131ndan ilk r\u00f6portaj<\/strong><\/p>\n<p>S\u00f6z konusu a\u00e7\u0131klamalar, Sosyalist Parti&#8217;nin hafta sonu yap\u0131lan AP se\u00e7imlerinden zaferle \u00e7\u0131kmas\u0131n\u0131n ard\u0131ndan liderin verdi\u011fi ilk \u00f6nemli r\u00f6portajda yer ald\u0131.<\/p>\n<p>Di\u011fer AB \u00fclkelerindeki iktidar partilerinin \u00e7o\u011fu AP se\u00e7imlerinde oy kaybederken, Sanchez&#8217;in sol grubu \u00fclkeye tahsis edilen 61 sandalyeden 20&#8217;sini elde etmeyi ba\u015fard\u0131. Ancak parti en fazla halk deste\u011fini toplayamad\u0131 &#8211; sa\u011fc\u0131 Halk Partisi 22 sandalye ile aslan pay\u0131n\u0131 ald\u0131.<\/p>\n<p>A\u015f\u0131r\u0131 sa\u011fc\u0131 Vox partisi bir \u00f6nceki yasama d\u00f6neminde d\u00f6rt olan milletvekili say\u0131s\u0131n\u0131 alt\u0131ya \u00e7\u0131kararak \u00fc\u00e7\u00fcnc\u00fc olurken, yeni a\u015f\u0131r\u0131 sa\u011fc\u0131 parti &quot;Se Acabo la Fiesta&quot; (SALF) AP \u00fc\u00e7 sandalye ile girecek.<\/p>\n<p>Sanchez bu durumu ise &quot;Ne yaz\u0131k ki \u0130spanya&#8217;da bir de\u011fil iki a\u015f\u0131r\u0131 sa\u011f\u0131m\u0131z var&quot; s\u00f6zleriyle ele\u015ftirdi.<\/p>\n","protected":false},"excerpt":{"rendered":"<p>\u0130spanya Ba\u015fbakan\u0131 Pedro Sanchez, uluslararas\u0131 toplumun \u0130srail\u2019e Gazze&#8217;deki bombalamalar\u0131n hesab\u0131n\u0131 sormas\u0131 gerekti\u011fini belirterek, Netanyahu \u00fczerindeki&hellip;<\/p>\n","protected":false},"author":1,"featured_media":3615,"comment_status":"open","ping_status":"open","sticky":false,"template":"","format":"standard","meta":{"footnotes":""},"categories":[14],"tags":[],"class_list":["post-3614","post","type-post","status-publish","format-standard","has-post-thumbnail","hentry","category-seyahat"],"yoast_head":"<!-- This site is optimized with the Yoast SEO Premium plugin v24.3 (Yoast SEO v27.4) - https:\/\/yoast.com\/product\/yoast-seo-premium-wordpress\/ -->\n<title>\u0130spanya Ba\u015fbakan\u0131: Uluslararas\u0131 Toplum \u0130srail&#039;e Bask\u0131 Yapmal\u0131 - E-&Ccedil;\u0130FTL\u0130K HABER<\/title>\n<meta name=\"description\" content=\"\u0130spanya Ba\u015fbakan\u0131 Pedro Sanchez, uluslararas\u0131 toplumun \u0130srail\u2019e Gazze&#039;deki bombalamalar\u0131n hesab\u0131n\u0131 sormas\u0131 gerekti\u011fini belirterek, Netanyahu \u00fczerindeki\" \/>\n<meta name=\"robots\" content=\"index, follow, max-snippet:-1, max-image-preview:large, max-video-preview:-1\" \/>\n<link rel=\"canonical\" href=\"https:\/\/e-ciftlik.com\/haberler\/seyahat\/ispanya-basbakani-uluslararasi-toplum-israile-baski-yapmali\/\" \/>\n<meta property=\"og:locale\" content=\"tr_TR\" \/>\n<meta property=\"og:type\" content=\"article\" \/>\n<meta property=\"og:title\" content=\"\u0130spanya Ba\u015fbakan\u0131: Uluslararas\u0131 Toplum \u0130srail&#039;e Bask\u0131 Yapmal\u0131\" \/>\n<meta property=\"og:description\" content=\"\u0130spanya Ba\u015fbakan\u0131 Pedro Sanchez, uluslararas\u0131 toplumun \u0130srail\u2019e Gazze&#039;deki bombalamalar\u0131n hesab\u0131n\u0131 sormas\u0131 gerekti\u011fini belirterek, Netanyahu \u00fczerindeki\" \/>\n<meta property=\"og:url\" content=\"https:\/\/e-ciftlik.com\/haberler\/seyahat\/ispanya-basbakani-uluslararasi-toplum-israile-baski-yapmali\/\" \/>\n<meta property=\"og:site_name\" content=\"E-&Ccedil;\u0130FTL\u0130K HABER\" \/>\n<meta property=\"article:publisher\" content=\"https:\/\/www.facebook.com\/eciftlikturkiye\" \/>\n<meta property=\"article:published_time\" content=\"2024-06-15T14:22:16+00:00\" \/>\n<meta property=\"og:image\" content=\"https:\/\/e-ciftlik.com\/haberler\/wp-content\/uploads\/2024\/06\/1200x675_cmsv2_f196b6b4-e0cb-590c-abb7-9ef8f58a48ad-8497526.jpg\" \/>\n\t<meta property=\"og:image:width\" content=\"1200\" \/>\n\t<meta property=\"og:image:height\" content=\"675\" \/>\n\t<meta property=\"og:image:type\" content=\"image\/jpeg\" \/>\n<meta name=\"author\" content=\"Haber Merkezi\" \/>\n<meta name=\"twitter:card\" content=\"summary_large_image\" \/>\n<meta name=\"twitter:creator\" content=\"@eciftlikresmi\" \/>\n<meta name=\"twitter:site\" content=\"@eciftlikresmi\" \/>\n<meta name=\"twitter:label1\" content=\"Yazan:\" \/>\n\t<meta name=\"twitter:data1\" content=\"Haber Merkezi\" \/>\n\t<meta name=\"twitter:label2\" content=\"Tahmini okuma s\u00fcresi\" \/>\n\t<meta name=\"twitter:data2\" content=\"2 dakika\" \/>\n<script type=\"application\/ld+json\" class=\"yoast-schema-graph\">{\"@context\":\"https:\\\/\\\/schema.org\",\"@graph\":[{\"@type\":\"NewsArticle\",\"@id\":\"https:\\\/\\\/e-ciftlik.com\\\/haberler\\\/seyahat\\\/ispanya-basbakani-uluslararasi-toplum-israile-baski-yapmali\\\/#article\",\"isPartOf\":{\"@id\":\"https:\\\/\\\/e-ciftlik.com\\\/haberler\\\/seyahat\\\/ispanya-basbakani-uluslararasi-toplum-israile-baski-yapmali\\\/\"},\"author\":{\"name\":\"Haber Merkezi\",\"@id\":\"https:\\\/\\\/e-ciftlik.com\\\/haberler\\\/#\\\/schema\\\/person\\\/d2f4fee3143d7f72be82cb887d51b00a\"},\"headline\":\"\u0130spanya Ba\u015fbakan\u0131: Uluslararas\u0131 Toplum \u0130srail&#8217;e Bask\u0131 Yapmal\u0131\",\"datePublished\":\"2024-06-15T14:22:16+00:00\",\"mainEntityOfPage\":{\"@id\":\"https:\\\/\\\/e-ciftlik.com\\\/haberler\\\/seyahat\\\/ispanya-basbakani-uluslararasi-toplum-israile-baski-yapmali\\\/\"},\"wordCount\":495,\"commentCount\":0,\"publisher\":{\"@id\":\"https:\\\/\\\/e-ciftlik.com\\\/haberler\\\/#organization\"},\"image\":{\"@id\":\"https:\\\/\\\/e-ciftlik.com\\\/haberler\\\/seyahat\\\/ispanya-basbakani-uluslararasi-toplum-israile-baski-yapmali\\\/#primaryimage\"},\"thumbnailUrl\":\"https:\\\/\\\/e-ciftlik.com\\\/haberler\\\/wp-content\\\/uploads\\\/2024\\\/06\\\/1200x675_cmsv2_f196b6b4-e0cb-590c-abb7-9ef8f58a48ad-8497526.jpg\",\"articleSection\":[\"Seyahat\"],\"inLanguage\":\"tr\",\"potentialAction\":[{\"@type\":\"CommentAction\",\"name\":\"Comment\",\"target\":[\"https:\\\/\\\/e-ciftlik.com\\\/haberler\\\/seyahat\\\/ispanya-basbakani-uluslararasi-toplum-israile-baski-yapmali\\\/#respond\"]}]},{\"@type\":\"WebPage\",\"@id\":\"https:\\\/\\\/e-ciftlik.com\\\/haberler\\\/seyahat\\\/ispanya-basbakani-uluslararasi-toplum-israile-baski-yapmali\\\/\",\"url\":\"https:\\\/\\\/e-ciftlik.com\\\/haberler\\\/seyahat\\\/ispanya-basbakani-uluslararasi-toplum-israile-baski-yapmali\\\/\",\"name\":\"\u0130spanya Ba\u015fbakan\u0131: Uluslararas\u0131 Toplum \u0130srail'e Bask\u0131 Yapmal\u0131 - E-&Ccedil;\u0130FTL\u0130K HABER\",\"isPartOf\":{\"@id\":\"https:\\\/\\\/e-ciftlik.com\\\/haberler\\\/#website\"},\"primaryImageOfPage\":{\"@id\":\"https:\\\/\\\/e-ciftlik.com\\\/haberler\\\/seyahat\\\/ispanya-basbakani-uluslararasi-toplum-israile-baski-yapmali\\\/#primaryimage\"},\"image\":{\"@id\":\"https:\\\/\\\/e-ciftlik.com\\\/haberler\\\/seyahat\\\/ispanya-basbakani-uluslararasi-toplum-israile-baski-yapmali\\\/#primaryimage\"},\"thumbnailUrl\":\"https:\\\/\\\/e-ciftlik.com\\\/haberler\\\/wp-content\\\/uploads\\\/2024\\\/06\\\/1200x675_cmsv2_f196b6b4-e0cb-590c-abb7-9ef8f58a48ad-8497526.jpg\",\"datePublished\":\"2024-06-15T14:22:16+00:00\",\"description\":\"\u0130spanya Ba\u015fbakan\u0131 Pedro Sanchez, uluslararas\u0131 toplumun \u0130srail\u2019e Gazze'deki bombalamalar\u0131n hesab\u0131n\u0131 sormas\u0131 gerekti\u011fini belirterek, Netanyahu \u00fczerindeki\",\"breadcrumb\":{\"@id\":\"https:\\\/\\\/e-ciftlik.com\\\/haberler\\\/seyahat\\\/ispanya-basbakani-uluslararasi-toplum-israile-baski-yapmali\\\/#breadcrumb\"},\"inLanguage\":\"tr\",\"potentialAction\":[{\"@type\":\"ReadAction\",\"target\":[\"https:\\\/\\\/e-ciftlik.com\\\/haberler\\\/seyahat\\\/ispanya-basbakani-uluslararasi-toplum-israile-baski-yapmali\\\/\"]}]},{\"@type\":\"ImageObject\",\"inLanguage\":\"tr\",\"@id\":\"https:\\\/\\\/e-ciftlik.com\\\/haberler\\\/seyahat\\\/ispanya-basbakani-uluslararasi-toplum-israile-baski-yapmali\\\/#primaryimage\",\"url\":\"https:\\\/\\\/e-ciftlik.com\\\/haberler\\\/wp-content\\\/uploads\\\/2024\\\/06\\\/1200x675_cmsv2_f196b6b4-e0cb-590c-abb7-9ef8f58a48ad-8497526.jpg\",\"contentUrl\":\"https:\\\/\\\/e-ciftlik.com\\\/haberler\\\/wp-content\\\/uploads\\\/2024\\\/06\\\/1200x675_cmsv2_f196b6b4-e0cb-590c-abb7-9ef8f58a48ad-8497526.jpg\",\"width\":1200,\"height\":675},{\"@type\":\"BreadcrumbList\",\"@id\":\"https:\\\/\\\/e-ciftlik.com\\\/haberler\\\/seyahat\\\/ispanya-basbakani-uluslararasi-toplum-israile-baski-yapmali\\\/#breadcrumb\",\"itemListElement\":[{\"@type\":\"ListItem\",\"position\":1,\"name\":\"Anasayfa\",\"item\":\"https:\\\/\\\/e-ciftlik.com\\\/haberler\\\/\"},{\"@type\":\"ListItem\",\"position\":2,\"name\":\"\u0130spanya Ba\u015fbakan\u0131: Uluslararas\u0131 Toplum \u0130srail&#8217;e Bask\u0131 Yapmal\u0131\"}]},{\"@type\":\"WebSite\",\"@id\":\"https:\\\/\\\/e-ciftlik.com\\\/haberler\\\/#website\",\"url\":\"https:\\\/\\\/e-ciftlik.com\\\/haberler\\\/\",\"name\":\"E-\u00c7iftlik Haber | G\u00fcncel, Son Dakika Haberler, En Son Haber\",\"description\":\"\",\"publisher\":{\"@id\":\"https:\\\/\\\/e-ciftlik.com\\\/haberler\\\/#organization\"},\"potentialAction\":[{\"@type\":\"SearchAction\",\"target\":{\"@type\":\"EntryPoint\",\"urlTemplate\":\"https:\\\/\\\/e-ciftlik.com\\\/haberler\\\/?s={search_term_string}\"},\"query-input\":{\"@type\":\"PropertyValueSpecification\",\"valueRequired\":true,\"valueName\":\"search_term_string\"}}],\"inLanguage\":\"tr\"},{\"@type\":\"Organization\",\"@id\":\"https:\\\/\\\/e-ciftlik.com\\\/haberler\\\/#organization\",\"name\":\"E-\u00c7\u0130FTL\u0130K HABER\",\"url\":\"https:\\\/\\\/e-ciftlik.com\\\/haberler\\\/\",\"logo\":{\"@type\":\"ImageObject\",\"inLanguage\":\"tr\",\"@id\":\"https:\\\/\\\/e-ciftlik.com\\\/haberler\\\/#\\\/schema\\\/logo\\\/image\\\/\",\"url\":\"https:\\\/\\\/e-ciftlik.com\\\/haberler\\\/wp-content\\\/uploads\\\/2024\\\/06\\\/cropped-cropped-favicon-1-2.png\",\"contentUrl\":\"https:\\\/\\\/e-ciftlik.com\\\/haberler\\\/wp-content\\\/uploads\\\/2024\\\/06\\\/cropped-cropped-favicon-1-2.png\",\"width\":512,\"height\":512,\"caption\":\"E-\u00c7\u0130FTL\u0130K HABER\"},\"image\":{\"@id\":\"https:\\\/\\\/e-ciftlik.com\\\/haberler\\\/#\\\/schema\\\/logo\\\/image\\\/\"},\"sameAs\":[\"https:\\\/\\\/www.facebook.com\\\/eciftlikturkiye\",\"https:\\\/\\\/x.com\\\/eciftlikresmi\",\"https:\\\/\\\/www.instagram.com\\\/eciftlikresmi\\\/\"]},{\"@type\":\"Person\",\"@id\":\"https:\\\/\\\/e-ciftlik.com\\\/haberler\\\/#\\\/schema\\\/person\\\/d2f4fee3143d7f72be82cb887d51b00a\",\"name\":\"Haber Merkezi\",\"image\":{\"@type\":\"ImageObject\",\"inLanguage\":\"tr\",\"@id\":\"https:\\\/\\\/secure.gravatar.com\\\/avatar\\\/6c27d641914e66c1d0452c92716002398782818991d86db1c2cccb531e7c7c82?s=96&d=mm&r=g\",\"url\":\"https:\\\/\\\/secure.gravatar.com\\\/avatar\\\/6c27d641914e66c1d0452c92716002398782818991d86db1c2cccb531e7c7c82?s=96&d=mm&r=g\",\"contentUrl\":\"https:\\\/\\\/secure.gravatar.com\\\/avatar\\\/6c27d641914e66c1d0452c92716002398782818991d86db1c2cccb531e7c7c82?s=96&d=mm&r=g\",\"caption\":\"Haber Merkezi\"},\"sameAs\":[\"http:\\\/\\\/e-ciftlik.com\\\/haberler\"]}]}<\/script>\n<!-- \/ Yoast SEO Premium plugin. -->","yoast_head_json":{"title":"\u0130spanya Ba\u015fbakan\u0131: Uluslararas\u0131 Toplum \u0130srail'e Bask\u0131 Yapmal\u0131 - E-&Ccedil;\u0130FTL\u0130K HABER","description":"\u0130spanya Ba\u015fbakan\u0131 Pedro Sanchez, uluslararas\u0131 toplumun \u0130srail\u2019e Gazze'deki bombalamalar\u0131n hesab\u0131n\u0131 sormas\u0131 gerekti\u011fini belirterek, Netanyahu \u00fczerindeki","robots":{"index":"index","follow":"follow","max-snippet":"max-snippet:-1","max-image-preview":"max-image-preview:large","max-video-preview":"max-video-preview:-1"},"canonical":"https:\/\/e-ciftlik.com\/haberler\/seyahat\/ispanya-basbakani-uluslararasi-toplum-israile-baski-yapmali\/","og_locale":"tr_TR","og_type":"article","og_title":"\u0130spanya Ba\u015fbakan\u0131: Uluslararas\u0131 Toplum \u0130srail'e Bask\u0131 Yapmal\u0131","og_description":"\u0130spanya Ba\u015fbakan\u0131 Pedro Sanchez, uluslararas\u0131 toplumun \u0130srail\u2019e Gazze'deki bombalamalar\u0131n hesab\u0131n\u0131 sormas\u0131 gerekti\u011fini belirterek, Netanyahu \u00fczerindeki","og_url":"https:\/\/e-ciftlik.com\/haberler\/seyahat\/ispanya-basbakani-uluslararasi-toplum-israile-baski-yapmali\/","og_site_name":"E-&Ccedil;\u0130FTL\u0130K HABER","article_publisher":"https:\/\/www.facebook.com\/eciftlikturkiye","article_published_time":"2024-06-15T14:22:16+00:00","og_image":[{"width":1200,"height":675,"url":"https:\/\/e-ciftlik.com\/haberler\/wp-content\/uploads\/2024\/06\/1200x675_cmsv2_f196b6b4-e0cb-590c-abb7-9ef8f58a48ad-8497526.jpg","type":"image\/jpeg"}],"author":"Haber Merkezi","twitter_card":"summary_large_image","twitter_creator":"@eciftlikresmi","twitter_site":"@eciftlikresmi","twitter_misc":{"Yazan:":"Haber Merkezi","Tahmini okuma s\u00fcresi":"2 dakika"},"schema":{"@context":"https:\/\/schema.org","@graph":[{"@type":"NewsArticle","@id":"https:\/\/e-ciftlik.com\/haberler\/seyahat\/ispanya-basbakani-uluslararasi-toplum-israile-baski-yapmali\/#article","isPartOf":{"@id":"https:\/\/e-ciftlik.com\/haberler\/seyahat\/ispanya-basbakani-uluslararasi-toplum-israile-baski-yapmali\/"},"author":{"name":"Haber Merkezi","@id":"https:\/\/e-ciftlik.com\/haberler\/#\/schema\/person\/d2f4fee3143d7f72be82cb887d51b00a"},"headline":"\u0130spanya Ba\u015fbakan\u0131: Uluslararas\u0131 Toplum \u0130srail&#8217;e Bask\u0131 Yapmal\u0131","datePublished":"2024-06-15T14:22:16+00:00","mainEntityOfPage":{"@id":"https:\/\/e-ciftlik.com\/haberler\/seyahat\/ispanya-basbakani-uluslararasi-toplum-israile-baski-yapmali\/"},"wordCount":495,"commentCount":0,"publisher":{"@id":"https:\/\/e-ciftlik.com\/haberler\/#organization"},"image":{"@id":"https:\/\/e-ciftlik.com\/haberler\/seyahat\/ispanya-basbakani-uluslararasi-toplum-israile-baski-yapmali\/#primaryimage"},"thumbnailUrl":"https:\/\/e-ciftlik.com\/haberler\/wp-content\/uploads\/2024\/06\/1200x675_cmsv2_f196b6b4-e0cb-590c-abb7-9ef8f58a48ad-8497526.jpg","articleSection":["Seyahat"],"inLanguage":"tr","potentialAction":[{"@type":"CommentAction","name":"Comment","target":["https:\/\/e-ciftlik.com\/haberler\/seyahat\/ispanya-basbakani-uluslararasi-toplum-israile-baski-yapmali\/#respond"]}]},{"@type":"WebPage","@id":"https:\/\/e-ciftlik.com\/haberler\/seyahat\/ispanya-basbakani-uluslararasi-toplum-israile-baski-yapmali\/","url":"https:\/\/e-ciftlik.com\/haberler\/seyahat\/ispanya-basbakani-uluslararasi-toplum-israile-baski-yapmali\/","name":"\u0130spanya Ba\u015fbakan\u0131: Uluslararas\u0131 Toplum \u0130srail'e Bask\u0131 Yapmal\u0131 - E-&Ccedil;\u0130FTL\u0130K HABER","isPartOf":{"@id":"https:\/\/e-ciftlik.com\/haberler\/#website"},"primaryImageOfPage":{"@id":"https:\/\/e-ciftlik.com\/haberler\/seyahat\/ispanya-basbakani-uluslararasi-toplum-israile-baski-yapmali\/#primaryimage"},"image":{"@id":"https:\/\/e-ciftlik.com\/haberler\/seyahat\/ispanya-basbakani-uluslararasi-toplum-israile-baski-yapmali\/#primaryimage"},"thumbnailUrl":"https:\/\/e-ciftlik.com\/haberler\/wp-content\/uploads\/2024\/06\/1200x675_cmsv2_f196b6b4-e0cb-590c-abb7-9ef8f58a48ad-8497526.jpg","datePublished":"2024-06-15T14:22:16+00:00","description":"\u0130spanya Ba\u015fbakan\u0131 Pedro Sanchez, uluslararas\u0131 toplumun \u0130srail\u2019e Gazze'deki bombalamalar\u0131n hesab\u0131n\u0131 sormas\u0131 gerekti\u011fini belirterek, Netanyahu \u00fczerindeki","breadcrumb":{"@id":"https:\/\/e-ciftlik.com\/haberler\/seyahat\/ispanya-basbakani-uluslararasi-toplum-israile-baski-yapmali\/#breadcrumb"},"inLanguage":"tr","potentialAction":[{"@type":"ReadAction","target":["https:\/\/e-ciftlik.com\/haberler\/seyahat\/ispanya-basbakani-uluslararasi-toplum-israile-baski-yapmali\/"]}]},{"@type":"ImageObject","inLanguage":"tr","@id":"https:\/\/e-ciftlik.com\/haberler\/seyahat\/ispanya-basbakani-uluslararasi-toplum-israile-baski-yapmali\/#primaryimage","url":"https:\/\/e-ciftlik.com\/haberler\/wp-content\/uploads\/2024\/06\/1200x675_cmsv2_f196b6b4-e0cb-590c-abb7-9ef8f58a48ad-8497526.jpg","contentUrl":"https:\/\/e-ciftlik.com\/haberler\/wp-content\/uploads\/2024\/06\/1200x675_cmsv2_f196b6b4-e0cb-590c-abb7-9ef8f58a48ad-8497526.jpg","width":1200,"height":675},{"@type":"BreadcrumbList","@id":"https:\/\/e-ciftlik.com\/haberler\/seyahat\/ispanya-basbakani-uluslararasi-toplum-israile-baski-yapmali\/#breadcrumb","itemListElement":[{"@type":"ListItem","position":1,"name":"Anasayfa","item":"https:\/\/e-ciftlik.com\/haberler\/"},{"@type":"ListItem","position":2,"name":"\u0130spanya Ba\u015fbakan\u0131: Uluslararas\u0131 Toplum \u0130srail&#8217;e Bask\u0131 Yapmal\u0131"}]},{"@type":"WebSite","@id":"https:\/\/e-ciftlik.com\/haberler\/#website","url":"https:\/\/e-ciftlik.com\/haberler\/","name":"E-\u00c7iftlik Haber | G\u00fcncel, Son Dakika Haberler, En Son Haber","description":"","publisher":{"@id":"https:\/\/e-ciftlik.com\/haberler\/#organization"},"potentialAction":[{"@type":"SearchAction","target":{"@type":"EntryPoint","urlTemplate":"https:\/\/e-ciftlik.com\/haberler\/?s={search_term_string}"},"query-input":{"@type":"PropertyValueSpecification","valueRequired":true,"valueName":"search_term_string"}}],"inLanguage":"tr"},{"@type":"Organization","@id":"https:\/\/e-ciftlik.com\/haberler\/#organization","name":"E-\u00c7\u0130FTL\u0130K HABER","url":"https:\/\/e-ciftlik.com\/haberler\/","logo":{"@type":"ImageObject","inLanguage":"tr","@id":"https:\/\/e-ciftlik.com\/haberler\/#\/schema\/logo\/image\/","url":"https:\/\/e-ciftlik.com\/haberler\/wp-content\/uploads\/2024\/06\/cropped-cropped-favicon-1-2.png","contentUrl":"https:\/\/e-ciftlik.com\/haberler\/wp-content\/uploads\/2024\/06\/cropped-cropped-favicon-1-2.png","width":512,"height":512,"caption":"E-\u00c7\u0130FTL\u0130K HABER"},"image":{"@id":"https:\/\/e-ciftlik.com\/haberler\/#\/schema\/logo\/image\/"},"sameAs":["https:\/\/www.facebook.com\/eciftlikturkiye","https:\/\/x.com\/eciftlikresmi","https:\/\/www.instagram.com\/eciftlikresmi\/"]},{"@type":"Person","@id":"https:\/\/e-ciftlik.com\/haberler\/#\/schema\/person\/d2f4fee3143d7f72be82cb887d51b00a","name":"Haber Merkezi","image":{"@type":"ImageObject","inLanguage":"tr","@id":"https:\/\/secure.gravatar.com\/avatar\/6c27d641914e66c1d0452c92716002398782818991d86db1c2cccb531e7c7c82?s=96&d=mm&r=g","url":"https:\/\/secure.gravatar.com\/avatar\/6c27d641914e66c1d0452c92716002398782818991d86db1c2cccb531e7c7c82?s=96&d=mm&r=g","contentUrl":"https:\/\/secure.gravatar.com\/avatar\/6c27d641914e66c1d0452c92716002398782818991d86db1c2cccb531e7c7c82?s=96&d=mm&r=g","caption":"Haber Merkezi"},"sameAs":["http:\/\/e-ciftlik.com\/haberler"]}]}},"_links":{"self":[{"href":"https:\/\/e-ciftlik.com\/haberler\/wp-json\/wp\/v2\/posts\/3614","targetHints":{"allow":["GET"]}}],"collection":[{"href":"https:\/\/e-ciftlik.com\/haberler\/wp-json\/wp\/v2\/posts"}],"about":[{"href":"https:\/\/e-ciftlik.com\/haberler\/wp-json\/wp\/v2\/types\/post"}],"author":[{"embeddable":true,"href":"https:\/\/e-ciftlik.com\/haberler\/wp-json\/wp\/v2\/users\/1"}],"replies":[{"embeddable":true,"href":"https:\/\/e-ciftlik.com\/haberler\/wp-json\/wp\/v2\/comments?post=3614"}],"version-history":[{"count":0,"href":"https:\/\/e-ciftlik.com\/haberler\/wp-json\/wp\/v2\/posts\/3614\/revisions"}],"wp:featuredmedia":[{"embeddable":true,"href":"https:\/\/e-ciftlik.com\/haberler\/wp-json\/wp\/v2\/media\/3615"}],"wp:attachment":[{"href":"https:\/\/e-ciftlik.com\/haberler\/wp-json\/wp\/v2\/media?parent=3614"}],"wp:term":[{"taxonomy":"category","embeddable":true,"href":"https:\/\/e-ciftlik.com\/haberler\/wp-json\/wp\/v2\/categories?post=3614"},{"taxonomy":"post_tag","embeddable":true,"href":"https:\/\/e-ciftlik.com\/haberler\/wp-json\/wp\/v2\/tags?post=3614"}],"curies":[{"name":"wp","href":"https:\/\/api.w.org\/{rel}","templated":true}]}}