{"id":3618,"date":"2024-06-15T14:51:04","date_gmt":"2024-06-15T14:51:04","guid":{"rendered":"https:\/\/e-ciftlik.com\/haberler\/gundem\/kastamonuda-buyuk-yangin-faciasi\/"},"modified":"2024-06-15T14:51:04","modified_gmt":"2024-06-15T14:51:04","slug":"kastamonuda-buyuk-yangin-faciasi","status":"publish","type":"post","link":"https:\/\/e-ciftlik.com\/haberler\/gundem\/kastamonuda-buyuk-yangin-faciasi\/","title":{"rendered":"Kastamonu&#8217;da b\u00fcy\u00fck yang\u0131n facias\u0131!"},"content":{"rendered":"<p>Kastamonu&#8217;nun Ara\u00e7 il\u00e7esinde meydana gelen yang\u0131n, hen\u00fcz belirlenemeyen bir sebepten dolay\u0131 ortaya \u00e7\u0131kt\u0131. Olay yerine gelen ekiplerin yo\u011fun \u00e7abalar\u0131 sonucunda yang\u0131n kontrol alt\u0131na al\u0131nd\u0131 ancak \u00e7ok say\u0131da ev k\u00fcle d\u00f6nd\u00fc. Durumu \u00f6\u011frenen b\u00f6lge halk\u0131 ve yetkililer b\u00fcy\u00fck bir \u00fcz\u00fcnt\u00fc ya\u015fad\u0131.<\/p>\n<p>Yang\u0131n\u0131n \u00e7\u0131k\u0131\u015f nedeni \u00fczerinde ara\u015ft\u0131rmalar devam ederken, ma\u011fdur olan ev sahiplerinin yaralar\u0131 sar\u0131lmaya \u00e7al\u0131\u015f\u0131l\u0131yor. Ara\u00e7 il\u00e7esi sakinleri, yang\u0131n\u0131n neden kaynakland\u0131\u011f\u0131n\u0131 \u00f6\u011frenmek ad\u0131na endi\u015feli bekleyi\u015flerini s\u00fcrd\u00fcr\u00fcyor.<\/p>\n<p>Olay yerindeki yang\u0131n s\u00f6nd\u00fcrme \u00e7al\u0131\u015fmalar\u0131 s\u0131ras\u0131nda ekiplerin g\u00f6sterdi\u011fi \u00f6zverili \u00e7aba takdirle kar\u015f\u0131lan\u0131rken, afet b\u00f6lgesindeki vatanda\u015flara destek olmak i\u00e7in yard\u0131m kampanyalar\u0131 ba\u015flat\u0131ld\u0131. yetkililer, yang\u0131n\u0131n neden oldu\u011fu hasar\u0131n en k\u0131sa s\u00fcrede telafi edilece\u011fini belirtti.<\/p>\n","protected":false},"excerpt":{"rendered":"<p>Kastamonu&#8217;nun Ara\u00e7 il\u00e7esinde meydana gelen yang\u0131n, hen\u00fcz belirlenemeyen bir sebepten dolay\u0131 ortaya \u00e7\u0131kt\u0131. Olay yerine&hellip;<\/p>\n","protected":false},"author":1,"featured_media":3619,"comment_status":"open","ping_status":"open","sticky":false,"template":"","format":"standard","meta":{"footnotes":""},"categories":[10],"tags":[],"class_list":["post-3618","post","type-post","status-publish","format-standard","has-post-thumbnail","hentry","category-gundem"],"yoast_head":"<!-- This site is optimized with the Yoast SEO Premium plugin v24.3 (Yoast SEO v27.4) - https:\/\/yoast.com\/product\/yoast-seo-premium-wordpress\/ -->\n<title>Kastamonu&#039;da b\u00fcy\u00fck yang\u0131n facias\u0131! - E-&Ccedil;\u0130FTL\u0130K HABER<\/title>\n<meta name=\"description\" content=\"Kastamonu&#039;nun Ara\u00e7 il\u00e7esinde meydana gelen yang\u0131n, hen\u00fcz belirlenemeyen bir sebepten dolay\u0131 ortaya \u00e7\u0131kt\u0131. Olay yerine gelen ekiplerin yo\u011fun \u00e7abalar\u0131\" \/>\n<meta name=\"robots\" content=\"index, follow, max-snippet:-1, max-image-preview:large, max-video-preview:-1\" \/>\n<link rel=\"canonical\" href=\"https:\/\/e-ciftlik.com\/haberler\/gundem\/kastamonuda-buyuk-yangin-faciasi\/\" \/>\n<meta property=\"og:locale\" content=\"tr_TR\" \/>\n<meta property=\"og:type\" content=\"article\" \/>\n<meta property=\"og:title\" content=\"Kastamonu&#039;da b\u00fcy\u00fck yang\u0131n facias\u0131!\" \/>\n<meta property=\"og:description\" content=\"Kastamonu&#039;nun Ara\u00e7 il\u00e7esinde meydana gelen yang\u0131n, hen\u00fcz belirlenemeyen bir sebepten dolay\u0131 ortaya \u00e7\u0131kt\u0131. Olay yerine gelen ekiplerin yo\u011fun \u00e7abalar\u0131\" \/>\n<meta property=\"og:url\" content=\"https:\/\/e-ciftlik.com\/haberler\/gundem\/kastamonuda-buyuk-yangin-faciasi\/\" \/>\n<meta property=\"og:site_name\" content=\"E-&Ccedil;\u0130FTL\u0130K HABER\" \/>\n<meta property=\"article:publisher\" content=\"https:\/\/www.facebook.com\/eciftlikturkiye\" \/>\n<meta property=\"article:published_time\" content=\"2024-06-15T14:51:04+00:00\" \/>\n<meta property=\"og:image\" content=\"https:\/\/e-ciftlik.com\/haberler\/wp-content\/uploads\/2024\/06\/kastamonuda-yanginda-aci-tablo-cok-sayida-ev-kule-dondu-1718309574279.jpg\" \/>\n\t<meta property=\"og:image:width\" content=\"1200\" \/>\n\t<meta property=\"og:image:height\" content=\"675\" \/>\n\t<meta property=\"og:image:type\" content=\"image\/jpeg\" \/>\n<meta name=\"author\" content=\"Haber Merkezi\" \/>\n<meta name=\"twitter:card\" content=\"summary_large_image\" \/>\n<meta name=\"twitter:creator\" content=\"@eciftlikresmi\" \/>\n<meta name=\"twitter:site\" content=\"@eciftlikresmi\" \/>\n<meta name=\"twitter:label1\" content=\"Yazan:\" \/>\n\t<meta name=\"twitter:data1\" content=\"Haber Merkezi\" \/>\n\t<meta name=\"twitter:label2\" content=\"Tahmini okuma s\u00fcresi\" \/>\n\t<meta name=\"twitter:data2\" content=\"1 dakika\" \/>\n<script type=\"application\/ld+json\" class=\"yoast-schema-graph\">{\"@context\":\"https:\\\/\\\/schema.org\",\"@graph\":[{\"@type\":\"NewsArticle\",\"@id\":\"https:\\\/\\\/e-ciftlik.com\\\/haberler\\\/gundem\\\/kastamonuda-buyuk-yangin-faciasi\\\/#article\",\"isPartOf\":{\"@id\":\"https:\\\/\\\/e-ciftlik.com\\\/haberler\\\/gundem\\\/kastamonuda-buyuk-yangin-faciasi\\\/\"},\"author\":{\"name\":\"Haber Merkezi\",\"@id\":\"https:\\\/\\\/e-ciftlik.com\\\/haberler\\\/#\\\/schema\\\/person\\\/d2f4fee3143d7f72be82cb887d51b00a\"},\"headline\":\"Kastamonu&#8217;da b\u00fcy\u00fck yang\u0131n facias\u0131!\",\"datePublished\":\"2024-06-15T14:51:04+00:00\",\"mainEntityOfPage\":{\"@id\":\"https:\\\/\\\/e-ciftlik.com\\\/haberler\\\/gundem\\\/kastamonuda-buyuk-yangin-faciasi\\\/\"},\"wordCount\":162,\"commentCount\":0,\"publisher\":{\"@id\":\"https:\\\/\\\/e-ciftlik.com\\\/haberler\\\/#organization\"},\"image\":{\"@id\":\"https:\\\/\\\/e-ciftlik.com\\\/haberler\\\/gundem\\\/kastamonuda-buyuk-yangin-faciasi\\\/#primaryimage\"},\"thumbnailUrl\":\"https:\\\/\\\/e-ciftlik.com\\\/haberler\\\/wp-content\\\/uploads\\\/2024\\\/06\\\/kastamonuda-yanginda-aci-tablo-cok-sayida-ev-kule-dondu-1718309574279.jpg\",\"articleSection\":[\"G\u00fcndem\"],\"inLanguage\":\"tr\",\"potentialAction\":[{\"@type\":\"CommentAction\",\"name\":\"Comment\",\"target\":[\"https:\\\/\\\/e-ciftlik.com\\\/haberler\\\/gundem\\\/kastamonuda-buyuk-yangin-faciasi\\\/#respond\"]}]},{\"@type\":\"WebPage\",\"@id\":\"https:\\\/\\\/e-ciftlik.com\\\/haberler\\\/gundem\\\/kastamonuda-buyuk-yangin-faciasi\\\/\",\"url\":\"https:\\\/\\\/e-ciftlik.com\\\/haberler\\\/gundem\\\/kastamonuda-buyuk-yangin-faciasi\\\/\",\"name\":\"Kastamonu'da b\u00fcy\u00fck yang\u0131n facias\u0131! - E-&Ccedil;\u0130FTL\u0130K HABER\",\"isPartOf\":{\"@id\":\"https:\\\/\\\/e-ciftlik.com\\\/haberler\\\/#website\"},\"primaryImageOfPage\":{\"@id\":\"https:\\\/\\\/e-ciftlik.com\\\/haberler\\\/gundem\\\/kastamonuda-buyuk-yangin-faciasi\\\/#primaryimage\"},\"image\":{\"@id\":\"https:\\\/\\\/e-ciftlik.com\\\/haberler\\\/gundem\\\/kastamonuda-buyuk-yangin-faciasi\\\/#primaryimage\"},\"thumbnailUrl\":\"https:\\\/\\\/e-ciftlik.com\\\/haberler\\\/wp-content\\\/uploads\\\/2024\\\/06\\\/kastamonuda-yanginda-aci-tablo-cok-sayida-ev-kule-dondu-1718309574279.jpg\",\"datePublished\":\"2024-06-15T14:51:04+00:00\",\"description\":\"Kastamonu'nun Ara\u00e7 il\u00e7esinde meydana gelen yang\u0131n, hen\u00fcz belirlenemeyen bir sebepten dolay\u0131 ortaya \u00e7\u0131kt\u0131. Olay yerine gelen ekiplerin yo\u011fun \u00e7abalar\u0131\",\"breadcrumb\":{\"@id\":\"https:\\\/\\\/e-ciftlik.com\\\/haberler\\\/gundem\\\/kastamonuda-buyuk-yangin-faciasi\\\/#breadcrumb\"},\"inLanguage\":\"tr\",\"potentialAction\":[{\"@type\":\"ReadAction\",\"target\":[\"https:\\\/\\\/e-ciftlik.com\\\/haberler\\\/gundem\\\/kastamonuda-buyuk-yangin-faciasi\\\/\"]}]},{\"@type\":\"ImageObject\",\"inLanguage\":\"tr\",\"@id\":\"https:\\\/\\\/e-ciftlik.com\\\/haberler\\\/gundem\\\/kastamonuda-buyuk-yangin-faciasi\\\/#primaryimage\",\"url\":\"https:\\\/\\\/e-ciftlik.com\\\/haberler\\\/wp-content\\\/uploads\\\/2024\\\/06\\\/kastamonuda-yanginda-aci-tablo-cok-sayida-ev-kule-dondu-1718309574279.jpg\",\"contentUrl\":\"https:\\\/\\\/e-ciftlik.com\\\/haberler\\\/wp-content\\\/uploads\\\/2024\\\/06\\\/kastamonuda-yanginda-aci-tablo-cok-sayida-ev-kule-dondu-1718309574279.jpg\",\"width\":1200,\"height\":675},{\"@type\":\"BreadcrumbList\",\"@id\":\"https:\\\/\\\/e-ciftlik.com\\\/haberler\\\/gundem\\\/kastamonuda-buyuk-yangin-faciasi\\\/#breadcrumb\",\"itemListElement\":[{\"@type\":\"ListItem\",\"position\":1,\"name\":\"Anasayfa\",\"item\":\"https:\\\/\\\/e-ciftlik.com\\\/haberler\\\/\"},{\"@type\":\"ListItem\",\"position\":2,\"name\":\"Kastamonu&#8217;da b\u00fcy\u00fck yang\u0131n facias\u0131!\"}]},{\"@type\":\"WebSite\",\"@id\":\"https:\\\/\\\/e-ciftlik.com\\\/haberler\\\/#website\",\"url\":\"https:\\\/\\\/e-ciftlik.com\\\/haberler\\\/\",\"name\":\"E-\u00c7iftlik Haber | G\u00fcncel, Son Dakika Haberler, En Son Haber\",\"description\":\"\",\"publisher\":{\"@id\":\"https:\\\/\\\/e-ciftlik.com\\\/haberler\\\/#organization\"},\"potentialAction\":[{\"@type\":\"SearchAction\",\"target\":{\"@type\":\"EntryPoint\",\"urlTemplate\":\"https:\\\/\\\/e-ciftlik.com\\\/haberler\\\/?s={search_term_string}\"},\"query-input\":{\"@type\":\"PropertyValueSpecification\",\"valueRequired\":true,\"valueName\":\"search_term_string\"}}],\"inLanguage\":\"tr\"},{\"@type\":\"Organization\",\"@id\":\"https:\\\/\\\/e-ciftlik.com\\\/haberler\\\/#organization\",\"name\":\"E-\u00c7\u0130FTL\u0130K HABER\",\"url\":\"https:\\\/\\\/e-ciftlik.com\\\/haberler\\\/\",\"logo\":{\"@type\":\"ImageObject\",\"inLanguage\":\"tr\",\"@id\":\"https:\\\/\\\/e-ciftlik.com\\\/haberler\\\/#\\\/schema\\\/logo\\\/image\\\/\",\"url\":\"https:\\\/\\\/e-ciftlik.com\\\/haberler\\\/wp-content\\\/uploads\\\/2024\\\/06\\\/cropped-cropped-favicon-1-2.png\",\"contentUrl\":\"https:\\\/\\\/e-ciftlik.com\\\/haberler\\\/wp-content\\\/uploads\\\/2024\\\/06\\\/cropped-cropped-favicon-1-2.png\",\"width\":512,\"height\":512,\"caption\":\"E-\u00c7\u0130FTL\u0130K HABER\"},\"image\":{\"@id\":\"https:\\\/\\\/e-ciftlik.com\\\/haberler\\\/#\\\/schema\\\/logo\\\/image\\\/\"},\"sameAs\":[\"https:\\\/\\\/www.facebook.com\\\/eciftlikturkiye\",\"https:\\\/\\\/x.com\\\/eciftlikresmi\",\"https:\\\/\\\/www.instagram.com\\\/eciftlikresmi\\\/\"]},{\"@type\":\"Person\",\"@id\":\"https:\\\/\\\/e-ciftlik.com\\\/haberler\\\/#\\\/schema\\\/person\\\/d2f4fee3143d7f72be82cb887d51b00a\",\"name\":\"Haber Merkezi\",\"image\":{\"@type\":\"ImageObject\",\"inLanguage\":\"tr\",\"@id\":\"https:\\\/\\\/secure.gravatar.com\\\/avatar\\\/6c27d641914e66c1d0452c92716002398782818991d86db1c2cccb531e7c7c82?s=96&d=mm&r=g\",\"url\":\"https:\\\/\\\/secure.gravatar.com\\\/avatar\\\/6c27d641914e66c1d0452c92716002398782818991d86db1c2cccb531e7c7c82?s=96&d=mm&r=g\",\"contentUrl\":\"https:\\\/\\\/secure.gravatar.com\\\/avatar\\\/6c27d641914e66c1d0452c92716002398782818991d86db1c2cccb531e7c7c82?s=96&d=mm&r=g\",\"caption\":\"Haber Merkezi\"},\"sameAs\":[\"http:\\\/\\\/e-ciftlik.com\\\/haberler\"]}]}<\/script>\n<!-- \/ Yoast SEO Premium plugin. -->","yoast_head_json":{"title":"Kastamonu'da b\u00fcy\u00fck yang\u0131n facias\u0131! - E-&Ccedil;\u0130FTL\u0130K HABER","description":"Kastamonu'nun Ara\u00e7 il\u00e7esinde meydana gelen yang\u0131n, hen\u00fcz belirlenemeyen bir sebepten dolay\u0131 ortaya \u00e7\u0131kt\u0131. Olay yerine gelen ekiplerin yo\u011fun \u00e7abalar\u0131","robots":{"index":"index","follow":"follow","max-snippet":"max-snippet:-1","max-image-preview":"max-image-preview:large","max-video-preview":"max-video-preview:-1"},"canonical":"https:\/\/e-ciftlik.com\/haberler\/gundem\/kastamonuda-buyuk-yangin-faciasi\/","og_locale":"tr_TR","og_type":"article","og_title":"Kastamonu'da b\u00fcy\u00fck yang\u0131n facias\u0131!","og_description":"Kastamonu'nun Ara\u00e7 il\u00e7esinde meydana gelen yang\u0131n, hen\u00fcz belirlenemeyen bir sebepten dolay\u0131 ortaya \u00e7\u0131kt\u0131. Olay yerine gelen ekiplerin yo\u011fun \u00e7abalar\u0131","og_url":"https:\/\/e-ciftlik.com\/haberler\/gundem\/kastamonuda-buyuk-yangin-faciasi\/","og_site_name":"E-&Ccedil;\u0130FTL\u0130K HABER","article_publisher":"https:\/\/www.facebook.com\/eciftlikturkiye","article_published_time":"2024-06-15T14:51:04+00:00","og_image":[{"width":1200,"height":675,"url":"https:\/\/e-ciftlik.com\/haberler\/wp-content\/uploads\/2024\/06\/kastamonuda-yanginda-aci-tablo-cok-sayida-ev-kule-dondu-1718309574279.jpg","type":"image\/jpeg"}],"author":"Haber Merkezi","twitter_card":"summary_large_image","twitter_creator":"@eciftlikresmi","twitter_site":"@eciftlikresmi","twitter_misc":{"Yazan:":"Haber Merkezi","Tahmini okuma s\u00fcresi":"1 dakika"},"schema":{"@context":"https:\/\/schema.org","@graph":[{"@type":"NewsArticle","@id":"https:\/\/e-ciftlik.com\/haberler\/gundem\/kastamonuda-buyuk-yangin-faciasi\/#article","isPartOf":{"@id":"https:\/\/e-ciftlik.com\/haberler\/gundem\/kastamonuda-buyuk-yangin-faciasi\/"},"author":{"name":"Haber Merkezi","@id":"https:\/\/e-ciftlik.com\/haberler\/#\/schema\/person\/d2f4fee3143d7f72be82cb887d51b00a"},"headline":"Kastamonu&#8217;da b\u00fcy\u00fck yang\u0131n facias\u0131!","datePublished":"2024-06-15T14:51:04+00:00","mainEntityOfPage":{"@id":"https:\/\/e-ciftlik.com\/haberler\/gundem\/kastamonuda-buyuk-yangin-faciasi\/"},"wordCount":162,"commentCount":0,"publisher":{"@id":"https:\/\/e-ciftlik.com\/haberler\/#organization"},"image":{"@id":"https:\/\/e-ciftlik.com\/haberler\/gundem\/kastamonuda-buyuk-yangin-faciasi\/#primaryimage"},"thumbnailUrl":"https:\/\/e-ciftlik.com\/haberler\/wp-content\/uploads\/2024\/06\/kastamonuda-yanginda-aci-tablo-cok-sayida-ev-kule-dondu-1718309574279.jpg","articleSection":["G\u00fcndem"],"inLanguage":"tr","potentialAction":[{"@type":"CommentAction","name":"Comment","target":["https:\/\/e-ciftlik.com\/haberler\/gundem\/kastamonuda-buyuk-yangin-faciasi\/#respond"]}]},{"@type":"WebPage","@id":"https:\/\/e-ciftlik.com\/haberler\/gundem\/kastamonuda-buyuk-yangin-faciasi\/","url":"https:\/\/e-ciftlik.com\/haberler\/gundem\/kastamonuda-buyuk-yangin-faciasi\/","name":"Kastamonu'da b\u00fcy\u00fck yang\u0131n facias\u0131! - E-&Ccedil;\u0130FTL\u0130K HABER","isPartOf":{"@id":"https:\/\/e-ciftlik.com\/haberler\/#website"},"primaryImageOfPage":{"@id":"https:\/\/e-ciftlik.com\/haberler\/gundem\/kastamonuda-buyuk-yangin-faciasi\/#primaryimage"},"image":{"@id":"https:\/\/e-ciftlik.com\/haberler\/gundem\/kastamonuda-buyuk-yangin-faciasi\/#primaryimage"},"thumbnailUrl":"https:\/\/e-ciftlik.com\/haberler\/wp-content\/uploads\/2024\/06\/kastamonuda-yanginda-aci-tablo-cok-sayida-ev-kule-dondu-1718309574279.jpg","datePublished":"2024-06-15T14:51:04+00:00","description":"Kastamonu'nun Ara\u00e7 il\u00e7esinde meydana gelen yang\u0131n, hen\u00fcz belirlenemeyen bir sebepten dolay\u0131 ortaya \u00e7\u0131kt\u0131. Olay yerine gelen ekiplerin yo\u011fun \u00e7abalar\u0131","breadcrumb":{"@id":"https:\/\/e-ciftlik.com\/haberler\/gundem\/kastamonuda-buyuk-yangin-faciasi\/#breadcrumb"},"inLanguage":"tr","potentialAction":[{"@type":"ReadAction","target":["https:\/\/e-ciftlik.com\/haberler\/gundem\/kastamonuda-buyuk-yangin-faciasi\/"]}]},{"@type":"ImageObject","inLanguage":"tr","@id":"https:\/\/e-ciftlik.com\/haberler\/gundem\/kastamonuda-buyuk-yangin-faciasi\/#primaryimage","url":"https:\/\/e-ciftlik.com\/haberler\/wp-content\/uploads\/2024\/06\/kastamonuda-yanginda-aci-tablo-cok-sayida-ev-kule-dondu-1718309574279.jpg","contentUrl":"https:\/\/e-ciftlik.com\/haberler\/wp-content\/uploads\/2024\/06\/kastamonuda-yanginda-aci-tablo-cok-sayida-ev-kule-dondu-1718309574279.jpg","width":1200,"height":675},{"@type":"BreadcrumbList","@id":"https:\/\/e-ciftlik.com\/haberler\/gundem\/kastamonuda-buyuk-yangin-faciasi\/#breadcrumb","itemListElement":[{"@type":"ListItem","position":1,"name":"Anasayfa","item":"https:\/\/e-ciftlik.com\/haberler\/"},{"@type":"ListItem","position":2,"name":"Kastamonu&#8217;da b\u00fcy\u00fck yang\u0131n facias\u0131!"}]},{"@type":"WebSite","@id":"https:\/\/e-ciftlik.com\/haberler\/#website","url":"https:\/\/e-ciftlik.com\/haberler\/","name":"E-\u00c7iftlik Haber | G\u00fcncel, Son Dakika Haberler, En Son Haber","description":"","publisher":{"@id":"https:\/\/e-ciftlik.com\/haberler\/#organization"},"potentialAction":[{"@type":"SearchAction","target":{"@type":"EntryPoint","urlTemplate":"https:\/\/e-ciftlik.com\/haberler\/?s={search_term_string}"},"query-input":{"@type":"PropertyValueSpecification","valueRequired":true,"valueName":"search_term_string"}}],"inLanguage":"tr"},{"@type":"Organization","@id":"https:\/\/e-ciftlik.com\/haberler\/#organization","name":"E-\u00c7\u0130FTL\u0130K HABER","url":"https:\/\/e-ciftlik.com\/haberler\/","logo":{"@type":"ImageObject","inLanguage":"tr","@id":"https:\/\/e-ciftlik.com\/haberler\/#\/schema\/logo\/image\/","url":"https:\/\/e-ciftlik.com\/haberler\/wp-content\/uploads\/2024\/06\/cropped-cropped-favicon-1-2.png","contentUrl":"https:\/\/e-ciftlik.com\/haberler\/wp-content\/uploads\/2024\/06\/cropped-cropped-favicon-1-2.png","width":512,"height":512,"caption":"E-\u00c7\u0130FTL\u0130K HABER"},"image":{"@id":"https:\/\/e-ciftlik.com\/haberler\/#\/schema\/logo\/image\/"},"sameAs":["https:\/\/www.facebook.com\/eciftlikturkiye","https:\/\/x.com\/eciftlikresmi","https:\/\/www.instagram.com\/eciftlikresmi\/"]},{"@type":"Person","@id":"https:\/\/e-ciftlik.com\/haberler\/#\/schema\/person\/d2f4fee3143d7f72be82cb887d51b00a","name":"Haber Merkezi","image":{"@type":"ImageObject","inLanguage":"tr","@id":"https:\/\/secure.gravatar.com\/avatar\/6c27d641914e66c1d0452c92716002398782818991d86db1c2cccb531e7c7c82?s=96&d=mm&r=g","url":"https:\/\/secure.gravatar.com\/avatar\/6c27d641914e66c1d0452c92716002398782818991d86db1c2cccb531e7c7c82?s=96&d=mm&r=g","contentUrl":"https:\/\/secure.gravatar.com\/avatar\/6c27d641914e66c1d0452c92716002398782818991d86db1c2cccb531e7c7c82?s=96&d=mm&r=g","caption":"Haber Merkezi"},"sameAs":["http:\/\/e-ciftlik.com\/haberler"]}]}},"_links":{"self":[{"href":"https:\/\/e-ciftlik.com\/haberler\/wp-json\/wp\/v2\/posts\/3618","targetHints":{"allow":["GET"]}}],"collection":[{"href":"https:\/\/e-ciftlik.com\/haberler\/wp-json\/wp\/v2\/posts"}],"about":[{"href":"https:\/\/e-ciftlik.com\/haberler\/wp-json\/wp\/v2\/types\/post"}],"author":[{"embeddable":true,"href":"https:\/\/e-ciftlik.com\/haberler\/wp-json\/wp\/v2\/users\/1"}],"replies":[{"embeddable":true,"href":"https:\/\/e-ciftlik.com\/haberler\/wp-json\/wp\/v2\/comments?post=3618"}],"version-history":[{"count":0,"href":"https:\/\/e-ciftlik.com\/haberler\/wp-json\/wp\/v2\/posts\/3618\/revisions"}],"wp:featuredmedia":[{"embeddable":true,"href":"https:\/\/e-ciftlik.com\/haberler\/wp-json\/wp\/v2\/media\/3619"}],"wp:attachment":[{"href":"https:\/\/e-ciftlik.com\/haberler\/wp-json\/wp\/v2\/media?parent=3618"}],"wp:term":[{"taxonomy":"category","embeddable":true,"href":"https:\/\/e-ciftlik.com\/haberler\/wp-json\/wp\/v2\/categories?post=3618"},{"taxonomy":"post_tag","embeddable":true,"href":"https:\/\/e-ciftlik.com\/haberler\/wp-json\/wp\/v2\/tags?post=3618"}],"curies":[{"name":"wp","href":"https:\/\/api.w.org\/{rel}","templated":true}]}}