{"id":5212,"date":"2024-06-21T09:08:42","date_gmt":"2024-06-21T09:08:42","guid":{"rendered":"https:\/\/e-ciftlik.com\/haberler\/seyahat\/kirantepede-yamac-parasutu-adrenalinine-davet\/"},"modified":"2024-06-21T09:08:42","modified_gmt":"2024-06-21T09:08:42","slug":"kirantepede-yamac-parasutu-adrenalinine-davet","status":"publish","type":"post","link":"https:\/\/e-ciftlik.com\/haberler\/seyahat\/kirantepede-yamac-parasutu-adrenalinine-davet\/","title":{"rendered":"K\u0131rantepe&#8217;de Yama\u00e7 Para\u015f\u00fct\u00fc Adrenalinine Davet"},"content":{"rendered":"<p>Serdivan il\u00e7esinde yer alan 235 metre y\u00fcksekli\u011findeki K\u0131rantepe Sivil Havac\u0131l\u0131k Merkezi, y\u0131l\u0131n b\u00fcy\u00fck b\u00f6l\u00fcm\u00fcnde yama\u00e7 para\u015f\u00fct\u00fc tutkunlar\u0131n\u0131 a\u011f\u0131rl\u0131yor. Merkez \u00f6zellikle yaz aylar\u0131nda b\u00fcy\u00fck ilgi g\u00f6r\u00fcyor ve genellikle bo\u015f kalm\u0131yor. Ziyaret\u00e7iler, Sakarya semalar\u0131nda s\u00fcz\u00fclerek do\u011fa ve \u015fehir manzaralar\u0131n\u0131 ku\u015f bak\u0131\u015f\u0131 g\u00f6rmekten b\u00fcy\u00fck keyif al\u0131yor.<\/p>\n<p>Sakarya Sportif Havac\u0131l\u0131k Kul\u00fcb\u00fc \u00fcyesi Kubilay Ert\u00fcrk, AA muhabirine yapt\u0131\u011f\u0131 a\u00e7\u0131klamada, T\u00fcrkiye&#8217;nin en g\u00fczel yama\u00e7 para\u015f\u00fct\u00fc alanlar\u0131ndan biri olan K\u0131rantepe&#8217;nin u\u00e7u\u015f i\u00e7in \u00e7ok elveri\u015fli bir b\u00f6lge oldu\u011funu belirtti. K\u0131rantepe&#8217;nin b\u00fcy\u00fckl\u00fc\u011f\u00fc ve konumu, deneyimli pilotlar\u0131n ini\u015f yapmas\u0131n\u0131 kolayla\u015ft\u0131r\u0131yor.<\/p>\n<p>Ert\u00fcrk&#8217;e g\u00f6re, yama\u00e7 para\u015f\u00fct\u00fc sporu risk al\u0131nd\u0131\u011f\u0131nda \u00e7ok g\u00fcvenli bir spor. Ert\u00fcrk, merkeze gelen ziyaret\u00e7iler aras\u0131nda tecr\u00fcbesi olmayanlar\u0131n da bulundu\u011funu ve bu ziyaret\u00e7ilerin pilotlar e\u015fli\u011finde u\u00e7abildiklerini dile getirdi. Merkezde atlay\u0131\u015f \u00fccreti kar\u015f\u0131l\u0131\u011f\u0131nda u\u00e7u\u015f imkan\u0131 sunuluyor ve \u00f6zellikle \u00f6\u011frencilere indirim uygulan\u0131yor.<\/p>\n<p>45 ya\u015f\u0131ndaki Muharrem \u00c7ileci, yama\u00e7 para\u015f\u00fct\u00fcn\u00fcn u\u00e7akla u\u00e7maktan farkl\u0131 oldu\u011funu ve kendisini ku\u015f gibi \u00f6zg\u00fcr hissettirdi\u011fini belirtti. \u00c7ileci, sporun heyecan verici oldu\u011funu ve herkesin hayat\u0131nda bir kere denemesi gerekti\u011fini s\u00f6yledi. \u00c7ileci&#8217;nin k\u0131z\u0131 Deniz Sultan \u00c7ileci de u\u00e7u\u015fu deneyimlemi\u015f ve bu deneyimi \u00e7ok g\u00fczel bulmu\u015ftu.<\/p>\n<p>23 ya\u015f\u0131ndaki \u015eahin Ta\u015f\u00e7\u0131, ilk u\u00e7u\u015funu kad\u0131n pilot e\u015fli\u011finde yapm\u0131\u015ft\u0131. Ta\u015f\u00e7\u0131, u\u00e7u\u015fun ard\u0131ndan kendini ger\u00e7ekten \u00f6zg\u00fcr hissetti\u011fini ve deneyimi tekrar ya\u015famak istedi\u011fini belirtti. U\u00e7u\u015f s\u0131ras\u0131nda zaman ve ger\u00e7eklik alg\u0131s\u0131n\u0131 yitirdi\u011fini, ku\u015f gibi hissetti\u011fini ve y\u00fcklerinden kurtuldu\u011funu ifade etti.<\/p>\n","protected":false},"excerpt":{"rendered":"<p>Serdivan il\u00e7esinde yer alan 235 metre y\u00fcksekli\u011findeki K\u0131rantepe Sivil Havac\u0131l\u0131k Merkezi, y\u0131l\u0131n b\u00fcy\u00fck b\u00f6l\u00fcm\u00fcnde yama\u00e7&hellip;<\/p>\n","protected":false},"author":1,"featured_media":5213,"comment_status":"open","ping_status":"open","sticky":false,"template":"","format":"standard","meta":{"footnotes":""},"categories":[14],"tags":[],"class_list":["post-5212","post","type-post","status-publish","format-standard","has-post-thumbnail","hentry","category-seyahat"],"yoast_head":"<!-- This site is optimized with the Yoast SEO Premium plugin v24.3 (Yoast SEO v27.4) - https:\/\/yoast.com\/product\/yoast-seo-premium-wordpress\/ -->\n<title>K\u0131rantepe&#039;de Yama\u00e7 Para\u015f\u00fct\u00fc Adrenalinine Davet - E-&Ccedil;\u0130FTL\u0130K HABER<\/title>\n<meta name=\"description\" content=\"Serdivan il\u00e7esinde yer alan 235 metre y\u00fcksekli\u011findeki K\u0131rantepe Sivil Havac\u0131l\u0131k Merkezi, y\u0131l\u0131n b\u00fcy\u00fck b\u00f6l\u00fcm\u00fcnde yama\u00e7 para\u015f\u00fct\u00fc tutkunlar\u0131n\u0131 a\u011f\u0131rl\u0131yor.\" \/>\n<meta name=\"robots\" content=\"index, follow, max-snippet:-1, max-image-preview:large, max-video-preview:-1\" \/>\n<link rel=\"canonical\" href=\"https:\/\/e-ciftlik.com\/haberler\/seyahat\/kirantepede-yamac-parasutu-adrenalinine-davet\/\" \/>\n<meta property=\"og:locale\" content=\"tr_TR\" \/>\n<meta property=\"og:type\" content=\"article\" \/>\n<meta property=\"og:title\" content=\"K\u0131rantepe&#039;de Yama\u00e7 Para\u015f\u00fct\u00fc Adrenalinine Davet\" \/>\n<meta property=\"og:description\" content=\"Serdivan il\u00e7esinde yer alan 235 metre y\u00fcksekli\u011findeki K\u0131rantepe Sivil Havac\u0131l\u0131k Merkezi, y\u0131l\u0131n b\u00fcy\u00fck b\u00f6l\u00fcm\u00fcnde yama\u00e7 para\u015f\u00fct\u00fc tutkunlar\u0131n\u0131 a\u011f\u0131rl\u0131yor.\" \/>\n<meta property=\"og:url\" content=\"https:\/\/e-ciftlik.com\/haberler\/seyahat\/kirantepede-yamac-parasutu-adrenalinine-davet\/\" \/>\n<meta property=\"og:site_name\" content=\"E-&Ccedil;\u0130FTL\u0130K HABER\" \/>\n<meta property=\"article:publisher\" content=\"https:\/\/www.facebook.com\/eciftlikturkiye\" \/>\n<meta property=\"article:published_time\" content=\"2024-06-21T09:08:42+00:00\" \/>\n<meta property=\"og:image\" content=\"https:\/\/e-ciftlik.com\/haberler\/wp-content\/uploads\/2024\/06\/gdK5jUhaI0O4J2XSdoeutg.jpg\" \/>\n\t<meta property=\"og:image:width\" content=\"1080\" \/>\n\t<meta property=\"og:image:height\" content=\"612\" \/>\n\t<meta property=\"og:image:type\" content=\"image\/jpeg\" \/>\n<meta name=\"author\" content=\"Haber Merkezi\" \/>\n<meta name=\"twitter:card\" content=\"summary_large_image\" \/>\n<meta name=\"twitter:creator\" content=\"@eciftlikresmi\" \/>\n<meta name=\"twitter:site\" content=\"@eciftlikresmi\" \/>\n<meta name=\"twitter:label1\" content=\"Yazan:\" \/>\n\t<meta name=\"twitter:data1\" content=\"Haber Merkezi\" \/>\n\t<meta name=\"twitter:label2\" content=\"Tahmini okuma s\u00fcresi\" \/>\n\t<meta name=\"twitter:data2\" content=\"2 dakika\" \/>\n<script type=\"application\/ld+json\" class=\"yoast-schema-graph\">{\"@context\":\"https:\\\/\\\/schema.org\",\"@graph\":[{\"@type\":\"NewsArticle\",\"@id\":\"https:\\\/\\\/e-ciftlik.com\\\/haberler\\\/seyahat\\\/kirantepede-yamac-parasutu-adrenalinine-davet\\\/#article\",\"isPartOf\":{\"@id\":\"https:\\\/\\\/e-ciftlik.com\\\/haberler\\\/seyahat\\\/kirantepede-yamac-parasutu-adrenalinine-davet\\\/\"},\"author\":{\"name\":\"Haber Merkezi\",\"@id\":\"https:\\\/\\\/e-ciftlik.com\\\/haberler\\\/#\\\/schema\\\/person\\\/d2f4fee3143d7f72be82cb887d51b00a\"},\"headline\":\"K\u0131rantepe&#8217;de Yama\u00e7 Para\u015f\u00fct\u00fc Adrenalinine Davet\",\"datePublished\":\"2024-06-21T09:08:42+00:00\",\"mainEntityOfPage\":{\"@id\":\"https:\\\/\\\/e-ciftlik.com\\\/haberler\\\/seyahat\\\/kirantepede-yamac-parasutu-adrenalinine-davet\\\/\"},\"wordCount\":331,\"commentCount\":0,\"publisher\":{\"@id\":\"https:\\\/\\\/e-ciftlik.com\\\/haberler\\\/#organization\"},\"image\":{\"@id\":\"https:\\\/\\\/e-ciftlik.com\\\/haberler\\\/seyahat\\\/kirantepede-yamac-parasutu-adrenalinine-davet\\\/#primaryimage\"},\"thumbnailUrl\":\"https:\\\/\\\/e-ciftlik.com\\\/haberler\\\/wp-content\\\/uploads\\\/2024\\\/06\\\/gdK5jUhaI0O4J2XSdoeutg.jpg\",\"articleSection\":[\"Seyahat\"],\"inLanguage\":\"tr\",\"potentialAction\":[{\"@type\":\"CommentAction\",\"name\":\"Comment\",\"target\":[\"https:\\\/\\\/e-ciftlik.com\\\/haberler\\\/seyahat\\\/kirantepede-yamac-parasutu-adrenalinine-davet\\\/#respond\"]}]},{\"@type\":\"WebPage\",\"@id\":\"https:\\\/\\\/e-ciftlik.com\\\/haberler\\\/seyahat\\\/kirantepede-yamac-parasutu-adrenalinine-davet\\\/\",\"url\":\"https:\\\/\\\/e-ciftlik.com\\\/haberler\\\/seyahat\\\/kirantepede-yamac-parasutu-adrenalinine-davet\\\/\",\"name\":\"K\u0131rantepe'de Yama\u00e7 Para\u015f\u00fct\u00fc Adrenalinine Davet - E-&Ccedil;\u0130FTL\u0130K HABER\",\"isPartOf\":{\"@id\":\"https:\\\/\\\/e-ciftlik.com\\\/haberler\\\/#website\"},\"primaryImageOfPage\":{\"@id\":\"https:\\\/\\\/e-ciftlik.com\\\/haberler\\\/seyahat\\\/kirantepede-yamac-parasutu-adrenalinine-davet\\\/#primaryimage\"},\"image\":{\"@id\":\"https:\\\/\\\/e-ciftlik.com\\\/haberler\\\/seyahat\\\/kirantepede-yamac-parasutu-adrenalinine-davet\\\/#primaryimage\"},\"thumbnailUrl\":\"https:\\\/\\\/e-ciftlik.com\\\/haberler\\\/wp-content\\\/uploads\\\/2024\\\/06\\\/gdK5jUhaI0O4J2XSdoeutg.jpg\",\"datePublished\":\"2024-06-21T09:08:42+00:00\",\"description\":\"Serdivan il\u00e7esinde yer alan 235 metre y\u00fcksekli\u011findeki K\u0131rantepe Sivil Havac\u0131l\u0131k Merkezi, y\u0131l\u0131n b\u00fcy\u00fck b\u00f6l\u00fcm\u00fcnde yama\u00e7 para\u015f\u00fct\u00fc tutkunlar\u0131n\u0131 a\u011f\u0131rl\u0131yor.\",\"breadcrumb\":{\"@id\":\"https:\\\/\\\/e-ciftlik.com\\\/haberler\\\/seyahat\\\/kirantepede-yamac-parasutu-adrenalinine-davet\\\/#breadcrumb\"},\"inLanguage\":\"tr\",\"potentialAction\":[{\"@type\":\"ReadAction\",\"target\":[\"https:\\\/\\\/e-ciftlik.com\\\/haberler\\\/seyahat\\\/kirantepede-yamac-parasutu-adrenalinine-davet\\\/\"]}]},{\"@type\":\"ImageObject\",\"inLanguage\":\"tr\",\"@id\":\"https:\\\/\\\/e-ciftlik.com\\\/haberler\\\/seyahat\\\/kirantepede-yamac-parasutu-adrenalinine-davet\\\/#primaryimage\",\"url\":\"https:\\\/\\\/e-ciftlik.com\\\/haberler\\\/wp-content\\\/uploads\\\/2024\\\/06\\\/gdK5jUhaI0O4J2XSdoeutg.jpg\",\"contentUrl\":\"https:\\\/\\\/e-ciftlik.com\\\/haberler\\\/wp-content\\\/uploads\\\/2024\\\/06\\\/gdK5jUhaI0O4J2XSdoeutg.jpg\",\"width\":1080,\"height\":612},{\"@type\":\"BreadcrumbList\",\"@id\":\"https:\\\/\\\/e-ciftlik.com\\\/haberler\\\/seyahat\\\/kirantepede-yamac-parasutu-adrenalinine-davet\\\/#breadcrumb\",\"itemListElement\":[{\"@type\":\"ListItem\",\"position\":1,\"name\":\"Anasayfa\",\"item\":\"https:\\\/\\\/e-ciftlik.com\\\/haberler\\\/\"},{\"@type\":\"ListItem\",\"position\":2,\"name\":\"K\u0131rantepe&#8217;de Yama\u00e7 Para\u015f\u00fct\u00fc Adrenalinine Davet\"}]},{\"@type\":\"WebSite\",\"@id\":\"https:\\\/\\\/e-ciftlik.com\\\/haberler\\\/#website\",\"url\":\"https:\\\/\\\/e-ciftlik.com\\\/haberler\\\/\",\"name\":\"E-\u00c7iftlik Haber | G\u00fcncel, Son Dakika Haberler, En Son Haber\",\"description\":\"\",\"publisher\":{\"@id\":\"https:\\\/\\\/e-ciftlik.com\\\/haberler\\\/#organization\"},\"potentialAction\":[{\"@type\":\"SearchAction\",\"target\":{\"@type\":\"EntryPoint\",\"urlTemplate\":\"https:\\\/\\\/e-ciftlik.com\\\/haberler\\\/?s={search_term_string}\"},\"query-input\":{\"@type\":\"PropertyValueSpecification\",\"valueRequired\":true,\"valueName\":\"search_term_string\"}}],\"inLanguage\":\"tr\"},{\"@type\":\"Organization\",\"@id\":\"https:\\\/\\\/e-ciftlik.com\\\/haberler\\\/#organization\",\"name\":\"E-\u00c7\u0130FTL\u0130K HABER\",\"url\":\"https:\\\/\\\/e-ciftlik.com\\\/haberler\\\/\",\"logo\":{\"@type\":\"ImageObject\",\"inLanguage\":\"tr\",\"@id\":\"https:\\\/\\\/e-ciftlik.com\\\/haberler\\\/#\\\/schema\\\/logo\\\/image\\\/\",\"url\":\"https:\\\/\\\/e-ciftlik.com\\\/haberler\\\/wp-content\\\/uploads\\\/2024\\\/06\\\/cropped-cropped-favicon-1-2.png\",\"contentUrl\":\"https:\\\/\\\/e-ciftlik.com\\\/haberler\\\/wp-content\\\/uploads\\\/2024\\\/06\\\/cropped-cropped-favicon-1-2.png\",\"width\":512,\"height\":512,\"caption\":\"E-\u00c7\u0130FTL\u0130K HABER\"},\"image\":{\"@id\":\"https:\\\/\\\/e-ciftlik.com\\\/haberler\\\/#\\\/schema\\\/logo\\\/image\\\/\"},\"sameAs\":[\"https:\\\/\\\/www.facebook.com\\\/eciftlikturkiye\",\"https:\\\/\\\/x.com\\\/eciftlikresmi\",\"https:\\\/\\\/www.instagram.com\\\/eciftlikresmi\\\/\"]},{\"@type\":\"Person\",\"@id\":\"https:\\\/\\\/e-ciftlik.com\\\/haberler\\\/#\\\/schema\\\/person\\\/d2f4fee3143d7f72be82cb887d51b00a\",\"name\":\"Haber Merkezi\",\"image\":{\"@type\":\"ImageObject\",\"inLanguage\":\"tr\",\"@id\":\"https:\\\/\\\/secure.gravatar.com\\\/avatar\\\/6c27d641914e66c1d0452c92716002398782818991d86db1c2cccb531e7c7c82?s=96&d=mm&r=g\",\"url\":\"https:\\\/\\\/secure.gravatar.com\\\/avatar\\\/6c27d641914e66c1d0452c92716002398782818991d86db1c2cccb531e7c7c82?s=96&d=mm&r=g\",\"contentUrl\":\"https:\\\/\\\/secure.gravatar.com\\\/avatar\\\/6c27d641914e66c1d0452c92716002398782818991d86db1c2cccb531e7c7c82?s=96&d=mm&r=g\",\"caption\":\"Haber Merkezi\"},\"sameAs\":[\"http:\\\/\\\/e-ciftlik.com\\\/haberler\"]}]}<\/script>\n<!-- \/ Yoast SEO Premium plugin. -->","yoast_head_json":{"title":"K\u0131rantepe'de Yama\u00e7 Para\u015f\u00fct\u00fc Adrenalinine Davet - E-&Ccedil;\u0130FTL\u0130K HABER","description":"Serdivan il\u00e7esinde yer alan 235 metre y\u00fcksekli\u011findeki K\u0131rantepe Sivil Havac\u0131l\u0131k Merkezi, y\u0131l\u0131n b\u00fcy\u00fck b\u00f6l\u00fcm\u00fcnde yama\u00e7 para\u015f\u00fct\u00fc tutkunlar\u0131n\u0131 a\u011f\u0131rl\u0131yor.","robots":{"index":"index","follow":"follow","max-snippet":"max-snippet:-1","max-image-preview":"max-image-preview:large","max-video-preview":"max-video-preview:-1"},"canonical":"https:\/\/e-ciftlik.com\/haberler\/seyahat\/kirantepede-yamac-parasutu-adrenalinine-davet\/","og_locale":"tr_TR","og_type":"article","og_title":"K\u0131rantepe'de Yama\u00e7 Para\u015f\u00fct\u00fc Adrenalinine Davet","og_description":"Serdivan il\u00e7esinde yer alan 235 metre y\u00fcksekli\u011findeki K\u0131rantepe Sivil Havac\u0131l\u0131k Merkezi, y\u0131l\u0131n b\u00fcy\u00fck b\u00f6l\u00fcm\u00fcnde yama\u00e7 para\u015f\u00fct\u00fc tutkunlar\u0131n\u0131 a\u011f\u0131rl\u0131yor.","og_url":"https:\/\/e-ciftlik.com\/haberler\/seyahat\/kirantepede-yamac-parasutu-adrenalinine-davet\/","og_site_name":"E-&Ccedil;\u0130FTL\u0130K HABER","article_publisher":"https:\/\/www.facebook.com\/eciftlikturkiye","article_published_time":"2024-06-21T09:08:42+00:00","og_image":[{"width":1080,"height":612,"url":"https:\/\/e-ciftlik.com\/haberler\/wp-content\/uploads\/2024\/06\/gdK5jUhaI0O4J2XSdoeutg.jpg","type":"image\/jpeg"}],"author":"Haber Merkezi","twitter_card":"summary_large_image","twitter_creator":"@eciftlikresmi","twitter_site":"@eciftlikresmi","twitter_misc":{"Yazan:":"Haber Merkezi","Tahmini okuma s\u00fcresi":"2 dakika"},"schema":{"@context":"https:\/\/schema.org","@graph":[{"@type":"NewsArticle","@id":"https:\/\/e-ciftlik.com\/haberler\/seyahat\/kirantepede-yamac-parasutu-adrenalinine-davet\/#article","isPartOf":{"@id":"https:\/\/e-ciftlik.com\/haberler\/seyahat\/kirantepede-yamac-parasutu-adrenalinine-davet\/"},"author":{"name":"Haber Merkezi","@id":"https:\/\/e-ciftlik.com\/haberler\/#\/schema\/person\/d2f4fee3143d7f72be82cb887d51b00a"},"headline":"K\u0131rantepe&#8217;de Yama\u00e7 Para\u015f\u00fct\u00fc Adrenalinine Davet","datePublished":"2024-06-21T09:08:42+00:00","mainEntityOfPage":{"@id":"https:\/\/e-ciftlik.com\/haberler\/seyahat\/kirantepede-yamac-parasutu-adrenalinine-davet\/"},"wordCount":331,"commentCount":0,"publisher":{"@id":"https:\/\/e-ciftlik.com\/haberler\/#organization"},"image":{"@id":"https:\/\/e-ciftlik.com\/haberler\/seyahat\/kirantepede-yamac-parasutu-adrenalinine-davet\/#primaryimage"},"thumbnailUrl":"https:\/\/e-ciftlik.com\/haberler\/wp-content\/uploads\/2024\/06\/gdK5jUhaI0O4J2XSdoeutg.jpg","articleSection":["Seyahat"],"inLanguage":"tr","potentialAction":[{"@type":"CommentAction","name":"Comment","target":["https:\/\/e-ciftlik.com\/haberler\/seyahat\/kirantepede-yamac-parasutu-adrenalinine-davet\/#respond"]}]},{"@type":"WebPage","@id":"https:\/\/e-ciftlik.com\/haberler\/seyahat\/kirantepede-yamac-parasutu-adrenalinine-davet\/","url":"https:\/\/e-ciftlik.com\/haberler\/seyahat\/kirantepede-yamac-parasutu-adrenalinine-davet\/","name":"K\u0131rantepe'de Yama\u00e7 Para\u015f\u00fct\u00fc Adrenalinine Davet - E-&Ccedil;\u0130FTL\u0130K HABER","isPartOf":{"@id":"https:\/\/e-ciftlik.com\/haberler\/#website"},"primaryImageOfPage":{"@id":"https:\/\/e-ciftlik.com\/haberler\/seyahat\/kirantepede-yamac-parasutu-adrenalinine-davet\/#primaryimage"},"image":{"@id":"https:\/\/e-ciftlik.com\/haberler\/seyahat\/kirantepede-yamac-parasutu-adrenalinine-davet\/#primaryimage"},"thumbnailUrl":"https:\/\/e-ciftlik.com\/haberler\/wp-content\/uploads\/2024\/06\/gdK5jUhaI0O4J2XSdoeutg.jpg","datePublished":"2024-06-21T09:08:42+00:00","description":"Serdivan il\u00e7esinde yer alan 235 metre y\u00fcksekli\u011findeki K\u0131rantepe Sivil Havac\u0131l\u0131k Merkezi, y\u0131l\u0131n b\u00fcy\u00fck b\u00f6l\u00fcm\u00fcnde yama\u00e7 para\u015f\u00fct\u00fc tutkunlar\u0131n\u0131 a\u011f\u0131rl\u0131yor.","breadcrumb":{"@id":"https:\/\/e-ciftlik.com\/haberler\/seyahat\/kirantepede-yamac-parasutu-adrenalinine-davet\/#breadcrumb"},"inLanguage":"tr","potentialAction":[{"@type":"ReadAction","target":["https:\/\/e-ciftlik.com\/haberler\/seyahat\/kirantepede-yamac-parasutu-adrenalinine-davet\/"]}]},{"@type":"ImageObject","inLanguage":"tr","@id":"https:\/\/e-ciftlik.com\/haberler\/seyahat\/kirantepede-yamac-parasutu-adrenalinine-davet\/#primaryimage","url":"https:\/\/e-ciftlik.com\/haberler\/wp-content\/uploads\/2024\/06\/gdK5jUhaI0O4J2XSdoeutg.jpg","contentUrl":"https:\/\/e-ciftlik.com\/haberler\/wp-content\/uploads\/2024\/06\/gdK5jUhaI0O4J2XSdoeutg.jpg","width":1080,"height":612},{"@type":"BreadcrumbList","@id":"https:\/\/e-ciftlik.com\/haberler\/seyahat\/kirantepede-yamac-parasutu-adrenalinine-davet\/#breadcrumb","itemListElement":[{"@type":"ListItem","position":1,"name":"Anasayfa","item":"https:\/\/e-ciftlik.com\/haberler\/"},{"@type":"ListItem","position":2,"name":"K\u0131rantepe&#8217;de Yama\u00e7 Para\u015f\u00fct\u00fc Adrenalinine Davet"}]},{"@type":"WebSite","@id":"https:\/\/e-ciftlik.com\/haberler\/#website","url":"https:\/\/e-ciftlik.com\/haberler\/","name":"E-\u00c7iftlik Haber | G\u00fcncel, Son Dakika Haberler, En Son Haber","description":"","publisher":{"@id":"https:\/\/e-ciftlik.com\/haberler\/#organization"},"potentialAction":[{"@type":"SearchAction","target":{"@type":"EntryPoint","urlTemplate":"https:\/\/e-ciftlik.com\/haberler\/?s={search_term_string}"},"query-input":{"@type":"PropertyValueSpecification","valueRequired":true,"valueName":"search_term_string"}}],"inLanguage":"tr"},{"@type":"Organization","@id":"https:\/\/e-ciftlik.com\/haberler\/#organization","name":"E-\u00c7\u0130FTL\u0130K HABER","url":"https:\/\/e-ciftlik.com\/haberler\/","logo":{"@type":"ImageObject","inLanguage":"tr","@id":"https:\/\/e-ciftlik.com\/haberler\/#\/schema\/logo\/image\/","url":"https:\/\/e-ciftlik.com\/haberler\/wp-content\/uploads\/2024\/06\/cropped-cropped-favicon-1-2.png","contentUrl":"https:\/\/e-ciftlik.com\/haberler\/wp-content\/uploads\/2024\/06\/cropped-cropped-favicon-1-2.png","width":512,"height":512,"caption":"E-\u00c7\u0130FTL\u0130K HABER"},"image":{"@id":"https:\/\/e-ciftlik.com\/haberler\/#\/schema\/logo\/image\/"},"sameAs":["https:\/\/www.facebook.com\/eciftlikturkiye","https:\/\/x.com\/eciftlikresmi","https:\/\/www.instagram.com\/eciftlikresmi\/"]},{"@type":"Person","@id":"https:\/\/e-ciftlik.com\/haberler\/#\/schema\/person\/d2f4fee3143d7f72be82cb887d51b00a","name":"Haber Merkezi","image":{"@type":"ImageObject","inLanguage":"tr","@id":"https:\/\/secure.gravatar.com\/avatar\/6c27d641914e66c1d0452c92716002398782818991d86db1c2cccb531e7c7c82?s=96&d=mm&r=g","url":"https:\/\/secure.gravatar.com\/avatar\/6c27d641914e66c1d0452c92716002398782818991d86db1c2cccb531e7c7c82?s=96&d=mm&r=g","contentUrl":"https:\/\/secure.gravatar.com\/avatar\/6c27d641914e66c1d0452c92716002398782818991d86db1c2cccb531e7c7c82?s=96&d=mm&r=g","caption":"Haber Merkezi"},"sameAs":["http:\/\/e-ciftlik.com\/haberler"]}]}},"_links":{"self":[{"href":"https:\/\/e-ciftlik.com\/haberler\/wp-json\/wp\/v2\/posts\/5212","targetHints":{"allow":["GET"]}}],"collection":[{"href":"https:\/\/e-ciftlik.com\/haberler\/wp-json\/wp\/v2\/posts"}],"about":[{"href":"https:\/\/e-ciftlik.com\/haberler\/wp-json\/wp\/v2\/types\/post"}],"author":[{"embeddable":true,"href":"https:\/\/e-ciftlik.com\/haberler\/wp-json\/wp\/v2\/users\/1"}],"replies":[{"embeddable":true,"href":"https:\/\/e-ciftlik.com\/haberler\/wp-json\/wp\/v2\/comments?post=5212"}],"version-history":[{"count":0,"href":"https:\/\/e-ciftlik.com\/haberler\/wp-json\/wp\/v2\/posts\/5212\/revisions"}],"wp:featuredmedia":[{"embeddable":true,"href":"https:\/\/e-ciftlik.com\/haberler\/wp-json\/wp\/v2\/media\/5213"}],"wp:attachment":[{"href":"https:\/\/e-ciftlik.com\/haberler\/wp-json\/wp\/v2\/media?parent=5212"}],"wp:term":[{"taxonomy":"category","embeddable":true,"href":"https:\/\/e-ciftlik.com\/haberler\/wp-json\/wp\/v2\/categories?post=5212"},{"taxonomy":"post_tag","embeddable":true,"href":"https:\/\/e-ciftlik.com\/haberler\/wp-json\/wp\/v2\/tags?post=5212"}],"curies":[{"name":"wp","href":"https:\/\/api.w.org\/{rel}","templated":true}]}}