{"id":5216,"date":"2024-06-21T09:14:20","date_gmt":"2024-06-21T09:14:20","guid":{"rendered":"https:\/\/e-ciftlik.com\/haberler\/memur\/2024-emekli-zammi-beklentileri\/"},"modified":"2024-06-21T09:14:20","modified_gmt":"2024-06-21T09:14:20","slug":"2024-emekli-zammi-beklentileri","status":"publish","type":"post","link":"https:\/\/e-ciftlik.com\/haberler\/memur\/2024-emekli-zammi-beklentileri\/","title":{"rendered":"2024 EMEKL\u0130 ZAMMI BEKLENT\u0130LER\u0130"},"content":{"rendered":"<p>Emekli maa\u015flar\u0131na yap\u0131lan Temmuz zamm\u0131 2024 y\u0131l\u0131nda ne kadar olacak? Her y\u0131l Ocak ve Temmuz aylar\u0131nda zam alan emekliler, bu y\u0131l\u0131n ilk alt\u0131 ay\u0131nda maa\u015flar\u0131na y\u00fczde 49,25 oran\u0131nda zam alm\u0131\u015ft\u0131. Ocak, \u015eubat, Mart, Nisan ve May\u0131s aylar\u0131ndaki enflasyon verileri incelendi\u011finde ise 5 ayl\u0131k enflasyon fark\u0131n\u0131n y\u00fczde 22,72 oldu\u011fu belirlendi. Bu durumda, emekliler May\u0131s ay\u0131 itibar\u0131yla y\u00fczde 22,72 enflasyon fark\u0131n\u0131 alm\u0131\u015f oldu.<\/p>\n<p>Son Merkez Bankas\u0131 Piyasa Kat\u0131l\u0131mc\u0131lar\u0131 Anketi&#8217;ne g\u00f6re ise 6 ayl\u0131k enflasyon y\u00fczde 25,46 olarak hesapland\u0131. E\u011fer Temmuz ay\u0131nda a\u00e7\u0131klanacak olan Haziran ay\u0131 enflasyonu da benzer bir seviyede ger\u00e7ekle\u015firse emeklilerin alaca\u011f\u0131 zam oran\u0131 y\u00fczde 25,46 olacak. Bu durumda, emeklilerin Temmuz ay\u0131ndaki zam oran\u0131 enflasyon fark\u0131na ba\u011fl\u0131 olarak belirlenecek.<\/p>\n","protected":false},"excerpt":{"rendered":"<p>Emekli maa\u015flar\u0131na yap\u0131lan Temmuz zamm\u0131 2024 y\u0131l\u0131nda ne kadar olacak? Her y\u0131l Ocak ve Temmuz&hellip;<\/p>\n","protected":false},"author":1,"featured_media":5217,"comment_status":"open","ping_status":"open","sticky":false,"template":"","format":"standard","meta":{"footnotes":""},"categories":[11],"tags":[],"class_list":["post-5216","post","type-post","status-publish","format-standard","has-post-thumbnail","hentry","category-memur"],"yoast_head":"<!-- This site is optimized with the Yoast SEO Premium plugin v24.3 (Yoast SEO v27.4) - https:\/\/yoast.com\/product\/yoast-seo-premium-wordpress\/ -->\n<title>2024 EMEKL\u0130 ZAMMI BEKLENT\u0130LER\u0130 - E-&Ccedil;\u0130FTL\u0130K HABER<\/title>\n<meta name=\"description\" content=\"Emekli maa\u015flar\u0131na yap\u0131lan Temmuz zamm\u0131 2024 y\u0131l\u0131nda ne kadar olacak? Her y\u0131l Ocak ve Temmuz aylar\u0131nda zam alan emekliler, bu y\u0131l\u0131n ilk alt\u0131 ay\u0131nda\" \/>\n<meta name=\"robots\" content=\"index, follow, max-snippet:-1, max-image-preview:large, max-video-preview:-1\" \/>\n<link rel=\"canonical\" href=\"https:\/\/e-ciftlik.com\/haberler\/memur\/2024-emekli-zammi-beklentileri\/\" \/>\n<meta property=\"og:locale\" content=\"tr_TR\" \/>\n<meta property=\"og:type\" content=\"article\" \/>\n<meta property=\"og:title\" content=\"2024 EMEKL\u0130 ZAMMI BEKLENT\u0130LER\u0130\" \/>\n<meta property=\"og:description\" content=\"Emekli maa\u015flar\u0131na yap\u0131lan Temmuz zamm\u0131 2024 y\u0131l\u0131nda ne kadar olacak? Her y\u0131l Ocak ve Temmuz aylar\u0131nda zam alan emekliler, bu y\u0131l\u0131n ilk alt\u0131 ay\u0131nda\" \/>\n<meta property=\"og:url\" content=\"https:\/\/e-ciftlik.com\/haberler\/memur\/2024-emekli-zammi-beklentileri\/\" \/>\n<meta property=\"og:site_name\" content=\"E-&Ccedil;\u0130FTL\u0130K HABER\" \/>\n<meta property=\"article:publisher\" content=\"https:\/\/www.facebook.com\/eciftlikturkiye\" \/>\n<meta property=\"article:published_time\" content=\"2024-06-21T09:14:20+00:00\" \/>\n<meta property=\"og:image\" content=\"https:\/\/e-ciftlik.com\/haberler\/wp-content\/uploads\/2024\/06\/lQAdO7Kl9U61PB4e5yslyA.jpg\" \/>\n\t<meta property=\"og:image:width\" content=\"1080\" \/>\n\t<meta property=\"og:image:height\" content=\"615\" \/>\n\t<meta property=\"og:image:type\" content=\"image\/jpeg\" \/>\n<meta name=\"author\" content=\"Haber Merkezi\" \/>\n<meta name=\"twitter:card\" content=\"summary_large_image\" \/>\n<meta name=\"twitter:creator\" content=\"@eciftlikresmi\" \/>\n<meta name=\"twitter:site\" content=\"@eciftlikresmi\" \/>\n<meta name=\"twitter:label1\" content=\"Yazan:\" \/>\n\t<meta name=\"twitter:data1\" content=\"Haber Merkezi\" \/>\n\t<meta name=\"twitter:label2\" content=\"Tahmini okuma s\u00fcresi\" \/>\n\t<meta name=\"twitter:data2\" content=\"1 dakika\" \/>\n<script type=\"application\/ld+json\" class=\"yoast-schema-graph\">{\"@context\":\"https:\\\/\\\/schema.org\",\"@graph\":[{\"@type\":\"NewsArticle\",\"@id\":\"https:\\\/\\\/e-ciftlik.com\\\/haberler\\\/memur\\\/2024-emekli-zammi-beklentileri\\\/#article\",\"isPartOf\":{\"@id\":\"https:\\\/\\\/e-ciftlik.com\\\/haberler\\\/memur\\\/2024-emekli-zammi-beklentileri\\\/\"},\"author\":{\"name\":\"Haber Merkezi\",\"@id\":\"https:\\\/\\\/e-ciftlik.com\\\/haberler\\\/#\\\/schema\\\/person\\\/d2f4fee3143d7f72be82cb887d51b00a\"},\"headline\":\"2024 EMEKL\u0130 ZAMMI BEKLENT\u0130LER\u0130\",\"datePublished\":\"2024-06-21T09:14:20+00:00\",\"mainEntityOfPage\":{\"@id\":\"https:\\\/\\\/e-ciftlik.com\\\/haberler\\\/memur\\\/2024-emekli-zammi-beklentileri\\\/\"},\"wordCount\":147,\"commentCount\":0,\"publisher\":{\"@id\":\"https:\\\/\\\/e-ciftlik.com\\\/haberler\\\/#organization\"},\"image\":{\"@id\":\"https:\\\/\\\/e-ciftlik.com\\\/haberler\\\/memur\\\/2024-emekli-zammi-beklentileri\\\/#primaryimage\"},\"thumbnailUrl\":\"https:\\\/\\\/e-ciftlik.com\\\/haberler\\\/wp-content\\\/uploads\\\/2024\\\/06\\\/lQAdO7Kl9U61PB4e5yslyA.jpg\",\"articleSection\":[\"Memur\"],\"inLanguage\":\"tr\",\"potentialAction\":[{\"@type\":\"CommentAction\",\"name\":\"Comment\",\"target\":[\"https:\\\/\\\/e-ciftlik.com\\\/haberler\\\/memur\\\/2024-emekli-zammi-beklentileri\\\/#respond\"]}]},{\"@type\":\"WebPage\",\"@id\":\"https:\\\/\\\/e-ciftlik.com\\\/haberler\\\/memur\\\/2024-emekli-zammi-beklentileri\\\/\",\"url\":\"https:\\\/\\\/e-ciftlik.com\\\/haberler\\\/memur\\\/2024-emekli-zammi-beklentileri\\\/\",\"name\":\"2024 EMEKL\u0130 ZAMMI BEKLENT\u0130LER\u0130 - E-&Ccedil;\u0130FTL\u0130K HABER\",\"isPartOf\":{\"@id\":\"https:\\\/\\\/e-ciftlik.com\\\/haberler\\\/#website\"},\"primaryImageOfPage\":{\"@id\":\"https:\\\/\\\/e-ciftlik.com\\\/haberler\\\/memur\\\/2024-emekli-zammi-beklentileri\\\/#primaryimage\"},\"image\":{\"@id\":\"https:\\\/\\\/e-ciftlik.com\\\/haberler\\\/memur\\\/2024-emekli-zammi-beklentileri\\\/#primaryimage\"},\"thumbnailUrl\":\"https:\\\/\\\/e-ciftlik.com\\\/haberler\\\/wp-content\\\/uploads\\\/2024\\\/06\\\/lQAdO7Kl9U61PB4e5yslyA.jpg\",\"datePublished\":\"2024-06-21T09:14:20+00:00\",\"description\":\"Emekli maa\u015flar\u0131na yap\u0131lan Temmuz zamm\u0131 2024 y\u0131l\u0131nda ne kadar olacak? Her y\u0131l Ocak ve Temmuz aylar\u0131nda zam alan emekliler, bu y\u0131l\u0131n ilk alt\u0131 ay\u0131nda\",\"breadcrumb\":{\"@id\":\"https:\\\/\\\/e-ciftlik.com\\\/haberler\\\/memur\\\/2024-emekli-zammi-beklentileri\\\/#breadcrumb\"},\"inLanguage\":\"tr\",\"potentialAction\":[{\"@type\":\"ReadAction\",\"target\":[\"https:\\\/\\\/e-ciftlik.com\\\/haberler\\\/memur\\\/2024-emekli-zammi-beklentileri\\\/\"]}]},{\"@type\":\"ImageObject\",\"inLanguage\":\"tr\",\"@id\":\"https:\\\/\\\/e-ciftlik.com\\\/haberler\\\/memur\\\/2024-emekli-zammi-beklentileri\\\/#primaryimage\",\"url\":\"https:\\\/\\\/e-ciftlik.com\\\/haberler\\\/wp-content\\\/uploads\\\/2024\\\/06\\\/lQAdO7Kl9U61PB4e5yslyA.jpg\",\"contentUrl\":\"https:\\\/\\\/e-ciftlik.com\\\/haberler\\\/wp-content\\\/uploads\\\/2024\\\/06\\\/lQAdO7Kl9U61PB4e5yslyA.jpg\",\"width\":1080,\"height\":615},{\"@type\":\"BreadcrumbList\",\"@id\":\"https:\\\/\\\/e-ciftlik.com\\\/haberler\\\/memur\\\/2024-emekli-zammi-beklentileri\\\/#breadcrumb\",\"itemListElement\":[{\"@type\":\"ListItem\",\"position\":1,\"name\":\"Anasayfa\",\"item\":\"https:\\\/\\\/e-ciftlik.com\\\/haberler\\\/\"},{\"@type\":\"ListItem\",\"position\":2,\"name\":\"2024 EMEKL\u0130 ZAMMI BEKLENT\u0130LER\u0130\"}]},{\"@type\":\"WebSite\",\"@id\":\"https:\\\/\\\/e-ciftlik.com\\\/haberler\\\/#website\",\"url\":\"https:\\\/\\\/e-ciftlik.com\\\/haberler\\\/\",\"name\":\"E-\u00c7iftlik Haber | G\u00fcncel, Son Dakika Haberler, En Son Haber\",\"description\":\"\",\"publisher\":{\"@id\":\"https:\\\/\\\/e-ciftlik.com\\\/haberler\\\/#organization\"},\"potentialAction\":[{\"@type\":\"SearchAction\",\"target\":{\"@type\":\"EntryPoint\",\"urlTemplate\":\"https:\\\/\\\/e-ciftlik.com\\\/haberler\\\/?s={search_term_string}\"},\"query-input\":{\"@type\":\"PropertyValueSpecification\",\"valueRequired\":true,\"valueName\":\"search_term_string\"}}],\"inLanguage\":\"tr\"},{\"@type\":\"Organization\",\"@id\":\"https:\\\/\\\/e-ciftlik.com\\\/haberler\\\/#organization\",\"name\":\"E-\u00c7\u0130FTL\u0130K HABER\",\"url\":\"https:\\\/\\\/e-ciftlik.com\\\/haberler\\\/\",\"logo\":{\"@type\":\"ImageObject\",\"inLanguage\":\"tr\",\"@id\":\"https:\\\/\\\/e-ciftlik.com\\\/haberler\\\/#\\\/schema\\\/logo\\\/image\\\/\",\"url\":\"https:\\\/\\\/e-ciftlik.com\\\/haberler\\\/wp-content\\\/uploads\\\/2024\\\/06\\\/cropped-cropped-favicon-1-2.png\",\"contentUrl\":\"https:\\\/\\\/e-ciftlik.com\\\/haberler\\\/wp-content\\\/uploads\\\/2024\\\/06\\\/cropped-cropped-favicon-1-2.png\",\"width\":512,\"height\":512,\"caption\":\"E-\u00c7\u0130FTL\u0130K HABER\"},\"image\":{\"@id\":\"https:\\\/\\\/e-ciftlik.com\\\/haberler\\\/#\\\/schema\\\/logo\\\/image\\\/\"},\"sameAs\":[\"https:\\\/\\\/www.facebook.com\\\/eciftlikturkiye\",\"https:\\\/\\\/x.com\\\/eciftlikresmi\",\"https:\\\/\\\/www.instagram.com\\\/eciftlikresmi\\\/\"]},{\"@type\":\"Person\",\"@id\":\"https:\\\/\\\/e-ciftlik.com\\\/haberler\\\/#\\\/schema\\\/person\\\/d2f4fee3143d7f72be82cb887d51b00a\",\"name\":\"Haber Merkezi\",\"image\":{\"@type\":\"ImageObject\",\"inLanguage\":\"tr\",\"@id\":\"https:\\\/\\\/secure.gravatar.com\\\/avatar\\\/6c27d641914e66c1d0452c92716002398782818991d86db1c2cccb531e7c7c82?s=96&d=mm&r=g\",\"url\":\"https:\\\/\\\/secure.gravatar.com\\\/avatar\\\/6c27d641914e66c1d0452c92716002398782818991d86db1c2cccb531e7c7c82?s=96&d=mm&r=g\",\"contentUrl\":\"https:\\\/\\\/secure.gravatar.com\\\/avatar\\\/6c27d641914e66c1d0452c92716002398782818991d86db1c2cccb531e7c7c82?s=96&d=mm&r=g\",\"caption\":\"Haber Merkezi\"},\"sameAs\":[\"http:\\\/\\\/e-ciftlik.com\\\/haberler\"]}]}<\/script>\n<!-- \/ Yoast SEO Premium plugin. -->","yoast_head_json":{"title":"2024 EMEKL\u0130 ZAMMI BEKLENT\u0130LER\u0130 - E-&Ccedil;\u0130FTL\u0130K HABER","description":"Emekli maa\u015flar\u0131na yap\u0131lan Temmuz zamm\u0131 2024 y\u0131l\u0131nda ne kadar olacak? Her y\u0131l Ocak ve Temmuz aylar\u0131nda zam alan emekliler, bu y\u0131l\u0131n ilk alt\u0131 ay\u0131nda","robots":{"index":"index","follow":"follow","max-snippet":"max-snippet:-1","max-image-preview":"max-image-preview:large","max-video-preview":"max-video-preview:-1"},"canonical":"https:\/\/e-ciftlik.com\/haberler\/memur\/2024-emekli-zammi-beklentileri\/","og_locale":"tr_TR","og_type":"article","og_title":"2024 EMEKL\u0130 ZAMMI BEKLENT\u0130LER\u0130","og_description":"Emekli maa\u015flar\u0131na yap\u0131lan Temmuz zamm\u0131 2024 y\u0131l\u0131nda ne kadar olacak? Her y\u0131l Ocak ve Temmuz aylar\u0131nda zam alan emekliler, bu y\u0131l\u0131n ilk alt\u0131 ay\u0131nda","og_url":"https:\/\/e-ciftlik.com\/haberler\/memur\/2024-emekli-zammi-beklentileri\/","og_site_name":"E-&Ccedil;\u0130FTL\u0130K HABER","article_publisher":"https:\/\/www.facebook.com\/eciftlikturkiye","article_published_time":"2024-06-21T09:14:20+00:00","og_image":[{"width":1080,"height":615,"url":"https:\/\/e-ciftlik.com\/haberler\/wp-content\/uploads\/2024\/06\/lQAdO7Kl9U61PB4e5yslyA.jpg","type":"image\/jpeg"}],"author":"Haber Merkezi","twitter_card":"summary_large_image","twitter_creator":"@eciftlikresmi","twitter_site":"@eciftlikresmi","twitter_misc":{"Yazan:":"Haber Merkezi","Tahmini okuma s\u00fcresi":"1 dakika"},"schema":{"@context":"https:\/\/schema.org","@graph":[{"@type":"NewsArticle","@id":"https:\/\/e-ciftlik.com\/haberler\/memur\/2024-emekli-zammi-beklentileri\/#article","isPartOf":{"@id":"https:\/\/e-ciftlik.com\/haberler\/memur\/2024-emekli-zammi-beklentileri\/"},"author":{"name":"Haber Merkezi","@id":"https:\/\/e-ciftlik.com\/haberler\/#\/schema\/person\/d2f4fee3143d7f72be82cb887d51b00a"},"headline":"2024 EMEKL\u0130 ZAMMI BEKLENT\u0130LER\u0130","datePublished":"2024-06-21T09:14:20+00:00","mainEntityOfPage":{"@id":"https:\/\/e-ciftlik.com\/haberler\/memur\/2024-emekli-zammi-beklentileri\/"},"wordCount":147,"commentCount":0,"publisher":{"@id":"https:\/\/e-ciftlik.com\/haberler\/#organization"},"image":{"@id":"https:\/\/e-ciftlik.com\/haberler\/memur\/2024-emekli-zammi-beklentileri\/#primaryimage"},"thumbnailUrl":"https:\/\/e-ciftlik.com\/haberler\/wp-content\/uploads\/2024\/06\/lQAdO7Kl9U61PB4e5yslyA.jpg","articleSection":["Memur"],"inLanguage":"tr","potentialAction":[{"@type":"CommentAction","name":"Comment","target":["https:\/\/e-ciftlik.com\/haberler\/memur\/2024-emekli-zammi-beklentileri\/#respond"]}]},{"@type":"WebPage","@id":"https:\/\/e-ciftlik.com\/haberler\/memur\/2024-emekli-zammi-beklentileri\/","url":"https:\/\/e-ciftlik.com\/haberler\/memur\/2024-emekli-zammi-beklentileri\/","name":"2024 EMEKL\u0130 ZAMMI BEKLENT\u0130LER\u0130 - E-&Ccedil;\u0130FTL\u0130K HABER","isPartOf":{"@id":"https:\/\/e-ciftlik.com\/haberler\/#website"},"primaryImageOfPage":{"@id":"https:\/\/e-ciftlik.com\/haberler\/memur\/2024-emekli-zammi-beklentileri\/#primaryimage"},"image":{"@id":"https:\/\/e-ciftlik.com\/haberler\/memur\/2024-emekli-zammi-beklentileri\/#primaryimage"},"thumbnailUrl":"https:\/\/e-ciftlik.com\/haberler\/wp-content\/uploads\/2024\/06\/lQAdO7Kl9U61PB4e5yslyA.jpg","datePublished":"2024-06-21T09:14:20+00:00","description":"Emekli maa\u015flar\u0131na yap\u0131lan Temmuz zamm\u0131 2024 y\u0131l\u0131nda ne kadar olacak? Her y\u0131l Ocak ve Temmuz aylar\u0131nda zam alan emekliler, bu y\u0131l\u0131n ilk alt\u0131 ay\u0131nda","breadcrumb":{"@id":"https:\/\/e-ciftlik.com\/haberler\/memur\/2024-emekli-zammi-beklentileri\/#breadcrumb"},"inLanguage":"tr","potentialAction":[{"@type":"ReadAction","target":["https:\/\/e-ciftlik.com\/haberler\/memur\/2024-emekli-zammi-beklentileri\/"]}]},{"@type":"ImageObject","inLanguage":"tr","@id":"https:\/\/e-ciftlik.com\/haberler\/memur\/2024-emekli-zammi-beklentileri\/#primaryimage","url":"https:\/\/e-ciftlik.com\/haberler\/wp-content\/uploads\/2024\/06\/lQAdO7Kl9U61PB4e5yslyA.jpg","contentUrl":"https:\/\/e-ciftlik.com\/haberler\/wp-content\/uploads\/2024\/06\/lQAdO7Kl9U61PB4e5yslyA.jpg","width":1080,"height":615},{"@type":"BreadcrumbList","@id":"https:\/\/e-ciftlik.com\/haberler\/memur\/2024-emekli-zammi-beklentileri\/#breadcrumb","itemListElement":[{"@type":"ListItem","position":1,"name":"Anasayfa","item":"https:\/\/e-ciftlik.com\/haberler\/"},{"@type":"ListItem","position":2,"name":"2024 EMEKL\u0130 ZAMMI BEKLENT\u0130LER\u0130"}]},{"@type":"WebSite","@id":"https:\/\/e-ciftlik.com\/haberler\/#website","url":"https:\/\/e-ciftlik.com\/haberler\/","name":"E-\u00c7iftlik Haber | G\u00fcncel, Son Dakika Haberler, En Son Haber","description":"","publisher":{"@id":"https:\/\/e-ciftlik.com\/haberler\/#organization"},"potentialAction":[{"@type":"SearchAction","target":{"@type":"EntryPoint","urlTemplate":"https:\/\/e-ciftlik.com\/haberler\/?s={search_term_string}"},"query-input":{"@type":"PropertyValueSpecification","valueRequired":true,"valueName":"search_term_string"}}],"inLanguage":"tr"},{"@type":"Organization","@id":"https:\/\/e-ciftlik.com\/haberler\/#organization","name":"E-\u00c7\u0130FTL\u0130K HABER","url":"https:\/\/e-ciftlik.com\/haberler\/","logo":{"@type":"ImageObject","inLanguage":"tr","@id":"https:\/\/e-ciftlik.com\/haberler\/#\/schema\/logo\/image\/","url":"https:\/\/e-ciftlik.com\/haberler\/wp-content\/uploads\/2024\/06\/cropped-cropped-favicon-1-2.png","contentUrl":"https:\/\/e-ciftlik.com\/haberler\/wp-content\/uploads\/2024\/06\/cropped-cropped-favicon-1-2.png","width":512,"height":512,"caption":"E-\u00c7\u0130FTL\u0130K HABER"},"image":{"@id":"https:\/\/e-ciftlik.com\/haberler\/#\/schema\/logo\/image\/"},"sameAs":["https:\/\/www.facebook.com\/eciftlikturkiye","https:\/\/x.com\/eciftlikresmi","https:\/\/www.instagram.com\/eciftlikresmi\/"]},{"@type":"Person","@id":"https:\/\/e-ciftlik.com\/haberler\/#\/schema\/person\/d2f4fee3143d7f72be82cb887d51b00a","name":"Haber Merkezi","image":{"@type":"ImageObject","inLanguage":"tr","@id":"https:\/\/secure.gravatar.com\/avatar\/6c27d641914e66c1d0452c92716002398782818991d86db1c2cccb531e7c7c82?s=96&d=mm&r=g","url":"https:\/\/secure.gravatar.com\/avatar\/6c27d641914e66c1d0452c92716002398782818991d86db1c2cccb531e7c7c82?s=96&d=mm&r=g","contentUrl":"https:\/\/secure.gravatar.com\/avatar\/6c27d641914e66c1d0452c92716002398782818991d86db1c2cccb531e7c7c82?s=96&d=mm&r=g","caption":"Haber Merkezi"},"sameAs":["http:\/\/e-ciftlik.com\/haberler"]}]}},"_links":{"self":[{"href":"https:\/\/e-ciftlik.com\/haberler\/wp-json\/wp\/v2\/posts\/5216","targetHints":{"allow":["GET"]}}],"collection":[{"href":"https:\/\/e-ciftlik.com\/haberler\/wp-json\/wp\/v2\/posts"}],"about":[{"href":"https:\/\/e-ciftlik.com\/haberler\/wp-json\/wp\/v2\/types\/post"}],"author":[{"embeddable":true,"href":"https:\/\/e-ciftlik.com\/haberler\/wp-json\/wp\/v2\/users\/1"}],"replies":[{"embeddable":true,"href":"https:\/\/e-ciftlik.com\/haberler\/wp-json\/wp\/v2\/comments?post=5216"}],"version-history":[{"count":0,"href":"https:\/\/e-ciftlik.com\/haberler\/wp-json\/wp\/v2\/posts\/5216\/revisions"}],"wp:featuredmedia":[{"embeddable":true,"href":"https:\/\/e-ciftlik.com\/haberler\/wp-json\/wp\/v2\/media\/5217"}],"wp:attachment":[{"href":"https:\/\/e-ciftlik.com\/haberler\/wp-json\/wp\/v2\/media?parent=5216"}],"wp:term":[{"taxonomy":"category","embeddable":true,"href":"https:\/\/e-ciftlik.com\/haberler\/wp-json\/wp\/v2\/categories?post=5216"},{"taxonomy":"post_tag","embeddable":true,"href":"https:\/\/e-ciftlik.com\/haberler\/wp-json\/wp\/v2\/tags?post=5216"}],"curies":[{"name":"wp","href":"https:\/\/api.w.org\/{rel}","templated":true}]}}