{"id":5218,"date":"2024-06-21T09:15:28","date_gmt":"2024-06-21T09:15:28","guid":{"rendered":"https:\/\/e-ciftlik.com\/haberler\/gundem\/irak-kuzeyinde-pkkya-darbe-4-terorist-olduruldu\/"},"modified":"2024-06-21T09:15:28","modified_gmt":"2024-06-21T09:15:28","slug":"irak-kuzeyinde-pkkya-darbe-4-terorist-olduruldu","status":"publish","type":"post","link":"https:\/\/e-ciftlik.com\/haberler\/gundem\/irak-kuzeyinde-pkkya-darbe-4-terorist-olduruldu\/","title":{"rendered":"Irak Kuzeyinde PKK&#8217;ya Darbe: 4 Ter\u00f6rist \u00d6ld\u00fcr\u00fcld\u00fc"},"content":{"rendered":"<p>Irak&#8217;\u0131n Kuzeyinde PKK&#8217;ya Y\u00f6nelik Hava Harekat\u0131 Sonucu 4 Militan Etkisiz Hale Getirildi<\/p>\n<p>Irak&#8217;\u0131n kuzey b\u00f6lgesinde ger\u00e7ekle\u015ftirilen hava sald\u0131r\u0131s\u0131nda tespit edilen 4 PKK militan\u0131n\u0131n etkisiz hale getirildi\u011fi bildirildi. Milli Savunma Bakanl\u0131\u011f\u0131 taraf\u0131ndan yap\u0131lan a\u00e7\u0131klamada, PKK&#8217;l\u0131 ter\u00f6ristlere y\u00f6nelik operasyonun ba\u015far\u0131l\u0131 bir \u015fekilde sonu\u00e7land\u0131\u011f\u0131 belirtildi.<\/p>\n<p>Operasyonun tarihi, 21 Haziran 2024 Cuma g\u00fcn\u00fc olarak kaydedildi. Hava harekat\u0131, Irak&#8217;\u0131n kuzey b\u00f6lgesindeki PKK hedeflerine y\u00f6nelik ger\u00e7ekle\u015ftirilen belirleyici bir darbe olarak nitelendiriliyor. Operasyonun hedefinde olan Kandil b\u00f6lgesindeki hedeflere d\u00fczenlenen sald\u0131r\u0131da 4 militan\u0131n etkisiz hale getirilmesi, ter\u00f6r \u00f6rg\u00fct\u00fc PKK&#8217;ya kar\u015f\u0131 s\u00fcrd\u00fcr\u00fclen kararl\u0131 m\u00fccadelenin bir par\u00e7as\u0131 oldu.<\/p>\n<p>Bu ba\u015far\u0131l\u0131 operasyon, T\u00fcrk Silahl\u0131 Kuvvetleri&#8217;nin PKK ter\u00f6r \u00f6rg\u00fct\u00fcyle m\u00fccadelesindeki kararl\u0131l\u0131\u011f\u0131n\u0131 bir kez daha ortaya koydu. PKK&#8217;n\u0131n b\u00f6lgedeki faaliyetlerine kar\u015f\u0131 ger\u00e7ekle\u015ftirilen operasyonlar, ter\u00f6r \u00f6rg\u00fct\u00fcn\u00fcn etkisiz hale getirilmesi ve b\u00f6lgedeki huzur ve g\u00fcvenli\u011fin sa\u011flanmas\u0131 i\u00e7in \u00f6nemli bir ad\u0131m olarak de\u011ferlendiriliyor. Operasyonun detaylar\u0131 ve sonu\u00e7lar\u0131yla ilgili \u00e7al\u0131\u015fmalar\u0131n devam etti\u011fi belirtildi.<\/p>\n","protected":false},"excerpt":{"rendered":"<p>Irak&#8217;\u0131n Kuzeyinde PKK&#8217;ya Y\u00f6nelik Hava Harekat\u0131 Sonucu 4 Militan Etkisiz Hale Getirildi Irak&#8217;\u0131n kuzey b\u00f6lgesinde&hellip;<\/p>\n","protected":false},"author":1,"featured_media":5219,"comment_status":"open","ping_status":"open","sticky":false,"template":"","format":"standard","meta":{"footnotes":""},"categories":[10],"tags":[],"class_list":["post-5218","post","type-post","status-publish","format-standard","has-post-thumbnail","hentry","category-gundem"],"yoast_head":"<!-- This site is optimized with the Yoast SEO Premium plugin v24.3 (Yoast SEO v27.4) - https:\/\/yoast.com\/product\/yoast-seo-premium-wordpress\/ -->\n<title>Irak Kuzeyinde PKK&#039;ya Darbe: 4 Ter\u00f6rist \u00d6ld\u00fcr\u00fcld\u00fc - E-&Ccedil;\u0130FTL\u0130K HABER<\/title>\n<meta name=\"description\" content=\"Irak&#039;\u0131n Kuzeyinde PKK&#039;ya Y\u00f6nelik Hava Harekat\u0131 Sonucu 4 Militan Etkisiz Hale Getirildi Irak&#039;\u0131n kuzey b\u00f6lgesinde ger\u00e7ekle\u015ftirilen hava sald\u0131r\u0131s\u0131nda tespit\" \/>\n<meta name=\"robots\" content=\"index, follow, max-snippet:-1, max-image-preview:large, max-video-preview:-1\" \/>\n<link rel=\"canonical\" href=\"http:\/\/e-ciftlik.com\/haberler\/gundem\/irak-kuzeyinde-pkkya-darbe-4-terorist-olduruldu\/\" \/>\n<meta property=\"og:locale\" content=\"tr_TR\" \/>\n<meta property=\"og:type\" content=\"article\" \/>\n<meta property=\"og:title\" content=\"Irak Kuzeyinde PKK&#039;ya Darbe: 4 Ter\u00f6rist \u00d6ld\u00fcr\u00fcld\u00fc\" \/>\n<meta property=\"og:description\" content=\"Irak&#039;\u0131n Kuzeyinde PKK&#039;ya Y\u00f6nelik Hava Harekat\u0131 Sonucu 4 Militan Etkisiz Hale Getirildi Irak&#039;\u0131n kuzey b\u00f6lgesinde ger\u00e7ekle\u015ftirilen hava sald\u0131r\u0131s\u0131nda tespit\" \/>\n<meta property=\"og:url\" content=\"http:\/\/e-ciftlik.com\/haberler\/gundem\/irak-kuzeyinde-pkkya-darbe-4-terorist-olduruldu\/\" \/>\n<meta property=\"og:site_name\" content=\"E-&Ccedil;\u0130FTL\u0130K HABER\" \/>\n<meta property=\"article:publisher\" content=\"https:\/\/www.facebook.com\/eciftlikturkiye\" \/>\n<meta property=\"article:published_time\" content=\"2024-06-21T09:15:28+00:00\" \/>\n<meta property=\"og:image\" content=\"http:\/\/e-ciftlik.com\/haberler\/wp-content\/uploads\/2024\/06\/irakin-kuzeyinde-pkkya-darbe-4u-daha-olduruldu-1718960734347.jpeg\" \/>\n\t<meta property=\"og:image:width\" content=\"1200\" \/>\n\t<meta property=\"og:image:height\" content=\"675\" \/>\n\t<meta property=\"og:image:type\" content=\"image\/jpeg\" \/>\n<meta name=\"author\" content=\"Haber Merkezi\" \/>\n<meta name=\"twitter:card\" content=\"summary_large_image\" \/>\n<meta name=\"twitter:creator\" content=\"@eciftlikresmi\" \/>\n<meta name=\"twitter:site\" content=\"@eciftlikresmi\" \/>\n<meta name=\"twitter:label1\" content=\"Yazan:\" \/>\n\t<meta name=\"twitter:data1\" content=\"Haber Merkezi\" \/>\n\t<meta name=\"twitter:label2\" content=\"Tahmini okuma s\u00fcresi\" \/>\n\t<meta name=\"twitter:data2\" content=\"1 dakika\" \/>\n<script type=\"application\/ld+json\" class=\"yoast-schema-graph\">{\"@context\":\"https:\\\/\\\/schema.org\",\"@graph\":[{\"@type\":\"NewsArticle\",\"@id\":\"http:\\\/\\\/e-ciftlik.com\\\/haberler\\\/gundem\\\/irak-kuzeyinde-pkkya-darbe-4-terorist-olduruldu\\\/#article\",\"isPartOf\":{\"@id\":\"http:\\\/\\\/e-ciftlik.com\\\/haberler\\\/gundem\\\/irak-kuzeyinde-pkkya-darbe-4-terorist-olduruldu\\\/\"},\"author\":{\"name\":\"Haber Merkezi\",\"@id\":\"https:\\\/\\\/e-ciftlik.com\\\/haberler\\\/#\\\/schema\\\/person\\\/d2f4fee3143d7f72be82cb887d51b00a\"},\"headline\":\"Irak Kuzeyinde PKK&#8217;ya Darbe: 4 Ter\u00f6rist \u00d6ld\u00fcr\u00fcld\u00fc\",\"datePublished\":\"2024-06-21T09:15:28+00:00\",\"mainEntityOfPage\":{\"@id\":\"http:\\\/\\\/e-ciftlik.com\\\/haberler\\\/gundem\\\/irak-kuzeyinde-pkkya-darbe-4-terorist-olduruldu\\\/\"},\"wordCount\":213,\"commentCount\":0,\"publisher\":{\"@id\":\"https:\\\/\\\/e-ciftlik.com\\\/haberler\\\/#organization\"},\"image\":{\"@id\":\"http:\\\/\\\/e-ciftlik.com\\\/haberler\\\/gundem\\\/irak-kuzeyinde-pkkya-darbe-4-terorist-olduruldu\\\/#primaryimage\"},\"thumbnailUrl\":\"https:\\\/\\\/e-ciftlik.com\\\/haberler\\\/wp-content\\\/uploads\\\/2024\\\/06\\\/irakin-kuzeyinde-pkkya-darbe-4u-daha-olduruldu-1718960734347.jpeg\",\"articleSection\":[\"G\u00fcndem\"],\"inLanguage\":\"tr\",\"potentialAction\":[{\"@type\":\"CommentAction\",\"name\":\"Comment\",\"target\":[\"http:\\\/\\\/e-ciftlik.com\\\/haberler\\\/gundem\\\/irak-kuzeyinde-pkkya-darbe-4-terorist-olduruldu\\\/#respond\"]}]},{\"@type\":\"WebPage\",\"@id\":\"http:\\\/\\\/e-ciftlik.com\\\/haberler\\\/gundem\\\/irak-kuzeyinde-pkkya-darbe-4-terorist-olduruldu\\\/\",\"url\":\"http:\\\/\\\/e-ciftlik.com\\\/haberler\\\/gundem\\\/irak-kuzeyinde-pkkya-darbe-4-terorist-olduruldu\\\/\",\"name\":\"Irak Kuzeyinde PKK'ya Darbe: 4 Ter\u00f6rist \u00d6ld\u00fcr\u00fcld\u00fc - E-&Ccedil;\u0130FTL\u0130K HABER\",\"isPartOf\":{\"@id\":\"https:\\\/\\\/e-ciftlik.com\\\/haberler\\\/#website\"},\"primaryImageOfPage\":{\"@id\":\"http:\\\/\\\/e-ciftlik.com\\\/haberler\\\/gundem\\\/irak-kuzeyinde-pkkya-darbe-4-terorist-olduruldu\\\/#primaryimage\"},\"image\":{\"@id\":\"http:\\\/\\\/e-ciftlik.com\\\/haberler\\\/gundem\\\/irak-kuzeyinde-pkkya-darbe-4-terorist-olduruldu\\\/#primaryimage\"},\"thumbnailUrl\":\"https:\\\/\\\/e-ciftlik.com\\\/haberler\\\/wp-content\\\/uploads\\\/2024\\\/06\\\/irakin-kuzeyinde-pkkya-darbe-4u-daha-olduruldu-1718960734347.jpeg\",\"datePublished\":\"2024-06-21T09:15:28+00:00\",\"description\":\"Irak'\u0131n Kuzeyinde PKK'ya Y\u00f6nelik Hava Harekat\u0131 Sonucu 4 Militan Etkisiz Hale Getirildi Irak'\u0131n kuzey b\u00f6lgesinde ger\u00e7ekle\u015ftirilen hava sald\u0131r\u0131s\u0131nda tespit\",\"breadcrumb\":{\"@id\":\"http:\\\/\\\/e-ciftlik.com\\\/haberler\\\/gundem\\\/irak-kuzeyinde-pkkya-darbe-4-terorist-olduruldu\\\/#breadcrumb\"},\"inLanguage\":\"tr\",\"potentialAction\":[{\"@type\":\"ReadAction\",\"target\":[\"http:\\\/\\\/e-ciftlik.com\\\/haberler\\\/gundem\\\/irak-kuzeyinde-pkkya-darbe-4-terorist-olduruldu\\\/\"]}]},{\"@type\":\"ImageObject\",\"inLanguage\":\"tr\",\"@id\":\"http:\\\/\\\/e-ciftlik.com\\\/haberler\\\/gundem\\\/irak-kuzeyinde-pkkya-darbe-4-terorist-olduruldu\\\/#primaryimage\",\"url\":\"https:\\\/\\\/e-ciftlik.com\\\/haberler\\\/wp-content\\\/uploads\\\/2024\\\/06\\\/irakin-kuzeyinde-pkkya-darbe-4u-daha-olduruldu-1718960734347.jpeg\",\"contentUrl\":\"https:\\\/\\\/e-ciftlik.com\\\/haberler\\\/wp-content\\\/uploads\\\/2024\\\/06\\\/irakin-kuzeyinde-pkkya-darbe-4u-daha-olduruldu-1718960734347.jpeg\",\"width\":1200,\"height\":675},{\"@type\":\"BreadcrumbList\",\"@id\":\"http:\\\/\\\/e-ciftlik.com\\\/haberler\\\/gundem\\\/irak-kuzeyinde-pkkya-darbe-4-terorist-olduruldu\\\/#breadcrumb\",\"itemListElement\":[{\"@type\":\"ListItem\",\"position\":1,\"name\":\"Anasayfa\",\"item\":\"https:\\\/\\\/e-ciftlik.com\\\/haberler\\\/\"},{\"@type\":\"ListItem\",\"position\":2,\"name\":\"Irak Kuzeyinde PKK&#8217;ya Darbe: 4 Ter\u00f6rist \u00d6ld\u00fcr\u00fcld\u00fc\"}]},{\"@type\":\"WebSite\",\"@id\":\"https:\\\/\\\/e-ciftlik.com\\\/haberler\\\/#website\",\"url\":\"https:\\\/\\\/e-ciftlik.com\\\/haberler\\\/\",\"name\":\"E-\u00c7iftlik Haber | G\u00fcncel, Son Dakika Haberler, En Son Haber\",\"description\":\"\",\"publisher\":{\"@id\":\"https:\\\/\\\/e-ciftlik.com\\\/haberler\\\/#organization\"},\"potentialAction\":[{\"@type\":\"SearchAction\",\"target\":{\"@type\":\"EntryPoint\",\"urlTemplate\":\"https:\\\/\\\/e-ciftlik.com\\\/haberler\\\/?s={search_term_string}\"},\"query-input\":{\"@type\":\"PropertyValueSpecification\",\"valueRequired\":true,\"valueName\":\"search_term_string\"}}],\"inLanguage\":\"tr\"},{\"@type\":\"Organization\",\"@id\":\"https:\\\/\\\/e-ciftlik.com\\\/haberler\\\/#organization\",\"name\":\"E-\u00c7\u0130FTL\u0130K HABER\",\"url\":\"https:\\\/\\\/e-ciftlik.com\\\/haberler\\\/\",\"logo\":{\"@type\":\"ImageObject\",\"inLanguage\":\"tr\",\"@id\":\"https:\\\/\\\/e-ciftlik.com\\\/haberler\\\/#\\\/schema\\\/logo\\\/image\\\/\",\"url\":\"https:\\\/\\\/e-ciftlik.com\\\/haberler\\\/wp-content\\\/uploads\\\/2024\\\/06\\\/cropped-cropped-favicon-1-2.png\",\"contentUrl\":\"https:\\\/\\\/e-ciftlik.com\\\/haberler\\\/wp-content\\\/uploads\\\/2024\\\/06\\\/cropped-cropped-favicon-1-2.png\",\"width\":512,\"height\":512,\"caption\":\"E-\u00c7\u0130FTL\u0130K HABER\"},\"image\":{\"@id\":\"https:\\\/\\\/e-ciftlik.com\\\/haberler\\\/#\\\/schema\\\/logo\\\/image\\\/\"},\"sameAs\":[\"https:\\\/\\\/www.facebook.com\\\/eciftlikturkiye\",\"https:\\\/\\\/x.com\\\/eciftlikresmi\",\"https:\\\/\\\/www.instagram.com\\\/eciftlikresmi\\\/\"]},{\"@type\":\"Person\",\"@id\":\"https:\\\/\\\/e-ciftlik.com\\\/haberler\\\/#\\\/schema\\\/person\\\/d2f4fee3143d7f72be82cb887d51b00a\",\"name\":\"Haber Merkezi\",\"image\":{\"@type\":\"ImageObject\",\"inLanguage\":\"tr\",\"@id\":\"https:\\\/\\\/secure.gravatar.com\\\/avatar\\\/6c27d641914e66c1d0452c92716002398782818991d86db1c2cccb531e7c7c82?s=96&d=mm&r=g\",\"url\":\"https:\\\/\\\/secure.gravatar.com\\\/avatar\\\/6c27d641914e66c1d0452c92716002398782818991d86db1c2cccb531e7c7c82?s=96&d=mm&r=g\",\"contentUrl\":\"https:\\\/\\\/secure.gravatar.com\\\/avatar\\\/6c27d641914e66c1d0452c92716002398782818991d86db1c2cccb531e7c7c82?s=96&d=mm&r=g\",\"caption\":\"Haber Merkezi\"},\"sameAs\":[\"http:\\\/\\\/e-ciftlik.com\\\/haberler\"]}]}<\/script>\n<!-- \/ Yoast SEO Premium plugin. -->","yoast_head_json":{"title":"Irak Kuzeyinde PKK'ya Darbe: 4 Ter\u00f6rist \u00d6ld\u00fcr\u00fcld\u00fc - E-&Ccedil;\u0130FTL\u0130K HABER","description":"Irak'\u0131n Kuzeyinde PKK'ya Y\u00f6nelik Hava Harekat\u0131 Sonucu 4 Militan Etkisiz Hale Getirildi Irak'\u0131n kuzey b\u00f6lgesinde ger\u00e7ekle\u015ftirilen hava sald\u0131r\u0131s\u0131nda tespit","robots":{"index":"index","follow":"follow","max-snippet":"max-snippet:-1","max-image-preview":"max-image-preview:large","max-video-preview":"max-video-preview:-1"},"canonical":"http:\/\/e-ciftlik.com\/haberler\/gundem\/irak-kuzeyinde-pkkya-darbe-4-terorist-olduruldu\/","og_locale":"tr_TR","og_type":"article","og_title":"Irak Kuzeyinde PKK'ya Darbe: 4 Ter\u00f6rist \u00d6ld\u00fcr\u00fcld\u00fc","og_description":"Irak'\u0131n Kuzeyinde PKK'ya Y\u00f6nelik Hava Harekat\u0131 Sonucu 4 Militan Etkisiz Hale Getirildi Irak'\u0131n kuzey b\u00f6lgesinde ger\u00e7ekle\u015ftirilen hava sald\u0131r\u0131s\u0131nda tespit","og_url":"http:\/\/e-ciftlik.com\/haberler\/gundem\/irak-kuzeyinde-pkkya-darbe-4-terorist-olduruldu\/","og_site_name":"E-&Ccedil;\u0130FTL\u0130K HABER","article_publisher":"https:\/\/www.facebook.com\/eciftlikturkiye","article_published_time":"2024-06-21T09:15:28+00:00","og_image":[{"width":1200,"height":675,"url":"http:\/\/e-ciftlik.com\/haberler\/wp-content\/uploads\/2024\/06\/irakin-kuzeyinde-pkkya-darbe-4u-daha-olduruldu-1718960734347.jpeg","type":"image\/jpeg"}],"author":"Haber Merkezi","twitter_card":"summary_large_image","twitter_creator":"@eciftlikresmi","twitter_site":"@eciftlikresmi","twitter_misc":{"Yazan:":"Haber Merkezi","Tahmini okuma s\u00fcresi":"1 dakika"},"schema":{"@context":"https:\/\/schema.org","@graph":[{"@type":"NewsArticle","@id":"http:\/\/e-ciftlik.com\/haberler\/gundem\/irak-kuzeyinde-pkkya-darbe-4-terorist-olduruldu\/#article","isPartOf":{"@id":"http:\/\/e-ciftlik.com\/haberler\/gundem\/irak-kuzeyinde-pkkya-darbe-4-terorist-olduruldu\/"},"author":{"name":"Haber Merkezi","@id":"https:\/\/e-ciftlik.com\/haberler\/#\/schema\/person\/d2f4fee3143d7f72be82cb887d51b00a"},"headline":"Irak Kuzeyinde PKK&#8217;ya Darbe: 4 Ter\u00f6rist \u00d6ld\u00fcr\u00fcld\u00fc","datePublished":"2024-06-21T09:15:28+00:00","mainEntityOfPage":{"@id":"http:\/\/e-ciftlik.com\/haberler\/gundem\/irak-kuzeyinde-pkkya-darbe-4-terorist-olduruldu\/"},"wordCount":213,"commentCount":0,"publisher":{"@id":"https:\/\/e-ciftlik.com\/haberler\/#organization"},"image":{"@id":"http:\/\/e-ciftlik.com\/haberler\/gundem\/irak-kuzeyinde-pkkya-darbe-4-terorist-olduruldu\/#primaryimage"},"thumbnailUrl":"https:\/\/e-ciftlik.com\/haberler\/wp-content\/uploads\/2024\/06\/irakin-kuzeyinde-pkkya-darbe-4u-daha-olduruldu-1718960734347.jpeg","articleSection":["G\u00fcndem"],"inLanguage":"tr","potentialAction":[{"@type":"CommentAction","name":"Comment","target":["http:\/\/e-ciftlik.com\/haberler\/gundem\/irak-kuzeyinde-pkkya-darbe-4-terorist-olduruldu\/#respond"]}]},{"@type":"WebPage","@id":"http:\/\/e-ciftlik.com\/haberler\/gundem\/irak-kuzeyinde-pkkya-darbe-4-terorist-olduruldu\/","url":"http:\/\/e-ciftlik.com\/haberler\/gundem\/irak-kuzeyinde-pkkya-darbe-4-terorist-olduruldu\/","name":"Irak Kuzeyinde PKK'ya Darbe: 4 Ter\u00f6rist \u00d6ld\u00fcr\u00fcld\u00fc - E-&Ccedil;\u0130FTL\u0130K HABER","isPartOf":{"@id":"https:\/\/e-ciftlik.com\/haberler\/#website"},"primaryImageOfPage":{"@id":"http:\/\/e-ciftlik.com\/haberler\/gundem\/irak-kuzeyinde-pkkya-darbe-4-terorist-olduruldu\/#primaryimage"},"image":{"@id":"http:\/\/e-ciftlik.com\/haberler\/gundem\/irak-kuzeyinde-pkkya-darbe-4-terorist-olduruldu\/#primaryimage"},"thumbnailUrl":"https:\/\/e-ciftlik.com\/haberler\/wp-content\/uploads\/2024\/06\/irakin-kuzeyinde-pkkya-darbe-4u-daha-olduruldu-1718960734347.jpeg","datePublished":"2024-06-21T09:15:28+00:00","description":"Irak'\u0131n Kuzeyinde PKK'ya Y\u00f6nelik Hava Harekat\u0131 Sonucu 4 Militan Etkisiz Hale Getirildi Irak'\u0131n kuzey b\u00f6lgesinde ger\u00e7ekle\u015ftirilen hava sald\u0131r\u0131s\u0131nda tespit","breadcrumb":{"@id":"http:\/\/e-ciftlik.com\/haberler\/gundem\/irak-kuzeyinde-pkkya-darbe-4-terorist-olduruldu\/#breadcrumb"},"inLanguage":"tr","potentialAction":[{"@type":"ReadAction","target":["http:\/\/e-ciftlik.com\/haberler\/gundem\/irak-kuzeyinde-pkkya-darbe-4-terorist-olduruldu\/"]}]},{"@type":"ImageObject","inLanguage":"tr","@id":"http:\/\/e-ciftlik.com\/haberler\/gundem\/irak-kuzeyinde-pkkya-darbe-4-terorist-olduruldu\/#primaryimage","url":"https:\/\/e-ciftlik.com\/haberler\/wp-content\/uploads\/2024\/06\/irakin-kuzeyinde-pkkya-darbe-4u-daha-olduruldu-1718960734347.jpeg","contentUrl":"https:\/\/e-ciftlik.com\/haberler\/wp-content\/uploads\/2024\/06\/irakin-kuzeyinde-pkkya-darbe-4u-daha-olduruldu-1718960734347.jpeg","width":1200,"height":675},{"@type":"BreadcrumbList","@id":"http:\/\/e-ciftlik.com\/haberler\/gundem\/irak-kuzeyinde-pkkya-darbe-4-terorist-olduruldu\/#breadcrumb","itemListElement":[{"@type":"ListItem","position":1,"name":"Anasayfa","item":"https:\/\/e-ciftlik.com\/haberler\/"},{"@type":"ListItem","position":2,"name":"Irak Kuzeyinde PKK&#8217;ya Darbe: 4 Ter\u00f6rist \u00d6ld\u00fcr\u00fcld\u00fc"}]},{"@type":"WebSite","@id":"https:\/\/e-ciftlik.com\/haberler\/#website","url":"https:\/\/e-ciftlik.com\/haberler\/","name":"E-\u00c7iftlik Haber | G\u00fcncel, Son Dakika Haberler, En Son Haber","description":"","publisher":{"@id":"https:\/\/e-ciftlik.com\/haberler\/#organization"},"potentialAction":[{"@type":"SearchAction","target":{"@type":"EntryPoint","urlTemplate":"https:\/\/e-ciftlik.com\/haberler\/?s={search_term_string}"},"query-input":{"@type":"PropertyValueSpecification","valueRequired":true,"valueName":"search_term_string"}}],"inLanguage":"tr"},{"@type":"Organization","@id":"https:\/\/e-ciftlik.com\/haberler\/#organization","name":"E-\u00c7\u0130FTL\u0130K HABER","url":"https:\/\/e-ciftlik.com\/haberler\/","logo":{"@type":"ImageObject","inLanguage":"tr","@id":"https:\/\/e-ciftlik.com\/haberler\/#\/schema\/logo\/image\/","url":"https:\/\/e-ciftlik.com\/haberler\/wp-content\/uploads\/2024\/06\/cropped-cropped-favicon-1-2.png","contentUrl":"https:\/\/e-ciftlik.com\/haberler\/wp-content\/uploads\/2024\/06\/cropped-cropped-favicon-1-2.png","width":512,"height":512,"caption":"E-\u00c7\u0130FTL\u0130K HABER"},"image":{"@id":"https:\/\/e-ciftlik.com\/haberler\/#\/schema\/logo\/image\/"},"sameAs":["https:\/\/www.facebook.com\/eciftlikturkiye","https:\/\/x.com\/eciftlikresmi","https:\/\/www.instagram.com\/eciftlikresmi\/"]},{"@type":"Person","@id":"https:\/\/e-ciftlik.com\/haberler\/#\/schema\/person\/d2f4fee3143d7f72be82cb887d51b00a","name":"Haber Merkezi","image":{"@type":"ImageObject","inLanguage":"tr","@id":"https:\/\/secure.gravatar.com\/avatar\/6c27d641914e66c1d0452c92716002398782818991d86db1c2cccb531e7c7c82?s=96&d=mm&r=g","url":"https:\/\/secure.gravatar.com\/avatar\/6c27d641914e66c1d0452c92716002398782818991d86db1c2cccb531e7c7c82?s=96&d=mm&r=g","contentUrl":"https:\/\/secure.gravatar.com\/avatar\/6c27d641914e66c1d0452c92716002398782818991d86db1c2cccb531e7c7c82?s=96&d=mm&r=g","caption":"Haber Merkezi"},"sameAs":["http:\/\/e-ciftlik.com\/haberler"]}]}},"_links":{"self":[{"href":"https:\/\/e-ciftlik.com\/haberler\/wp-json\/wp\/v2\/posts\/5218","targetHints":{"allow":["GET"]}}],"collection":[{"href":"https:\/\/e-ciftlik.com\/haberler\/wp-json\/wp\/v2\/posts"}],"about":[{"href":"https:\/\/e-ciftlik.com\/haberler\/wp-json\/wp\/v2\/types\/post"}],"author":[{"embeddable":true,"href":"https:\/\/e-ciftlik.com\/haberler\/wp-json\/wp\/v2\/users\/1"}],"replies":[{"embeddable":true,"href":"https:\/\/e-ciftlik.com\/haberler\/wp-json\/wp\/v2\/comments?post=5218"}],"version-history":[{"count":0,"href":"https:\/\/e-ciftlik.com\/haberler\/wp-json\/wp\/v2\/posts\/5218\/revisions"}],"wp:featuredmedia":[{"embeddable":true,"href":"https:\/\/e-ciftlik.com\/haberler\/wp-json\/wp\/v2\/media\/5219"}],"wp:attachment":[{"href":"https:\/\/e-ciftlik.com\/haberler\/wp-json\/wp\/v2\/media?parent=5218"}],"wp:term":[{"taxonomy":"category","embeddable":true,"href":"https:\/\/e-ciftlik.com\/haberler\/wp-json\/wp\/v2\/categories?post=5218"},{"taxonomy":"post_tag","embeddable":true,"href":"https:\/\/e-ciftlik.com\/haberler\/wp-json\/wp\/v2\/tags?post=5218"}],"curies":[{"name":"wp","href":"https:\/\/api.w.org\/{rel}","templated":true}]}}