{"id":5934,"date":"2024-06-23T08:30:02","date_gmt":"2024-06-23T08:30:02","guid":{"rendered":"https:\/\/e-ciftlik.com\/haberler\/seyahat\/marmaraereglisinde-bayram-kalabaligi\/"},"modified":"2024-06-23T08:30:02","modified_gmt":"2024-06-23T08:30:02","slug":"marmaraereglisinde-bayram-kalabaligi","status":"publish","type":"post","link":"https:\/\/e-ciftlik.com\/haberler\/seyahat\/marmaraereglisinde-bayram-kalabaligi\/","title":{"rendered":"Marmaraere\u011flisi&#8217;nde Bayram Kalabal\u0131\u011f\u0131"},"content":{"rendered":"<p>Tekirda\u011f&#8217;\u0131n \u0130stanbul&#8217;a s\u0131n\u0131r, Marmara Denizi k\u0131y\u0131s\u0131ndaki turistik il\u00e7esi Marmaraere\u011flisi, 9 g\u00fcnl\u00fck Kurban Bayram\u0131 tatilinde tatilcilerin ak\u0131n\u0131na u\u011frad\u0131. Yakla\u015f\u0131k 30 bin n\u00fcfusa sahip il\u00e7enin n\u00fcfusu baz\u0131 g\u00fcnler 500 bine ula\u015ft\u0131. \u0130l\u00e7ede yazl\u0131k konutlar, oteller, pansiyonlar dolarken, g\u00fcn\u00fc birlik gelenlerle birlikte il\u00e7e en kalabal\u0131k bayramlar\u0131ndan birini ya\u015fad\u0131.<\/p>\n<p>Marmaraere\u011flisi Belediye Ba\u015fkan\u0131 Onur Bozkurter, il\u00e7enin 37 kilometrelik sahilinin denize s\u0131f\u0131r 30 kilometrelik b\u00f6l\u00fcm\u00fcnde tatilcilerin rahatl\u0131kla denize girdi\u011fini s\u00f6yledi. Tespitlerine g\u00f6re il\u00e7eye gelen tatilcilerin say\u0131s\u0131n\u0131n 450-500 bin civar\u0131nda oldu\u011funu belirten Bozkurter, &#8220;Biz \u0130stanbul&#8217;a s\u0131n\u0131r il\u00e7e olmas\u0131 nedeniyle ve denize yakla\u015f\u0131k 37-38 kilometre sahil \u015feridimizin olmas\u0131 hasebiyle tatilcilerin en u\u011frak yerinin bizim il\u00e7emiz olaca\u011f\u0131n\u0131 biliyorduk. Bununla ilgili biz bayramdan evvel t\u00fcm marketleri, t\u00fcm f\u0131r\u0131nc\u0131 esnaflar\u0131n\u0131, t\u00fcm su satan esnaf\u0131m\u0131z\u0131 dola\u015ft\u0131k ve burada temel g\u0131dada bir k\u0131tl\u0131k olmamas\u0131 i\u00e7in, insanlar\u0131m\u0131z\u0131n ma\u011fduriyet g\u00f6rmemeleri i\u00e7in onlarla yapt\u0131\u011f\u0131m\u0131z toplant\u0131larla onlar \u00f6nlemlerini ald\u0131lar. Halk\u0131m\u0131za gerekli hizmeti verdiler, bir ma\u011fduriyet ya\u015fanmad\u0131. Biz bu esnada yakla\u015f\u0131k olarak 450 ton \u00e7\u00f6p ald\u0131k. Jandarmam\u0131zla, polisimizle beraber el ele vererek kamunun t\u00fcm kurulu\u015flar\u0131, buradaki asayi\u015fi nas\u0131l minimum seviyede tutar\u0131z, insanlar\u0131m\u0131z nas\u0131l sorunsuz, s\u0131k\u0131nt\u0131s\u0131z bir tatil ge\u00e7irir, bunun hesab\u0131n\u0131 yapt\u0131k. \u015eu ana kadar ald\u0131\u011f\u0131m\u0131z bilgilere g\u00f6re b\u00f6lgemizde b\u00fcy\u00fck bir trafik kazas\u0131 ya\u015fanmad\u0131. B\u00f6lgemizde bir bo\u011fulan olmad\u0131, bir \u00f6l\u00fcm vakas\u0131 olmad\u0131. Marmaraerelisi&#8217;nde bayram \u015fu anda keyifli gidiyor&#8221; diye konu\u015ftu.<\/p>\n<p>Ba\u015fkan Bozkurter, tatilcilerden sahilleri temiz kullanmalar\u0131n\u0131 isteyerek, &#8220;Bu b\u00f6lgeye gelirken istirham ediyorum denizimizi temiz kullanal\u0131m. Sahillerimizi temiz kullanal\u0131m. Yola \u00e7\u0131kacak vatanda\u015flar\u0131m\u0131z kemerini taks\u0131n. Alkoll\u00fc ara\u00e7 s\u00fcrmesinler. Yolun sonu bayram olsun diyorum&#8221; dedi.<\/p>\n<p>&#8216;EKMEK \u00dcRET\u0130M\u0130N\u0130 D\u00d6RT KAT ARTIRDIK&#8217;<\/p>\n<p>Marmaraere\u011flisi il\u00e7esinde f\u0131r\u0131n i\u015fletmecili\u011fi yapan U\u011fur Kaya, k\u0131\u015f aylar\u0131ndaki \u00fcretiminden \u015fuan 3 kat fazla ekmek \u00fcretimi yapt\u0131klar\u0131n\u0131 s\u00f6yledi. Kaya, &#8220;Bu yo\u011funlu\u011fu bekliyorduk. Ge\u00e7en sene de bayram tatili 9 g\u00fcnl\u00fck bir s\u00fcre\u00e7te olu\u015ftu ve biz ge\u00e7en seneden haz\u0131rl\u0131kl\u0131yd\u0131k diyelim. B\u00f6lgedeki esnaf\u0131m\u0131zla zaten bu konuda irtibat halindeydik, yo\u011funlu\u011fumuzu kar\u015f\u0131lad\u0131\u011f\u0131m\u0131z\u0131 d\u00fc\u015f\u00fcn\u00fcyoruz f\u0131r\u0131nc\u0131 esnaf olarak. K\u0131\u015f ile bayram tatilindeki oran\u0131m\u0131z yakla\u015f\u0131k 4 kat\u0131 ve 4 kat\u0131 fazla bir \u00fcretim yapt\u0131k&#8221; dedi. <\/p>\n<p>\u0130l\u00e7ede bal\u0131k restoran\u0131 i\u015fleten Sermettin \u015eeng\u00fcll\u00fc, kalabal\u0131k beklediklerini ancak bu kadar tahmin etmediklerini belirterek, &#8220;Bekliyorduk ancak bu kadar de\u011fil. Kalabal\u0131kt\u0131 yo\u011fundu, i\u015flerimizde g\u00fczel oldu&#8221; dedi.<\/p>\n","protected":false},"excerpt":{"rendered":"<p>Tekirda\u011f&#8217;\u0131n \u0130stanbul&#8217;a s\u0131n\u0131r, Marmara Denizi k\u0131y\u0131s\u0131ndaki turistik il\u00e7esi Marmaraere\u011flisi, 9 g\u00fcnl\u00fck Kurban Bayram\u0131 tatilinde tatilcilerin&hellip;<\/p>\n","protected":false},"author":1,"featured_media":5935,"comment_status":"open","ping_status":"open","sticky":false,"template":"","format":"standard","meta":{"footnotes":""},"categories":[14],"tags":[],"class_list":["post-5934","post","type-post","status-publish","format-standard","has-post-thumbnail","hentry","category-seyahat"],"yoast_head":"<!-- This site is optimized with the Yoast SEO Premium plugin v24.3 (Yoast SEO v27.4) - https:\/\/yoast.com\/product\/yoast-seo-premium-wordpress\/ -->\n<title>Marmaraere\u011flisi&#039;nde Bayram Kalabal\u0131\u011f\u0131 - E-&Ccedil;\u0130FTL\u0130K HABER<\/title>\n<meta name=\"description\" content=\"Tekirda\u011f&#039;\u0131n \u0130stanbul&#039;a s\u0131n\u0131r, Marmara Denizi k\u0131y\u0131s\u0131ndaki turistik il\u00e7esi Marmaraere\u011flisi, 9 g\u00fcnl\u00fck Kurban Bayram\u0131 tatilinde tatilcilerin ak\u0131n\u0131na u\u011frad\u0131.\" \/>\n<meta name=\"robots\" content=\"index, follow, max-snippet:-1, max-image-preview:large, max-video-preview:-1\" \/>\n<link rel=\"canonical\" href=\"https:\/\/e-ciftlik.com\/haberler\/seyahat\/marmaraereglisinde-bayram-kalabaligi\/\" \/>\n<meta property=\"og:locale\" content=\"tr_TR\" \/>\n<meta property=\"og:type\" content=\"article\" \/>\n<meta property=\"og:title\" content=\"Marmaraere\u011flisi&#039;nde Bayram Kalabal\u0131\u011f\u0131\" \/>\n<meta property=\"og:description\" content=\"Tekirda\u011f&#039;\u0131n \u0130stanbul&#039;a s\u0131n\u0131r, Marmara Denizi k\u0131y\u0131s\u0131ndaki turistik il\u00e7esi Marmaraere\u011flisi, 9 g\u00fcnl\u00fck Kurban Bayram\u0131 tatilinde tatilcilerin ak\u0131n\u0131na u\u011frad\u0131.\" \/>\n<meta property=\"og:url\" content=\"https:\/\/e-ciftlik.com\/haberler\/seyahat\/marmaraereglisinde-bayram-kalabaligi\/\" \/>\n<meta property=\"og:site_name\" content=\"E-&Ccedil;\u0130FTL\u0130K HABER\" \/>\n<meta property=\"article:publisher\" content=\"https:\/\/www.facebook.com\/eciftlikturkiye\" \/>\n<meta property=\"article:published_time\" content=\"2024-06-23T08:30:02+00:00\" \/>\n<meta property=\"og:image\" content=\"https:\/\/e-ciftlik.com\/haberler\/wp-content\/uploads\/2024\/06\/O_tnYk_ZVkSSyrkaSzxZcg.jpg\" \/>\n\t<meta property=\"og:image:width\" content=\"1080\" \/>\n\t<meta property=\"og:image:height\" content=\"613\" \/>\n\t<meta property=\"og:image:type\" content=\"image\/jpeg\" \/>\n<meta name=\"author\" content=\"Haber Merkezi\" \/>\n<meta name=\"twitter:card\" content=\"summary_large_image\" \/>\n<meta name=\"twitter:creator\" content=\"@eciftlikresmi\" \/>\n<meta name=\"twitter:site\" content=\"@eciftlikresmi\" \/>\n<meta name=\"twitter:label1\" content=\"Yazan:\" \/>\n\t<meta name=\"twitter:data1\" content=\"Haber Merkezi\" \/>\n\t<meta name=\"twitter:label2\" content=\"Tahmini okuma s\u00fcresi\" \/>\n\t<meta name=\"twitter:data2\" content=\"2 dakika\" \/>\n<script type=\"application\/ld+json\" class=\"yoast-schema-graph\">{\"@context\":\"https:\\\/\\\/schema.org\",\"@graph\":[{\"@type\":\"NewsArticle\",\"@id\":\"https:\\\/\\\/e-ciftlik.com\\\/haberler\\\/seyahat\\\/marmaraereglisinde-bayram-kalabaligi\\\/#article\",\"isPartOf\":{\"@id\":\"https:\\\/\\\/e-ciftlik.com\\\/haberler\\\/seyahat\\\/marmaraereglisinde-bayram-kalabaligi\\\/\"},\"author\":{\"name\":\"Haber Merkezi\",\"@id\":\"https:\\\/\\\/e-ciftlik.com\\\/haberler\\\/#\\\/schema\\\/person\\\/d2f4fee3143d7f72be82cb887d51b00a\"},\"headline\":\"Marmaraere\u011flisi&#8217;nde Bayram Kalabal\u0131\u011f\u0131\",\"datePublished\":\"2024-06-23T08:30:02+00:00\",\"mainEntityOfPage\":{\"@id\":\"https:\\\/\\\/e-ciftlik.com\\\/haberler\\\/seyahat\\\/marmaraereglisinde-bayram-kalabaligi\\\/\"},\"wordCount\":499,\"commentCount\":0,\"publisher\":{\"@id\":\"https:\\\/\\\/e-ciftlik.com\\\/haberler\\\/#organization\"},\"image\":{\"@id\":\"https:\\\/\\\/e-ciftlik.com\\\/haberler\\\/seyahat\\\/marmaraereglisinde-bayram-kalabaligi\\\/#primaryimage\"},\"thumbnailUrl\":\"https:\\\/\\\/e-ciftlik.com\\\/haberler\\\/wp-content\\\/uploads\\\/2024\\\/06\\\/O_tnYk_ZVkSSyrkaSzxZcg.jpg\",\"articleSection\":[\"Seyahat\"],\"inLanguage\":\"tr\",\"potentialAction\":[{\"@type\":\"CommentAction\",\"name\":\"Comment\",\"target\":[\"https:\\\/\\\/e-ciftlik.com\\\/haberler\\\/seyahat\\\/marmaraereglisinde-bayram-kalabaligi\\\/#respond\"]}]},{\"@type\":\"WebPage\",\"@id\":\"https:\\\/\\\/e-ciftlik.com\\\/haberler\\\/seyahat\\\/marmaraereglisinde-bayram-kalabaligi\\\/\",\"url\":\"https:\\\/\\\/e-ciftlik.com\\\/haberler\\\/seyahat\\\/marmaraereglisinde-bayram-kalabaligi\\\/\",\"name\":\"Marmaraere\u011flisi'nde Bayram Kalabal\u0131\u011f\u0131 - E-&Ccedil;\u0130FTL\u0130K HABER\",\"isPartOf\":{\"@id\":\"https:\\\/\\\/e-ciftlik.com\\\/haberler\\\/#website\"},\"primaryImageOfPage\":{\"@id\":\"https:\\\/\\\/e-ciftlik.com\\\/haberler\\\/seyahat\\\/marmaraereglisinde-bayram-kalabaligi\\\/#primaryimage\"},\"image\":{\"@id\":\"https:\\\/\\\/e-ciftlik.com\\\/haberler\\\/seyahat\\\/marmaraereglisinde-bayram-kalabaligi\\\/#primaryimage\"},\"thumbnailUrl\":\"https:\\\/\\\/e-ciftlik.com\\\/haberler\\\/wp-content\\\/uploads\\\/2024\\\/06\\\/O_tnYk_ZVkSSyrkaSzxZcg.jpg\",\"datePublished\":\"2024-06-23T08:30:02+00:00\",\"description\":\"Tekirda\u011f'\u0131n \u0130stanbul'a s\u0131n\u0131r, Marmara Denizi k\u0131y\u0131s\u0131ndaki turistik il\u00e7esi Marmaraere\u011flisi, 9 g\u00fcnl\u00fck Kurban Bayram\u0131 tatilinde tatilcilerin ak\u0131n\u0131na u\u011frad\u0131.\",\"breadcrumb\":{\"@id\":\"https:\\\/\\\/e-ciftlik.com\\\/haberler\\\/seyahat\\\/marmaraereglisinde-bayram-kalabaligi\\\/#breadcrumb\"},\"inLanguage\":\"tr\",\"potentialAction\":[{\"@type\":\"ReadAction\",\"target\":[\"https:\\\/\\\/e-ciftlik.com\\\/haberler\\\/seyahat\\\/marmaraereglisinde-bayram-kalabaligi\\\/\"]}]},{\"@type\":\"ImageObject\",\"inLanguage\":\"tr\",\"@id\":\"https:\\\/\\\/e-ciftlik.com\\\/haberler\\\/seyahat\\\/marmaraereglisinde-bayram-kalabaligi\\\/#primaryimage\",\"url\":\"https:\\\/\\\/e-ciftlik.com\\\/haberler\\\/wp-content\\\/uploads\\\/2024\\\/06\\\/O_tnYk_ZVkSSyrkaSzxZcg.jpg\",\"contentUrl\":\"https:\\\/\\\/e-ciftlik.com\\\/haberler\\\/wp-content\\\/uploads\\\/2024\\\/06\\\/O_tnYk_ZVkSSyrkaSzxZcg.jpg\",\"width\":1080,\"height\":613},{\"@type\":\"BreadcrumbList\",\"@id\":\"https:\\\/\\\/e-ciftlik.com\\\/haberler\\\/seyahat\\\/marmaraereglisinde-bayram-kalabaligi\\\/#breadcrumb\",\"itemListElement\":[{\"@type\":\"ListItem\",\"position\":1,\"name\":\"Anasayfa\",\"item\":\"https:\\\/\\\/e-ciftlik.com\\\/haberler\\\/\"},{\"@type\":\"ListItem\",\"position\":2,\"name\":\"Marmaraere\u011flisi&#8217;nde Bayram Kalabal\u0131\u011f\u0131\"}]},{\"@type\":\"WebSite\",\"@id\":\"https:\\\/\\\/e-ciftlik.com\\\/haberler\\\/#website\",\"url\":\"https:\\\/\\\/e-ciftlik.com\\\/haberler\\\/\",\"name\":\"E-\u00c7iftlik Haber | G\u00fcncel, Son Dakika Haberler, En Son Haber\",\"description\":\"\",\"publisher\":{\"@id\":\"https:\\\/\\\/e-ciftlik.com\\\/haberler\\\/#organization\"},\"potentialAction\":[{\"@type\":\"SearchAction\",\"target\":{\"@type\":\"EntryPoint\",\"urlTemplate\":\"https:\\\/\\\/e-ciftlik.com\\\/haberler\\\/?s={search_term_string}\"},\"query-input\":{\"@type\":\"PropertyValueSpecification\",\"valueRequired\":true,\"valueName\":\"search_term_string\"}}],\"inLanguage\":\"tr\"},{\"@type\":\"Organization\",\"@id\":\"https:\\\/\\\/e-ciftlik.com\\\/haberler\\\/#organization\",\"name\":\"E-\u00c7\u0130FTL\u0130K HABER\",\"url\":\"https:\\\/\\\/e-ciftlik.com\\\/haberler\\\/\",\"logo\":{\"@type\":\"ImageObject\",\"inLanguage\":\"tr\",\"@id\":\"https:\\\/\\\/e-ciftlik.com\\\/haberler\\\/#\\\/schema\\\/logo\\\/image\\\/\",\"url\":\"https:\\\/\\\/e-ciftlik.com\\\/haberler\\\/wp-content\\\/uploads\\\/2024\\\/06\\\/cropped-cropped-favicon-1-2.png\",\"contentUrl\":\"https:\\\/\\\/e-ciftlik.com\\\/haberler\\\/wp-content\\\/uploads\\\/2024\\\/06\\\/cropped-cropped-favicon-1-2.png\",\"width\":512,\"height\":512,\"caption\":\"E-\u00c7\u0130FTL\u0130K HABER\"},\"image\":{\"@id\":\"https:\\\/\\\/e-ciftlik.com\\\/haberler\\\/#\\\/schema\\\/logo\\\/image\\\/\"},\"sameAs\":[\"https:\\\/\\\/www.facebook.com\\\/eciftlikturkiye\",\"https:\\\/\\\/x.com\\\/eciftlikresmi\",\"https:\\\/\\\/www.instagram.com\\\/eciftlikresmi\\\/\"]},{\"@type\":\"Person\",\"@id\":\"https:\\\/\\\/e-ciftlik.com\\\/haberler\\\/#\\\/schema\\\/person\\\/d2f4fee3143d7f72be82cb887d51b00a\",\"name\":\"Haber Merkezi\",\"image\":{\"@type\":\"ImageObject\",\"inLanguage\":\"tr\",\"@id\":\"https:\\\/\\\/secure.gravatar.com\\\/avatar\\\/6c27d641914e66c1d0452c92716002398782818991d86db1c2cccb531e7c7c82?s=96&d=mm&r=g\",\"url\":\"https:\\\/\\\/secure.gravatar.com\\\/avatar\\\/6c27d641914e66c1d0452c92716002398782818991d86db1c2cccb531e7c7c82?s=96&d=mm&r=g\",\"contentUrl\":\"https:\\\/\\\/secure.gravatar.com\\\/avatar\\\/6c27d641914e66c1d0452c92716002398782818991d86db1c2cccb531e7c7c82?s=96&d=mm&r=g\",\"caption\":\"Haber Merkezi\"},\"sameAs\":[\"http:\\\/\\\/e-ciftlik.com\\\/haberler\"]}]}<\/script>\n<!-- \/ Yoast SEO Premium plugin. -->","yoast_head_json":{"title":"Marmaraere\u011flisi'nde Bayram Kalabal\u0131\u011f\u0131 - E-&Ccedil;\u0130FTL\u0130K HABER","description":"Tekirda\u011f'\u0131n \u0130stanbul'a s\u0131n\u0131r, Marmara Denizi k\u0131y\u0131s\u0131ndaki turistik il\u00e7esi Marmaraere\u011flisi, 9 g\u00fcnl\u00fck Kurban Bayram\u0131 tatilinde tatilcilerin ak\u0131n\u0131na u\u011frad\u0131.","robots":{"index":"index","follow":"follow","max-snippet":"max-snippet:-1","max-image-preview":"max-image-preview:large","max-video-preview":"max-video-preview:-1"},"canonical":"https:\/\/e-ciftlik.com\/haberler\/seyahat\/marmaraereglisinde-bayram-kalabaligi\/","og_locale":"tr_TR","og_type":"article","og_title":"Marmaraere\u011flisi'nde Bayram Kalabal\u0131\u011f\u0131","og_description":"Tekirda\u011f'\u0131n \u0130stanbul'a s\u0131n\u0131r, Marmara Denizi k\u0131y\u0131s\u0131ndaki turistik il\u00e7esi Marmaraere\u011flisi, 9 g\u00fcnl\u00fck Kurban Bayram\u0131 tatilinde tatilcilerin ak\u0131n\u0131na u\u011frad\u0131.","og_url":"https:\/\/e-ciftlik.com\/haberler\/seyahat\/marmaraereglisinde-bayram-kalabaligi\/","og_site_name":"E-&Ccedil;\u0130FTL\u0130K HABER","article_publisher":"https:\/\/www.facebook.com\/eciftlikturkiye","article_published_time":"2024-06-23T08:30:02+00:00","og_image":[{"width":1080,"height":613,"url":"https:\/\/e-ciftlik.com\/haberler\/wp-content\/uploads\/2024\/06\/O_tnYk_ZVkSSyrkaSzxZcg.jpg","type":"image\/jpeg"}],"author":"Haber Merkezi","twitter_card":"summary_large_image","twitter_creator":"@eciftlikresmi","twitter_site":"@eciftlikresmi","twitter_misc":{"Yazan:":"Haber Merkezi","Tahmini okuma s\u00fcresi":"2 dakika"},"schema":{"@context":"https:\/\/schema.org","@graph":[{"@type":"NewsArticle","@id":"https:\/\/e-ciftlik.com\/haberler\/seyahat\/marmaraereglisinde-bayram-kalabaligi\/#article","isPartOf":{"@id":"https:\/\/e-ciftlik.com\/haberler\/seyahat\/marmaraereglisinde-bayram-kalabaligi\/"},"author":{"name":"Haber Merkezi","@id":"https:\/\/e-ciftlik.com\/haberler\/#\/schema\/person\/d2f4fee3143d7f72be82cb887d51b00a"},"headline":"Marmaraere\u011flisi&#8217;nde Bayram Kalabal\u0131\u011f\u0131","datePublished":"2024-06-23T08:30:02+00:00","mainEntityOfPage":{"@id":"https:\/\/e-ciftlik.com\/haberler\/seyahat\/marmaraereglisinde-bayram-kalabaligi\/"},"wordCount":499,"commentCount":0,"publisher":{"@id":"https:\/\/e-ciftlik.com\/haberler\/#organization"},"image":{"@id":"https:\/\/e-ciftlik.com\/haberler\/seyahat\/marmaraereglisinde-bayram-kalabaligi\/#primaryimage"},"thumbnailUrl":"https:\/\/e-ciftlik.com\/haberler\/wp-content\/uploads\/2024\/06\/O_tnYk_ZVkSSyrkaSzxZcg.jpg","articleSection":["Seyahat"],"inLanguage":"tr","potentialAction":[{"@type":"CommentAction","name":"Comment","target":["https:\/\/e-ciftlik.com\/haberler\/seyahat\/marmaraereglisinde-bayram-kalabaligi\/#respond"]}]},{"@type":"WebPage","@id":"https:\/\/e-ciftlik.com\/haberler\/seyahat\/marmaraereglisinde-bayram-kalabaligi\/","url":"https:\/\/e-ciftlik.com\/haberler\/seyahat\/marmaraereglisinde-bayram-kalabaligi\/","name":"Marmaraere\u011flisi'nde Bayram Kalabal\u0131\u011f\u0131 - E-&Ccedil;\u0130FTL\u0130K HABER","isPartOf":{"@id":"https:\/\/e-ciftlik.com\/haberler\/#website"},"primaryImageOfPage":{"@id":"https:\/\/e-ciftlik.com\/haberler\/seyahat\/marmaraereglisinde-bayram-kalabaligi\/#primaryimage"},"image":{"@id":"https:\/\/e-ciftlik.com\/haberler\/seyahat\/marmaraereglisinde-bayram-kalabaligi\/#primaryimage"},"thumbnailUrl":"https:\/\/e-ciftlik.com\/haberler\/wp-content\/uploads\/2024\/06\/O_tnYk_ZVkSSyrkaSzxZcg.jpg","datePublished":"2024-06-23T08:30:02+00:00","description":"Tekirda\u011f'\u0131n \u0130stanbul'a s\u0131n\u0131r, Marmara Denizi k\u0131y\u0131s\u0131ndaki turistik il\u00e7esi Marmaraere\u011flisi, 9 g\u00fcnl\u00fck Kurban Bayram\u0131 tatilinde tatilcilerin ak\u0131n\u0131na u\u011frad\u0131.","breadcrumb":{"@id":"https:\/\/e-ciftlik.com\/haberler\/seyahat\/marmaraereglisinde-bayram-kalabaligi\/#breadcrumb"},"inLanguage":"tr","potentialAction":[{"@type":"ReadAction","target":["https:\/\/e-ciftlik.com\/haberler\/seyahat\/marmaraereglisinde-bayram-kalabaligi\/"]}]},{"@type":"ImageObject","inLanguage":"tr","@id":"https:\/\/e-ciftlik.com\/haberler\/seyahat\/marmaraereglisinde-bayram-kalabaligi\/#primaryimage","url":"https:\/\/e-ciftlik.com\/haberler\/wp-content\/uploads\/2024\/06\/O_tnYk_ZVkSSyrkaSzxZcg.jpg","contentUrl":"https:\/\/e-ciftlik.com\/haberler\/wp-content\/uploads\/2024\/06\/O_tnYk_ZVkSSyrkaSzxZcg.jpg","width":1080,"height":613},{"@type":"BreadcrumbList","@id":"https:\/\/e-ciftlik.com\/haberler\/seyahat\/marmaraereglisinde-bayram-kalabaligi\/#breadcrumb","itemListElement":[{"@type":"ListItem","position":1,"name":"Anasayfa","item":"https:\/\/e-ciftlik.com\/haberler\/"},{"@type":"ListItem","position":2,"name":"Marmaraere\u011flisi&#8217;nde Bayram Kalabal\u0131\u011f\u0131"}]},{"@type":"WebSite","@id":"https:\/\/e-ciftlik.com\/haberler\/#website","url":"https:\/\/e-ciftlik.com\/haberler\/","name":"E-\u00c7iftlik Haber | G\u00fcncel, Son Dakika Haberler, En Son Haber","description":"","publisher":{"@id":"https:\/\/e-ciftlik.com\/haberler\/#organization"},"potentialAction":[{"@type":"SearchAction","target":{"@type":"EntryPoint","urlTemplate":"https:\/\/e-ciftlik.com\/haberler\/?s={search_term_string}"},"query-input":{"@type":"PropertyValueSpecification","valueRequired":true,"valueName":"search_term_string"}}],"inLanguage":"tr"},{"@type":"Organization","@id":"https:\/\/e-ciftlik.com\/haberler\/#organization","name":"E-\u00c7\u0130FTL\u0130K HABER","url":"https:\/\/e-ciftlik.com\/haberler\/","logo":{"@type":"ImageObject","inLanguage":"tr","@id":"https:\/\/e-ciftlik.com\/haberler\/#\/schema\/logo\/image\/","url":"https:\/\/e-ciftlik.com\/haberler\/wp-content\/uploads\/2024\/06\/cropped-cropped-favicon-1-2.png","contentUrl":"https:\/\/e-ciftlik.com\/haberler\/wp-content\/uploads\/2024\/06\/cropped-cropped-favicon-1-2.png","width":512,"height":512,"caption":"E-\u00c7\u0130FTL\u0130K HABER"},"image":{"@id":"https:\/\/e-ciftlik.com\/haberler\/#\/schema\/logo\/image\/"},"sameAs":["https:\/\/www.facebook.com\/eciftlikturkiye","https:\/\/x.com\/eciftlikresmi","https:\/\/www.instagram.com\/eciftlikresmi\/"]},{"@type":"Person","@id":"https:\/\/e-ciftlik.com\/haberler\/#\/schema\/person\/d2f4fee3143d7f72be82cb887d51b00a","name":"Haber Merkezi","image":{"@type":"ImageObject","inLanguage":"tr","@id":"https:\/\/secure.gravatar.com\/avatar\/6c27d641914e66c1d0452c92716002398782818991d86db1c2cccb531e7c7c82?s=96&d=mm&r=g","url":"https:\/\/secure.gravatar.com\/avatar\/6c27d641914e66c1d0452c92716002398782818991d86db1c2cccb531e7c7c82?s=96&d=mm&r=g","contentUrl":"https:\/\/secure.gravatar.com\/avatar\/6c27d641914e66c1d0452c92716002398782818991d86db1c2cccb531e7c7c82?s=96&d=mm&r=g","caption":"Haber Merkezi"},"sameAs":["http:\/\/e-ciftlik.com\/haberler"]}]}},"_links":{"self":[{"href":"https:\/\/e-ciftlik.com\/haberler\/wp-json\/wp\/v2\/posts\/5934","targetHints":{"allow":["GET"]}}],"collection":[{"href":"https:\/\/e-ciftlik.com\/haberler\/wp-json\/wp\/v2\/posts"}],"about":[{"href":"https:\/\/e-ciftlik.com\/haberler\/wp-json\/wp\/v2\/types\/post"}],"author":[{"embeddable":true,"href":"https:\/\/e-ciftlik.com\/haberler\/wp-json\/wp\/v2\/users\/1"}],"replies":[{"embeddable":true,"href":"https:\/\/e-ciftlik.com\/haberler\/wp-json\/wp\/v2\/comments?post=5934"}],"version-history":[{"count":0,"href":"https:\/\/e-ciftlik.com\/haberler\/wp-json\/wp\/v2\/posts\/5934\/revisions"}],"wp:featuredmedia":[{"embeddable":true,"href":"https:\/\/e-ciftlik.com\/haberler\/wp-json\/wp\/v2\/media\/5935"}],"wp:attachment":[{"href":"https:\/\/e-ciftlik.com\/haberler\/wp-json\/wp\/v2\/media?parent=5934"}],"wp:term":[{"taxonomy":"category","embeddable":true,"href":"https:\/\/e-ciftlik.com\/haberler\/wp-json\/wp\/v2\/categories?post=5934"},{"taxonomy":"post_tag","embeddable":true,"href":"https:\/\/e-ciftlik.com\/haberler\/wp-json\/wp\/v2\/tags?post=5934"}],"curies":[{"name":"wp","href":"https:\/\/api.w.org\/{rel}","templated":true}]}}