{"id":5942,"date":"2024-06-23T08:59:36","date_gmt":"2024-06-23T08:59:36","guid":{"rendered":"https:\/\/e-ciftlik.com\/haberler\/spor\/abdulkerim-bardakci-cezali-durumda\/"},"modified":"2024-06-23T08:59:36","modified_gmt":"2024-06-23T08:59:36","slug":"abdulkerim-bardakci-cezali-durumda","status":"publish","type":"post","link":"https:\/\/e-ciftlik.com\/haberler\/spor\/abdulkerim-bardakci-cezali-durumda\/","title":{"rendered":"Abd\u00fclkerim Bardakc\u0131 cezal\u0131 durumda!"},"content":{"rendered":"<p>Milli Tak\u0131m&#8217;da oynayan futbolcu, Abd\u00fclkerim Bardakc\u0131, Portekiz ma\u00e7\u0131nda sar\u0131 kart g\u00f6rd\u00fc. Bu nedenle, \u00c7ekya ma\u00e7\u0131nda oynamas\u0131 engellendi. Bu durum, Milli Tak\u0131m i\u00e7in \u00f6nemli bir eksiklik olarak nitelendirildi. Abdullah Y\u0131ld\u0131r\u0131m, ma\u00e7 sonunda yapt\u0131\u011f\u0131 a\u00e7\u0131klamada, Bardakc\u0131&#8217;n\u0131n cezal\u0131 duruma d\u00fc\u015fmesinin tak\u0131m\u0131 olumsuz etkileyece\u011fini belirtti. Milli Tak\u0131m teknik direkt\u00f6r\u00fc, Abdullah Y\u0131ld\u0131r\u0131m, Bardakc\u0131&#8217;n\u0131n yoklu\u011funda alternatifler \u00fczerinde \u00e7al\u0131\u015facaklar\u0131n\u0131 ve en iyi \u00e7\u00f6z\u00fcm\u00fc bulacaklar\u0131n\u0131 s\u00f6yledi. Ma\u00e7, 21 Haziran tarihinde ger\u00e7ekle\u015fti ve Milli Tak\u0131m, taraftarlar\u0131n\u0131n da deste\u011fiyle rakibini ma\u011flup etmeyi ba\u015fard\u0131. Bu galibiyet, Milli Tak\u0131m&#8217;\u0131n moralini y\u00fckseltti ve liderlik yolunda \u00f6nemli bir ad\u0131m att\u0131. Ma\u00e7 sonunda taraftarlar, oyuncular\u0131 alk\u0131\u015flayarak desteklerini g\u00f6sterdiler. Abdullah Y\u0131ld\u0131r\u0131m, yapt\u0131\u011f\u0131 a\u00e7\u0131klamada, taraftarlar\u0131n b\u00fcy\u00fck bir motivasyon kayna\u011f\u0131 oldu\u011funu vurgulayarak, onlar\u0131n deste\u011fiyle ba\u015far\u0131l\u0131 olacaklar\u0131n\u0131 ifade etti.<\/p>\n","protected":false},"excerpt":{"rendered":"<p>Milli Tak\u0131m&#8217;da oynayan futbolcu, Abd\u00fclkerim Bardakc\u0131, Portekiz ma\u00e7\u0131nda sar\u0131 kart g\u00f6rd\u00fc. Bu nedenle, \u00c7ekya ma\u00e7\u0131nda&hellip;<\/p>\n","protected":false},"author":1,"featured_media":5943,"comment_status":"open","ping_status":"open","sticky":false,"template":"","format":"standard","meta":{"footnotes":""},"categories":[7],"tags":[],"class_list":["post-5942","post","type-post","status-publish","format-standard","has-post-thumbnail","hentry","category-spor"],"yoast_head":"<!-- This site is optimized with the Yoast SEO Premium plugin v24.3 (Yoast SEO v27.4) - https:\/\/yoast.com\/product\/yoast-seo-premium-wordpress\/ -->\n<title>Abd\u00fclkerim Bardakc\u0131 cezal\u0131 durumda! - E-&Ccedil;\u0130FTL\u0130K HABER<\/title>\n<meta name=\"description\" content=\"Milli Tak\u0131m&#039;da oynayan futbolcu, Abd\u00fclkerim Bardakc\u0131, Portekiz ma\u00e7\u0131nda sar\u0131 kart g\u00f6rd\u00fc. Bu nedenle, \u00c7ekya ma\u00e7\u0131nda oynamas\u0131 engellendi. Bu durum, Milli\" \/>\n<meta name=\"robots\" content=\"index, follow, max-snippet:-1, max-image-preview:large, max-video-preview:-1\" \/>\n<link rel=\"canonical\" href=\"http:\/\/e-ciftlik.com\/haberler\/spor\/abdulkerim-bardakci-cezali-durumda\/\" \/>\n<meta property=\"og:locale\" content=\"tr_TR\" \/>\n<meta property=\"og:type\" content=\"article\" \/>\n<meta property=\"og:title\" content=\"Abd\u00fclkerim Bardakc\u0131 cezal\u0131 durumda!\" \/>\n<meta property=\"og:description\" content=\"Milli Tak\u0131m&#039;da oynayan futbolcu, Abd\u00fclkerim Bardakc\u0131, Portekiz ma\u00e7\u0131nda sar\u0131 kart g\u00f6rd\u00fc. Bu nedenle, \u00c7ekya ma\u00e7\u0131nda oynamas\u0131 engellendi. Bu durum, Milli\" \/>\n<meta property=\"og:url\" content=\"http:\/\/e-ciftlik.com\/haberler\/spor\/abdulkerim-bardakci-cezali-durumda\/\" \/>\n<meta property=\"og:site_name\" content=\"E-&Ccedil;\u0130FTL\u0130K HABER\" \/>\n<meta property=\"article:publisher\" content=\"https:\/\/www.facebook.com\/eciftlikturkiye\" \/>\n<meta property=\"article:published_time\" content=\"2024-06-23T08:59:36+00:00\" \/>\n<meta property=\"og:image\" content=\"http:\/\/e-ciftlik.com\/haberler\/wp-content\/uploads\/2024\/06\/1719133180_1200x628.jpeg\" \/>\n\t<meta property=\"og:image:width\" content=\"1200\" \/>\n\t<meta property=\"og:image:height\" content=\"628\" \/>\n\t<meta property=\"og:image:type\" content=\"image\/jpeg\" \/>\n<meta name=\"author\" content=\"Haber Merkezi\" \/>\n<meta name=\"twitter:card\" content=\"summary_large_image\" \/>\n<meta name=\"twitter:creator\" content=\"@eciftlikresmi\" \/>\n<meta name=\"twitter:site\" content=\"@eciftlikresmi\" \/>\n<meta name=\"twitter:label1\" content=\"Yazan:\" \/>\n\t<meta name=\"twitter:data1\" content=\"Haber Merkezi\" \/>\n\t<meta name=\"twitter:label2\" content=\"Tahmini okuma s\u00fcresi\" \/>\n\t<meta name=\"twitter:data2\" content=\"1 dakika\" \/>\n<script type=\"application\/ld+json\" class=\"yoast-schema-graph\">{\"@context\":\"https:\\\/\\\/schema.org\",\"@graph\":[{\"@type\":\"NewsArticle\",\"@id\":\"http:\\\/\\\/e-ciftlik.com\\\/haberler\\\/spor\\\/abdulkerim-bardakci-cezali-durumda\\\/#article\",\"isPartOf\":{\"@id\":\"http:\\\/\\\/e-ciftlik.com\\\/haberler\\\/spor\\\/abdulkerim-bardakci-cezali-durumda\\\/\"},\"author\":{\"name\":\"Haber Merkezi\",\"@id\":\"https:\\\/\\\/e-ciftlik.com\\\/haberler\\\/#\\\/schema\\\/person\\\/d2f4fee3143d7f72be82cb887d51b00a\"},\"headline\":\"Abd\u00fclkerim Bardakc\u0131 cezal\u0131 durumda!\",\"datePublished\":\"2024-06-23T08:59:36+00:00\",\"mainEntityOfPage\":{\"@id\":\"http:\\\/\\\/e-ciftlik.com\\\/haberler\\\/spor\\\/abdulkerim-bardakci-cezali-durumda\\\/\"},\"wordCount\":171,\"commentCount\":0,\"publisher\":{\"@id\":\"https:\\\/\\\/e-ciftlik.com\\\/haberler\\\/#organization\"},\"image\":{\"@id\":\"http:\\\/\\\/e-ciftlik.com\\\/haberler\\\/spor\\\/abdulkerim-bardakci-cezali-durumda\\\/#primaryimage\"},\"thumbnailUrl\":\"https:\\\/\\\/e-ciftlik.com\\\/haberler\\\/wp-content\\\/uploads\\\/2024\\\/06\\\/1719133180_1200x628.jpeg\",\"articleSection\":[\"Spor\"],\"inLanguage\":\"tr\",\"potentialAction\":[{\"@type\":\"CommentAction\",\"name\":\"Comment\",\"target\":[\"http:\\\/\\\/e-ciftlik.com\\\/haberler\\\/spor\\\/abdulkerim-bardakci-cezali-durumda\\\/#respond\"]}]},{\"@type\":\"WebPage\",\"@id\":\"http:\\\/\\\/e-ciftlik.com\\\/haberler\\\/spor\\\/abdulkerim-bardakci-cezali-durumda\\\/\",\"url\":\"http:\\\/\\\/e-ciftlik.com\\\/haberler\\\/spor\\\/abdulkerim-bardakci-cezali-durumda\\\/\",\"name\":\"Abd\u00fclkerim Bardakc\u0131 cezal\u0131 durumda! - E-&Ccedil;\u0130FTL\u0130K HABER\",\"isPartOf\":{\"@id\":\"https:\\\/\\\/e-ciftlik.com\\\/haberler\\\/#website\"},\"primaryImageOfPage\":{\"@id\":\"http:\\\/\\\/e-ciftlik.com\\\/haberler\\\/spor\\\/abdulkerim-bardakci-cezali-durumda\\\/#primaryimage\"},\"image\":{\"@id\":\"http:\\\/\\\/e-ciftlik.com\\\/haberler\\\/spor\\\/abdulkerim-bardakci-cezali-durumda\\\/#primaryimage\"},\"thumbnailUrl\":\"https:\\\/\\\/e-ciftlik.com\\\/haberler\\\/wp-content\\\/uploads\\\/2024\\\/06\\\/1719133180_1200x628.jpeg\",\"datePublished\":\"2024-06-23T08:59:36+00:00\",\"description\":\"Milli Tak\u0131m'da oynayan futbolcu, Abd\u00fclkerim Bardakc\u0131, Portekiz ma\u00e7\u0131nda sar\u0131 kart g\u00f6rd\u00fc. Bu nedenle, \u00c7ekya ma\u00e7\u0131nda oynamas\u0131 engellendi. Bu durum, Milli\",\"breadcrumb\":{\"@id\":\"http:\\\/\\\/e-ciftlik.com\\\/haberler\\\/spor\\\/abdulkerim-bardakci-cezali-durumda\\\/#breadcrumb\"},\"inLanguage\":\"tr\",\"potentialAction\":[{\"@type\":\"ReadAction\",\"target\":[\"http:\\\/\\\/e-ciftlik.com\\\/haberler\\\/spor\\\/abdulkerim-bardakci-cezali-durumda\\\/\"]}]},{\"@type\":\"ImageObject\",\"inLanguage\":\"tr\",\"@id\":\"http:\\\/\\\/e-ciftlik.com\\\/haberler\\\/spor\\\/abdulkerim-bardakci-cezali-durumda\\\/#primaryimage\",\"url\":\"https:\\\/\\\/e-ciftlik.com\\\/haberler\\\/wp-content\\\/uploads\\\/2024\\\/06\\\/1719133180_1200x628.jpeg\",\"contentUrl\":\"https:\\\/\\\/e-ciftlik.com\\\/haberler\\\/wp-content\\\/uploads\\\/2024\\\/06\\\/1719133180_1200x628.jpeg\",\"width\":1200,\"height\":628},{\"@type\":\"BreadcrumbList\",\"@id\":\"http:\\\/\\\/e-ciftlik.com\\\/haberler\\\/spor\\\/abdulkerim-bardakci-cezali-durumda\\\/#breadcrumb\",\"itemListElement\":[{\"@type\":\"ListItem\",\"position\":1,\"name\":\"Anasayfa\",\"item\":\"https:\\\/\\\/e-ciftlik.com\\\/haberler\\\/\"},{\"@type\":\"ListItem\",\"position\":2,\"name\":\"Abd\u00fclkerim Bardakc\u0131 cezal\u0131 durumda!\"}]},{\"@type\":\"WebSite\",\"@id\":\"https:\\\/\\\/e-ciftlik.com\\\/haberler\\\/#website\",\"url\":\"https:\\\/\\\/e-ciftlik.com\\\/haberler\\\/\",\"name\":\"E-\u00c7iftlik Haber | G\u00fcncel, Son Dakika Haberler, En Son Haber\",\"description\":\"\",\"publisher\":{\"@id\":\"https:\\\/\\\/e-ciftlik.com\\\/haberler\\\/#organization\"},\"potentialAction\":[{\"@type\":\"SearchAction\",\"target\":{\"@type\":\"EntryPoint\",\"urlTemplate\":\"https:\\\/\\\/e-ciftlik.com\\\/haberler\\\/?s={search_term_string}\"},\"query-input\":{\"@type\":\"PropertyValueSpecification\",\"valueRequired\":true,\"valueName\":\"search_term_string\"}}],\"inLanguage\":\"tr\"},{\"@type\":\"Organization\",\"@id\":\"https:\\\/\\\/e-ciftlik.com\\\/haberler\\\/#organization\",\"name\":\"E-\u00c7\u0130FTL\u0130K HABER\",\"url\":\"https:\\\/\\\/e-ciftlik.com\\\/haberler\\\/\",\"logo\":{\"@type\":\"ImageObject\",\"inLanguage\":\"tr\",\"@id\":\"https:\\\/\\\/e-ciftlik.com\\\/haberler\\\/#\\\/schema\\\/logo\\\/image\\\/\",\"url\":\"https:\\\/\\\/e-ciftlik.com\\\/haberler\\\/wp-content\\\/uploads\\\/2024\\\/06\\\/cropped-cropped-favicon-1-2.png\",\"contentUrl\":\"https:\\\/\\\/e-ciftlik.com\\\/haberler\\\/wp-content\\\/uploads\\\/2024\\\/06\\\/cropped-cropped-favicon-1-2.png\",\"width\":512,\"height\":512,\"caption\":\"E-\u00c7\u0130FTL\u0130K HABER\"},\"image\":{\"@id\":\"https:\\\/\\\/e-ciftlik.com\\\/haberler\\\/#\\\/schema\\\/logo\\\/image\\\/\"},\"sameAs\":[\"https:\\\/\\\/www.facebook.com\\\/eciftlikturkiye\",\"https:\\\/\\\/x.com\\\/eciftlikresmi\",\"https:\\\/\\\/www.instagram.com\\\/eciftlikresmi\\\/\"]},{\"@type\":\"Person\",\"@id\":\"https:\\\/\\\/e-ciftlik.com\\\/haberler\\\/#\\\/schema\\\/person\\\/d2f4fee3143d7f72be82cb887d51b00a\",\"name\":\"Haber Merkezi\",\"image\":{\"@type\":\"ImageObject\",\"inLanguage\":\"tr\",\"@id\":\"https:\\\/\\\/secure.gravatar.com\\\/avatar\\\/6c27d641914e66c1d0452c92716002398782818991d86db1c2cccb531e7c7c82?s=96&d=mm&r=g\",\"url\":\"https:\\\/\\\/secure.gravatar.com\\\/avatar\\\/6c27d641914e66c1d0452c92716002398782818991d86db1c2cccb531e7c7c82?s=96&d=mm&r=g\",\"contentUrl\":\"https:\\\/\\\/secure.gravatar.com\\\/avatar\\\/6c27d641914e66c1d0452c92716002398782818991d86db1c2cccb531e7c7c82?s=96&d=mm&r=g\",\"caption\":\"Haber Merkezi\"},\"sameAs\":[\"http:\\\/\\\/e-ciftlik.com\\\/haberler\"]}]}<\/script>\n<!-- \/ Yoast SEO Premium plugin. -->","yoast_head_json":{"title":"Abd\u00fclkerim Bardakc\u0131 cezal\u0131 durumda! - E-&Ccedil;\u0130FTL\u0130K HABER","description":"Milli Tak\u0131m'da oynayan futbolcu, Abd\u00fclkerim Bardakc\u0131, Portekiz ma\u00e7\u0131nda sar\u0131 kart g\u00f6rd\u00fc. Bu nedenle, \u00c7ekya ma\u00e7\u0131nda oynamas\u0131 engellendi. Bu durum, Milli","robots":{"index":"index","follow":"follow","max-snippet":"max-snippet:-1","max-image-preview":"max-image-preview:large","max-video-preview":"max-video-preview:-1"},"canonical":"http:\/\/e-ciftlik.com\/haberler\/spor\/abdulkerim-bardakci-cezali-durumda\/","og_locale":"tr_TR","og_type":"article","og_title":"Abd\u00fclkerim Bardakc\u0131 cezal\u0131 durumda!","og_description":"Milli Tak\u0131m'da oynayan futbolcu, Abd\u00fclkerim Bardakc\u0131, Portekiz ma\u00e7\u0131nda sar\u0131 kart g\u00f6rd\u00fc. Bu nedenle, \u00c7ekya ma\u00e7\u0131nda oynamas\u0131 engellendi. Bu durum, Milli","og_url":"http:\/\/e-ciftlik.com\/haberler\/spor\/abdulkerim-bardakci-cezali-durumda\/","og_site_name":"E-&Ccedil;\u0130FTL\u0130K HABER","article_publisher":"https:\/\/www.facebook.com\/eciftlikturkiye","article_published_time":"2024-06-23T08:59:36+00:00","og_image":[{"width":1200,"height":628,"url":"http:\/\/e-ciftlik.com\/haberler\/wp-content\/uploads\/2024\/06\/1719133180_1200x628.jpeg","type":"image\/jpeg"}],"author":"Haber Merkezi","twitter_card":"summary_large_image","twitter_creator":"@eciftlikresmi","twitter_site":"@eciftlikresmi","twitter_misc":{"Yazan:":"Haber Merkezi","Tahmini okuma s\u00fcresi":"1 dakika"},"schema":{"@context":"https:\/\/schema.org","@graph":[{"@type":"NewsArticle","@id":"http:\/\/e-ciftlik.com\/haberler\/spor\/abdulkerim-bardakci-cezali-durumda\/#article","isPartOf":{"@id":"http:\/\/e-ciftlik.com\/haberler\/spor\/abdulkerim-bardakci-cezali-durumda\/"},"author":{"name":"Haber Merkezi","@id":"https:\/\/e-ciftlik.com\/haberler\/#\/schema\/person\/d2f4fee3143d7f72be82cb887d51b00a"},"headline":"Abd\u00fclkerim Bardakc\u0131 cezal\u0131 durumda!","datePublished":"2024-06-23T08:59:36+00:00","mainEntityOfPage":{"@id":"http:\/\/e-ciftlik.com\/haberler\/spor\/abdulkerim-bardakci-cezali-durumda\/"},"wordCount":171,"commentCount":0,"publisher":{"@id":"https:\/\/e-ciftlik.com\/haberler\/#organization"},"image":{"@id":"http:\/\/e-ciftlik.com\/haberler\/spor\/abdulkerim-bardakci-cezali-durumda\/#primaryimage"},"thumbnailUrl":"https:\/\/e-ciftlik.com\/haberler\/wp-content\/uploads\/2024\/06\/1719133180_1200x628.jpeg","articleSection":["Spor"],"inLanguage":"tr","potentialAction":[{"@type":"CommentAction","name":"Comment","target":["http:\/\/e-ciftlik.com\/haberler\/spor\/abdulkerim-bardakci-cezali-durumda\/#respond"]}]},{"@type":"WebPage","@id":"http:\/\/e-ciftlik.com\/haberler\/spor\/abdulkerim-bardakci-cezali-durumda\/","url":"http:\/\/e-ciftlik.com\/haberler\/spor\/abdulkerim-bardakci-cezali-durumda\/","name":"Abd\u00fclkerim Bardakc\u0131 cezal\u0131 durumda! - E-&Ccedil;\u0130FTL\u0130K HABER","isPartOf":{"@id":"https:\/\/e-ciftlik.com\/haberler\/#website"},"primaryImageOfPage":{"@id":"http:\/\/e-ciftlik.com\/haberler\/spor\/abdulkerim-bardakci-cezali-durumda\/#primaryimage"},"image":{"@id":"http:\/\/e-ciftlik.com\/haberler\/spor\/abdulkerim-bardakci-cezali-durumda\/#primaryimage"},"thumbnailUrl":"https:\/\/e-ciftlik.com\/haberler\/wp-content\/uploads\/2024\/06\/1719133180_1200x628.jpeg","datePublished":"2024-06-23T08:59:36+00:00","description":"Milli Tak\u0131m'da oynayan futbolcu, Abd\u00fclkerim Bardakc\u0131, Portekiz ma\u00e7\u0131nda sar\u0131 kart g\u00f6rd\u00fc. Bu nedenle, \u00c7ekya ma\u00e7\u0131nda oynamas\u0131 engellendi. Bu durum, Milli","breadcrumb":{"@id":"http:\/\/e-ciftlik.com\/haberler\/spor\/abdulkerim-bardakci-cezali-durumda\/#breadcrumb"},"inLanguage":"tr","potentialAction":[{"@type":"ReadAction","target":["http:\/\/e-ciftlik.com\/haberler\/spor\/abdulkerim-bardakci-cezali-durumda\/"]}]},{"@type":"ImageObject","inLanguage":"tr","@id":"http:\/\/e-ciftlik.com\/haberler\/spor\/abdulkerim-bardakci-cezali-durumda\/#primaryimage","url":"https:\/\/e-ciftlik.com\/haberler\/wp-content\/uploads\/2024\/06\/1719133180_1200x628.jpeg","contentUrl":"https:\/\/e-ciftlik.com\/haberler\/wp-content\/uploads\/2024\/06\/1719133180_1200x628.jpeg","width":1200,"height":628},{"@type":"BreadcrumbList","@id":"http:\/\/e-ciftlik.com\/haberler\/spor\/abdulkerim-bardakci-cezali-durumda\/#breadcrumb","itemListElement":[{"@type":"ListItem","position":1,"name":"Anasayfa","item":"https:\/\/e-ciftlik.com\/haberler\/"},{"@type":"ListItem","position":2,"name":"Abd\u00fclkerim Bardakc\u0131 cezal\u0131 durumda!"}]},{"@type":"WebSite","@id":"https:\/\/e-ciftlik.com\/haberler\/#website","url":"https:\/\/e-ciftlik.com\/haberler\/","name":"E-\u00c7iftlik Haber | G\u00fcncel, Son Dakika Haberler, En Son Haber","description":"","publisher":{"@id":"https:\/\/e-ciftlik.com\/haberler\/#organization"},"potentialAction":[{"@type":"SearchAction","target":{"@type":"EntryPoint","urlTemplate":"https:\/\/e-ciftlik.com\/haberler\/?s={search_term_string}"},"query-input":{"@type":"PropertyValueSpecification","valueRequired":true,"valueName":"search_term_string"}}],"inLanguage":"tr"},{"@type":"Organization","@id":"https:\/\/e-ciftlik.com\/haberler\/#organization","name":"E-\u00c7\u0130FTL\u0130K HABER","url":"https:\/\/e-ciftlik.com\/haberler\/","logo":{"@type":"ImageObject","inLanguage":"tr","@id":"https:\/\/e-ciftlik.com\/haberler\/#\/schema\/logo\/image\/","url":"https:\/\/e-ciftlik.com\/haberler\/wp-content\/uploads\/2024\/06\/cropped-cropped-favicon-1-2.png","contentUrl":"https:\/\/e-ciftlik.com\/haberler\/wp-content\/uploads\/2024\/06\/cropped-cropped-favicon-1-2.png","width":512,"height":512,"caption":"E-\u00c7\u0130FTL\u0130K HABER"},"image":{"@id":"https:\/\/e-ciftlik.com\/haberler\/#\/schema\/logo\/image\/"},"sameAs":["https:\/\/www.facebook.com\/eciftlikturkiye","https:\/\/x.com\/eciftlikresmi","https:\/\/www.instagram.com\/eciftlikresmi\/"]},{"@type":"Person","@id":"https:\/\/e-ciftlik.com\/haberler\/#\/schema\/person\/d2f4fee3143d7f72be82cb887d51b00a","name":"Haber Merkezi","image":{"@type":"ImageObject","inLanguage":"tr","@id":"https:\/\/secure.gravatar.com\/avatar\/6c27d641914e66c1d0452c92716002398782818991d86db1c2cccb531e7c7c82?s=96&d=mm&r=g","url":"https:\/\/secure.gravatar.com\/avatar\/6c27d641914e66c1d0452c92716002398782818991d86db1c2cccb531e7c7c82?s=96&d=mm&r=g","contentUrl":"https:\/\/secure.gravatar.com\/avatar\/6c27d641914e66c1d0452c92716002398782818991d86db1c2cccb531e7c7c82?s=96&d=mm&r=g","caption":"Haber Merkezi"},"sameAs":["http:\/\/e-ciftlik.com\/haberler"]}]}},"_links":{"self":[{"href":"https:\/\/e-ciftlik.com\/haberler\/wp-json\/wp\/v2\/posts\/5942","targetHints":{"allow":["GET"]}}],"collection":[{"href":"https:\/\/e-ciftlik.com\/haberler\/wp-json\/wp\/v2\/posts"}],"about":[{"href":"https:\/\/e-ciftlik.com\/haberler\/wp-json\/wp\/v2\/types\/post"}],"author":[{"embeddable":true,"href":"https:\/\/e-ciftlik.com\/haberler\/wp-json\/wp\/v2\/users\/1"}],"replies":[{"embeddable":true,"href":"https:\/\/e-ciftlik.com\/haberler\/wp-json\/wp\/v2\/comments?post=5942"}],"version-history":[{"count":0,"href":"https:\/\/e-ciftlik.com\/haberler\/wp-json\/wp\/v2\/posts\/5942\/revisions"}],"wp:featuredmedia":[{"embeddable":true,"href":"https:\/\/e-ciftlik.com\/haberler\/wp-json\/wp\/v2\/media\/5943"}],"wp:attachment":[{"href":"https:\/\/e-ciftlik.com\/haberler\/wp-json\/wp\/v2\/media?parent=5942"}],"wp:term":[{"taxonomy":"category","embeddable":true,"href":"https:\/\/e-ciftlik.com\/haberler\/wp-json\/wp\/v2\/categories?post=5942"},{"taxonomy":"post_tag","embeddable":true,"href":"https:\/\/e-ciftlik.com\/haberler\/wp-json\/wp\/v2\/tags?post=5942"}],"curies":[{"name":"wp","href":"https:\/\/api.w.org\/{rel}","templated":true}]}}