{"id":5948,"date":"2024-06-23T09:36:54","date_gmt":"2024-06-23T09:36:54","guid":{"rendered":"https:\/\/e-ciftlik.com\/haberler\/seyahat\/tesk-baskani-turk-dizileri-dunya-capinda-yukseliste\/"},"modified":"2024-06-23T09:36:54","modified_gmt":"2024-06-23T09:36:54","slug":"tesk-baskani-turk-dizileri-dunya-capinda-yukseliste","status":"publish","type":"post","link":"https:\/\/e-ciftlik.com\/haberler\/seyahat\/tesk-baskani-turk-dizileri-dunya-capinda-yukseliste\/","title":{"rendered":"TESK Ba\u015fkan\u0131: T\u00fcrk Dizileri D\u00fcnya \u00c7ap\u0131nda Y\u00fckseli\u015fte!"},"content":{"rendered":"<p>T\u00fcrkiye Esnaf ve Sanatk\u00e2rlar\u0131 Konfederasyonu (TESK) Ba\u015fkan\u0131 Bendevi Paland\u00f6ken, T\u00fcrkiye&#8217;nin dizi ihracat\u0131na ili\u015fkin \u00f6nemli a\u00e7\u0131klamalarda bulundu. Paland\u00f6ken, pandemi s\u00fcreciyle birlikte T\u00fcrk dizilerine olan talebin artt\u0131\u011f\u0131n\u0131 belirterek, &#8220;2020 y\u0131l\u0131ndan bu yana dizi ihracat\u0131m\u0131z y\u0131ll\u0131k 300 milyon dolardan 600 milyon dolara y\u00fckseldi. T\u00fcrk dizilerine olan talebin y\u00fczde 184 artt\u0131\u011f\u0131 g\u00f6z \u00f6n\u00fcnde bulundurularak y\u0131ll\u0131k dizi ihracat\u0131m\u0131z 1 milyar dolara \u00e7\u0131kar\u0131lmal\u0131&#8221; \u015feklinde konu\u015ftu.<\/p>\n<p>Paland\u00f6ken, d\u00fcnya genelinde \u0130spanya, Suudi Arabistan ve M\u0131s\u0131r ba\u015fta olmak \u00fczere 150 \u00fclkede 500 milyon izleyici taraf\u0131ndan T\u00fcrk dizilerinin takip edildi\u011fini vurgulayarak, yerli markalar\u0131n tan\u0131t\u0131m\u0131na daha fazla a\u011f\u0131rl\u0131k verilmesi gerekti\u011fini ifade etti. \u00dclkemizin sanatk\u00e2rlar\u0131 taraf\u0131ndan \u00fcretilen \u00fcr\u00fcnlerin, dizi ve filmlerde de yer almas\u0131 gerekti\u011fini belirten Paland\u00f6ken, tekstil, tar\u0131m ve di\u011fer sekt\u00f6rlerin tan\u0131t\u0131m\u0131n\u0131n yap\u0131lmas\u0131 gerekti\u011fine i\u015faret etti.<\/p>\n<p>T\u00fcrkiye&#8217;nin tarihi ve do\u011fal g\u00fczelliklerinin dizi ve filmler arac\u0131l\u0131\u011f\u0131yla d\u00fcnyaya tan\u0131t\u0131lmas\u0131n\u0131n \u00f6nemine de\u011finen Paland\u00f6ken, pop\u00fcler yap\u0131mlarda yer alan mekanlar\u0131n insanlar\u0131n seyahat tercihlerini etkileyen fakt\u00f6rlerden biri haline geldi\u011fini dile getirdi. \u00dclkemizin turistik ve tarihi mek\u00e2nlar\u0131n\u0131n dizi ve filmlerde yer almas\u0131yla turizm potansiyelinin artabilece\u011fini belirten Paland\u00f6ken, yerli yap\u0131mc\u0131lar\u0131n yurt d\u0131\u015f\u0131nda da tan\u0131t\u0131m yapabilmeleri i\u00e7in devlet deste\u011finin sa\u011flanmas\u0131 gerekti\u011fini s\u00f6yledi. Ayr\u0131ca, dizi ve film turizminin ekonomiye katk\u0131s\u0131na da de\u011finen Paland\u00f6ken, gastronomi turizminin de canland\u0131r\u0131lmas\u0131 gerekti\u011fini vurgulad\u0131.<\/p>\n","protected":false},"excerpt":{"rendered":"<p>T\u00fcrkiye Esnaf ve Sanatk\u00e2rlar\u0131 Konfederasyonu (TESK) Ba\u015fkan\u0131 Bendevi Paland\u00f6ken, T\u00fcrkiye&#8217;nin dizi ihracat\u0131na ili\u015fkin \u00f6nemli a\u00e7\u0131klamalarda&hellip;<\/p>\n","protected":false},"author":1,"featured_media":5949,"comment_status":"open","ping_status":"open","sticky":false,"template":"","format":"standard","meta":{"footnotes":""},"categories":[14],"tags":[],"class_list":["post-5948","post","type-post","status-publish","format-standard","has-post-thumbnail","hentry","category-seyahat"],"yoast_head":"<!-- This site is optimized with the Yoast SEO Premium plugin v24.3 (Yoast SEO v27.4) - https:\/\/yoast.com\/product\/yoast-seo-premium-wordpress\/ -->\n<title>TESK Ba\u015fkan\u0131: T\u00fcrk Dizileri D\u00fcnya \u00c7ap\u0131nda Y\u00fckseli\u015fte! - E-&Ccedil;\u0130FTL\u0130K HABER<\/title>\n<meta name=\"description\" content=\"T\u00fcrkiye Esnaf ve Sanatk\u00e2rlar\u0131 Konfederasyonu (TESK) Ba\u015fkan\u0131 Bendevi Paland\u00f6ken, T\u00fcrkiye&#039;nin dizi ihracat\u0131na ili\u015fkin \u00f6nemli a\u00e7\u0131klamalarda bulundu.\" \/>\n<meta name=\"robots\" content=\"index, follow, max-snippet:-1, max-image-preview:large, max-video-preview:-1\" \/>\n<link rel=\"canonical\" href=\"http:\/\/e-ciftlik.com\/haberler\/seyahat\/tesk-baskani-turk-dizileri-dunya-capinda-yukseliste\/\" \/>\n<meta property=\"og:locale\" content=\"tr_TR\" \/>\n<meta property=\"og:type\" content=\"article\" \/>\n<meta property=\"og:title\" content=\"TESK Ba\u015fkan\u0131: T\u00fcrk Dizileri D\u00fcnya \u00c7ap\u0131nda Y\u00fckseli\u015fte!\" \/>\n<meta property=\"og:description\" content=\"T\u00fcrkiye Esnaf ve Sanatk\u00e2rlar\u0131 Konfederasyonu (TESK) Ba\u015fkan\u0131 Bendevi Paland\u00f6ken, T\u00fcrkiye&#039;nin dizi ihracat\u0131na ili\u015fkin \u00f6nemli a\u00e7\u0131klamalarda bulundu.\" \/>\n<meta property=\"og:url\" content=\"http:\/\/e-ciftlik.com\/haberler\/seyahat\/tesk-baskani-turk-dizileri-dunya-capinda-yukseliste\/\" \/>\n<meta property=\"og:site_name\" content=\"E-&Ccedil;\u0130FTL\u0130K HABER\" \/>\n<meta property=\"article:publisher\" content=\"https:\/\/www.facebook.com\/eciftlikturkiye\" \/>\n<meta property=\"article:published_time\" content=\"2024-06-23T09:36:54+00:00\" \/>\n<meta property=\"og:image\" content=\"http:\/\/e-ciftlik.com\/haberler\/wp-content\/uploads\/2024\/06\/NGUs5Gc1UaO8DySGLB2Og.jpg\" \/>\n\t<meta property=\"og:image:width\" content=\"1080\" \/>\n\t<meta property=\"og:image:height\" content=\"614\" \/>\n\t<meta property=\"og:image:type\" content=\"image\/jpeg\" \/>\n<meta name=\"author\" content=\"Haber Merkezi\" \/>\n<meta name=\"twitter:card\" content=\"summary_large_image\" \/>\n<meta name=\"twitter:creator\" content=\"@eciftlikresmi\" \/>\n<meta name=\"twitter:site\" content=\"@eciftlikresmi\" \/>\n<meta name=\"twitter:label1\" content=\"Yazan:\" \/>\n\t<meta name=\"twitter:data1\" content=\"Haber Merkezi\" \/>\n\t<meta name=\"twitter:label2\" content=\"Tahmini okuma s\u00fcresi\" \/>\n\t<meta name=\"twitter:data2\" content=\"1 dakika\" \/>\n<script type=\"application\/ld+json\" class=\"yoast-schema-graph\">{\"@context\":\"https:\\\/\\\/schema.org\",\"@graph\":[{\"@type\":\"NewsArticle\",\"@id\":\"http:\\\/\\\/e-ciftlik.com\\\/haberler\\\/seyahat\\\/tesk-baskani-turk-dizileri-dunya-capinda-yukseliste\\\/#article\",\"isPartOf\":{\"@id\":\"http:\\\/\\\/e-ciftlik.com\\\/haberler\\\/seyahat\\\/tesk-baskani-turk-dizileri-dunya-capinda-yukseliste\\\/\"},\"author\":{\"name\":\"Haber Merkezi\",\"@id\":\"https:\\\/\\\/e-ciftlik.com\\\/haberler\\\/#\\\/schema\\\/person\\\/d2f4fee3143d7f72be82cb887d51b00a\"},\"headline\":\"TESK Ba\u015fkan\u0131: T\u00fcrk Dizileri D\u00fcnya \u00c7ap\u0131nda Y\u00fckseli\u015fte!\",\"datePublished\":\"2024-06-23T09:36:54+00:00\",\"mainEntityOfPage\":{\"@id\":\"http:\\\/\\\/e-ciftlik.com\\\/haberler\\\/seyahat\\\/tesk-baskani-turk-dizileri-dunya-capinda-yukseliste\\\/\"},\"wordCount\":298,\"commentCount\":0,\"publisher\":{\"@id\":\"https:\\\/\\\/e-ciftlik.com\\\/haberler\\\/#organization\"},\"image\":{\"@id\":\"http:\\\/\\\/e-ciftlik.com\\\/haberler\\\/seyahat\\\/tesk-baskani-turk-dizileri-dunya-capinda-yukseliste\\\/#primaryimage\"},\"thumbnailUrl\":\"https:\\\/\\\/e-ciftlik.com\\\/haberler\\\/wp-content\\\/uploads\\\/2024\\\/06\\\/NGUs5Gc1UaO8DySGLB2Og.jpg\",\"articleSection\":[\"Seyahat\"],\"inLanguage\":\"tr\",\"potentialAction\":[{\"@type\":\"CommentAction\",\"name\":\"Comment\",\"target\":[\"http:\\\/\\\/e-ciftlik.com\\\/haberler\\\/seyahat\\\/tesk-baskani-turk-dizileri-dunya-capinda-yukseliste\\\/#respond\"]}]},{\"@type\":\"WebPage\",\"@id\":\"http:\\\/\\\/e-ciftlik.com\\\/haberler\\\/seyahat\\\/tesk-baskani-turk-dizileri-dunya-capinda-yukseliste\\\/\",\"url\":\"http:\\\/\\\/e-ciftlik.com\\\/haberler\\\/seyahat\\\/tesk-baskani-turk-dizileri-dunya-capinda-yukseliste\\\/\",\"name\":\"TESK Ba\u015fkan\u0131: T\u00fcrk Dizileri D\u00fcnya \u00c7ap\u0131nda Y\u00fckseli\u015fte! - E-&Ccedil;\u0130FTL\u0130K HABER\",\"isPartOf\":{\"@id\":\"https:\\\/\\\/e-ciftlik.com\\\/haberler\\\/#website\"},\"primaryImageOfPage\":{\"@id\":\"http:\\\/\\\/e-ciftlik.com\\\/haberler\\\/seyahat\\\/tesk-baskani-turk-dizileri-dunya-capinda-yukseliste\\\/#primaryimage\"},\"image\":{\"@id\":\"http:\\\/\\\/e-ciftlik.com\\\/haberler\\\/seyahat\\\/tesk-baskani-turk-dizileri-dunya-capinda-yukseliste\\\/#primaryimage\"},\"thumbnailUrl\":\"https:\\\/\\\/e-ciftlik.com\\\/haberler\\\/wp-content\\\/uploads\\\/2024\\\/06\\\/NGUs5Gc1UaO8DySGLB2Og.jpg\",\"datePublished\":\"2024-06-23T09:36:54+00:00\",\"description\":\"T\u00fcrkiye Esnaf ve Sanatk\u00e2rlar\u0131 Konfederasyonu (TESK) Ba\u015fkan\u0131 Bendevi Paland\u00f6ken, T\u00fcrkiye'nin dizi ihracat\u0131na ili\u015fkin \u00f6nemli a\u00e7\u0131klamalarda bulundu.\",\"breadcrumb\":{\"@id\":\"http:\\\/\\\/e-ciftlik.com\\\/haberler\\\/seyahat\\\/tesk-baskani-turk-dizileri-dunya-capinda-yukseliste\\\/#breadcrumb\"},\"inLanguage\":\"tr\",\"potentialAction\":[{\"@type\":\"ReadAction\",\"target\":[\"http:\\\/\\\/e-ciftlik.com\\\/haberler\\\/seyahat\\\/tesk-baskani-turk-dizileri-dunya-capinda-yukseliste\\\/\"]}]},{\"@type\":\"ImageObject\",\"inLanguage\":\"tr\",\"@id\":\"http:\\\/\\\/e-ciftlik.com\\\/haberler\\\/seyahat\\\/tesk-baskani-turk-dizileri-dunya-capinda-yukseliste\\\/#primaryimage\",\"url\":\"https:\\\/\\\/e-ciftlik.com\\\/haberler\\\/wp-content\\\/uploads\\\/2024\\\/06\\\/NGUs5Gc1UaO8DySGLB2Og.jpg\",\"contentUrl\":\"https:\\\/\\\/e-ciftlik.com\\\/haberler\\\/wp-content\\\/uploads\\\/2024\\\/06\\\/NGUs5Gc1UaO8DySGLB2Og.jpg\",\"width\":1080,\"height\":614},{\"@type\":\"BreadcrumbList\",\"@id\":\"http:\\\/\\\/e-ciftlik.com\\\/haberler\\\/seyahat\\\/tesk-baskani-turk-dizileri-dunya-capinda-yukseliste\\\/#breadcrumb\",\"itemListElement\":[{\"@type\":\"ListItem\",\"position\":1,\"name\":\"Anasayfa\",\"item\":\"https:\\\/\\\/e-ciftlik.com\\\/haberler\\\/\"},{\"@type\":\"ListItem\",\"position\":2,\"name\":\"TESK Ba\u015fkan\u0131: T\u00fcrk Dizileri D\u00fcnya \u00c7ap\u0131nda Y\u00fckseli\u015fte!\"}]},{\"@type\":\"WebSite\",\"@id\":\"https:\\\/\\\/e-ciftlik.com\\\/haberler\\\/#website\",\"url\":\"https:\\\/\\\/e-ciftlik.com\\\/haberler\\\/\",\"name\":\"E-\u00c7iftlik Haber | G\u00fcncel, Son Dakika Haberler, En Son Haber\",\"description\":\"\",\"publisher\":{\"@id\":\"https:\\\/\\\/e-ciftlik.com\\\/haberler\\\/#organization\"},\"potentialAction\":[{\"@type\":\"SearchAction\",\"target\":{\"@type\":\"EntryPoint\",\"urlTemplate\":\"https:\\\/\\\/e-ciftlik.com\\\/haberler\\\/?s={search_term_string}\"},\"query-input\":{\"@type\":\"PropertyValueSpecification\",\"valueRequired\":true,\"valueName\":\"search_term_string\"}}],\"inLanguage\":\"tr\"},{\"@type\":\"Organization\",\"@id\":\"https:\\\/\\\/e-ciftlik.com\\\/haberler\\\/#organization\",\"name\":\"E-\u00c7\u0130FTL\u0130K HABER\",\"url\":\"https:\\\/\\\/e-ciftlik.com\\\/haberler\\\/\",\"logo\":{\"@type\":\"ImageObject\",\"inLanguage\":\"tr\",\"@id\":\"https:\\\/\\\/e-ciftlik.com\\\/haberler\\\/#\\\/schema\\\/logo\\\/image\\\/\",\"url\":\"https:\\\/\\\/e-ciftlik.com\\\/haberler\\\/wp-content\\\/uploads\\\/2024\\\/06\\\/cropped-cropped-favicon-1-2.png\",\"contentUrl\":\"https:\\\/\\\/e-ciftlik.com\\\/haberler\\\/wp-content\\\/uploads\\\/2024\\\/06\\\/cropped-cropped-favicon-1-2.png\",\"width\":512,\"height\":512,\"caption\":\"E-\u00c7\u0130FTL\u0130K HABER\"},\"image\":{\"@id\":\"https:\\\/\\\/e-ciftlik.com\\\/haberler\\\/#\\\/schema\\\/logo\\\/image\\\/\"},\"sameAs\":[\"https:\\\/\\\/www.facebook.com\\\/eciftlikturkiye\",\"https:\\\/\\\/x.com\\\/eciftlikresmi\",\"https:\\\/\\\/www.instagram.com\\\/eciftlikresmi\\\/\"]},{\"@type\":\"Person\",\"@id\":\"https:\\\/\\\/e-ciftlik.com\\\/haberler\\\/#\\\/schema\\\/person\\\/d2f4fee3143d7f72be82cb887d51b00a\",\"name\":\"Haber Merkezi\",\"image\":{\"@type\":\"ImageObject\",\"inLanguage\":\"tr\",\"@id\":\"https:\\\/\\\/secure.gravatar.com\\\/avatar\\\/6c27d641914e66c1d0452c92716002398782818991d86db1c2cccb531e7c7c82?s=96&d=mm&r=g\",\"url\":\"https:\\\/\\\/secure.gravatar.com\\\/avatar\\\/6c27d641914e66c1d0452c92716002398782818991d86db1c2cccb531e7c7c82?s=96&d=mm&r=g\",\"contentUrl\":\"https:\\\/\\\/secure.gravatar.com\\\/avatar\\\/6c27d641914e66c1d0452c92716002398782818991d86db1c2cccb531e7c7c82?s=96&d=mm&r=g\",\"caption\":\"Haber Merkezi\"},\"sameAs\":[\"http:\\\/\\\/e-ciftlik.com\\\/haberler\"]}]}<\/script>\n<!-- \/ Yoast SEO Premium plugin. -->","yoast_head_json":{"title":"TESK Ba\u015fkan\u0131: T\u00fcrk Dizileri D\u00fcnya \u00c7ap\u0131nda Y\u00fckseli\u015fte! - E-&Ccedil;\u0130FTL\u0130K HABER","description":"T\u00fcrkiye Esnaf ve Sanatk\u00e2rlar\u0131 Konfederasyonu (TESK) Ba\u015fkan\u0131 Bendevi Paland\u00f6ken, T\u00fcrkiye'nin dizi ihracat\u0131na ili\u015fkin \u00f6nemli a\u00e7\u0131klamalarda bulundu.","robots":{"index":"index","follow":"follow","max-snippet":"max-snippet:-1","max-image-preview":"max-image-preview:large","max-video-preview":"max-video-preview:-1"},"canonical":"http:\/\/e-ciftlik.com\/haberler\/seyahat\/tesk-baskani-turk-dizileri-dunya-capinda-yukseliste\/","og_locale":"tr_TR","og_type":"article","og_title":"TESK Ba\u015fkan\u0131: T\u00fcrk Dizileri D\u00fcnya \u00c7ap\u0131nda Y\u00fckseli\u015fte!","og_description":"T\u00fcrkiye Esnaf ve Sanatk\u00e2rlar\u0131 Konfederasyonu (TESK) Ba\u015fkan\u0131 Bendevi Paland\u00f6ken, T\u00fcrkiye'nin dizi ihracat\u0131na ili\u015fkin \u00f6nemli a\u00e7\u0131klamalarda bulundu.","og_url":"http:\/\/e-ciftlik.com\/haberler\/seyahat\/tesk-baskani-turk-dizileri-dunya-capinda-yukseliste\/","og_site_name":"E-&Ccedil;\u0130FTL\u0130K HABER","article_publisher":"https:\/\/www.facebook.com\/eciftlikturkiye","article_published_time":"2024-06-23T09:36:54+00:00","og_image":[{"width":1080,"height":614,"url":"http:\/\/e-ciftlik.com\/haberler\/wp-content\/uploads\/2024\/06\/NGUs5Gc1UaO8DySGLB2Og.jpg","type":"image\/jpeg"}],"author":"Haber Merkezi","twitter_card":"summary_large_image","twitter_creator":"@eciftlikresmi","twitter_site":"@eciftlikresmi","twitter_misc":{"Yazan:":"Haber Merkezi","Tahmini okuma s\u00fcresi":"1 dakika"},"schema":{"@context":"https:\/\/schema.org","@graph":[{"@type":"NewsArticle","@id":"http:\/\/e-ciftlik.com\/haberler\/seyahat\/tesk-baskani-turk-dizileri-dunya-capinda-yukseliste\/#article","isPartOf":{"@id":"http:\/\/e-ciftlik.com\/haberler\/seyahat\/tesk-baskani-turk-dizileri-dunya-capinda-yukseliste\/"},"author":{"name":"Haber Merkezi","@id":"https:\/\/e-ciftlik.com\/haberler\/#\/schema\/person\/d2f4fee3143d7f72be82cb887d51b00a"},"headline":"TESK Ba\u015fkan\u0131: T\u00fcrk Dizileri D\u00fcnya \u00c7ap\u0131nda Y\u00fckseli\u015fte!","datePublished":"2024-06-23T09:36:54+00:00","mainEntityOfPage":{"@id":"http:\/\/e-ciftlik.com\/haberler\/seyahat\/tesk-baskani-turk-dizileri-dunya-capinda-yukseliste\/"},"wordCount":298,"commentCount":0,"publisher":{"@id":"https:\/\/e-ciftlik.com\/haberler\/#organization"},"image":{"@id":"http:\/\/e-ciftlik.com\/haberler\/seyahat\/tesk-baskani-turk-dizileri-dunya-capinda-yukseliste\/#primaryimage"},"thumbnailUrl":"https:\/\/e-ciftlik.com\/haberler\/wp-content\/uploads\/2024\/06\/NGUs5Gc1UaO8DySGLB2Og.jpg","articleSection":["Seyahat"],"inLanguage":"tr","potentialAction":[{"@type":"CommentAction","name":"Comment","target":["http:\/\/e-ciftlik.com\/haberler\/seyahat\/tesk-baskani-turk-dizileri-dunya-capinda-yukseliste\/#respond"]}]},{"@type":"WebPage","@id":"http:\/\/e-ciftlik.com\/haberler\/seyahat\/tesk-baskani-turk-dizileri-dunya-capinda-yukseliste\/","url":"http:\/\/e-ciftlik.com\/haberler\/seyahat\/tesk-baskani-turk-dizileri-dunya-capinda-yukseliste\/","name":"TESK Ba\u015fkan\u0131: T\u00fcrk Dizileri D\u00fcnya \u00c7ap\u0131nda Y\u00fckseli\u015fte! - E-&Ccedil;\u0130FTL\u0130K HABER","isPartOf":{"@id":"https:\/\/e-ciftlik.com\/haberler\/#website"},"primaryImageOfPage":{"@id":"http:\/\/e-ciftlik.com\/haberler\/seyahat\/tesk-baskani-turk-dizileri-dunya-capinda-yukseliste\/#primaryimage"},"image":{"@id":"http:\/\/e-ciftlik.com\/haberler\/seyahat\/tesk-baskani-turk-dizileri-dunya-capinda-yukseliste\/#primaryimage"},"thumbnailUrl":"https:\/\/e-ciftlik.com\/haberler\/wp-content\/uploads\/2024\/06\/NGUs5Gc1UaO8DySGLB2Og.jpg","datePublished":"2024-06-23T09:36:54+00:00","description":"T\u00fcrkiye Esnaf ve Sanatk\u00e2rlar\u0131 Konfederasyonu (TESK) Ba\u015fkan\u0131 Bendevi Paland\u00f6ken, T\u00fcrkiye'nin dizi ihracat\u0131na ili\u015fkin \u00f6nemli a\u00e7\u0131klamalarda bulundu.","breadcrumb":{"@id":"http:\/\/e-ciftlik.com\/haberler\/seyahat\/tesk-baskani-turk-dizileri-dunya-capinda-yukseliste\/#breadcrumb"},"inLanguage":"tr","potentialAction":[{"@type":"ReadAction","target":["http:\/\/e-ciftlik.com\/haberler\/seyahat\/tesk-baskani-turk-dizileri-dunya-capinda-yukseliste\/"]}]},{"@type":"ImageObject","inLanguage":"tr","@id":"http:\/\/e-ciftlik.com\/haberler\/seyahat\/tesk-baskani-turk-dizileri-dunya-capinda-yukseliste\/#primaryimage","url":"https:\/\/e-ciftlik.com\/haberler\/wp-content\/uploads\/2024\/06\/NGUs5Gc1UaO8DySGLB2Og.jpg","contentUrl":"https:\/\/e-ciftlik.com\/haberler\/wp-content\/uploads\/2024\/06\/NGUs5Gc1UaO8DySGLB2Og.jpg","width":1080,"height":614},{"@type":"BreadcrumbList","@id":"http:\/\/e-ciftlik.com\/haberler\/seyahat\/tesk-baskani-turk-dizileri-dunya-capinda-yukseliste\/#breadcrumb","itemListElement":[{"@type":"ListItem","position":1,"name":"Anasayfa","item":"https:\/\/e-ciftlik.com\/haberler\/"},{"@type":"ListItem","position":2,"name":"TESK Ba\u015fkan\u0131: T\u00fcrk Dizileri D\u00fcnya \u00c7ap\u0131nda Y\u00fckseli\u015fte!"}]},{"@type":"WebSite","@id":"https:\/\/e-ciftlik.com\/haberler\/#website","url":"https:\/\/e-ciftlik.com\/haberler\/","name":"E-\u00c7iftlik Haber | G\u00fcncel, Son Dakika Haberler, En Son Haber","description":"","publisher":{"@id":"https:\/\/e-ciftlik.com\/haberler\/#organization"},"potentialAction":[{"@type":"SearchAction","target":{"@type":"EntryPoint","urlTemplate":"https:\/\/e-ciftlik.com\/haberler\/?s={search_term_string}"},"query-input":{"@type":"PropertyValueSpecification","valueRequired":true,"valueName":"search_term_string"}}],"inLanguage":"tr"},{"@type":"Organization","@id":"https:\/\/e-ciftlik.com\/haberler\/#organization","name":"E-\u00c7\u0130FTL\u0130K HABER","url":"https:\/\/e-ciftlik.com\/haberler\/","logo":{"@type":"ImageObject","inLanguage":"tr","@id":"https:\/\/e-ciftlik.com\/haberler\/#\/schema\/logo\/image\/","url":"https:\/\/e-ciftlik.com\/haberler\/wp-content\/uploads\/2024\/06\/cropped-cropped-favicon-1-2.png","contentUrl":"https:\/\/e-ciftlik.com\/haberler\/wp-content\/uploads\/2024\/06\/cropped-cropped-favicon-1-2.png","width":512,"height":512,"caption":"E-\u00c7\u0130FTL\u0130K HABER"},"image":{"@id":"https:\/\/e-ciftlik.com\/haberler\/#\/schema\/logo\/image\/"},"sameAs":["https:\/\/www.facebook.com\/eciftlikturkiye","https:\/\/x.com\/eciftlikresmi","https:\/\/www.instagram.com\/eciftlikresmi\/"]},{"@type":"Person","@id":"https:\/\/e-ciftlik.com\/haberler\/#\/schema\/person\/d2f4fee3143d7f72be82cb887d51b00a","name":"Haber Merkezi","image":{"@type":"ImageObject","inLanguage":"tr","@id":"https:\/\/secure.gravatar.com\/avatar\/6c27d641914e66c1d0452c92716002398782818991d86db1c2cccb531e7c7c82?s=96&d=mm&r=g","url":"https:\/\/secure.gravatar.com\/avatar\/6c27d641914e66c1d0452c92716002398782818991d86db1c2cccb531e7c7c82?s=96&d=mm&r=g","contentUrl":"https:\/\/secure.gravatar.com\/avatar\/6c27d641914e66c1d0452c92716002398782818991d86db1c2cccb531e7c7c82?s=96&d=mm&r=g","caption":"Haber Merkezi"},"sameAs":["http:\/\/e-ciftlik.com\/haberler"]}]}},"_links":{"self":[{"href":"https:\/\/e-ciftlik.com\/haberler\/wp-json\/wp\/v2\/posts\/5948","targetHints":{"allow":["GET"]}}],"collection":[{"href":"https:\/\/e-ciftlik.com\/haberler\/wp-json\/wp\/v2\/posts"}],"about":[{"href":"https:\/\/e-ciftlik.com\/haberler\/wp-json\/wp\/v2\/types\/post"}],"author":[{"embeddable":true,"href":"https:\/\/e-ciftlik.com\/haberler\/wp-json\/wp\/v2\/users\/1"}],"replies":[{"embeddable":true,"href":"https:\/\/e-ciftlik.com\/haberler\/wp-json\/wp\/v2\/comments?post=5948"}],"version-history":[{"count":0,"href":"https:\/\/e-ciftlik.com\/haberler\/wp-json\/wp\/v2\/posts\/5948\/revisions"}],"wp:featuredmedia":[{"embeddable":true,"href":"https:\/\/e-ciftlik.com\/haberler\/wp-json\/wp\/v2\/media\/5949"}],"wp:attachment":[{"href":"https:\/\/e-ciftlik.com\/haberler\/wp-json\/wp\/v2\/media?parent=5948"}],"wp:term":[{"taxonomy":"category","embeddable":true,"href":"https:\/\/e-ciftlik.com\/haberler\/wp-json\/wp\/v2\/categories?post=5948"},{"taxonomy":"post_tag","embeddable":true,"href":"https:\/\/e-ciftlik.com\/haberler\/wp-json\/wp\/v2\/tags?post=5948"}],"curies":[{"name":"wp","href":"https:\/\/api.w.org\/{rel}","templated":true}]}}