{"id":5964,"date":"2024-06-23T10:35:19","date_gmt":"2024-06-23T10:35:19","guid":{"rendered":"https:\/\/e-ciftlik.com\/haberler\/teknoloji\/iphone-16-tasarimi-sizdirildi-applein-yeni-amiral-gemisi\/"},"modified":"2024-06-23T10:35:19","modified_gmt":"2024-06-23T10:35:19","slug":"iphone-16-tasarimi-sizdirildi-applein-yeni-amiral-gemisi","status":"publish","type":"post","link":"https:\/\/e-ciftlik.com\/haberler\/teknoloji\/iphone-16-tasarimi-sizdirildi-applein-yeni-amiral-gemisi\/","title":{"rendered":"iPhone 16 tasar\u0131m\u0131 s\u0131zd\u0131r\u0131ld\u0131 &#8211; Apple&#8217;\u0131n yeni amiral gemisi"},"content":{"rendered":"<p>\u015eimdi bu y\u0131l\u0131n ilerleyen d\u00f6neminde gelecek olan iOS 18 g\u00fcncellemesi hakk\u0131nda her \u015feyi duyduktan sonra, dikkatimizi tekrar donan\u0131ma ve Eyl\u00fcl ay\u0131nda piyasaya \u00e7\u0131kacak olan iPhone 16 amiral gemisinin tasar\u0131m\u0131na \u00e7evirebiliriz. Bu sefer, bir k\u0131l\u0131f kal\u0131b\u0131 \u015feklinde s\u0131zd\u0131r\u0131lan bir video sosyal medyaya <a data-analytics-id=\"inline-link\" href=\"https:\/\/x.com\/UniverseIce\/status\/1804518626164412600\" target=\"_blank\" data-url=\"https:\/\/x.com\/UniverseIce\/status\/1804518626164412600\" referrerpolicy=\"no-referrer-when-downgrade\" data-hl-processed=\"none\" rel=\"noopener\">@UniverseIce<\/a> taraf\u0131ndan payla\u015f\u0131ld\u0131, ki o g\u00fcvenilir ipu\u00e7lar\u0131 veren ki\u015filerden biridir. Apple onaylamad\u0131k\u00e7a hi\u00e7bir \u015fey resmi de\u011fildir, ancak bu daha \u00f6nce g\u00f6rd\u00fc\u011f\u00fcm\u00fcz s\u0131z\u0131nt\u0131larla uyumludur. Bu videoda muhtemelen iPhone 16 veya iPhone 16 Plus i\u00e7in bir k\u0131l\u0131f \u015fablonu g\u00f6r\u00fcyoruz, \u00e7\u00fcnk\u00fc bu h\u0131zl\u0131 klip \u00fczerinden boyutu de\u011ferlendirmek olduk\u00e7a zordur. Muhtemelen daha b\u00fcy\u00fck modeldir, ancak standart model de olabilir. iPhone 16 Plus&#8217;\u0131n hangi ekran boyutuyla gelece\u011fi konusunda hala bir tart\u0131\u015fma var ve \u015fimdiye kadar duydu\u011fumuz kadar\u0131yla her iPhone modelinin bu y\u0131l ekran boyutunu de\u011fi\u015ftirebilece\u011fi g\u00f6r\u00fcl\u00fcyor &#8211; belki de iPhone 16 Pro Max ile 6,9 in\u00e7e kadar. Kamera ve d\u00fc\u011fmeler Bu k\u0131l\u0131f kal\u0131b\u0131 iPhone 16 veya iPhone 16 Plus i\u00e7inse, her iki telefonun da ayn\u0131 tasar\u0131m\u0131 ta\u015f\u0131mas\u0131 bekleniyor &#8211; iki telefon aras\u0131ndaki tek fark ekran boyutu ve konfig\u00fcrasyonu, boyutlar ve batarya kapasitesi olmal\u0131. Burada, daha \u00f6nce s\u00f6ylentilere konu olan dikey kamera hizalamas\u0131n\u0131 g\u00f6rebilirsiniz: Bu, iPhone 15 ve iPhone 15 Plus&#8217;taki diyagonal d\u00fczenden bir de\u011fi\u015fiklik olacak ve yeni s\u00fcr\u00fcmlerin mekansal foto\u011fraflar ve videolar \u00e7ekmesine olanak tan\u0131yacak gibi g\u00f6r\u00fcn\u00fcyor. Ayr\u0131ca, her iPhone 16 modeline bu y\u0131l gelmesi s\u00f6zde olan yeni Yakalama d\u00fc\u011fmesi i\u00e7in burada yer var gibi g\u00f6r\u00fcn\u00fcyor. S\u00f6ylentiler do\u011fruysa, yeni d\u00fc\u011fme kullan\u0131c\u0131lar\u0131n foto\u011fraflar\u0131n ve videolar\u0131n nas\u0131l \u00e7ekildi\u011fi konusunda daha fazla kontrol sahibi olmalar\u0131n\u0131 sa\u011flayacak. \u015e\u00fcphesiz, s\u00f6ylentiler ve s\u0131z\u0131nt\u0131lar Eyl\u00fcl ay\u0131na kadar devam edecek ve ba\u015fka d\u00f6rt iPhone&#8217;un piyasaya s\u00fcr\u00fclmesi bekleniyor &#8211; ve bunlar iOS 18 ve Apple Intelligence ile gelecek.<\/p>\n","protected":false},"excerpt":{"rendered":"<p>\u015eimdi bu y\u0131l\u0131n ilerleyen d\u00f6neminde gelecek olan iOS 18 g\u00fcncellemesi hakk\u0131nda her \u015feyi duyduktan sonra,&hellip;<\/p>\n","protected":false},"author":1,"featured_media":5965,"comment_status":"open","ping_status":"open","sticky":false,"template":"","format":"standard","meta":{"footnotes":""},"categories":[1],"tags":[],"class_list":["post-5964","post","type-post","status-publish","format-standard","has-post-thumbnail","hentry","category-teknoloji"],"yoast_head":"<!-- This site is optimized with the Yoast SEO Premium plugin v24.3 (Yoast SEO v27.4) - https:\/\/yoast.com\/product\/yoast-seo-premium-wordpress\/ -->\n<title>iPhone 16 tasar\u0131m\u0131 s\u0131zd\u0131r\u0131ld\u0131 - Apple&#039;\u0131n yeni amiral gemisi - E-&Ccedil;\u0130FTL\u0130K HABER<\/title>\n<meta name=\"description\" content=\"\u015eimdi bu y\u0131l\u0131n ilerleyen d\u00f6neminde gelecek olan iOS 18 g\u00fcncellemesi hakk\u0131nda her \u015feyi duyduktan sonra, dikkatimizi tekrar donan\u0131ma ve Eyl\u00fcl ay\u0131nda\" \/>\n<meta name=\"robots\" content=\"index, follow, max-snippet:-1, max-image-preview:large, max-video-preview:-1\" \/>\n<link rel=\"canonical\" href=\"https:\/\/e-ciftlik.com\/haberler\/teknoloji\/iphone-16-tasarimi-sizdirildi-applein-yeni-amiral-gemisi\/\" \/>\n<meta property=\"og:locale\" content=\"tr_TR\" \/>\n<meta property=\"og:type\" content=\"article\" \/>\n<meta property=\"og:title\" content=\"iPhone 16 tasar\u0131m\u0131 s\u0131zd\u0131r\u0131ld\u0131 - Apple&#039;\u0131n yeni amiral gemisi\" \/>\n<meta property=\"og:description\" content=\"\u015eimdi bu y\u0131l\u0131n ilerleyen d\u00f6neminde gelecek olan iOS 18 g\u00fcncellemesi hakk\u0131nda her \u015feyi duyduktan sonra, dikkatimizi tekrar donan\u0131ma ve Eyl\u00fcl ay\u0131nda\" \/>\n<meta property=\"og:url\" content=\"https:\/\/e-ciftlik.com\/haberler\/teknoloji\/iphone-16-tasarimi-sizdirildi-applein-yeni-amiral-gemisi\/\" \/>\n<meta property=\"og:site_name\" content=\"E-&Ccedil;\u0130FTL\u0130K HABER\" \/>\n<meta property=\"article:publisher\" content=\"https:\/\/www.facebook.com\/eciftlikturkiye\" \/>\n<meta property=\"article:published_time\" content=\"2024-06-23T10:35:19+00:00\" \/>\n<meta property=\"og:image\" content=\"https:\/\/e-ciftlik.com\/haberler\/wp-content\/uploads\/2024\/06\/HCoStq3PWHxBe9Lux9YbTD-1200-80.jpg\" \/>\n\t<meta property=\"og:image:width\" content=\"1200\" \/>\n\t<meta property=\"og:image:height\" content=\"675\" \/>\n\t<meta property=\"og:image:type\" content=\"image\/jpeg\" \/>\n<meta name=\"author\" content=\"Haber Merkezi\" \/>\n<meta name=\"twitter:card\" content=\"summary_large_image\" \/>\n<meta name=\"twitter:creator\" content=\"@eciftlikresmi\" \/>\n<meta name=\"twitter:site\" content=\"@eciftlikresmi\" \/>\n<meta name=\"twitter:label1\" content=\"Yazan:\" \/>\n\t<meta name=\"twitter:data1\" content=\"Haber Merkezi\" \/>\n\t<meta name=\"twitter:label2\" content=\"Tahmini okuma s\u00fcresi\" \/>\n\t<meta name=\"twitter:data2\" content=\"2 dakika\" \/>\n<script type=\"application\/ld+json\" class=\"yoast-schema-graph\">{\"@context\":\"https:\\\/\\\/schema.org\",\"@graph\":[{\"@type\":\"NewsArticle\",\"@id\":\"https:\\\/\\\/e-ciftlik.com\\\/haberler\\\/teknoloji\\\/iphone-16-tasarimi-sizdirildi-applein-yeni-amiral-gemisi\\\/#article\",\"isPartOf\":{\"@id\":\"https:\\\/\\\/e-ciftlik.com\\\/haberler\\\/teknoloji\\\/iphone-16-tasarimi-sizdirildi-applein-yeni-amiral-gemisi\\\/\"},\"author\":{\"name\":\"Haber Merkezi\",\"@id\":\"https:\\\/\\\/e-ciftlik.com\\\/haberler\\\/#\\\/schema\\\/person\\\/d2f4fee3143d7f72be82cb887d51b00a\"},\"headline\":\"iPhone 16 tasar\u0131m\u0131 s\u0131zd\u0131r\u0131ld\u0131 &#8211; Apple&#8217;\u0131n yeni amiral gemisi\",\"datePublished\":\"2024-06-23T10:35:19+00:00\",\"mainEntityOfPage\":{\"@id\":\"https:\\\/\\\/e-ciftlik.com\\\/haberler\\\/teknoloji\\\/iphone-16-tasarimi-sizdirildi-applein-yeni-amiral-gemisi\\\/\"},\"wordCount\":374,\"commentCount\":0,\"publisher\":{\"@id\":\"https:\\\/\\\/e-ciftlik.com\\\/haberler\\\/#organization\"},\"image\":{\"@id\":\"https:\\\/\\\/e-ciftlik.com\\\/haberler\\\/teknoloji\\\/iphone-16-tasarimi-sizdirildi-applein-yeni-amiral-gemisi\\\/#primaryimage\"},\"thumbnailUrl\":\"https:\\\/\\\/e-ciftlik.com\\\/haberler\\\/wp-content\\\/uploads\\\/2024\\\/06\\\/HCoStq3PWHxBe9Lux9YbTD-1200-80.jpg\",\"articleSection\":[\"Teknoloji\"],\"inLanguage\":\"tr\",\"potentialAction\":[{\"@type\":\"CommentAction\",\"name\":\"Comment\",\"target\":[\"https:\\\/\\\/e-ciftlik.com\\\/haberler\\\/teknoloji\\\/iphone-16-tasarimi-sizdirildi-applein-yeni-amiral-gemisi\\\/#respond\"]}]},{\"@type\":\"WebPage\",\"@id\":\"https:\\\/\\\/e-ciftlik.com\\\/haberler\\\/teknoloji\\\/iphone-16-tasarimi-sizdirildi-applein-yeni-amiral-gemisi\\\/\",\"url\":\"https:\\\/\\\/e-ciftlik.com\\\/haberler\\\/teknoloji\\\/iphone-16-tasarimi-sizdirildi-applein-yeni-amiral-gemisi\\\/\",\"name\":\"iPhone 16 tasar\u0131m\u0131 s\u0131zd\u0131r\u0131ld\u0131 - Apple'\u0131n yeni amiral gemisi - E-&Ccedil;\u0130FTL\u0130K HABER\",\"isPartOf\":{\"@id\":\"https:\\\/\\\/e-ciftlik.com\\\/haberler\\\/#website\"},\"primaryImageOfPage\":{\"@id\":\"https:\\\/\\\/e-ciftlik.com\\\/haberler\\\/teknoloji\\\/iphone-16-tasarimi-sizdirildi-applein-yeni-amiral-gemisi\\\/#primaryimage\"},\"image\":{\"@id\":\"https:\\\/\\\/e-ciftlik.com\\\/haberler\\\/teknoloji\\\/iphone-16-tasarimi-sizdirildi-applein-yeni-amiral-gemisi\\\/#primaryimage\"},\"thumbnailUrl\":\"https:\\\/\\\/e-ciftlik.com\\\/haberler\\\/wp-content\\\/uploads\\\/2024\\\/06\\\/HCoStq3PWHxBe9Lux9YbTD-1200-80.jpg\",\"datePublished\":\"2024-06-23T10:35:19+00:00\",\"description\":\"\u015eimdi bu y\u0131l\u0131n ilerleyen d\u00f6neminde gelecek olan iOS 18 g\u00fcncellemesi hakk\u0131nda her \u015feyi duyduktan sonra, dikkatimizi tekrar donan\u0131ma ve Eyl\u00fcl ay\u0131nda\",\"breadcrumb\":{\"@id\":\"https:\\\/\\\/e-ciftlik.com\\\/haberler\\\/teknoloji\\\/iphone-16-tasarimi-sizdirildi-applein-yeni-amiral-gemisi\\\/#breadcrumb\"},\"inLanguage\":\"tr\",\"potentialAction\":[{\"@type\":\"ReadAction\",\"target\":[\"https:\\\/\\\/e-ciftlik.com\\\/haberler\\\/teknoloji\\\/iphone-16-tasarimi-sizdirildi-applein-yeni-amiral-gemisi\\\/\"]}]},{\"@type\":\"ImageObject\",\"inLanguage\":\"tr\",\"@id\":\"https:\\\/\\\/e-ciftlik.com\\\/haberler\\\/teknoloji\\\/iphone-16-tasarimi-sizdirildi-applein-yeni-amiral-gemisi\\\/#primaryimage\",\"url\":\"https:\\\/\\\/e-ciftlik.com\\\/haberler\\\/wp-content\\\/uploads\\\/2024\\\/06\\\/HCoStq3PWHxBe9Lux9YbTD-1200-80.jpg\",\"contentUrl\":\"https:\\\/\\\/e-ciftlik.com\\\/haberler\\\/wp-content\\\/uploads\\\/2024\\\/06\\\/HCoStq3PWHxBe9Lux9YbTD-1200-80.jpg\",\"width\":1200,\"height\":675},{\"@type\":\"BreadcrumbList\",\"@id\":\"https:\\\/\\\/e-ciftlik.com\\\/haberler\\\/teknoloji\\\/iphone-16-tasarimi-sizdirildi-applein-yeni-amiral-gemisi\\\/#breadcrumb\",\"itemListElement\":[{\"@type\":\"ListItem\",\"position\":1,\"name\":\"Anasayfa\",\"item\":\"https:\\\/\\\/e-ciftlik.com\\\/haberler\\\/\"},{\"@type\":\"ListItem\",\"position\":2,\"name\":\"iPhone 16 tasar\u0131m\u0131 s\u0131zd\u0131r\u0131ld\u0131 &#8211; Apple&#8217;\u0131n yeni amiral gemisi\"}]},{\"@type\":\"WebSite\",\"@id\":\"https:\\\/\\\/e-ciftlik.com\\\/haberler\\\/#website\",\"url\":\"https:\\\/\\\/e-ciftlik.com\\\/haberler\\\/\",\"name\":\"E-\u00c7iftlik Haber | G\u00fcncel, Son Dakika Haberler, En Son Haber\",\"description\":\"\",\"publisher\":{\"@id\":\"https:\\\/\\\/e-ciftlik.com\\\/haberler\\\/#organization\"},\"potentialAction\":[{\"@type\":\"SearchAction\",\"target\":{\"@type\":\"EntryPoint\",\"urlTemplate\":\"https:\\\/\\\/e-ciftlik.com\\\/haberler\\\/?s={search_term_string}\"},\"query-input\":{\"@type\":\"PropertyValueSpecification\",\"valueRequired\":true,\"valueName\":\"search_term_string\"}}],\"inLanguage\":\"tr\"},{\"@type\":\"Organization\",\"@id\":\"https:\\\/\\\/e-ciftlik.com\\\/haberler\\\/#organization\",\"name\":\"E-\u00c7\u0130FTL\u0130K HABER\",\"url\":\"https:\\\/\\\/e-ciftlik.com\\\/haberler\\\/\",\"logo\":{\"@type\":\"ImageObject\",\"inLanguage\":\"tr\",\"@id\":\"https:\\\/\\\/e-ciftlik.com\\\/haberler\\\/#\\\/schema\\\/logo\\\/image\\\/\",\"url\":\"https:\\\/\\\/e-ciftlik.com\\\/haberler\\\/wp-content\\\/uploads\\\/2024\\\/06\\\/cropped-cropped-favicon-1-2.png\",\"contentUrl\":\"https:\\\/\\\/e-ciftlik.com\\\/haberler\\\/wp-content\\\/uploads\\\/2024\\\/06\\\/cropped-cropped-favicon-1-2.png\",\"width\":512,\"height\":512,\"caption\":\"E-\u00c7\u0130FTL\u0130K HABER\"},\"image\":{\"@id\":\"https:\\\/\\\/e-ciftlik.com\\\/haberler\\\/#\\\/schema\\\/logo\\\/image\\\/\"},\"sameAs\":[\"https:\\\/\\\/www.facebook.com\\\/eciftlikturkiye\",\"https:\\\/\\\/x.com\\\/eciftlikresmi\",\"https:\\\/\\\/www.instagram.com\\\/eciftlikresmi\\\/\"]},{\"@type\":\"Person\",\"@id\":\"https:\\\/\\\/e-ciftlik.com\\\/haberler\\\/#\\\/schema\\\/person\\\/d2f4fee3143d7f72be82cb887d51b00a\",\"name\":\"Haber Merkezi\",\"image\":{\"@type\":\"ImageObject\",\"inLanguage\":\"tr\",\"@id\":\"https:\\\/\\\/secure.gravatar.com\\\/avatar\\\/6c27d641914e66c1d0452c92716002398782818991d86db1c2cccb531e7c7c82?s=96&d=mm&r=g\",\"url\":\"https:\\\/\\\/secure.gravatar.com\\\/avatar\\\/6c27d641914e66c1d0452c92716002398782818991d86db1c2cccb531e7c7c82?s=96&d=mm&r=g\",\"contentUrl\":\"https:\\\/\\\/secure.gravatar.com\\\/avatar\\\/6c27d641914e66c1d0452c92716002398782818991d86db1c2cccb531e7c7c82?s=96&d=mm&r=g\",\"caption\":\"Haber Merkezi\"},\"sameAs\":[\"http:\\\/\\\/e-ciftlik.com\\\/haberler\"]}]}<\/script>\n<!-- \/ Yoast SEO Premium plugin. -->","yoast_head_json":{"title":"iPhone 16 tasar\u0131m\u0131 s\u0131zd\u0131r\u0131ld\u0131 - Apple'\u0131n yeni amiral gemisi - E-&Ccedil;\u0130FTL\u0130K HABER","description":"\u015eimdi bu y\u0131l\u0131n ilerleyen d\u00f6neminde gelecek olan iOS 18 g\u00fcncellemesi hakk\u0131nda her \u015feyi duyduktan sonra, dikkatimizi tekrar donan\u0131ma ve Eyl\u00fcl ay\u0131nda","robots":{"index":"index","follow":"follow","max-snippet":"max-snippet:-1","max-image-preview":"max-image-preview:large","max-video-preview":"max-video-preview:-1"},"canonical":"https:\/\/e-ciftlik.com\/haberler\/teknoloji\/iphone-16-tasarimi-sizdirildi-applein-yeni-amiral-gemisi\/","og_locale":"tr_TR","og_type":"article","og_title":"iPhone 16 tasar\u0131m\u0131 s\u0131zd\u0131r\u0131ld\u0131 - Apple'\u0131n yeni amiral gemisi","og_description":"\u015eimdi bu y\u0131l\u0131n ilerleyen d\u00f6neminde gelecek olan iOS 18 g\u00fcncellemesi hakk\u0131nda her \u015feyi duyduktan sonra, dikkatimizi tekrar donan\u0131ma ve Eyl\u00fcl ay\u0131nda","og_url":"https:\/\/e-ciftlik.com\/haberler\/teknoloji\/iphone-16-tasarimi-sizdirildi-applein-yeni-amiral-gemisi\/","og_site_name":"E-&Ccedil;\u0130FTL\u0130K HABER","article_publisher":"https:\/\/www.facebook.com\/eciftlikturkiye","article_published_time":"2024-06-23T10:35:19+00:00","og_image":[{"width":1200,"height":675,"url":"https:\/\/e-ciftlik.com\/haberler\/wp-content\/uploads\/2024\/06\/HCoStq3PWHxBe9Lux9YbTD-1200-80.jpg","type":"image\/jpeg"}],"author":"Haber Merkezi","twitter_card":"summary_large_image","twitter_creator":"@eciftlikresmi","twitter_site":"@eciftlikresmi","twitter_misc":{"Yazan:":"Haber Merkezi","Tahmini okuma s\u00fcresi":"2 dakika"},"schema":{"@context":"https:\/\/schema.org","@graph":[{"@type":"NewsArticle","@id":"https:\/\/e-ciftlik.com\/haberler\/teknoloji\/iphone-16-tasarimi-sizdirildi-applein-yeni-amiral-gemisi\/#article","isPartOf":{"@id":"https:\/\/e-ciftlik.com\/haberler\/teknoloji\/iphone-16-tasarimi-sizdirildi-applein-yeni-amiral-gemisi\/"},"author":{"name":"Haber Merkezi","@id":"https:\/\/e-ciftlik.com\/haberler\/#\/schema\/person\/d2f4fee3143d7f72be82cb887d51b00a"},"headline":"iPhone 16 tasar\u0131m\u0131 s\u0131zd\u0131r\u0131ld\u0131 &#8211; Apple&#8217;\u0131n yeni amiral gemisi","datePublished":"2024-06-23T10:35:19+00:00","mainEntityOfPage":{"@id":"https:\/\/e-ciftlik.com\/haberler\/teknoloji\/iphone-16-tasarimi-sizdirildi-applein-yeni-amiral-gemisi\/"},"wordCount":374,"commentCount":0,"publisher":{"@id":"https:\/\/e-ciftlik.com\/haberler\/#organization"},"image":{"@id":"https:\/\/e-ciftlik.com\/haberler\/teknoloji\/iphone-16-tasarimi-sizdirildi-applein-yeni-amiral-gemisi\/#primaryimage"},"thumbnailUrl":"https:\/\/e-ciftlik.com\/haberler\/wp-content\/uploads\/2024\/06\/HCoStq3PWHxBe9Lux9YbTD-1200-80.jpg","articleSection":["Teknoloji"],"inLanguage":"tr","potentialAction":[{"@type":"CommentAction","name":"Comment","target":["https:\/\/e-ciftlik.com\/haberler\/teknoloji\/iphone-16-tasarimi-sizdirildi-applein-yeni-amiral-gemisi\/#respond"]}]},{"@type":"WebPage","@id":"https:\/\/e-ciftlik.com\/haberler\/teknoloji\/iphone-16-tasarimi-sizdirildi-applein-yeni-amiral-gemisi\/","url":"https:\/\/e-ciftlik.com\/haberler\/teknoloji\/iphone-16-tasarimi-sizdirildi-applein-yeni-amiral-gemisi\/","name":"iPhone 16 tasar\u0131m\u0131 s\u0131zd\u0131r\u0131ld\u0131 - Apple'\u0131n yeni amiral gemisi - E-&Ccedil;\u0130FTL\u0130K HABER","isPartOf":{"@id":"https:\/\/e-ciftlik.com\/haberler\/#website"},"primaryImageOfPage":{"@id":"https:\/\/e-ciftlik.com\/haberler\/teknoloji\/iphone-16-tasarimi-sizdirildi-applein-yeni-amiral-gemisi\/#primaryimage"},"image":{"@id":"https:\/\/e-ciftlik.com\/haberler\/teknoloji\/iphone-16-tasarimi-sizdirildi-applein-yeni-amiral-gemisi\/#primaryimage"},"thumbnailUrl":"https:\/\/e-ciftlik.com\/haberler\/wp-content\/uploads\/2024\/06\/HCoStq3PWHxBe9Lux9YbTD-1200-80.jpg","datePublished":"2024-06-23T10:35:19+00:00","description":"\u015eimdi bu y\u0131l\u0131n ilerleyen d\u00f6neminde gelecek olan iOS 18 g\u00fcncellemesi hakk\u0131nda her \u015feyi duyduktan sonra, dikkatimizi tekrar donan\u0131ma ve Eyl\u00fcl ay\u0131nda","breadcrumb":{"@id":"https:\/\/e-ciftlik.com\/haberler\/teknoloji\/iphone-16-tasarimi-sizdirildi-applein-yeni-amiral-gemisi\/#breadcrumb"},"inLanguage":"tr","potentialAction":[{"@type":"ReadAction","target":["https:\/\/e-ciftlik.com\/haberler\/teknoloji\/iphone-16-tasarimi-sizdirildi-applein-yeni-amiral-gemisi\/"]}]},{"@type":"ImageObject","inLanguage":"tr","@id":"https:\/\/e-ciftlik.com\/haberler\/teknoloji\/iphone-16-tasarimi-sizdirildi-applein-yeni-amiral-gemisi\/#primaryimage","url":"https:\/\/e-ciftlik.com\/haberler\/wp-content\/uploads\/2024\/06\/HCoStq3PWHxBe9Lux9YbTD-1200-80.jpg","contentUrl":"https:\/\/e-ciftlik.com\/haberler\/wp-content\/uploads\/2024\/06\/HCoStq3PWHxBe9Lux9YbTD-1200-80.jpg","width":1200,"height":675},{"@type":"BreadcrumbList","@id":"https:\/\/e-ciftlik.com\/haberler\/teknoloji\/iphone-16-tasarimi-sizdirildi-applein-yeni-amiral-gemisi\/#breadcrumb","itemListElement":[{"@type":"ListItem","position":1,"name":"Anasayfa","item":"https:\/\/e-ciftlik.com\/haberler\/"},{"@type":"ListItem","position":2,"name":"iPhone 16 tasar\u0131m\u0131 s\u0131zd\u0131r\u0131ld\u0131 &#8211; Apple&#8217;\u0131n yeni amiral gemisi"}]},{"@type":"WebSite","@id":"https:\/\/e-ciftlik.com\/haberler\/#website","url":"https:\/\/e-ciftlik.com\/haberler\/","name":"E-\u00c7iftlik Haber | G\u00fcncel, Son Dakika Haberler, En Son Haber","description":"","publisher":{"@id":"https:\/\/e-ciftlik.com\/haberler\/#organization"},"potentialAction":[{"@type":"SearchAction","target":{"@type":"EntryPoint","urlTemplate":"https:\/\/e-ciftlik.com\/haberler\/?s={search_term_string}"},"query-input":{"@type":"PropertyValueSpecification","valueRequired":true,"valueName":"search_term_string"}}],"inLanguage":"tr"},{"@type":"Organization","@id":"https:\/\/e-ciftlik.com\/haberler\/#organization","name":"E-\u00c7\u0130FTL\u0130K HABER","url":"https:\/\/e-ciftlik.com\/haberler\/","logo":{"@type":"ImageObject","inLanguage":"tr","@id":"https:\/\/e-ciftlik.com\/haberler\/#\/schema\/logo\/image\/","url":"https:\/\/e-ciftlik.com\/haberler\/wp-content\/uploads\/2024\/06\/cropped-cropped-favicon-1-2.png","contentUrl":"https:\/\/e-ciftlik.com\/haberler\/wp-content\/uploads\/2024\/06\/cropped-cropped-favicon-1-2.png","width":512,"height":512,"caption":"E-\u00c7\u0130FTL\u0130K HABER"},"image":{"@id":"https:\/\/e-ciftlik.com\/haberler\/#\/schema\/logo\/image\/"},"sameAs":["https:\/\/www.facebook.com\/eciftlikturkiye","https:\/\/x.com\/eciftlikresmi","https:\/\/www.instagram.com\/eciftlikresmi\/"]},{"@type":"Person","@id":"https:\/\/e-ciftlik.com\/haberler\/#\/schema\/person\/d2f4fee3143d7f72be82cb887d51b00a","name":"Haber Merkezi","image":{"@type":"ImageObject","inLanguage":"tr","@id":"https:\/\/secure.gravatar.com\/avatar\/6c27d641914e66c1d0452c92716002398782818991d86db1c2cccb531e7c7c82?s=96&d=mm&r=g","url":"https:\/\/secure.gravatar.com\/avatar\/6c27d641914e66c1d0452c92716002398782818991d86db1c2cccb531e7c7c82?s=96&d=mm&r=g","contentUrl":"https:\/\/secure.gravatar.com\/avatar\/6c27d641914e66c1d0452c92716002398782818991d86db1c2cccb531e7c7c82?s=96&d=mm&r=g","caption":"Haber Merkezi"},"sameAs":["http:\/\/e-ciftlik.com\/haberler"]}]}},"_links":{"self":[{"href":"https:\/\/e-ciftlik.com\/haberler\/wp-json\/wp\/v2\/posts\/5964","targetHints":{"allow":["GET"]}}],"collection":[{"href":"https:\/\/e-ciftlik.com\/haberler\/wp-json\/wp\/v2\/posts"}],"about":[{"href":"https:\/\/e-ciftlik.com\/haberler\/wp-json\/wp\/v2\/types\/post"}],"author":[{"embeddable":true,"href":"https:\/\/e-ciftlik.com\/haberler\/wp-json\/wp\/v2\/users\/1"}],"replies":[{"embeddable":true,"href":"https:\/\/e-ciftlik.com\/haberler\/wp-json\/wp\/v2\/comments?post=5964"}],"version-history":[{"count":0,"href":"https:\/\/e-ciftlik.com\/haberler\/wp-json\/wp\/v2\/posts\/5964\/revisions"}],"wp:featuredmedia":[{"embeddable":true,"href":"https:\/\/e-ciftlik.com\/haberler\/wp-json\/wp\/v2\/media\/5965"}],"wp:attachment":[{"href":"https:\/\/e-ciftlik.com\/haberler\/wp-json\/wp\/v2\/media?parent=5964"}],"wp:term":[{"taxonomy":"category","embeddable":true,"href":"https:\/\/e-ciftlik.com\/haberler\/wp-json\/wp\/v2\/categories?post=5964"},{"taxonomy":"post_tag","embeddable":true,"href":"https:\/\/e-ciftlik.com\/haberler\/wp-json\/wp\/v2\/tags?post=5964"}],"curies":[{"name":"wp","href":"https:\/\/api.w.org\/{rel}","templated":true}]}}