{"id":6476,"date":"2024-06-23T08:40:00","date_gmt":"2024-06-23T08:40:00","guid":{"rendered":"https:\/\/e-ciftlik.com\/haberler\/tarim\/karatepe-ile-simsek-arasinda-masada-neler-var\/"},"modified":"2024-06-23T08:40:00","modified_gmt":"2024-06-23T08:40:00","slug":"karatepe-ile-simsek-arasinda-masada-neler-var","status":"publish","type":"post","link":"https:\/\/e-ciftlik.com\/haberler\/tarim\/karatepe-ile-simsek-arasinda-masada-neler-var\/","title":{"rendered":"Karatepe ile \u015eim\u015fek Aras\u0131nda Masada Neler Var?"},"content":{"rendered":"<p>CHP&#8217;nin Hazine ve Maliye Bakanl\u0131\u011f\u0131&#8217;ndan sorumlu g\u00f6lge bakan\u0131 Yal\u00e7\u0131n Karatepe, Mehmet \u015eim\u015fek ile g\u00f6r\u00fc\u015fecek. G\u00f6r\u00fc\u015fme, \u00f6nemli konular\u0131n ele al\u0131naca\u011f\u0131 bir masa olacak.<\/p>\n<p>Cumhurba\u015fkan\u0131 Recep Tayyip Erdo\u011fan, CHP Genel Ba\u015fkan\u0131 \u00d6zg\u00fcr \u00d6zel ile yapt\u0131\u011f\u0131 g\u00f6r\u00fc\u015fmenin ard\u0131ndan Hazine ve Maliye Bakan\u0131 Mehmet \u015eim\u015fek&#8217;in CHP&#8217;nin g\u00f6lge kabinesinde Hazine ve Maliye Bakanl\u0131\u011f\u0131&#8217;ndan sorumlu olan Genel Ba\u015fkan Yard\u0131mc\u0131s\u0131 Yal\u00e7\u0131n Karatepe ile bir araya gelmesini \u00f6nerdi. \u0130ki lider, bu konuda anla\u015ft\u0131.<\/p>\n<p>Yal\u00e7\u0131n Karatepe, g\u00f6r\u00fc\u015fmede g\u00fcndeme getirmeyi planlad\u0131\u011f\u0131 konular\u0131 payla\u015ft\u0131. Ekonomi program\u0131n\u0131n AK Parti ile ortak haz\u0131rlanmayaca\u011f\u0131n\u0131 vurgulayan Karatepe, asgari \u00fccret, emekli maa\u015flar\u0131, tar\u0131msal destekler, T\u00dc\u0130K verileri, K\u00d6\u0130 projeleri ve Varl\u0131k Fonu gibi konular\u0131 ele alacaklar\u0131n\u0131 belirtti.<\/p>\n<p>Karatepe, asgari \u00fccrete ve emekli maa\u015flar\u0131na yap\u0131lmas\u0131 gereken zamlar\u0131 ele alacaklar\u0131n\u0131 s\u00f6yledi. Ayr\u0131ca vergi adaleti ve tar\u0131msal destekler gibi konular\u0131 da g\u00fcndeme getirecekler.<\/p>\n<p>Bu g\u00f6r\u00fc\u015fmede T\u00dc\u0130K verileri de tart\u0131\u015f\u0131lacak. Karatepe, K\u00d6\u0130 projelerinin kamuya maliyetine dikkat \u00e7ekecek ve Varl\u0131k Fonu&#8217;nun tasfiye edilmesi gerekti\u011fini vurgulayacak.<\/p>\n<p>CHP Genel Ba\u015fkan\u0131 \u00d6zg\u00fcr \u00d6zel, Malatya&#8217;da yapt\u0131\u011f\u0131 konu\u015fmada, Mehmet \u015eim\u015fek&#8217;e gidip paray\u0131 nereden bulabileceklerini g\u00f6stereceklerini ifade etti. \u00d6zel, zenginlerin daha fazla vergi vermesi gerekti\u011fini vurgulayarak, h\u00fck\u00fcmetin yanl\u0131\u015f ekonomi politikalar\u0131n\u0131 ele\u015ftirdi.<\/p>\n","protected":false},"excerpt":{"rendered":"<p>CHP&#8217;nin Hazine ve Maliye Bakanl\u0131\u011f\u0131&#8217;ndan sorumlu g\u00f6lge bakan\u0131 Yal\u00e7\u0131n Karatepe, Mehmet \u015eim\u015fek ile g\u00f6r\u00fc\u015fecek. G\u00f6r\u00fc\u015fme,&hellip;<\/p>\n","protected":false},"author":1,"featured_media":6477,"comment_status":"open","ping_status":"open","sticky":false,"template":"","format":"standard","meta":{"footnotes":""},"categories":[9],"tags":[],"class_list":["post-6476","post","type-post","status-publish","format-standard","has-post-thumbnail","hentry","category-tarim"],"yoast_head":"<!-- This site is optimized with the Yoast SEO Premium plugin v24.3 (Yoast SEO v27.4) - https:\/\/yoast.com\/product\/yoast-seo-premium-wordpress\/ -->\n<title>Karatepe ile \u015eim\u015fek Aras\u0131nda Masada Neler Var? - E-&Ccedil;\u0130FTL\u0130K HABER<\/title>\n<meta name=\"description\" content=\"CHP&#039;nin Hazine ve Maliye Bakanl\u0131\u011f\u0131&#039;ndan sorumlu g\u00f6lge bakan\u0131 Yal\u00e7\u0131n Karatepe, Mehmet \u015eim\u015fek ile g\u00f6r\u00fc\u015fecek. G\u00f6r\u00fc\u015fme, \u00f6nemli konular\u0131n ele al\u0131naca\u011f\u0131 bir\" \/>\n<meta name=\"robots\" content=\"index, follow, max-snippet:-1, max-image-preview:large, max-video-preview:-1\" \/>\n<link rel=\"canonical\" href=\"https:\/\/e-ciftlik.com\/haberler\/tarim\/karatepe-ile-simsek-arasinda-masada-neler-var\/\" \/>\n<meta property=\"og:locale\" content=\"tr_TR\" \/>\n<meta property=\"og:type\" content=\"article\" \/>\n<meta property=\"og:title\" content=\"Karatepe ile \u015eim\u015fek Aras\u0131nda Masada Neler Var?\" \/>\n<meta property=\"og:description\" content=\"CHP&#039;nin Hazine ve Maliye Bakanl\u0131\u011f\u0131&#039;ndan sorumlu g\u00f6lge bakan\u0131 Yal\u00e7\u0131n Karatepe, Mehmet \u015eim\u015fek ile g\u00f6r\u00fc\u015fecek. G\u00f6r\u00fc\u015fme, \u00f6nemli konular\u0131n ele al\u0131naca\u011f\u0131 bir\" \/>\n<meta property=\"og:url\" content=\"https:\/\/e-ciftlik.com\/haberler\/tarim\/karatepe-ile-simsek-arasinda-masada-neler-var\/\" \/>\n<meta property=\"og:site_name\" content=\"E-&Ccedil;\u0130FTL\u0130K HABER\" \/>\n<meta property=\"article:publisher\" content=\"https:\/\/www.facebook.com\/eciftlikturkiye\" \/>\n<meta property=\"article:published_time\" content=\"2024-06-23T08:40:00+00:00\" \/>\n<meta property=\"og:image\" content=\"https:\/\/e-ciftlik.com\/haberler\/wp-content\/uploads\/2024\/06\/chp-nin-golge-bakani-karatepe-mehmet-simsek-ile-17452309_561_amp.jpg\" \/>\n\t<meta property=\"og:image:width\" content=\"1202\" \/>\n\t<meta property=\"og:image:height\" content=\"675\" \/>\n\t<meta property=\"og:image:type\" content=\"image\/jpeg\" \/>\n<meta name=\"author\" content=\"Haber Merkezi\" \/>\n<meta name=\"twitter:card\" content=\"summary_large_image\" \/>\n<meta name=\"twitter:creator\" content=\"@eciftlikresmi\" \/>\n<meta name=\"twitter:site\" content=\"@eciftlikresmi\" \/>\n<meta name=\"twitter:label1\" content=\"Yazan:\" \/>\n\t<meta name=\"twitter:data1\" content=\"Haber Merkezi\" \/>\n\t<meta name=\"twitter:label2\" content=\"Tahmini okuma s\u00fcresi\" \/>\n\t<meta name=\"twitter:data2\" content=\"1 dakika\" \/>\n<script type=\"application\/ld+json\" class=\"yoast-schema-graph\">{\"@context\":\"https:\\\/\\\/schema.org\",\"@graph\":[{\"@type\":\"NewsArticle\",\"@id\":\"https:\\\/\\\/e-ciftlik.com\\\/haberler\\\/tarim\\\/karatepe-ile-simsek-arasinda-masada-neler-var\\\/#article\",\"isPartOf\":{\"@id\":\"https:\\\/\\\/e-ciftlik.com\\\/haberler\\\/tarim\\\/karatepe-ile-simsek-arasinda-masada-neler-var\\\/\"},\"author\":{\"name\":\"Haber Merkezi\",\"@id\":\"https:\\\/\\\/e-ciftlik.com\\\/haberler\\\/#\\\/schema\\\/person\\\/d2f4fee3143d7f72be82cb887d51b00a\"},\"headline\":\"Karatepe ile \u015eim\u015fek Aras\u0131nda Masada Neler Var?\",\"datePublished\":\"2024-06-23T08:40:00+00:00\",\"mainEntityOfPage\":{\"@id\":\"https:\\\/\\\/e-ciftlik.com\\\/haberler\\\/tarim\\\/karatepe-ile-simsek-arasinda-masada-neler-var\\\/\"},\"wordCount\":251,\"commentCount\":0,\"publisher\":{\"@id\":\"https:\\\/\\\/e-ciftlik.com\\\/haberler\\\/#organization\"},\"image\":{\"@id\":\"https:\\\/\\\/e-ciftlik.com\\\/haberler\\\/tarim\\\/karatepe-ile-simsek-arasinda-masada-neler-var\\\/#primaryimage\"},\"thumbnailUrl\":\"https:\\\/\\\/e-ciftlik.com\\\/haberler\\\/wp-content\\\/uploads\\\/2024\\\/06\\\/chp-nin-golge-bakani-karatepe-mehmet-simsek-ile-17452309_561_amp.jpg\",\"articleSection\":[\"Tar\u0131m\"],\"inLanguage\":\"tr\",\"potentialAction\":[{\"@type\":\"CommentAction\",\"name\":\"Comment\",\"target\":[\"https:\\\/\\\/e-ciftlik.com\\\/haberler\\\/tarim\\\/karatepe-ile-simsek-arasinda-masada-neler-var\\\/#respond\"]}]},{\"@type\":\"WebPage\",\"@id\":\"https:\\\/\\\/e-ciftlik.com\\\/haberler\\\/tarim\\\/karatepe-ile-simsek-arasinda-masada-neler-var\\\/\",\"url\":\"https:\\\/\\\/e-ciftlik.com\\\/haberler\\\/tarim\\\/karatepe-ile-simsek-arasinda-masada-neler-var\\\/\",\"name\":\"Karatepe ile \u015eim\u015fek Aras\u0131nda Masada Neler Var? - E-&Ccedil;\u0130FTL\u0130K HABER\",\"isPartOf\":{\"@id\":\"https:\\\/\\\/e-ciftlik.com\\\/haberler\\\/#website\"},\"primaryImageOfPage\":{\"@id\":\"https:\\\/\\\/e-ciftlik.com\\\/haberler\\\/tarim\\\/karatepe-ile-simsek-arasinda-masada-neler-var\\\/#primaryimage\"},\"image\":{\"@id\":\"https:\\\/\\\/e-ciftlik.com\\\/haberler\\\/tarim\\\/karatepe-ile-simsek-arasinda-masada-neler-var\\\/#primaryimage\"},\"thumbnailUrl\":\"https:\\\/\\\/e-ciftlik.com\\\/haberler\\\/wp-content\\\/uploads\\\/2024\\\/06\\\/chp-nin-golge-bakani-karatepe-mehmet-simsek-ile-17452309_561_amp.jpg\",\"datePublished\":\"2024-06-23T08:40:00+00:00\",\"description\":\"CHP'nin Hazine ve Maliye Bakanl\u0131\u011f\u0131'ndan sorumlu g\u00f6lge bakan\u0131 Yal\u00e7\u0131n Karatepe, Mehmet \u015eim\u015fek ile g\u00f6r\u00fc\u015fecek. G\u00f6r\u00fc\u015fme, \u00f6nemli konular\u0131n ele al\u0131naca\u011f\u0131 bir\",\"breadcrumb\":{\"@id\":\"https:\\\/\\\/e-ciftlik.com\\\/haberler\\\/tarim\\\/karatepe-ile-simsek-arasinda-masada-neler-var\\\/#breadcrumb\"},\"inLanguage\":\"tr\",\"potentialAction\":[{\"@type\":\"ReadAction\",\"target\":[\"https:\\\/\\\/e-ciftlik.com\\\/haberler\\\/tarim\\\/karatepe-ile-simsek-arasinda-masada-neler-var\\\/\"]}]},{\"@type\":\"ImageObject\",\"inLanguage\":\"tr\",\"@id\":\"https:\\\/\\\/e-ciftlik.com\\\/haberler\\\/tarim\\\/karatepe-ile-simsek-arasinda-masada-neler-var\\\/#primaryimage\",\"url\":\"https:\\\/\\\/e-ciftlik.com\\\/haberler\\\/wp-content\\\/uploads\\\/2024\\\/06\\\/chp-nin-golge-bakani-karatepe-mehmet-simsek-ile-17452309_561_amp.jpg\",\"contentUrl\":\"https:\\\/\\\/e-ciftlik.com\\\/haberler\\\/wp-content\\\/uploads\\\/2024\\\/06\\\/chp-nin-golge-bakani-karatepe-mehmet-simsek-ile-17452309_561_amp.jpg\",\"width\":1202,\"height\":675},{\"@type\":\"BreadcrumbList\",\"@id\":\"https:\\\/\\\/e-ciftlik.com\\\/haberler\\\/tarim\\\/karatepe-ile-simsek-arasinda-masada-neler-var\\\/#breadcrumb\",\"itemListElement\":[{\"@type\":\"ListItem\",\"position\":1,\"name\":\"Anasayfa\",\"item\":\"https:\\\/\\\/e-ciftlik.com\\\/haberler\\\/\"},{\"@type\":\"ListItem\",\"position\":2,\"name\":\"Karatepe ile \u015eim\u015fek Aras\u0131nda Masada Neler Var?\"}]},{\"@type\":\"WebSite\",\"@id\":\"https:\\\/\\\/e-ciftlik.com\\\/haberler\\\/#website\",\"url\":\"https:\\\/\\\/e-ciftlik.com\\\/haberler\\\/\",\"name\":\"E-\u00c7iftlik Haber | G\u00fcncel, Son Dakika Haberler, En Son Haber\",\"description\":\"\",\"publisher\":{\"@id\":\"https:\\\/\\\/e-ciftlik.com\\\/haberler\\\/#organization\"},\"potentialAction\":[{\"@type\":\"SearchAction\",\"target\":{\"@type\":\"EntryPoint\",\"urlTemplate\":\"https:\\\/\\\/e-ciftlik.com\\\/haberler\\\/?s={search_term_string}\"},\"query-input\":{\"@type\":\"PropertyValueSpecification\",\"valueRequired\":true,\"valueName\":\"search_term_string\"}}],\"inLanguage\":\"tr\"},{\"@type\":\"Organization\",\"@id\":\"https:\\\/\\\/e-ciftlik.com\\\/haberler\\\/#organization\",\"name\":\"E-\u00c7\u0130FTL\u0130K HABER\",\"url\":\"https:\\\/\\\/e-ciftlik.com\\\/haberler\\\/\",\"logo\":{\"@type\":\"ImageObject\",\"inLanguage\":\"tr\",\"@id\":\"https:\\\/\\\/e-ciftlik.com\\\/haberler\\\/#\\\/schema\\\/logo\\\/image\\\/\",\"url\":\"https:\\\/\\\/e-ciftlik.com\\\/haberler\\\/wp-content\\\/uploads\\\/2024\\\/06\\\/cropped-cropped-favicon-1-2.png\",\"contentUrl\":\"https:\\\/\\\/e-ciftlik.com\\\/haberler\\\/wp-content\\\/uploads\\\/2024\\\/06\\\/cropped-cropped-favicon-1-2.png\",\"width\":512,\"height\":512,\"caption\":\"E-\u00c7\u0130FTL\u0130K HABER\"},\"image\":{\"@id\":\"https:\\\/\\\/e-ciftlik.com\\\/haberler\\\/#\\\/schema\\\/logo\\\/image\\\/\"},\"sameAs\":[\"https:\\\/\\\/www.facebook.com\\\/eciftlikturkiye\",\"https:\\\/\\\/x.com\\\/eciftlikresmi\",\"https:\\\/\\\/www.instagram.com\\\/eciftlikresmi\\\/\"]},{\"@type\":\"Person\",\"@id\":\"https:\\\/\\\/e-ciftlik.com\\\/haberler\\\/#\\\/schema\\\/person\\\/d2f4fee3143d7f72be82cb887d51b00a\",\"name\":\"Haber Merkezi\",\"image\":{\"@type\":\"ImageObject\",\"inLanguage\":\"tr\",\"@id\":\"https:\\\/\\\/secure.gravatar.com\\\/avatar\\\/6c27d641914e66c1d0452c92716002398782818991d86db1c2cccb531e7c7c82?s=96&d=mm&r=g\",\"url\":\"https:\\\/\\\/secure.gravatar.com\\\/avatar\\\/6c27d641914e66c1d0452c92716002398782818991d86db1c2cccb531e7c7c82?s=96&d=mm&r=g\",\"contentUrl\":\"https:\\\/\\\/secure.gravatar.com\\\/avatar\\\/6c27d641914e66c1d0452c92716002398782818991d86db1c2cccb531e7c7c82?s=96&d=mm&r=g\",\"caption\":\"Haber Merkezi\"},\"sameAs\":[\"http:\\\/\\\/e-ciftlik.com\\\/haberler\"]}]}<\/script>\n<!-- \/ Yoast SEO Premium plugin. -->","yoast_head_json":{"title":"Karatepe ile \u015eim\u015fek Aras\u0131nda Masada Neler Var? - E-&Ccedil;\u0130FTL\u0130K HABER","description":"CHP'nin Hazine ve Maliye Bakanl\u0131\u011f\u0131'ndan sorumlu g\u00f6lge bakan\u0131 Yal\u00e7\u0131n Karatepe, Mehmet \u015eim\u015fek ile g\u00f6r\u00fc\u015fecek. G\u00f6r\u00fc\u015fme, \u00f6nemli konular\u0131n ele al\u0131naca\u011f\u0131 bir","robots":{"index":"index","follow":"follow","max-snippet":"max-snippet:-1","max-image-preview":"max-image-preview:large","max-video-preview":"max-video-preview:-1"},"canonical":"https:\/\/e-ciftlik.com\/haberler\/tarim\/karatepe-ile-simsek-arasinda-masada-neler-var\/","og_locale":"tr_TR","og_type":"article","og_title":"Karatepe ile \u015eim\u015fek Aras\u0131nda Masada Neler Var?","og_description":"CHP'nin Hazine ve Maliye Bakanl\u0131\u011f\u0131'ndan sorumlu g\u00f6lge bakan\u0131 Yal\u00e7\u0131n Karatepe, Mehmet \u015eim\u015fek ile g\u00f6r\u00fc\u015fecek. G\u00f6r\u00fc\u015fme, \u00f6nemli konular\u0131n ele al\u0131naca\u011f\u0131 bir","og_url":"https:\/\/e-ciftlik.com\/haberler\/tarim\/karatepe-ile-simsek-arasinda-masada-neler-var\/","og_site_name":"E-&Ccedil;\u0130FTL\u0130K HABER","article_publisher":"https:\/\/www.facebook.com\/eciftlikturkiye","article_published_time":"2024-06-23T08:40:00+00:00","og_image":[{"width":1202,"height":675,"url":"https:\/\/e-ciftlik.com\/haberler\/wp-content\/uploads\/2024\/06\/chp-nin-golge-bakani-karatepe-mehmet-simsek-ile-17452309_561_amp.jpg","type":"image\/jpeg"}],"author":"Haber Merkezi","twitter_card":"summary_large_image","twitter_creator":"@eciftlikresmi","twitter_site":"@eciftlikresmi","twitter_misc":{"Yazan:":"Haber Merkezi","Tahmini okuma s\u00fcresi":"1 dakika"},"schema":{"@context":"https:\/\/schema.org","@graph":[{"@type":"NewsArticle","@id":"https:\/\/e-ciftlik.com\/haberler\/tarim\/karatepe-ile-simsek-arasinda-masada-neler-var\/#article","isPartOf":{"@id":"https:\/\/e-ciftlik.com\/haberler\/tarim\/karatepe-ile-simsek-arasinda-masada-neler-var\/"},"author":{"name":"Haber Merkezi","@id":"https:\/\/e-ciftlik.com\/haberler\/#\/schema\/person\/d2f4fee3143d7f72be82cb887d51b00a"},"headline":"Karatepe ile \u015eim\u015fek Aras\u0131nda Masada Neler Var?","datePublished":"2024-06-23T08:40:00+00:00","mainEntityOfPage":{"@id":"https:\/\/e-ciftlik.com\/haberler\/tarim\/karatepe-ile-simsek-arasinda-masada-neler-var\/"},"wordCount":251,"commentCount":0,"publisher":{"@id":"https:\/\/e-ciftlik.com\/haberler\/#organization"},"image":{"@id":"https:\/\/e-ciftlik.com\/haberler\/tarim\/karatepe-ile-simsek-arasinda-masada-neler-var\/#primaryimage"},"thumbnailUrl":"https:\/\/e-ciftlik.com\/haberler\/wp-content\/uploads\/2024\/06\/chp-nin-golge-bakani-karatepe-mehmet-simsek-ile-17452309_561_amp.jpg","articleSection":["Tar\u0131m"],"inLanguage":"tr","potentialAction":[{"@type":"CommentAction","name":"Comment","target":["https:\/\/e-ciftlik.com\/haberler\/tarim\/karatepe-ile-simsek-arasinda-masada-neler-var\/#respond"]}]},{"@type":"WebPage","@id":"https:\/\/e-ciftlik.com\/haberler\/tarim\/karatepe-ile-simsek-arasinda-masada-neler-var\/","url":"https:\/\/e-ciftlik.com\/haberler\/tarim\/karatepe-ile-simsek-arasinda-masada-neler-var\/","name":"Karatepe ile \u015eim\u015fek Aras\u0131nda Masada Neler Var? - E-&Ccedil;\u0130FTL\u0130K HABER","isPartOf":{"@id":"https:\/\/e-ciftlik.com\/haberler\/#website"},"primaryImageOfPage":{"@id":"https:\/\/e-ciftlik.com\/haberler\/tarim\/karatepe-ile-simsek-arasinda-masada-neler-var\/#primaryimage"},"image":{"@id":"https:\/\/e-ciftlik.com\/haberler\/tarim\/karatepe-ile-simsek-arasinda-masada-neler-var\/#primaryimage"},"thumbnailUrl":"https:\/\/e-ciftlik.com\/haberler\/wp-content\/uploads\/2024\/06\/chp-nin-golge-bakani-karatepe-mehmet-simsek-ile-17452309_561_amp.jpg","datePublished":"2024-06-23T08:40:00+00:00","description":"CHP'nin Hazine ve Maliye Bakanl\u0131\u011f\u0131'ndan sorumlu g\u00f6lge bakan\u0131 Yal\u00e7\u0131n Karatepe, Mehmet \u015eim\u015fek ile g\u00f6r\u00fc\u015fecek. G\u00f6r\u00fc\u015fme, \u00f6nemli konular\u0131n ele al\u0131naca\u011f\u0131 bir","breadcrumb":{"@id":"https:\/\/e-ciftlik.com\/haberler\/tarim\/karatepe-ile-simsek-arasinda-masada-neler-var\/#breadcrumb"},"inLanguage":"tr","potentialAction":[{"@type":"ReadAction","target":["https:\/\/e-ciftlik.com\/haberler\/tarim\/karatepe-ile-simsek-arasinda-masada-neler-var\/"]}]},{"@type":"ImageObject","inLanguage":"tr","@id":"https:\/\/e-ciftlik.com\/haberler\/tarim\/karatepe-ile-simsek-arasinda-masada-neler-var\/#primaryimage","url":"https:\/\/e-ciftlik.com\/haberler\/wp-content\/uploads\/2024\/06\/chp-nin-golge-bakani-karatepe-mehmet-simsek-ile-17452309_561_amp.jpg","contentUrl":"https:\/\/e-ciftlik.com\/haberler\/wp-content\/uploads\/2024\/06\/chp-nin-golge-bakani-karatepe-mehmet-simsek-ile-17452309_561_amp.jpg","width":1202,"height":675},{"@type":"BreadcrumbList","@id":"https:\/\/e-ciftlik.com\/haberler\/tarim\/karatepe-ile-simsek-arasinda-masada-neler-var\/#breadcrumb","itemListElement":[{"@type":"ListItem","position":1,"name":"Anasayfa","item":"https:\/\/e-ciftlik.com\/haberler\/"},{"@type":"ListItem","position":2,"name":"Karatepe ile \u015eim\u015fek Aras\u0131nda Masada Neler Var?"}]},{"@type":"WebSite","@id":"https:\/\/e-ciftlik.com\/haberler\/#website","url":"https:\/\/e-ciftlik.com\/haberler\/","name":"E-\u00c7iftlik Haber | G\u00fcncel, Son Dakika Haberler, En Son Haber","description":"","publisher":{"@id":"https:\/\/e-ciftlik.com\/haberler\/#organization"},"potentialAction":[{"@type":"SearchAction","target":{"@type":"EntryPoint","urlTemplate":"https:\/\/e-ciftlik.com\/haberler\/?s={search_term_string}"},"query-input":{"@type":"PropertyValueSpecification","valueRequired":true,"valueName":"search_term_string"}}],"inLanguage":"tr"},{"@type":"Organization","@id":"https:\/\/e-ciftlik.com\/haberler\/#organization","name":"E-\u00c7\u0130FTL\u0130K HABER","url":"https:\/\/e-ciftlik.com\/haberler\/","logo":{"@type":"ImageObject","inLanguage":"tr","@id":"https:\/\/e-ciftlik.com\/haberler\/#\/schema\/logo\/image\/","url":"https:\/\/e-ciftlik.com\/haberler\/wp-content\/uploads\/2024\/06\/cropped-cropped-favicon-1-2.png","contentUrl":"https:\/\/e-ciftlik.com\/haberler\/wp-content\/uploads\/2024\/06\/cropped-cropped-favicon-1-2.png","width":512,"height":512,"caption":"E-\u00c7\u0130FTL\u0130K HABER"},"image":{"@id":"https:\/\/e-ciftlik.com\/haberler\/#\/schema\/logo\/image\/"},"sameAs":["https:\/\/www.facebook.com\/eciftlikturkiye","https:\/\/x.com\/eciftlikresmi","https:\/\/www.instagram.com\/eciftlikresmi\/"]},{"@type":"Person","@id":"https:\/\/e-ciftlik.com\/haberler\/#\/schema\/person\/d2f4fee3143d7f72be82cb887d51b00a","name":"Haber Merkezi","image":{"@type":"ImageObject","inLanguage":"tr","@id":"https:\/\/secure.gravatar.com\/avatar\/6c27d641914e66c1d0452c92716002398782818991d86db1c2cccb531e7c7c82?s=96&d=mm&r=g","url":"https:\/\/secure.gravatar.com\/avatar\/6c27d641914e66c1d0452c92716002398782818991d86db1c2cccb531e7c7c82?s=96&d=mm&r=g","contentUrl":"https:\/\/secure.gravatar.com\/avatar\/6c27d641914e66c1d0452c92716002398782818991d86db1c2cccb531e7c7c82?s=96&d=mm&r=g","caption":"Haber Merkezi"},"sameAs":["http:\/\/e-ciftlik.com\/haberler"]}]}},"_links":{"self":[{"href":"https:\/\/e-ciftlik.com\/haberler\/wp-json\/wp\/v2\/posts\/6476","targetHints":{"allow":["GET"]}}],"collection":[{"href":"https:\/\/e-ciftlik.com\/haberler\/wp-json\/wp\/v2\/posts"}],"about":[{"href":"https:\/\/e-ciftlik.com\/haberler\/wp-json\/wp\/v2\/types\/post"}],"author":[{"embeddable":true,"href":"https:\/\/e-ciftlik.com\/haberler\/wp-json\/wp\/v2\/users\/1"}],"replies":[{"embeddable":true,"href":"https:\/\/e-ciftlik.com\/haberler\/wp-json\/wp\/v2\/comments?post=6476"}],"version-history":[{"count":0,"href":"https:\/\/e-ciftlik.com\/haberler\/wp-json\/wp\/v2\/posts\/6476\/revisions"}],"wp:featuredmedia":[{"embeddable":true,"href":"https:\/\/e-ciftlik.com\/haberler\/wp-json\/wp\/v2\/media\/6477"}],"wp:attachment":[{"href":"https:\/\/e-ciftlik.com\/haberler\/wp-json\/wp\/v2\/media?parent=6476"}],"wp:term":[{"taxonomy":"category","embeddable":true,"href":"https:\/\/e-ciftlik.com\/haberler\/wp-json\/wp\/v2\/categories?post=6476"},{"taxonomy":"post_tag","embeddable":true,"href":"https:\/\/e-ciftlik.com\/haberler\/wp-json\/wp\/v2\/tags?post=6476"}],"curies":[{"name":"wp","href":"https:\/\/api.w.org\/{rel}","templated":true}]}}