{"id":6572,"date":"2024-06-24T17:40:32","date_gmt":"2024-06-24T17:40:32","guid":{"rendered":"https:\/\/e-ciftlik.com\/haberler\/gundem\/cumhurbaskani-yardimcisi-yilmaz-cezayirde-diplomasi-trafigi\/"},"modified":"2024-06-24T17:40:32","modified_gmt":"2024-06-24T17:40:32","slug":"cumhurbaskani-yardimcisi-yilmaz-cezayirde-diplomasi-trafigi","status":"publish","type":"post","link":"https:\/\/e-ciftlik.com\/haberler\/gundem\/cumhurbaskani-yardimcisi-yilmaz-cezayirde-diplomasi-trafigi\/","title":{"rendered":"Cumhurba\u015fkan\u0131 Yard\u0131mc\u0131s\u0131 Y\u0131lmaz Cezayir&#8217;de Diplomasi Trafi\u011fi!"},"content":{"rendered":"<p>Cumhurba\u015fkan\u0131 Yard\u0131mc\u0131s\u0131 Cevdet Y\u0131lmaz, son zamanlarda yapt\u0131\u011f\u0131 \u00f6nemli ziyaretlerden biri olan 55. Uluslararas\u0131 Cezayir Fuar\u0131 a\u00e7\u0131l\u0131\u015f\u0131nda Cezayir Cumhurba\u015fkan\u0131 Abd\u00fclmecid Tebbun ile bir araya geldi. Y\u0131lmaz, sosyal medya hesab\u0131ndan yapt\u0131\u011f\u0131 payla\u015f\u0131mda, T\u00fcrk firmalar\u0131n\u0131n da kat\u0131l\u0131m g\u00f6sterdi\u011fi fuar\u0131n \u00e7e\u015fitli sekt\u00f6rlerde faaliyet g\u00f6steren 80&#8217;den fazla firman\u0131n ilgisini \u00e7ekti\u011fini belirtti. Ayr\u0131ca, Aile ve Sosyal Hizmetler Bakan\u0131 Mahinur \u00d6zdemir G\u00f6kta\u015f ve Ticaret Bakan\u0131 \u00d6mer Bolat ile birlikte Cezayir&#8217;deki temaslar\u0131 ba\u015far\u0131yla tamamlad\u0131klar\u0131n\u0131 ifade etti.<\/p>\n<p>Y\u0131lmaz, Cezayir ziyaretinin ard\u0131ndan \u00f6nemli bir a\u00e7\u0131klama yaparak, Cezayir&#8217;in ev sahipli\u011finde ger\u00e7ekle\u015fen fuarda T\u00fcrkiye&#8217;yi gururla temsil eden firmalar\u0131 ziyaret ettiklerini ve temaslar\u0131 tamamlad\u0131klar\u0131n\u0131 dile getirdi. Ayr\u0131ca, Cezayir Cumhurba\u015fkan\u0131 Tebbun ve di\u011fer yetkililere misafirperverlikleri i\u00e7in te\u015fekk\u00fcrlerini ileterek, Cezayir halk\u0131na sevgi ve dostluk mesajlar\u0131 g\u00f6nderdi. Y\u0131lmaz, Cezayir&#8217;deki temaslar\u0131n verimli ve olumlu ge\u00e7ti\u011fini vurgulayarak, 55. Uluslararas\u0131 Cezayir Fuar\u0131&#8217;n\u0131n \u00fclkeler aras\u0131ndaki i\u015fbirli\u011fine katk\u0131 sa\u011flayaca\u011f\u0131n\u0131 umut etti\u011fini belirtti.<\/p>\n","protected":false},"excerpt":{"rendered":"<p>Cumhurba\u015fkan\u0131 Yard\u0131mc\u0131s\u0131 Cevdet Y\u0131lmaz, son zamanlarda yapt\u0131\u011f\u0131 \u00f6nemli ziyaretlerden biri olan 55. Uluslararas\u0131 Cezayir Fuar\u0131&hellip;<\/p>\n","protected":false},"author":1,"featured_media":6573,"comment_status":"open","ping_status":"open","sticky":false,"template":"","format":"standard","meta":{"footnotes":""},"categories":[10],"tags":[],"class_list":["post-6572","post","type-post","status-publish","format-standard","has-post-thumbnail","hentry","category-gundem"],"yoast_head":"<!-- This site is optimized with the Yoast SEO Premium plugin v24.3 (Yoast SEO v27.4) - https:\/\/yoast.com\/product\/yoast-seo-premium-wordpress\/ -->\n<title>Cumhurba\u015fkan\u0131 Yard\u0131mc\u0131s\u0131 Y\u0131lmaz Cezayir&#039;de Diplomasi Trafi\u011fi! - E-&Ccedil;\u0130FTL\u0130K HABER<\/title>\n<meta name=\"description\" content=\"Cumhurba\u015fkan\u0131 Yard\u0131mc\u0131s\u0131 Cevdet Y\u0131lmaz, son zamanlarda yapt\u0131\u011f\u0131 \u00f6nemli ziyaretlerden biri olan 55. Uluslararas\u0131 Cezayir Fuar\u0131 a\u00e7\u0131l\u0131\u015f\u0131nda Cezayir\" \/>\n<meta name=\"robots\" content=\"index, follow, max-snippet:-1, max-image-preview:large, max-video-preview:-1\" \/>\n<link rel=\"canonical\" href=\"https:\/\/e-ciftlik.com\/haberler\/gundem\/cumhurbaskani-yardimcisi-yilmaz-cezayirde-diplomasi-trafigi\/\" \/>\n<meta property=\"og:locale\" content=\"tr_TR\" \/>\n<meta property=\"og:type\" content=\"article\" \/>\n<meta property=\"og:title\" content=\"Cumhurba\u015fkan\u0131 Yard\u0131mc\u0131s\u0131 Y\u0131lmaz Cezayir&#039;de Diplomasi Trafi\u011fi!\" \/>\n<meta property=\"og:description\" content=\"Cumhurba\u015fkan\u0131 Yard\u0131mc\u0131s\u0131 Cevdet Y\u0131lmaz, son zamanlarda yapt\u0131\u011f\u0131 \u00f6nemli ziyaretlerden biri olan 55. Uluslararas\u0131 Cezayir Fuar\u0131 a\u00e7\u0131l\u0131\u015f\u0131nda Cezayir\" \/>\n<meta property=\"og:url\" content=\"https:\/\/e-ciftlik.com\/haberler\/gundem\/cumhurbaskani-yardimcisi-yilmaz-cezayirde-diplomasi-trafigi\/\" \/>\n<meta property=\"og:site_name\" content=\"E-&Ccedil;\u0130FTL\u0130K HABER\" \/>\n<meta property=\"article:publisher\" content=\"https:\/\/www.facebook.com\/eciftlikturkiye\" \/>\n<meta property=\"article:published_time\" content=\"2024-06-24T17:40:32+00:00\" \/>\n<meta property=\"og:image\" content=\"https:\/\/e-ciftlik.com\/haberler\/wp-content\/uploads\/2024\/06\/cumhurbaskani-yardimcisi-yilmazdan-diplomasi-trafigi-cezayir-cumhurbaskani-tebbun-ile-gorustu-1719248104824.jpeg\" \/>\n\t<meta property=\"og:image:width\" content=\"1200\" \/>\n\t<meta property=\"og:image:height\" content=\"675\" \/>\n\t<meta property=\"og:image:type\" content=\"image\/jpeg\" \/>\n<meta name=\"author\" content=\"Haber Merkezi\" \/>\n<meta name=\"twitter:card\" content=\"summary_large_image\" \/>\n<meta name=\"twitter:creator\" content=\"@eciftlikresmi\" \/>\n<meta name=\"twitter:site\" content=\"@eciftlikresmi\" \/>\n<meta name=\"twitter:label1\" content=\"Yazan:\" \/>\n\t<meta name=\"twitter:data1\" content=\"Haber Merkezi\" \/>\n\t<meta name=\"twitter:label2\" content=\"Tahmini okuma s\u00fcresi\" \/>\n\t<meta name=\"twitter:data2\" content=\"1 dakika\" \/>\n<script type=\"application\/ld+json\" class=\"yoast-schema-graph\">{\"@context\":\"https:\\\/\\\/schema.org\",\"@graph\":[{\"@type\":\"NewsArticle\",\"@id\":\"https:\\\/\\\/e-ciftlik.com\\\/haberler\\\/gundem\\\/cumhurbaskani-yardimcisi-yilmaz-cezayirde-diplomasi-trafigi\\\/#article\",\"isPartOf\":{\"@id\":\"https:\\\/\\\/e-ciftlik.com\\\/haberler\\\/gundem\\\/cumhurbaskani-yardimcisi-yilmaz-cezayirde-diplomasi-trafigi\\\/\"},\"author\":{\"name\":\"Haber Merkezi\",\"@id\":\"https:\\\/\\\/e-ciftlik.com\\\/haberler\\\/#\\\/schema\\\/person\\\/d2f4fee3143d7f72be82cb887d51b00a\"},\"headline\":\"Cumhurba\u015fkan\u0131 Yard\u0131mc\u0131s\u0131 Y\u0131lmaz Cezayir&#8217;de Diplomasi Trafi\u011fi!\",\"datePublished\":\"2024-06-24T17:40:32+00:00\",\"mainEntityOfPage\":{\"@id\":\"https:\\\/\\\/e-ciftlik.com\\\/haberler\\\/gundem\\\/cumhurbaskani-yardimcisi-yilmaz-cezayirde-diplomasi-trafigi\\\/\"},\"wordCount\":204,\"commentCount\":0,\"publisher\":{\"@id\":\"https:\\\/\\\/e-ciftlik.com\\\/haberler\\\/#organization\"},\"image\":{\"@id\":\"https:\\\/\\\/e-ciftlik.com\\\/haberler\\\/gundem\\\/cumhurbaskani-yardimcisi-yilmaz-cezayirde-diplomasi-trafigi\\\/#primaryimage\"},\"thumbnailUrl\":\"https:\\\/\\\/e-ciftlik.com\\\/haberler\\\/wp-content\\\/uploads\\\/2024\\\/06\\\/cumhurbaskani-yardimcisi-yilmazdan-diplomasi-trafigi-cezayir-cumhurbaskani-tebbun-ile-gorustu-1719248104824.jpeg\",\"articleSection\":[\"G\u00fcndem\"],\"inLanguage\":\"tr\",\"potentialAction\":[{\"@type\":\"CommentAction\",\"name\":\"Comment\",\"target\":[\"https:\\\/\\\/e-ciftlik.com\\\/haberler\\\/gundem\\\/cumhurbaskani-yardimcisi-yilmaz-cezayirde-diplomasi-trafigi\\\/#respond\"]}]},{\"@type\":\"WebPage\",\"@id\":\"https:\\\/\\\/e-ciftlik.com\\\/haberler\\\/gundem\\\/cumhurbaskani-yardimcisi-yilmaz-cezayirde-diplomasi-trafigi\\\/\",\"url\":\"https:\\\/\\\/e-ciftlik.com\\\/haberler\\\/gundem\\\/cumhurbaskani-yardimcisi-yilmaz-cezayirde-diplomasi-trafigi\\\/\",\"name\":\"Cumhurba\u015fkan\u0131 Yard\u0131mc\u0131s\u0131 Y\u0131lmaz Cezayir'de Diplomasi Trafi\u011fi! - E-&Ccedil;\u0130FTL\u0130K HABER\",\"isPartOf\":{\"@id\":\"https:\\\/\\\/e-ciftlik.com\\\/haberler\\\/#website\"},\"primaryImageOfPage\":{\"@id\":\"https:\\\/\\\/e-ciftlik.com\\\/haberler\\\/gundem\\\/cumhurbaskani-yardimcisi-yilmaz-cezayirde-diplomasi-trafigi\\\/#primaryimage\"},\"image\":{\"@id\":\"https:\\\/\\\/e-ciftlik.com\\\/haberler\\\/gundem\\\/cumhurbaskani-yardimcisi-yilmaz-cezayirde-diplomasi-trafigi\\\/#primaryimage\"},\"thumbnailUrl\":\"https:\\\/\\\/e-ciftlik.com\\\/haberler\\\/wp-content\\\/uploads\\\/2024\\\/06\\\/cumhurbaskani-yardimcisi-yilmazdan-diplomasi-trafigi-cezayir-cumhurbaskani-tebbun-ile-gorustu-1719248104824.jpeg\",\"datePublished\":\"2024-06-24T17:40:32+00:00\",\"description\":\"Cumhurba\u015fkan\u0131 Yard\u0131mc\u0131s\u0131 Cevdet Y\u0131lmaz, son zamanlarda yapt\u0131\u011f\u0131 \u00f6nemli ziyaretlerden biri olan 55. Uluslararas\u0131 Cezayir Fuar\u0131 a\u00e7\u0131l\u0131\u015f\u0131nda Cezayir\",\"breadcrumb\":{\"@id\":\"https:\\\/\\\/e-ciftlik.com\\\/haberler\\\/gundem\\\/cumhurbaskani-yardimcisi-yilmaz-cezayirde-diplomasi-trafigi\\\/#breadcrumb\"},\"inLanguage\":\"tr\",\"potentialAction\":[{\"@type\":\"ReadAction\",\"target\":[\"https:\\\/\\\/e-ciftlik.com\\\/haberler\\\/gundem\\\/cumhurbaskani-yardimcisi-yilmaz-cezayirde-diplomasi-trafigi\\\/\"]}]},{\"@type\":\"ImageObject\",\"inLanguage\":\"tr\",\"@id\":\"https:\\\/\\\/e-ciftlik.com\\\/haberler\\\/gundem\\\/cumhurbaskani-yardimcisi-yilmaz-cezayirde-diplomasi-trafigi\\\/#primaryimage\",\"url\":\"https:\\\/\\\/e-ciftlik.com\\\/haberler\\\/wp-content\\\/uploads\\\/2024\\\/06\\\/cumhurbaskani-yardimcisi-yilmazdan-diplomasi-trafigi-cezayir-cumhurbaskani-tebbun-ile-gorustu-1719248104824.jpeg\",\"contentUrl\":\"https:\\\/\\\/e-ciftlik.com\\\/haberler\\\/wp-content\\\/uploads\\\/2024\\\/06\\\/cumhurbaskani-yardimcisi-yilmazdan-diplomasi-trafigi-cezayir-cumhurbaskani-tebbun-ile-gorustu-1719248104824.jpeg\",\"width\":1200,\"height\":675},{\"@type\":\"BreadcrumbList\",\"@id\":\"https:\\\/\\\/e-ciftlik.com\\\/haberler\\\/gundem\\\/cumhurbaskani-yardimcisi-yilmaz-cezayirde-diplomasi-trafigi\\\/#breadcrumb\",\"itemListElement\":[{\"@type\":\"ListItem\",\"position\":1,\"name\":\"Anasayfa\",\"item\":\"https:\\\/\\\/e-ciftlik.com\\\/haberler\\\/\"},{\"@type\":\"ListItem\",\"position\":2,\"name\":\"Cumhurba\u015fkan\u0131 Yard\u0131mc\u0131s\u0131 Y\u0131lmaz Cezayir&#8217;de Diplomasi Trafi\u011fi!\"}]},{\"@type\":\"WebSite\",\"@id\":\"https:\\\/\\\/e-ciftlik.com\\\/haberler\\\/#website\",\"url\":\"https:\\\/\\\/e-ciftlik.com\\\/haberler\\\/\",\"name\":\"E-\u00c7iftlik Haber | G\u00fcncel, Son Dakika Haberler, En Son Haber\",\"description\":\"\",\"publisher\":{\"@id\":\"https:\\\/\\\/e-ciftlik.com\\\/haberler\\\/#organization\"},\"potentialAction\":[{\"@type\":\"SearchAction\",\"target\":{\"@type\":\"EntryPoint\",\"urlTemplate\":\"https:\\\/\\\/e-ciftlik.com\\\/haberler\\\/?s={search_term_string}\"},\"query-input\":{\"@type\":\"PropertyValueSpecification\",\"valueRequired\":true,\"valueName\":\"search_term_string\"}}],\"inLanguage\":\"tr\"},{\"@type\":\"Organization\",\"@id\":\"https:\\\/\\\/e-ciftlik.com\\\/haberler\\\/#organization\",\"name\":\"E-\u00c7\u0130FTL\u0130K HABER\",\"url\":\"https:\\\/\\\/e-ciftlik.com\\\/haberler\\\/\",\"logo\":{\"@type\":\"ImageObject\",\"inLanguage\":\"tr\",\"@id\":\"https:\\\/\\\/e-ciftlik.com\\\/haberler\\\/#\\\/schema\\\/logo\\\/image\\\/\",\"url\":\"https:\\\/\\\/e-ciftlik.com\\\/haberler\\\/wp-content\\\/uploads\\\/2024\\\/06\\\/cropped-cropped-favicon-1-2.png\",\"contentUrl\":\"https:\\\/\\\/e-ciftlik.com\\\/haberler\\\/wp-content\\\/uploads\\\/2024\\\/06\\\/cropped-cropped-favicon-1-2.png\",\"width\":512,\"height\":512,\"caption\":\"E-\u00c7\u0130FTL\u0130K HABER\"},\"image\":{\"@id\":\"https:\\\/\\\/e-ciftlik.com\\\/haberler\\\/#\\\/schema\\\/logo\\\/image\\\/\"},\"sameAs\":[\"https:\\\/\\\/www.facebook.com\\\/eciftlikturkiye\",\"https:\\\/\\\/x.com\\\/eciftlikresmi\",\"https:\\\/\\\/www.instagram.com\\\/eciftlikresmi\\\/\"]},{\"@type\":\"Person\",\"@id\":\"https:\\\/\\\/e-ciftlik.com\\\/haberler\\\/#\\\/schema\\\/person\\\/d2f4fee3143d7f72be82cb887d51b00a\",\"name\":\"Haber Merkezi\",\"image\":{\"@type\":\"ImageObject\",\"inLanguage\":\"tr\",\"@id\":\"https:\\\/\\\/secure.gravatar.com\\\/avatar\\\/6c27d641914e66c1d0452c92716002398782818991d86db1c2cccb531e7c7c82?s=96&d=mm&r=g\",\"url\":\"https:\\\/\\\/secure.gravatar.com\\\/avatar\\\/6c27d641914e66c1d0452c92716002398782818991d86db1c2cccb531e7c7c82?s=96&d=mm&r=g\",\"contentUrl\":\"https:\\\/\\\/secure.gravatar.com\\\/avatar\\\/6c27d641914e66c1d0452c92716002398782818991d86db1c2cccb531e7c7c82?s=96&d=mm&r=g\",\"caption\":\"Haber Merkezi\"},\"sameAs\":[\"http:\\\/\\\/e-ciftlik.com\\\/haberler\"]}]}<\/script>\n<!-- \/ Yoast SEO Premium plugin. -->","yoast_head_json":{"title":"Cumhurba\u015fkan\u0131 Yard\u0131mc\u0131s\u0131 Y\u0131lmaz Cezayir'de Diplomasi Trafi\u011fi! - E-&Ccedil;\u0130FTL\u0130K HABER","description":"Cumhurba\u015fkan\u0131 Yard\u0131mc\u0131s\u0131 Cevdet Y\u0131lmaz, son zamanlarda yapt\u0131\u011f\u0131 \u00f6nemli ziyaretlerden biri olan 55. Uluslararas\u0131 Cezayir Fuar\u0131 a\u00e7\u0131l\u0131\u015f\u0131nda Cezayir","robots":{"index":"index","follow":"follow","max-snippet":"max-snippet:-1","max-image-preview":"max-image-preview:large","max-video-preview":"max-video-preview:-1"},"canonical":"https:\/\/e-ciftlik.com\/haberler\/gundem\/cumhurbaskani-yardimcisi-yilmaz-cezayirde-diplomasi-trafigi\/","og_locale":"tr_TR","og_type":"article","og_title":"Cumhurba\u015fkan\u0131 Yard\u0131mc\u0131s\u0131 Y\u0131lmaz Cezayir'de Diplomasi Trafi\u011fi!","og_description":"Cumhurba\u015fkan\u0131 Yard\u0131mc\u0131s\u0131 Cevdet Y\u0131lmaz, son zamanlarda yapt\u0131\u011f\u0131 \u00f6nemli ziyaretlerden biri olan 55. Uluslararas\u0131 Cezayir Fuar\u0131 a\u00e7\u0131l\u0131\u015f\u0131nda Cezayir","og_url":"https:\/\/e-ciftlik.com\/haberler\/gundem\/cumhurbaskani-yardimcisi-yilmaz-cezayirde-diplomasi-trafigi\/","og_site_name":"E-&Ccedil;\u0130FTL\u0130K HABER","article_publisher":"https:\/\/www.facebook.com\/eciftlikturkiye","article_published_time":"2024-06-24T17:40:32+00:00","og_image":[{"width":1200,"height":675,"url":"https:\/\/e-ciftlik.com\/haberler\/wp-content\/uploads\/2024\/06\/cumhurbaskani-yardimcisi-yilmazdan-diplomasi-trafigi-cezayir-cumhurbaskani-tebbun-ile-gorustu-1719248104824.jpeg","type":"image\/jpeg"}],"author":"Haber Merkezi","twitter_card":"summary_large_image","twitter_creator":"@eciftlikresmi","twitter_site":"@eciftlikresmi","twitter_misc":{"Yazan:":"Haber Merkezi","Tahmini okuma s\u00fcresi":"1 dakika"},"schema":{"@context":"https:\/\/schema.org","@graph":[{"@type":"NewsArticle","@id":"https:\/\/e-ciftlik.com\/haberler\/gundem\/cumhurbaskani-yardimcisi-yilmaz-cezayirde-diplomasi-trafigi\/#article","isPartOf":{"@id":"https:\/\/e-ciftlik.com\/haberler\/gundem\/cumhurbaskani-yardimcisi-yilmaz-cezayirde-diplomasi-trafigi\/"},"author":{"name":"Haber Merkezi","@id":"https:\/\/e-ciftlik.com\/haberler\/#\/schema\/person\/d2f4fee3143d7f72be82cb887d51b00a"},"headline":"Cumhurba\u015fkan\u0131 Yard\u0131mc\u0131s\u0131 Y\u0131lmaz Cezayir&#8217;de Diplomasi Trafi\u011fi!","datePublished":"2024-06-24T17:40:32+00:00","mainEntityOfPage":{"@id":"https:\/\/e-ciftlik.com\/haberler\/gundem\/cumhurbaskani-yardimcisi-yilmaz-cezayirde-diplomasi-trafigi\/"},"wordCount":204,"commentCount":0,"publisher":{"@id":"https:\/\/e-ciftlik.com\/haberler\/#organization"},"image":{"@id":"https:\/\/e-ciftlik.com\/haberler\/gundem\/cumhurbaskani-yardimcisi-yilmaz-cezayirde-diplomasi-trafigi\/#primaryimage"},"thumbnailUrl":"https:\/\/e-ciftlik.com\/haberler\/wp-content\/uploads\/2024\/06\/cumhurbaskani-yardimcisi-yilmazdan-diplomasi-trafigi-cezayir-cumhurbaskani-tebbun-ile-gorustu-1719248104824.jpeg","articleSection":["G\u00fcndem"],"inLanguage":"tr","potentialAction":[{"@type":"CommentAction","name":"Comment","target":["https:\/\/e-ciftlik.com\/haberler\/gundem\/cumhurbaskani-yardimcisi-yilmaz-cezayirde-diplomasi-trafigi\/#respond"]}]},{"@type":"WebPage","@id":"https:\/\/e-ciftlik.com\/haberler\/gundem\/cumhurbaskani-yardimcisi-yilmaz-cezayirde-diplomasi-trafigi\/","url":"https:\/\/e-ciftlik.com\/haberler\/gundem\/cumhurbaskani-yardimcisi-yilmaz-cezayirde-diplomasi-trafigi\/","name":"Cumhurba\u015fkan\u0131 Yard\u0131mc\u0131s\u0131 Y\u0131lmaz Cezayir'de Diplomasi Trafi\u011fi! - E-&Ccedil;\u0130FTL\u0130K HABER","isPartOf":{"@id":"https:\/\/e-ciftlik.com\/haberler\/#website"},"primaryImageOfPage":{"@id":"https:\/\/e-ciftlik.com\/haberler\/gundem\/cumhurbaskani-yardimcisi-yilmaz-cezayirde-diplomasi-trafigi\/#primaryimage"},"image":{"@id":"https:\/\/e-ciftlik.com\/haberler\/gundem\/cumhurbaskani-yardimcisi-yilmaz-cezayirde-diplomasi-trafigi\/#primaryimage"},"thumbnailUrl":"https:\/\/e-ciftlik.com\/haberler\/wp-content\/uploads\/2024\/06\/cumhurbaskani-yardimcisi-yilmazdan-diplomasi-trafigi-cezayir-cumhurbaskani-tebbun-ile-gorustu-1719248104824.jpeg","datePublished":"2024-06-24T17:40:32+00:00","description":"Cumhurba\u015fkan\u0131 Yard\u0131mc\u0131s\u0131 Cevdet Y\u0131lmaz, son zamanlarda yapt\u0131\u011f\u0131 \u00f6nemli ziyaretlerden biri olan 55. Uluslararas\u0131 Cezayir Fuar\u0131 a\u00e7\u0131l\u0131\u015f\u0131nda Cezayir","breadcrumb":{"@id":"https:\/\/e-ciftlik.com\/haberler\/gundem\/cumhurbaskani-yardimcisi-yilmaz-cezayirde-diplomasi-trafigi\/#breadcrumb"},"inLanguage":"tr","potentialAction":[{"@type":"ReadAction","target":["https:\/\/e-ciftlik.com\/haberler\/gundem\/cumhurbaskani-yardimcisi-yilmaz-cezayirde-diplomasi-trafigi\/"]}]},{"@type":"ImageObject","inLanguage":"tr","@id":"https:\/\/e-ciftlik.com\/haberler\/gundem\/cumhurbaskani-yardimcisi-yilmaz-cezayirde-diplomasi-trafigi\/#primaryimage","url":"https:\/\/e-ciftlik.com\/haberler\/wp-content\/uploads\/2024\/06\/cumhurbaskani-yardimcisi-yilmazdan-diplomasi-trafigi-cezayir-cumhurbaskani-tebbun-ile-gorustu-1719248104824.jpeg","contentUrl":"https:\/\/e-ciftlik.com\/haberler\/wp-content\/uploads\/2024\/06\/cumhurbaskani-yardimcisi-yilmazdan-diplomasi-trafigi-cezayir-cumhurbaskani-tebbun-ile-gorustu-1719248104824.jpeg","width":1200,"height":675},{"@type":"BreadcrumbList","@id":"https:\/\/e-ciftlik.com\/haberler\/gundem\/cumhurbaskani-yardimcisi-yilmaz-cezayirde-diplomasi-trafigi\/#breadcrumb","itemListElement":[{"@type":"ListItem","position":1,"name":"Anasayfa","item":"https:\/\/e-ciftlik.com\/haberler\/"},{"@type":"ListItem","position":2,"name":"Cumhurba\u015fkan\u0131 Yard\u0131mc\u0131s\u0131 Y\u0131lmaz Cezayir&#8217;de Diplomasi Trafi\u011fi!"}]},{"@type":"WebSite","@id":"https:\/\/e-ciftlik.com\/haberler\/#website","url":"https:\/\/e-ciftlik.com\/haberler\/","name":"E-\u00c7iftlik Haber | G\u00fcncel, Son Dakika Haberler, En Son Haber","description":"","publisher":{"@id":"https:\/\/e-ciftlik.com\/haberler\/#organization"},"potentialAction":[{"@type":"SearchAction","target":{"@type":"EntryPoint","urlTemplate":"https:\/\/e-ciftlik.com\/haberler\/?s={search_term_string}"},"query-input":{"@type":"PropertyValueSpecification","valueRequired":true,"valueName":"search_term_string"}}],"inLanguage":"tr"},{"@type":"Organization","@id":"https:\/\/e-ciftlik.com\/haberler\/#organization","name":"E-\u00c7\u0130FTL\u0130K HABER","url":"https:\/\/e-ciftlik.com\/haberler\/","logo":{"@type":"ImageObject","inLanguage":"tr","@id":"https:\/\/e-ciftlik.com\/haberler\/#\/schema\/logo\/image\/","url":"https:\/\/e-ciftlik.com\/haberler\/wp-content\/uploads\/2024\/06\/cropped-cropped-favicon-1-2.png","contentUrl":"https:\/\/e-ciftlik.com\/haberler\/wp-content\/uploads\/2024\/06\/cropped-cropped-favicon-1-2.png","width":512,"height":512,"caption":"E-\u00c7\u0130FTL\u0130K HABER"},"image":{"@id":"https:\/\/e-ciftlik.com\/haberler\/#\/schema\/logo\/image\/"},"sameAs":["https:\/\/www.facebook.com\/eciftlikturkiye","https:\/\/x.com\/eciftlikresmi","https:\/\/www.instagram.com\/eciftlikresmi\/"]},{"@type":"Person","@id":"https:\/\/e-ciftlik.com\/haberler\/#\/schema\/person\/d2f4fee3143d7f72be82cb887d51b00a","name":"Haber Merkezi","image":{"@type":"ImageObject","inLanguage":"tr","@id":"https:\/\/secure.gravatar.com\/avatar\/6c27d641914e66c1d0452c92716002398782818991d86db1c2cccb531e7c7c82?s=96&d=mm&r=g","url":"https:\/\/secure.gravatar.com\/avatar\/6c27d641914e66c1d0452c92716002398782818991d86db1c2cccb531e7c7c82?s=96&d=mm&r=g","contentUrl":"https:\/\/secure.gravatar.com\/avatar\/6c27d641914e66c1d0452c92716002398782818991d86db1c2cccb531e7c7c82?s=96&d=mm&r=g","caption":"Haber Merkezi"},"sameAs":["http:\/\/e-ciftlik.com\/haberler"]}]}},"_links":{"self":[{"href":"https:\/\/e-ciftlik.com\/haberler\/wp-json\/wp\/v2\/posts\/6572","targetHints":{"allow":["GET"]}}],"collection":[{"href":"https:\/\/e-ciftlik.com\/haberler\/wp-json\/wp\/v2\/posts"}],"about":[{"href":"https:\/\/e-ciftlik.com\/haberler\/wp-json\/wp\/v2\/types\/post"}],"author":[{"embeddable":true,"href":"https:\/\/e-ciftlik.com\/haberler\/wp-json\/wp\/v2\/users\/1"}],"replies":[{"embeddable":true,"href":"https:\/\/e-ciftlik.com\/haberler\/wp-json\/wp\/v2\/comments?post=6572"}],"version-history":[{"count":0,"href":"https:\/\/e-ciftlik.com\/haberler\/wp-json\/wp\/v2\/posts\/6572\/revisions"}],"wp:featuredmedia":[{"embeddable":true,"href":"https:\/\/e-ciftlik.com\/haberler\/wp-json\/wp\/v2\/media\/6573"}],"wp:attachment":[{"href":"https:\/\/e-ciftlik.com\/haberler\/wp-json\/wp\/v2\/media?parent=6572"}],"wp:term":[{"taxonomy":"category","embeddable":true,"href":"https:\/\/e-ciftlik.com\/haberler\/wp-json\/wp\/v2\/categories?post=6572"},{"taxonomy":"post_tag","embeddable":true,"href":"https:\/\/e-ciftlik.com\/haberler\/wp-json\/wp\/v2\/tags?post=6572"}],"curies":[{"name":"wp","href":"https:\/\/api.w.org\/{rel}","templated":true}]}}