{"id":6590,"date":"2024-06-24T18:40:59","date_gmt":"2024-06-24T18:40:59","guid":{"rendered":"https:\/\/e-ciftlik.com\/haberler\/spor\/mehmet-buyukeksi-son-16-turuna-yukselecegiz\/"},"modified":"2024-06-24T18:40:59","modified_gmt":"2024-06-24T18:40:59","slug":"mehmet-buyukeksi-son-16-turuna-yukselecegiz","status":"publish","type":"post","link":"https:\/\/e-ciftlik.com\/haberler\/spor\/mehmet-buyukeksi-son-16-turuna-yukselecegiz\/","title":{"rendered":"Mehmet B\u00fcy\u00fckek\u015fi: &#8220;Son 16 Turuna Y\u00fckselece\u011fiz&#8221;"},"content":{"rendered":"<p>T\u00fcrkiye Futbol Federasyonu (TFF) Ba\u015fkan\u0131 Mehmet B\u00fcy\u00fckek\u015fi, Avrupa Futbol \u015eampiyonas\u0131 ile ilgili de\u011ferlendirmelerde bulundu.<\/p>\n<p>Futbol Federasyonu&#8217;ndan yap\u0131lan a\u00e7\u0131klamaya g\u00f6re B\u00fcy\u00fckek\u015fi, \u201c\u00c7ekya ile birlikte Avrupa\u2019n\u0131n en gen\u00e7 A Mill\u00ee Futbol Tak\u0131m\u0131y\u0131z. 2032 y\u0131l\u0131nda T\u00fcrkiye &#8211; \u0130talya ortakl\u0131\u011f\u0131 ile d\u00fczenleyece\u011fimiz Avrupa Futbol \u015eampiyonas\u0131\u2019nda \u015fampiyon olacak Mill\u00ee Tak\u0131m\u0131n temellerini att\u0131k. Biz A Mill\u00ee Tak\u0131m\u0131m\u0131z\u0131n bug\u00fcn\u00fcne de yar\u0131n\u0131na da g\u00fcveniyoruz. Kader ma\u00e7\u0131m\u0131z olan \u00c7ekya kar\u015f\u0131la\u015fmas\u0131na konsantre olduk. \u0130lk hedefimiz gruptan \u00e7\u0131kmak demi\u015ftik ve bu da bizim elimizde. Hamburg\u2019da da Dortmund\u2019daki gibi taraftar\u0131m\u0131z\u0131n muhte\u015fem deste\u011fini bekliyoruz\u201d dedi.<\/p>\n<p>Teknik direkt\u00f6r Vincenzo Montella ve tak\u0131ma g\u00fcvendi\u011fini vurgulayan TFF Ba\u015fkan\u0131 Mehmet B\u00fcy\u00fckek\u015fi, \u201cMill\u00ee formaya g\u00f6n\u00fcl vermi\u015f futbolcular\u0131m\u0131z\u0131n hepsi bizim i\u00e7in \u00e7ok de\u011ferlidir. Kadro tercihleri de futbolcular\u0131m\u0131z\u0131n fiziksel durumlar\u0131 ve ma\u00e7\u0131n takti\u011fi gibi konular teknik heyetimiz taraf\u0131ndan belirlenmektedir. Gerek teknik kadromuz, gerekse de oyuncular\u0131m\u0131z b\u00fcy\u00fck bir uyum i\u00e7erisinde \u00e7al\u0131\u015fmalar\u0131n\u0131 s\u00fcrd\u00fcr\u00fcyor\u201d diye konu\u015ftu.<\/p>\n<p>Mehmet B\u00fcy\u00fckek\u015fi, s\u00f6zlerine devam ederek, \u201c\u00c7ekya kar\u015f\u0131s\u0131nda alaca\u011f\u0131m\u0131z bir puan bile gruptan \u00e7\u0131kmam\u0131za yetecekken ne yaz\u0131k ki ola\u011fan bir antrenman g\u00f6r\u00fcnt\u00fcs\u00fc \u00fczerinden \u00f6zellikle sosyal medyada son bir y\u0131ld\u0131r oldu\u011fu gibi organize, k\u00f6t\u00fc niyetli ve kirli bir alg\u0131 operasyonu y\u00fcr\u00fct\u00fclmeye \u00e7al\u0131\u015f\u0131lmaktad\u0131r. Futbol tarihimiz boyunca ki\u015fisel beklentileri do\u011frultusunda Mill\u00ee Tak\u0131m\u0131m\u0131z\u0131n ba\u015far\u0131s\u0131n\u0131 istemeyen menfaat odaklar\u0131, futbolumuz i\u00e7in bug\u00fcn oldu\u011fu gibi her zaman bir tehdit unsuru olmu\u015ftur. D\u00fcn oldu\u011fu gibi bug\u00fcn de insanlar\u0131m\u0131z\u0131 kutupla\u015ft\u0131rarak Mill\u00ee Tak\u0131m\u0131m\u0131z\u0131n gruptan \u00e7\u0131kmas\u0131n\u0131 istemeyecek kadar milli de\u011ferlerden yoksun ki\u015filer tekrar sahne alm\u0131\u015ft\u0131r. T\u00fcm kalbimizle inan\u0131yoruz ki; Ay-Y\u0131ld\u0131zl\u0131 formay\u0131 ve milli ruhu ta\u015f\u0131yan \u2018Bizim \u00c7ocuklar\u2019, bizden olmayanlar\u0131 yine ba\u015far\u0131lar\u0131yla hayal k\u0131r\u0131kl\u0131\u011f\u0131na u\u011fratacaklard\u0131r. Mill\u00ee Tak\u0131m\u0131m\u0131z\u0131n t\u00fcm futbolcular\u0131na ve teknik heyetimize hep g\u00fcvendik, g\u00fcvenmeye devam ediyoruz. Tarihimizde ilk kez lider olarak kat\u0131ld\u0131\u011f\u0131m\u0131z ve tarihimizde ilk kez galibiyetle ba\u015flad\u0131\u011f\u0131m\u0131z bu turnuvada in\u015fallah 16 y\u0131l sonra yine gruptan \u00e7\u0131kmay\u0131 ba\u015fararak tarih yazmay\u0131 s\u00fcrd\u00fcrece\u011fiz.\u201d \u015feklinde konu\u015ftu.<\/p>\n","protected":false},"excerpt":{"rendered":"<p>T\u00fcrkiye Futbol Federasyonu (TFF) Ba\u015fkan\u0131 Mehmet B\u00fcy\u00fckek\u015fi, Avrupa Futbol \u015eampiyonas\u0131 ile ilgili de\u011ferlendirmelerde bulundu. Futbol&hellip;<\/p>\n","protected":false},"author":1,"featured_media":6591,"comment_status":"open","ping_status":"open","sticky":false,"template":"","format":"standard","meta":{"footnotes":""},"categories":[7],"tags":[],"class_list":["post-6590","post","type-post","status-publish","format-standard","has-post-thumbnail","hentry","category-spor"],"yoast_head":"<!-- This site is optimized with the Yoast SEO Premium plugin v24.3 (Yoast SEO v27.4) - https:\/\/yoast.com\/product\/yoast-seo-premium-wordpress\/ -->\n<title>Mehmet B\u00fcy\u00fckek\u015fi: &quot;Son 16 Turuna Y\u00fckselece\u011fiz&quot; - E-&Ccedil;\u0130FTL\u0130K HABER<\/title>\n<meta name=\"description\" content=\"T\u00fcrkiye Futbol Federasyonu (TFF) Ba\u015fkan\u0131 Mehmet B\u00fcy\u00fckek\u015fi, Avrupa Futbol \u015eampiyonas\u0131 ile ilgili de\u011ferlendirmelerde bulundu. Futbol Federasyonu&#039;ndan\" \/>\n<meta name=\"robots\" content=\"index, follow, max-snippet:-1, max-image-preview:large, max-video-preview:-1\" \/>\n<link rel=\"canonical\" href=\"https:\/\/e-ciftlik.com\/haberler\/spor\/mehmet-buyukeksi-son-16-turuna-yukselecegiz\/\" \/>\n<meta property=\"og:locale\" content=\"tr_TR\" \/>\n<meta property=\"og:type\" content=\"article\" \/>\n<meta property=\"og:title\" content=\"Mehmet B\u00fcy\u00fckek\u015fi: &quot;Son 16 Turuna Y\u00fckselece\u011fiz&quot;\" \/>\n<meta property=\"og:description\" content=\"T\u00fcrkiye Futbol Federasyonu (TFF) Ba\u015fkan\u0131 Mehmet B\u00fcy\u00fckek\u015fi, Avrupa Futbol \u015eampiyonas\u0131 ile ilgili de\u011ferlendirmelerde bulundu. Futbol Federasyonu&#039;ndan\" \/>\n<meta property=\"og:url\" content=\"https:\/\/e-ciftlik.com\/haberler\/spor\/mehmet-buyukeksi-son-16-turuna-yukselecegiz\/\" \/>\n<meta property=\"og:site_name\" content=\"E-&Ccedil;\u0130FTL\u0130K HABER\" \/>\n<meta property=\"article:publisher\" content=\"https:\/\/www.facebook.com\/eciftlikturkiye\" \/>\n<meta property=\"article:published_time\" content=\"2024-06-24T18:40:59+00:00\" \/>\n<meta property=\"og:image\" content=\"https:\/\/e-ciftlik.com\/haberler\/wp-content\/uploads\/2024\/06\/1719254463_1200x628.jpeg\" \/>\n\t<meta property=\"og:image:width\" content=\"1200\" \/>\n\t<meta property=\"og:image:height\" content=\"628\" \/>\n\t<meta property=\"og:image:type\" content=\"image\/jpeg\" \/>\n<meta name=\"author\" content=\"Haber Merkezi\" \/>\n<meta name=\"twitter:card\" content=\"summary_large_image\" \/>\n<meta name=\"twitter:creator\" content=\"@eciftlikresmi\" \/>\n<meta name=\"twitter:site\" content=\"@eciftlikresmi\" \/>\n<meta name=\"twitter:label1\" content=\"Yazan:\" \/>\n\t<meta name=\"twitter:data1\" content=\"Haber Merkezi\" \/>\n\t<meta name=\"twitter:label2\" content=\"Tahmini okuma s\u00fcresi\" \/>\n\t<meta name=\"twitter:data2\" content=\"2 dakika\" \/>\n<script type=\"application\/ld+json\" class=\"yoast-schema-graph\">{\"@context\":\"https:\\\/\\\/schema.org\",\"@graph\":[{\"@type\":\"NewsArticle\",\"@id\":\"https:\\\/\\\/e-ciftlik.com\\\/haberler\\\/spor\\\/mehmet-buyukeksi-son-16-turuna-yukselecegiz\\\/#article\",\"isPartOf\":{\"@id\":\"https:\\\/\\\/e-ciftlik.com\\\/haberler\\\/spor\\\/mehmet-buyukeksi-son-16-turuna-yukselecegiz\\\/\"},\"author\":{\"name\":\"Haber Merkezi\",\"@id\":\"http:\\\/\\\/e-ciftlik.com\\\/haberler\\\/#\\\/schema\\\/person\\\/d2f4fee3143d7f72be82cb887d51b00a\"},\"headline\":\"Mehmet B\u00fcy\u00fckek\u015fi: &#8220;Son 16 Turuna Y\u00fckselece\u011fiz&#8221;\",\"datePublished\":\"2024-06-24T18:40:59+00:00\",\"mainEntityOfPage\":{\"@id\":\"https:\\\/\\\/e-ciftlik.com\\\/haberler\\\/spor\\\/mehmet-buyukeksi-son-16-turuna-yukselecegiz\\\/\"},\"wordCount\":449,\"commentCount\":0,\"publisher\":{\"@id\":\"http:\\\/\\\/e-ciftlik.com\\\/haberler\\\/#organization\"},\"image\":{\"@id\":\"https:\\\/\\\/e-ciftlik.com\\\/haberler\\\/spor\\\/mehmet-buyukeksi-son-16-turuna-yukselecegiz\\\/#primaryimage\"},\"thumbnailUrl\":\"https:\\\/\\\/e-ciftlik.com\\\/haberler\\\/wp-content\\\/uploads\\\/2024\\\/06\\\/1719254463_1200x628.jpeg\",\"articleSection\":[\"Spor\"],\"inLanguage\":\"tr\",\"potentialAction\":[{\"@type\":\"CommentAction\",\"name\":\"Comment\",\"target\":[\"https:\\\/\\\/e-ciftlik.com\\\/haberler\\\/spor\\\/mehmet-buyukeksi-son-16-turuna-yukselecegiz\\\/#respond\"]}]},{\"@type\":\"WebPage\",\"@id\":\"https:\\\/\\\/e-ciftlik.com\\\/haberler\\\/spor\\\/mehmet-buyukeksi-son-16-turuna-yukselecegiz\\\/\",\"url\":\"https:\\\/\\\/e-ciftlik.com\\\/haberler\\\/spor\\\/mehmet-buyukeksi-son-16-turuna-yukselecegiz\\\/\",\"name\":\"Mehmet B\u00fcy\u00fckek\u015fi: \\\"Son 16 Turuna Y\u00fckselece\u011fiz\\\" - E-&Ccedil;\u0130FTL\u0130K HABER\",\"isPartOf\":{\"@id\":\"http:\\\/\\\/e-ciftlik.com\\\/haberler\\\/#website\"},\"primaryImageOfPage\":{\"@id\":\"https:\\\/\\\/e-ciftlik.com\\\/haberler\\\/spor\\\/mehmet-buyukeksi-son-16-turuna-yukselecegiz\\\/#primaryimage\"},\"image\":{\"@id\":\"https:\\\/\\\/e-ciftlik.com\\\/haberler\\\/spor\\\/mehmet-buyukeksi-son-16-turuna-yukselecegiz\\\/#primaryimage\"},\"thumbnailUrl\":\"https:\\\/\\\/e-ciftlik.com\\\/haberler\\\/wp-content\\\/uploads\\\/2024\\\/06\\\/1719254463_1200x628.jpeg\",\"datePublished\":\"2024-06-24T18:40:59+00:00\",\"description\":\"T\u00fcrkiye Futbol Federasyonu (TFF) Ba\u015fkan\u0131 Mehmet B\u00fcy\u00fckek\u015fi, Avrupa Futbol \u015eampiyonas\u0131 ile ilgili de\u011ferlendirmelerde bulundu. Futbol Federasyonu'ndan\",\"breadcrumb\":{\"@id\":\"https:\\\/\\\/e-ciftlik.com\\\/haberler\\\/spor\\\/mehmet-buyukeksi-son-16-turuna-yukselecegiz\\\/#breadcrumb\"},\"inLanguage\":\"tr\",\"potentialAction\":[{\"@type\":\"ReadAction\",\"target\":[\"https:\\\/\\\/e-ciftlik.com\\\/haberler\\\/spor\\\/mehmet-buyukeksi-son-16-turuna-yukselecegiz\\\/\"]}]},{\"@type\":\"ImageObject\",\"inLanguage\":\"tr\",\"@id\":\"https:\\\/\\\/e-ciftlik.com\\\/haberler\\\/spor\\\/mehmet-buyukeksi-son-16-turuna-yukselecegiz\\\/#primaryimage\",\"url\":\"https:\\\/\\\/e-ciftlik.com\\\/haberler\\\/wp-content\\\/uploads\\\/2024\\\/06\\\/1719254463_1200x628.jpeg\",\"contentUrl\":\"https:\\\/\\\/e-ciftlik.com\\\/haberler\\\/wp-content\\\/uploads\\\/2024\\\/06\\\/1719254463_1200x628.jpeg\",\"width\":1200,\"height\":628},{\"@type\":\"BreadcrumbList\",\"@id\":\"https:\\\/\\\/e-ciftlik.com\\\/haberler\\\/spor\\\/mehmet-buyukeksi-son-16-turuna-yukselecegiz\\\/#breadcrumb\",\"itemListElement\":[{\"@type\":\"ListItem\",\"position\":1,\"name\":\"Anasayfa\",\"item\":\"http:\\\/\\\/e-ciftlik.com\\\/haberler\\\/\"},{\"@type\":\"ListItem\",\"position\":2,\"name\":\"Mehmet B\u00fcy\u00fckek\u015fi: &#8220;Son 16 Turuna Y\u00fckselece\u011fiz&#8221;\"}]},{\"@type\":\"WebSite\",\"@id\":\"http:\\\/\\\/e-ciftlik.com\\\/haberler\\\/#website\",\"url\":\"http:\\\/\\\/e-ciftlik.com\\\/haberler\\\/\",\"name\":\"E-\u00c7iftlik Haber | G\u00fcncel, Son Dakika Haberler, En Son Haber\",\"description\":\"\",\"publisher\":{\"@id\":\"http:\\\/\\\/e-ciftlik.com\\\/haberler\\\/#organization\"},\"potentialAction\":[{\"@type\":\"SearchAction\",\"target\":{\"@type\":\"EntryPoint\",\"urlTemplate\":\"http:\\\/\\\/e-ciftlik.com\\\/haberler\\\/?s={search_term_string}\"},\"query-input\":{\"@type\":\"PropertyValueSpecification\",\"valueRequired\":true,\"valueName\":\"search_term_string\"}}],\"inLanguage\":\"tr\"},{\"@type\":\"Organization\",\"@id\":\"http:\\\/\\\/e-ciftlik.com\\\/haberler\\\/#organization\",\"name\":\"E-\u00c7\u0130FTL\u0130K HABER\",\"url\":\"http:\\\/\\\/e-ciftlik.com\\\/haberler\\\/\",\"logo\":{\"@type\":\"ImageObject\",\"inLanguage\":\"tr\",\"@id\":\"http:\\\/\\\/e-ciftlik.com\\\/haberler\\\/#\\\/schema\\\/logo\\\/image\\\/\",\"url\":\"https:\\\/\\\/e-ciftlik.com\\\/haberler\\\/wp-content\\\/uploads\\\/2024\\\/06\\\/cropped-cropped-favicon-1-2.png\",\"contentUrl\":\"https:\\\/\\\/e-ciftlik.com\\\/haberler\\\/wp-content\\\/uploads\\\/2024\\\/06\\\/cropped-cropped-favicon-1-2.png\",\"width\":512,\"height\":512,\"caption\":\"E-\u00c7\u0130FTL\u0130K HABER\"},\"image\":{\"@id\":\"http:\\\/\\\/e-ciftlik.com\\\/haberler\\\/#\\\/schema\\\/logo\\\/image\\\/\"},\"sameAs\":[\"https:\\\/\\\/www.facebook.com\\\/eciftlikturkiye\",\"https:\\\/\\\/x.com\\\/eciftlikresmi\",\"https:\\\/\\\/www.instagram.com\\\/eciftlikresmi\\\/\"]},{\"@type\":\"Person\",\"@id\":\"http:\\\/\\\/e-ciftlik.com\\\/haberler\\\/#\\\/schema\\\/person\\\/d2f4fee3143d7f72be82cb887d51b00a\",\"name\":\"Haber Merkezi\",\"image\":{\"@type\":\"ImageObject\",\"inLanguage\":\"tr\",\"@id\":\"https:\\\/\\\/secure.gravatar.com\\\/avatar\\\/6c27d641914e66c1d0452c92716002398782818991d86db1c2cccb531e7c7c82?s=96&d=mm&r=g\",\"url\":\"https:\\\/\\\/secure.gravatar.com\\\/avatar\\\/6c27d641914e66c1d0452c92716002398782818991d86db1c2cccb531e7c7c82?s=96&d=mm&r=g\",\"contentUrl\":\"https:\\\/\\\/secure.gravatar.com\\\/avatar\\\/6c27d641914e66c1d0452c92716002398782818991d86db1c2cccb531e7c7c82?s=96&d=mm&r=g\",\"caption\":\"Haber Merkezi\"},\"sameAs\":[\"http:\\\/\\\/e-ciftlik.com\\\/haberler\"]}]}<\/script>\n<!-- \/ Yoast SEO Premium plugin. -->","yoast_head_json":{"title":"Mehmet B\u00fcy\u00fckek\u015fi: \"Son 16 Turuna Y\u00fckselece\u011fiz\" - E-&Ccedil;\u0130FTL\u0130K HABER","description":"T\u00fcrkiye Futbol Federasyonu (TFF) Ba\u015fkan\u0131 Mehmet B\u00fcy\u00fckek\u015fi, Avrupa Futbol \u015eampiyonas\u0131 ile ilgili de\u011ferlendirmelerde bulundu. Futbol Federasyonu'ndan","robots":{"index":"index","follow":"follow","max-snippet":"max-snippet:-1","max-image-preview":"max-image-preview:large","max-video-preview":"max-video-preview:-1"},"canonical":"https:\/\/e-ciftlik.com\/haberler\/spor\/mehmet-buyukeksi-son-16-turuna-yukselecegiz\/","og_locale":"tr_TR","og_type":"article","og_title":"Mehmet B\u00fcy\u00fckek\u015fi: \"Son 16 Turuna Y\u00fckselece\u011fiz\"","og_description":"T\u00fcrkiye Futbol Federasyonu (TFF) Ba\u015fkan\u0131 Mehmet B\u00fcy\u00fckek\u015fi, Avrupa Futbol \u015eampiyonas\u0131 ile ilgili de\u011ferlendirmelerde bulundu. Futbol Federasyonu'ndan","og_url":"https:\/\/e-ciftlik.com\/haberler\/spor\/mehmet-buyukeksi-son-16-turuna-yukselecegiz\/","og_site_name":"E-&Ccedil;\u0130FTL\u0130K HABER","article_publisher":"https:\/\/www.facebook.com\/eciftlikturkiye","article_published_time":"2024-06-24T18:40:59+00:00","og_image":[{"width":1200,"height":628,"url":"https:\/\/e-ciftlik.com\/haberler\/wp-content\/uploads\/2024\/06\/1719254463_1200x628.jpeg","type":"image\/jpeg"}],"author":"Haber Merkezi","twitter_card":"summary_large_image","twitter_creator":"@eciftlikresmi","twitter_site":"@eciftlikresmi","twitter_misc":{"Yazan:":"Haber Merkezi","Tahmini okuma s\u00fcresi":"2 dakika"},"schema":{"@context":"https:\/\/schema.org","@graph":[{"@type":"NewsArticle","@id":"https:\/\/e-ciftlik.com\/haberler\/spor\/mehmet-buyukeksi-son-16-turuna-yukselecegiz\/#article","isPartOf":{"@id":"https:\/\/e-ciftlik.com\/haberler\/spor\/mehmet-buyukeksi-son-16-turuna-yukselecegiz\/"},"author":{"name":"Haber Merkezi","@id":"http:\/\/e-ciftlik.com\/haberler\/#\/schema\/person\/d2f4fee3143d7f72be82cb887d51b00a"},"headline":"Mehmet B\u00fcy\u00fckek\u015fi: &#8220;Son 16 Turuna Y\u00fckselece\u011fiz&#8221;","datePublished":"2024-06-24T18:40:59+00:00","mainEntityOfPage":{"@id":"https:\/\/e-ciftlik.com\/haberler\/spor\/mehmet-buyukeksi-son-16-turuna-yukselecegiz\/"},"wordCount":449,"commentCount":0,"publisher":{"@id":"http:\/\/e-ciftlik.com\/haberler\/#organization"},"image":{"@id":"https:\/\/e-ciftlik.com\/haberler\/spor\/mehmet-buyukeksi-son-16-turuna-yukselecegiz\/#primaryimage"},"thumbnailUrl":"https:\/\/e-ciftlik.com\/haberler\/wp-content\/uploads\/2024\/06\/1719254463_1200x628.jpeg","articleSection":["Spor"],"inLanguage":"tr","potentialAction":[{"@type":"CommentAction","name":"Comment","target":["https:\/\/e-ciftlik.com\/haberler\/spor\/mehmet-buyukeksi-son-16-turuna-yukselecegiz\/#respond"]}]},{"@type":"WebPage","@id":"https:\/\/e-ciftlik.com\/haberler\/spor\/mehmet-buyukeksi-son-16-turuna-yukselecegiz\/","url":"https:\/\/e-ciftlik.com\/haberler\/spor\/mehmet-buyukeksi-son-16-turuna-yukselecegiz\/","name":"Mehmet B\u00fcy\u00fckek\u015fi: \"Son 16 Turuna Y\u00fckselece\u011fiz\" - E-&Ccedil;\u0130FTL\u0130K HABER","isPartOf":{"@id":"http:\/\/e-ciftlik.com\/haberler\/#website"},"primaryImageOfPage":{"@id":"https:\/\/e-ciftlik.com\/haberler\/spor\/mehmet-buyukeksi-son-16-turuna-yukselecegiz\/#primaryimage"},"image":{"@id":"https:\/\/e-ciftlik.com\/haberler\/spor\/mehmet-buyukeksi-son-16-turuna-yukselecegiz\/#primaryimage"},"thumbnailUrl":"https:\/\/e-ciftlik.com\/haberler\/wp-content\/uploads\/2024\/06\/1719254463_1200x628.jpeg","datePublished":"2024-06-24T18:40:59+00:00","description":"T\u00fcrkiye Futbol Federasyonu (TFF) Ba\u015fkan\u0131 Mehmet B\u00fcy\u00fckek\u015fi, Avrupa Futbol \u015eampiyonas\u0131 ile ilgili de\u011ferlendirmelerde bulundu. Futbol Federasyonu'ndan","breadcrumb":{"@id":"https:\/\/e-ciftlik.com\/haberler\/spor\/mehmet-buyukeksi-son-16-turuna-yukselecegiz\/#breadcrumb"},"inLanguage":"tr","potentialAction":[{"@type":"ReadAction","target":["https:\/\/e-ciftlik.com\/haberler\/spor\/mehmet-buyukeksi-son-16-turuna-yukselecegiz\/"]}]},{"@type":"ImageObject","inLanguage":"tr","@id":"https:\/\/e-ciftlik.com\/haberler\/spor\/mehmet-buyukeksi-son-16-turuna-yukselecegiz\/#primaryimage","url":"https:\/\/e-ciftlik.com\/haberler\/wp-content\/uploads\/2024\/06\/1719254463_1200x628.jpeg","contentUrl":"https:\/\/e-ciftlik.com\/haberler\/wp-content\/uploads\/2024\/06\/1719254463_1200x628.jpeg","width":1200,"height":628},{"@type":"BreadcrumbList","@id":"https:\/\/e-ciftlik.com\/haberler\/spor\/mehmet-buyukeksi-son-16-turuna-yukselecegiz\/#breadcrumb","itemListElement":[{"@type":"ListItem","position":1,"name":"Anasayfa","item":"http:\/\/e-ciftlik.com\/haberler\/"},{"@type":"ListItem","position":2,"name":"Mehmet B\u00fcy\u00fckek\u015fi: &#8220;Son 16 Turuna Y\u00fckselece\u011fiz&#8221;"}]},{"@type":"WebSite","@id":"http:\/\/e-ciftlik.com\/haberler\/#website","url":"http:\/\/e-ciftlik.com\/haberler\/","name":"E-\u00c7iftlik Haber | G\u00fcncel, Son Dakika Haberler, En Son Haber","description":"","publisher":{"@id":"http:\/\/e-ciftlik.com\/haberler\/#organization"},"potentialAction":[{"@type":"SearchAction","target":{"@type":"EntryPoint","urlTemplate":"http:\/\/e-ciftlik.com\/haberler\/?s={search_term_string}"},"query-input":{"@type":"PropertyValueSpecification","valueRequired":true,"valueName":"search_term_string"}}],"inLanguage":"tr"},{"@type":"Organization","@id":"http:\/\/e-ciftlik.com\/haberler\/#organization","name":"E-\u00c7\u0130FTL\u0130K HABER","url":"http:\/\/e-ciftlik.com\/haberler\/","logo":{"@type":"ImageObject","inLanguage":"tr","@id":"http:\/\/e-ciftlik.com\/haberler\/#\/schema\/logo\/image\/","url":"https:\/\/e-ciftlik.com\/haberler\/wp-content\/uploads\/2024\/06\/cropped-cropped-favicon-1-2.png","contentUrl":"https:\/\/e-ciftlik.com\/haberler\/wp-content\/uploads\/2024\/06\/cropped-cropped-favicon-1-2.png","width":512,"height":512,"caption":"E-\u00c7\u0130FTL\u0130K HABER"},"image":{"@id":"http:\/\/e-ciftlik.com\/haberler\/#\/schema\/logo\/image\/"},"sameAs":["https:\/\/www.facebook.com\/eciftlikturkiye","https:\/\/x.com\/eciftlikresmi","https:\/\/www.instagram.com\/eciftlikresmi\/"]},{"@type":"Person","@id":"http:\/\/e-ciftlik.com\/haberler\/#\/schema\/person\/d2f4fee3143d7f72be82cb887d51b00a","name":"Haber Merkezi","image":{"@type":"ImageObject","inLanguage":"tr","@id":"https:\/\/secure.gravatar.com\/avatar\/6c27d641914e66c1d0452c92716002398782818991d86db1c2cccb531e7c7c82?s=96&d=mm&r=g","url":"https:\/\/secure.gravatar.com\/avatar\/6c27d641914e66c1d0452c92716002398782818991d86db1c2cccb531e7c7c82?s=96&d=mm&r=g","contentUrl":"https:\/\/secure.gravatar.com\/avatar\/6c27d641914e66c1d0452c92716002398782818991d86db1c2cccb531e7c7c82?s=96&d=mm&r=g","caption":"Haber Merkezi"},"sameAs":["http:\/\/e-ciftlik.com\/haberler"]}]}},"_links":{"self":[{"href":"https:\/\/e-ciftlik.com\/haberler\/wp-json\/wp\/v2\/posts\/6590","targetHints":{"allow":["GET"]}}],"collection":[{"href":"https:\/\/e-ciftlik.com\/haberler\/wp-json\/wp\/v2\/posts"}],"about":[{"href":"https:\/\/e-ciftlik.com\/haberler\/wp-json\/wp\/v2\/types\/post"}],"author":[{"embeddable":true,"href":"https:\/\/e-ciftlik.com\/haberler\/wp-json\/wp\/v2\/users\/1"}],"replies":[{"embeddable":true,"href":"https:\/\/e-ciftlik.com\/haberler\/wp-json\/wp\/v2\/comments?post=6590"}],"version-history":[{"count":0,"href":"https:\/\/e-ciftlik.com\/haberler\/wp-json\/wp\/v2\/posts\/6590\/revisions"}],"wp:featuredmedia":[{"embeddable":true,"href":"https:\/\/e-ciftlik.com\/haberler\/wp-json\/wp\/v2\/media\/6591"}],"wp:attachment":[{"href":"https:\/\/e-ciftlik.com\/haberler\/wp-json\/wp\/v2\/media?parent=6590"}],"wp:term":[{"taxonomy":"category","embeddable":true,"href":"https:\/\/e-ciftlik.com\/haberler\/wp-json\/wp\/v2\/categories?post=6590"},{"taxonomy":"post_tag","embeddable":true,"href":"https:\/\/e-ciftlik.com\/haberler\/wp-json\/wp\/v2\/tags?post=6590"}],"curies":[{"name":"wp","href":"https:\/\/api.w.org\/{rel}","templated":true}]}}