{"id":6625,"date":"2024-06-24T20:43:02","date_gmt":"2024-06-24T20:43:02","guid":{"rendered":"https:\/\/e-ciftlik.com\/haberler\/spor\/arda-guler-ve-montella-arasinda-kriz-iddialari\/"},"modified":"2024-06-24T20:43:02","modified_gmt":"2024-06-24T20:43:02","slug":"arda-guler-ve-montella-arasinda-kriz-iddialari","status":"publish","type":"post","link":"https:\/\/e-ciftlik.com\/haberler\/spor\/arda-guler-ve-montella-arasinda-kriz-iddialari\/","title":{"rendered":"Arda G\u00fcler ve Montella Aras\u0131nda Kriz \u0130ddialar\u0131"},"content":{"rendered":"<p>A Milli Tak\u0131m, \u00c7ekya ma\u00e7\u0131 haz\u0131rl\u0131klar\u0131n\u0131 s\u00fcrd\u00fcr\u00fcrken Arda G\u00fcler&#8217;in durumu g\u00fcndemde. Ge\u00e7ti\u011fimiz G\u00fcrcistan ma\u00e7\u0131nda oyundan \u00e7\u0131kmas\u0131 ele\u015ftirilere neden olmu\u015ftu. Ayr\u0131ca, Portekiz ma\u00e7\u0131nda 11&#8217;de ba\u015flamamas\u0131 tepkilere yol a\u00e7t\u0131 ve Arda G\u00fcler ile Vincenzo Montella aras\u0131nda sorun ya\u015fand\u0131\u011f\u0131 iddialar\u0131 ortaya at\u0131ld\u0131. Gen\u00e7 futbolcu, yapt\u0131\u011f\u0131 sosyal medya payla\u015f\u0131mlar\u0131yla \u0130talyan teknik adama destek verirken, Arda G\u00fcler&#8217;in fiziksel durumu hakk\u0131nda yap\u0131lan &#8216;Yorgun&#8217; a\u00e7\u0131klamas\u0131 tart\u0131\u015fmalar\u0131 alevlendirdi. \u00c7ekya kar\u015f\u0131la\u015fmas\u0131 \u00f6ncesi yap\u0131lan antrenmanda Arda G\u00fcler&#8217;\u0131n s\u0131rt\u0131nda &#8216;Yelek&#8217; olmas\u0131 ise iddialara yeni bir boyut kazand\u0131rd\u0131.<\/p>\n<p>A Milli Tak\u0131m hakk\u0131nda bilgi veren Ciner Medya Spor Yay\u0131nlar\u0131 Koordinat\u00f6r Yard\u0131mc\u0131s\u0131 Ahmet Selim Kul, Arda G\u00fcler hakk\u0131nda son durumu payla\u015ft\u0131. Kul, yapt\u0131\u011f\u0131 a\u00e7\u0131klamada Montella ile Arda G\u00fcler aras\u0131nda herhangi bir sorun olmad\u0131\u011f\u0131n\u0131 vurgulad\u0131.<\/p>\n<p>Kul&#8217;un a\u00e7\u0131klamalar\u0131na g\u00f6re, Arda G\u00fcler&#8217;in durumu krize d\u00f6n\u00fc\u015fm\u00fc\u015f gibi g\u00f6r\u00fcnse de sosyal medyadaki yorumlar durumu de\u011fi\u015ftirmi\u015f durumda. Montella ile Arda aras\u0131nda herhangi bir anla\u015fmazl\u0131k bulunmuyor. G\u00fcrcistan ma\u00e7\u0131nda ya\u015fanan a\u011fr\u0131 nedeniyle Portekiz kar\u015f\u0131la\u015fmas\u0131na 20 dakika forma giymesi planland\u0131. Ancak MR sonu\u00e7lar\u0131 temiz \u00e7\u0131kt\u0131, sadece a\u011fr\u0131lar devam ediyor. Arda&#8217;n\u0131n istikrarl\u0131 forma giyememesi dikkate al\u0131n\u0131yor ve maksimum 30 dakika oynamas\u0131 belirlendi. Arda ile Montella aras\u0131ndaki g\u00f6r\u00fc\u015fmeler a\u00e7\u0131k ve sorun ya\u015fanm\u0131yor. Ancak sosyal medyadaki y\u00f6nlendirici yorumlar durumu farkl\u0131 bir boyuta ta\u015f\u0131d\u0131. Arda, kas\u0131\u011f\u0131ndaki a\u011fr\u0131 devam etmezse \u00c7ekya ma\u00e7\u0131nda forma giyebilecek.<\/p>\n","protected":false},"excerpt":{"rendered":"<p>A Milli Tak\u0131m, \u00c7ekya ma\u00e7\u0131 haz\u0131rl\u0131klar\u0131n\u0131 s\u00fcrd\u00fcr\u00fcrken Arda G\u00fcler&#8217;in durumu g\u00fcndemde. Ge\u00e7ti\u011fimiz G\u00fcrcistan ma\u00e7\u0131nda oyundan&hellip;<\/p>\n","protected":false},"author":1,"featured_media":6626,"comment_status":"open","ping_status":"open","sticky":false,"template":"","format":"standard","meta":{"footnotes":""},"categories":[7],"tags":[],"class_list":["post-6625","post","type-post","status-publish","format-standard","has-post-thumbnail","hentry","category-spor"],"yoast_head":"<!-- This site is optimized with the Yoast SEO Premium plugin v24.3 (Yoast SEO v27.4) - https:\/\/yoast.com\/product\/yoast-seo-premium-wordpress\/ -->\n<title>Arda G\u00fcler ve Montella Aras\u0131nda Kriz \u0130ddialar\u0131 - E-&Ccedil;\u0130FTL\u0130K HABER<\/title>\n<meta name=\"description\" content=\"A Milli Tak\u0131m, \u00c7ekya ma\u00e7\u0131 haz\u0131rl\u0131klar\u0131n\u0131 s\u00fcrd\u00fcr\u00fcrken Arda G\u00fcler&#039;in durumu g\u00fcndemde. Ge\u00e7ti\u011fimiz G\u00fcrcistan ma\u00e7\u0131nda oyundan \u00e7\u0131kmas\u0131 ele\u015ftirilere neden\" \/>\n<meta name=\"robots\" content=\"index, follow, max-snippet:-1, max-image-preview:large, max-video-preview:-1\" \/>\n<link rel=\"canonical\" href=\"https:\/\/e-ciftlik.com\/haberler\/spor\/arda-guler-ve-montella-arasinda-kriz-iddialari\/\" \/>\n<meta property=\"og:locale\" content=\"tr_TR\" \/>\n<meta property=\"og:type\" content=\"article\" \/>\n<meta property=\"og:title\" content=\"Arda G\u00fcler ve Montella Aras\u0131nda Kriz \u0130ddialar\u0131\" \/>\n<meta property=\"og:description\" content=\"A Milli Tak\u0131m, \u00c7ekya ma\u00e7\u0131 haz\u0131rl\u0131klar\u0131n\u0131 s\u00fcrd\u00fcr\u00fcrken Arda G\u00fcler&#039;in durumu g\u00fcndemde. Ge\u00e7ti\u011fimiz G\u00fcrcistan ma\u00e7\u0131nda oyundan \u00e7\u0131kmas\u0131 ele\u015ftirilere neden\" \/>\n<meta property=\"og:url\" content=\"https:\/\/e-ciftlik.com\/haberler\/spor\/arda-guler-ve-montella-arasinda-kriz-iddialari\/\" \/>\n<meta property=\"og:site_name\" content=\"E-&Ccedil;\u0130FTL\u0130K HABER\" \/>\n<meta property=\"article:publisher\" content=\"https:\/\/www.facebook.com\/eciftlikturkiye\" \/>\n<meta property=\"article:published_time\" content=\"2024-06-24T20:43:02+00:00\" \/>\n<meta property=\"og:image\" content=\"https:\/\/e-ciftlik.com\/haberler\/wp-content\/uploads\/2024\/06\/1719261785_1200x628.jpeg\" \/>\n\t<meta property=\"og:image:width\" content=\"1200\" \/>\n\t<meta property=\"og:image:height\" content=\"628\" \/>\n\t<meta property=\"og:image:type\" content=\"image\/jpeg\" \/>\n<meta name=\"author\" content=\"Haber Merkezi\" \/>\n<meta name=\"twitter:card\" content=\"summary_large_image\" \/>\n<meta name=\"twitter:creator\" content=\"@eciftlikresmi\" \/>\n<meta name=\"twitter:site\" content=\"@eciftlikresmi\" \/>\n<meta name=\"twitter:label1\" content=\"Yazan:\" \/>\n\t<meta name=\"twitter:data1\" content=\"Haber Merkezi\" \/>\n\t<meta name=\"twitter:label2\" content=\"Tahmini okuma s\u00fcresi\" \/>\n\t<meta name=\"twitter:data2\" content=\"1 dakika\" \/>\n<script type=\"application\/ld+json\" class=\"yoast-schema-graph\">{\"@context\":\"https:\\\/\\\/schema.org\",\"@graph\":[{\"@type\":\"NewsArticle\",\"@id\":\"https:\\\/\\\/e-ciftlik.com\\\/haberler\\\/spor\\\/arda-guler-ve-montella-arasinda-kriz-iddialari\\\/#article\",\"isPartOf\":{\"@id\":\"https:\\\/\\\/e-ciftlik.com\\\/haberler\\\/spor\\\/arda-guler-ve-montella-arasinda-kriz-iddialari\\\/\"},\"author\":{\"name\":\"Haber Merkezi\",\"@id\":\"http:\\\/\\\/e-ciftlik.com\\\/haberler\\\/#\\\/schema\\\/person\\\/d2f4fee3143d7f72be82cb887d51b00a\"},\"headline\":\"Arda G\u00fcler ve Montella Aras\u0131nda Kriz \u0130ddialar\u0131\",\"datePublished\":\"2024-06-24T20:43:02+00:00\",\"mainEntityOfPage\":{\"@id\":\"https:\\\/\\\/e-ciftlik.com\\\/haberler\\\/spor\\\/arda-guler-ve-montella-arasinda-kriz-iddialari\\\/\"},\"wordCount\":296,\"commentCount\":0,\"publisher\":{\"@id\":\"http:\\\/\\\/e-ciftlik.com\\\/haberler\\\/#organization\"},\"image\":{\"@id\":\"https:\\\/\\\/e-ciftlik.com\\\/haberler\\\/spor\\\/arda-guler-ve-montella-arasinda-kriz-iddialari\\\/#primaryimage\"},\"thumbnailUrl\":\"https:\\\/\\\/e-ciftlik.com\\\/haberler\\\/wp-content\\\/uploads\\\/2024\\\/06\\\/1719261785_1200x628.jpeg\",\"articleSection\":[\"Spor\"],\"inLanguage\":\"tr\",\"potentialAction\":[{\"@type\":\"CommentAction\",\"name\":\"Comment\",\"target\":[\"https:\\\/\\\/e-ciftlik.com\\\/haberler\\\/spor\\\/arda-guler-ve-montella-arasinda-kriz-iddialari\\\/#respond\"]}]},{\"@type\":\"WebPage\",\"@id\":\"https:\\\/\\\/e-ciftlik.com\\\/haberler\\\/spor\\\/arda-guler-ve-montella-arasinda-kriz-iddialari\\\/\",\"url\":\"https:\\\/\\\/e-ciftlik.com\\\/haberler\\\/spor\\\/arda-guler-ve-montella-arasinda-kriz-iddialari\\\/\",\"name\":\"Arda G\u00fcler ve Montella Aras\u0131nda Kriz \u0130ddialar\u0131 - E-&Ccedil;\u0130FTL\u0130K HABER\",\"isPartOf\":{\"@id\":\"http:\\\/\\\/e-ciftlik.com\\\/haberler\\\/#website\"},\"primaryImageOfPage\":{\"@id\":\"https:\\\/\\\/e-ciftlik.com\\\/haberler\\\/spor\\\/arda-guler-ve-montella-arasinda-kriz-iddialari\\\/#primaryimage\"},\"image\":{\"@id\":\"https:\\\/\\\/e-ciftlik.com\\\/haberler\\\/spor\\\/arda-guler-ve-montella-arasinda-kriz-iddialari\\\/#primaryimage\"},\"thumbnailUrl\":\"https:\\\/\\\/e-ciftlik.com\\\/haberler\\\/wp-content\\\/uploads\\\/2024\\\/06\\\/1719261785_1200x628.jpeg\",\"datePublished\":\"2024-06-24T20:43:02+00:00\",\"description\":\"A Milli Tak\u0131m, \u00c7ekya ma\u00e7\u0131 haz\u0131rl\u0131klar\u0131n\u0131 s\u00fcrd\u00fcr\u00fcrken Arda G\u00fcler'in durumu g\u00fcndemde. Ge\u00e7ti\u011fimiz G\u00fcrcistan ma\u00e7\u0131nda oyundan \u00e7\u0131kmas\u0131 ele\u015ftirilere neden\",\"breadcrumb\":{\"@id\":\"https:\\\/\\\/e-ciftlik.com\\\/haberler\\\/spor\\\/arda-guler-ve-montella-arasinda-kriz-iddialari\\\/#breadcrumb\"},\"inLanguage\":\"tr\",\"potentialAction\":[{\"@type\":\"ReadAction\",\"target\":[\"https:\\\/\\\/e-ciftlik.com\\\/haberler\\\/spor\\\/arda-guler-ve-montella-arasinda-kriz-iddialari\\\/\"]}]},{\"@type\":\"ImageObject\",\"inLanguage\":\"tr\",\"@id\":\"https:\\\/\\\/e-ciftlik.com\\\/haberler\\\/spor\\\/arda-guler-ve-montella-arasinda-kriz-iddialari\\\/#primaryimage\",\"url\":\"https:\\\/\\\/e-ciftlik.com\\\/haberler\\\/wp-content\\\/uploads\\\/2024\\\/06\\\/1719261785_1200x628.jpeg\",\"contentUrl\":\"https:\\\/\\\/e-ciftlik.com\\\/haberler\\\/wp-content\\\/uploads\\\/2024\\\/06\\\/1719261785_1200x628.jpeg\",\"width\":1200,\"height\":628},{\"@type\":\"BreadcrumbList\",\"@id\":\"https:\\\/\\\/e-ciftlik.com\\\/haberler\\\/spor\\\/arda-guler-ve-montella-arasinda-kriz-iddialari\\\/#breadcrumb\",\"itemListElement\":[{\"@type\":\"ListItem\",\"position\":1,\"name\":\"Anasayfa\",\"item\":\"http:\\\/\\\/e-ciftlik.com\\\/haberler\\\/\"},{\"@type\":\"ListItem\",\"position\":2,\"name\":\"Arda G\u00fcler ve Montella Aras\u0131nda Kriz \u0130ddialar\u0131\"}]},{\"@type\":\"WebSite\",\"@id\":\"http:\\\/\\\/e-ciftlik.com\\\/haberler\\\/#website\",\"url\":\"http:\\\/\\\/e-ciftlik.com\\\/haberler\\\/\",\"name\":\"E-\u00c7iftlik Haber | G\u00fcncel, Son Dakika Haberler, En Son Haber\",\"description\":\"\",\"publisher\":{\"@id\":\"http:\\\/\\\/e-ciftlik.com\\\/haberler\\\/#organization\"},\"potentialAction\":[{\"@type\":\"SearchAction\",\"target\":{\"@type\":\"EntryPoint\",\"urlTemplate\":\"http:\\\/\\\/e-ciftlik.com\\\/haberler\\\/?s={search_term_string}\"},\"query-input\":{\"@type\":\"PropertyValueSpecification\",\"valueRequired\":true,\"valueName\":\"search_term_string\"}}],\"inLanguage\":\"tr\"},{\"@type\":\"Organization\",\"@id\":\"http:\\\/\\\/e-ciftlik.com\\\/haberler\\\/#organization\",\"name\":\"E-\u00c7\u0130FTL\u0130K HABER\",\"url\":\"http:\\\/\\\/e-ciftlik.com\\\/haberler\\\/\",\"logo\":{\"@type\":\"ImageObject\",\"inLanguage\":\"tr\",\"@id\":\"http:\\\/\\\/e-ciftlik.com\\\/haberler\\\/#\\\/schema\\\/logo\\\/image\\\/\",\"url\":\"https:\\\/\\\/e-ciftlik.com\\\/haberler\\\/wp-content\\\/uploads\\\/2024\\\/06\\\/cropped-cropped-favicon-1-2.png\",\"contentUrl\":\"https:\\\/\\\/e-ciftlik.com\\\/haberler\\\/wp-content\\\/uploads\\\/2024\\\/06\\\/cropped-cropped-favicon-1-2.png\",\"width\":512,\"height\":512,\"caption\":\"E-\u00c7\u0130FTL\u0130K HABER\"},\"image\":{\"@id\":\"http:\\\/\\\/e-ciftlik.com\\\/haberler\\\/#\\\/schema\\\/logo\\\/image\\\/\"},\"sameAs\":[\"https:\\\/\\\/www.facebook.com\\\/eciftlikturkiye\",\"https:\\\/\\\/x.com\\\/eciftlikresmi\",\"https:\\\/\\\/www.instagram.com\\\/eciftlikresmi\\\/\"]},{\"@type\":\"Person\",\"@id\":\"http:\\\/\\\/e-ciftlik.com\\\/haberler\\\/#\\\/schema\\\/person\\\/d2f4fee3143d7f72be82cb887d51b00a\",\"name\":\"Haber Merkezi\",\"image\":{\"@type\":\"ImageObject\",\"inLanguage\":\"tr\",\"@id\":\"https:\\\/\\\/secure.gravatar.com\\\/avatar\\\/6c27d641914e66c1d0452c92716002398782818991d86db1c2cccb531e7c7c82?s=96&d=mm&r=g\",\"url\":\"https:\\\/\\\/secure.gravatar.com\\\/avatar\\\/6c27d641914e66c1d0452c92716002398782818991d86db1c2cccb531e7c7c82?s=96&d=mm&r=g\",\"contentUrl\":\"https:\\\/\\\/secure.gravatar.com\\\/avatar\\\/6c27d641914e66c1d0452c92716002398782818991d86db1c2cccb531e7c7c82?s=96&d=mm&r=g\",\"caption\":\"Haber Merkezi\"},\"sameAs\":[\"http:\\\/\\\/e-ciftlik.com\\\/haberler\"]}]}<\/script>\n<!-- \/ Yoast SEO Premium plugin. -->","yoast_head_json":{"title":"Arda G\u00fcler ve Montella Aras\u0131nda Kriz \u0130ddialar\u0131 - E-&Ccedil;\u0130FTL\u0130K HABER","description":"A Milli Tak\u0131m, \u00c7ekya ma\u00e7\u0131 haz\u0131rl\u0131klar\u0131n\u0131 s\u00fcrd\u00fcr\u00fcrken Arda G\u00fcler'in durumu g\u00fcndemde. Ge\u00e7ti\u011fimiz G\u00fcrcistan ma\u00e7\u0131nda oyundan \u00e7\u0131kmas\u0131 ele\u015ftirilere neden","robots":{"index":"index","follow":"follow","max-snippet":"max-snippet:-1","max-image-preview":"max-image-preview:large","max-video-preview":"max-video-preview:-1"},"canonical":"https:\/\/e-ciftlik.com\/haberler\/spor\/arda-guler-ve-montella-arasinda-kriz-iddialari\/","og_locale":"tr_TR","og_type":"article","og_title":"Arda G\u00fcler ve Montella Aras\u0131nda Kriz \u0130ddialar\u0131","og_description":"A Milli Tak\u0131m, \u00c7ekya ma\u00e7\u0131 haz\u0131rl\u0131klar\u0131n\u0131 s\u00fcrd\u00fcr\u00fcrken Arda G\u00fcler'in durumu g\u00fcndemde. Ge\u00e7ti\u011fimiz G\u00fcrcistan ma\u00e7\u0131nda oyundan \u00e7\u0131kmas\u0131 ele\u015ftirilere neden","og_url":"https:\/\/e-ciftlik.com\/haberler\/spor\/arda-guler-ve-montella-arasinda-kriz-iddialari\/","og_site_name":"E-&Ccedil;\u0130FTL\u0130K HABER","article_publisher":"https:\/\/www.facebook.com\/eciftlikturkiye","article_published_time":"2024-06-24T20:43:02+00:00","og_image":[{"width":1200,"height":628,"url":"https:\/\/e-ciftlik.com\/haberler\/wp-content\/uploads\/2024\/06\/1719261785_1200x628.jpeg","type":"image\/jpeg"}],"author":"Haber Merkezi","twitter_card":"summary_large_image","twitter_creator":"@eciftlikresmi","twitter_site":"@eciftlikresmi","twitter_misc":{"Yazan:":"Haber Merkezi","Tahmini okuma s\u00fcresi":"1 dakika"},"schema":{"@context":"https:\/\/schema.org","@graph":[{"@type":"NewsArticle","@id":"https:\/\/e-ciftlik.com\/haberler\/spor\/arda-guler-ve-montella-arasinda-kriz-iddialari\/#article","isPartOf":{"@id":"https:\/\/e-ciftlik.com\/haberler\/spor\/arda-guler-ve-montella-arasinda-kriz-iddialari\/"},"author":{"name":"Haber Merkezi","@id":"http:\/\/e-ciftlik.com\/haberler\/#\/schema\/person\/d2f4fee3143d7f72be82cb887d51b00a"},"headline":"Arda G\u00fcler ve Montella Aras\u0131nda Kriz \u0130ddialar\u0131","datePublished":"2024-06-24T20:43:02+00:00","mainEntityOfPage":{"@id":"https:\/\/e-ciftlik.com\/haberler\/spor\/arda-guler-ve-montella-arasinda-kriz-iddialari\/"},"wordCount":296,"commentCount":0,"publisher":{"@id":"http:\/\/e-ciftlik.com\/haberler\/#organization"},"image":{"@id":"https:\/\/e-ciftlik.com\/haberler\/spor\/arda-guler-ve-montella-arasinda-kriz-iddialari\/#primaryimage"},"thumbnailUrl":"https:\/\/e-ciftlik.com\/haberler\/wp-content\/uploads\/2024\/06\/1719261785_1200x628.jpeg","articleSection":["Spor"],"inLanguage":"tr","potentialAction":[{"@type":"CommentAction","name":"Comment","target":["https:\/\/e-ciftlik.com\/haberler\/spor\/arda-guler-ve-montella-arasinda-kriz-iddialari\/#respond"]}]},{"@type":"WebPage","@id":"https:\/\/e-ciftlik.com\/haberler\/spor\/arda-guler-ve-montella-arasinda-kriz-iddialari\/","url":"https:\/\/e-ciftlik.com\/haberler\/spor\/arda-guler-ve-montella-arasinda-kriz-iddialari\/","name":"Arda G\u00fcler ve Montella Aras\u0131nda Kriz \u0130ddialar\u0131 - E-&Ccedil;\u0130FTL\u0130K HABER","isPartOf":{"@id":"http:\/\/e-ciftlik.com\/haberler\/#website"},"primaryImageOfPage":{"@id":"https:\/\/e-ciftlik.com\/haberler\/spor\/arda-guler-ve-montella-arasinda-kriz-iddialari\/#primaryimage"},"image":{"@id":"https:\/\/e-ciftlik.com\/haberler\/spor\/arda-guler-ve-montella-arasinda-kriz-iddialari\/#primaryimage"},"thumbnailUrl":"https:\/\/e-ciftlik.com\/haberler\/wp-content\/uploads\/2024\/06\/1719261785_1200x628.jpeg","datePublished":"2024-06-24T20:43:02+00:00","description":"A Milli Tak\u0131m, \u00c7ekya ma\u00e7\u0131 haz\u0131rl\u0131klar\u0131n\u0131 s\u00fcrd\u00fcr\u00fcrken Arda G\u00fcler'in durumu g\u00fcndemde. Ge\u00e7ti\u011fimiz G\u00fcrcistan ma\u00e7\u0131nda oyundan \u00e7\u0131kmas\u0131 ele\u015ftirilere neden","breadcrumb":{"@id":"https:\/\/e-ciftlik.com\/haberler\/spor\/arda-guler-ve-montella-arasinda-kriz-iddialari\/#breadcrumb"},"inLanguage":"tr","potentialAction":[{"@type":"ReadAction","target":["https:\/\/e-ciftlik.com\/haberler\/spor\/arda-guler-ve-montella-arasinda-kriz-iddialari\/"]}]},{"@type":"ImageObject","inLanguage":"tr","@id":"https:\/\/e-ciftlik.com\/haberler\/spor\/arda-guler-ve-montella-arasinda-kriz-iddialari\/#primaryimage","url":"https:\/\/e-ciftlik.com\/haberler\/wp-content\/uploads\/2024\/06\/1719261785_1200x628.jpeg","contentUrl":"https:\/\/e-ciftlik.com\/haberler\/wp-content\/uploads\/2024\/06\/1719261785_1200x628.jpeg","width":1200,"height":628},{"@type":"BreadcrumbList","@id":"https:\/\/e-ciftlik.com\/haberler\/spor\/arda-guler-ve-montella-arasinda-kriz-iddialari\/#breadcrumb","itemListElement":[{"@type":"ListItem","position":1,"name":"Anasayfa","item":"http:\/\/e-ciftlik.com\/haberler\/"},{"@type":"ListItem","position":2,"name":"Arda G\u00fcler ve Montella Aras\u0131nda Kriz \u0130ddialar\u0131"}]},{"@type":"WebSite","@id":"http:\/\/e-ciftlik.com\/haberler\/#website","url":"http:\/\/e-ciftlik.com\/haberler\/","name":"E-\u00c7iftlik Haber | G\u00fcncel, Son Dakika Haberler, En Son Haber","description":"","publisher":{"@id":"http:\/\/e-ciftlik.com\/haberler\/#organization"},"potentialAction":[{"@type":"SearchAction","target":{"@type":"EntryPoint","urlTemplate":"http:\/\/e-ciftlik.com\/haberler\/?s={search_term_string}"},"query-input":{"@type":"PropertyValueSpecification","valueRequired":true,"valueName":"search_term_string"}}],"inLanguage":"tr"},{"@type":"Organization","@id":"http:\/\/e-ciftlik.com\/haberler\/#organization","name":"E-\u00c7\u0130FTL\u0130K HABER","url":"http:\/\/e-ciftlik.com\/haberler\/","logo":{"@type":"ImageObject","inLanguage":"tr","@id":"http:\/\/e-ciftlik.com\/haberler\/#\/schema\/logo\/image\/","url":"https:\/\/e-ciftlik.com\/haberler\/wp-content\/uploads\/2024\/06\/cropped-cropped-favicon-1-2.png","contentUrl":"https:\/\/e-ciftlik.com\/haberler\/wp-content\/uploads\/2024\/06\/cropped-cropped-favicon-1-2.png","width":512,"height":512,"caption":"E-\u00c7\u0130FTL\u0130K HABER"},"image":{"@id":"http:\/\/e-ciftlik.com\/haberler\/#\/schema\/logo\/image\/"},"sameAs":["https:\/\/www.facebook.com\/eciftlikturkiye","https:\/\/x.com\/eciftlikresmi","https:\/\/www.instagram.com\/eciftlikresmi\/"]},{"@type":"Person","@id":"http:\/\/e-ciftlik.com\/haberler\/#\/schema\/person\/d2f4fee3143d7f72be82cb887d51b00a","name":"Haber Merkezi","image":{"@type":"ImageObject","inLanguage":"tr","@id":"https:\/\/secure.gravatar.com\/avatar\/6c27d641914e66c1d0452c92716002398782818991d86db1c2cccb531e7c7c82?s=96&d=mm&r=g","url":"https:\/\/secure.gravatar.com\/avatar\/6c27d641914e66c1d0452c92716002398782818991d86db1c2cccb531e7c7c82?s=96&d=mm&r=g","contentUrl":"https:\/\/secure.gravatar.com\/avatar\/6c27d641914e66c1d0452c92716002398782818991d86db1c2cccb531e7c7c82?s=96&d=mm&r=g","caption":"Haber Merkezi"},"sameAs":["http:\/\/e-ciftlik.com\/haberler"]}]}},"_links":{"self":[{"href":"https:\/\/e-ciftlik.com\/haberler\/wp-json\/wp\/v2\/posts\/6625","targetHints":{"allow":["GET"]}}],"collection":[{"href":"https:\/\/e-ciftlik.com\/haberler\/wp-json\/wp\/v2\/posts"}],"about":[{"href":"https:\/\/e-ciftlik.com\/haberler\/wp-json\/wp\/v2\/types\/post"}],"author":[{"embeddable":true,"href":"https:\/\/e-ciftlik.com\/haberler\/wp-json\/wp\/v2\/users\/1"}],"replies":[{"embeddable":true,"href":"https:\/\/e-ciftlik.com\/haberler\/wp-json\/wp\/v2\/comments?post=6625"}],"version-history":[{"count":0,"href":"https:\/\/e-ciftlik.com\/haberler\/wp-json\/wp\/v2\/posts\/6625\/revisions"}],"wp:featuredmedia":[{"embeddable":true,"href":"https:\/\/e-ciftlik.com\/haberler\/wp-json\/wp\/v2\/media\/6626"}],"wp:attachment":[{"href":"https:\/\/e-ciftlik.com\/haberler\/wp-json\/wp\/v2\/media?parent=6625"}],"wp:term":[{"taxonomy":"category","embeddable":true,"href":"https:\/\/e-ciftlik.com\/haberler\/wp-json\/wp\/v2\/categories?post=6625"},{"taxonomy":"post_tag","embeddable":true,"href":"https:\/\/e-ciftlik.com\/haberler\/wp-json\/wp\/v2\/tags?post=6625"}],"curies":[{"name":"wp","href":"https:\/\/api.w.org\/{rel}","templated":true}]}}