{"id":6641,"date":"2024-06-24T22:48:19","date_gmt":"2024-06-24T22:48:19","guid":{"rendered":"https:\/\/e-ciftlik.com\/haberler\/spor\/besiktasin-kapasite-artisi-icin-bakanliktan-beklenti\/"},"modified":"2024-06-24T22:48:19","modified_gmt":"2024-06-24T22:48:19","slug":"besiktasin-kapasite-artisi-icin-bakanliktan-beklenti","status":"publish","type":"post","link":"https:\/\/e-ciftlik.com\/haberler\/spor\/besiktasin-kapasite-artisi-icin-bakanliktan-beklenti\/","title":{"rendered":"Be\u015fikta\u015f&#8217;\u0131n Kapasite Art\u0131\u015f\u0131 \u0130\u00e7in Bakanl\u0131ktan Beklenti!"},"content":{"rendered":"<p>Be\u015fikta\u015f Y\u00f6netimi, Kale Arkas\u0131 Trib\u00fcnlerinde Kapasite Art\u0131r\u0131m\u0131 \u0130\u00e7in Bakanl\u0131ktan Onay Bekliyor<\/p>\n<p>Be\u015fikta\u015f Y\u00f6netimi, Kale Arkas\u0131 Trib\u00fcnlerinde kapasite art\u0131r\u0131m\u0131 i\u00e7in Spor Bakanl\u0131\u011f\u0131&#8217;na yapt\u0131\u011f\u0131 ba\u015fvurunun sonucunu heyecanla bekliyor. Kul\u00fcp, bu ba\u015fvuru sonucunda Kale Arkas\u0131 Trib\u00fcn\u00fc i\u00e7in \u00f6zel koltuklar olu\u015fturmay\u0131 planl\u0131yor. B\u00f6ylece, stadyumdaki kapasiteyi en az 7 bin ki\u015fi art\u0131rarak mevcut 42 bin 590 olan kapasiteyi 50 bine \u00e7\u0131karmay\u0131 hedefliyor. Be\u015fikta\u015f y\u00f6netimi, bu ad\u0131m\u0131n trib\u00fcnlerdeki konforu art\u0131rarak taraftar deneyimini geli\u015ftirmeyi ama\u00e7lad\u0131\u011f\u0131n\u0131 belirtti. Herkes, bu geli\u015fmelerin heyecanla beklenildi\u011fini ifade etti.<\/p>\n","protected":false},"excerpt":{"rendered":"<p>Be\u015fikta\u015f Y\u00f6netimi, Kale Arkas\u0131 Trib\u00fcnlerinde Kapasite Art\u0131r\u0131m\u0131 \u0130\u00e7in Bakanl\u0131ktan Onay Bekliyor Be\u015fikta\u015f Y\u00f6netimi, Kale Arkas\u0131&hellip;<\/p>\n","protected":false},"author":1,"featured_media":6642,"comment_status":"open","ping_status":"open","sticky":false,"template":"","format":"standard","meta":{"footnotes":""},"categories":[7],"tags":[],"class_list":["post-6641","post","type-post","status-publish","format-standard","has-post-thumbnail","hentry","category-spor"],"yoast_head":"<!-- This site is optimized with the Yoast SEO Premium plugin v24.3 (Yoast SEO v27.4) - https:\/\/yoast.com\/product\/yoast-seo-premium-wordpress\/ -->\n<title>Be\u015fikta\u015f&#039;\u0131n Kapasite Art\u0131\u015f\u0131 \u0130\u00e7in Bakanl\u0131ktan Beklenti! - E-&Ccedil;\u0130FTL\u0130K HABER<\/title>\n<meta name=\"description\" content=\"Be\u015fikta\u015f Y\u00f6netimi, Kale Arkas\u0131 Trib\u00fcnlerinde Kapasite Art\u0131r\u0131m\u0131 \u0130\u00e7in Bakanl\u0131ktan Onay Bekliyor Be\u015fikta\u015f Y\u00f6netimi, Kale Arkas\u0131 Trib\u00fcnlerinde kapasite\" \/>\n<meta name=\"robots\" content=\"index, follow, max-snippet:-1, max-image-preview:large, max-video-preview:-1\" \/>\n<link rel=\"canonical\" href=\"https:\/\/e-ciftlik.com\/haberler\/spor\/besiktasin-kapasite-artisi-icin-bakanliktan-beklenti\/\" \/>\n<meta property=\"og:locale\" content=\"tr_TR\" \/>\n<meta property=\"og:type\" content=\"article\" \/>\n<meta property=\"og:title\" content=\"Be\u015fikta\u015f&#039;\u0131n Kapasite Art\u0131\u015f\u0131 \u0130\u00e7in Bakanl\u0131ktan Beklenti!\" \/>\n<meta property=\"og:description\" content=\"Be\u015fikta\u015f Y\u00f6netimi, Kale Arkas\u0131 Trib\u00fcnlerinde Kapasite Art\u0131r\u0131m\u0131 \u0130\u00e7in Bakanl\u0131ktan Onay Bekliyor Be\u015fikta\u015f Y\u00f6netimi, Kale Arkas\u0131 Trib\u00fcnlerinde kapasite\" \/>\n<meta property=\"og:url\" content=\"https:\/\/e-ciftlik.com\/haberler\/spor\/besiktasin-kapasite-artisi-icin-bakanliktan-beklenti\/\" \/>\n<meta property=\"og:site_name\" content=\"E-&Ccedil;\u0130FTL\u0130K HABER\" \/>\n<meta property=\"article:publisher\" content=\"https:\/\/www.facebook.com\/eciftlikturkiye\" \/>\n<meta property=\"article:published_time\" content=\"2024-06-24T22:48:19+00:00\" \/>\n<meta property=\"og:image\" content=\"https:\/\/e-ciftlik.com\/haberler\/wp-content\/uploads\/2024\/06\/1719269302_1200x628.jpeg\" \/>\n\t<meta property=\"og:image:width\" content=\"1200\" \/>\n\t<meta property=\"og:image:height\" content=\"628\" \/>\n\t<meta property=\"og:image:type\" content=\"image\/jpeg\" \/>\n<meta name=\"author\" content=\"Haber Merkezi\" \/>\n<meta name=\"twitter:card\" content=\"summary_large_image\" \/>\n<meta name=\"twitter:creator\" content=\"@eciftlikresmi\" \/>\n<meta name=\"twitter:site\" content=\"@eciftlikresmi\" \/>\n<meta name=\"twitter:label1\" content=\"Yazan:\" \/>\n\t<meta name=\"twitter:data1\" content=\"Haber Merkezi\" \/>\n\t<meta name=\"twitter:label2\" content=\"Tahmini okuma s\u00fcresi\" \/>\n\t<meta name=\"twitter:data2\" content=\"1 dakika\" \/>\n<script type=\"application\/ld+json\" class=\"yoast-schema-graph\">{\"@context\":\"https:\\\/\\\/schema.org\",\"@graph\":[{\"@type\":\"NewsArticle\",\"@id\":\"https:\\\/\\\/e-ciftlik.com\\\/haberler\\\/spor\\\/besiktasin-kapasite-artisi-icin-bakanliktan-beklenti\\\/#article\",\"isPartOf\":{\"@id\":\"https:\\\/\\\/e-ciftlik.com\\\/haberler\\\/spor\\\/besiktasin-kapasite-artisi-icin-bakanliktan-beklenti\\\/\"},\"author\":{\"name\":\"Haber Merkezi\",\"@id\":\"http:\\\/\\\/e-ciftlik.com\\\/haberler\\\/#\\\/schema\\\/person\\\/d2f4fee3143d7f72be82cb887d51b00a\"},\"headline\":\"Be\u015fikta\u015f&#8217;\u0131n Kapasite Art\u0131\u015f\u0131 \u0130\u00e7in Bakanl\u0131ktan Beklenti!\",\"datePublished\":\"2024-06-24T22:48:19+00:00\",\"mainEntityOfPage\":{\"@id\":\"https:\\\/\\\/e-ciftlik.com\\\/haberler\\\/spor\\\/besiktasin-kapasite-artisi-icin-bakanliktan-beklenti\\\/\"},\"wordCount\":115,\"commentCount\":0,\"publisher\":{\"@id\":\"http:\\\/\\\/e-ciftlik.com\\\/haberler\\\/#organization\"},\"image\":{\"@id\":\"https:\\\/\\\/e-ciftlik.com\\\/haberler\\\/spor\\\/besiktasin-kapasite-artisi-icin-bakanliktan-beklenti\\\/#primaryimage\"},\"thumbnailUrl\":\"https:\\\/\\\/e-ciftlik.com\\\/haberler\\\/wp-content\\\/uploads\\\/2024\\\/06\\\/1719269302_1200x628.jpeg\",\"articleSection\":[\"Spor\"],\"inLanguage\":\"tr\",\"potentialAction\":[{\"@type\":\"CommentAction\",\"name\":\"Comment\",\"target\":[\"https:\\\/\\\/e-ciftlik.com\\\/haberler\\\/spor\\\/besiktasin-kapasite-artisi-icin-bakanliktan-beklenti\\\/#respond\"]}]},{\"@type\":\"WebPage\",\"@id\":\"https:\\\/\\\/e-ciftlik.com\\\/haberler\\\/spor\\\/besiktasin-kapasite-artisi-icin-bakanliktan-beklenti\\\/\",\"url\":\"https:\\\/\\\/e-ciftlik.com\\\/haberler\\\/spor\\\/besiktasin-kapasite-artisi-icin-bakanliktan-beklenti\\\/\",\"name\":\"Be\u015fikta\u015f'\u0131n Kapasite Art\u0131\u015f\u0131 \u0130\u00e7in Bakanl\u0131ktan Beklenti! - E-&Ccedil;\u0130FTL\u0130K HABER\",\"isPartOf\":{\"@id\":\"http:\\\/\\\/e-ciftlik.com\\\/haberler\\\/#website\"},\"primaryImageOfPage\":{\"@id\":\"https:\\\/\\\/e-ciftlik.com\\\/haberler\\\/spor\\\/besiktasin-kapasite-artisi-icin-bakanliktan-beklenti\\\/#primaryimage\"},\"image\":{\"@id\":\"https:\\\/\\\/e-ciftlik.com\\\/haberler\\\/spor\\\/besiktasin-kapasite-artisi-icin-bakanliktan-beklenti\\\/#primaryimage\"},\"thumbnailUrl\":\"https:\\\/\\\/e-ciftlik.com\\\/haberler\\\/wp-content\\\/uploads\\\/2024\\\/06\\\/1719269302_1200x628.jpeg\",\"datePublished\":\"2024-06-24T22:48:19+00:00\",\"description\":\"Be\u015fikta\u015f Y\u00f6netimi, Kale Arkas\u0131 Trib\u00fcnlerinde Kapasite Art\u0131r\u0131m\u0131 \u0130\u00e7in Bakanl\u0131ktan Onay Bekliyor Be\u015fikta\u015f Y\u00f6netimi, Kale Arkas\u0131 Trib\u00fcnlerinde kapasite\",\"breadcrumb\":{\"@id\":\"https:\\\/\\\/e-ciftlik.com\\\/haberler\\\/spor\\\/besiktasin-kapasite-artisi-icin-bakanliktan-beklenti\\\/#breadcrumb\"},\"inLanguage\":\"tr\",\"potentialAction\":[{\"@type\":\"ReadAction\",\"target\":[\"https:\\\/\\\/e-ciftlik.com\\\/haberler\\\/spor\\\/besiktasin-kapasite-artisi-icin-bakanliktan-beklenti\\\/\"]}]},{\"@type\":\"ImageObject\",\"inLanguage\":\"tr\",\"@id\":\"https:\\\/\\\/e-ciftlik.com\\\/haberler\\\/spor\\\/besiktasin-kapasite-artisi-icin-bakanliktan-beklenti\\\/#primaryimage\",\"url\":\"https:\\\/\\\/e-ciftlik.com\\\/haberler\\\/wp-content\\\/uploads\\\/2024\\\/06\\\/1719269302_1200x628.jpeg\",\"contentUrl\":\"https:\\\/\\\/e-ciftlik.com\\\/haberler\\\/wp-content\\\/uploads\\\/2024\\\/06\\\/1719269302_1200x628.jpeg\",\"width\":1200,\"height\":628},{\"@type\":\"BreadcrumbList\",\"@id\":\"https:\\\/\\\/e-ciftlik.com\\\/haberler\\\/spor\\\/besiktasin-kapasite-artisi-icin-bakanliktan-beklenti\\\/#breadcrumb\",\"itemListElement\":[{\"@type\":\"ListItem\",\"position\":1,\"name\":\"Anasayfa\",\"item\":\"http:\\\/\\\/e-ciftlik.com\\\/haberler\\\/\"},{\"@type\":\"ListItem\",\"position\":2,\"name\":\"Be\u015fikta\u015f&#8217;\u0131n Kapasite Art\u0131\u015f\u0131 \u0130\u00e7in Bakanl\u0131ktan Beklenti!\"}]},{\"@type\":\"WebSite\",\"@id\":\"http:\\\/\\\/e-ciftlik.com\\\/haberler\\\/#website\",\"url\":\"http:\\\/\\\/e-ciftlik.com\\\/haberler\\\/\",\"name\":\"E-\u00c7iftlik Haber | G\u00fcncel, Son Dakika Haberler, En Son Haber\",\"description\":\"\",\"publisher\":{\"@id\":\"http:\\\/\\\/e-ciftlik.com\\\/haberler\\\/#organization\"},\"potentialAction\":[{\"@type\":\"SearchAction\",\"target\":{\"@type\":\"EntryPoint\",\"urlTemplate\":\"http:\\\/\\\/e-ciftlik.com\\\/haberler\\\/?s={search_term_string}\"},\"query-input\":{\"@type\":\"PropertyValueSpecification\",\"valueRequired\":true,\"valueName\":\"search_term_string\"}}],\"inLanguage\":\"tr\"},{\"@type\":\"Organization\",\"@id\":\"http:\\\/\\\/e-ciftlik.com\\\/haberler\\\/#organization\",\"name\":\"E-\u00c7\u0130FTL\u0130K HABER\",\"url\":\"http:\\\/\\\/e-ciftlik.com\\\/haberler\\\/\",\"logo\":{\"@type\":\"ImageObject\",\"inLanguage\":\"tr\",\"@id\":\"http:\\\/\\\/e-ciftlik.com\\\/haberler\\\/#\\\/schema\\\/logo\\\/image\\\/\",\"url\":\"https:\\\/\\\/e-ciftlik.com\\\/haberler\\\/wp-content\\\/uploads\\\/2024\\\/06\\\/cropped-cropped-favicon-1-2.png\",\"contentUrl\":\"https:\\\/\\\/e-ciftlik.com\\\/haberler\\\/wp-content\\\/uploads\\\/2024\\\/06\\\/cropped-cropped-favicon-1-2.png\",\"width\":512,\"height\":512,\"caption\":\"E-\u00c7\u0130FTL\u0130K HABER\"},\"image\":{\"@id\":\"http:\\\/\\\/e-ciftlik.com\\\/haberler\\\/#\\\/schema\\\/logo\\\/image\\\/\"},\"sameAs\":[\"https:\\\/\\\/www.facebook.com\\\/eciftlikturkiye\",\"https:\\\/\\\/x.com\\\/eciftlikresmi\",\"https:\\\/\\\/www.instagram.com\\\/eciftlikresmi\\\/\"]},{\"@type\":\"Person\",\"@id\":\"http:\\\/\\\/e-ciftlik.com\\\/haberler\\\/#\\\/schema\\\/person\\\/d2f4fee3143d7f72be82cb887d51b00a\",\"name\":\"Haber Merkezi\",\"image\":{\"@type\":\"ImageObject\",\"inLanguage\":\"tr\",\"@id\":\"https:\\\/\\\/secure.gravatar.com\\\/avatar\\\/6c27d641914e66c1d0452c92716002398782818991d86db1c2cccb531e7c7c82?s=96&d=mm&r=g\",\"url\":\"https:\\\/\\\/secure.gravatar.com\\\/avatar\\\/6c27d641914e66c1d0452c92716002398782818991d86db1c2cccb531e7c7c82?s=96&d=mm&r=g\",\"contentUrl\":\"https:\\\/\\\/secure.gravatar.com\\\/avatar\\\/6c27d641914e66c1d0452c92716002398782818991d86db1c2cccb531e7c7c82?s=96&d=mm&r=g\",\"caption\":\"Haber Merkezi\"},\"sameAs\":[\"http:\\\/\\\/e-ciftlik.com\\\/haberler\"]}]}<\/script>\n<!-- \/ Yoast SEO Premium plugin. -->","yoast_head_json":{"title":"Be\u015fikta\u015f'\u0131n Kapasite Art\u0131\u015f\u0131 \u0130\u00e7in Bakanl\u0131ktan Beklenti! - E-&Ccedil;\u0130FTL\u0130K HABER","description":"Be\u015fikta\u015f Y\u00f6netimi, Kale Arkas\u0131 Trib\u00fcnlerinde Kapasite Art\u0131r\u0131m\u0131 \u0130\u00e7in Bakanl\u0131ktan Onay Bekliyor Be\u015fikta\u015f Y\u00f6netimi, Kale Arkas\u0131 Trib\u00fcnlerinde kapasite","robots":{"index":"index","follow":"follow","max-snippet":"max-snippet:-1","max-image-preview":"max-image-preview:large","max-video-preview":"max-video-preview:-1"},"canonical":"https:\/\/e-ciftlik.com\/haberler\/spor\/besiktasin-kapasite-artisi-icin-bakanliktan-beklenti\/","og_locale":"tr_TR","og_type":"article","og_title":"Be\u015fikta\u015f'\u0131n Kapasite Art\u0131\u015f\u0131 \u0130\u00e7in Bakanl\u0131ktan Beklenti!","og_description":"Be\u015fikta\u015f Y\u00f6netimi, Kale Arkas\u0131 Trib\u00fcnlerinde Kapasite Art\u0131r\u0131m\u0131 \u0130\u00e7in Bakanl\u0131ktan Onay Bekliyor Be\u015fikta\u015f Y\u00f6netimi, Kale Arkas\u0131 Trib\u00fcnlerinde kapasite","og_url":"https:\/\/e-ciftlik.com\/haberler\/spor\/besiktasin-kapasite-artisi-icin-bakanliktan-beklenti\/","og_site_name":"E-&Ccedil;\u0130FTL\u0130K HABER","article_publisher":"https:\/\/www.facebook.com\/eciftlikturkiye","article_published_time":"2024-06-24T22:48:19+00:00","og_image":[{"width":1200,"height":628,"url":"https:\/\/e-ciftlik.com\/haberler\/wp-content\/uploads\/2024\/06\/1719269302_1200x628.jpeg","type":"image\/jpeg"}],"author":"Haber Merkezi","twitter_card":"summary_large_image","twitter_creator":"@eciftlikresmi","twitter_site":"@eciftlikresmi","twitter_misc":{"Yazan:":"Haber Merkezi","Tahmini okuma s\u00fcresi":"1 dakika"},"schema":{"@context":"https:\/\/schema.org","@graph":[{"@type":"NewsArticle","@id":"https:\/\/e-ciftlik.com\/haberler\/spor\/besiktasin-kapasite-artisi-icin-bakanliktan-beklenti\/#article","isPartOf":{"@id":"https:\/\/e-ciftlik.com\/haberler\/spor\/besiktasin-kapasite-artisi-icin-bakanliktan-beklenti\/"},"author":{"name":"Haber Merkezi","@id":"http:\/\/e-ciftlik.com\/haberler\/#\/schema\/person\/d2f4fee3143d7f72be82cb887d51b00a"},"headline":"Be\u015fikta\u015f&#8217;\u0131n Kapasite Art\u0131\u015f\u0131 \u0130\u00e7in Bakanl\u0131ktan Beklenti!","datePublished":"2024-06-24T22:48:19+00:00","mainEntityOfPage":{"@id":"https:\/\/e-ciftlik.com\/haberler\/spor\/besiktasin-kapasite-artisi-icin-bakanliktan-beklenti\/"},"wordCount":115,"commentCount":0,"publisher":{"@id":"http:\/\/e-ciftlik.com\/haberler\/#organization"},"image":{"@id":"https:\/\/e-ciftlik.com\/haberler\/spor\/besiktasin-kapasite-artisi-icin-bakanliktan-beklenti\/#primaryimage"},"thumbnailUrl":"https:\/\/e-ciftlik.com\/haberler\/wp-content\/uploads\/2024\/06\/1719269302_1200x628.jpeg","articleSection":["Spor"],"inLanguage":"tr","potentialAction":[{"@type":"CommentAction","name":"Comment","target":["https:\/\/e-ciftlik.com\/haberler\/spor\/besiktasin-kapasite-artisi-icin-bakanliktan-beklenti\/#respond"]}]},{"@type":"WebPage","@id":"https:\/\/e-ciftlik.com\/haberler\/spor\/besiktasin-kapasite-artisi-icin-bakanliktan-beklenti\/","url":"https:\/\/e-ciftlik.com\/haberler\/spor\/besiktasin-kapasite-artisi-icin-bakanliktan-beklenti\/","name":"Be\u015fikta\u015f'\u0131n Kapasite Art\u0131\u015f\u0131 \u0130\u00e7in Bakanl\u0131ktan Beklenti! - E-&Ccedil;\u0130FTL\u0130K HABER","isPartOf":{"@id":"http:\/\/e-ciftlik.com\/haberler\/#website"},"primaryImageOfPage":{"@id":"https:\/\/e-ciftlik.com\/haberler\/spor\/besiktasin-kapasite-artisi-icin-bakanliktan-beklenti\/#primaryimage"},"image":{"@id":"https:\/\/e-ciftlik.com\/haberler\/spor\/besiktasin-kapasite-artisi-icin-bakanliktan-beklenti\/#primaryimage"},"thumbnailUrl":"https:\/\/e-ciftlik.com\/haberler\/wp-content\/uploads\/2024\/06\/1719269302_1200x628.jpeg","datePublished":"2024-06-24T22:48:19+00:00","description":"Be\u015fikta\u015f Y\u00f6netimi, Kale Arkas\u0131 Trib\u00fcnlerinde Kapasite Art\u0131r\u0131m\u0131 \u0130\u00e7in Bakanl\u0131ktan Onay Bekliyor Be\u015fikta\u015f Y\u00f6netimi, Kale Arkas\u0131 Trib\u00fcnlerinde kapasite","breadcrumb":{"@id":"https:\/\/e-ciftlik.com\/haberler\/spor\/besiktasin-kapasite-artisi-icin-bakanliktan-beklenti\/#breadcrumb"},"inLanguage":"tr","potentialAction":[{"@type":"ReadAction","target":["https:\/\/e-ciftlik.com\/haberler\/spor\/besiktasin-kapasite-artisi-icin-bakanliktan-beklenti\/"]}]},{"@type":"ImageObject","inLanguage":"tr","@id":"https:\/\/e-ciftlik.com\/haberler\/spor\/besiktasin-kapasite-artisi-icin-bakanliktan-beklenti\/#primaryimage","url":"https:\/\/e-ciftlik.com\/haberler\/wp-content\/uploads\/2024\/06\/1719269302_1200x628.jpeg","contentUrl":"https:\/\/e-ciftlik.com\/haberler\/wp-content\/uploads\/2024\/06\/1719269302_1200x628.jpeg","width":1200,"height":628},{"@type":"BreadcrumbList","@id":"https:\/\/e-ciftlik.com\/haberler\/spor\/besiktasin-kapasite-artisi-icin-bakanliktan-beklenti\/#breadcrumb","itemListElement":[{"@type":"ListItem","position":1,"name":"Anasayfa","item":"http:\/\/e-ciftlik.com\/haberler\/"},{"@type":"ListItem","position":2,"name":"Be\u015fikta\u015f&#8217;\u0131n Kapasite Art\u0131\u015f\u0131 \u0130\u00e7in Bakanl\u0131ktan Beklenti!"}]},{"@type":"WebSite","@id":"http:\/\/e-ciftlik.com\/haberler\/#website","url":"http:\/\/e-ciftlik.com\/haberler\/","name":"E-\u00c7iftlik Haber | G\u00fcncel, Son Dakika Haberler, En Son Haber","description":"","publisher":{"@id":"http:\/\/e-ciftlik.com\/haberler\/#organization"},"potentialAction":[{"@type":"SearchAction","target":{"@type":"EntryPoint","urlTemplate":"http:\/\/e-ciftlik.com\/haberler\/?s={search_term_string}"},"query-input":{"@type":"PropertyValueSpecification","valueRequired":true,"valueName":"search_term_string"}}],"inLanguage":"tr"},{"@type":"Organization","@id":"http:\/\/e-ciftlik.com\/haberler\/#organization","name":"E-\u00c7\u0130FTL\u0130K HABER","url":"http:\/\/e-ciftlik.com\/haberler\/","logo":{"@type":"ImageObject","inLanguage":"tr","@id":"http:\/\/e-ciftlik.com\/haberler\/#\/schema\/logo\/image\/","url":"https:\/\/e-ciftlik.com\/haberler\/wp-content\/uploads\/2024\/06\/cropped-cropped-favicon-1-2.png","contentUrl":"https:\/\/e-ciftlik.com\/haberler\/wp-content\/uploads\/2024\/06\/cropped-cropped-favicon-1-2.png","width":512,"height":512,"caption":"E-\u00c7\u0130FTL\u0130K HABER"},"image":{"@id":"http:\/\/e-ciftlik.com\/haberler\/#\/schema\/logo\/image\/"},"sameAs":["https:\/\/www.facebook.com\/eciftlikturkiye","https:\/\/x.com\/eciftlikresmi","https:\/\/www.instagram.com\/eciftlikresmi\/"]},{"@type":"Person","@id":"http:\/\/e-ciftlik.com\/haberler\/#\/schema\/person\/d2f4fee3143d7f72be82cb887d51b00a","name":"Haber Merkezi","image":{"@type":"ImageObject","inLanguage":"tr","@id":"https:\/\/secure.gravatar.com\/avatar\/6c27d641914e66c1d0452c92716002398782818991d86db1c2cccb531e7c7c82?s=96&d=mm&r=g","url":"https:\/\/secure.gravatar.com\/avatar\/6c27d641914e66c1d0452c92716002398782818991d86db1c2cccb531e7c7c82?s=96&d=mm&r=g","contentUrl":"https:\/\/secure.gravatar.com\/avatar\/6c27d641914e66c1d0452c92716002398782818991d86db1c2cccb531e7c7c82?s=96&d=mm&r=g","caption":"Haber Merkezi"},"sameAs":["http:\/\/e-ciftlik.com\/haberler"]}]}},"_links":{"self":[{"href":"https:\/\/e-ciftlik.com\/haberler\/wp-json\/wp\/v2\/posts\/6641","targetHints":{"allow":["GET"]}}],"collection":[{"href":"https:\/\/e-ciftlik.com\/haberler\/wp-json\/wp\/v2\/posts"}],"about":[{"href":"https:\/\/e-ciftlik.com\/haberler\/wp-json\/wp\/v2\/types\/post"}],"author":[{"embeddable":true,"href":"https:\/\/e-ciftlik.com\/haberler\/wp-json\/wp\/v2\/users\/1"}],"replies":[{"embeddable":true,"href":"https:\/\/e-ciftlik.com\/haberler\/wp-json\/wp\/v2\/comments?post=6641"}],"version-history":[{"count":0,"href":"https:\/\/e-ciftlik.com\/haberler\/wp-json\/wp\/v2\/posts\/6641\/revisions"}],"wp:featuredmedia":[{"embeddable":true,"href":"https:\/\/e-ciftlik.com\/haberler\/wp-json\/wp\/v2\/media\/6642"}],"wp:attachment":[{"href":"https:\/\/e-ciftlik.com\/haberler\/wp-json\/wp\/v2\/media?parent=6641"}],"wp:term":[{"taxonomy":"category","embeddable":true,"href":"https:\/\/e-ciftlik.com\/haberler\/wp-json\/wp\/v2\/categories?post=6641"},{"taxonomy":"post_tag","embeddable":true,"href":"https:\/\/e-ciftlik.com\/haberler\/wp-json\/wp\/v2\/tags?post=6641"}],"curies":[{"name":"wp","href":"https:\/\/api.w.org\/{rel}","templated":true}]}}