{"id":6648,"date":"2024-06-24T21:10:00","date_gmt":"2024-06-24T21:10:00","guid":{"rendered":"https:\/\/e-ciftlik.com\/haberler\/tarim\/f-istanbul-gida-fuari-2024-icin-hazirliklar-basladi\/"},"modified":"2024-06-24T21:10:00","modified_gmt":"2024-06-24T21:10:00","slug":"f-istanbul-gida-fuari-2024-icin-hazirliklar-basladi","status":"publish","type":"post","link":"https:\/\/e-ciftlik.com\/haberler\/tarim\/f-istanbul-gida-fuari-2024-icin-hazirliklar-basladi\/","title":{"rendered":"F \u0130stanbul G\u0131da Fuar\u0131 2024 \u0130\u00e7in Haz\u0131rl\u0131klar Ba\u015flad\u0131!"},"content":{"rendered":"<p>2024 y\u0131l\u0131nda T\u00fcrkiye&#8217;nin en kapsaml\u0131 g\u0131da end\u00fcstrisi fuar\u0131 olan F \u0130stanbul G\u0131da ve \u0130\u00e7ecek \u00dcr\u00fcnleri ve \u00dcretim Teknolojileri Fuar\u0131, 10-13 Temmuz tarihleri aras\u0131nda \u0130stanbul Fuar Merkezi\u2019nde ger\u00e7ekle\u015fecek. Fuar, Federal Fuar ve Kongre Y\u00f6netimi ile So Fuar grubunun organizasyonuyla d\u00fczenleniyor. 93&#8217;ten fazla \u00fclkeden 5 binden fazla global al\u0131c\u0131n\u0131n kat\u0131l\u0131m\u0131n\u0131n beklendi\u011fi fuar, 1000&#8217;den fazla markaya ticari ba\u011flant\u0131lar kurma f\u0131rsat\u0131 sunacak.<\/p>\n<p>Fuar, farkl\u0131 salonlarda ger\u00e7ekle\u015fecek ve 5 ayr\u0131 b\u00f6l\u00fcmde sergilenen g\u0131da sanayisinin \u00e7e\u015fitlili\u011fini yans\u0131tacak. Sekt\u00f6r\u00fcn t\u00fcm payda\u015flar\u0131n\u0131n kat\u0131l\u0131m\u0131yla i\u015flenmi\u015f g\u0131da, i\u00e7ecek, \u015fekerleme, g\u0131da katk\u0131 maddeleri, g\u0131da i\u015fleme ve ambalaj end\u00fcstrisi gibi konular ele al\u0131nacak.<\/p>\n<p>F \u0130stanbul, T\u00fcrkiye&#8217;nin yan\u0131 s\u0131ra 20&#8217;den fazla \u00fclkeden kat\u0131l\u0131mc\u0131 firmalar\u0131n bulu\u015fmas\u0131na olanak sa\u011flayacak. Bu platformda sekt\u00f6r liderleri, uluslararas\u0131 i\u015fbirliklerini g\u00fc\u00e7lendirmeyi hedefleyecek.<\/p>\n<p>Fuar\u0131n Kurucusu olan \u00d6zg\u00fcr Sofuo\u011flu, &#8220;S\u00fcrekli yeni m\u00fc\u015fteriler&#8221; mottosuyla organize edilen F \u0130stanbul&#8217;un sekt\u00f6re bir\u00e7ok f\u0131rsat sundu\u011funu belirtti. Etkinlik, 19 \u00fclkenin resmi kat\u0131l\u0131m\u0131na sahip olacak ve T.C. Ticaret Bakanl\u0131\u011f\u0131 taraf\u0131ndan T\u00fcrk kat\u0131l\u0131mc\u0131lara y\u00fczde 50&#8217;ye varan devlet deste\u011fi sa\u011flanacak.<\/p>\n<p>F \u0130stanbul Fuar\u0131, T\u00fcrkiye&#8217;nin g\u0131da end\u00fcstrisine y\u00f6n verecek, yenilikleri te\u015fvik edecek ve ihracat potansiyelini art\u0131racak \u00f6nemli bir etkinlik olacak. Ayn\u0131 zamanda T\u00fcrk g\u0131da sekt\u00f6r\u00fcn\u00fcn uluslararas\u0131 alanda g\u00fc\u00e7lenmesine katk\u0131 sa\u011flayacak. Detayl\u0131 bilgi ve kat\u0131l\u0131m kayd\u0131 i\u00e7in f-istanbul.com web adresi ziyaret edilebilir.<\/p>\n","protected":false},"excerpt":{"rendered":"<p>2024 y\u0131l\u0131nda T\u00fcrkiye&#8217;nin en kapsaml\u0131 g\u0131da end\u00fcstrisi fuar\u0131 olan F \u0130stanbul G\u0131da ve \u0130\u00e7ecek \u00dcr\u00fcnleri&hellip;<\/p>\n","protected":false},"author":1,"featured_media":6649,"comment_status":"open","ping_status":"open","sticky":false,"template":"","format":"standard","meta":{"footnotes":""},"categories":[9],"tags":[],"class_list":["post-6648","post","type-post","status-publish","format-standard","has-post-thumbnail","hentry","category-tarim"],"yoast_head":"<!-- This site is optimized with the Yoast SEO Premium plugin v24.3 (Yoast SEO v27.4) - https:\/\/yoast.com\/product\/yoast-seo-premium-wordpress\/ -->\n<title>F \u0130stanbul G\u0131da Fuar\u0131 2024 \u0130\u00e7in Haz\u0131rl\u0131klar Ba\u015flad\u0131! - E-&Ccedil;\u0130FTL\u0130K HABER<\/title>\n<meta name=\"description\" content=\"2024 y\u0131l\u0131nda T\u00fcrkiye&#039;nin en kapsaml\u0131 g\u0131da end\u00fcstrisi fuar\u0131 olan F \u0130stanbul G\u0131da ve \u0130\u00e7ecek \u00dcr\u00fcnleri ve \u00dcretim Teknolojileri Fuar\u0131, 10-13 Temmuz tarihleri\" \/>\n<meta name=\"robots\" content=\"index, follow, max-snippet:-1, max-image-preview:large, max-video-preview:-1\" \/>\n<link rel=\"canonical\" href=\"https:\/\/e-ciftlik.com\/haberler\/tarim\/f-istanbul-gida-fuari-2024-icin-hazirliklar-basladi\/\" \/>\n<meta property=\"og:locale\" content=\"tr_TR\" \/>\n<meta property=\"og:type\" content=\"article\" \/>\n<meta property=\"og:title\" content=\"F \u0130stanbul G\u0131da Fuar\u0131 2024 \u0130\u00e7in Haz\u0131rl\u0131klar Ba\u015flad\u0131!\" \/>\n<meta property=\"og:description\" content=\"2024 y\u0131l\u0131nda T\u00fcrkiye&#039;nin en kapsaml\u0131 g\u0131da end\u00fcstrisi fuar\u0131 olan F \u0130stanbul G\u0131da ve \u0130\u00e7ecek \u00dcr\u00fcnleri ve \u00dcretim Teknolojileri Fuar\u0131, 10-13 Temmuz tarihleri\" \/>\n<meta property=\"og:url\" content=\"https:\/\/e-ciftlik.com\/haberler\/tarim\/f-istanbul-gida-fuari-2024-icin-hazirliklar-basladi\/\" \/>\n<meta property=\"og:site_name\" content=\"E-&Ccedil;\u0130FTL\u0130K HABER\" \/>\n<meta property=\"article:publisher\" content=\"https:\/\/www.facebook.com\/eciftlikturkiye\" \/>\n<meta property=\"article:published_time\" content=\"2024-06-24T21:10:00+00:00\" \/>\n<meta property=\"og:image\" content=\"https:\/\/e-ciftlik.com\/haberler\/wp-content\/uploads\/2024\/06\/f-istanbul-gida-endustrisi-fuari-2024-gh.png\" \/>\n\t<meta property=\"og:image:width\" content=\"750\" \/>\n\t<meta property=\"og:image:height\" content=\"500\" \/>\n\t<meta property=\"og:image:type\" content=\"image\/png\" \/>\n<meta name=\"author\" content=\"Haber Merkezi\" \/>\n<meta name=\"twitter:card\" content=\"summary_large_image\" \/>\n<meta name=\"twitter:creator\" content=\"@eciftlikresmi\" \/>\n<meta name=\"twitter:site\" content=\"@eciftlikresmi\" \/>\n<meta name=\"twitter:label1\" content=\"Yazan:\" \/>\n\t<meta name=\"twitter:data1\" content=\"Haber Merkezi\" \/>\n\t<meta name=\"twitter:label2\" content=\"Tahmini okuma s\u00fcresi\" \/>\n\t<meta name=\"twitter:data2\" content=\"1 dakika\" \/>\n<script type=\"application\/ld+json\" class=\"yoast-schema-graph\">{\"@context\":\"https:\\\/\\\/schema.org\",\"@graph\":[{\"@type\":\"NewsArticle\",\"@id\":\"https:\\\/\\\/e-ciftlik.com\\\/haberler\\\/tarim\\\/f-istanbul-gida-fuari-2024-icin-hazirliklar-basladi\\\/#article\",\"isPartOf\":{\"@id\":\"https:\\\/\\\/e-ciftlik.com\\\/haberler\\\/tarim\\\/f-istanbul-gida-fuari-2024-icin-hazirliklar-basladi\\\/\"},\"author\":{\"name\":\"Haber Merkezi\",\"@id\":\"http:\\\/\\\/e-ciftlik.com\\\/haberler\\\/#\\\/schema\\\/person\\\/d2f4fee3143d7f72be82cb887d51b00a\"},\"headline\":\"F \u0130stanbul G\u0131da Fuar\u0131 2024 \u0130\u00e7in Haz\u0131rl\u0131klar Ba\u015flad\u0131!\",\"datePublished\":\"2024-06-24T21:10:00+00:00\",\"mainEntityOfPage\":{\"@id\":\"https:\\\/\\\/e-ciftlik.com\\\/haberler\\\/tarim\\\/f-istanbul-gida-fuari-2024-icin-hazirliklar-basladi\\\/\"},\"wordCount\":299,\"commentCount\":0,\"publisher\":{\"@id\":\"http:\\\/\\\/e-ciftlik.com\\\/haberler\\\/#organization\"},\"image\":{\"@id\":\"https:\\\/\\\/e-ciftlik.com\\\/haberler\\\/tarim\\\/f-istanbul-gida-fuari-2024-icin-hazirliklar-basladi\\\/#primaryimage\"},\"thumbnailUrl\":\"https:\\\/\\\/e-ciftlik.com\\\/haberler\\\/wp-content\\\/uploads\\\/2024\\\/06\\\/f-istanbul-gida-endustrisi-fuari-2024-gh.png\",\"articleSection\":[\"Tar\u0131m\"],\"inLanguage\":\"tr\",\"potentialAction\":[{\"@type\":\"CommentAction\",\"name\":\"Comment\",\"target\":[\"https:\\\/\\\/e-ciftlik.com\\\/haberler\\\/tarim\\\/f-istanbul-gida-fuari-2024-icin-hazirliklar-basladi\\\/#respond\"]}]},{\"@type\":\"WebPage\",\"@id\":\"https:\\\/\\\/e-ciftlik.com\\\/haberler\\\/tarim\\\/f-istanbul-gida-fuari-2024-icin-hazirliklar-basladi\\\/\",\"url\":\"https:\\\/\\\/e-ciftlik.com\\\/haberler\\\/tarim\\\/f-istanbul-gida-fuari-2024-icin-hazirliklar-basladi\\\/\",\"name\":\"F \u0130stanbul G\u0131da Fuar\u0131 2024 \u0130\u00e7in Haz\u0131rl\u0131klar Ba\u015flad\u0131! - E-&Ccedil;\u0130FTL\u0130K HABER\",\"isPartOf\":{\"@id\":\"http:\\\/\\\/e-ciftlik.com\\\/haberler\\\/#website\"},\"primaryImageOfPage\":{\"@id\":\"https:\\\/\\\/e-ciftlik.com\\\/haberler\\\/tarim\\\/f-istanbul-gida-fuari-2024-icin-hazirliklar-basladi\\\/#primaryimage\"},\"image\":{\"@id\":\"https:\\\/\\\/e-ciftlik.com\\\/haberler\\\/tarim\\\/f-istanbul-gida-fuari-2024-icin-hazirliklar-basladi\\\/#primaryimage\"},\"thumbnailUrl\":\"https:\\\/\\\/e-ciftlik.com\\\/haberler\\\/wp-content\\\/uploads\\\/2024\\\/06\\\/f-istanbul-gida-endustrisi-fuari-2024-gh.png\",\"datePublished\":\"2024-06-24T21:10:00+00:00\",\"description\":\"2024 y\u0131l\u0131nda T\u00fcrkiye'nin en kapsaml\u0131 g\u0131da end\u00fcstrisi fuar\u0131 olan F \u0130stanbul G\u0131da ve \u0130\u00e7ecek \u00dcr\u00fcnleri ve \u00dcretim Teknolojileri Fuar\u0131, 10-13 Temmuz tarihleri\",\"breadcrumb\":{\"@id\":\"https:\\\/\\\/e-ciftlik.com\\\/haberler\\\/tarim\\\/f-istanbul-gida-fuari-2024-icin-hazirliklar-basladi\\\/#breadcrumb\"},\"inLanguage\":\"tr\",\"potentialAction\":[{\"@type\":\"ReadAction\",\"target\":[\"https:\\\/\\\/e-ciftlik.com\\\/haberler\\\/tarim\\\/f-istanbul-gida-fuari-2024-icin-hazirliklar-basladi\\\/\"]}]},{\"@type\":\"ImageObject\",\"inLanguage\":\"tr\",\"@id\":\"https:\\\/\\\/e-ciftlik.com\\\/haberler\\\/tarim\\\/f-istanbul-gida-fuari-2024-icin-hazirliklar-basladi\\\/#primaryimage\",\"url\":\"https:\\\/\\\/e-ciftlik.com\\\/haberler\\\/wp-content\\\/uploads\\\/2024\\\/06\\\/f-istanbul-gida-endustrisi-fuari-2024-gh.png\",\"contentUrl\":\"https:\\\/\\\/e-ciftlik.com\\\/haberler\\\/wp-content\\\/uploads\\\/2024\\\/06\\\/f-istanbul-gida-endustrisi-fuari-2024-gh.png\",\"width\":750,\"height\":500},{\"@type\":\"BreadcrumbList\",\"@id\":\"https:\\\/\\\/e-ciftlik.com\\\/haberler\\\/tarim\\\/f-istanbul-gida-fuari-2024-icin-hazirliklar-basladi\\\/#breadcrumb\",\"itemListElement\":[{\"@type\":\"ListItem\",\"position\":1,\"name\":\"Anasayfa\",\"item\":\"http:\\\/\\\/e-ciftlik.com\\\/haberler\\\/\"},{\"@type\":\"ListItem\",\"position\":2,\"name\":\"F \u0130stanbul G\u0131da Fuar\u0131 2024 \u0130\u00e7in Haz\u0131rl\u0131klar Ba\u015flad\u0131!\"}]},{\"@type\":\"WebSite\",\"@id\":\"http:\\\/\\\/e-ciftlik.com\\\/haberler\\\/#website\",\"url\":\"http:\\\/\\\/e-ciftlik.com\\\/haberler\\\/\",\"name\":\"E-\u00c7iftlik Haber | G\u00fcncel, Son Dakika Haberler, En Son Haber\",\"description\":\"\",\"publisher\":{\"@id\":\"http:\\\/\\\/e-ciftlik.com\\\/haberler\\\/#organization\"},\"potentialAction\":[{\"@type\":\"SearchAction\",\"target\":{\"@type\":\"EntryPoint\",\"urlTemplate\":\"http:\\\/\\\/e-ciftlik.com\\\/haberler\\\/?s={search_term_string}\"},\"query-input\":{\"@type\":\"PropertyValueSpecification\",\"valueRequired\":true,\"valueName\":\"search_term_string\"}}],\"inLanguage\":\"tr\"},{\"@type\":\"Organization\",\"@id\":\"http:\\\/\\\/e-ciftlik.com\\\/haberler\\\/#organization\",\"name\":\"E-\u00c7\u0130FTL\u0130K HABER\",\"url\":\"http:\\\/\\\/e-ciftlik.com\\\/haberler\\\/\",\"logo\":{\"@type\":\"ImageObject\",\"inLanguage\":\"tr\",\"@id\":\"http:\\\/\\\/e-ciftlik.com\\\/haberler\\\/#\\\/schema\\\/logo\\\/image\\\/\",\"url\":\"https:\\\/\\\/e-ciftlik.com\\\/haberler\\\/wp-content\\\/uploads\\\/2024\\\/06\\\/cropped-cropped-favicon-1-2.png\",\"contentUrl\":\"https:\\\/\\\/e-ciftlik.com\\\/haberler\\\/wp-content\\\/uploads\\\/2024\\\/06\\\/cropped-cropped-favicon-1-2.png\",\"width\":512,\"height\":512,\"caption\":\"E-\u00c7\u0130FTL\u0130K HABER\"},\"image\":{\"@id\":\"http:\\\/\\\/e-ciftlik.com\\\/haberler\\\/#\\\/schema\\\/logo\\\/image\\\/\"},\"sameAs\":[\"https:\\\/\\\/www.facebook.com\\\/eciftlikturkiye\",\"https:\\\/\\\/x.com\\\/eciftlikresmi\",\"https:\\\/\\\/www.instagram.com\\\/eciftlikresmi\\\/\"]},{\"@type\":\"Person\",\"@id\":\"http:\\\/\\\/e-ciftlik.com\\\/haberler\\\/#\\\/schema\\\/person\\\/d2f4fee3143d7f72be82cb887d51b00a\",\"name\":\"Haber Merkezi\",\"image\":{\"@type\":\"ImageObject\",\"inLanguage\":\"tr\",\"@id\":\"https:\\\/\\\/secure.gravatar.com\\\/avatar\\\/6c27d641914e66c1d0452c92716002398782818991d86db1c2cccb531e7c7c82?s=96&d=mm&r=g\",\"url\":\"https:\\\/\\\/secure.gravatar.com\\\/avatar\\\/6c27d641914e66c1d0452c92716002398782818991d86db1c2cccb531e7c7c82?s=96&d=mm&r=g\",\"contentUrl\":\"https:\\\/\\\/secure.gravatar.com\\\/avatar\\\/6c27d641914e66c1d0452c92716002398782818991d86db1c2cccb531e7c7c82?s=96&d=mm&r=g\",\"caption\":\"Haber Merkezi\"},\"sameAs\":[\"http:\\\/\\\/e-ciftlik.com\\\/haberler\"]}]}<\/script>\n<!-- \/ Yoast SEO Premium plugin. -->","yoast_head_json":{"title":"F \u0130stanbul G\u0131da Fuar\u0131 2024 \u0130\u00e7in Haz\u0131rl\u0131klar Ba\u015flad\u0131! - E-&Ccedil;\u0130FTL\u0130K HABER","description":"2024 y\u0131l\u0131nda T\u00fcrkiye'nin en kapsaml\u0131 g\u0131da end\u00fcstrisi fuar\u0131 olan F \u0130stanbul G\u0131da ve \u0130\u00e7ecek \u00dcr\u00fcnleri ve \u00dcretim Teknolojileri Fuar\u0131, 10-13 Temmuz tarihleri","robots":{"index":"index","follow":"follow","max-snippet":"max-snippet:-1","max-image-preview":"max-image-preview:large","max-video-preview":"max-video-preview:-1"},"canonical":"https:\/\/e-ciftlik.com\/haberler\/tarim\/f-istanbul-gida-fuari-2024-icin-hazirliklar-basladi\/","og_locale":"tr_TR","og_type":"article","og_title":"F \u0130stanbul G\u0131da Fuar\u0131 2024 \u0130\u00e7in Haz\u0131rl\u0131klar Ba\u015flad\u0131!","og_description":"2024 y\u0131l\u0131nda T\u00fcrkiye'nin en kapsaml\u0131 g\u0131da end\u00fcstrisi fuar\u0131 olan F \u0130stanbul G\u0131da ve \u0130\u00e7ecek \u00dcr\u00fcnleri ve \u00dcretim Teknolojileri Fuar\u0131, 10-13 Temmuz tarihleri","og_url":"https:\/\/e-ciftlik.com\/haberler\/tarim\/f-istanbul-gida-fuari-2024-icin-hazirliklar-basladi\/","og_site_name":"E-&Ccedil;\u0130FTL\u0130K HABER","article_publisher":"https:\/\/www.facebook.com\/eciftlikturkiye","article_published_time":"2024-06-24T21:10:00+00:00","og_image":[{"width":750,"height":500,"url":"https:\/\/e-ciftlik.com\/haberler\/wp-content\/uploads\/2024\/06\/f-istanbul-gida-endustrisi-fuari-2024-gh.png","type":"image\/png"}],"author":"Haber Merkezi","twitter_card":"summary_large_image","twitter_creator":"@eciftlikresmi","twitter_site":"@eciftlikresmi","twitter_misc":{"Yazan:":"Haber Merkezi","Tahmini okuma s\u00fcresi":"1 dakika"},"schema":{"@context":"https:\/\/schema.org","@graph":[{"@type":"NewsArticle","@id":"https:\/\/e-ciftlik.com\/haberler\/tarim\/f-istanbul-gida-fuari-2024-icin-hazirliklar-basladi\/#article","isPartOf":{"@id":"https:\/\/e-ciftlik.com\/haberler\/tarim\/f-istanbul-gida-fuari-2024-icin-hazirliklar-basladi\/"},"author":{"name":"Haber Merkezi","@id":"http:\/\/e-ciftlik.com\/haberler\/#\/schema\/person\/d2f4fee3143d7f72be82cb887d51b00a"},"headline":"F \u0130stanbul G\u0131da Fuar\u0131 2024 \u0130\u00e7in Haz\u0131rl\u0131klar Ba\u015flad\u0131!","datePublished":"2024-06-24T21:10:00+00:00","mainEntityOfPage":{"@id":"https:\/\/e-ciftlik.com\/haberler\/tarim\/f-istanbul-gida-fuari-2024-icin-hazirliklar-basladi\/"},"wordCount":299,"commentCount":0,"publisher":{"@id":"http:\/\/e-ciftlik.com\/haberler\/#organization"},"image":{"@id":"https:\/\/e-ciftlik.com\/haberler\/tarim\/f-istanbul-gida-fuari-2024-icin-hazirliklar-basladi\/#primaryimage"},"thumbnailUrl":"https:\/\/e-ciftlik.com\/haberler\/wp-content\/uploads\/2024\/06\/f-istanbul-gida-endustrisi-fuari-2024-gh.png","articleSection":["Tar\u0131m"],"inLanguage":"tr","potentialAction":[{"@type":"CommentAction","name":"Comment","target":["https:\/\/e-ciftlik.com\/haberler\/tarim\/f-istanbul-gida-fuari-2024-icin-hazirliklar-basladi\/#respond"]}]},{"@type":"WebPage","@id":"https:\/\/e-ciftlik.com\/haberler\/tarim\/f-istanbul-gida-fuari-2024-icin-hazirliklar-basladi\/","url":"https:\/\/e-ciftlik.com\/haberler\/tarim\/f-istanbul-gida-fuari-2024-icin-hazirliklar-basladi\/","name":"F \u0130stanbul G\u0131da Fuar\u0131 2024 \u0130\u00e7in Haz\u0131rl\u0131klar Ba\u015flad\u0131! - E-&Ccedil;\u0130FTL\u0130K HABER","isPartOf":{"@id":"http:\/\/e-ciftlik.com\/haberler\/#website"},"primaryImageOfPage":{"@id":"https:\/\/e-ciftlik.com\/haberler\/tarim\/f-istanbul-gida-fuari-2024-icin-hazirliklar-basladi\/#primaryimage"},"image":{"@id":"https:\/\/e-ciftlik.com\/haberler\/tarim\/f-istanbul-gida-fuari-2024-icin-hazirliklar-basladi\/#primaryimage"},"thumbnailUrl":"https:\/\/e-ciftlik.com\/haberler\/wp-content\/uploads\/2024\/06\/f-istanbul-gida-endustrisi-fuari-2024-gh.png","datePublished":"2024-06-24T21:10:00+00:00","description":"2024 y\u0131l\u0131nda T\u00fcrkiye'nin en kapsaml\u0131 g\u0131da end\u00fcstrisi fuar\u0131 olan F \u0130stanbul G\u0131da ve \u0130\u00e7ecek \u00dcr\u00fcnleri ve \u00dcretim Teknolojileri Fuar\u0131, 10-13 Temmuz tarihleri","breadcrumb":{"@id":"https:\/\/e-ciftlik.com\/haberler\/tarim\/f-istanbul-gida-fuari-2024-icin-hazirliklar-basladi\/#breadcrumb"},"inLanguage":"tr","potentialAction":[{"@type":"ReadAction","target":["https:\/\/e-ciftlik.com\/haberler\/tarim\/f-istanbul-gida-fuari-2024-icin-hazirliklar-basladi\/"]}]},{"@type":"ImageObject","inLanguage":"tr","@id":"https:\/\/e-ciftlik.com\/haberler\/tarim\/f-istanbul-gida-fuari-2024-icin-hazirliklar-basladi\/#primaryimage","url":"https:\/\/e-ciftlik.com\/haberler\/wp-content\/uploads\/2024\/06\/f-istanbul-gida-endustrisi-fuari-2024-gh.png","contentUrl":"https:\/\/e-ciftlik.com\/haberler\/wp-content\/uploads\/2024\/06\/f-istanbul-gida-endustrisi-fuari-2024-gh.png","width":750,"height":500},{"@type":"BreadcrumbList","@id":"https:\/\/e-ciftlik.com\/haberler\/tarim\/f-istanbul-gida-fuari-2024-icin-hazirliklar-basladi\/#breadcrumb","itemListElement":[{"@type":"ListItem","position":1,"name":"Anasayfa","item":"http:\/\/e-ciftlik.com\/haberler\/"},{"@type":"ListItem","position":2,"name":"F \u0130stanbul G\u0131da Fuar\u0131 2024 \u0130\u00e7in Haz\u0131rl\u0131klar Ba\u015flad\u0131!"}]},{"@type":"WebSite","@id":"http:\/\/e-ciftlik.com\/haberler\/#website","url":"http:\/\/e-ciftlik.com\/haberler\/","name":"E-\u00c7iftlik Haber | G\u00fcncel, Son Dakika Haberler, En Son Haber","description":"","publisher":{"@id":"http:\/\/e-ciftlik.com\/haberler\/#organization"},"potentialAction":[{"@type":"SearchAction","target":{"@type":"EntryPoint","urlTemplate":"http:\/\/e-ciftlik.com\/haberler\/?s={search_term_string}"},"query-input":{"@type":"PropertyValueSpecification","valueRequired":true,"valueName":"search_term_string"}}],"inLanguage":"tr"},{"@type":"Organization","@id":"http:\/\/e-ciftlik.com\/haberler\/#organization","name":"E-\u00c7\u0130FTL\u0130K HABER","url":"http:\/\/e-ciftlik.com\/haberler\/","logo":{"@type":"ImageObject","inLanguage":"tr","@id":"http:\/\/e-ciftlik.com\/haberler\/#\/schema\/logo\/image\/","url":"https:\/\/e-ciftlik.com\/haberler\/wp-content\/uploads\/2024\/06\/cropped-cropped-favicon-1-2.png","contentUrl":"https:\/\/e-ciftlik.com\/haberler\/wp-content\/uploads\/2024\/06\/cropped-cropped-favicon-1-2.png","width":512,"height":512,"caption":"E-\u00c7\u0130FTL\u0130K HABER"},"image":{"@id":"http:\/\/e-ciftlik.com\/haberler\/#\/schema\/logo\/image\/"},"sameAs":["https:\/\/www.facebook.com\/eciftlikturkiye","https:\/\/x.com\/eciftlikresmi","https:\/\/www.instagram.com\/eciftlikresmi\/"]},{"@type":"Person","@id":"http:\/\/e-ciftlik.com\/haberler\/#\/schema\/person\/d2f4fee3143d7f72be82cb887d51b00a","name":"Haber Merkezi","image":{"@type":"ImageObject","inLanguage":"tr","@id":"https:\/\/secure.gravatar.com\/avatar\/6c27d641914e66c1d0452c92716002398782818991d86db1c2cccb531e7c7c82?s=96&d=mm&r=g","url":"https:\/\/secure.gravatar.com\/avatar\/6c27d641914e66c1d0452c92716002398782818991d86db1c2cccb531e7c7c82?s=96&d=mm&r=g","contentUrl":"https:\/\/secure.gravatar.com\/avatar\/6c27d641914e66c1d0452c92716002398782818991d86db1c2cccb531e7c7c82?s=96&d=mm&r=g","caption":"Haber Merkezi"},"sameAs":["http:\/\/e-ciftlik.com\/haberler"]}]}},"_links":{"self":[{"href":"https:\/\/e-ciftlik.com\/haberler\/wp-json\/wp\/v2\/posts\/6648","targetHints":{"allow":["GET"]}}],"collection":[{"href":"https:\/\/e-ciftlik.com\/haberler\/wp-json\/wp\/v2\/posts"}],"about":[{"href":"https:\/\/e-ciftlik.com\/haberler\/wp-json\/wp\/v2\/types\/post"}],"author":[{"embeddable":true,"href":"https:\/\/e-ciftlik.com\/haberler\/wp-json\/wp\/v2\/users\/1"}],"replies":[{"embeddable":true,"href":"https:\/\/e-ciftlik.com\/haberler\/wp-json\/wp\/v2\/comments?post=6648"}],"version-history":[{"count":0,"href":"https:\/\/e-ciftlik.com\/haberler\/wp-json\/wp\/v2\/posts\/6648\/revisions"}],"wp:featuredmedia":[{"embeddable":true,"href":"https:\/\/e-ciftlik.com\/haberler\/wp-json\/wp\/v2\/media\/6649"}],"wp:attachment":[{"href":"https:\/\/e-ciftlik.com\/haberler\/wp-json\/wp\/v2\/media?parent=6648"}],"wp:term":[{"taxonomy":"category","embeddable":true,"href":"https:\/\/e-ciftlik.com\/haberler\/wp-json\/wp\/v2\/categories?post=6648"},{"taxonomy":"post_tag","embeddable":true,"href":"https:\/\/e-ciftlik.com\/haberler\/wp-json\/wp\/v2\/tags?post=6648"}],"curies":[{"name":"wp","href":"https:\/\/api.w.org\/{rel}","templated":true}]}}