{"id":6669,"date":"2024-06-24T17:29:00","date_gmt":"2024-06-24T17:29:00","guid":{"rendered":"http:\/\/e-ciftlik.com\/haberler\/tarim\/edirnede-tarla-yangini-90-dekar-zarar-gordu\/"},"modified":"2024-06-24T17:29:00","modified_gmt":"2024-06-24T17:29:00","slug":"edirnede-tarla-yangini-90-dekar-zarar-gordu","status":"publish","type":"post","link":"https:\/\/e-ciftlik.com\/haberler\/tarim\/edirnede-tarla-yangini-90-dekar-zarar-gordu\/","title":{"rendered":"Edirne&#8217;de Tarla Yang\u0131n\u0131: 90 Dekar Zarar G\u00f6rd\u00fc!"},"content":{"rendered":"<p>Edirne&#8217;de Toplu Konutlar Yak\u0131n\u0131ndaki Tarlada \u00c7\u0131kan Yang\u0131n Zarara Yol A\u00e7t\u0131<\/p>\n<p>Edirne&#8217;de, yerle\u015fim yeri yak\u0131n\u0131ndaki tarlada \u00e7\u0131kan an\u0131z yang\u0131n\u0131nda yakla\u015f\u0131k 90 dekar tar\u0131m arazisi ve \u00e7ok say\u0131da a\u011fa\u00e7 zarar g\u00f6rd\u00fc. Kurtulu\u015f Mahallesi TOK\u0130 konutlar\u0131 yak\u0131n\u0131ndaki hasat edilmi\u015f bu\u011fday tarlas\u0131nda yang\u0131n \u00e7\u0131kt\u0131. Haber verilmesi \u00fczerine b\u00f6lgeye itfaiye, Orman \u0130\u015fletme M\u00fcd\u00fcrl\u00fc\u011f\u00fc, polis ve AFAD ekipleri sevk edildi. <\/p>\n<p>Ekiplerin m\u00fcdahalesiyle yang\u0131n yerle\u015fim yerlerine s\u0131\u00e7ramadan s\u00f6nd\u00fcr\u00fcld\u00fc. Yang\u0131n nedeniyle yakla\u015f\u0131k 90 dekar tar\u0131m arazisi ve \u00e7ok say\u0131da a\u011fa\u00e7 zarar g\u00f6rd\u00fc. \u00d6te yandan s\u00f6z konusu alana yak\u0131n hasat edilmemi\u015f bu\u011fday tarlas\u0131nda da yang\u0131n \u00e7\u0131kt\u0131. Buradaki yang\u0131n da b\u00fcy\u00fcmeden Edirne Emniyet M\u00fcd\u00fcrl\u00fc\u011f\u00fc Toplumsal Olaylara M\u00fcdahale Arac\u0131 (TOMA) ve itfaiyenin \u00e7al\u0131\u015fmas\u0131yla s\u00f6nd\u00fcr\u00fcld\u00fc. <\/p>\n<p>Olayla ilgili Orman \u0130\u015fletme M\u00fcd\u00fcrl\u00fc\u011f\u00fc, itfaiye, Edirne AFAD ekipleri harekete ge\u00e7ti. Ya\u015fanan bu olay, Edirne&#8217;deki g\u00fcncel haberler aras\u0131nda yer al\u0131rken, \u00e7evrede ya\u015fayanlar endi\u015fe i\u00e7inde durumu takip ettiler.<\/p>\n","protected":false},"excerpt":{"rendered":"<p>Edirne&#8217;de Toplu Konutlar Yak\u0131n\u0131ndaki Tarlada \u00c7\u0131kan Yang\u0131n Zarara Yol A\u00e7t\u0131 Edirne&#8217;de, yerle\u015fim yeri yak\u0131n\u0131ndaki tarlada&hellip;<\/p>\n","protected":false},"author":1,"featured_media":6670,"comment_status":"open","ping_status":"open","sticky":false,"template":"","format":"standard","meta":{"footnotes":""},"categories":[9],"tags":[],"class_list":["post-6669","post","type-post","status-publish","format-standard","has-post-thumbnail","hentry","category-tarim"],"yoast_head":"<!-- This site is optimized with the Yoast SEO Premium plugin v24.3 (Yoast SEO v27.4) - https:\/\/yoast.com\/product\/yoast-seo-premium-wordpress\/ -->\n<title>Edirne&#039;de Tarla Yang\u0131n\u0131: 90 Dekar Zarar G\u00f6rd\u00fc! - E-&Ccedil;\u0130FTL\u0130K HABER<\/title>\n<meta name=\"description\" content=\"Edirne&#039;de Toplu Konutlar Yak\u0131n\u0131ndaki Tarlada \u00c7\u0131kan Yang\u0131n Zarara Yol A\u00e7t\u0131 Edirne&#039;de, yerle\u015fim yeri yak\u0131n\u0131ndaki tarlada \u00e7\u0131kan an\u0131z yang\u0131n\u0131nda yakla\u015f\u0131k 90\" \/>\n<meta name=\"robots\" content=\"index, follow, max-snippet:-1, max-image-preview:large, max-video-preview:-1\" \/>\n<link rel=\"canonical\" href=\"https:\/\/e-ciftlik.com\/haberler\/tarim\/edirnede-tarla-yangini-90-dekar-zarar-gordu\/\" \/>\n<meta property=\"og:locale\" content=\"tr_TR\" \/>\n<meta property=\"og:type\" content=\"article\" \/>\n<meta property=\"og:title\" content=\"Edirne&#039;de Tarla Yang\u0131n\u0131: 90 Dekar Zarar G\u00f6rd\u00fc!\" \/>\n<meta property=\"og:description\" content=\"Edirne&#039;de Toplu Konutlar Yak\u0131n\u0131ndaki Tarlada \u00c7\u0131kan Yang\u0131n Zarara Yol A\u00e7t\u0131 Edirne&#039;de, yerle\u015fim yeri yak\u0131n\u0131ndaki tarlada \u00e7\u0131kan an\u0131z yang\u0131n\u0131nda yakla\u015f\u0131k 90\" \/>\n<meta property=\"og:url\" content=\"https:\/\/e-ciftlik.com\/haberler\/tarim\/edirnede-tarla-yangini-90-dekar-zarar-gordu\/\" \/>\n<meta property=\"og:site_name\" content=\"E-&Ccedil;\u0130FTL\u0130K HABER\" \/>\n<meta property=\"article:publisher\" content=\"https:\/\/www.facebook.com\/eciftlikturkiye\" \/>\n<meta property=\"article:published_time\" content=\"2024-06-24T17:29:00+00:00\" \/>\n<meta property=\"og:image\" content=\"https:\/\/e-ciftlik.com\/haberler\/wp-content\/uploads\/2024\/06\/edirne-de-toplu-konutlar-yakinindaki-tarlada-17455300_local.jpg\" \/>\n\t<meta property=\"og:image:width\" content=\"1200\" \/>\n\t<meta property=\"og:image:height\" content=\"675\" \/>\n\t<meta property=\"og:image:type\" content=\"image\/jpeg\" \/>\n<meta name=\"author\" content=\"Haber Merkezi\" \/>\n<meta name=\"twitter:card\" content=\"summary_large_image\" \/>\n<meta name=\"twitter:creator\" content=\"@eciftlikresmi\" \/>\n<meta name=\"twitter:site\" content=\"@eciftlikresmi\" \/>\n<meta name=\"twitter:label1\" content=\"Yazan:\" \/>\n\t<meta name=\"twitter:data1\" content=\"Haber Merkezi\" \/>\n\t<meta name=\"twitter:label2\" content=\"Tahmini okuma s\u00fcresi\" \/>\n\t<meta name=\"twitter:data2\" content=\"1 dakika\" \/>\n<script type=\"application\/ld+json\" class=\"yoast-schema-graph\">{\"@context\":\"https:\\\/\\\/schema.org\",\"@graph\":[{\"@type\":\"NewsArticle\",\"@id\":\"https:\\\/\\\/e-ciftlik.com\\\/haberler\\\/tarim\\\/edirnede-tarla-yangini-90-dekar-zarar-gordu\\\/#article\",\"isPartOf\":{\"@id\":\"https:\\\/\\\/e-ciftlik.com\\\/haberler\\\/tarim\\\/edirnede-tarla-yangini-90-dekar-zarar-gordu\\\/\"},\"author\":{\"name\":\"Haber Merkezi\",\"@id\":\"https:\\\/\\\/e-ciftlik.com\\\/haberler\\\/#\\\/schema\\\/person\\\/d2f4fee3143d7f72be82cb887d51b00a\"},\"headline\":\"Edirne&#8217;de Tarla Yang\u0131n\u0131: 90 Dekar Zarar G\u00f6rd\u00fc!\",\"datePublished\":\"2024-06-24T17:29:00+00:00\",\"mainEntityOfPage\":{\"@id\":\"https:\\\/\\\/e-ciftlik.com\\\/haberler\\\/tarim\\\/edirnede-tarla-yangini-90-dekar-zarar-gordu\\\/\"},\"wordCount\":202,\"commentCount\":0,\"publisher\":{\"@id\":\"https:\\\/\\\/e-ciftlik.com\\\/haberler\\\/#organization\"},\"image\":{\"@id\":\"https:\\\/\\\/e-ciftlik.com\\\/haberler\\\/tarim\\\/edirnede-tarla-yangini-90-dekar-zarar-gordu\\\/#primaryimage\"},\"thumbnailUrl\":\"https:\\\/\\\/e-ciftlik.com\\\/haberler\\\/wp-content\\\/uploads\\\/2024\\\/06\\\/edirne-de-toplu-konutlar-yakinindaki-tarlada-17455300_local.jpg\",\"articleSection\":[\"Tar\u0131m\"],\"inLanguage\":\"tr\",\"potentialAction\":[{\"@type\":\"CommentAction\",\"name\":\"Comment\",\"target\":[\"https:\\\/\\\/e-ciftlik.com\\\/haberler\\\/tarim\\\/edirnede-tarla-yangini-90-dekar-zarar-gordu\\\/#respond\"]}]},{\"@type\":\"WebPage\",\"@id\":\"https:\\\/\\\/e-ciftlik.com\\\/haberler\\\/tarim\\\/edirnede-tarla-yangini-90-dekar-zarar-gordu\\\/\",\"url\":\"https:\\\/\\\/e-ciftlik.com\\\/haberler\\\/tarim\\\/edirnede-tarla-yangini-90-dekar-zarar-gordu\\\/\",\"name\":\"Edirne'de Tarla Yang\u0131n\u0131: 90 Dekar Zarar G\u00f6rd\u00fc! - E-&Ccedil;\u0130FTL\u0130K HABER\",\"isPartOf\":{\"@id\":\"https:\\\/\\\/e-ciftlik.com\\\/haberler\\\/#website\"},\"primaryImageOfPage\":{\"@id\":\"https:\\\/\\\/e-ciftlik.com\\\/haberler\\\/tarim\\\/edirnede-tarla-yangini-90-dekar-zarar-gordu\\\/#primaryimage\"},\"image\":{\"@id\":\"https:\\\/\\\/e-ciftlik.com\\\/haberler\\\/tarim\\\/edirnede-tarla-yangini-90-dekar-zarar-gordu\\\/#primaryimage\"},\"thumbnailUrl\":\"https:\\\/\\\/e-ciftlik.com\\\/haberler\\\/wp-content\\\/uploads\\\/2024\\\/06\\\/edirne-de-toplu-konutlar-yakinindaki-tarlada-17455300_local.jpg\",\"datePublished\":\"2024-06-24T17:29:00+00:00\",\"description\":\"Edirne'de Toplu Konutlar Yak\u0131n\u0131ndaki Tarlada \u00c7\u0131kan Yang\u0131n Zarara Yol A\u00e7t\u0131 Edirne'de, yerle\u015fim yeri yak\u0131n\u0131ndaki tarlada \u00e7\u0131kan an\u0131z yang\u0131n\u0131nda yakla\u015f\u0131k 90\",\"breadcrumb\":{\"@id\":\"https:\\\/\\\/e-ciftlik.com\\\/haberler\\\/tarim\\\/edirnede-tarla-yangini-90-dekar-zarar-gordu\\\/#breadcrumb\"},\"inLanguage\":\"tr\",\"potentialAction\":[{\"@type\":\"ReadAction\",\"target\":[\"https:\\\/\\\/e-ciftlik.com\\\/haberler\\\/tarim\\\/edirnede-tarla-yangini-90-dekar-zarar-gordu\\\/\"]}]},{\"@type\":\"ImageObject\",\"inLanguage\":\"tr\",\"@id\":\"https:\\\/\\\/e-ciftlik.com\\\/haberler\\\/tarim\\\/edirnede-tarla-yangini-90-dekar-zarar-gordu\\\/#primaryimage\",\"url\":\"https:\\\/\\\/e-ciftlik.com\\\/haberler\\\/wp-content\\\/uploads\\\/2024\\\/06\\\/edirne-de-toplu-konutlar-yakinindaki-tarlada-17455300_local.jpg\",\"contentUrl\":\"https:\\\/\\\/e-ciftlik.com\\\/haberler\\\/wp-content\\\/uploads\\\/2024\\\/06\\\/edirne-de-toplu-konutlar-yakinindaki-tarlada-17455300_local.jpg\",\"width\":1200,\"height\":675},{\"@type\":\"BreadcrumbList\",\"@id\":\"https:\\\/\\\/e-ciftlik.com\\\/haberler\\\/tarim\\\/edirnede-tarla-yangini-90-dekar-zarar-gordu\\\/#breadcrumb\",\"itemListElement\":[{\"@type\":\"ListItem\",\"position\":1,\"name\":\"Anasayfa\",\"item\":\"https:\\\/\\\/e-ciftlik.com\\\/haberler\\\/\"},{\"@type\":\"ListItem\",\"position\":2,\"name\":\"Edirne&#8217;de Tarla Yang\u0131n\u0131: 90 Dekar Zarar G\u00f6rd\u00fc!\"}]},{\"@type\":\"WebSite\",\"@id\":\"https:\\\/\\\/e-ciftlik.com\\\/haberler\\\/#website\",\"url\":\"https:\\\/\\\/e-ciftlik.com\\\/haberler\\\/\",\"name\":\"E-\u00c7iftlik Haber | G\u00fcncel, Son Dakika Haberler, En Son Haber\",\"description\":\"\",\"publisher\":{\"@id\":\"https:\\\/\\\/e-ciftlik.com\\\/haberler\\\/#organization\"},\"potentialAction\":[{\"@type\":\"SearchAction\",\"target\":{\"@type\":\"EntryPoint\",\"urlTemplate\":\"https:\\\/\\\/e-ciftlik.com\\\/haberler\\\/?s={search_term_string}\"},\"query-input\":{\"@type\":\"PropertyValueSpecification\",\"valueRequired\":true,\"valueName\":\"search_term_string\"}}],\"inLanguage\":\"tr\"},{\"@type\":\"Organization\",\"@id\":\"https:\\\/\\\/e-ciftlik.com\\\/haberler\\\/#organization\",\"name\":\"E-\u00c7\u0130FTL\u0130K HABER\",\"url\":\"https:\\\/\\\/e-ciftlik.com\\\/haberler\\\/\",\"logo\":{\"@type\":\"ImageObject\",\"inLanguage\":\"tr\",\"@id\":\"https:\\\/\\\/e-ciftlik.com\\\/haberler\\\/#\\\/schema\\\/logo\\\/image\\\/\",\"url\":\"https:\\\/\\\/e-ciftlik.com\\\/haberler\\\/wp-content\\\/uploads\\\/2024\\\/06\\\/cropped-cropped-favicon-1-2.png\",\"contentUrl\":\"https:\\\/\\\/e-ciftlik.com\\\/haberler\\\/wp-content\\\/uploads\\\/2024\\\/06\\\/cropped-cropped-favicon-1-2.png\",\"width\":512,\"height\":512,\"caption\":\"E-\u00c7\u0130FTL\u0130K HABER\"},\"image\":{\"@id\":\"https:\\\/\\\/e-ciftlik.com\\\/haberler\\\/#\\\/schema\\\/logo\\\/image\\\/\"},\"sameAs\":[\"https:\\\/\\\/www.facebook.com\\\/eciftlikturkiye\",\"https:\\\/\\\/x.com\\\/eciftlikresmi\",\"https:\\\/\\\/www.instagram.com\\\/eciftlikresmi\\\/\"]},{\"@type\":\"Person\",\"@id\":\"https:\\\/\\\/e-ciftlik.com\\\/haberler\\\/#\\\/schema\\\/person\\\/d2f4fee3143d7f72be82cb887d51b00a\",\"name\":\"Haber Merkezi\",\"image\":{\"@type\":\"ImageObject\",\"inLanguage\":\"tr\",\"@id\":\"https:\\\/\\\/secure.gravatar.com\\\/avatar\\\/6c27d641914e66c1d0452c92716002398782818991d86db1c2cccb531e7c7c82?s=96&d=mm&r=g\",\"url\":\"https:\\\/\\\/secure.gravatar.com\\\/avatar\\\/6c27d641914e66c1d0452c92716002398782818991d86db1c2cccb531e7c7c82?s=96&d=mm&r=g\",\"contentUrl\":\"https:\\\/\\\/secure.gravatar.com\\\/avatar\\\/6c27d641914e66c1d0452c92716002398782818991d86db1c2cccb531e7c7c82?s=96&d=mm&r=g\",\"caption\":\"Haber Merkezi\"},\"sameAs\":[\"http:\\\/\\\/e-ciftlik.com\\\/haberler\"]}]}<\/script>\n<!-- \/ Yoast SEO Premium plugin. -->","yoast_head_json":{"title":"Edirne'de Tarla Yang\u0131n\u0131: 90 Dekar Zarar G\u00f6rd\u00fc! - E-&Ccedil;\u0130FTL\u0130K HABER","description":"Edirne'de Toplu Konutlar Yak\u0131n\u0131ndaki Tarlada \u00c7\u0131kan Yang\u0131n Zarara Yol A\u00e7t\u0131 Edirne'de, yerle\u015fim yeri yak\u0131n\u0131ndaki tarlada \u00e7\u0131kan an\u0131z yang\u0131n\u0131nda yakla\u015f\u0131k 90","robots":{"index":"index","follow":"follow","max-snippet":"max-snippet:-1","max-image-preview":"max-image-preview:large","max-video-preview":"max-video-preview:-1"},"canonical":"https:\/\/e-ciftlik.com\/haberler\/tarim\/edirnede-tarla-yangini-90-dekar-zarar-gordu\/","og_locale":"tr_TR","og_type":"article","og_title":"Edirne'de Tarla Yang\u0131n\u0131: 90 Dekar Zarar G\u00f6rd\u00fc!","og_description":"Edirne'de Toplu Konutlar Yak\u0131n\u0131ndaki Tarlada \u00c7\u0131kan Yang\u0131n Zarara Yol A\u00e7t\u0131 Edirne'de, yerle\u015fim yeri yak\u0131n\u0131ndaki tarlada \u00e7\u0131kan an\u0131z yang\u0131n\u0131nda yakla\u015f\u0131k 90","og_url":"https:\/\/e-ciftlik.com\/haberler\/tarim\/edirnede-tarla-yangini-90-dekar-zarar-gordu\/","og_site_name":"E-&Ccedil;\u0130FTL\u0130K HABER","article_publisher":"https:\/\/www.facebook.com\/eciftlikturkiye","article_published_time":"2024-06-24T17:29:00+00:00","og_image":[{"width":1200,"height":675,"url":"https:\/\/e-ciftlik.com\/haberler\/wp-content\/uploads\/2024\/06\/edirne-de-toplu-konutlar-yakinindaki-tarlada-17455300_local.jpg","type":"image\/jpeg"}],"author":"Haber Merkezi","twitter_card":"summary_large_image","twitter_creator":"@eciftlikresmi","twitter_site":"@eciftlikresmi","twitter_misc":{"Yazan:":"Haber Merkezi","Tahmini okuma s\u00fcresi":"1 dakika"},"schema":{"@context":"https:\/\/schema.org","@graph":[{"@type":"NewsArticle","@id":"https:\/\/e-ciftlik.com\/haberler\/tarim\/edirnede-tarla-yangini-90-dekar-zarar-gordu\/#article","isPartOf":{"@id":"https:\/\/e-ciftlik.com\/haberler\/tarim\/edirnede-tarla-yangini-90-dekar-zarar-gordu\/"},"author":{"name":"Haber Merkezi","@id":"https:\/\/e-ciftlik.com\/haberler\/#\/schema\/person\/d2f4fee3143d7f72be82cb887d51b00a"},"headline":"Edirne&#8217;de Tarla Yang\u0131n\u0131: 90 Dekar Zarar G\u00f6rd\u00fc!","datePublished":"2024-06-24T17:29:00+00:00","mainEntityOfPage":{"@id":"https:\/\/e-ciftlik.com\/haberler\/tarim\/edirnede-tarla-yangini-90-dekar-zarar-gordu\/"},"wordCount":202,"commentCount":0,"publisher":{"@id":"https:\/\/e-ciftlik.com\/haberler\/#organization"},"image":{"@id":"https:\/\/e-ciftlik.com\/haberler\/tarim\/edirnede-tarla-yangini-90-dekar-zarar-gordu\/#primaryimage"},"thumbnailUrl":"https:\/\/e-ciftlik.com\/haberler\/wp-content\/uploads\/2024\/06\/edirne-de-toplu-konutlar-yakinindaki-tarlada-17455300_local.jpg","articleSection":["Tar\u0131m"],"inLanguage":"tr","potentialAction":[{"@type":"CommentAction","name":"Comment","target":["https:\/\/e-ciftlik.com\/haberler\/tarim\/edirnede-tarla-yangini-90-dekar-zarar-gordu\/#respond"]}]},{"@type":"WebPage","@id":"https:\/\/e-ciftlik.com\/haberler\/tarim\/edirnede-tarla-yangini-90-dekar-zarar-gordu\/","url":"https:\/\/e-ciftlik.com\/haberler\/tarim\/edirnede-tarla-yangini-90-dekar-zarar-gordu\/","name":"Edirne'de Tarla Yang\u0131n\u0131: 90 Dekar Zarar G\u00f6rd\u00fc! - E-&Ccedil;\u0130FTL\u0130K HABER","isPartOf":{"@id":"https:\/\/e-ciftlik.com\/haberler\/#website"},"primaryImageOfPage":{"@id":"https:\/\/e-ciftlik.com\/haberler\/tarim\/edirnede-tarla-yangini-90-dekar-zarar-gordu\/#primaryimage"},"image":{"@id":"https:\/\/e-ciftlik.com\/haberler\/tarim\/edirnede-tarla-yangini-90-dekar-zarar-gordu\/#primaryimage"},"thumbnailUrl":"https:\/\/e-ciftlik.com\/haberler\/wp-content\/uploads\/2024\/06\/edirne-de-toplu-konutlar-yakinindaki-tarlada-17455300_local.jpg","datePublished":"2024-06-24T17:29:00+00:00","description":"Edirne'de Toplu Konutlar Yak\u0131n\u0131ndaki Tarlada \u00c7\u0131kan Yang\u0131n Zarara Yol A\u00e7t\u0131 Edirne'de, yerle\u015fim yeri yak\u0131n\u0131ndaki tarlada \u00e7\u0131kan an\u0131z yang\u0131n\u0131nda yakla\u015f\u0131k 90","breadcrumb":{"@id":"https:\/\/e-ciftlik.com\/haberler\/tarim\/edirnede-tarla-yangini-90-dekar-zarar-gordu\/#breadcrumb"},"inLanguage":"tr","potentialAction":[{"@type":"ReadAction","target":["https:\/\/e-ciftlik.com\/haberler\/tarim\/edirnede-tarla-yangini-90-dekar-zarar-gordu\/"]}]},{"@type":"ImageObject","inLanguage":"tr","@id":"https:\/\/e-ciftlik.com\/haberler\/tarim\/edirnede-tarla-yangini-90-dekar-zarar-gordu\/#primaryimage","url":"https:\/\/e-ciftlik.com\/haberler\/wp-content\/uploads\/2024\/06\/edirne-de-toplu-konutlar-yakinindaki-tarlada-17455300_local.jpg","contentUrl":"https:\/\/e-ciftlik.com\/haberler\/wp-content\/uploads\/2024\/06\/edirne-de-toplu-konutlar-yakinindaki-tarlada-17455300_local.jpg","width":1200,"height":675},{"@type":"BreadcrumbList","@id":"https:\/\/e-ciftlik.com\/haberler\/tarim\/edirnede-tarla-yangini-90-dekar-zarar-gordu\/#breadcrumb","itemListElement":[{"@type":"ListItem","position":1,"name":"Anasayfa","item":"https:\/\/e-ciftlik.com\/haberler\/"},{"@type":"ListItem","position":2,"name":"Edirne&#8217;de Tarla Yang\u0131n\u0131: 90 Dekar Zarar G\u00f6rd\u00fc!"}]},{"@type":"WebSite","@id":"https:\/\/e-ciftlik.com\/haberler\/#website","url":"https:\/\/e-ciftlik.com\/haberler\/","name":"E-\u00c7iftlik Haber | G\u00fcncel, Son Dakika Haberler, En Son Haber","description":"","publisher":{"@id":"https:\/\/e-ciftlik.com\/haberler\/#organization"},"potentialAction":[{"@type":"SearchAction","target":{"@type":"EntryPoint","urlTemplate":"https:\/\/e-ciftlik.com\/haberler\/?s={search_term_string}"},"query-input":{"@type":"PropertyValueSpecification","valueRequired":true,"valueName":"search_term_string"}}],"inLanguage":"tr"},{"@type":"Organization","@id":"https:\/\/e-ciftlik.com\/haberler\/#organization","name":"E-\u00c7\u0130FTL\u0130K HABER","url":"https:\/\/e-ciftlik.com\/haberler\/","logo":{"@type":"ImageObject","inLanguage":"tr","@id":"https:\/\/e-ciftlik.com\/haberler\/#\/schema\/logo\/image\/","url":"https:\/\/e-ciftlik.com\/haberler\/wp-content\/uploads\/2024\/06\/cropped-cropped-favicon-1-2.png","contentUrl":"https:\/\/e-ciftlik.com\/haberler\/wp-content\/uploads\/2024\/06\/cropped-cropped-favicon-1-2.png","width":512,"height":512,"caption":"E-\u00c7\u0130FTL\u0130K HABER"},"image":{"@id":"https:\/\/e-ciftlik.com\/haberler\/#\/schema\/logo\/image\/"},"sameAs":["https:\/\/www.facebook.com\/eciftlikturkiye","https:\/\/x.com\/eciftlikresmi","https:\/\/www.instagram.com\/eciftlikresmi\/"]},{"@type":"Person","@id":"https:\/\/e-ciftlik.com\/haberler\/#\/schema\/person\/d2f4fee3143d7f72be82cb887d51b00a","name":"Haber Merkezi","image":{"@type":"ImageObject","inLanguage":"tr","@id":"https:\/\/secure.gravatar.com\/avatar\/6c27d641914e66c1d0452c92716002398782818991d86db1c2cccb531e7c7c82?s=96&d=mm&r=g","url":"https:\/\/secure.gravatar.com\/avatar\/6c27d641914e66c1d0452c92716002398782818991d86db1c2cccb531e7c7c82?s=96&d=mm&r=g","contentUrl":"https:\/\/secure.gravatar.com\/avatar\/6c27d641914e66c1d0452c92716002398782818991d86db1c2cccb531e7c7c82?s=96&d=mm&r=g","caption":"Haber Merkezi"},"sameAs":["http:\/\/e-ciftlik.com\/haberler"]}]}},"_links":{"self":[{"href":"https:\/\/e-ciftlik.com\/haberler\/wp-json\/wp\/v2\/posts\/6669","targetHints":{"allow":["GET"]}}],"collection":[{"href":"https:\/\/e-ciftlik.com\/haberler\/wp-json\/wp\/v2\/posts"}],"about":[{"href":"https:\/\/e-ciftlik.com\/haberler\/wp-json\/wp\/v2\/types\/post"}],"author":[{"embeddable":true,"href":"https:\/\/e-ciftlik.com\/haberler\/wp-json\/wp\/v2\/users\/1"}],"replies":[{"embeddable":true,"href":"https:\/\/e-ciftlik.com\/haberler\/wp-json\/wp\/v2\/comments?post=6669"}],"version-history":[{"count":0,"href":"https:\/\/e-ciftlik.com\/haberler\/wp-json\/wp\/v2\/posts\/6669\/revisions"}],"wp:featuredmedia":[{"embeddable":true,"href":"https:\/\/e-ciftlik.com\/haberler\/wp-json\/wp\/v2\/media\/6670"}],"wp:attachment":[{"href":"https:\/\/e-ciftlik.com\/haberler\/wp-json\/wp\/v2\/media?parent=6669"}],"wp:term":[{"taxonomy":"category","embeddable":true,"href":"https:\/\/e-ciftlik.com\/haberler\/wp-json\/wp\/v2\/categories?post=6669"},{"taxonomy":"post_tag","embeddable":true,"href":"https:\/\/e-ciftlik.com\/haberler\/wp-json\/wp\/v2\/tags?post=6669"}],"curies":[{"name":"wp","href":"https:\/\/api.w.org\/{rel}","templated":true}]}}