{"id":6701,"date":"2024-06-25T08:19:20","date_gmt":"2024-06-25T08:19:20","guid":{"rendered":"https:\/\/e-ciftlik.com\/haberler\/memur\/memur-zam-orani-ne-kadar-artacak\/"},"modified":"2024-06-25T08:19:20","modified_gmt":"2024-06-25T08:19:20","slug":"memur-zam-orani-ne-kadar-artacak","status":"publish","type":"post","link":"https:\/\/e-ciftlik.com\/haberler\/memur\/memur-zam-orani-ne-kadar-artacak\/","title":{"rendered":"MEMUR ZAM ORANI NE KADAR ARTACAK?"},"content":{"rendered":"<p>Memur Zam Oran\u0131 Ne Kadar Olacak?<\/p>\n<p>Memur ve memur emeklisi maa\u015flar\u0131na yap\u0131lacak zam oran\u0131, toplu s\u00f6zle\u015fme zamm\u0131 ve enflasyon fark\u0131n\u0131n toplam\u0131 \u00fczerinden hesaplan\u0131yor. \u0130lk alt\u0131 ayda memur ve memur emeklileri toplu s\u00f6zle\u015fme kapsam\u0131nda y\u00fczde 15 zam alm\u0131\u015ft\u0131. Bu s\u00fcre\u00e7te olu\u015facak enflasyon fark\u0131 da maa\u015flara ek olarak yans\u0131yacak.<\/p>\n<p>Yap\u0131lacak hesaplama sonucu alt\u0131 ayl\u0131k enflasyonun y\u00fczde 15&#8217;i a\u015fan b\u00f6l\u00fcm\u00fc enflasyon fark\u0131 olarak memur maa\u015flar\u0131na eklenmi\u015f olacak. Ayr\u0131ca, memur ve memur emeklileri ikinci alt\u0131 ay i\u00e7in toplu s\u00f6zlemeden do\u011fan y\u00fczde 10&#8217;luk zam hakk\u0131na da sahipler. Bu \u015fekilde, maa\u015flara yap\u0131lacak zam oran\u0131 belirlenmi\u015f olacak.<\/p>\n","protected":false},"excerpt":{"rendered":"<p>Memur Zam Oran\u0131 Ne Kadar Olacak? Memur ve memur emeklisi maa\u015flar\u0131na yap\u0131lacak zam oran\u0131, toplu&hellip;<\/p>\n","protected":false},"author":1,"featured_media":6702,"comment_status":"open","ping_status":"open","sticky":false,"template":"","format":"standard","meta":{"footnotes":""},"categories":[11],"tags":[],"class_list":["post-6701","post","type-post","status-publish","format-standard","has-post-thumbnail","hentry","category-memur"],"yoast_head":"<!-- This site is optimized with the Yoast SEO Premium plugin v24.3 (Yoast SEO v27.4) - https:\/\/yoast.com\/product\/yoast-seo-premium-wordpress\/ -->\n<title>MEMUR ZAM ORANI NE KADAR ARTACAK? - E-&Ccedil;\u0130FTL\u0130K HABER<\/title>\n<meta name=\"description\" content=\"Memur Zam Oran\u0131 Ne Kadar Olacak? Memur ve memur emeklisi maa\u015flar\u0131na yap\u0131lacak zam oran\u0131, toplu s\u00f6zle\u015fme zamm\u0131 ve enflasyon fark\u0131n\u0131n toplam\u0131 \u00fczerinden\" \/>\n<meta name=\"robots\" content=\"index, follow, max-snippet:-1, max-image-preview:large, max-video-preview:-1\" \/>\n<link rel=\"canonical\" href=\"https:\/\/e-ciftlik.com\/haberler\/memur\/memur-zam-orani-ne-kadar-artacak\/\" \/>\n<meta property=\"og:locale\" content=\"tr_TR\" \/>\n<meta property=\"og:type\" content=\"article\" \/>\n<meta property=\"og:title\" content=\"MEMUR ZAM ORANI NE KADAR ARTACAK?\" \/>\n<meta property=\"og:description\" content=\"Memur Zam Oran\u0131 Ne Kadar Olacak? Memur ve memur emeklisi maa\u015flar\u0131na yap\u0131lacak zam oran\u0131, toplu s\u00f6zle\u015fme zamm\u0131 ve enflasyon fark\u0131n\u0131n toplam\u0131 \u00fczerinden\" \/>\n<meta property=\"og:url\" content=\"https:\/\/e-ciftlik.com\/haberler\/memur\/memur-zam-orani-ne-kadar-artacak\/\" \/>\n<meta property=\"og:site_name\" content=\"E-&Ccedil;\u0130FTL\u0130K HABER\" \/>\n<meta property=\"article:publisher\" content=\"https:\/\/www.facebook.com\/eciftlikturkiye\" \/>\n<meta property=\"article:published_time\" content=\"2024-06-25T08:19:20+00:00\" \/>\n<meta property=\"og:image\" content=\"https:\/\/e-ciftlik.com\/haberler\/wp-content\/uploads\/2024\/06\/CBCZjNGUEU-Xp3Mvi420fA.jpg\" \/>\n\t<meta property=\"og:image:width\" content=\"1080\" \/>\n\t<meta property=\"og:image:height\" content=\"613\" \/>\n\t<meta property=\"og:image:type\" content=\"image\/jpeg\" \/>\n<meta name=\"author\" content=\"Haber Merkezi\" \/>\n<meta name=\"twitter:card\" content=\"summary_large_image\" \/>\n<meta name=\"twitter:creator\" content=\"@eciftlikresmi\" \/>\n<meta name=\"twitter:site\" content=\"@eciftlikresmi\" \/>\n<meta name=\"twitter:label1\" content=\"Yazan:\" \/>\n\t<meta name=\"twitter:data1\" content=\"Haber Merkezi\" \/>\n\t<meta name=\"twitter:label2\" content=\"Tahmini okuma s\u00fcresi\" \/>\n\t<meta name=\"twitter:data2\" content=\"1 dakika\" \/>\n<script type=\"application\/ld+json\" class=\"yoast-schema-graph\">{\"@context\":\"https:\\\/\\\/schema.org\",\"@graph\":[{\"@type\":\"NewsArticle\",\"@id\":\"https:\\\/\\\/e-ciftlik.com\\\/haberler\\\/memur\\\/memur-zam-orani-ne-kadar-artacak\\\/#article\",\"isPartOf\":{\"@id\":\"https:\\\/\\\/e-ciftlik.com\\\/haberler\\\/memur\\\/memur-zam-orani-ne-kadar-artacak\\\/\"},\"author\":{\"name\":\"Haber Merkezi\",\"@id\":\"https:\\\/\\\/e-ciftlik.com\\\/haberler\\\/#\\\/schema\\\/person\\\/d2f4fee3143d7f72be82cb887d51b00a\"},\"headline\":\"MEMUR ZAM ORANI NE KADAR ARTACAK?\",\"datePublished\":\"2024-06-25T08:19:20+00:00\",\"mainEntityOfPage\":{\"@id\":\"https:\\\/\\\/e-ciftlik.com\\\/haberler\\\/memur\\\/memur-zam-orani-ne-kadar-artacak\\\/\"},\"wordCount\":129,\"commentCount\":0,\"publisher\":{\"@id\":\"https:\\\/\\\/e-ciftlik.com\\\/haberler\\\/#organization\"},\"image\":{\"@id\":\"https:\\\/\\\/e-ciftlik.com\\\/haberler\\\/memur\\\/memur-zam-orani-ne-kadar-artacak\\\/#primaryimage\"},\"thumbnailUrl\":\"https:\\\/\\\/e-ciftlik.com\\\/haberler\\\/wp-content\\\/uploads\\\/2024\\\/06\\\/CBCZjNGUEU-Xp3Mvi420fA.jpg\",\"articleSection\":[\"Memur\"],\"inLanguage\":\"tr\",\"potentialAction\":[{\"@type\":\"CommentAction\",\"name\":\"Comment\",\"target\":[\"https:\\\/\\\/e-ciftlik.com\\\/haberler\\\/memur\\\/memur-zam-orani-ne-kadar-artacak\\\/#respond\"]}]},{\"@type\":\"WebPage\",\"@id\":\"https:\\\/\\\/e-ciftlik.com\\\/haberler\\\/memur\\\/memur-zam-orani-ne-kadar-artacak\\\/\",\"url\":\"https:\\\/\\\/e-ciftlik.com\\\/haberler\\\/memur\\\/memur-zam-orani-ne-kadar-artacak\\\/\",\"name\":\"MEMUR ZAM ORANI NE KADAR ARTACAK? - E-&Ccedil;\u0130FTL\u0130K HABER\",\"isPartOf\":{\"@id\":\"https:\\\/\\\/e-ciftlik.com\\\/haberler\\\/#website\"},\"primaryImageOfPage\":{\"@id\":\"https:\\\/\\\/e-ciftlik.com\\\/haberler\\\/memur\\\/memur-zam-orani-ne-kadar-artacak\\\/#primaryimage\"},\"image\":{\"@id\":\"https:\\\/\\\/e-ciftlik.com\\\/haberler\\\/memur\\\/memur-zam-orani-ne-kadar-artacak\\\/#primaryimage\"},\"thumbnailUrl\":\"https:\\\/\\\/e-ciftlik.com\\\/haberler\\\/wp-content\\\/uploads\\\/2024\\\/06\\\/CBCZjNGUEU-Xp3Mvi420fA.jpg\",\"datePublished\":\"2024-06-25T08:19:20+00:00\",\"description\":\"Memur Zam Oran\u0131 Ne Kadar Olacak? Memur ve memur emeklisi maa\u015flar\u0131na yap\u0131lacak zam oran\u0131, toplu s\u00f6zle\u015fme zamm\u0131 ve enflasyon fark\u0131n\u0131n toplam\u0131 \u00fczerinden\",\"breadcrumb\":{\"@id\":\"https:\\\/\\\/e-ciftlik.com\\\/haberler\\\/memur\\\/memur-zam-orani-ne-kadar-artacak\\\/#breadcrumb\"},\"inLanguage\":\"tr\",\"potentialAction\":[{\"@type\":\"ReadAction\",\"target\":[\"https:\\\/\\\/e-ciftlik.com\\\/haberler\\\/memur\\\/memur-zam-orani-ne-kadar-artacak\\\/\"]}]},{\"@type\":\"ImageObject\",\"inLanguage\":\"tr\",\"@id\":\"https:\\\/\\\/e-ciftlik.com\\\/haberler\\\/memur\\\/memur-zam-orani-ne-kadar-artacak\\\/#primaryimage\",\"url\":\"https:\\\/\\\/e-ciftlik.com\\\/haberler\\\/wp-content\\\/uploads\\\/2024\\\/06\\\/CBCZjNGUEU-Xp3Mvi420fA.jpg\",\"contentUrl\":\"https:\\\/\\\/e-ciftlik.com\\\/haberler\\\/wp-content\\\/uploads\\\/2024\\\/06\\\/CBCZjNGUEU-Xp3Mvi420fA.jpg\",\"width\":1080,\"height\":613},{\"@type\":\"BreadcrumbList\",\"@id\":\"https:\\\/\\\/e-ciftlik.com\\\/haberler\\\/memur\\\/memur-zam-orani-ne-kadar-artacak\\\/#breadcrumb\",\"itemListElement\":[{\"@type\":\"ListItem\",\"position\":1,\"name\":\"Anasayfa\",\"item\":\"https:\\\/\\\/e-ciftlik.com\\\/haberler\\\/\"},{\"@type\":\"ListItem\",\"position\":2,\"name\":\"MEMUR ZAM ORANI NE KADAR ARTACAK?\"}]},{\"@type\":\"WebSite\",\"@id\":\"https:\\\/\\\/e-ciftlik.com\\\/haberler\\\/#website\",\"url\":\"https:\\\/\\\/e-ciftlik.com\\\/haberler\\\/\",\"name\":\"E-\u00c7iftlik Haber | G\u00fcncel, Son Dakika Haberler, En Son Haber\",\"description\":\"\",\"publisher\":{\"@id\":\"https:\\\/\\\/e-ciftlik.com\\\/haberler\\\/#organization\"},\"potentialAction\":[{\"@type\":\"SearchAction\",\"target\":{\"@type\":\"EntryPoint\",\"urlTemplate\":\"https:\\\/\\\/e-ciftlik.com\\\/haberler\\\/?s={search_term_string}\"},\"query-input\":{\"@type\":\"PropertyValueSpecification\",\"valueRequired\":true,\"valueName\":\"search_term_string\"}}],\"inLanguage\":\"tr\"},{\"@type\":\"Organization\",\"@id\":\"https:\\\/\\\/e-ciftlik.com\\\/haberler\\\/#organization\",\"name\":\"E-\u00c7\u0130FTL\u0130K HABER\",\"url\":\"https:\\\/\\\/e-ciftlik.com\\\/haberler\\\/\",\"logo\":{\"@type\":\"ImageObject\",\"inLanguage\":\"tr\",\"@id\":\"https:\\\/\\\/e-ciftlik.com\\\/haberler\\\/#\\\/schema\\\/logo\\\/image\\\/\",\"url\":\"https:\\\/\\\/e-ciftlik.com\\\/haberler\\\/wp-content\\\/uploads\\\/2024\\\/06\\\/cropped-cropped-favicon-1-2.png\",\"contentUrl\":\"https:\\\/\\\/e-ciftlik.com\\\/haberler\\\/wp-content\\\/uploads\\\/2024\\\/06\\\/cropped-cropped-favicon-1-2.png\",\"width\":512,\"height\":512,\"caption\":\"E-\u00c7\u0130FTL\u0130K HABER\"},\"image\":{\"@id\":\"https:\\\/\\\/e-ciftlik.com\\\/haberler\\\/#\\\/schema\\\/logo\\\/image\\\/\"},\"sameAs\":[\"https:\\\/\\\/www.facebook.com\\\/eciftlikturkiye\",\"https:\\\/\\\/x.com\\\/eciftlikresmi\",\"https:\\\/\\\/www.instagram.com\\\/eciftlikresmi\\\/\"]},{\"@type\":\"Person\",\"@id\":\"https:\\\/\\\/e-ciftlik.com\\\/haberler\\\/#\\\/schema\\\/person\\\/d2f4fee3143d7f72be82cb887d51b00a\",\"name\":\"Haber Merkezi\",\"image\":{\"@type\":\"ImageObject\",\"inLanguage\":\"tr\",\"@id\":\"https:\\\/\\\/secure.gravatar.com\\\/avatar\\\/6c27d641914e66c1d0452c92716002398782818991d86db1c2cccb531e7c7c82?s=96&d=mm&r=g\",\"url\":\"https:\\\/\\\/secure.gravatar.com\\\/avatar\\\/6c27d641914e66c1d0452c92716002398782818991d86db1c2cccb531e7c7c82?s=96&d=mm&r=g\",\"contentUrl\":\"https:\\\/\\\/secure.gravatar.com\\\/avatar\\\/6c27d641914e66c1d0452c92716002398782818991d86db1c2cccb531e7c7c82?s=96&d=mm&r=g\",\"caption\":\"Haber Merkezi\"},\"sameAs\":[\"http:\\\/\\\/e-ciftlik.com\\\/haberler\"]}]}<\/script>\n<!-- \/ Yoast SEO Premium plugin. -->","yoast_head_json":{"title":"MEMUR ZAM ORANI NE KADAR ARTACAK? - E-&Ccedil;\u0130FTL\u0130K HABER","description":"Memur Zam Oran\u0131 Ne Kadar Olacak? Memur ve memur emeklisi maa\u015flar\u0131na yap\u0131lacak zam oran\u0131, toplu s\u00f6zle\u015fme zamm\u0131 ve enflasyon fark\u0131n\u0131n toplam\u0131 \u00fczerinden","robots":{"index":"index","follow":"follow","max-snippet":"max-snippet:-1","max-image-preview":"max-image-preview:large","max-video-preview":"max-video-preview:-1"},"canonical":"https:\/\/e-ciftlik.com\/haberler\/memur\/memur-zam-orani-ne-kadar-artacak\/","og_locale":"tr_TR","og_type":"article","og_title":"MEMUR ZAM ORANI NE KADAR ARTACAK?","og_description":"Memur Zam Oran\u0131 Ne Kadar Olacak? Memur ve memur emeklisi maa\u015flar\u0131na yap\u0131lacak zam oran\u0131, toplu s\u00f6zle\u015fme zamm\u0131 ve enflasyon fark\u0131n\u0131n toplam\u0131 \u00fczerinden","og_url":"https:\/\/e-ciftlik.com\/haberler\/memur\/memur-zam-orani-ne-kadar-artacak\/","og_site_name":"E-&Ccedil;\u0130FTL\u0130K HABER","article_publisher":"https:\/\/www.facebook.com\/eciftlikturkiye","article_published_time":"2024-06-25T08:19:20+00:00","og_image":[{"width":1080,"height":613,"url":"https:\/\/e-ciftlik.com\/haberler\/wp-content\/uploads\/2024\/06\/CBCZjNGUEU-Xp3Mvi420fA.jpg","type":"image\/jpeg"}],"author":"Haber Merkezi","twitter_card":"summary_large_image","twitter_creator":"@eciftlikresmi","twitter_site":"@eciftlikresmi","twitter_misc":{"Yazan:":"Haber Merkezi","Tahmini okuma s\u00fcresi":"1 dakika"},"schema":{"@context":"https:\/\/schema.org","@graph":[{"@type":"NewsArticle","@id":"https:\/\/e-ciftlik.com\/haberler\/memur\/memur-zam-orani-ne-kadar-artacak\/#article","isPartOf":{"@id":"https:\/\/e-ciftlik.com\/haberler\/memur\/memur-zam-orani-ne-kadar-artacak\/"},"author":{"name":"Haber Merkezi","@id":"https:\/\/e-ciftlik.com\/haberler\/#\/schema\/person\/d2f4fee3143d7f72be82cb887d51b00a"},"headline":"MEMUR ZAM ORANI NE KADAR ARTACAK?","datePublished":"2024-06-25T08:19:20+00:00","mainEntityOfPage":{"@id":"https:\/\/e-ciftlik.com\/haberler\/memur\/memur-zam-orani-ne-kadar-artacak\/"},"wordCount":129,"commentCount":0,"publisher":{"@id":"https:\/\/e-ciftlik.com\/haberler\/#organization"},"image":{"@id":"https:\/\/e-ciftlik.com\/haberler\/memur\/memur-zam-orani-ne-kadar-artacak\/#primaryimage"},"thumbnailUrl":"https:\/\/e-ciftlik.com\/haberler\/wp-content\/uploads\/2024\/06\/CBCZjNGUEU-Xp3Mvi420fA.jpg","articleSection":["Memur"],"inLanguage":"tr","potentialAction":[{"@type":"CommentAction","name":"Comment","target":["https:\/\/e-ciftlik.com\/haberler\/memur\/memur-zam-orani-ne-kadar-artacak\/#respond"]}]},{"@type":"WebPage","@id":"https:\/\/e-ciftlik.com\/haberler\/memur\/memur-zam-orani-ne-kadar-artacak\/","url":"https:\/\/e-ciftlik.com\/haberler\/memur\/memur-zam-orani-ne-kadar-artacak\/","name":"MEMUR ZAM ORANI NE KADAR ARTACAK? - E-&Ccedil;\u0130FTL\u0130K HABER","isPartOf":{"@id":"https:\/\/e-ciftlik.com\/haberler\/#website"},"primaryImageOfPage":{"@id":"https:\/\/e-ciftlik.com\/haberler\/memur\/memur-zam-orani-ne-kadar-artacak\/#primaryimage"},"image":{"@id":"https:\/\/e-ciftlik.com\/haberler\/memur\/memur-zam-orani-ne-kadar-artacak\/#primaryimage"},"thumbnailUrl":"https:\/\/e-ciftlik.com\/haberler\/wp-content\/uploads\/2024\/06\/CBCZjNGUEU-Xp3Mvi420fA.jpg","datePublished":"2024-06-25T08:19:20+00:00","description":"Memur Zam Oran\u0131 Ne Kadar Olacak? Memur ve memur emeklisi maa\u015flar\u0131na yap\u0131lacak zam oran\u0131, toplu s\u00f6zle\u015fme zamm\u0131 ve enflasyon fark\u0131n\u0131n toplam\u0131 \u00fczerinden","breadcrumb":{"@id":"https:\/\/e-ciftlik.com\/haberler\/memur\/memur-zam-orani-ne-kadar-artacak\/#breadcrumb"},"inLanguage":"tr","potentialAction":[{"@type":"ReadAction","target":["https:\/\/e-ciftlik.com\/haberler\/memur\/memur-zam-orani-ne-kadar-artacak\/"]}]},{"@type":"ImageObject","inLanguage":"tr","@id":"https:\/\/e-ciftlik.com\/haberler\/memur\/memur-zam-orani-ne-kadar-artacak\/#primaryimage","url":"https:\/\/e-ciftlik.com\/haberler\/wp-content\/uploads\/2024\/06\/CBCZjNGUEU-Xp3Mvi420fA.jpg","contentUrl":"https:\/\/e-ciftlik.com\/haberler\/wp-content\/uploads\/2024\/06\/CBCZjNGUEU-Xp3Mvi420fA.jpg","width":1080,"height":613},{"@type":"BreadcrumbList","@id":"https:\/\/e-ciftlik.com\/haberler\/memur\/memur-zam-orani-ne-kadar-artacak\/#breadcrumb","itemListElement":[{"@type":"ListItem","position":1,"name":"Anasayfa","item":"https:\/\/e-ciftlik.com\/haberler\/"},{"@type":"ListItem","position":2,"name":"MEMUR ZAM ORANI NE KADAR ARTACAK?"}]},{"@type":"WebSite","@id":"https:\/\/e-ciftlik.com\/haberler\/#website","url":"https:\/\/e-ciftlik.com\/haberler\/","name":"E-\u00c7iftlik Haber | G\u00fcncel, Son Dakika Haberler, En Son Haber","description":"","publisher":{"@id":"https:\/\/e-ciftlik.com\/haberler\/#organization"},"potentialAction":[{"@type":"SearchAction","target":{"@type":"EntryPoint","urlTemplate":"https:\/\/e-ciftlik.com\/haberler\/?s={search_term_string}"},"query-input":{"@type":"PropertyValueSpecification","valueRequired":true,"valueName":"search_term_string"}}],"inLanguage":"tr"},{"@type":"Organization","@id":"https:\/\/e-ciftlik.com\/haberler\/#organization","name":"E-\u00c7\u0130FTL\u0130K HABER","url":"https:\/\/e-ciftlik.com\/haberler\/","logo":{"@type":"ImageObject","inLanguage":"tr","@id":"https:\/\/e-ciftlik.com\/haberler\/#\/schema\/logo\/image\/","url":"https:\/\/e-ciftlik.com\/haberler\/wp-content\/uploads\/2024\/06\/cropped-cropped-favicon-1-2.png","contentUrl":"https:\/\/e-ciftlik.com\/haberler\/wp-content\/uploads\/2024\/06\/cropped-cropped-favicon-1-2.png","width":512,"height":512,"caption":"E-\u00c7\u0130FTL\u0130K HABER"},"image":{"@id":"https:\/\/e-ciftlik.com\/haberler\/#\/schema\/logo\/image\/"},"sameAs":["https:\/\/www.facebook.com\/eciftlikturkiye","https:\/\/x.com\/eciftlikresmi","https:\/\/www.instagram.com\/eciftlikresmi\/"]},{"@type":"Person","@id":"https:\/\/e-ciftlik.com\/haberler\/#\/schema\/person\/d2f4fee3143d7f72be82cb887d51b00a","name":"Haber Merkezi","image":{"@type":"ImageObject","inLanguage":"tr","@id":"https:\/\/secure.gravatar.com\/avatar\/6c27d641914e66c1d0452c92716002398782818991d86db1c2cccb531e7c7c82?s=96&d=mm&r=g","url":"https:\/\/secure.gravatar.com\/avatar\/6c27d641914e66c1d0452c92716002398782818991d86db1c2cccb531e7c7c82?s=96&d=mm&r=g","contentUrl":"https:\/\/secure.gravatar.com\/avatar\/6c27d641914e66c1d0452c92716002398782818991d86db1c2cccb531e7c7c82?s=96&d=mm&r=g","caption":"Haber Merkezi"},"sameAs":["http:\/\/e-ciftlik.com\/haberler"]}]}},"_links":{"self":[{"href":"https:\/\/e-ciftlik.com\/haberler\/wp-json\/wp\/v2\/posts\/6701","targetHints":{"allow":["GET"]}}],"collection":[{"href":"https:\/\/e-ciftlik.com\/haberler\/wp-json\/wp\/v2\/posts"}],"about":[{"href":"https:\/\/e-ciftlik.com\/haberler\/wp-json\/wp\/v2\/types\/post"}],"author":[{"embeddable":true,"href":"https:\/\/e-ciftlik.com\/haberler\/wp-json\/wp\/v2\/users\/1"}],"replies":[{"embeddable":true,"href":"https:\/\/e-ciftlik.com\/haberler\/wp-json\/wp\/v2\/comments?post=6701"}],"version-history":[{"count":0,"href":"https:\/\/e-ciftlik.com\/haberler\/wp-json\/wp\/v2\/posts\/6701\/revisions"}],"wp:featuredmedia":[{"embeddable":true,"href":"https:\/\/e-ciftlik.com\/haberler\/wp-json\/wp\/v2\/media\/6702"}],"wp:attachment":[{"href":"https:\/\/e-ciftlik.com\/haberler\/wp-json\/wp\/v2\/media?parent=6701"}],"wp:term":[{"taxonomy":"category","embeddable":true,"href":"https:\/\/e-ciftlik.com\/haberler\/wp-json\/wp\/v2\/categories?post=6701"},{"taxonomy":"post_tag","embeddable":true,"href":"https:\/\/e-ciftlik.com\/haberler\/wp-json\/wp\/v2\/tags?post=6701"}],"curies":[{"name":"wp","href":"https:\/\/api.w.org\/{rel}","templated":true}]}}