{"id":6709,"date":"2024-06-25T08:43:44","date_gmt":"2024-06-25T08:43:44","guid":{"rendered":"https:\/\/e-ciftlik.com\/haberler\/otomobil\/nissan-cindeki-fabrikasini-kapatiyor\/"},"modified":"2024-06-25T08:43:44","modified_gmt":"2024-06-25T08:43:44","slug":"nissan-cindeki-fabrikasini-kapatiyor","status":"publish","type":"post","link":"https:\/\/e-ciftlik.com\/haberler\/otomobil\/nissan-cindeki-fabrikasini-kapatiyor\/","title":{"rendered":"Nissan, \u00c7in&#8217;deki Fabrikas\u0131n\u0131 Kapat\u0131yor"},"content":{"rendered":"<p>Nissan Motor&#8217;un, \u00c7in&#8217;in do\u011fusundaki Ciangsu kentinde bulunan otomobil fabrikas\u0131n\u0131 kapataca\u011f\u0131 belirtiliyor. Bu karar, ba\u015fta \u00c7in men\u015feliler olmak \u00fczere rakip firmalar\u0131n Asya pazar\u0131nda sat\u0131\u015f hacimlerini g\u00fc\u00e7lendirmesiyle kar\u015f\u0131 kar\u015f\u0131ya kalan otomobil \u00fcreticilerinin zorlu g\u00fcnlerine i\u015faret ediyor.<\/p>\n<p>Nissan, \u00c7in&#8217;in Ciangsu eyaletinin \u00c7angcou kentinde bulunan fabrikas\u0131n\u0131 kapatacak. \u00c7in firmas\u0131 Dongfeng Motor ile i\u015f birli\u011fi i\u00e7erisinde i\u015fletilen bu fabrikada &#8220;Qashqai&#8221; kompakt spor modeli \u00fcretiliyordu. Fabrikan\u0131n y\u0131ll\u0131k 130 bin adet \u00fcretim kapasitesine sahip oldu\u011fu ve Japon firmas\u0131n\u0131n \u00c7in genelindeki toplam imalat hacminin yakla\u015f\u0131k y\u00fczde 10&#8217;unu olu\u015fturdu\u011fu belirtiliyor.<\/p>\n<p>Kapatma karar\u0131, \u00c7in&#8217;de d\u00fc\u015fen sat\u0131\u015flar sonras\u0131 Japon firmas\u0131n\u0131n \u00fclke i\u00e7i \u00fcretim kapasitesini daraltma ihtiyac\u0131ndan kaynaklan\u0131yor. \u00c7in&#8217;deki fiyat rekabetinin artmas\u0131yla birlikte Nissan&#8217;\u0131n sat\u0131\u015f hacminin azald\u0131\u011f\u0131 ve \u00fcretim fazlas\u0131 ya\u015fand\u0131\u011f\u0131 ifade ediliyor. Son verilere g\u00f6re Nissan&#8217;\u0131n \u00c7in&#8217;deki may\u0131s ay\u0131 yeni ara\u00e7 sat\u0131\u015flar\u0131, \u00f6nceki y\u0131l\u0131n ayn\u0131 d\u00f6nemine g\u00f6re y\u00fczde 2,8 azalm\u0131\u015f.<\/p>\n<p>\u00c7in medyas\u0131nda ise, \u00c7in men\u015feli otomobil \u00fcreticilerinin yerel pazarda elektrikli ara\u00e7lar ba\u015fta olmak \u00fczere hakimiyetini art\u0131rd\u0131\u011f\u0131 vurgulan\u0131yor. Nissan&#8217;\u0131n Qashqai fabrikas\u0131n\u0131n kapanmas\u0131yla beraber, otomobil sekt\u00f6r\u00fcndeki rekabetin daha da k\u0131z\u0131\u015fabilece\u011fi \u00f6ng\u00f6r\u00fcl\u00fcyor.<\/p>\n","protected":false},"excerpt":{"rendered":"<p>Nissan Motor&#8217;un, \u00c7in&#8217;in do\u011fusundaki Ciangsu kentinde bulunan otomobil fabrikas\u0131n\u0131 kapataca\u011f\u0131 belirtiliyor. Bu karar, ba\u015fta \u00c7in&hellip;<\/p>\n","protected":false},"author":1,"featured_media":6710,"comment_status":"open","ping_status":"open","sticky":false,"template":"","format":"standard","meta":{"footnotes":""},"categories":[5],"tags":[783,784,785,727],"class_list":["post-6709","post","type-post","status-publish","format-standard","has-post-thumbnail","hentry","category-otomobil","tag-cindeki","tag-fabrikasini","tag-kapatiyor","tag-nissan"],"yoast_head":"<!-- This site is optimized with the Yoast SEO Premium plugin v24.3 (Yoast SEO v27.4) - https:\/\/yoast.com\/product\/yoast-seo-premium-wordpress\/ -->\n<title>Nissan, \u00c7in&#039;deki Fabrikas\u0131n\u0131 Kapat\u0131yor - E-&Ccedil;\u0130FTL\u0130K HABER<\/title>\n<meta name=\"description\" content=\"Nissan Motor&#039;un, \u00c7in&#039;in do\u011fusundaki Ciangsu kentinde bulunan otomobil fabrikas\u0131n\u0131 kapataca\u011f\u0131 belirtiliyor. Bu karar, ba\u015fta \u00c7in men\u015feliler olmak \u00fczere\" \/>\n<meta name=\"robots\" content=\"index, follow, max-snippet:-1, max-image-preview:large, max-video-preview:-1\" \/>\n<link rel=\"canonical\" href=\"http:\/\/e-ciftlik.com\/haberler\/otomobil\/nissan-cindeki-fabrikasini-kapatiyor\/\" \/>\n<meta property=\"og:locale\" content=\"tr_TR\" \/>\n<meta property=\"og:type\" content=\"article\" \/>\n<meta property=\"og:title\" content=\"Nissan, \u00c7in&#039;deki Fabrikas\u0131n\u0131 Kapat\u0131yor\" \/>\n<meta property=\"og:description\" content=\"Nissan Motor&#039;un, \u00c7in&#039;in do\u011fusundaki Ciangsu kentinde bulunan otomobil fabrikas\u0131n\u0131 kapataca\u011f\u0131 belirtiliyor. Bu karar, ba\u015fta \u00c7in men\u015feliler olmak \u00fczere\" \/>\n<meta property=\"og:url\" content=\"http:\/\/e-ciftlik.com\/haberler\/otomobil\/nissan-cindeki-fabrikasini-kapatiyor\/\" \/>\n<meta property=\"og:site_name\" content=\"E-&Ccedil;\u0130FTL\u0130K HABER\" \/>\n<meta property=\"article:publisher\" content=\"https:\/\/www.facebook.com\/eciftlikturkiye\" \/>\n<meta property=\"article:published_time\" content=\"2024-06-25T08:43:44+00:00\" \/>\n<meta property=\"og:image\" content=\"http:\/\/e-ciftlik.com\/haberler\/wp-content\/uploads\/2024\/06\/667a5a176e7df768.jpg\" \/>\n\t<meta property=\"og:image:width\" content=\"1200\" \/>\n\t<meta property=\"og:image:height\" content=\"675\" \/>\n\t<meta property=\"og:image:type\" content=\"image\/jpeg\" \/>\n<meta name=\"author\" content=\"Haber Merkezi\" \/>\n<meta name=\"twitter:card\" content=\"summary_large_image\" \/>\n<meta name=\"twitter:creator\" content=\"@eciftlikresmi\" \/>\n<meta name=\"twitter:site\" content=\"@eciftlikresmi\" \/>\n<meta name=\"twitter:label1\" content=\"Yazan:\" \/>\n\t<meta name=\"twitter:data1\" content=\"Haber Merkezi\" \/>\n\t<meta name=\"twitter:label2\" content=\"Tahmini okuma s\u00fcresi\" \/>\n\t<meta name=\"twitter:data2\" content=\"1 dakika\" \/>\n<script type=\"application\/ld+json\" class=\"yoast-schema-graph\">{\"@context\":\"https:\\\/\\\/schema.org\",\"@graph\":[{\"@type\":\"NewsArticle\",\"@id\":\"http:\\\/\\\/e-ciftlik.com\\\/haberler\\\/otomobil\\\/nissan-cindeki-fabrikasini-kapatiyor\\\/#article\",\"isPartOf\":{\"@id\":\"http:\\\/\\\/e-ciftlik.com\\\/haberler\\\/otomobil\\\/nissan-cindeki-fabrikasini-kapatiyor\\\/\"},\"author\":{\"name\":\"Haber Merkezi\",\"@id\":\"https:\\\/\\\/e-ciftlik.com\\\/haberler\\\/#\\\/schema\\\/person\\\/d2f4fee3143d7f72be82cb887d51b00a\"},\"headline\":\"Nissan, \u00c7in&#8217;deki Fabrikas\u0131n\u0131 Kapat\u0131yor\",\"datePublished\":\"2024-06-25T08:43:44+00:00\",\"mainEntityOfPage\":{\"@id\":\"http:\\\/\\\/e-ciftlik.com\\\/haberler\\\/otomobil\\\/nissan-cindeki-fabrikasini-kapatiyor\\\/\"},\"wordCount\":230,\"commentCount\":0,\"publisher\":{\"@id\":\"https:\\\/\\\/e-ciftlik.com\\\/haberler\\\/#organization\"},\"image\":{\"@id\":\"http:\\\/\\\/e-ciftlik.com\\\/haberler\\\/otomobil\\\/nissan-cindeki-fabrikasini-kapatiyor\\\/#primaryimage\"},\"thumbnailUrl\":\"https:\\\/\\\/e-ciftlik.com\\\/haberler\\\/wp-content\\\/uploads\\\/2024\\\/06\\\/667a5a176e7df768.jpg\",\"keywords\":[\"\u00c7indeki\",\"Fabrikas\u0131n\u0131\",\"Kapat\u0131yor\",\"Nissan\"],\"articleSection\":[\"Otomobil\"],\"inLanguage\":\"tr\",\"potentialAction\":[{\"@type\":\"CommentAction\",\"name\":\"Comment\",\"target\":[\"http:\\\/\\\/e-ciftlik.com\\\/haberler\\\/otomobil\\\/nissan-cindeki-fabrikasini-kapatiyor\\\/#respond\"]}]},{\"@type\":\"WebPage\",\"@id\":\"http:\\\/\\\/e-ciftlik.com\\\/haberler\\\/otomobil\\\/nissan-cindeki-fabrikasini-kapatiyor\\\/\",\"url\":\"http:\\\/\\\/e-ciftlik.com\\\/haberler\\\/otomobil\\\/nissan-cindeki-fabrikasini-kapatiyor\\\/\",\"name\":\"Nissan, \u00c7in'deki Fabrikas\u0131n\u0131 Kapat\u0131yor - E-&Ccedil;\u0130FTL\u0130K HABER\",\"isPartOf\":{\"@id\":\"https:\\\/\\\/e-ciftlik.com\\\/haberler\\\/#website\"},\"primaryImageOfPage\":{\"@id\":\"http:\\\/\\\/e-ciftlik.com\\\/haberler\\\/otomobil\\\/nissan-cindeki-fabrikasini-kapatiyor\\\/#primaryimage\"},\"image\":{\"@id\":\"http:\\\/\\\/e-ciftlik.com\\\/haberler\\\/otomobil\\\/nissan-cindeki-fabrikasini-kapatiyor\\\/#primaryimage\"},\"thumbnailUrl\":\"https:\\\/\\\/e-ciftlik.com\\\/haberler\\\/wp-content\\\/uploads\\\/2024\\\/06\\\/667a5a176e7df768.jpg\",\"datePublished\":\"2024-06-25T08:43:44+00:00\",\"description\":\"Nissan Motor'un, \u00c7in'in do\u011fusundaki Ciangsu kentinde bulunan otomobil fabrikas\u0131n\u0131 kapataca\u011f\u0131 belirtiliyor. Bu karar, ba\u015fta \u00c7in men\u015feliler olmak \u00fczere\",\"breadcrumb\":{\"@id\":\"http:\\\/\\\/e-ciftlik.com\\\/haberler\\\/otomobil\\\/nissan-cindeki-fabrikasini-kapatiyor\\\/#breadcrumb\"},\"inLanguage\":\"tr\",\"potentialAction\":[{\"@type\":\"ReadAction\",\"target\":[\"http:\\\/\\\/e-ciftlik.com\\\/haberler\\\/otomobil\\\/nissan-cindeki-fabrikasini-kapatiyor\\\/\"]}]},{\"@type\":\"ImageObject\",\"inLanguage\":\"tr\",\"@id\":\"http:\\\/\\\/e-ciftlik.com\\\/haberler\\\/otomobil\\\/nissan-cindeki-fabrikasini-kapatiyor\\\/#primaryimage\",\"url\":\"https:\\\/\\\/e-ciftlik.com\\\/haberler\\\/wp-content\\\/uploads\\\/2024\\\/06\\\/667a5a176e7df768.jpg\",\"contentUrl\":\"https:\\\/\\\/e-ciftlik.com\\\/haberler\\\/wp-content\\\/uploads\\\/2024\\\/06\\\/667a5a176e7df768.jpg\",\"width\":1200,\"height\":675},{\"@type\":\"BreadcrumbList\",\"@id\":\"http:\\\/\\\/e-ciftlik.com\\\/haberler\\\/otomobil\\\/nissan-cindeki-fabrikasini-kapatiyor\\\/#breadcrumb\",\"itemListElement\":[{\"@type\":\"ListItem\",\"position\":1,\"name\":\"Anasayfa\",\"item\":\"https:\\\/\\\/e-ciftlik.com\\\/haberler\\\/\"},{\"@type\":\"ListItem\",\"position\":2,\"name\":\"Nissan, \u00c7in&#8217;deki Fabrikas\u0131n\u0131 Kapat\u0131yor\"}]},{\"@type\":\"WebSite\",\"@id\":\"https:\\\/\\\/e-ciftlik.com\\\/haberler\\\/#website\",\"url\":\"https:\\\/\\\/e-ciftlik.com\\\/haberler\\\/\",\"name\":\"E-\u00c7iftlik Haber | G\u00fcncel, Son Dakika Haberler, En Son Haber\",\"description\":\"\",\"publisher\":{\"@id\":\"https:\\\/\\\/e-ciftlik.com\\\/haberler\\\/#organization\"},\"potentialAction\":[{\"@type\":\"SearchAction\",\"target\":{\"@type\":\"EntryPoint\",\"urlTemplate\":\"https:\\\/\\\/e-ciftlik.com\\\/haberler\\\/?s={search_term_string}\"},\"query-input\":{\"@type\":\"PropertyValueSpecification\",\"valueRequired\":true,\"valueName\":\"search_term_string\"}}],\"inLanguage\":\"tr\"},{\"@type\":\"Organization\",\"@id\":\"https:\\\/\\\/e-ciftlik.com\\\/haberler\\\/#organization\",\"name\":\"E-\u00c7\u0130FTL\u0130K HABER\",\"url\":\"https:\\\/\\\/e-ciftlik.com\\\/haberler\\\/\",\"logo\":{\"@type\":\"ImageObject\",\"inLanguage\":\"tr\",\"@id\":\"https:\\\/\\\/e-ciftlik.com\\\/haberler\\\/#\\\/schema\\\/logo\\\/image\\\/\",\"url\":\"https:\\\/\\\/e-ciftlik.com\\\/haberler\\\/wp-content\\\/uploads\\\/2024\\\/06\\\/cropped-cropped-favicon-1-2.png\",\"contentUrl\":\"https:\\\/\\\/e-ciftlik.com\\\/haberler\\\/wp-content\\\/uploads\\\/2024\\\/06\\\/cropped-cropped-favicon-1-2.png\",\"width\":512,\"height\":512,\"caption\":\"E-\u00c7\u0130FTL\u0130K HABER\"},\"image\":{\"@id\":\"https:\\\/\\\/e-ciftlik.com\\\/haberler\\\/#\\\/schema\\\/logo\\\/image\\\/\"},\"sameAs\":[\"https:\\\/\\\/www.facebook.com\\\/eciftlikturkiye\",\"https:\\\/\\\/x.com\\\/eciftlikresmi\",\"https:\\\/\\\/www.instagram.com\\\/eciftlikresmi\\\/\"]},{\"@type\":\"Person\",\"@id\":\"https:\\\/\\\/e-ciftlik.com\\\/haberler\\\/#\\\/schema\\\/person\\\/d2f4fee3143d7f72be82cb887d51b00a\",\"name\":\"Haber Merkezi\",\"image\":{\"@type\":\"ImageObject\",\"inLanguage\":\"tr\",\"@id\":\"https:\\\/\\\/secure.gravatar.com\\\/avatar\\\/6c27d641914e66c1d0452c92716002398782818991d86db1c2cccb531e7c7c82?s=96&d=mm&r=g\",\"url\":\"https:\\\/\\\/secure.gravatar.com\\\/avatar\\\/6c27d641914e66c1d0452c92716002398782818991d86db1c2cccb531e7c7c82?s=96&d=mm&r=g\",\"contentUrl\":\"https:\\\/\\\/secure.gravatar.com\\\/avatar\\\/6c27d641914e66c1d0452c92716002398782818991d86db1c2cccb531e7c7c82?s=96&d=mm&r=g\",\"caption\":\"Haber Merkezi\"},\"sameAs\":[\"http:\\\/\\\/e-ciftlik.com\\\/haberler\"]}]}<\/script>\n<!-- \/ Yoast SEO Premium plugin. -->","yoast_head_json":{"title":"Nissan, \u00c7in'deki Fabrikas\u0131n\u0131 Kapat\u0131yor - E-&Ccedil;\u0130FTL\u0130K HABER","description":"Nissan Motor'un, \u00c7in'in do\u011fusundaki Ciangsu kentinde bulunan otomobil fabrikas\u0131n\u0131 kapataca\u011f\u0131 belirtiliyor. Bu karar, ba\u015fta \u00c7in men\u015feliler olmak \u00fczere","robots":{"index":"index","follow":"follow","max-snippet":"max-snippet:-1","max-image-preview":"max-image-preview:large","max-video-preview":"max-video-preview:-1"},"canonical":"http:\/\/e-ciftlik.com\/haberler\/otomobil\/nissan-cindeki-fabrikasini-kapatiyor\/","og_locale":"tr_TR","og_type":"article","og_title":"Nissan, \u00c7in'deki Fabrikas\u0131n\u0131 Kapat\u0131yor","og_description":"Nissan Motor'un, \u00c7in'in do\u011fusundaki Ciangsu kentinde bulunan otomobil fabrikas\u0131n\u0131 kapataca\u011f\u0131 belirtiliyor. Bu karar, ba\u015fta \u00c7in men\u015feliler olmak \u00fczere","og_url":"http:\/\/e-ciftlik.com\/haberler\/otomobil\/nissan-cindeki-fabrikasini-kapatiyor\/","og_site_name":"E-&Ccedil;\u0130FTL\u0130K HABER","article_publisher":"https:\/\/www.facebook.com\/eciftlikturkiye","article_published_time":"2024-06-25T08:43:44+00:00","og_image":[{"width":1200,"height":675,"url":"http:\/\/e-ciftlik.com\/haberler\/wp-content\/uploads\/2024\/06\/667a5a176e7df768.jpg","type":"image\/jpeg"}],"author":"Haber Merkezi","twitter_card":"summary_large_image","twitter_creator":"@eciftlikresmi","twitter_site":"@eciftlikresmi","twitter_misc":{"Yazan:":"Haber Merkezi","Tahmini okuma s\u00fcresi":"1 dakika"},"schema":{"@context":"https:\/\/schema.org","@graph":[{"@type":"NewsArticle","@id":"http:\/\/e-ciftlik.com\/haberler\/otomobil\/nissan-cindeki-fabrikasini-kapatiyor\/#article","isPartOf":{"@id":"http:\/\/e-ciftlik.com\/haberler\/otomobil\/nissan-cindeki-fabrikasini-kapatiyor\/"},"author":{"name":"Haber Merkezi","@id":"https:\/\/e-ciftlik.com\/haberler\/#\/schema\/person\/d2f4fee3143d7f72be82cb887d51b00a"},"headline":"Nissan, \u00c7in&#8217;deki Fabrikas\u0131n\u0131 Kapat\u0131yor","datePublished":"2024-06-25T08:43:44+00:00","mainEntityOfPage":{"@id":"http:\/\/e-ciftlik.com\/haberler\/otomobil\/nissan-cindeki-fabrikasini-kapatiyor\/"},"wordCount":230,"commentCount":0,"publisher":{"@id":"https:\/\/e-ciftlik.com\/haberler\/#organization"},"image":{"@id":"http:\/\/e-ciftlik.com\/haberler\/otomobil\/nissan-cindeki-fabrikasini-kapatiyor\/#primaryimage"},"thumbnailUrl":"https:\/\/e-ciftlik.com\/haberler\/wp-content\/uploads\/2024\/06\/667a5a176e7df768.jpg","keywords":["\u00c7indeki","Fabrikas\u0131n\u0131","Kapat\u0131yor","Nissan"],"articleSection":["Otomobil"],"inLanguage":"tr","potentialAction":[{"@type":"CommentAction","name":"Comment","target":["http:\/\/e-ciftlik.com\/haberler\/otomobil\/nissan-cindeki-fabrikasini-kapatiyor\/#respond"]}]},{"@type":"WebPage","@id":"http:\/\/e-ciftlik.com\/haberler\/otomobil\/nissan-cindeki-fabrikasini-kapatiyor\/","url":"http:\/\/e-ciftlik.com\/haberler\/otomobil\/nissan-cindeki-fabrikasini-kapatiyor\/","name":"Nissan, \u00c7in'deki Fabrikas\u0131n\u0131 Kapat\u0131yor - E-&Ccedil;\u0130FTL\u0130K HABER","isPartOf":{"@id":"https:\/\/e-ciftlik.com\/haberler\/#website"},"primaryImageOfPage":{"@id":"http:\/\/e-ciftlik.com\/haberler\/otomobil\/nissan-cindeki-fabrikasini-kapatiyor\/#primaryimage"},"image":{"@id":"http:\/\/e-ciftlik.com\/haberler\/otomobil\/nissan-cindeki-fabrikasini-kapatiyor\/#primaryimage"},"thumbnailUrl":"https:\/\/e-ciftlik.com\/haberler\/wp-content\/uploads\/2024\/06\/667a5a176e7df768.jpg","datePublished":"2024-06-25T08:43:44+00:00","description":"Nissan Motor'un, \u00c7in'in do\u011fusundaki Ciangsu kentinde bulunan otomobil fabrikas\u0131n\u0131 kapataca\u011f\u0131 belirtiliyor. Bu karar, ba\u015fta \u00c7in men\u015feliler olmak \u00fczere","breadcrumb":{"@id":"http:\/\/e-ciftlik.com\/haberler\/otomobil\/nissan-cindeki-fabrikasini-kapatiyor\/#breadcrumb"},"inLanguage":"tr","potentialAction":[{"@type":"ReadAction","target":["http:\/\/e-ciftlik.com\/haberler\/otomobil\/nissan-cindeki-fabrikasini-kapatiyor\/"]}]},{"@type":"ImageObject","inLanguage":"tr","@id":"http:\/\/e-ciftlik.com\/haberler\/otomobil\/nissan-cindeki-fabrikasini-kapatiyor\/#primaryimage","url":"https:\/\/e-ciftlik.com\/haberler\/wp-content\/uploads\/2024\/06\/667a5a176e7df768.jpg","contentUrl":"https:\/\/e-ciftlik.com\/haberler\/wp-content\/uploads\/2024\/06\/667a5a176e7df768.jpg","width":1200,"height":675},{"@type":"BreadcrumbList","@id":"http:\/\/e-ciftlik.com\/haberler\/otomobil\/nissan-cindeki-fabrikasini-kapatiyor\/#breadcrumb","itemListElement":[{"@type":"ListItem","position":1,"name":"Anasayfa","item":"https:\/\/e-ciftlik.com\/haberler\/"},{"@type":"ListItem","position":2,"name":"Nissan, \u00c7in&#8217;deki Fabrikas\u0131n\u0131 Kapat\u0131yor"}]},{"@type":"WebSite","@id":"https:\/\/e-ciftlik.com\/haberler\/#website","url":"https:\/\/e-ciftlik.com\/haberler\/","name":"E-\u00c7iftlik Haber | G\u00fcncel, Son Dakika Haberler, En Son Haber","description":"","publisher":{"@id":"https:\/\/e-ciftlik.com\/haberler\/#organization"},"potentialAction":[{"@type":"SearchAction","target":{"@type":"EntryPoint","urlTemplate":"https:\/\/e-ciftlik.com\/haberler\/?s={search_term_string}"},"query-input":{"@type":"PropertyValueSpecification","valueRequired":true,"valueName":"search_term_string"}}],"inLanguage":"tr"},{"@type":"Organization","@id":"https:\/\/e-ciftlik.com\/haberler\/#organization","name":"E-\u00c7\u0130FTL\u0130K HABER","url":"https:\/\/e-ciftlik.com\/haberler\/","logo":{"@type":"ImageObject","inLanguage":"tr","@id":"https:\/\/e-ciftlik.com\/haberler\/#\/schema\/logo\/image\/","url":"https:\/\/e-ciftlik.com\/haberler\/wp-content\/uploads\/2024\/06\/cropped-cropped-favicon-1-2.png","contentUrl":"https:\/\/e-ciftlik.com\/haberler\/wp-content\/uploads\/2024\/06\/cropped-cropped-favicon-1-2.png","width":512,"height":512,"caption":"E-\u00c7\u0130FTL\u0130K HABER"},"image":{"@id":"https:\/\/e-ciftlik.com\/haberler\/#\/schema\/logo\/image\/"},"sameAs":["https:\/\/www.facebook.com\/eciftlikturkiye","https:\/\/x.com\/eciftlikresmi","https:\/\/www.instagram.com\/eciftlikresmi\/"]},{"@type":"Person","@id":"https:\/\/e-ciftlik.com\/haberler\/#\/schema\/person\/d2f4fee3143d7f72be82cb887d51b00a","name":"Haber Merkezi","image":{"@type":"ImageObject","inLanguage":"tr","@id":"https:\/\/secure.gravatar.com\/avatar\/6c27d641914e66c1d0452c92716002398782818991d86db1c2cccb531e7c7c82?s=96&d=mm&r=g","url":"https:\/\/secure.gravatar.com\/avatar\/6c27d641914e66c1d0452c92716002398782818991d86db1c2cccb531e7c7c82?s=96&d=mm&r=g","contentUrl":"https:\/\/secure.gravatar.com\/avatar\/6c27d641914e66c1d0452c92716002398782818991d86db1c2cccb531e7c7c82?s=96&d=mm&r=g","caption":"Haber Merkezi"},"sameAs":["http:\/\/e-ciftlik.com\/haberler"]}]}},"_links":{"self":[{"href":"https:\/\/e-ciftlik.com\/haberler\/wp-json\/wp\/v2\/posts\/6709","targetHints":{"allow":["GET"]}}],"collection":[{"href":"https:\/\/e-ciftlik.com\/haberler\/wp-json\/wp\/v2\/posts"}],"about":[{"href":"https:\/\/e-ciftlik.com\/haberler\/wp-json\/wp\/v2\/types\/post"}],"author":[{"embeddable":true,"href":"https:\/\/e-ciftlik.com\/haberler\/wp-json\/wp\/v2\/users\/1"}],"replies":[{"embeddable":true,"href":"https:\/\/e-ciftlik.com\/haberler\/wp-json\/wp\/v2\/comments?post=6709"}],"version-history":[{"count":0,"href":"https:\/\/e-ciftlik.com\/haberler\/wp-json\/wp\/v2\/posts\/6709\/revisions"}],"wp:featuredmedia":[{"embeddable":true,"href":"https:\/\/e-ciftlik.com\/haberler\/wp-json\/wp\/v2\/media\/6710"}],"wp:attachment":[{"href":"https:\/\/e-ciftlik.com\/haberler\/wp-json\/wp\/v2\/media?parent=6709"}],"wp:term":[{"taxonomy":"category","embeddable":true,"href":"https:\/\/e-ciftlik.com\/haberler\/wp-json\/wp\/v2\/categories?post=6709"},{"taxonomy":"post_tag","embeddable":true,"href":"https:\/\/e-ciftlik.com\/haberler\/wp-json\/wp\/v2\/tags?post=6709"}],"curies":[{"name":"wp","href":"https:\/\/api.w.org\/{rel}","templated":true}]}}