{"id":6715,"date":"2024-06-25T09:26:20","date_gmt":"2024-06-25T09:26:20","guid":{"rendered":"https:\/\/e-ciftlik.com\/haberler\/seyahat\/bayram-tatilinde-havayolu-trafigi-rekor-kirdi\/"},"modified":"2024-06-25T09:26:20","modified_gmt":"2024-06-25T09:26:20","slug":"bayram-tatilinde-havayolu-trafigi-rekor-kirdi","status":"publish","type":"post","link":"https:\/\/e-ciftlik.com\/haberler\/seyahat\/bayram-tatilinde-havayolu-trafigi-rekor-kirdi\/","title":{"rendered":"Bayram Tatilinde Havayolu Trafi\u011fi Rekor K\u0131rd\u0131"},"content":{"rendered":"<p>Ula\u015ft\u0131rma ve Altyap\u0131 Bakan\u0131 Abdulkadir Uralo\u011flu, Kurban Bayram\u0131 tatili s\u0131ras\u0131nda havayolu kullan\u0131m istatistiklerini a\u00e7\u0131klad\u0131. T\u00fcrkiye genelindeki havalimanlar\u0131nda yo\u011fun bir havayolu trafi\u011fi ger\u00e7ekle\u015fti\u011fini belirten Bakan Uralo\u011flu, 14-23 Haziran tarihleri aras\u0131nda T\u00fcrkiye genelinde 52 bin 819 u\u00e7u\u015fta 7 milyon 916 bin 726 yolcuya hizmet verildi\u011fini ifade etti.<\/p>\n<p>\u0130stanbul Havaliman\u0131&#8217;nda 14-23 Haziran tarihlerinde ger\u00e7ekle\u015fen 15 bin 541 u\u00e7ak trafi\u011fi ile 2 milyon 434 bin 107 yolcuya hizmet verildi\u011fini belirten Uralo\u011flu, 23 Haziran Pazar g\u00fcn\u00fc 261 bin 916 yolcu ile en y\u00fcksek rakama ula\u015f\u0131ld\u0131\u011f\u0131n\u0131 s\u00f6yledi.<\/p>\n<p>22 Haziran Cumartesi g\u00fcn\u00fc Antalya Havaliman\u0131&#8217;nda 2024 y\u0131l\u0131n\u0131n yolcu rekoru k\u0131r\u0131ld\u0131. Bakan Uralo\u011flu, 14 Haziran Cuma g\u00fcn\u00fc Esenbo\u011fa Havaliman\u0131&#8217;nda 46 bin 69 yolcu ile en y\u00fcksek rakam\u0131n kaydedildi\u011fini, \u0130zmir Adnan Menderes Havaliman\u0131&#8217;nda ise 21 Haziran Cuma g\u00fcn\u00fc 43 bin 508 yolcuya hizmet verildi\u011fini aktard\u0131.<\/p>\n<p>Mu\u011fla Milas-Bodrum Havaliman\u0131&#8217;nda bin 453 u\u00e7ak trafi\u011fi ger\u00e7ekle\u015firken 224 bin 972 yolcuya hizmet verildi\u011fini belirten Uralo\u011flu, 20 Haziran tarihinde 26 bin 762 yolcu ile en y\u00fcksek rakam\u0131n kaydedildi\u011fini ifade etti. Mu\u011fla Dalaman Havaliman\u0131&#8217;nda da bayram tatili s\u0131ras\u0131nda bin 705 u\u00e7u\u015f ger\u00e7ekle\u015fti\u011fini ve 285 bin 43 yolcuya hizmet verildi\u011fini s\u00f6yleyen Uralo\u011flu, 17 Haziran tarihinde 31 bin 728 yolcu ile en y\u00fcksek rakam\u0131n kaydedildi\u011fini belirtti.<\/p>\n","protected":false},"excerpt":{"rendered":"<p>Ula\u015ft\u0131rma ve Altyap\u0131 Bakan\u0131 Abdulkadir Uralo\u011flu, Kurban Bayram\u0131 tatili s\u0131ras\u0131nda havayolu kullan\u0131m istatistiklerini a\u00e7\u0131klad\u0131. T\u00fcrkiye&hellip;<\/p>\n","protected":false},"author":1,"featured_media":6716,"comment_status":"open","ping_status":"open","sticky":false,"template":"","format":"standard","meta":{"footnotes":""},"categories":[14],"tags":[],"class_list":["post-6715","post","type-post","status-publish","format-standard","has-post-thumbnail","hentry","category-seyahat"],"yoast_head":"<!-- This site is optimized with the Yoast SEO Premium plugin v24.3 (Yoast SEO v27.4) - https:\/\/yoast.com\/product\/yoast-seo-premium-wordpress\/ -->\n<title>Bayram Tatilinde Havayolu Trafi\u011fi Rekor K\u0131rd\u0131 - E-&Ccedil;\u0130FTL\u0130K HABER<\/title>\n<meta name=\"description\" content=\"Ula\u015ft\u0131rma ve Altyap\u0131 Bakan\u0131 Abdulkadir Uralo\u011flu, Kurban Bayram\u0131 tatili s\u0131ras\u0131nda havayolu kullan\u0131m istatistiklerini a\u00e7\u0131klad\u0131. T\u00fcrkiye genelindeki\" \/>\n<meta name=\"robots\" content=\"index, follow, max-snippet:-1, max-image-preview:large, max-video-preview:-1\" \/>\n<link rel=\"canonical\" href=\"https:\/\/e-ciftlik.com\/haberler\/seyahat\/bayram-tatilinde-havayolu-trafigi-rekor-kirdi\/\" \/>\n<meta property=\"og:locale\" content=\"tr_TR\" \/>\n<meta property=\"og:type\" content=\"article\" \/>\n<meta property=\"og:title\" content=\"Bayram Tatilinde Havayolu Trafi\u011fi Rekor K\u0131rd\u0131\" \/>\n<meta property=\"og:description\" content=\"Ula\u015ft\u0131rma ve Altyap\u0131 Bakan\u0131 Abdulkadir Uralo\u011flu, Kurban Bayram\u0131 tatili s\u0131ras\u0131nda havayolu kullan\u0131m istatistiklerini a\u00e7\u0131klad\u0131. T\u00fcrkiye genelindeki\" \/>\n<meta property=\"og:url\" content=\"https:\/\/e-ciftlik.com\/haberler\/seyahat\/bayram-tatilinde-havayolu-trafigi-rekor-kirdi\/\" \/>\n<meta property=\"og:site_name\" content=\"E-&Ccedil;\u0130FTL\u0130K HABER\" \/>\n<meta property=\"article:publisher\" content=\"https:\/\/www.facebook.com\/eciftlikturkiye\" \/>\n<meta property=\"article:published_time\" content=\"2024-06-25T09:26:20+00:00\" \/>\n<meta property=\"og:image\" content=\"https:\/\/e-ciftlik.com\/haberler\/wp-content\/uploads\/2024\/06\/bm5Gwp5pQEOQt3gpLRdVkw.jpg\" \/>\n\t<meta property=\"og:image:width\" content=\"1080\" \/>\n\t<meta property=\"og:image:height\" content=\"612\" \/>\n\t<meta property=\"og:image:type\" content=\"image\/jpeg\" \/>\n<meta name=\"author\" content=\"Haber Merkezi\" \/>\n<meta name=\"twitter:card\" content=\"summary_large_image\" \/>\n<meta name=\"twitter:creator\" content=\"@eciftlikresmi\" \/>\n<meta name=\"twitter:site\" content=\"@eciftlikresmi\" \/>\n<meta name=\"twitter:label1\" content=\"Yazan:\" \/>\n\t<meta name=\"twitter:data1\" content=\"Haber Merkezi\" \/>\n\t<meta name=\"twitter:label2\" content=\"Tahmini okuma s\u00fcresi\" \/>\n\t<meta name=\"twitter:data2\" content=\"1 dakika\" \/>\n<script type=\"application\/ld+json\" class=\"yoast-schema-graph\">{\"@context\":\"https:\\\/\\\/schema.org\",\"@graph\":[{\"@type\":\"NewsArticle\",\"@id\":\"https:\\\/\\\/e-ciftlik.com\\\/haberler\\\/seyahat\\\/bayram-tatilinde-havayolu-trafigi-rekor-kirdi\\\/#article\",\"isPartOf\":{\"@id\":\"https:\\\/\\\/e-ciftlik.com\\\/haberler\\\/seyahat\\\/bayram-tatilinde-havayolu-trafigi-rekor-kirdi\\\/\"},\"author\":{\"name\":\"Haber Merkezi\",\"@id\":\"https:\\\/\\\/e-ciftlik.com\\\/haberler\\\/#\\\/schema\\\/person\\\/d2f4fee3143d7f72be82cb887d51b00a\"},\"headline\":\"Bayram Tatilinde Havayolu Trafi\u011fi Rekor K\u0131rd\u0131\",\"datePublished\":\"2024-06-25T09:26:20+00:00\",\"mainEntityOfPage\":{\"@id\":\"https:\\\/\\\/e-ciftlik.com\\\/haberler\\\/seyahat\\\/bayram-tatilinde-havayolu-trafigi-rekor-kirdi\\\/\"},\"wordCount\":237,\"commentCount\":0,\"publisher\":{\"@id\":\"https:\\\/\\\/e-ciftlik.com\\\/haberler\\\/#organization\"},\"image\":{\"@id\":\"https:\\\/\\\/e-ciftlik.com\\\/haberler\\\/seyahat\\\/bayram-tatilinde-havayolu-trafigi-rekor-kirdi\\\/#primaryimage\"},\"thumbnailUrl\":\"https:\\\/\\\/e-ciftlik.com\\\/haberler\\\/wp-content\\\/uploads\\\/2024\\\/06\\\/bm5Gwp5pQEOQt3gpLRdVkw.jpg\",\"articleSection\":[\"Seyahat\"],\"inLanguage\":\"tr\",\"potentialAction\":[{\"@type\":\"CommentAction\",\"name\":\"Comment\",\"target\":[\"https:\\\/\\\/e-ciftlik.com\\\/haberler\\\/seyahat\\\/bayram-tatilinde-havayolu-trafigi-rekor-kirdi\\\/#respond\"]}]},{\"@type\":\"WebPage\",\"@id\":\"https:\\\/\\\/e-ciftlik.com\\\/haberler\\\/seyahat\\\/bayram-tatilinde-havayolu-trafigi-rekor-kirdi\\\/\",\"url\":\"https:\\\/\\\/e-ciftlik.com\\\/haberler\\\/seyahat\\\/bayram-tatilinde-havayolu-trafigi-rekor-kirdi\\\/\",\"name\":\"Bayram Tatilinde Havayolu Trafi\u011fi Rekor K\u0131rd\u0131 - E-&Ccedil;\u0130FTL\u0130K HABER\",\"isPartOf\":{\"@id\":\"https:\\\/\\\/e-ciftlik.com\\\/haberler\\\/#website\"},\"primaryImageOfPage\":{\"@id\":\"https:\\\/\\\/e-ciftlik.com\\\/haberler\\\/seyahat\\\/bayram-tatilinde-havayolu-trafigi-rekor-kirdi\\\/#primaryimage\"},\"image\":{\"@id\":\"https:\\\/\\\/e-ciftlik.com\\\/haberler\\\/seyahat\\\/bayram-tatilinde-havayolu-trafigi-rekor-kirdi\\\/#primaryimage\"},\"thumbnailUrl\":\"https:\\\/\\\/e-ciftlik.com\\\/haberler\\\/wp-content\\\/uploads\\\/2024\\\/06\\\/bm5Gwp5pQEOQt3gpLRdVkw.jpg\",\"datePublished\":\"2024-06-25T09:26:20+00:00\",\"description\":\"Ula\u015ft\u0131rma ve Altyap\u0131 Bakan\u0131 Abdulkadir Uralo\u011flu, Kurban Bayram\u0131 tatili s\u0131ras\u0131nda havayolu kullan\u0131m istatistiklerini a\u00e7\u0131klad\u0131. T\u00fcrkiye genelindeki\",\"breadcrumb\":{\"@id\":\"https:\\\/\\\/e-ciftlik.com\\\/haberler\\\/seyahat\\\/bayram-tatilinde-havayolu-trafigi-rekor-kirdi\\\/#breadcrumb\"},\"inLanguage\":\"tr\",\"potentialAction\":[{\"@type\":\"ReadAction\",\"target\":[\"https:\\\/\\\/e-ciftlik.com\\\/haberler\\\/seyahat\\\/bayram-tatilinde-havayolu-trafigi-rekor-kirdi\\\/\"]}]},{\"@type\":\"ImageObject\",\"inLanguage\":\"tr\",\"@id\":\"https:\\\/\\\/e-ciftlik.com\\\/haberler\\\/seyahat\\\/bayram-tatilinde-havayolu-trafigi-rekor-kirdi\\\/#primaryimage\",\"url\":\"https:\\\/\\\/e-ciftlik.com\\\/haberler\\\/wp-content\\\/uploads\\\/2024\\\/06\\\/bm5Gwp5pQEOQt3gpLRdVkw.jpg\",\"contentUrl\":\"https:\\\/\\\/e-ciftlik.com\\\/haberler\\\/wp-content\\\/uploads\\\/2024\\\/06\\\/bm5Gwp5pQEOQt3gpLRdVkw.jpg\",\"width\":1080,\"height\":612},{\"@type\":\"BreadcrumbList\",\"@id\":\"https:\\\/\\\/e-ciftlik.com\\\/haberler\\\/seyahat\\\/bayram-tatilinde-havayolu-trafigi-rekor-kirdi\\\/#breadcrumb\",\"itemListElement\":[{\"@type\":\"ListItem\",\"position\":1,\"name\":\"Anasayfa\",\"item\":\"https:\\\/\\\/e-ciftlik.com\\\/haberler\\\/\"},{\"@type\":\"ListItem\",\"position\":2,\"name\":\"Bayram Tatilinde Havayolu Trafi\u011fi Rekor K\u0131rd\u0131\"}]},{\"@type\":\"WebSite\",\"@id\":\"https:\\\/\\\/e-ciftlik.com\\\/haberler\\\/#website\",\"url\":\"https:\\\/\\\/e-ciftlik.com\\\/haberler\\\/\",\"name\":\"E-\u00c7iftlik Haber | G\u00fcncel, Son Dakika Haberler, En Son Haber\",\"description\":\"\",\"publisher\":{\"@id\":\"https:\\\/\\\/e-ciftlik.com\\\/haberler\\\/#organization\"},\"potentialAction\":[{\"@type\":\"SearchAction\",\"target\":{\"@type\":\"EntryPoint\",\"urlTemplate\":\"https:\\\/\\\/e-ciftlik.com\\\/haberler\\\/?s={search_term_string}\"},\"query-input\":{\"@type\":\"PropertyValueSpecification\",\"valueRequired\":true,\"valueName\":\"search_term_string\"}}],\"inLanguage\":\"tr\"},{\"@type\":\"Organization\",\"@id\":\"https:\\\/\\\/e-ciftlik.com\\\/haberler\\\/#organization\",\"name\":\"E-\u00c7\u0130FTL\u0130K HABER\",\"url\":\"https:\\\/\\\/e-ciftlik.com\\\/haberler\\\/\",\"logo\":{\"@type\":\"ImageObject\",\"inLanguage\":\"tr\",\"@id\":\"https:\\\/\\\/e-ciftlik.com\\\/haberler\\\/#\\\/schema\\\/logo\\\/image\\\/\",\"url\":\"https:\\\/\\\/e-ciftlik.com\\\/haberler\\\/wp-content\\\/uploads\\\/2024\\\/06\\\/cropped-cropped-favicon-1-2.png\",\"contentUrl\":\"https:\\\/\\\/e-ciftlik.com\\\/haberler\\\/wp-content\\\/uploads\\\/2024\\\/06\\\/cropped-cropped-favicon-1-2.png\",\"width\":512,\"height\":512,\"caption\":\"E-\u00c7\u0130FTL\u0130K HABER\"},\"image\":{\"@id\":\"https:\\\/\\\/e-ciftlik.com\\\/haberler\\\/#\\\/schema\\\/logo\\\/image\\\/\"},\"sameAs\":[\"https:\\\/\\\/www.facebook.com\\\/eciftlikturkiye\",\"https:\\\/\\\/x.com\\\/eciftlikresmi\",\"https:\\\/\\\/www.instagram.com\\\/eciftlikresmi\\\/\"]},{\"@type\":\"Person\",\"@id\":\"https:\\\/\\\/e-ciftlik.com\\\/haberler\\\/#\\\/schema\\\/person\\\/d2f4fee3143d7f72be82cb887d51b00a\",\"name\":\"Haber Merkezi\",\"image\":{\"@type\":\"ImageObject\",\"inLanguage\":\"tr\",\"@id\":\"https:\\\/\\\/secure.gravatar.com\\\/avatar\\\/6c27d641914e66c1d0452c92716002398782818991d86db1c2cccb531e7c7c82?s=96&d=mm&r=g\",\"url\":\"https:\\\/\\\/secure.gravatar.com\\\/avatar\\\/6c27d641914e66c1d0452c92716002398782818991d86db1c2cccb531e7c7c82?s=96&d=mm&r=g\",\"contentUrl\":\"https:\\\/\\\/secure.gravatar.com\\\/avatar\\\/6c27d641914e66c1d0452c92716002398782818991d86db1c2cccb531e7c7c82?s=96&d=mm&r=g\",\"caption\":\"Haber Merkezi\"},\"sameAs\":[\"http:\\\/\\\/e-ciftlik.com\\\/haberler\"]}]}<\/script>\n<!-- \/ Yoast SEO Premium plugin. -->","yoast_head_json":{"title":"Bayram Tatilinde Havayolu Trafi\u011fi Rekor K\u0131rd\u0131 - E-&Ccedil;\u0130FTL\u0130K HABER","description":"Ula\u015ft\u0131rma ve Altyap\u0131 Bakan\u0131 Abdulkadir Uralo\u011flu, Kurban Bayram\u0131 tatili s\u0131ras\u0131nda havayolu kullan\u0131m istatistiklerini a\u00e7\u0131klad\u0131. T\u00fcrkiye genelindeki","robots":{"index":"index","follow":"follow","max-snippet":"max-snippet:-1","max-image-preview":"max-image-preview:large","max-video-preview":"max-video-preview:-1"},"canonical":"https:\/\/e-ciftlik.com\/haberler\/seyahat\/bayram-tatilinde-havayolu-trafigi-rekor-kirdi\/","og_locale":"tr_TR","og_type":"article","og_title":"Bayram Tatilinde Havayolu Trafi\u011fi Rekor K\u0131rd\u0131","og_description":"Ula\u015ft\u0131rma ve Altyap\u0131 Bakan\u0131 Abdulkadir Uralo\u011flu, Kurban Bayram\u0131 tatili s\u0131ras\u0131nda havayolu kullan\u0131m istatistiklerini a\u00e7\u0131klad\u0131. T\u00fcrkiye genelindeki","og_url":"https:\/\/e-ciftlik.com\/haberler\/seyahat\/bayram-tatilinde-havayolu-trafigi-rekor-kirdi\/","og_site_name":"E-&Ccedil;\u0130FTL\u0130K HABER","article_publisher":"https:\/\/www.facebook.com\/eciftlikturkiye","article_published_time":"2024-06-25T09:26:20+00:00","og_image":[{"width":1080,"height":612,"url":"https:\/\/e-ciftlik.com\/haberler\/wp-content\/uploads\/2024\/06\/bm5Gwp5pQEOQt3gpLRdVkw.jpg","type":"image\/jpeg"}],"author":"Haber Merkezi","twitter_card":"summary_large_image","twitter_creator":"@eciftlikresmi","twitter_site":"@eciftlikresmi","twitter_misc":{"Yazan:":"Haber Merkezi","Tahmini okuma s\u00fcresi":"1 dakika"},"schema":{"@context":"https:\/\/schema.org","@graph":[{"@type":"NewsArticle","@id":"https:\/\/e-ciftlik.com\/haberler\/seyahat\/bayram-tatilinde-havayolu-trafigi-rekor-kirdi\/#article","isPartOf":{"@id":"https:\/\/e-ciftlik.com\/haberler\/seyahat\/bayram-tatilinde-havayolu-trafigi-rekor-kirdi\/"},"author":{"name":"Haber Merkezi","@id":"https:\/\/e-ciftlik.com\/haberler\/#\/schema\/person\/d2f4fee3143d7f72be82cb887d51b00a"},"headline":"Bayram Tatilinde Havayolu Trafi\u011fi Rekor K\u0131rd\u0131","datePublished":"2024-06-25T09:26:20+00:00","mainEntityOfPage":{"@id":"https:\/\/e-ciftlik.com\/haberler\/seyahat\/bayram-tatilinde-havayolu-trafigi-rekor-kirdi\/"},"wordCount":237,"commentCount":0,"publisher":{"@id":"https:\/\/e-ciftlik.com\/haberler\/#organization"},"image":{"@id":"https:\/\/e-ciftlik.com\/haberler\/seyahat\/bayram-tatilinde-havayolu-trafigi-rekor-kirdi\/#primaryimage"},"thumbnailUrl":"https:\/\/e-ciftlik.com\/haberler\/wp-content\/uploads\/2024\/06\/bm5Gwp5pQEOQt3gpLRdVkw.jpg","articleSection":["Seyahat"],"inLanguage":"tr","potentialAction":[{"@type":"CommentAction","name":"Comment","target":["https:\/\/e-ciftlik.com\/haberler\/seyahat\/bayram-tatilinde-havayolu-trafigi-rekor-kirdi\/#respond"]}]},{"@type":"WebPage","@id":"https:\/\/e-ciftlik.com\/haberler\/seyahat\/bayram-tatilinde-havayolu-trafigi-rekor-kirdi\/","url":"https:\/\/e-ciftlik.com\/haberler\/seyahat\/bayram-tatilinde-havayolu-trafigi-rekor-kirdi\/","name":"Bayram Tatilinde Havayolu Trafi\u011fi Rekor K\u0131rd\u0131 - E-&Ccedil;\u0130FTL\u0130K HABER","isPartOf":{"@id":"https:\/\/e-ciftlik.com\/haberler\/#website"},"primaryImageOfPage":{"@id":"https:\/\/e-ciftlik.com\/haberler\/seyahat\/bayram-tatilinde-havayolu-trafigi-rekor-kirdi\/#primaryimage"},"image":{"@id":"https:\/\/e-ciftlik.com\/haberler\/seyahat\/bayram-tatilinde-havayolu-trafigi-rekor-kirdi\/#primaryimage"},"thumbnailUrl":"https:\/\/e-ciftlik.com\/haberler\/wp-content\/uploads\/2024\/06\/bm5Gwp5pQEOQt3gpLRdVkw.jpg","datePublished":"2024-06-25T09:26:20+00:00","description":"Ula\u015ft\u0131rma ve Altyap\u0131 Bakan\u0131 Abdulkadir Uralo\u011flu, Kurban Bayram\u0131 tatili s\u0131ras\u0131nda havayolu kullan\u0131m istatistiklerini a\u00e7\u0131klad\u0131. T\u00fcrkiye genelindeki","breadcrumb":{"@id":"https:\/\/e-ciftlik.com\/haberler\/seyahat\/bayram-tatilinde-havayolu-trafigi-rekor-kirdi\/#breadcrumb"},"inLanguage":"tr","potentialAction":[{"@type":"ReadAction","target":["https:\/\/e-ciftlik.com\/haberler\/seyahat\/bayram-tatilinde-havayolu-trafigi-rekor-kirdi\/"]}]},{"@type":"ImageObject","inLanguage":"tr","@id":"https:\/\/e-ciftlik.com\/haberler\/seyahat\/bayram-tatilinde-havayolu-trafigi-rekor-kirdi\/#primaryimage","url":"https:\/\/e-ciftlik.com\/haberler\/wp-content\/uploads\/2024\/06\/bm5Gwp5pQEOQt3gpLRdVkw.jpg","contentUrl":"https:\/\/e-ciftlik.com\/haberler\/wp-content\/uploads\/2024\/06\/bm5Gwp5pQEOQt3gpLRdVkw.jpg","width":1080,"height":612},{"@type":"BreadcrumbList","@id":"https:\/\/e-ciftlik.com\/haberler\/seyahat\/bayram-tatilinde-havayolu-trafigi-rekor-kirdi\/#breadcrumb","itemListElement":[{"@type":"ListItem","position":1,"name":"Anasayfa","item":"https:\/\/e-ciftlik.com\/haberler\/"},{"@type":"ListItem","position":2,"name":"Bayram Tatilinde Havayolu Trafi\u011fi Rekor K\u0131rd\u0131"}]},{"@type":"WebSite","@id":"https:\/\/e-ciftlik.com\/haberler\/#website","url":"https:\/\/e-ciftlik.com\/haberler\/","name":"E-\u00c7iftlik Haber | G\u00fcncel, Son Dakika Haberler, En Son Haber","description":"","publisher":{"@id":"https:\/\/e-ciftlik.com\/haberler\/#organization"},"potentialAction":[{"@type":"SearchAction","target":{"@type":"EntryPoint","urlTemplate":"https:\/\/e-ciftlik.com\/haberler\/?s={search_term_string}"},"query-input":{"@type":"PropertyValueSpecification","valueRequired":true,"valueName":"search_term_string"}}],"inLanguage":"tr"},{"@type":"Organization","@id":"https:\/\/e-ciftlik.com\/haberler\/#organization","name":"E-\u00c7\u0130FTL\u0130K HABER","url":"https:\/\/e-ciftlik.com\/haberler\/","logo":{"@type":"ImageObject","inLanguage":"tr","@id":"https:\/\/e-ciftlik.com\/haberler\/#\/schema\/logo\/image\/","url":"https:\/\/e-ciftlik.com\/haberler\/wp-content\/uploads\/2024\/06\/cropped-cropped-favicon-1-2.png","contentUrl":"https:\/\/e-ciftlik.com\/haberler\/wp-content\/uploads\/2024\/06\/cropped-cropped-favicon-1-2.png","width":512,"height":512,"caption":"E-\u00c7\u0130FTL\u0130K HABER"},"image":{"@id":"https:\/\/e-ciftlik.com\/haberler\/#\/schema\/logo\/image\/"},"sameAs":["https:\/\/www.facebook.com\/eciftlikturkiye","https:\/\/x.com\/eciftlikresmi","https:\/\/www.instagram.com\/eciftlikresmi\/"]},{"@type":"Person","@id":"https:\/\/e-ciftlik.com\/haberler\/#\/schema\/person\/d2f4fee3143d7f72be82cb887d51b00a","name":"Haber Merkezi","image":{"@type":"ImageObject","inLanguage":"tr","@id":"https:\/\/secure.gravatar.com\/avatar\/6c27d641914e66c1d0452c92716002398782818991d86db1c2cccb531e7c7c82?s=96&d=mm&r=g","url":"https:\/\/secure.gravatar.com\/avatar\/6c27d641914e66c1d0452c92716002398782818991d86db1c2cccb531e7c7c82?s=96&d=mm&r=g","contentUrl":"https:\/\/secure.gravatar.com\/avatar\/6c27d641914e66c1d0452c92716002398782818991d86db1c2cccb531e7c7c82?s=96&d=mm&r=g","caption":"Haber Merkezi"},"sameAs":["http:\/\/e-ciftlik.com\/haberler"]}]}},"_links":{"self":[{"href":"https:\/\/e-ciftlik.com\/haberler\/wp-json\/wp\/v2\/posts\/6715","targetHints":{"allow":["GET"]}}],"collection":[{"href":"https:\/\/e-ciftlik.com\/haberler\/wp-json\/wp\/v2\/posts"}],"about":[{"href":"https:\/\/e-ciftlik.com\/haberler\/wp-json\/wp\/v2\/types\/post"}],"author":[{"embeddable":true,"href":"https:\/\/e-ciftlik.com\/haberler\/wp-json\/wp\/v2\/users\/1"}],"replies":[{"embeddable":true,"href":"https:\/\/e-ciftlik.com\/haberler\/wp-json\/wp\/v2\/comments?post=6715"}],"version-history":[{"count":0,"href":"https:\/\/e-ciftlik.com\/haberler\/wp-json\/wp\/v2\/posts\/6715\/revisions"}],"wp:featuredmedia":[{"embeddable":true,"href":"https:\/\/e-ciftlik.com\/haberler\/wp-json\/wp\/v2\/media\/6716"}],"wp:attachment":[{"href":"https:\/\/e-ciftlik.com\/haberler\/wp-json\/wp\/v2\/media?parent=6715"}],"wp:term":[{"taxonomy":"category","embeddable":true,"href":"https:\/\/e-ciftlik.com\/haberler\/wp-json\/wp\/v2\/categories?post=6715"},{"taxonomy":"post_tag","embeddable":true,"href":"https:\/\/e-ciftlik.com\/haberler\/wp-json\/wp\/v2\/tags?post=6715"}],"curies":[{"name":"wp","href":"https:\/\/api.w.org\/{rel}","templated":true}]}}