{"id":6719,"date":"2024-06-25T09:46:05","date_gmt":"2024-06-25T09:46:05","guid":{"rendered":"https:\/\/e-ciftlik.com\/haberler\/gundem\/yilmaz-haber-iceriklerinin-telif-haklarina-dikkat-cekiyor\/"},"modified":"2024-06-25T09:46:05","modified_gmt":"2024-06-25T09:46:05","slug":"yilmaz-haber-iceriklerinin-telif-haklarina-dikkat-cekiyor","status":"publish","type":"post","link":"https:\/\/e-ciftlik.com\/haberler\/gundem\/yilmaz-haber-iceriklerinin-telif-haklarina-dikkat-cekiyor\/","title":{"rendered":"Y\u0131lmaz: Haber \u0130\u00e7eriklerinin Telif Haklar\u0131na Dikkat \u00c7ekiyor"},"content":{"rendered":"<p>Telif Haklar\u0131 Genel M\u00fcd\u00fcr\u00fc Y\u0131lmaz, dijitalle\u015fen \u00e7a\u011fda bireylerin habere ula\u015fma al\u0131\u015fkanl\u0131klar\u0131nda ciddi de\u011fi\u015fiklikler ya\u015fand\u0131\u011f\u0131n\u0131 vurgulad\u0131. Y\u0131lmaz, Reuters Enstit\u00fcs\u00fc&#8217;n\u00fcn raporunu referans g\u00f6sterdi. Kullan\u0131c\u0131lar\u0131n sadece y\u00fczde 25&#8217;inin do\u011frudan yay\u0131nc\u0131lardan habere ula\u015ft\u0131\u011f\u0131n\u0131 belirten Y\u0131lmaz, geri kalan y\u00fczde 75&#8217;inin ise arama motorlar\u0131 veya sosyal medya platformlar\u0131 \u00fczerinden haberlere eri\u015fim sa\u011flad\u0131\u011f\u0131n\u0131 a\u00e7\u0131klad\u0131. Y\u0131lmaz&#8217;a g\u00f6re Avrupa Birli\u011fi \u00fclkelerinde bas\u0131n sekt\u00f6r\u00fcn\u00fcn geliri, 2010-2014 y\u0131llar\u0131 aras\u0131nda 13 milyar avrodan 3.9 milyar avroya d\u00fc\u015ferek y\u00fczde 70 oran\u0131nda bir azalma ya\u015fad\u0131. ABD&#8217;de de benzer bir durum s\u00f6z konusu. Toplam 49 milyar dolarl\u0131k gelir, 18 milyar dolara d\u00fc\u015fm\u00fc\u015f ve y\u00fczde 63&#8217;l\u00fck bir azalma g\u00f6zlenmi\u015f.<\/p>\n<p>Telif konusunun \u00e7ok katmanl\u0131 bir konu oldu\u011funa dikkat \u00e7eken Y\u0131lmaz, ge\u00e7en y\u0131l i\u00e7in 450 milyon liral\u0131k bir telif pastas\u0131n\u0131n oldu\u011funu belirtti. Ancak durumun o kadar k\u00f6t\u00fc olmad\u0131\u011f\u0131n\u0131 ifade etti. Genel M\u00fcd\u00fcr Y\u0131lmaz, \u00e7\u00f6z\u00fcm \u00f6nerilerini \u015fu \u015fekilde s\u0131ralad\u0131:<\/p>\n<p>&#8211; Haberlerin veya di\u011fer i\u00e7eri\u011fin internette kullan\u0131labilmesi i\u00e7in yay\u0131nc\u0131lardan izin al\u0131nmas\u0131 zorunlu hale getirilmeli.<br \/>\n&#8211; Bilimsel ve akademik s\u00fcreli yay\u0131nlar ile bloglar, telif konusunun d\u0131\u015f\u0131nda b\u0131rak\u0131lmal\u0131.<br \/>\n&#8211; Ticari olmayan kullan\u0131mlar ile k\u0131sa al\u0131nt\u0131 ve link verme gibi basit kullan\u0131mlar serbest b\u0131rak\u0131lmal\u0131.<br \/>\n&#8211; Bas\u0131n yay\u0131nc\u0131lar\u0131, elde ettikleri gelirin uygun bir k\u0131sm\u0131n\u0131 i\u00e7eri\u011fi olu\u015fturan eser sahipleriyle payla\u015fmal\u0131.<br \/>\n&#8211; Bas\u0131n yay\u0131n kurulu\u015flar\u0131n\u0131n dijital platformlarda yay\u0131nlad\u0131klar\u0131 i\u00e7erikler, haberler 2 y\u0131l s\u00fcreyle telif hakk\u0131na tabi olacak \u015fekilde s\u0131n\u0131rland\u0131r\u0131lmal\u0131.<\/p>\n","protected":false},"excerpt":{"rendered":"<p>Telif Haklar\u0131 Genel M\u00fcd\u00fcr\u00fc Y\u0131lmaz, dijitalle\u015fen \u00e7a\u011fda bireylerin habere ula\u015fma al\u0131\u015fkanl\u0131klar\u0131nda ciddi de\u011fi\u015fiklikler ya\u015fand\u0131\u011f\u0131n\u0131 vurgulad\u0131.&hellip;<\/p>\n","protected":false},"author":1,"featured_media":6720,"comment_status":"open","ping_status":"open","sticky":false,"template":"","format":"standard","meta":{"footnotes":""},"categories":[10],"tags":[],"class_list":["post-6719","post","type-post","status-publish","format-standard","has-post-thumbnail","hentry","category-gundem"],"yoast_head":"<!-- This site is optimized with the Yoast SEO Premium plugin v24.3 (Yoast SEO v27.4) - https:\/\/yoast.com\/product\/yoast-seo-premium-wordpress\/ -->\n<title>Y\u0131lmaz: Haber \u0130\u00e7eriklerinin Telif Haklar\u0131na Dikkat \u00c7ekiyor - E-&Ccedil;\u0130FTL\u0130K HABER<\/title>\n<meta name=\"description\" content=\"Telif Haklar\u0131 Genel M\u00fcd\u00fcr\u00fc Y\u0131lmaz, dijitalle\u015fen \u00e7a\u011fda bireylerin habere ula\u015fma al\u0131\u015fkanl\u0131klar\u0131nda ciddi de\u011fi\u015fiklikler ya\u015fand\u0131\u011f\u0131n\u0131 vurgulad\u0131. Y\u0131lmaz,\" \/>\n<meta name=\"robots\" content=\"index, follow, max-snippet:-1, max-image-preview:large, max-video-preview:-1\" \/>\n<link rel=\"canonical\" href=\"https:\/\/e-ciftlik.com\/haberler\/gundem\/yilmaz-haber-iceriklerinin-telif-haklarina-dikkat-cekiyor\/\" \/>\n<meta property=\"og:locale\" content=\"tr_TR\" \/>\n<meta property=\"og:type\" content=\"article\" \/>\n<meta property=\"og:title\" content=\"Y\u0131lmaz: Haber \u0130\u00e7eriklerinin Telif Haklar\u0131na Dikkat \u00c7ekiyor\" \/>\n<meta property=\"og:description\" content=\"Telif Haklar\u0131 Genel M\u00fcd\u00fcr\u00fc Y\u0131lmaz, dijitalle\u015fen \u00e7a\u011fda bireylerin habere ula\u015fma al\u0131\u015fkanl\u0131klar\u0131nda ciddi de\u011fi\u015fiklikler ya\u015fand\u0131\u011f\u0131n\u0131 vurgulad\u0131. Y\u0131lmaz,\" \/>\n<meta property=\"og:url\" content=\"https:\/\/e-ciftlik.com\/haberler\/gundem\/yilmaz-haber-iceriklerinin-telif-haklarina-dikkat-cekiyor\/\" \/>\n<meta property=\"og:site_name\" content=\"E-&Ccedil;\u0130FTL\u0130K HABER\" \/>\n<meta property=\"article:publisher\" content=\"https:\/\/www.facebook.com\/eciftlikturkiye\" \/>\n<meta property=\"article:published_time\" content=\"2024-06-25T09:46:05+00:00\" \/>\n<meta property=\"og:image\" content=\"https:\/\/e-ciftlik.com\/haberler\/wp-content\/uploads\/2024\/06\/1719298868276.jpeg\" \/>\n\t<meta property=\"og:image:width\" content=\"1200\" \/>\n\t<meta property=\"og:image:height\" content=\"675\" \/>\n\t<meta property=\"og:image:type\" content=\"image\/jpeg\" \/>\n<meta name=\"author\" content=\"Haber Merkezi\" \/>\n<meta name=\"twitter:card\" content=\"summary_large_image\" \/>\n<meta name=\"twitter:creator\" content=\"@eciftlikresmi\" \/>\n<meta name=\"twitter:site\" content=\"@eciftlikresmi\" \/>\n<meta name=\"twitter:label1\" content=\"Yazan:\" \/>\n\t<meta name=\"twitter:data1\" content=\"Haber Merkezi\" \/>\n\t<meta name=\"twitter:label2\" content=\"Tahmini okuma s\u00fcresi\" \/>\n\t<meta name=\"twitter:data2\" content=\"2 dakika\" \/>\n<script type=\"application\/ld+json\" class=\"yoast-schema-graph\">{\"@context\":\"https:\\\/\\\/schema.org\",\"@graph\":[{\"@type\":\"NewsArticle\",\"@id\":\"https:\\\/\\\/e-ciftlik.com\\\/haberler\\\/gundem\\\/yilmaz-haber-iceriklerinin-telif-haklarina-dikkat-cekiyor\\\/#article\",\"isPartOf\":{\"@id\":\"https:\\\/\\\/e-ciftlik.com\\\/haberler\\\/gundem\\\/yilmaz-haber-iceriklerinin-telif-haklarina-dikkat-cekiyor\\\/\"},\"author\":{\"name\":\"Haber Merkezi\",\"@id\":\"https:\\\/\\\/e-ciftlik.com\\\/haberler\\\/#\\\/schema\\\/person\\\/d2f4fee3143d7f72be82cb887d51b00a\"},\"headline\":\"Y\u0131lmaz: Haber \u0130\u00e7eriklerinin Telif Haklar\u0131na Dikkat \u00c7ekiyor\",\"datePublished\":\"2024-06-25T09:46:05+00:00\",\"mainEntityOfPage\":{\"@id\":\"https:\\\/\\\/e-ciftlik.com\\\/haberler\\\/gundem\\\/yilmaz-haber-iceriklerinin-telif-haklarina-dikkat-cekiyor\\\/\"},\"wordCount\":318,\"commentCount\":0,\"publisher\":{\"@id\":\"https:\\\/\\\/e-ciftlik.com\\\/haberler\\\/#organization\"},\"image\":{\"@id\":\"https:\\\/\\\/e-ciftlik.com\\\/haberler\\\/gundem\\\/yilmaz-haber-iceriklerinin-telif-haklarina-dikkat-cekiyor\\\/#primaryimage\"},\"thumbnailUrl\":\"https:\\\/\\\/e-ciftlik.com\\\/haberler\\\/wp-content\\\/uploads\\\/2024\\\/06\\\/1719298868276.jpeg\",\"articleSection\":[\"G\u00fcndem\"],\"inLanguage\":\"tr\",\"potentialAction\":[{\"@type\":\"CommentAction\",\"name\":\"Comment\",\"target\":[\"https:\\\/\\\/e-ciftlik.com\\\/haberler\\\/gundem\\\/yilmaz-haber-iceriklerinin-telif-haklarina-dikkat-cekiyor\\\/#respond\"]}]},{\"@type\":\"WebPage\",\"@id\":\"https:\\\/\\\/e-ciftlik.com\\\/haberler\\\/gundem\\\/yilmaz-haber-iceriklerinin-telif-haklarina-dikkat-cekiyor\\\/\",\"url\":\"https:\\\/\\\/e-ciftlik.com\\\/haberler\\\/gundem\\\/yilmaz-haber-iceriklerinin-telif-haklarina-dikkat-cekiyor\\\/\",\"name\":\"Y\u0131lmaz: Haber \u0130\u00e7eriklerinin Telif Haklar\u0131na Dikkat \u00c7ekiyor - E-&Ccedil;\u0130FTL\u0130K HABER\",\"isPartOf\":{\"@id\":\"https:\\\/\\\/e-ciftlik.com\\\/haberler\\\/#website\"},\"primaryImageOfPage\":{\"@id\":\"https:\\\/\\\/e-ciftlik.com\\\/haberler\\\/gundem\\\/yilmaz-haber-iceriklerinin-telif-haklarina-dikkat-cekiyor\\\/#primaryimage\"},\"image\":{\"@id\":\"https:\\\/\\\/e-ciftlik.com\\\/haberler\\\/gundem\\\/yilmaz-haber-iceriklerinin-telif-haklarina-dikkat-cekiyor\\\/#primaryimage\"},\"thumbnailUrl\":\"https:\\\/\\\/e-ciftlik.com\\\/haberler\\\/wp-content\\\/uploads\\\/2024\\\/06\\\/1719298868276.jpeg\",\"datePublished\":\"2024-06-25T09:46:05+00:00\",\"description\":\"Telif Haklar\u0131 Genel M\u00fcd\u00fcr\u00fc Y\u0131lmaz, dijitalle\u015fen \u00e7a\u011fda bireylerin habere ula\u015fma al\u0131\u015fkanl\u0131klar\u0131nda ciddi de\u011fi\u015fiklikler ya\u015fand\u0131\u011f\u0131n\u0131 vurgulad\u0131. Y\u0131lmaz,\",\"breadcrumb\":{\"@id\":\"https:\\\/\\\/e-ciftlik.com\\\/haberler\\\/gundem\\\/yilmaz-haber-iceriklerinin-telif-haklarina-dikkat-cekiyor\\\/#breadcrumb\"},\"inLanguage\":\"tr\",\"potentialAction\":[{\"@type\":\"ReadAction\",\"target\":[\"https:\\\/\\\/e-ciftlik.com\\\/haberler\\\/gundem\\\/yilmaz-haber-iceriklerinin-telif-haklarina-dikkat-cekiyor\\\/\"]}]},{\"@type\":\"ImageObject\",\"inLanguage\":\"tr\",\"@id\":\"https:\\\/\\\/e-ciftlik.com\\\/haberler\\\/gundem\\\/yilmaz-haber-iceriklerinin-telif-haklarina-dikkat-cekiyor\\\/#primaryimage\",\"url\":\"https:\\\/\\\/e-ciftlik.com\\\/haberler\\\/wp-content\\\/uploads\\\/2024\\\/06\\\/1719298868276.jpeg\",\"contentUrl\":\"https:\\\/\\\/e-ciftlik.com\\\/haberler\\\/wp-content\\\/uploads\\\/2024\\\/06\\\/1719298868276.jpeg\",\"width\":1200,\"height\":675},{\"@type\":\"BreadcrumbList\",\"@id\":\"https:\\\/\\\/e-ciftlik.com\\\/haberler\\\/gundem\\\/yilmaz-haber-iceriklerinin-telif-haklarina-dikkat-cekiyor\\\/#breadcrumb\",\"itemListElement\":[{\"@type\":\"ListItem\",\"position\":1,\"name\":\"Anasayfa\",\"item\":\"https:\\\/\\\/e-ciftlik.com\\\/haberler\\\/\"},{\"@type\":\"ListItem\",\"position\":2,\"name\":\"Y\u0131lmaz: Haber \u0130\u00e7eriklerinin Telif Haklar\u0131na Dikkat \u00c7ekiyor\"}]},{\"@type\":\"WebSite\",\"@id\":\"https:\\\/\\\/e-ciftlik.com\\\/haberler\\\/#website\",\"url\":\"https:\\\/\\\/e-ciftlik.com\\\/haberler\\\/\",\"name\":\"E-\u00c7iftlik Haber | G\u00fcncel, Son Dakika Haberler, En Son Haber\",\"description\":\"\",\"publisher\":{\"@id\":\"https:\\\/\\\/e-ciftlik.com\\\/haberler\\\/#organization\"},\"potentialAction\":[{\"@type\":\"SearchAction\",\"target\":{\"@type\":\"EntryPoint\",\"urlTemplate\":\"https:\\\/\\\/e-ciftlik.com\\\/haberler\\\/?s={search_term_string}\"},\"query-input\":{\"@type\":\"PropertyValueSpecification\",\"valueRequired\":true,\"valueName\":\"search_term_string\"}}],\"inLanguage\":\"tr\"},{\"@type\":\"Organization\",\"@id\":\"https:\\\/\\\/e-ciftlik.com\\\/haberler\\\/#organization\",\"name\":\"E-\u00c7\u0130FTL\u0130K HABER\",\"url\":\"https:\\\/\\\/e-ciftlik.com\\\/haberler\\\/\",\"logo\":{\"@type\":\"ImageObject\",\"inLanguage\":\"tr\",\"@id\":\"https:\\\/\\\/e-ciftlik.com\\\/haberler\\\/#\\\/schema\\\/logo\\\/image\\\/\",\"url\":\"https:\\\/\\\/e-ciftlik.com\\\/haberler\\\/wp-content\\\/uploads\\\/2024\\\/06\\\/cropped-cropped-favicon-1-2.png\",\"contentUrl\":\"https:\\\/\\\/e-ciftlik.com\\\/haberler\\\/wp-content\\\/uploads\\\/2024\\\/06\\\/cropped-cropped-favicon-1-2.png\",\"width\":512,\"height\":512,\"caption\":\"E-\u00c7\u0130FTL\u0130K HABER\"},\"image\":{\"@id\":\"https:\\\/\\\/e-ciftlik.com\\\/haberler\\\/#\\\/schema\\\/logo\\\/image\\\/\"},\"sameAs\":[\"https:\\\/\\\/www.facebook.com\\\/eciftlikturkiye\",\"https:\\\/\\\/x.com\\\/eciftlikresmi\",\"https:\\\/\\\/www.instagram.com\\\/eciftlikresmi\\\/\"]},{\"@type\":\"Person\",\"@id\":\"https:\\\/\\\/e-ciftlik.com\\\/haberler\\\/#\\\/schema\\\/person\\\/d2f4fee3143d7f72be82cb887d51b00a\",\"name\":\"Haber Merkezi\",\"image\":{\"@type\":\"ImageObject\",\"inLanguage\":\"tr\",\"@id\":\"https:\\\/\\\/secure.gravatar.com\\\/avatar\\\/6c27d641914e66c1d0452c92716002398782818991d86db1c2cccb531e7c7c82?s=96&d=mm&r=g\",\"url\":\"https:\\\/\\\/secure.gravatar.com\\\/avatar\\\/6c27d641914e66c1d0452c92716002398782818991d86db1c2cccb531e7c7c82?s=96&d=mm&r=g\",\"contentUrl\":\"https:\\\/\\\/secure.gravatar.com\\\/avatar\\\/6c27d641914e66c1d0452c92716002398782818991d86db1c2cccb531e7c7c82?s=96&d=mm&r=g\",\"caption\":\"Haber Merkezi\"},\"sameAs\":[\"http:\\\/\\\/e-ciftlik.com\\\/haberler\"]}]}<\/script>\n<!-- \/ Yoast SEO Premium plugin. -->","yoast_head_json":{"title":"Y\u0131lmaz: Haber \u0130\u00e7eriklerinin Telif Haklar\u0131na Dikkat \u00c7ekiyor - E-&Ccedil;\u0130FTL\u0130K HABER","description":"Telif Haklar\u0131 Genel M\u00fcd\u00fcr\u00fc Y\u0131lmaz, dijitalle\u015fen \u00e7a\u011fda bireylerin habere ula\u015fma al\u0131\u015fkanl\u0131klar\u0131nda ciddi de\u011fi\u015fiklikler ya\u015fand\u0131\u011f\u0131n\u0131 vurgulad\u0131. Y\u0131lmaz,","robots":{"index":"index","follow":"follow","max-snippet":"max-snippet:-1","max-image-preview":"max-image-preview:large","max-video-preview":"max-video-preview:-1"},"canonical":"https:\/\/e-ciftlik.com\/haberler\/gundem\/yilmaz-haber-iceriklerinin-telif-haklarina-dikkat-cekiyor\/","og_locale":"tr_TR","og_type":"article","og_title":"Y\u0131lmaz: Haber \u0130\u00e7eriklerinin Telif Haklar\u0131na Dikkat \u00c7ekiyor","og_description":"Telif Haklar\u0131 Genel M\u00fcd\u00fcr\u00fc Y\u0131lmaz, dijitalle\u015fen \u00e7a\u011fda bireylerin habere ula\u015fma al\u0131\u015fkanl\u0131klar\u0131nda ciddi de\u011fi\u015fiklikler ya\u015fand\u0131\u011f\u0131n\u0131 vurgulad\u0131. Y\u0131lmaz,","og_url":"https:\/\/e-ciftlik.com\/haberler\/gundem\/yilmaz-haber-iceriklerinin-telif-haklarina-dikkat-cekiyor\/","og_site_name":"E-&Ccedil;\u0130FTL\u0130K HABER","article_publisher":"https:\/\/www.facebook.com\/eciftlikturkiye","article_published_time":"2024-06-25T09:46:05+00:00","og_image":[{"width":1200,"height":675,"url":"https:\/\/e-ciftlik.com\/haberler\/wp-content\/uploads\/2024\/06\/1719298868276.jpeg","type":"image\/jpeg"}],"author":"Haber Merkezi","twitter_card":"summary_large_image","twitter_creator":"@eciftlikresmi","twitter_site":"@eciftlikresmi","twitter_misc":{"Yazan:":"Haber Merkezi","Tahmini okuma s\u00fcresi":"2 dakika"},"schema":{"@context":"https:\/\/schema.org","@graph":[{"@type":"NewsArticle","@id":"https:\/\/e-ciftlik.com\/haberler\/gundem\/yilmaz-haber-iceriklerinin-telif-haklarina-dikkat-cekiyor\/#article","isPartOf":{"@id":"https:\/\/e-ciftlik.com\/haberler\/gundem\/yilmaz-haber-iceriklerinin-telif-haklarina-dikkat-cekiyor\/"},"author":{"name":"Haber Merkezi","@id":"https:\/\/e-ciftlik.com\/haberler\/#\/schema\/person\/d2f4fee3143d7f72be82cb887d51b00a"},"headline":"Y\u0131lmaz: Haber \u0130\u00e7eriklerinin Telif Haklar\u0131na Dikkat \u00c7ekiyor","datePublished":"2024-06-25T09:46:05+00:00","mainEntityOfPage":{"@id":"https:\/\/e-ciftlik.com\/haberler\/gundem\/yilmaz-haber-iceriklerinin-telif-haklarina-dikkat-cekiyor\/"},"wordCount":318,"commentCount":0,"publisher":{"@id":"https:\/\/e-ciftlik.com\/haberler\/#organization"},"image":{"@id":"https:\/\/e-ciftlik.com\/haberler\/gundem\/yilmaz-haber-iceriklerinin-telif-haklarina-dikkat-cekiyor\/#primaryimage"},"thumbnailUrl":"https:\/\/e-ciftlik.com\/haberler\/wp-content\/uploads\/2024\/06\/1719298868276.jpeg","articleSection":["G\u00fcndem"],"inLanguage":"tr","potentialAction":[{"@type":"CommentAction","name":"Comment","target":["https:\/\/e-ciftlik.com\/haberler\/gundem\/yilmaz-haber-iceriklerinin-telif-haklarina-dikkat-cekiyor\/#respond"]}]},{"@type":"WebPage","@id":"https:\/\/e-ciftlik.com\/haberler\/gundem\/yilmaz-haber-iceriklerinin-telif-haklarina-dikkat-cekiyor\/","url":"https:\/\/e-ciftlik.com\/haberler\/gundem\/yilmaz-haber-iceriklerinin-telif-haklarina-dikkat-cekiyor\/","name":"Y\u0131lmaz: Haber \u0130\u00e7eriklerinin Telif Haklar\u0131na Dikkat \u00c7ekiyor - E-&Ccedil;\u0130FTL\u0130K HABER","isPartOf":{"@id":"https:\/\/e-ciftlik.com\/haberler\/#website"},"primaryImageOfPage":{"@id":"https:\/\/e-ciftlik.com\/haberler\/gundem\/yilmaz-haber-iceriklerinin-telif-haklarina-dikkat-cekiyor\/#primaryimage"},"image":{"@id":"https:\/\/e-ciftlik.com\/haberler\/gundem\/yilmaz-haber-iceriklerinin-telif-haklarina-dikkat-cekiyor\/#primaryimage"},"thumbnailUrl":"https:\/\/e-ciftlik.com\/haberler\/wp-content\/uploads\/2024\/06\/1719298868276.jpeg","datePublished":"2024-06-25T09:46:05+00:00","description":"Telif Haklar\u0131 Genel M\u00fcd\u00fcr\u00fc Y\u0131lmaz, dijitalle\u015fen \u00e7a\u011fda bireylerin habere ula\u015fma al\u0131\u015fkanl\u0131klar\u0131nda ciddi de\u011fi\u015fiklikler ya\u015fand\u0131\u011f\u0131n\u0131 vurgulad\u0131. Y\u0131lmaz,","breadcrumb":{"@id":"https:\/\/e-ciftlik.com\/haberler\/gundem\/yilmaz-haber-iceriklerinin-telif-haklarina-dikkat-cekiyor\/#breadcrumb"},"inLanguage":"tr","potentialAction":[{"@type":"ReadAction","target":["https:\/\/e-ciftlik.com\/haberler\/gundem\/yilmaz-haber-iceriklerinin-telif-haklarina-dikkat-cekiyor\/"]}]},{"@type":"ImageObject","inLanguage":"tr","@id":"https:\/\/e-ciftlik.com\/haberler\/gundem\/yilmaz-haber-iceriklerinin-telif-haklarina-dikkat-cekiyor\/#primaryimage","url":"https:\/\/e-ciftlik.com\/haberler\/wp-content\/uploads\/2024\/06\/1719298868276.jpeg","contentUrl":"https:\/\/e-ciftlik.com\/haberler\/wp-content\/uploads\/2024\/06\/1719298868276.jpeg","width":1200,"height":675},{"@type":"BreadcrumbList","@id":"https:\/\/e-ciftlik.com\/haberler\/gundem\/yilmaz-haber-iceriklerinin-telif-haklarina-dikkat-cekiyor\/#breadcrumb","itemListElement":[{"@type":"ListItem","position":1,"name":"Anasayfa","item":"https:\/\/e-ciftlik.com\/haberler\/"},{"@type":"ListItem","position":2,"name":"Y\u0131lmaz: Haber \u0130\u00e7eriklerinin Telif Haklar\u0131na Dikkat \u00c7ekiyor"}]},{"@type":"WebSite","@id":"https:\/\/e-ciftlik.com\/haberler\/#website","url":"https:\/\/e-ciftlik.com\/haberler\/","name":"E-\u00c7iftlik Haber | G\u00fcncel, Son Dakika Haberler, En Son Haber","description":"","publisher":{"@id":"https:\/\/e-ciftlik.com\/haberler\/#organization"},"potentialAction":[{"@type":"SearchAction","target":{"@type":"EntryPoint","urlTemplate":"https:\/\/e-ciftlik.com\/haberler\/?s={search_term_string}"},"query-input":{"@type":"PropertyValueSpecification","valueRequired":true,"valueName":"search_term_string"}}],"inLanguage":"tr"},{"@type":"Organization","@id":"https:\/\/e-ciftlik.com\/haberler\/#organization","name":"E-\u00c7\u0130FTL\u0130K HABER","url":"https:\/\/e-ciftlik.com\/haberler\/","logo":{"@type":"ImageObject","inLanguage":"tr","@id":"https:\/\/e-ciftlik.com\/haberler\/#\/schema\/logo\/image\/","url":"https:\/\/e-ciftlik.com\/haberler\/wp-content\/uploads\/2024\/06\/cropped-cropped-favicon-1-2.png","contentUrl":"https:\/\/e-ciftlik.com\/haberler\/wp-content\/uploads\/2024\/06\/cropped-cropped-favicon-1-2.png","width":512,"height":512,"caption":"E-\u00c7\u0130FTL\u0130K HABER"},"image":{"@id":"https:\/\/e-ciftlik.com\/haberler\/#\/schema\/logo\/image\/"},"sameAs":["https:\/\/www.facebook.com\/eciftlikturkiye","https:\/\/x.com\/eciftlikresmi","https:\/\/www.instagram.com\/eciftlikresmi\/"]},{"@type":"Person","@id":"https:\/\/e-ciftlik.com\/haberler\/#\/schema\/person\/d2f4fee3143d7f72be82cb887d51b00a","name":"Haber Merkezi","image":{"@type":"ImageObject","inLanguage":"tr","@id":"https:\/\/secure.gravatar.com\/avatar\/6c27d641914e66c1d0452c92716002398782818991d86db1c2cccb531e7c7c82?s=96&d=mm&r=g","url":"https:\/\/secure.gravatar.com\/avatar\/6c27d641914e66c1d0452c92716002398782818991d86db1c2cccb531e7c7c82?s=96&d=mm&r=g","contentUrl":"https:\/\/secure.gravatar.com\/avatar\/6c27d641914e66c1d0452c92716002398782818991d86db1c2cccb531e7c7c82?s=96&d=mm&r=g","caption":"Haber Merkezi"},"sameAs":["http:\/\/e-ciftlik.com\/haberler"]}]}},"_links":{"self":[{"href":"https:\/\/e-ciftlik.com\/haberler\/wp-json\/wp\/v2\/posts\/6719","targetHints":{"allow":["GET"]}}],"collection":[{"href":"https:\/\/e-ciftlik.com\/haberler\/wp-json\/wp\/v2\/posts"}],"about":[{"href":"https:\/\/e-ciftlik.com\/haberler\/wp-json\/wp\/v2\/types\/post"}],"author":[{"embeddable":true,"href":"https:\/\/e-ciftlik.com\/haberler\/wp-json\/wp\/v2\/users\/1"}],"replies":[{"embeddable":true,"href":"https:\/\/e-ciftlik.com\/haberler\/wp-json\/wp\/v2\/comments?post=6719"}],"version-history":[{"count":0,"href":"https:\/\/e-ciftlik.com\/haberler\/wp-json\/wp\/v2\/posts\/6719\/revisions"}],"wp:featuredmedia":[{"embeddable":true,"href":"https:\/\/e-ciftlik.com\/haberler\/wp-json\/wp\/v2\/media\/6720"}],"wp:attachment":[{"href":"https:\/\/e-ciftlik.com\/haberler\/wp-json\/wp\/v2\/media?parent=6719"}],"wp:term":[{"taxonomy":"category","embeddable":true,"href":"https:\/\/e-ciftlik.com\/haberler\/wp-json\/wp\/v2\/categories?post=6719"},{"taxonomy":"post_tag","embeddable":true,"href":"https:\/\/e-ciftlik.com\/haberler\/wp-json\/wp\/v2\/tags?post=6719"}],"curies":[{"name":"wp","href":"https:\/\/api.w.org\/{rel}","templated":true}]}}