{"id":6755,"date":"2024-06-25T12:12:39","date_gmt":"2024-06-25T12:12:39","guid":{"rendered":"https:\/\/e-ciftlik.com\/haberler\/dizi\/james-gunn-yonetimindeki-superman-filminin-yeni-set-fotograflari-ortaya-cikardi\/"},"modified":"2024-06-25T12:12:39","modified_gmt":"2024-06-25T12:12:39","slug":"james-gunn-yonetimindeki-superman-filminin-yeni-set-fotograflari-ortaya-cikardi","status":"publish","type":"post","link":"https:\/\/e-ciftlik.com\/haberler\/dizi\/james-gunn-yonetimindeki-superman-filminin-yeni-set-fotograflari-ortaya-cikardi\/","title":{"rendered":"James Gunn Y\u00f6netimindeki Superman Filminin Yeni Set Foto\u011fraflar\u0131 Ortaya \u00c7\u0131kard\u0131!"},"content":{"rendered":"<p>Warner Bros. Pictures, James Gunn y\u00f6netimindeki &#8220;Superman&#8221; filminin setinden yeni foto\u011fraflar payla\u015ft\u0131. Bu foto\u011fraflar, David Corenswet&#8217;in Superman kost\u00fcm\u00fcn\u00fc net bir \u015fekilde ortaya \u00e7\u0131kar\u0131yor.<\/p>\n<p>DC Evreni&#8217;nin yeni Superman&#8217;i olarak kar\u015f\u0131m\u0131za \u00e7\u0131kacak olan David Corenswet&#8217;in kost\u00fcml\u00fc tek bir g\u00f6rseli bug\u00fcne kadar yay\u0131nlanmam\u0131\u015ft\u0131. Ancak yeni set foto\u011fraflar\u0131, hem akt\u00f6r\u00fc hem de filmde yer alacak olan Superman kost\u00fcm\u00fcn\u00fc detayl\u0131 bir \u015fekilde g\u00f6rmemizi sa\u011fl\u0131yor.<\/p>\n<p>James Gunn taraf\u0131ndan yaz\u0131l\u0131p y\u00f6netilen &#8220;Superman&#8221; filminin, Zack Snyder imzal\u0131 &#8220;Man of Steel&#8221;den farkl\u0131 bir ton ve stile sahip olaca\u011f\u0131 biliniyordu. Set foto\u011fraflar\u0131nda da g\u00f6r\u00fcld\u00fc\u011f\u00fc gibi, Superman kost\u00fcm\u00fc daha a\u00e7\u0131k ve parlak renklere sahip, retro bir g\u00f6r\u00fcn\u00fcme sahip.<\/p>\n<p>Foto\u011fraflarda ayr\u0131ca Mister Terrific rol\u00fcndeki Edi Gathegi de g\u00f6r\u00fcn\u00fcyor. Filmin kadrosunda Rachel Brosnahan (Lois Lane), Nicholas Hoult (Lex Luthor), Sara Sampai (Eve Teschmacher), Terence Rosemore (Otis), Skyler Gisondo (Jimmy Olsen), Anthony Carrigan (Metamorpho), Isabela Merced (Hawkgirl), Nathan Fillion (Guy Gardner) ve Maria Gabriela de Faria (Engineer) gibi isimler de yer al\u0131yor.<\/p>\n<p>11 A\u011fustos 2025 tarihinde vizyona girmesi planlanan &#8220;Superman&#8221; filminin \u00e7ekimleri A\u011fustos ay\u0131na kadar devam edecek.<\/p>\n","protected":false},"excerpt":{"rendered":"<p>Warner Bros. Pictures, James Gunn y\u00f6netimindeki &#8220;Superman&#8221; filminin setinden yeni foto\u011fraflar payla\u015ft\u0131. Bu foto\u011fraflar, David&hellip;<\/p>\n","protected":false},"author":1,"featured_media":6756,"comment_status":"open","ping_status":"open","sticky":false,"template":"","format":"standard","meta":{"footnotes":""},"categories":[13],"tags":[],"class_list":["post-6755","post","type-post","status-publish","format-standard","has-post-thumbnail","hentry","category-dizi"],"yoast_head":"<!-- This site is optimized with the Yoast SEO Premium plugin v24.3 (Yoast SEO v27.4) - https:\/\/yoast.com\/product\/yoast-seo-premium-wordpress\/ -->\n<title>James Gunn Y\u00f6netimindeki Superman Filminin Yeni Set Foto\u011fraflar\u0131 Ortaya \u00c7\u0131kard\u0131! - E-&Ccedil;\u0130FTL\u0130K HABER<\/title>\n<meta name=\"description\" content=\"Warner Bros. Pictures, James Gunn y\u00f6netimindeki &quot;Superman&quot; filminin setinden yeni foto\u011fraflar payla\u015ft\u0131. Bu foto\u011fraflar, David Corenswet&#039;in Superman\" \/>\n<meta name=\"robots\" content=\"index, follow, max-snippet:-1, max-image-preview:large, max-video-preview:-1\" \/>\n<link rel=\"canonical\" href=\"https:\/\/e-ciftlik.com\/haberler\/dizi\/james-gunn-yonetimindeki-superman-filminin-yeni-set-fotograflari-ortaya-cikardi\/\" \/>\n<meta property=\"og:locale\" content=\"tr_TR\" \/>\n<meta property=\"og:type\" content=\"article\" \/>\n<meta property=\"og:title\" content=\"James Gunn Y\u00f6netimindeki Superman Filminin Yeni Set Foto\u011fraflar\u0131 Ortaya \u00c7\u0131kard\u0131!\" \/>\n<meta property=\"og:description\" content=\"Warner Bros. Pictures, James Gunn y\u00f6netimindeki &quot;Superman&quot; filminin setinden yeni foto\u011fraflar payla\u015ft\u0131. Bu foto\u011fraflar, David Corenswet&#039;in Superman\" \/>\n<meta property=\"og:url\" content=\"https:\/\/e-ciftlik.com\/haberler\/dizi\/james-gunn-yonetimindeki-superman-filminin-yeni-set-fotograflari-ortaya-cikardi\/\" \/>\n<meta property=\"og:site_name\" content=\"E-&Ccedil;\u0130FTL\u0130K HABER\" \/>\n<meta property=\"article:publisher\" content=\"https:\/\/www.facebook.com\/eciftlikturkiye\" \/>\n<meta property=\"article:published_time\" content=\"2024-06-25T12:12:39+00:00\" \/>\n<meta property=\"og:image\" content=\"https:\/\/e-ciftlik.com\/haberler\/wp-content\/uploads\/2024\/06\/fe66b00caa035fe7590c75b4f0cf27a4.jpg\" \/>\n\t<meta property=\"og:image:width\" content=\"1280\" \/>\n\t<meta property=\"og:image:height\" content=\"720\" \/>\n\t<meta property=\"og:image:type\" content=\"image\/jpeg\" \/>\n<meta name=\"author\" content=\"Haber Merkezi\" \/>\n<meta name=\"twitter:card\" content=\"summary_large_image\" \/>\n<meta name=\"twitter:creator\" content=\"@eciftlikresmi\" \/>\n<meta name=\"twitter:site\" content=\"@eciftlikresmi\" \/>\n<meta name=\"twitter:label1\" content=\"Yazan:\" \/>\n\t<meta name=\"twitter:data1\" content=\"Haber Merkezi\" \/>\n\t<meta name=\"twitter:label2\" content=\"Tahmini okuma s\u00fcresi\" \/>\n\t<meta name=\"twitter:data2\" content=\"1 dakika\" \/>\n<script type=\"application\/ld+json\" class=\"yoast-schema-graph\">{\"@context\":\"https:\\\/\\\/schema.org\",\"@graph\":[{\"@type\":\"NewsArticle\",\"@id\":\"https:\\\/\\\/e-ciftlik.com\\\/haberler\\\/dizi\\\/james-gunn-yonetimindeki-superman-filminin-yeni-set-fotograflari-ortaya-cikardi\\\/#article\",\"isPartOf\":{\"@id\":\"https:\\\/\\\/e-ciftlik.com\\\/haberler\\\/dizi\\\/james-gunn-yonetimindeki-superman-filminin-yeni-set-fotograflari-ortaya-cikardi\\\/\"},\"author\":{\"name\":\"Haber Merkezi\",\"@id\":\"https:\\\/\\\/e-ciftlik.com\\\/haberler\\\/#\\\/schema\\\/person\\\/d2f4fee3143d7f72be82cb887d51b00a\"},\"headline\":\"James Gunn Y\u00f6netimindeki Superman Filminin Yeni Set Foto\u011fraflar\u0131 Ortaya \u00c7\u0131kard\u0131!\",\"datePublished\":\"2024-06-25T12:12:39+00:00\",\"mainEntityOfPage\":{\"@id\":\"https:\\\/\\\/e-ciftlik.com\\\/haberler\\\/dizi\\\/james-gunn-yonetimindeki-superman-filminin-yeni-set-fotograflari-ortaya-cikardi\\\/\"},\"wordCount\":222,\"commentCount\":0,\"publisher\":{\"@id\":\"https:\\\/\\\/e-ciftlik.com\\\/haberler\\\/#organization\"},\"image\":{\"@id\":\"https:\\\/\\\/e-ciftlik.com\\\/haberler\\\/dizi\\\/james-gunn-yonetimindeki-superman-filminin-yeni-set-fotograflari-ortaya-cikardi\\\/#primaryimage\"},\"thumbnailUrl\":\"https:\\\/\\\/e-ciftlik.com\\\/haberler\\\/wp-content\\\/uploads\\\/2024\\\/06\\\/fe66b00caa035fe7590c75b4f0cf27a4.jpg\",\"articleSection\":[\"Dizi\"],\"inLanguage\":\"tr\",\"potentialAction\":[{\"@type\":\"CommentAction\",\"name\":\"Comment\",\"target\":[\"https:\\\/\\\/e-ciftlik.com\\\/haberler\\\/dizi\\\/james-gunn-yonetimindeki-superman-filminin-yeni-set-fotograflari-ortaya-cikardi\\\/#respond\"]}]},{\"@type\":\"WebPage\",\"@id\":\"https:\\\/\\\/e-ciftlik.com\\\/haberler\\\/dizi\\\/james-gunn-yonetimindeki-superman-filminin-yeni-set-fotograflari-ortaya-cikardi\\\/\",\"url\":\"https:\\\/\\\/e-ciftlik.com\\\/haberler\\\/dizi\\\/james-gunn-yonetimindeki-superman-filminin-yeni-set-fotograflari-ortaya-cikardi\\\/\",\"name\":\"James Gunn Y\u00f6netimindeki Superman Filminin Yeni Set Foto\u011fraflar\u0131 Ortaya \u00c7\u0131kard\u0131! - E-&Ccedil;\u0130FTL\u0130K HABER\",\"isPartOf\":{\"@id\":\"https:\\\/\\\/e-ciftlik.com\\\/haberler\\\/#website\"},\"primaryImageOfPage\":{\"@id\":\"https:\\\/\\\/e-ciftlik.com\\\/haberler\\\/dizi\\\/james-gunn-yonetimindeki-superman-filminin-yeni-set-fotograflari-ortaya-cikardi\\\/#primaryimage\"},\"image\":{\"@id\":\"https:\\\/\\\/e-ciftlik.com\\\/haberler\\\/dizi\\\/james-gunn-yonetimindeki-superman-filminin-yeni-set-fotograflari-ortaya-cikardi\\\/#primaryimage\"},\"thumbnailUrl\":\"https:\\\/\\\/e-ciftlik.com\\\/haberler\\\/wp-content\\\/uploads\\\/2024\\\/06\\\/fe66b00caa035fe7590c75b4f0cf27a4.jpg\",\"datePublished\":\"2024-06-25T12:12:39+00:00\",\"description\":\"Warner Bros. Pictures, James Gunn y\u00f6netimindeki \\\"Superman\\\" filminin setinden yeni foto\u011fraflar payla\u015ft\u0131. Bu foto\u011fraflar, David Corenswet'in Superman\",\"breadcrumb\":{\"@id\":\"https:\\\/\\\/e-ciftlik.com\\\/haberler\\\/dizi\\\/james-gunn-yonetimindeki-superman-filminin-yeni-set-fotograflari-ortaya-cikardi\\\/#breadcrumb\"},\"inLanguage\":\"tr\",\"potentialAction\":[{\"@type\":\"ReadAction\",\"target\":[\"https:\\\/\\\/e-ciftlik.com\\\/haberler\\\/dizi\\\/james-gunn-yonetimindeki-superman-filminin-yeni-set-fotograflari-ortaya-cikardi\\\/\"]}]},{\"@type\":\"ImageObject\",\"inLanguage\":\"tr\",\"@id\":\"https:\\\/\\\/e-ciftlik.com\\\/haberler\\\/dizi\\\/james-gunn-yonetimindeki-superman-filminin-yeni-set-fotograflari-ortaya-cikardi\\\/#primaryimage\",\"url\":\"https:\\\/\\\/e-ciftlik.com\\\/haberler\\\/wp-content\\\/uploads\\\/2024\\\/06\\\/fe66b00caa035fe7590c75b4f0cf27a4.jpg\",\"contentUrl\":\"https:\\\/\\\/e-ciftlik.com\\\/haberler\\\/wp-content\\\/uploads\\\/2024\\\/06\\\/fe66b00caa035fe7590c75b4f0cf27a4.jpg\",\"width\":1280,\"height\":720},{\"@type\":\"BreadcrumbList\",\"@id\":\"https:\\\/\\\/e-ciftlik.com\\\/haberler\\\/dizi\\\/james-gunn-yonetimindeki-superman-filminin-yeni-set-fotograflari-ortaya-cikardi\\\/#breadcrumb\",\"itemListElement\":[{\"@type\":\"ListItem\",\"position\":1,\"name\":\"Anasayfa\",\"item\":\"https:\\\/\\\/e-ciftlik.com\\\/haberler\\\/\"},{\"@type\":\"ListItem\",\"position\":2,\"name\":\"James Gunn Y\u00f6netimindeki Superman Filminin Yeni Set Foto\u011fraflar\u0131 Ortaya \u00c7\u0131kard\u0131!\"}]},{\"@type\":\"WebSite\",\"@id\":\"https:\\\/\\\/e-ciftlik.com\\\/haberler\\\/#website\",\"url\":\"https:\\\/\\\/e-ciftlik.com\\\/haberler\\\/\",\"name\":\"E-\u00c7iftlik Haber | G\u00fcncel, Son Dakika Haberler, En Son Haber\",\"description\":\"\",\"publisher\":{\"@id\":\"https:\\\/\\\/e-ciftlik.com\\\/haberler\\\/#organization\"},\"potentialAction\":[{\"@type\":\"SearchAction\",\"target\":{\"@type\":\"EntryPoint\",\"urlTemplate\":\"https:\\\/\\\/e-ciftlik.com\\\/haberler\\\/?s={search_term_string}\"},\"query-input\":{\"@type\":\"PropertyValueSpecification\",\"valueRequired\":true,\"valueName\":\"search_term_string\"}}],\"inLanguage\":\"tr\"},{\"@type\":\"Organization\",\"@id\":\"https:\\\/\\\/e-ciftlik.com\\\/haberler\\\/#organization\",\"name\":\"E-\u00c7\u0130FTL\u0130K HABER\",\"url\":\"https:\\\/\\\/e-ciftlik.com\\\/haberler\\\/\",\"logo\":{\"@type\":\"ImageObject\",\"inLanguage\":\"tr\",\"@id\":\"https:\\\/\\\/e-ciftlik.com\\\/haberler\\\/#\\\/schema\\\/logo\\\/image\\\/\",\"url\":\"https:\\\/\\\/e-ciftlik.com\\\/haberler\\\/wp-content\\\/uploads\\\/2024\\\/06\\\/cropped-cropped-favicon-1-2.png\",\"contentUrl\":\"https:\\\/\\\/e-ciftlik.com\\\/haberler\\\/wp-content\\\/uploads\\\/2024\\\/06\\\/cropped-cropped-favicon-1-2.png\",\"width\":512,\"height\":512,\"caption\":\"E-\u00c7\u0130FTL\u0130K HABER\"},\"image\":{\"@id\":\"https:\\\/\\\/e-ciftlik.com\\\/haberler\\\/#\\\/schema\\\/logo\\\/image\\\/\"},\"sameAs\":[\"https:\\\/\\\/www.facebook.com\\\/eciftlikturkiye\",\"https:\\\/\\\/x.com\\\/eciftlikresmi\",\"https:\\\/\\\/www.instagram.com\\\/eciftlikresmi\\\/\"]},{\"@type\":\"Person\",\"@id\":\"https:\\\/\\\/e-ciftlik.com\\\/haberler\\\/#\\\/schema\\\/person\\\/d2f4fee3143d7f72be82cb887d51b00a\",\"name\":\"Haber Merkezi\",\"image\":{\"@type\":\"ImageObject\",\"inLanguage\":\"tr\",\"@id\":\"https:\\\/\\\/secure.gravatar.com\\\/avatar\\\/6c27d641914e66c1d0452c92716002398782818991d86db1c2cccb531e7c7c82?s=96&d=mm&r=g\",\"url\":\"https:\\\/\\\/secure.gravatar.com\\\/avatar\\\/6c27d641914e66c1d0452c92716002398782818991d86db1c2cccb531e7c7c82?s=96&d=mm&r=g\",\"contentUrl\":\"https:\\\/\\\/secure.gravatar.com\\\/avatar\\\/6c27d641914e66c1d0452c92716002398782818991d86db1c2cccb531e7c7c82?s=96&d=mm&r=g\",\"caption\":\"Haber Merkezi\"},\"sameAs\":[\"http:\\\/\\\/e-ciftlik.com\\\/haberler\"]}]}<\/script>\n<!-- \/ Yoast SEO Premium plugin. -->","yoast_head_json":{"title":"James Gunn Y\u00f6netimindeki Superman Filminin Yeni Set Foto\u011fraflar\u0131 Ortaya \u00c7\u0131kard\u0131! - E-&Ccedil;\u0130FTL\u0130K HABER","description":"Warner Bros. Pictures, James Gunn y\u00f6netimindeki \"Superman\" filminin setinden yeni foto\u011fraflar payla\u015ft\u0131. Bu foto\u011fraflar, David Corenswet'in Superman","robots":{"index":"index","follow":"follow","max-snippet":"max-snippet:-1","max-image-preview":"max-image-preview:large","max-video-preview":"max-video-preview:-1"},"canonical":"https:\/\/e-ciftlik.com\/haberler\/dizi\/james-gunn-yonetimindeki-superman-filminin-yeni-set-fotograflari-ortaya-cikardi\/","og_locale":"tr_TR","og_type":"article","og_title":"James Gunn Y\u00f6netimindeki Superman Filminin Yeni Set Foto\u011fraflar\u0131 Ortaya \u00c7\u0131kard\u0131!","og_description":"Warner Bros. Pictures, James Gunn y\u00f6netimindeki \"Superman\" filminin setinden yeni foto\u011fraflar payla\u015ft\u0131. Bu foto\u011fraflar, David Corenswet'in Superman","og_url":"https:\/\/e-ciftlik.com\/haberler\/dizi\/james-gunn-yonetimindeki-superman-filminin-yeni-set-fotograflari-ortaya-cikardi\/","og_site_name":"E-&Ccedil;\u0130FTL\u0130K HABER","article_publisher":"https:\/\/www.facebook.com\/eciftlikturkiye","article_published_time":"2024-06-25T12:12:39+00:00","og_image":[{"width":1280,"height":720,"url":"https:\/\/e-ciftlik.com\/haberler\/wp-content\/uploads\/2024\/06\/fe66b00caa035fe7590c75b4f0cf27a4.jpg","type":"image\/jpeg"}],"author":"Haber Merkezi","twitter_card":"summary_large_image","twitter_creator":"@eciftlikresmi","twitter_site":"@eciftlikresmi","twitter_misc":{"Yazan:":"Haber Merkezi","Tahmini okuma s\u00fcresi":"1 dakika"},"schema":{"@context":"https:\/\/schema.org","@graph":[{"@type":"NewsArticle","@id":"https:\/\/e-ciftlik.com\/haberler\/dizi\/james-gunn-yonetimindeki-superman-filminin-yeni-set-fotograflari-ortaya-cikardi\/#article","isPartOf":{"@id":"https:\/\/e-ciftlik.com\/haberler\/dizi\/james-gunn-yonetimindeki-superman-filminin-yeni-set-fotograflari-ortaya-cikardi\/"},"author":{"name":"Haber Merkezi","@id":"https:\/\/e-ciftlik.com\/haberler\/#\/schema\/person\/d2f4fee3143d7f72be82cb887d51b00a"},"headline":"James Gunn Y\u00f6netimindeki Superman Filminin Yeni Set Foto\u011fraflar\u0131 Ortaya \u00c7\u0131kard\u0131!","datePublished":"2024-06-25T12:12:39+00:00","mainEntityOfPage":{"@id":"https:\/\/e-ciftlik.com\/haberler\/dizi\/james-gunn-yonetimindeki-superman-filminin-yeni-set-fotograflari-ortaya-cikardi\/"},"wordCount":222,"commentCount":0,"publisher":{"@id":"https:\/\/e-ciftlik.com\/haberler\/#organization"},"image":{"@id":"https:\/\/e-ciftlik.com\/haberler\/dizi\/james-gunn-yonetimindeki-superman-filminin-yeni-set-fotograflari-ortaya-cikardi\/#primaryimage"},"thumbnailUrl":"https:\/\/e-ciftlik.com\/haberler\/wp-content\/uploads\/2024\/06\/fe66b00caa035fe7590c75b4f0cf27a4.jpg","articleSection":["Dizi"],"inLanguage":"tr","potentialAction":[{"@type":"CommentAction","name":"Comment","target":["https:\/\/e-ciftlik.com\/haberler\/dizi\/james-gunn-yonetimindeki-superman-filminin-yeni-set-fotograflari-ortaya-cikardi\/#respond"]}]},{"@type":"WebPage","@id":"https:\/\/e-ciftlik.com\/haberler\/dizi\/james-gunn-yonetimindeki-superman-filminin-yeni-set-fotograflari-ortaya-cikardi\/","url":"https:\/\/e-ciftlik.com\/haberler\/dizi\/james-gunn-yonetimindeki-superman-filminin-yeni-set-fotograflari-ortaya-cikardi\/","name":"James Gunn Y\u00f6netimindeki Superman Filminin Yeni Set Foto\u011fraflar\u0131 Ortaya \u00c7\u0131kard\u0131! - E-&Ccedil;\u0130FTL\u0130K HABER","isPartOf":{"@id":"https:\/\/e-ciftlik.com\/haberler\/#website"},"primaryImageOfPage":{"@id":"https:\/\/e-ciftlik.com\/haberler\/dizi\/james-gunn-yonetimindeki-superman-filminin-yeni-set-fotograflari-ortaya-cikardi\/#primaryimage"},"image":{"@id":"https:\/\/e-ciftlik.com\/haberler\/dizi\/james-gunn-yonetimindeki-superman-filminin-yeni-set-fotograflari-ortaya-cikardi\/#primaryimage"},"thumbnailUrl":"https:\/\/e-ciftlik.com\/haberler\/wp-content\/uploads\/2024\/06\/fe66b00caa035fe7590c75b4f0cf27a4.jpg","datePublished":"2024-06-25T12:12:39+00:00","description":"Warner Bros. Pictures, James Gunn y\u00f6netimindeki \"Superman\" filminin setinden yeni foto\u011fraflar payla\u015ft\u0131. Bu foto\u011fraflar, David Corenswet'in Superman","breadcrumb":{"@id":"https:\/\/e-ciftlik.com\/haberler\/dizi\/james-gunn-yonetimindeki-superman-filminin-yeni-set-fotograflari-ortaya-cikardi\/#breadcrumb"},"inLanguage":"tr","potentialAction":[{"@type":"ReadAction","target":["https:\/\/e-ciftlik.com\/haberler\/dizi\/james-gunn-yonetimindeki-superman-filminin-yeni-set-fotograflari-ortaya-cikardi\/"]}]},{"@type":"ImageObject","inLanguage":"tr","@id":"https:\/\/e-ciftlik.com\/haberler\/dizi\/james-gunn-yonetimindeki-superman-filminin-yeni-set-fotograflari-ortaya-cikardi\/#primaryimage","url":"https:\/\/e-ciftlik.com\/haberler\/wp-content\/uploads\/2024\/06\/fe66b00caa035fe7590c75b4f0cf27a4.jpg","contentUrl":"https:\/\/e-ciftlik.com\/haberler\/wp-content\/uploads\/2024\/06\/fe66b00caa035fe7590c75b4f0cf27a4.jpg","width":1280,"height":720},{"@type":"BreadcrumbList","@id":"https:\/\/e-ciftlik.com\/haberler\/dizi\/james-gunn-yonetimindeki-superman-filminin-yeni-set-fotograflari-ortaya-cikardi\/#breadcrumb","itemListElement":[{"@type":"ListItem","position":1,"name":"Anasayfa","item":"https:\/\/e-ciftlik.com\/haberler\/"},{"@type":"ListItem","position":2,"name":"James Gunn Y\u00f6netimindeki Superman Filminin Yeni Set Foto\u011fraflar\u0131 Ortaya \u00c7\u0131kard\u0131!"}]},{"@type":"WebSite","@id":"https:\/\/e-ciftlik.com\/haberler\/#website","url":"https:\/\/e-ciftlik.com\/haberler\/","name":"E-\u00c7iftlik Haber | G\u00fcncel, Son Dakika Haberler, En Son Haber","description":"","publisher":{"@id":"https:\/\/e-ciftlik.com\/haberler\/#organization"},"potentialAction":[{"@type":"SearchAction","target":{"@type":"EntryPoint","urlTemplate":"https:\/\/e-ciftlik.com\/haberler\/?s={search_term_string}"},"query-input":{"@type":"PropertyValueSpecification","valueRequired":true,"valueName":"search_term_string"}}],"inLanguage":"tr"},{"@type":"Organization","@id":"https:\/\/e-ciftlik.com\/haberler\/#organization","name":"E-\u00c7\u0130FTL\u0130K HABER","url":"https:\/\/e-ciftlik.com\/haberler\/","logo":{"@type":"ImageObject","inLanguage":"tr","@id":"https:\/\/e-ciftlik.com\/haberler\/#\/schema\/logo\/image\/","url":"https:\/\/e-ciftlik.com\/haberler\/wp-content\/uploads\/2024\/06\/cropped-cropped-favicon-1-2.png","contentUrl":"https:\/\/e-ciftlik.com\/haberler\/wp-content\/uploads\/2024\/06\/cropped-cropped-favicon-1-2.png","width":512,"height":512,"caption":"E-\u00c7\u0130FTL\u0130K HABER"},"image":{"@id":"https:\/\/e-ciftlik.com\/haberler\/#\/schema\/logo\/image\/"},"sameAs":["https:\/\/www.facebook.com\/eciftlikturkiye","https:\/\/x.com\/eciftlikresmi","https:\/\/www.instagram.com\/eciftlikresmi\/"]},{"@type":"Person","@id":"https:\/\/e-ciftlik.com\/haberler\/#\/schema\/person\/d2f4fee3143d7f72be82cb887d51b00a","name":"Haber Merkezi","image":{"@type":"ImageObject","inLanguage":"tr","@id":"https:\/\/secure.gravatar.com\/avatar\/6c27d641914e66c1d0452c92716002398782818991d86db1c2cccb531e7c7c82?s=96&d=mm&r=g","url":"https:\/\/secure.gravatar.com\/avatar\/6c27d641914e66c1d0452c92716002398782818991d86db1c2cccb531e7c7c82?s=96&d=mm&r=g","contentUrl":"https:\/\/secure.gravatar.com\/avatar\/6c27d641914e66c1d0452c92716002398782818991d86db1c2cccb531e7c7c82?s=96&d=mm&r=g","caption":"Haber Merkezi"},"sameAs":["http:\/\/e-ciftlik.com\/haberler"]}]}},"_links":{"self":[{"href":"https:\/\/e-ciftlik.com\/haberler\/wp-json\/wp\/v2\/posts\/6755","targetHints":{"allow":["GET"]}}],"collection":[{"href":"https:\/\/e-ciftlik.com\/haberler\/wp-json\/wp\/v2\/posts"}],"about":[{"href":"https:\/\/e-ciftlik.com\/haberler\/wp-json\/wp\/v2\/types\/post"}],"author":[{"embeddable":true,"href":"https:\/\/e-ciftlik.com\/haberler\/wp-json\/wp\/v2\/users\/1"}],"replies":[{"embeddable":true,"href":"https:\/\/e-ciftlik.com\/haberler\/wp-json\/wp\/v2\/comments?post=6755"}],"version-history":[{"count":0,"href":"https:\/\/e-ciftlik.com\/haberler\/wp-json\/wp\/v2\/posts\/6755\/revisions"}],"wp:featuredmedia":[{"embeddable":true,"href":"https:\/\/e-ciftlik.com\/haberler\/wp-json\/wp\/v2\/media\/6756"}],"wp:attachment":[{"href":"https:\/\/e-ciftlik.com\/haberler\/wp-json\/wp\/v2\/media?parent=6755"}],"wp:term":[{"taxonomy":"category","embeddable":true,"href":"https:\/\/e-ciftlik.com\/haberler\/wp-json\/wp\/v2\/categories?post=6755"},{"taxonomy":"post_tag","embeddable":true,"href":"https:\/\/e-ciftlik.com\/haberler\/wp-json\/wp\/v2\/tags?post=6755"}],"curies":[{"name":"wp","href":"https:\/\/api.w.org\/{rel}","templated":true}]}}