{"id":683,"date":"2024-06-08T14:08:42","date_gmt":"2024-06-08T14:08:42","guid":{"rendered":"https:\/\/e-ciftlik.com\/haberler\/egitim\/ankarali-ogrenciler-avrupa-turunda-egitim-ve-kultur-kesfi\/"},"modified":"2024-06-08T14:08:42","modified_gmt":"2024-06-08T14:08:42","slug":"ankarali-ogrenciler-avrupa-turunda-egitim-ve-kultur-kesfi","status":"publish","type":"post","link":"https:\/\/e-ciftlik.com\/haberler\/egitim\/ankarali-ogrenciler-avrupa-turunda-egitim-ve-kultur-kesfi\/","title":{"rendered":"Ankaral\u0131 \u00d6\u011frenciler Avrupa Turunda E\u011fitim ve K\u00fclt\u00fcr Ke\u015ffi"},"content":{"rendered":"<p>Ankara \u00c7ankaya Ayhan S\u00fcmer Anadolu Lisesi \u00f6\u011frencileri, 5 g\u00fcnl\u00fck Avrupa turunda \u0130talya&#8217;n\u0131n Milano ve Bologna gibi tarihi \u015fehirleri ile \u0130svi\u00e7re&#8217;nin Z\u00fcrih, Cenevre, Bern, Montreux ve Lozan \u015fehirlerine ziyaretler ger\u00e7ekle\u015ftirdi. <\/p>\n<p>Geziler s\u0131ras\u0131nda Avrupa N\u00fckleer Ara\u015ft\u0131rma Merkezi (CERN) ve Technorama Bilim Merkezi gibi tesisleri ziyaret eden \u00f6\u011frenciler, Leonardo Da Vinci M\u00fczesi, Callier \u00c7ikolata Fabrikas\u0131 ve Ferrari M\u00fczesi gibi \u00f6nemli noktalar\u0131 da gezdi. <\/p>\n<p>Bilim ve teknolojinin merkezlerinde e\u011fitim alan \u00f6\u011frenciler, CERN ve \u0130svi\u00e7re Bilim Merkezi&#8217;nde par\u00e7ac\u0131k fizi\u011fi, deney teknikleri ve uluslararas\u0131 bilimsel i\u015fbirli\u011finin i\u015fleyi\u015fi hakk\u0131nda bilgi edindi. Ayr\u0131ca CERN \u00e7al\u0131\u015fanlar\u0131ndan Prof. Dr. Kerem Canko\u00e7ak&#8217;\u0131n d\u00fczenledi\u011fi workshop etkinli\u011fine kat\u0131lan \u00f6\u011frenciler, bilgi ve deneyimlerini art\u0131rma f\u0131rsat\u0131 buldu. <\/p>\n<p>\u0130nteraktif sergiler ve deneylerin yer ald\u0131\u011f\u0131 Technorama Bilim Merkezi ziyaretinde ise \u00f6\u011frenciler, bilimsel prensipleri g\u00f6zlemleyerek ve workshoplara kat\u0131larak teorik bilgiyi prati\u011fe d\u00f6n\u00fc\u015ft\u00fcrme f\u0131rsat\u0131 buldular. <\/p>\n<p>Tarih ve k\u00fclt\u00fcr\u00fc ke\u015ffetme f\u0131rsat\u0131n\u0131 da de\u011ferlendiren \u00f6\u011frenciler, \u0130svi\u00e7re&#8217;nin Bern \u015fehrinde yer alan Einstein M\u00fczesi&#8217;ni ziyaret ederek Albert Einstein&#8217;\u0131n ya\u015fam\u0131, \u00e7al\u0131\u015fmalar\u0131 ve fizik alan\u0131ndaki katk\u0131lar\u0131 hakk\u0131nda bilgi edindiler. Leonardo da Vinci M\u00fczesi&#8217;ni gezen \u00f6\u011frenciler, da Vinci&#8217;nin disiplinler aras\u0131 yakla\u015f\u0131m\u0131n\u0131 ve sanat ile bilimin kesi\u015fimini daha derinlemesine anlama f\u0131rsat\u0131 buldular. Ferrari M\u00fczesi&#8217;nde ise \u00f6\u011frenciler, markan\u0131n tarihi ara\u00e7lar\u0131, motorlar\u0131 ve tasar\u0131m esteti\u011fini g\u00f6zlemleme \u015fans\u0131na sahip oldular. <\/p>\n<p>Callier \u00e7ikolata fabrikas\u0131nda \u00e7ikolata \u00fcretim s\u00fcrecini ad\u0131m ad\u0131m g\u00f6ren \u00f6\u011frenciler, end\u00fcstriyel \u00fcretim ve i\u015fleyi\u015f hakk\u0131nda bilgi edinme f\u0131rsat\u0131 yakalad\u0131lar. Geziye, Ayhan S\u00fcmer Anadolu Lisesi Okul M\u00fcd\u00fcr\u00fc Durmu\u015f Bozkurt, Fizik \u00d6\u011fretmeni Elif \u00c7avdar ve Ayhan S\u00fcmer Anadolu Lisesi Bilim Dan\u0131\u015fman\u0131 Gazi \u00dcniversitesi Fizik B\u00f6l\u00fcm\u00fc \u00dcyesi Prof. Dr. \u015e\u00fckr\u00fc \u00c7avdar e\u015flik etti.<\/p>\n","protected":false},"excerpt":{"rendered":"<p>Ankara \u00c7ankaya Ayhan S\u00fcmer Anadolu Lisesi \u00f6\u011frencileri, 5 g\u00fcnl\u00fck Avrupa turunda \u0130talya&#8217;n\u0131n Milano ve Bologna&hellip;<\/p>\n","protected":false},"author":1,"featured_media":684,"comment_status":"open","ping_status":"open","sticky":false,"template":"","format":"standard","meta":{"footnotes":""},"categories":[12],"tags":[],"class_list":["post-683","post","type-post","status-publish","format-standard","has-post-thumbnail","hentry","category-egitim"],"yoast_head":"<!-- This site is optimized with the Yoast SEO Premium plugin v24.3 (Yoast SEO v27.4) - https:\/\/yoast.com\/product\/yoast-seo-premium-wordpress\/ -->\n<title>Ankaral\u0131 \u00d6\u011frenciler Avrupa Turunda E\u011fitim ve K\u00fclt\u00fcr Ke\u015ffi - E-&Ccedil;\u0130FTL\u0130K HABER<\/title>\n<meta name=\"description\" content=\"Ankara \u00c7ankaya Ayhan S\u00fcmer Anadolu Lisesi \u00f6\u011frencileri, 5 g\u00fcnl\u00fck Avrupa turunda \u0130talya&#039;n\u0131n Milano ve Bologna gibi tarihi \u015fehirleri ile \u0130svi\u00e7re&#039;nin Z\u00fcrih,\" \/>\n<meta name=\"robots\" content=\"index, follow, max-snippet:-1, max-image-preview:large, max-video-preview:-1\" \/>\n<link rel=\"canonical\" href=\"https:\/\/e-ciftlik.com\/haberler\/egitim\/ankarali-ogrenciler-avrupa-turunda-egitim-ve-kultur-kesfi\/\" \/>\n<meta property=\"og:locale\" content=\"tr_TR\" \/>\n<meta property=\"og:type\" content=\"article\" \/>\n<meta property=\"og:title\" content=\"Ankaral\u0131 \u00d6\u011frenciler Avrupa Turunda E\u011fitim ve K\u00fclt\u00fcr Ke\u015ffi\" \/>\n<meta property=\"og:description\" content=\"Ankara \u00c7ankaya Ayhan S\u00fcmer Anadolu Lisesi \u00f6\u011frencileri, 5 g\u00fcnl\u00fck Avrupa turunda \u0130talya&#039;n\u0131n Milano ve Bologna gibi tarihi \u015fehirleri ile \u0130svi\u00e7re&#039;nin Z\u00fcrih,\" \/>\n<meta property=\"og:url\" content=\"https:\/\/e-ciftlik.com\/haberler\/egitim\/ankarali-ogrenciler-avrupa-turunda-egitim-ve-kultur-kesfi\/\" \/>\n<meta property=\"og:site_name\" content=\"E-&Ccedil;\u0130FTL\u0130K HABER\" \/>\n<meta property=\"article:publisher\" content=\"https:\/\/www.facebook.com\/eciftlikturkiye\" \/>\n<meta property=\"article:published_time\" content=\"2024-06-08T14:08:42+00:00\" \/>\n<meta property=\"og:image\" content=\"https:\/\/e-ciftlik.com\/haberler\/wp-content\/uploads\/2024\/06\/ogrenciler-2229860.jpg\" \/>\n\t<meta property=\"og:image:width\" content=\"1280\" \/>\n\t<meta property=\"og:image:height\" content=\"720\" \/>\n\t<meta property=\"og:image:type\" content=\"image\/jpeg\" \/>\n<meta name=\"author\" content=\"Haber Merkezi\" \/>\n<meta name=\"twitter:card\" content=\"summary_large_image\" \/>\n<meta name=\"twitter:creator\" content=\"@eciftlikresmi\" \/>\n<meta name=\"twitter:site\" content=\"@eciftlikresmi\" \/>\n<meta name=\"twitter:label1\" content=\"Yazan:\" \/>\n\t<meta name=\"twitter:data1\" content=\"Haber Merkezi\" \/>\n\t<meta name=\"twitter:label2\" content=\"Tahmini okuma s\u00fcresi\" \/>\n\t<meta name=\"twitter:data2\" content=\"2 dakika\" \/>\n<script type=\"application\/ld+json\" class=\"yoast-schema-graph\">{\"@context\":\"https:\\\/\\\/schema.org\",\"@graph\":[{\"@type\":\"NewsArticle\",\"@id\":\"https:\\\/\\\/e-ciftlik.com\\\/haberler\\\/egitim\\\/ankarali-ogrenciler-avrupa-turunda-egitim-ve-kultur-kesfi\\\/#article\",\"isPartOf\":{\"@id\":\"https:\\\/\\\/e-ciftlik.com\\\/haberler\\\/egitim\\\/ankarali-ogrenciler-avrupa-turunda-egitim-ve-kultur-kesfi\\\/\"},\"author\":{\"name\":\"Haber Merkezi\",\"@id\":\"https:\\\/\\\/e-ciftlik.com\\\/haberler\\\/#\\\/schema\\\/person\\\/d2f4fee3143d7f72be82cb887d51b00a\"},\"headline\":\"Ankaral\u0131 \u00d6\u011frenciler Avrupa Turunda E\u011fitim ve K\u00fclt\u00fcr Ke\u015ffi\",\"datePublished\":\"2024-06-08T14:08:42+00:00\",\"mainEntityOfPage\":{\"@id\":\"https:\\\/\\\/e-ciftlik.com\\\/haberler\\\/egitim\\\/ankarali-ogrenciler-avrupa-turunda-egitim-ve-kultur-kesfi\\\/\"},\"wordCount\":346,\"commentCount\":0,\"publisher\":{\"@id\":\"https:\\\/\\\/e-ciftlik.com\\\/haberler\\\/#organization\"},\"image\":{\"@id\":\"https:\\\/\\\/e-ciftlik.com\\\/haberler\\\/egitim\\\/ankarali-ogrenciler-avrupa-turunda-egitim-ve-kultur-kesfi\\\/#primaryimage\"},\"thumbnailUrl\":\"https:\\\/\\\/e-ciftlik.com\\\/haberler\\\/wp-content\\\/uploads\\\/2024\\\/06\\\/ogrenciler-2229860.jpg\",\"articleSection\":[\"E\u011fitim\"],\"inLanguage\":\"tr\",\"potentialAction\":[{\"@type\":\"CommentAction\",\"name\":\"Comment\",\"target\":[\"https:\\\/\\\/e-ciftlik.com\\\/haberler\\\/egitim\\\/ankarali-ogrenciler-avrupa-turunda-egitim-ve-kultur-kesfi\\\/#respond\"]}]},{\"@type\":\"WebPage\",\"@id\":\"https:\\\/\\\/e-ciftlik.com\\\/haberler\\\/egitim\\\/ankarali-ogrenciler-avrupa-turunda-egitim-ve-kultur-kesfi\\\/\",\"url\":\"https:\\\/\\\/e-ciftlik.com\\\/haberler\\\/egitim\\\/ankarali-ogrenciler-avrupa-turunda-egitim-ve-kultur-kesfi\\\/\",\"name\":\"Ankaral\u0131 \u00d6\u011frenciler Avrupa Turunda E\u011fitim ve K\u00fclt\u00fcr Ke\u015ffi - E-&Ccedil;\u0130FTL\u0130K HABER\",\"isPartOf\":{\"@id\":\"https:\\\/\\\/e-ciftlik.com\\\/haberler\\\/#website\"},\"primaryImageOfPage\":{\"@id\":\"https:\\\/\\\/e-ciftlik.com\\\/haberler\\\/egitim\\\/ankarali-ogrenciler-avrupa-turunda-egitim-ve-kultur-kesfi\\\/#primaryimage\"},\"image\":{\"@id\":\"https:\\\/\\\/e-ciftlik.com\\\/haberler\\\/egitim\\\/ankarali-ogrenciler-avrupa-turunda-egitim-ve-kultur-kesfi\\\/#primaryimage\"},\"thumbnailUrl\":\"https:\\\/\\\/e-ciftlik.com\\\/haberler\\\/wp-content\\\/uploads\\\/2024\\\/06\\\/ogrenciler-2229860.jpg\",\"datePublished\":\"2024-06-08T14:08:42+00:00\",\"description\":\"Ankara \u00c7ankaya Ayhan S\u00fcmer Anadolu Lisesi \u00f6\u011frencileri, 5 g\u00fcnl\u00fck Avrupa turunda \u0130talya'n\u0131n Milano ve Bologna gibi tarihi \u015fehirleri ile \u0130svi\u00e7re'nin Z\u00fcrih,\",\"breadcrumb\":{\"@id\":\"https:\\\/\\\/e-ciftlik.com\\\/haberler\\\/egitim\\\/ankarali-ogrenciler-avrupa-turunda-egitim-ve-kultur-kesfi\\\/#breadcrumb\"},\"inLanguage\":\"tr\",\"potentialAction\":[{\"@type\":\"ReadAction\",\"target\":[\"https:\\\/\\\/e-ciftlik.com\\\/haberler\\\/egitim\\\/ankarali-ogrenciler-avrupa-turunda-egitim-ve-kultur-kesfi\\\/\"]}]},{\"@type\":\"ImageObject\",\"inLanguage\":\"tr\",\"@id\":\"https:\\\/\\\/e-ciftlik.com\\\/haberler\\\/egitim\\\/ankarali-ogrenciler-avrupa-turunda-egitim-ve-kultur-kesfi\\\/#primaryimage\",\"url\":\"https:\\\/\\\/e-ciftlik.com\\\/haberler\\\/wp-content\\\/uploads\\\/2024\\\/06\\\/ogrenciler-2229860.jpg\",\"contentUrl\":\"https:\\\/\\\/e-ciftlik.com\\\/haberler\\\/wp-content\\\/uploads\\\/2024\\\/06\\\/ogrenciler-2229860.jpg\",\"width\":1280,\"height\":720},{\"@type\":\"BreadcrumbList\",\"@id\":\"https:\\\/\\\/e-ciftlik.com\\\/haberler\\\/egitim\\\/ankarali-ogrenciler-avrupa-turunda-egitim-ve-kultur-kesfi\\\/#breadcrumb\",\"itemListElement\":[{\"@type\":\"ListItem\",\"position\":1,\"name\":\"Anasayfa\",\"item\":\"https:\\\/\\\/e-ciftlik.com\\\/haberler\\\/\"},{\"@type\":\"ListItem\",\"position\":2,\"name\":\"Ankaral\u0131 \u00d6\u011frenciler Avrupa Turunda E\u011fitim ve K\u00fclt\u00fcr Ke\u015ffi\"}]},{\"@type\":\"WebSite\",\"@id\":\"https:\\\/\\\/e-ciftlik.com\\\/haberler\\\/#website\",\"url\":\"https:\\\/\\\/e-ciftlik.com\\\/haberler\\\/\",\"name\":\"E-\u00c7iftlik Haber | G\u00fcncel, Son Dakika Haberler, En Son Haber\",\"description\":\"\",\"publisher\":{\"@id\":\"https:\\\/\\\/e-ciftlik.com\\\/haberler\\\/#organization\"},\"potentialAction\":[{\"@type\":\"SearchAction\",\"target\":{\"@type\":\"EntryPoint\",\"urlTemplate\":\"https:\\\/\\\/e-ciftlik.com\\\/haberler\\\/?s={search_term_string}\"},\"query-input\":{\"@type\":\"PropertyValueSpecification\",\"valueRequired\":true,\"valueName\":\"search_term_string\"}}],\"inLanguage\":\"tr\"},{\"@type\":\"Organization\",\"@id\":\"https:\\\/\\\/e-ciftlik.com\\\/haberler\\\/#organization\",\"name\":\"E-\u00c7\u0130FTL\u0130K HABER\",\"url\":\"https:\\\/\\\/e-ciftlik.com\\\/haberler\\\/\",\"logo\":{\"@type\":\"ImageObject\",\"inLanguage\":\"tr\",\"@id\":\"https:\\\/\\\/e-ciftlik.com\\\/haberler\\\/#\\\/schema\\\/logo\\\/image\\\/\",\"url\":\"https:\\\/\\\/e-ciftlik.com\\\/haberler\\\/wp-content\\\/uploads\\\/2024\\\/06\\\/cropped-cropped-favicon-1-2.png\",\"contentUrl\":\"https:\\\/\\\/e-ciftlik.com\\\/haberler\\\/wp-content\\\/uploads\\\/2024\\\/06\\\/cropped-cropped-favicon-1-2.png\",\"width\":512,\"height\":512,\"caption\":\"E-\u00c7\u0130FTL\u0130K HABER\"},\"image\":{\"@id\":\"https:\\\/\\\/e-ciftlik.com\\\/haberler\\\/#\\\/schema\\\/logo\\\/image\\\/\"},\"sameAs\":[\"https:\\\/\\\/www.facebook.com\\\/eciftlikturkiye\",\"https:\\\/\\\/x.com\\\/eciftlikresmi\",\"https:\\\/\\\/www.instagram.com\\\/eciftlikresmi\\\/\"]},{\"@type\":\"Person\",\"@id\":\"https:\\\/\\\/e-ciftlik.com\\\/haberler\\\/#\\\/schema\\\/person\\\/d2f4fee3143d7f72be82cb887d51b00a\",\"name\":\"Haber Merkezi\",\"image\":{\"@type\":\"ImageObject\",\"inLanguage\":\"tr\",\"@id\":\"https:\\\/\\\/secure.gravatar.com\\\/avatar\\\/6c27d641914e66c1d0452c92716002398782818991d86db1c2cccb531e7c7c82?s=96&d=mm&r=g\",\"url\":\"https:\\\/\\\/secure.gravatar.com\\\/avatar\\\/6c27d641914e66c1d0452c92716002398782818991d86db1c2cccb531e7c7c82?s=96&d=mm&r=g\",\"contentUrl\":\"https:\\\/\\\/secure.gravatar.com\\\/avatar\\\/6c27d641914e66c1d0452c92716002398782818991d86db1c2cccb531e7c7c82?s=96&d=mm&r=g\",\"caption\":\"Haber Merkezi\"},\"sameAs\":[\"http:\\\/\\\/e-ciftlik.com\\\/haberler\"]}]}<\/script>\n<!-- \/ Yoast SEO Premium plugin. -->","yoast_head_json":{"title":"Ankaral\u0131 \u00d6\u011frenciler Avrupa Turunda E\u011fitim ve K\u00fclt\u00fcr Ke\u015ffi - E-&Ccedil;\u0130FTL\u0130K HABER","description":"Ankara \u00c7ankaya Ayhan S\u00fcmer Anadolu Lisesi \u00f6\u011frencileri, 5 g\u00fcnl\u00fck Avrupa turunda \u0130talya'n\u0131n Milano ve Bologna gibi tarihi \u015fehirleri ile \u0130svi\u00e7re'nin Z\u00fcrih,","robots":{"index":"index","follow":"follow","max-snippet":"max-snippet:-1","max-image-preview":"max-image-preview:large","max-video-preview":"max-video-preview:-1"},"canonical":"https:\/\/e-ciftlik.com\/haberler\/egitim\/ankarali-ogrenciler-avrupa-turunda-egitim-ve-kultur-kesfi\/","og_locale":"tr_TR","og_type":"article","og_title":"Ankaral\u0131 \u00d6\u011frenciler Avrupa Turunda E\u011fitim ve K\u00fclt\u00fcr Ke\u015ffi","og_description":"Ankara \u00c7ankaya Ayhan S\u00fcmer Anadolu Lisesi \u00f6\u011frencileri, 5 g\u00fcnl\u00fck Avrupa turunda \u0130talya'n\u0131n Milano ve Bologna gibi tarihi \u015fehirleri ile \u0130svi\u00e7re'nin Z\u00fcrih,","og_url":"https:\/\/e-ciftlik.com\/haberler\/egitim\/ankarali-ogrenciler-avrupa-turunda-egitim-ve-kultur-kesfi\/","og_site_name":"E-&Ccedil;\u0130FTL\u0130K HABER","article_publisher":"https:\/\/www.facebook.com\/eciftlikturkiye","article_published_time":"2024-06-08T14:08:42+00:00","og_image":[{"width":1280,"height":720,"url":"https:\/\/e-ciftlik.com\/haberler\/wp-content\/uploads\/2024\/06\/ogrenciler-2229860.jpg","type":"image\/jpeg"}],"author":"Haber Merkezi","twitter_card":"summary_large_image","twitter_creator":"@eciftlikresmi","twitter_site":"@eciftlikresmi","twitter_misc":{"Yazan:":"Haber Merkezi","Tahmini okuma s\u00fcresi":"2 dakika"},"schema":{"@context":"https:\/\/schema.org","@graph":[{"@type":"NewsArticle","@id":"https:\/\/e-ciftlik.com\/haberler\/egitim\/ankarali-ogrenciler-avrupa-turunda-egitim-ve-kultur-kesfi\/#article","isPartOf":{"@id":"https:\/\/e-ciftlik.com\/haberler\/egitim\/ankarali-ogrenciler-avrupa-turunda-egitim-ve-kultur-kesfi\/"},"author":{"name":"Haber Merkezi","@id":"https:\/\/e-ciftlik.com\/haberler\/#\/schema\/person\/d2f4fee3143d7f72be82cb887d51b00a"},"headline":"Ankaral\u0131 \u00d6\u011frenciler Avrupa Turunda E\u011fitim ve K\u00fclt\u00fcr Ke\u015ffi","datePublished":"2024-06-08T14:08:42+00:00","mainEntityOfPage":{"@id":"https:\/\/e-ciftlik.com\/haberler\/egitim\/ankarali-ogrenciler-avrupa-turunda-egitim-ve-kultur-kesfi\/"},"wordCount":346,"commentCount":0,"publisher":{"@id":"https:\/\/e-ciftlik.com\/haberler\/#organization"},"image":{"@id":"https:\/\/e-ciftlik.com\/haberler\/egitim\/ankarali-ogrenciler-avrupa-turunda-egitim-ve-kultur-kesfi\/#primaryimage"},"thumbnailUrl":"https:\/\/e-ciftlik.com\/haberler\/wp-content\/uploads\/2024\/06\/ogrenciler-2229860.jpg","articleSection":["E\u011fitim"],"inLanguage":"tr","potentialAction":[{"@type":"CommentAction","name":"Comment","target":["https:\/\/e-ciftlik.com\/haberler\/egitim\/ankarali-ogrenciler-avrupa-turunda-egitim-ve-kultur-kesfi\/#respond"]}]},{"@type":"WebPage","@id":"https:\/\/e-ciftlik.com\/haberler\/egitim\/ankarali-ogrenciler-avrupa-turunda-egitim-ve-kultur-kesfi\/","url":"https:\/\/e-ciftlik.com\/haberler\/egitim\/ankarali-ogrenciler-avrupa-turunda-egitim-ve-kultur-kesfi\/","name":"Ankaral\u0131 \u00d6\u011frenciler Avrupa Turunda E\u011fitim ve K\u00fclt\u00fcr Ke\u015ffi - E-&Ccedil;\u0130FTL\u0130K HABER","isPartOf":{"@id":"https:\/\/e-ciftlik.com\/haberler\/#website"},"primaryImageOfPage":{"@id":"https:\/\/e-ciftlik.com\/haberler\/egitim\/ankarali-ogrenciler-avrupa-turunda-egitim-ve-kultur-kesfi\/#primaryimage"},"image":{"@id":"https:\/\/e-ciftlik.com\/haberler\/egitim\/ankarali-ogrenciler-avrupa-turunda-egitim-ve-kultur-kesfi\/#primaryimage"},"thumbnailUrl":"https:\/\/e-ciftlik.com\/haberler\/wp-content\/uploads\/2024\/06\/ogrenciler-2229860.jpg","datePublished":"2024-06-08T14:08:42+00:00","description":"Ankara \u00c7ankaya Ayhan S\u00fcmer Anadolu Lisesi \u00f6\u011frencileri, 5 g\u00fcnl\u00fck Avrupa turunda \u0130talya'n\u0131n Milano ve Bologna gibi tarihi \u015fehirleri ile \u0130svi\u00e7re'nin Z\u00fcrih,","breadcrumb":{"@id":"https:\/\/e-ciftlik.com\/haberler\/egitim\/ankarali-ogrenciler-avrupa-turunda-egitim-ve-kultur-kesfi\/#breadcrumb"},"inLanguage":"tr","potentialAction":[{"@type":"ReadAction","target":["https:\/\/e-ciftlik.com\/haberler\/egitim\/ankarali-ogrenciler-avrupa-turunda-egitim-ve-kultur-kesfi\/"]}]},{"@type":"ImageObject","inLanguage":"tr","@id":"https:\/\/e-ciftlik.com\/haberler\/egitim\/ankarali-ogrenciler-avrupa-turunda-egitim-ve-kultur-kesfi\/#primaryimage","url":"https:\/\/e-ciftlik.com\/haberler\/wp-content\/uploads\/2024\/06\/ogrenciler-2229860.jpg","contentUrl":"https:\/\/e-ciftlik.com\/haberler\/wp-content\/uploads\/2024\/06\/ogrenciler-2229860.jpg","width":1280,"height":720},{"@type":"BreadcrumbList","@id":"https:\/\/e-ciftlik.com\/haberler\/egitim\/ankarali-ogrenciler-avrupa-turunda-egitim-ve-kultur-kesfi\/#breadcrumb","itemListElement":[{"@type":"ListItem","position":1,"name":"Anasayfa","item":"https:\/\/e-ciftlik.com\/haberler\/"},{"@type":"ListItem","position":2,"name":"Ankaral\u0131 \u00d6\u011frenciler Avrupa Turunda E\u011fitim ve K\u00fclt\u00fcr Ke\u015ffi"}]},{"@type":"WebSite","@id":"https:\/\/e-ciftlik.com\/haberler\/#website","url":"https:\/\/e-ciftlik.com\/haberler\/","name":"E-\u00c7iftlik Haber | G\u00fcncel, Son Dakika Haberler, En Son Haber","description":"","publisher":{"@id":"https:\/\/e-ciftlik.com\/haberler\/#organization"},"potentialAction":[{"@type":"SearchAction","target":{"@type":"EntryPoint","urlTemplate":"https:\/\/e-ciftlik.com\/haberler\/?s={search_term_string}"},"query-input":{"@type":"PropertyValueSpecification","valueRequired":true,"valueName":"search_term_string"}}],"inLanguage":"tr"},{"@type":"Organization","@id":"https:\/\/e-ciftlik.com\/haberler\/#organization","name":"E-\u00c7\u0130FTL\u0130K HABER","url":"https:\/\/e-ciftlik.com\/haberler\/","logo":{"@type":"ImageObject","inLanguage":"tr","@id":"https:\/\/e-ciftlik.com\/haberler\/#\/schema\/logo\/image\/","url":"https:\/\/e-ciftlik.com\/haberler\/wp-content\/uploads\/2024\/06\/cropped-cropped-favicon-1-2.png","contentUrl":"https:\/\/e-ciftlik.com\/haberler\/wp-content\/uploads\/2024\/06\/cropped-cropped-favicon-1-2.png","width":512,"height":512,"caption":"E-\u00c7\u0130FTL\u0130K HABER"},"image":{"@id":"https:\/\/e-ciftlik.com\/haberler\/#\/schema\/logo\/image\/"},"sameAs":["https:\/\/www.facebook.com\/eciftlikturkiye","https:\/\/x.com\/eciftlikresmi","https:\/\/www.instagram.com\/eciftlikresmi\/"]},{"@type":"Person","@id":"https:\/\/e-ciftlik.com\/haberler\/#\/schema\/person\/d2f4fee3143d7f72be82cb887d51b00a","name":"Haber Merkezi","image":{"@type":"ImageObject","inLanguage":"tr","@id":"https:\/\/secure.gravatar.com\/avatar\/6c27d641914e66c1d0452c92716002398782818991d86db1c2cccb531e7c7c82?s=96&d=mm&r=g","url":"https:\/\/secure.gravatar.com\/avatar\/6c27d641914e66c1d0452c92716002398782818991d86db1c2cccb531e7c7c82?s=96&d=mm&r=g","contentUrl":"https:\/\/secure.gravatar.com\/avatar\/6c27d641914e66c1d0452c92716002398782818991d86db1c2cccb531e7c7c82?s=96&d=mm&r=g","caption":"Haber Merkezi"},"sameAs":["http:\/\/e-ciftlik.com\/haberler"]}]}},"_links":{"self":[{"href":"https:\/\/e-ciftlik.com\/haberler\/wp-json\/wp\/v2\/posts\/683","targetHints":{"allow":["GET"]}}],"collection":[{"href":"https:\/\/e-ciftlik.com\/haberler\/wp-json\/wp\/v2\/posts"}],"about":[{"href":"https:\/\/e-ciftlik.com\/haberler\/wp-json\/wp\/v2\/types\/post"}],"author":[{"embeddable":true,"href":"https:\/\/e-ciftlik.com\/haberler\/wp-json\/wp\/v2\/users\/1"}],"replies":[{"embeddable":true,"href":"https:\/\/e-ciftlik.com\/haberler\/wp-json\/wp\/v2\/comments?post=683"}],"version-history":[{"count":0,"href":"https:\/\/e-ciftlik.com\/haberler\/wp-json\/wp\/v2\/posts\/683\/revisions"}],"wp:featuredmedia":[{"embeddable":true,"href":"https:\/\/e-ciftlik.com\/haberler\/wp-json\/wp\/v2\/media\/684"}],"wp:attachment":[{"href":"https:\/\/e-ciftlik.com\/haberler\/wp-json\/wp\/v2\/media?parent=683"}],"wp:term":[{"taxonomy":"category","embeddable":true,"href":"https:\/\/e-ciftlik.com\/haberler\/wp-json\/wp\/v2\/categories?post=683"},{"taxonomy":"post_tag","embeddable":true,"href":"https:\/\/e-ciftlik.com\/haberler\/wp-json\/wp\/v2\/tags?post=683"}],"curies":[{"name":"wp","href":"https:\/\/api.w.org\/{rel}","templated":true}]}}