{"id":7025,"date":"2024-06-26T09:37:41","date_gmt":"2024-06-26T09:37:41","guid":{"rendered":"https:\/\/e-ciftlik.com\/haberler\/gundem\/baskan-erdogandan-flas-aciklama-ittifak-olmaz\/"},"modified":"2024-06-26T09:37:41","modified_gmt":"2024-06-26T09:37:41","slug":"baskan-erdogandan-flas-aciklama-ittifak-olmaz","status":"publish","type":"post","link":"https:\/\/e-ciftlik.com\/haberler\/gundem\/baskan-erdogandan-flas-aciklama-ittifak-olmaz\/","title":{"rendered":"Ba\u015fkan Erdo\u011fan&#8217;dan fla\u015f a\u00e7\u0131klama: \u0130ttifak olmaz!"},"content":{"rendered":"<p>Son dakika haberi&#8230; Cumhurba\u015fkan\u0131 Recep Tayyip Erdo\u011fan, T\u00fcrkiye B\u00fcy\u00fck Millet Meclisi&#8217;nde AK Parti&#8217;nin grup toplant\u0131s\u0131nda g\u00fcndeme ili\u015fkin \u00f6nemli a\u00e7\u0131klamalarda bulunuyor. Erdo\u011fan, \u0130srail&#8217;in Gazze&#8217;de ger\u00e7ekle\u015ftirdi\u011fi katliam\u0131 Bat\u0131&#8217;n\u0131n deste\u011fiyle L\u00fcbnan&#8217;a ta\u015f\u0131mak istedi\u011fini belirtti. Siyasette normalle\u015fme ad\u0131 alt\u0131nda yap\u0131lan toplant\u0131da, Erdo\u011fan iktidar ile muhalefet aras\u0131nda ittifak olmayaca\u011f\u0131n\u0131 vurgulad\u0131. Erdo\u011fan, T\u00fcrkiye&#8217;nin d\u0131\u015f politika konular\u0131na ili\u015fkin \u00f6nemli de\u011ferlendirmelerde bulundu. Devam\u0131n\u0131 okumak i\u00e7in t\u0131klay\u0131n\u0131z: [Haberin tam metni] [https:\/\/iahbr.tmgrup.com.tr\/2024\/06\/26\/son-dakika-ak-parti-grup-toplantisi-baskan-erdogandan-onemli-aciklamalar-1719394007024.jpg]<\/p>\n","protected":false},"excerpt":{"rendered":"<p>Son dakika haberi&#8230; Cumhurba\u015fkan\u0131 Recep Tayyip Erdo\u011fan, T\u00fcrkiye B\u00fcy\u00fck Millet Meclisi&#8217;nde AK Parti&#8217;nin grup toplant\u0131s\u0131nda&hellip;<\/p>\n","protected":false},"author":1,"featured_media":7026,"comment_status":"open","ping_status":"open","sticky":false,"template":"","format":"standard","meta":{"footnotes":""},"categories":[10],"tags":[],"class_list":["post-7025","post","type-post","status-publish","format-standard","has-post-thumbnail","hentry","category-gundem"],"yoast_head":"<!-- This site is optimized with the Yoast SEO Premium plugin v24.3 (Yoast SEO v27.4) - https:\/\/yoast.com\/product\/yoast-seo-premium-wordpress\/ -->\n<title>Ba\u015fkan Erdo\u011fan&#039;dan fla\u015f a\u00e7\u0131klama: \u0130ttifak olmaz! - E-&Ccedil;\u0130FTL\u0130K HABER<\/title>\n<meta name=\"description\" content=\"Son dakika haberi... Cumhurba\u015fkan\u0131 Recep Tayyip Erdo\u011fan, T\u00fcrkiye B\u00fcy\u00fck Millet Meclisi&#039;nde AK Parti&#039;nin grup toplant\u0131s\u0131nda g\u00fcndeme ili\u015fkin \u00f6nemli\" \/>\n<meta name=\"robots\" content=\"index, follow, max-snippet:-1, max-image-preview:large, max-video-preview:-1\" \/>\n<link rel=\"canonical\" href=\"https:\/\/e-ciftlik.com\/haberler\/gundem\/baskan-erdogandan-flas-aciklama-ittifak-olmaz\/\" \/>\n<meta property=\"og:locale\" content=\"tr_TR\" \/>\n<meta property=\"og:type\" content=\"article\" \/>\n<meta property=\"og:title\" content=\"Ba\u015fkan Erdo\u011fan&#039;dan fla\u015f a\u00e7\u0131klama: \u0130ttifak olmaz!\" \/>\n<meta property=\"og:description\" content=\"Son dakika haberi... Cumhurba\u015fkan\u0131 Recep Tayyip Erdo\u011fan, T\u00fcrkiye B\u00fcy\u00fck Millet Meclisi&#039;nde AK Parti&#039;nin grup toplant\u0131s\u0131nda g\u00fcndeme ili\u015fkin \u00f6nemli\" \/>\n<meta property=\"og:url\" content=\"https:\/\/e-ciftlik.com\/haberler\/gundem\/baskan-erdogandan-flas-aciklama-ittifak-olmaz\/\" \/>\n<meta property=\"og:site_name\" content=\"E-&Ccedil;\u0130FTL\u0130K HABER\" \/>\n<meta property=\"article:publisher\" content=\"https:\/\/www.facebook.com\/eciftlikturkiye\" \/>\n<meta property=\"article:published_time\" content=\"2024-06-26T09:37:41+00:00\" \/>\n<meta property=\"og:image\" content=\"https:\/\/e-ciftlik.com\/haberler\/wp-content\/uploads\/2024\/06\/son-dakika-ak-parti-grup-toplantisi-baskan-erdogandan-onemli-aciklamalar-1719394007024.jpg\" \/>\n\t<meta property=\"og:image:width\" content=\"1200\" \/>\n\t<meta property=\"og:image:height\" content=\"675\" \/>\n\t<meta property=\"og:image:type\" content=\"image\/jpeg\" \/>\n<meta name=\"author\" content=\"Haber Merkezi\" \/>\n<meta name=\"twitter:card\" content=\"summary_large_image\" \/>\n<meta name=\"twitter:creator\" content=\"@eciftlikresmi\" \/>\n<meta name=\"twitter:site\" content=\"@eciftlikresmi\" \/>\n<meta name=\"twitter:label1\" content=\"Yazan:\" \/>\n\t<meta name=\"twitter:data1\" content=\"Haber Merkezi\" \/>\n\t<meta name=\"twitter:label2\" content=\"Tahmini okuma s\u00fcresi\" \/>\n\t<meta name=\"twitter:data2\" content=\"1 dakika\" \/>\n<script type=\"application\/ld+json\" class=\"yoast-schema-graph\">{\"@context\":\"https:\\\/\\\/schema.org\",\"@graph\":[{\"@type\":\"NewsArticle\",\"@id\":\"https:\\\/\\\/e-ciftlik.com\\\/haberler\\\/gundem\\\/baskan-erdogandan-flas-aciklama-ittifak-olmaz\\\/#article\",\"isPartOf\":{\"@id\":\"https:\\\/\\\/e-ciftlik.com\\\/haberler\\\/gundem\\\/baskan-erdogandan-flas-aciklama-ittifak-olmaz\\\/\"},\"author\":{\"name\":\"Haber Merkezi\",\"@id\":\"https:\\\/\\\/e-ciftlik.com\\\/haberler\\\/#\\\/schema\\\/person\\\/d2f4fee3143d7f72be82cb887d51b00a\"},\"headline\":\"Ba\u015fkan Erdo\u011fan&#8217;dan fla\u015f a\u00e7\u0131klama: \u0130ttifak olmaz!\",\"datePublished\":\"2024-06-26T09:37:41+00:00\",\"mainEntityOfPage\":{\"@id\":\"https:\\\/\\\/e-ciftlik.com\\\/haberler\\\/gundem\\\/baskan-erdogandan-flas-aciklama-ittifak-olmaz\\\/\"},\"wordCount\":121,\"commentCount\":0,\"publisher\":{\"@id\":\"https:\\\/\\\/e-ciftlik.com\\\/haberler\\\/#organization\"},\"image\":{\"@id\":\"https:\\\/\\\/e-ciftlik.com\\\/haberler\\\/gundem\\\/baskan-erdogandan-flas-aciklama-ittifak-olmaz\\\/#primaryimage\"},\"thumbnailUrl\":\"https:\\\/\\\/e-ciftlik.com\\\/haberler\\\/wp-content\\\/uploads\\\/2024\\\/06\\\/son-dakika-ak-parti-grup-toplantisi-baskan-erdogandan-onemli-aciklamalar-1719394007024.jpg\",\"articleSection\":[\"G\u00fcndem\"],\"inLanguage\":\"tr\",\"potentialAction\":[{\"@type\":\"CommentAction\",\"name\":\"Comment\",\"target\":[\"https:\\\/\\\/e-ciftlik.com\\\/haberler\\\/gundem\\\/baskan-erdogandan-flas-aciklama-ittifak-olmaz\\\/#respond\"]}]},{\"@type\":\"WebPage\",\"@id\":\"https:\\\/\\\/e-ciftlik.com\\\/haberler\\\/gundem\\\/baskan-erdogandan-flas-aciklama-ittifak-olmaz\\\/\",\"url\":\"https:\\\/\\\/e-ciftlik.com\\\/haberler\\\/gundem\\\/baskan-erdogandan-flas-aciklama-ittifak-olmaz\\\/\",\"name\":\"Ba\u015fkan Erdo\u011fan'dan fla\u015f a\u00e7\u0131klama: \u0130ttifak olmaz! - E-&Ccedil;\u0130FTL\u0130K HABER\",\"isPartOf\":{\"@id\":\"https:\\\/\\\/e-ciftlik.com\\\/haberler\\\/#website\"},\"primaryImageOfPage\":{\"@id\":\"https:\\\/\\\/e-ciftlik.com\\\/haberler\\\/gundem\\\/baskan-erdogandan-flas-aciklama-ittifak-olmaz\\\/#primaryimage\"},\"image\":{\"@id\":\"https:\\\/\\\/e-ciftlik.com\\\/haberler\\\/gundem\\\/baskan-erdogandan-flas-aciklama-ittifak-olmaz\\\/#primaryimage\"},\"thumbnailUrl\":\"https:\\\/\\\/e-ciftlik.com\\\/haberler\\\/wp-content\\\/uploads\\\/2024\\\/06\\\/son-dakika-ak-parti-grup-toplantisi-baskan-erdogandan-onemli-aciklamalar-1719394007024.jpg\",\"datePublished\":\"2024-06-26T09:37:41+00:00\",\"description\":\"Son dakika haberi... Cumhurba\u015fkan\u0131 Recep Tayyip Erdo\u011fan, T\u00fcrkiye B\u00fcy\u00fck Millet Meclisi'nde AK Parti'nin grup toplant\u0131s\u0131nda g\u00fcndeme ili\u015fkin \u00f6nemli\",\"breadcrumb\":{\"@id\":\"https:\\\/\\\/e-ciftlik.com\\\/haberler\\\/gundem\\\/baskan-erdogandan-flas-aciklama-ittifak-olmaz\\\/#breadcrumb\"},\"inLanguage\":\"tr\",\"potentialAction\":[{\"@type\":\"ReadAction\",\"target\":[\"https:\\\/\\\/e-ciftlik.com\\\/haberler\\\/gundem\\\/baskan-erdogandan-flas-aciklama-ittifak-olmaz\\\/\"]}]},{\"@type\":\"ImageObject\",\"inLanguage\":\"tr\",\"@id\":\"https:\\\/\\\/e-ciftlik.com\\\/haberler\\\/gundem\\\/baskan-erdogandan-flas-aciklama-ittifak-olmaz\\\/#primaryimage\",\"url\":\"https:\\\/\\\/e-ciftlik.com\\\/haberler\\\/wp-content\\\/uploads\\\/2024\\\/06\\\/son-dakika-ak-parti-grup-toplantisi-baskan-erdogandan-onemli-aciklamalar-1719394007024.jpg\",\"contentUrl\":\"https:\\\/\\\/e-ciftlik.com\\\/haberler\\\/wp-content\\\/uploads\\\/2024\\\/06\\\/son-dakika-ak-parti-grup-toplantisi-baskan-erdogandan-onemli-aciklamalar-1719394007024.jpg\",\"width\":1200,\"height\":675},{\"@type\":\"BreadcrumbList\",\"@id\":\"https:\\\/\\\/e-ciftlik.com\\\/haberler\\\/gundem\\\/baskan-erdogandan-flas-aciklama-ittifak-olmaz\\\/#breadcrumb\",\"itemListElement\":[{\"@type\":\"ListItem\",\"position\":1,\"name\":\"Anasayfa\",\"item\":\"https:\\\/\\\/e-ciftlik.com\\\/haberler\\\/\"},{\"@type\":\"ListItem\",\"position\":2,\"name\":\"Ba\u015fkan Erdo\u011fan&#8217;dan fla\u015f a\u00e7\u0131klama: \u0130ttifak olmaz!\"}]},{\"@type\":\"WebSite\",\"@id\":\"https:\\\/\\\/e-ciftlik.com\\\/haberler\\\/#website\",\"url\":\"https:\\\/\\\/e-ciftlik.com\\\/haberler\\\/\",\"name\":\"E-\u00c7iftlik Haber | G\u00fcncel, Son Dakika Haberler, En Son Haber\",\"description\":\"\",\"publisher\":{\"@id\":\"https:\\\/\\\/e-ciftlik.com\\\/haberler\\\/#organization\"},\"potentialAction\":[{\"@type\":\"SearchAction\",\"target\":{\"@type\":\"EntryPoint\",\"urlTemplate\":\"https:\\\/\\\/e-ciftlik.com\\\/haberler\\\/?s={search_term_string}\"},\"query-input\":{\"@type\":\"PropertyValueSpecification\",\"valueRequired\":true,\"valueName\":\"search_term_string\"}}],\"inLanguage\":\"tr\"},{\"@type\":\"Organization\",\"@id\":\"https:\\\/\\\/e-ciftlik.com\\\/haberler\\\/#organization\",\"name\":\"E-\u00c7\u0130FTL\u0130K HABER\",\"url\":\"https:\\\/\\\/e-ciftlik.com\\\/haberler\\\/\",\"logo\":{\"@type\":\"ImageObject\",\"inLanguage\":\"tr\",\"@id\":\"https:\\\/\\\/e-ciftlik.com\\\/haberler\\\/#\\\/schema\\\/logo\\\/image\\\/\",\"url\":\"https:\\\/\\\/e-ciftlik.com\\\/haberler\\\/wp-content\\\/uploads\\\/2024\\\/06\\\/cropped-cropped-favicon-1-2.png\",\"contentUrl\":\"https:\\\/\\\/e-ciftlik.com\\\/haberler\\\/wp-content\\\/uploads\\\/2024\\\/06\\\/cropped-cropped-favicon-1-2.png\",\"width\":512,\"height\":512,\"caption\":\"E-\u00c7\u0130FTL\u0130K HABER\"},\"image\":{\"@id\":\"https:\\\/\\\/e-ciftlik.com\\\/haberler\\\/#\\\/schema\\\/logo\\\/image\\\/\"},\"sameAs\":[\"https:\\\/\\\/www.facebook.com\\\/eciftlikturkiye\",\"https:\\\/\\\/x.com\\\/eciftlikresmi\",\"https:\\\/\\\/www.instagram.com\\\/eciftlikresmi\\\/\"]},{\"@type\":\"Person\",\"@id\":\"https:\\\/\\\/e-ciftlik.com\\\/haberler\\\/#\\\/schema\\\/person\\\/d2f4fee3143d7f72be82cb887d51b00a\",\"name\":\"Haber Merkezi\",\"image\":{\"@type\":\"ImageObject\",\"inLanguage\":\"tr\",\"@id\":\"https:\\\/\\\/secure.gravatar.com\\\/avatar\\\/6c27d641914e66c1d0452c92716002398782818991d86db1c2cccb531e7c7c82?s=96&d=mm&r=g\",\"url\":\"https:\\\/\\\/secure.gravatar.com\\\/avatar\\\/6c27d641914e66c1d0452c92716002398782818991d86db1c2cccb531e7c7c82?s=96&d=mm&r=g\",\"contentUrl\":\"https:\\\/\\\/secure.gravatar.com\\\/avatar\\\/6c27d641914e66c1d0452c92716002398782818991d86db1c2cccb531e7c7c82?s=96&d=mm&r=g\",\"caption\":\"Haber Merkezi\"},\"sameAs\":[\"http:\\\/\\\/e-ciftlik.com\\\/haberler\"]}]}<\/script>\n<!-- \/ Yoast SEO Premium plugin. -->","yoast_head_json":{"title":"Ba\u015fkan Erdo\u011fan'dan fla\u015f a\u00e7\u0131klama: \u0130ttifak olmaz! - E-&Ccedil;\u0130FTL\u0130K HABER","description":"Son dakika haberi... Cumhurba\u015fkan\u0131 Recep Tayyip Erdo\u011fan, T\u00fcrkiye B\u00fcy\u00fck Millet Meclisi'nde AK Parti'nin grup toplant\u0131s\u0131nda g\u00fcndeme ili\u015fkin \u00f6nemli","robots":{"index":"index","follow":"follow","max-snippet":"max-snippet:-1","max-image-preview":"max-image-preview:large","max-video-preview":"max-video-preview:-1"},"canonical":"https:\/\/e-ciftlik.com\/haberler\/gundem\/baskan-erdogandan-flas-aciklama-ittifak-olmaz\/","og_locale":"tr_TR","og_type":"article","og_title":"Ba\u015fkan Erdo\u011fan'dan fla\u015f a\u00e7\u0131klama: \u0130ttifak olmaz!","og_description":"Son dakika haberi... Cumhurba\u015fkan\u0131 Recep Tayyip Erdo\u011fan, T\u00fcrkiye B\u00fcy\u00fck Millet Meclisi'nde AK Parti'nin grup toplant\u0131s\u0131nda g\u00fcndeme ili\u015fkin \u00f6nemli","og_url":"https:\/\/e-ciftlik.com\/haberler\/gundem\/baskan-erdogandan-flas-aciklama-ittifak-olmaz\/","og_site_name":"E-&Ccedil;\u0130FTL\u0130K HABER","article_publisher":"https:\/\/www.facebook.com\/eciftlikturkiye","article_published_time":"2024-06-26T09:37:41+00:00","og_image":[{"width":1200,"height":675,"url":"https:\/\/e-ciftlik.com\/haberler\/wp-content\/uploads\/2024\/06\/son-dakika-ak-parti-grup-toplantisi-baskan-erdogandan-onemli-aciklamalar-1719394007024.jpg","type":"image\/jpeg"}],"author":"Haber Merkezi","twitter_card":"summary_large_image","twitter_creator":"@eciftlikresmi","twitter_site":"@eciftlikresmi","twitter_misc":{"Yazan:":"Haber Merkezi","Tahmini okuma s\u00fcresi":"1 dakika"},"schema":{"@context":"https:\/\/schema.org","@graph":[{"@type":"NewsArticle","@id":"https:\/\/e-ciftlik.com\/haberler\/gundem\/baskan-erdogandan-flas-aciklama-ittifak-olmaz\/#article","isPartOf":{"@id":"https:\/\/e-ciftlik.com\/haberler\/gundem\/baskan-erdogandan-flas-aciklama-ittifak-olmaz\/"},"author":{"name":"Haber Merkezi","@id":"https:\/\/e-ciftlik.com\/haberler\/#\/schema\/person\/d2f4fee3143d7f72be82cb887d51b00a"},"headline":"Ba\u015fkan Erdo\u011fan&#8217;dan fla\u015f a\u00e7\u0131klama: \u0130ttifak olmaz!","datePublished":"2024-06-26T09:37:41+00:00","mainEntityOfPage":{"@id":"https:\/\/e-ciftlik.com\/haberler\/gundem\/baskan-erdogandan-flas-aciklama-ittifak-olmaz\/"},"wordCount":121,"commentCount":0,"publisher":{"@id":"https:\/\/e-ciftlik.com\/haberler\/#organization"},"image":{"@id":"https:\/\/e-ciftlik.com\/haberler\/gundem\/baskan-erdogandan-flas-aciklama-ittifak-olmaz\/#primaryimage"},"thumbnailUrl":"https:\/\/e-ciftlik.com\/haberler\/wp-content\/uploads\/2024\/06\/son-dakika-ak-parti-grup-toplantisi-baskan-erdogandan-onemli-aciklamalar-1719394007024.jpg","articleSection":["G\u00fcndem"],"inLanguage":"tr","potentialAction":[{"@type":"CommentAction","name":"Comment","target":["https:\/\/e-ciftlik.com\/haberler\/gundem\/baskan-erdogandan-flas-aciklama-ittifak-olmaz\/#respond"]}]},{"@type":"WebPage","@id":"https:\/\/e-ciftlik.com\/haberler\/gundem\/baskan-erdogandan-flas-aciklama-ittifak-olmaz\/","url":"https:\/\/e-ciftlik.com\/haberler\/gundem\/baskan-erdogandan-flas-aciklama-ittifak-olmaz\/","name":"Ba\u015fkan Erdo\u011fan'dan fla\u015f a\u00e7\u0131klama: \u0130ttifak olmaz! - E-&Ccedil;\u0130FTL\u0130K HABER","isPartOf":{"@id":"https:\/\/e-ciftlik.com\/haberler\/#website"},"primaryImageOfPage":{"@id":"https:\/\/e-ciftlik.com\/haberler\/gundem\/baskan-erdogandan-flas-aciklama-ittifak-olmaz\/#primaryimage"},"image":{"@id":"https:\/\/e-ciftlik.com\/haberler\/gundem\/baskan-erdogandan-flas-aciklama-ittifak-olmaz\/#primaryimage"},"thumbnailUrl":"https:\/\/e-ciftlik.com\/haberler\/wp-content\/uploads\/2024\/06\/son-dakika-ak-parti-grup-toplantisi-baskan-erdogandan-onemli-aciklamalar-1719394007024.jpg","datePublished":"2024-06-26T09:37:41+00:00","description":"Son dakika haberi... Cumhurba\u015fkan\u0131 Recep Tayyip Erdo\u011fan, T\u00fcrkiye B\u00fcy\u00fck Millet Meclisi'nde AK Parti'nin grup toplant\u0131s\u0131nda g\u00fcndeme ili\u015fkin \u00f6nemli","breadcrumb":{"@id":"https:\/\/e-ciftlik.com\/haberler\/gundem\/baskan-erdogandan-flas-aciklama-ittifak-olmaz\/#breadcrumb"},"inLanguage":"tr","potentialAction":[{"@type":"ReadAction","target":["https:\/\/e-ciftlik.com\/haberler\/gundem\/baskan-erdogandan-flas-aciklama-ittifak-olmaz\/"]}]},{"@type":"ImageObject","inLanguage":"tr","@id":"https:\/\/e-ciftlik.com\/haberler\/gundem\/baskan-erdogandan-flas-aciklama-ittifak-olmaz\/#primaryimage","url":"https:\/\/e-ciftlik.com\/haberler\/wp-content\/uploads\/2024\/06\/son-dakika-ak-parti-grup-toplantisi-baskan-erdogandan-onemli-aciklamalar-1719394007024.jpg","contentUrl":"https:\/\/e-ciftlik.com\/haberler\/wp-content\/uploads\/2024\/06\/son-dakika-ak-parti-grup-toplantisi-baskan-erdogandan-onemli-aciklamalar-1719394007024.jpg","width":1200,"height":675},{"@type":"BreadcrumbList","@id":"https:\/\/e-ciftlik.com\/haberler\/gundem\/baskan-erdogandan-flas-aciklama-ittifak-olmaz\/#breadcrumb","itemListElement":[{"@type":"ListItem","position":1,"name":"Anasayfa","item":"https:\/\/e-ciftlik.com\/haberler\/"},{"@type":"ListItem","position":2,"name":"Ba\u015fkan Erdo\u011fan&#8217;dan fla\u015f a\u00e7\u0131klama: \u0130ttifak olmaz!"}]},{"@type":"WebSite","@id":"https:\/\/e-ciftlik.com\/haberler\/#website","url":"https:\/\/e-ciftlik.com\/haberler\/","name":"E-\u00c7iftlik Haber | G\u00fcncel, Son Dakika Haberler, En Son Haber","description":"","publisher":{"@id":"https:\/\/e-ciftlik.com\/haberler\/#organization"},"potentialAction":[{"@type":"SearchAction","target":{"@type":"EntryPoint","urlTemplate":"https:\/\/e-ciftlik.com\/haberler\/?s={search_term_string}"},"query-input":{"@type":"PropertyValueSpecification","valueRequired":true,"valueName":"search_term_string"}}],"inLanguage":"tr"},{"@type":"Organization","@id":"https:\/\/e-ciftlik.com\/haberler\/#organization","name":"E-\u00c7\u0130FTL\u0130K HABER","url":"https:\/\/e-ciftlik.com\/haberler\/","logo":{"@type":"ImageObject","inLanguage":"tr","@id":"https:\/\/e-ciftlik.com\/haberler\/#\/schema\/logo\/image\/","url":"https:\/\/e-ciftlik.com\/haberler\/wp-content\/uploads\/2024\/06\/cropped-cropped-favicon-1-2.png","contentUrl":"https:\/\/e-ciftlik.com\/haberler\/wp-content\/uploads\/2024\/06\/cropped-cropped-favicon-1-2.png","width":512,"height":512,"caption":"E-\u00c7\u0130FTL\u0130K HABER"},"image":{"@id":"https:\/\/e-ciftlik.com\/haberler\/#\/schema\/logo\/image\/"},"sameAs":["https:\/\/www.facebook.com\/eciftlikturkiye","https:\/\/x.com\/eciftlikresmi","https:\/\/www.instagram.com\/eciftlikresmi\/"]},{"@type":"Person","@id":"https:\/\/e-ciftlik.com\/haberler\/#\/schema\/person\/d2f4fee3143d7f72be82cb887d51b00a","name":"Haber Merkezi","image":{"@type":"ImageObject","inLanguage":"tr","@id":"https:\/\/secure.gravatar.com\/avatar\/6c27d641914e66c1d0452c92716002398782818991d86db1c2cccb531e7c7c82?s=96&d=mm&r=g","url":"https:\/\/secure.gravatar.com\/avatar\/6c27d641914e66c1d0452c92716002398782818991d86db1c2cccb531e7c7c82?s=96&d=mm&r=g","contentUrl":"https:\/\/secure.gravatar.com\/avatar\/6c27d641914e66c1d0452c92716002398782818991d86db1c2cccb531e7c7c82?s=96&d=mm&r=g","caption":"Haber Merkezi"},"sameAs":["http:\/\/e-ciftlik.com\/haberler"]}]}},"_links":{"self":[{"href":"https:\/\/e-ciftlik.com\/haberler\/wp-json\/wp\/v2\/posts\/7025","targetHints":{"allow":["GET"]}}],"collection":[{"href":"https:\/\/e-ciftlik.com\/haberler\/wp-json\/wp\/v2\/posts"}],"about":[{"href":"https:\/\/e-ciftlik.com\/haberler\/wp-json\/wp\/v2\/types\/post"}],"author":[{"embeddable":true,"href":"https:\/\/e-ciftlik.com\/haberler\/wp-json\/wp\/v2\/users\/1"}],"replies":[{"embeddable":true,"href":"https:\/\/e-ciftlik.com\/haberler\/wp-json\/wp\/v2\/comments?post=7025"}],"version-history":[{"count":0,"href":"https:\/\/e-ciftlik.com\/haberler\/wp-json\/wp\/v2\/posts\/7025\/revisions"}],"wp:featuredmedia":[{"embeddable":true,"href":"https:\/\/e-ciftlik.com\/haberler\/wp-json\/wp\/v2\/media\/7026"}],"wp:attachment":[{"href":"https:\/\/e-ciftlik.com\/haberler\/wp-json\/wp\/v2\/media?parent=7025"}],"wp:term":[{"taxonomy":"category","embeddable":true,"href":"https:\/\/e-ciftlik.com\/haberler\/wp-json\/wp\/v2\/categories?post=7025"},{"taxonomy":"post_tag","embeddable":true,"href":"https:\/\/e-ciftlik.com\/haberler\/wp-json\/wp\/v2\/tags?post=7025"}],"curies":[{"name":"wp","href":"https:\/\/api.w.org\/{rel}","templated":true}]}}