{"id":7330,"date":"2024-06-27T07:22:42","date_gmt":"2024-06-27T07:22:42","guid":{"rendered":"https:\/\/e-ciftlik.com\/haberler\/otomobil\/2025-volkswagen-golf-rde-neler-var\/"},"modified":"2024-06-27T07:22:42","modified_gmt":"2024-06-27T07:22:42","slug":"2025-volkswagen-golf-rde-neler-var","status":"publish","type":"post","link":"https:\/\/e-ciftlik.com\/haberler\/otomobil\/2025-volkswagen-golf-rde-neler-var\/","title":{"rendered":"2025 Volkswagen Golf R&#8217;de Neler Var?"},"content":{"rendered":"<p>Volkswagen, 2025 Golf R modelini tan\u0131tt\u0131. Otomobil, Alman otomobil \u00fcreticisi i\u00e7in b\u00fcy\u00fck bir ba\u015far\u0131ya imza atan Golf serisinin son halkas\u0131 olarak dikkat \u00e7ekiyor. Golf, 1974 y\u0131l\u0131ndan bu yana \u00fcretilmekte olup toplamda 37 milyon adet sat\u0131\u015f rakam\u0131na ula\u015fm\u0131\u015ft\u0131r.<\/p>\n<p>Yeni Golf R modelinde, \u00f6nceki versiyona g\u00f6re baz\u0131 de\u011fi\u015fiklikler yap\u0131lm\u0131\u015ft\u0131r. G\u00fcc\u00fc 315 beygirden 328 beygire \u00e7\u0131kar\u0131lan arac\u0131n torku ise ayn\u0131 seviyede kalarak 420 Nm olarak belirlenmi\u015ftir. 7 vitesli \u00e7ift kavramal\u0131 \u015fanz\u0131man ve d\u00f6rt tekerlekten \u00e7eki\u015f sistemine sahip olan ara\u00e7, manuel \u015fanz\u0131man se\u00e7ene\u011fi sunmamaktad\u0131r.<\/p>\n<p>Golf R&#8217;\u0131n motoru ilk \u00e7al\u0131\u015ft\u0131r\u0131ld\u0131\u011f\u0131nda 2500 devire \u00e7\u0131karak g\u00fcr\u00fclt\u00fcl\u00fc bir egzoz sesiyle \u00e7al\u0131\u015fmaya ba\u015flamaktad\u0131r. Race s\u00fcr\u00fc\u015f modunda ise turbo devir daha y\u00fcksek bir seviyeye \u00e7\u0131karak performans\u0131 art\u0131rmaktad\u0131r. Ara\u00e7 i\u00e7erisinde yeni 12,9 in\u00e7lik bilgi e\u011flence ekran\u0131 ve i\u015fletim sistemi yer almaktad\u0131r. Ayr\u0131ca h\u0131zlanma verilerini kaydeden G-Metre ve GPS destekli tur zamanlay\u0131c\u0131s\u0131 da donan\u0131m listesinde yer almaktad\u0131r.<\/p>\n<p>Yeni Golf R, Avrupa&#8217;da bu yaz \u00f6n sat\u0131\u015fa \u00e7\u0131kacak ve daha sonra di\u011fer \u00fclkelerde de sat\u0131\u015fa sunulacakt\u0131r. Otomobilin fiyat\u0131 hen\u00fcz a\u00e7\u0131klanmam\u0131\u015ft\u0131r.<\/p>\n","protected":false},"excerpt":{"rendered":"<p>Volkswagen, 2025 Golf R modelini tan\u0131tt\u0131. Otomobil, Alman otomobil \u00fcreticisi i\u00e7in b\u00fcy\u00fck bir ba\u015far\u0131ya imza&hellip;<\/p>\n","protected":false},"author":1,"featured_media":7331,"comment_status":"open","ping_status":"open","sticky":false,"template":"","format":"standard","meta":{"footnotes":""},"categories":[5],"tags":[1068,1070,1069,1071,786],"class_list":["post-7330","post","type-post","status-publish","format-standard","has-post-thumbnail","hentry","category-otomobil","tag-golf","tag-neler","tag-rde","tag-var","tag-volkswagen"],"yoast_head":"<!-- This site is optimized with the Yoast SEO Premium plugin v24.3 (Yoast SEO v27.4) - https:\/\/yoast.com\/product\/yoast-seo-premium-wordpress\/ -->\n<title>2025 Volkswagen Golf R&#039;de Neler Var? - E-&Ccedil;\u0130FTL\u0130K HABER<\/title>\n<meta name=\"description\" content=\"Volkswagen, 2025 Golf R modelini tan\u0131tt\u0131. Otomobil, Alman otomobil \u00fcreticisi i\u00e7in b\u00fcy\u00fck bir ba\u015far\u0131ya imza atan Golf serisinin son halkas\u0131 olarak dikkat\" \/>\n<meta name=\"robots\" content=\"index, follow, max-snippet:-1, max-image-preview:large, max-video-preview:-1\" \/>\n<link rel=\"canonical\" href=\"https:\/\/e-ciftlik.com\/haberler\/otomobil\/2025-volkswagen-golf-rde-neler-var\/\" \/>\n<meta property=\"og:locale\" content=\"tr_TR\" \/>\n<meta property=\"og:type\" content=\"article\" \/>\n<meta property=\"og:title\" content=\"2025 Volkswagen Golf R&#039;de Neler Var?\" \/>\n<meta property=\"og:description\" content=\"Volkswagen, 2025 Golf R modelini tan\u0131tt\u0131. Otomobil, Alman otomobil \u00fcreticisi i\u00e7in b\u00fcy\u00fck bir ba\u015far\u0131ya imza atan Golf serisinin son halkas\u0131 olarak dikkat\" \/>\n<meta property=\"og:url\" content=\"https:\/\/e-ciftlik.com\/haberler\/otomobil\/2025-volkswagen-golf-rde-neler-var\/\" \/>\n<meta property=\"og:site_name\" content=\"E-&Ccedil;\u0130FTL\u0130K HABER\" \/>\n<meta property=\"article:publisher\" content=\"https:\/\/www.facebook.com\/eciftlikturkiye\" \/>\n<meta property=\"article:published_time\" content=\"2024-06-27T07:22:42+00:00\" \/>\n<meta property=\"og:image\" content=\"https:\/\/e-ciftlik.com\/haberler\/wp-content\/uploads\/2024\/06\/667cf9b57bc20413.jpg\" \/>\n\t<meta property=\"og:image:width\" content=\"1200\" \/>\n\t<meta property=\"og:image:height\" content=\"675\" \/>\n\t<meta property=\"og:image:type\" content=\"image\/jpeg\" \/>\n<meta name=\"author\" content=\"Haber Merkezi\" \/>\n<meta name=\"twitter:card\" content=\"summary_large_image\" \/>\n<meta name=\"twitter:creator\" content=\"@eciftlikresmi\" \/>\n<meta name=\"twitter:site\" content=\"@eciftlikresmi\" \/>\n<meta name=\"twitter:label1\" content=\"Yazan:\" \/>\n\t<meta name=\"twitter:data1\" content=\"Haber Merkezi\" \/>\n\t<meta name=\"twitter:label2\" content=\"Tahmini okuma s\u00fcresi\" \/>\n\t<meta name=\"twitter:data2\" content=\"1 dakika\" \/>\n<script type=\"application\/ld+json\" class=\"yoast-schema-graph\">{\"@context\":\"https:\\\/\\\/schema.org\",\"@graph\":[{\"@type\":\"NewsArticle\",\"@id\":\"https:\\\/\\\/e-ciftlik.com\\\/haberler\\\/otomobil\\\/2025-volkswagen-golf-rde-neler-var\\\/#article\",\"isPartOf\":{\"@id\":\"https:\\\/\\\/e-ciftlik.com\\\/haberler\\\/otomobil\\\/2025-volkswagen-golf-rde-neler-var\\\/\"},\"author\":{\"name\":\"Haber Merkezi\",\"@id\":\"https:\\\/\\\/e-ciftlik.com\\\/haberler\\\/#\\\/schema\\\/person\\\/d2f4fee3143d7f72be82cb887d51b00a\"},\"headline\":\"2025 Volkswagen Golf R&#8217;de Neler Var?\",\"datePublished\":\"2024-06-27T07:22:42+00:00\",\"mainEntityOfPage\":{\"@id\":\"https:\\\/\\\/e-ciftlik.com\\\/haberler\\\/otomobil\\\/2025-volkswagen-golf-rde-neler-var\\\/\"},\"wordCount\":216,\"commentCount\":0,\"publisher\":{\"@id\":\"https:\\\/\\\/e-ciftlik.com\\\/haberler\\\/#organization\"},\"image\":{\"@id\":\"https:\\\/\\\/e-ciftlik.com\\\/haberler\\\/otomobil\\\/2025-volkswagen-golf-rde-neler-var\\\/#primaryimage\"},\"thumbnailUrl\":\"https:\\\/\\\/e-ciftlik.com\\\/haberler\\\/wp-content\\\/uploads\\\/2024\\\/06\\\/667cf9b57bc20413.jpg\",\"keywords\":[\"Golf\",\"Neler\",\"Rde\",\"Var\",\"Volkswagen\"],\"articleSection\":[\"Otomobil\"],\"inLanguage\":\"tr\",\"potentialAction\":[{\"@type\":\"CommentAction\",\"name\":\"Comment\",\"target\":[\"https:\\\/\\\/e-ciftlik.com\\\/haberler\\\/otomobil\\\/2025-volkswagen-golf-rde-neler-var\\\/#respond\"]}]},{\"@type\":\"WebPage\",\"@id\":\"https:\\\/\\\/e-ciftlik.com\\\/haberler\\\/otomobil\\\/2025-volkswagen-golf-rde-neler-var\\\/\",\"url\":\"https:\\\/\\\/e-ciftlik.com\\\/haberler\\\/otomobil\\\/2025-volkswagen-golf-rde-neler-var\\\/\",\"name\":\"2025 Volkswagen Golf R'de Neler Var? - E-&Ccedil;\u0130FTL\u0130K HABER\",\"isPartOf\":{\"@id\":\"https:\\\/\\\/e-ciftlik.com\\\/haberler\\\/#website\"},\"primaryImageOfPage\":{\"@id\":\"https:\\\/\\\/e-ciftlik.com\\\/haberler\\\/otomobil\\\/2025-volkswagen-golf-rde-neler-var\\\/#primaryimage\"},\"image\":{\"@id\":\"https:\\\/\\\/e-ciftlik.com\\\/haberler\\\/otomobil\\\/2025-volkswagen-golf-rde-neler-var\\\/#primaryimage\"},\"thumbnailUrl\":\"https:\\\/\\\/e-ciftlik.com\\\/haberler\\\/wp-content\\\/uploads\\\/2024\\\/06\\\/667cf9b57bc20413.jpg\",\"datePublished\":\"2024-06-27T07:22:42+00:00\",\"description\":\"Volkswagen, 2025 Golf R modelini tan\u0131tt\u0131. Otomobil, Alman otomobil \u00fcreticisi i\u00e7in b\u00fcy\u00fck bir ba\u015far\u0131ya imza atan Golf serisinin son halkas\u0131 olarak dikkat\",\"breadcrumb\":{\"@id\":\"https:\\\/\\\/e-ciftlik.com\\\/haberler\\\/otomobil\\\/2025-volkswagen-golf-rde-neler-var\\\/#breadcrumb\"},\"inLanguage\":\"tr\",\"potentialAction\":[{\"@type\":\"ReadAction\",\"target\":[\"https:\\\/\\\/e-ciftlik.com\\\/haberler\\\/otomobil\\\/2025-volkswagen-golf-rde-neler-var\\\/\"]}]},{\"@type\":\"ImageObject\",\"inLanguage\":\"tr\",\"@id\":\"https:\\\/\\\/e-ciftlik.com\\\/haberler\\\/otomobil\\\/2025-volkswagen-golf-rde-neler-var\\\/#primaryimage\",\"url\":\"https:\\\/\\\/e-ciftlik.com\\\/haberler\\\/wp-content\\\/uploads\\\/2024\\\/06\\\/667cf9b57bc20413.jpg\",\"contentUrl\":\"https:\\\/\\\/e-ciftlik.com\\\/haberler\\\/wp-content\\\/uploads\\\/2024\\\/06\\\/667cf9b57bc20413.jpg\",\"width\":1200,\"height\":675},{\"@type\":\"BreadcrumbList\",\"@id\":\"https:\\\/\\\/e-ciftlik.com\\\/haberler\\\/otomobil\\\/2025-volkswagen-golf-rde-neler-var\\\/#breadcrumb\",\"itemListElement\":[{\"@type\":\"ListItem\",\"position\":1,\"name\":\"Anasayfa\",\"item\":\"https:\\\/\\\/e-ciftlik.com\\\/haberler\\\/\"},{\"@type\":\"ListItem\",\"position\":2,\"name\":\"2025 Volkswagen Golf R&#8217;de Neler Var?\"}]},{\"@type\":\"WebSite\",\"@id\":\"https:\\\/\\\/e-ciftlik.com\\\/haberler\\\/#website\",\"url\":\"https:\\\/\\\/e-ciftlik.com\\\/haberler\\\/\",\"name\":\"E-\u00c7iftlik Haber | G\u00fcncel, Son Dakika Haberler, En Son Haber\",\"description\":\"\",\"publisher\":{\"@id\":\"https:\\\/\\\/e-ciftlik.com\\\/haberler\\\/#organization\"},\"potentialAction\":[{\"@type\":\"SearchAction\",\"target\":{\"@type\":\"EntryPoint\",\"urlTemplate\":\"https:\\\/\\\/e-ciftlik.com\\\/haberler\\\/?s={search_term_string}\"},\"query-input\":{\"@type\":\"PropertyValueSpecification\",\"valueRequired\":true,\"valueName\":\"search_term_string\"}}],\"inLanguage\":\"tr\"},{\"@type\":\"Organization\",\"@id\":\"https:\\\/\\\/e-ciftlik.com\\\/haberler\\\/#organization\",\"name\":\"E-\u00c7\u0130FTL\u0130K HABER\",\"url\":\"https:\\\/\\\/e-ciftlik.com\\\/haberler\\\/\",\"logo\":{\"@type\":\"ImageObject\",\"inLanguage\":\"tr\",\"@id\":\"https:\\\/\\\/e-ciftlik.com\\\/haberler\\\/#\\\/schema\\\/logo\\\/image\\\/\",\"url\":\"https:\\\/\\\/e-ciftlik.com\\\/haberler\\\/wp-content\\\/uploads\\\/2024\\\/06\\\/cropped-cropped-favicon-1-2.png\",\"contentUrl\":\"https:\\\/\\\/e-ciftlik.com\\\/haberler\\\/wp-content\\\/uploads\\\/2024\\\/06\\\/cropped-cropped-favicon-1-2.png\",\"width\":512,\"height\":512,\"caption\":\"E-\u00c7\u0130FTL\u0130K HABER\"},\"image\":{\"@id\":\"https:\\\/\\\/e-ciftlik.com\\\/haberler\\\/#\\\/schema\\\/logo\\\/image\\\/\"},\"sameAs\":[\"https:\\\/\\\/www.facebook.com\\\/eciftlikturkiye\",\"https:\\\/\\\/x.com\\\/eciftlikresmi\",\"https:\\\/\\\/www.instagram.com\\\/eciftlikresmi\\\/\"]},{\"@type\":\"Person\",\"@id\":\"https:\\\/\\\/e-ciftlik.com\\\/haberler\\\/#\\\/schema\\\/person\\\/d2f4fee3143d7f72be82cb887d51b00a\",\"name\":\"Haber Merkezi\",\"image\":{\"@type\":\"ImageObject\",\"inLanguage\":\"tr\",\"@id\":\"https:\\\/\\\/secure.gravatar.com\\\/avatar\\\/6c27d641914e66c1d0452c92716002398782818991d86db1c2cccb531e7c7c82?s=96&d=mm&r=g\",\"url\":\"https:\\\/\\\/secure.gravatar.com\\\/avatar\\\/6c27d641914e66c1d0452c92716002398782818991d86db1c2cccb531e7c7c82?s=96&d=mm&r=g\",\"contentUrl\":\"https:\\\/\\\/secure.gravatar.com\\\/avatar\\\/6c27d641914e66c1d0452c92716002398782818991d86db1c2cccb531e7c7c82?s=96&d=mm&r=g\",\"caption\":\"Haber Merkezi\"},\"sameAs\":[\"http:\\\/\\\/e-ciftlik.com\\\/haberler\"]}]}<\/script>\n<!-- \/ Yoast SEO Premium plugin. -->","yoast_head_json":{"title":"2025 Volkswagen Golf R'de Neler Var? - E-&Ccedil;\u0130FTL\u0130K HABER","description":"Volkswagen, 2025 Golf R modelini tan\u0131tt\u0131. Otomobil, Alman otomobil \u00fcreticisi i\u00e7in b\u00fcy\u00fck bir ba\u015far\u0131ya imza atan Golf serisinin son halkas\u0131 olarak dikkat","robots":{"index":"index","follow":"follow","max-snippet":"max-snippet:-1","max-image-preview":"max-image-preview:large","max-video-preview":"max-video-preview:-1"},"canonical":"https:\/\/e-ciftlik.com\/haberler\/otomobil\/2025-volkswagen-golf-rde-neler-var\/","og_locale":"tr_TR","og_type":"article","og_title":"2025 Volkswagen Golf R'de Neler Var?","og_description":"Volkswagen, 2025 Golf R modelini tan\u0131tt\u0131. Otomobil, Alman otomobil \u00fcreticisi i\u00e7in b\u00fcy\u00fck bir ba\u015far\u0131ya imza atan Golf serisinin son halkas\u0131 olarak dikkat","og_url":"https:\/\/e-ciftlik.com\/haberler\/otomobil\/2025-volkswagen-golf-rde-neler-var\/","og_site_name":"E-&Ccedil;\u0130FTL\u0130K HABER","article_publisher":"https:\/\/www.facebook.com\/eciftlikturkiye","article_published_time":"2024-06-27T07:22:42+00:00","og_image":[{"width":1200,"height":675,"url":"https:\/\/e-ciftlik.com\/haberler\/wp-content\/uploads\/2024\/06\/667cf9b57bc20413.jpg","type":"image\/jpeg"}],"author":"Haber Merkezi","twitter_card":"summary_large_image","twitter_creator":"@eciftlikresmi","twitter_site":"@eciftlikresmi","twitter_misc":{"Yazan:":"Haber Merkezi","Tahmini okuma s\u00fcresi":"1 dakika"},"schema":{"@context":"https:\/\/schema.org","@graph":[{"@type":"NewsArticle","@id":"https:\/\/e-ciftlik.com\/haberler\/otomobil\/2025-volkswagen-golf-rde-neler-var\/#article","isPartOf":{"@id":"https:\/\/e-ciftlik.com\/haberler\/otomobil\/2025-volkswagen-golf-rde-neler-var\/"},"author":{"name":"Haber Merkezi","@id":"https:\/\/e-ciftlik.com\/haberler\/#\/schema\/person\/d2f4fee3143d7f72be82cb887d51b00a"},"headline":"2025 Volkswagen Golf R&#8217;de Neler Var?","datePublished":"2024-06-27T07:22:42+00:00","mainEntityOfPage":{"@id":"https:\/\/e-ciftlik.com\/haberler\/otomobil\/2025-volkswagen-golf-rde-neler-var\/"},"wordCount":216,"commentCount":0,"publisher":{"@id":"https:\/\/e-ciftlik.com\/haberler\/#organization"},"image":{"@id":"https:\/\/e-ciftlik.com\/haberler\/otomobil\/2025-volkswagen-golf-rde-neler-var\/#primaryimage"},"thumbnailUrl":"https:\/\/e-ciftlik.com\/haberler\/wp-content\/uploads\/2024\/06\/667cf9b57bc20413.jpg","keywords":["Golf","Neler","Rde","Var","Volkswagen"],"articleSection":["Otomobil"],"inLanguage":"tr","potentialAction":[{"@type":"CommentAction","name":"Comment","target":["https:\/\/e-ciftlik.com\/haberler\/otomobil\/2025-volkswagen-golf-rde-neler-var\/#respond"]}]},{"@type":"WebPage","@id":"https:\/\/e-ciftlik.com\/haberler\/otomobil\/2025-volkswagen-golf-rde-neler-var\/","url":"https:\/\/e-ciftlik.com\/haberler\/otomobil\/2025-volkswagen-golf-rde-neler-var\/","name":"2025 Volkswagen Golf R'de Neler Var? - E-&Ccedil;\u0130FTL\u0130K HABER","isPartOf":{"@id":"https:\/\/e-ciftlik.com\/haberler\/#website"},"primaryImageOfPage":{"@id":"https:\/\/e-ciftlik.com\/haberler\/otomobil\/2025-volkswagen-golf-rde-neler-var\/#primaryimage"},"image":{"@id":"https:\/\/e-ciftlik.com\/haberler\/otomobil\/2025-volkswagen-golf-rde-neler-var\/#primaryimage"},"thumbnailUrl":"https:\/\/e-ciftlik.com\/haberler\/wp-content\/uploads\/2024\/06\/667cf9b57bc20413.jpg","datePublished":"2024-06-27T07:22:42+00:00","description":"Volkswagen, 2025 Golf R modelini tan\u0131tt\u0131. Otomobil, Alman otomobil \u00fcreticisi i\u00e7in b\u00fcy\u00fck bir ba\u015far\u0131ya imza atan Golf serisinin son halkas\u0131 olarak dikkat","breadcrumb":{"@id":"https:\/\/e-ciftlik.com\/haberler\/otomobil\/2025-volkswagen-golf-rde-neler-var\/#breadcrumb"},"inLanguage":"tr","potentialAction":[{"@type":"ReadAction","target":["https:\/\/e-ciftlik.com\/haberler\/otomobil\/2025-volkswagen-golf-rde-neler-var\/"]}]},{"@type":"ImageObject","inLanguage":"tr","@id":"https:\/\/e-ciftlik.com\/haberler\/otomobil\/2025-volkswagen-golf-rde-neler-var\/#primaryimage","url":"https:\/\/e-ciftlik.com\/haberler\/wp-content\/uploads\/2024\/06\/667cf9b57bc20413.jpg","contentUrl":"https:\/\/e-ciftlik.com\/haberler\/wp-content\/uploads\/2024\/06\/667cf9b57bc20413.jpg","width":1200,"height":675},{"@type":"BreadcrumbList","@id":"https:\/\/e-ciftlik.com\/haberler\/otomobil\/2025-volkswagen-golf-rde-neler-var\/#breadcrumb","itemListElement":[{"@type":"ListItem","position":1,"name":"Anasayfa","item":"https:\/\/e-ciftlik.com\/haberler\/"},{"@type":"ListItem","position":2,"name":"2025 Volkswagen Golf R&#8217;de Neler Var?"}]},{"@type":"WebSite","@id":"https:\/\/e-ciftlik.com\/haberler\/#website","url":"https:\/\/e-ciftlik.com\/haberler\/","name":"E-\u00c7iftlik Haber | G\u00fcncel, Son Dakika Haberler, En Son Haber","description":"","publisher":{"@id":"https:\/\/e-ciftlik.com\/haberler\/#organization"},"potentialAction":[{"@type":"SearchAction","target":{"@type":"EntryPoint","urlTemplate":"https:\/\/e-ciftlik.com\/haberler\/?s={search_term_string}"},"query-input":{"@type":"PropertyValueSpecification","valueRequired":true,"valueName":"search_term_string"}}],"inLanguage":"tr"},{"@type":"Organization","@id":"https:\/\/e-ciftlik.com\/haberler\/#organization","name":"E-\u00c7\u0130FTL\u0130K HABER","url":"https:\/\/e-ciftlik.com\/haberler\/","logo":{"@type":"ImageObject","inLanguage":"tr","@id":"https:\/\/e-ciftlik.com\/haberler\/#\/schema\/logo\/image\/","url":"https:\/\/e-ciftlik.com\/haberler\/wp-content\/uploads\/2024\/06\/cropped-cropped-favicon-1-2.png","contentUrl":"https:\/\/e-ciftlik.com\/haberler\/wp-content\/uploads\/2024\/06\/cropped-cropped-favicon-1-2.png","width":512,"height":512,"caption":"E-\u00c7\u0130FTL\u0130K HABER"},"image":{"@id":"https:\/\/e-ciftlik.com\/haberler\/#\/schema\/logo\/image\/"},"sameAs":["https:\/\/www.facebook.com\/eciftlikturkiye","https:\/\/x.com\/eciftlikresmi","https:\/\/www.instagram.com\/eciftlikresmi\/"]},{"@type":"Person","@id":"https:\/\/e-ciftlik.com\/haberler\/#\/schema\/person\/d2f4fee3143d7f72be82cb887d51b00a","name":"Haber Merkezi","image":{"@type":"ImageObject","inLanguage":"tr","@id":"https:\/\/secure.gravatar.com\/avatar\/6c27d641914e66c1d0452c92716002398782818991d86db1c2cccb531e7c7c82?s=96&d=mm&r=g","url":"https:\/\/secure.gravatar.com\/avatar\/6c27d641914e66c1d0452c92716002398782818991d86db1c2cccb531e7c7c82?s=96&d=mm&r=g","contentUrl":"https:\/\/secure.gravatar.com\/avatar\/6c27d641914e66c1d0452c92716002398782818991d86db1c2cccb531e7c7c82?s=96&d=mm&r=g","caption":"Haber Merkezi"},"sameAs":["http:\/\/e-ciftlik.com\/haberler"]}]}},"_links":{"self":[{"href":"https:\/\/e-ciftlik.com\/haberler\/wp-json\/wp\/v2\/posts\/7330","targetHints":{"allow":["GET"]}}],"collection":[{"href":"https:\/\/e-ciftlik.com\/haberler\/wp-json\/wp\/v2\/posts"}],"about":[{"href":"https:\/\/e-ciftlik.com\/haberler\/wp-json\/wp\/v2\/types\/post"}],"author":[{"embeddable":true,"href":"https:\/\/e-ciftlik.com\/haberler\/wp-json\/wp\/v2\/users\/1"}],"replies":[{"embeddable":true,"href":"https:\/\/e-ciftlik.com\/haberler\/wp-json\/wp\/v2\/comments?post=7330"}],"version-history":[{"count":0,"href":"https:\/\/e-ciftlik.com\/haberler\/wp-json\/wp\/v2\/posts\/7330\/revisions"}],"wp:featuredmedia":[{"embeddable":true,"href":"https:\/\/e-ciftlik.com\/haberler\/wp-json\/wp\/v2\/media\/7331"}],"wp:attachment":[{"href":"https:\/\/e-ciftlik.com\/haberler\/wp-json\/wp\/v2\/media?parent=7330"}],"wp:term":[{"taxonomy":"category","embeddable":true,"href":"https:\/\/e-ciftlik.com\/haberler\/wp-json\/wp\/v2\/categories?post=7330"},{"taxonomy":"post_tag","embeddable":true,"href":"https:\/\/e-ciftlik.com\/haberler\/wp-json\/wp\/v2\/tags?post=7330"}],"curies":[{"name":"wp","href":"https:\/\/api.w.org\/{rel}","templated":true}]}}