{"id":74317,"date":"2025-01-27T04:34:35","date_gmt":"2025-01-27T04:34:35","guid":{"rendered":"https:\/\/e-ciftlik.com\/haberler\/spor\/istanbulda-gerceklesen-buyuk-yangin-olayi\/"},"modified":"2025-01-27T04:34:35","modified_gmt":"2025-01-27T04:34:35","slug":"istanbulda-gerceklesen-buyuk-yangin-olayi","status":"publish","type":"post","link":"https:\/\/e-ciftlik.com\/haberler\/spor\/istanbulda-gerceklesen-buyuk-yangin-olayi\/","title":{"rendered":"&#8220;\u0130stanbul&#8217;da Ger\u00e7ekle\u015fen B\u00fcy\u00fck Yang\u0131n Olay\u0131!&#8221;"},"content":{"rendered":"<p> Son g\u00fcnlerde artan hava kirlili\u011fi nedeniyle \u015fehirdeki insanlar sa\u011fl\u0131k sorunlar\u0131 ya\u015f\u0131yor. Sa\u011fl\u0131k Bakanl\u0131\u011f\u0131 verilerine g\u00f6re, son bir hafta i\u00e7inde \u015fehirdeki hava kirlili\u011fi seviyesi rekor d\u00fczeylere ula\u015ft\u0131. \u00d6zellikle \u00e7ocuklar ve ya\u015fl\u0131lar bu durumdan en \u00e7ok etkilenen gruplar aras\u0131nda yer al\u0131yor.<\/p>\n<p>\u015eehirdeki hastanelere ba\u015fvuran hastalar\u0131n say\u0131s\u0131nda da belirgin bir art\u0131\u015f ya\u015fan\u0131yor. Solunum yolu enfeksiyonlar\u0131, ast\u0131m ve bron\u015fit gibi hastal\u0131klar\u0131n g\u00f6r\u00fclme s\u0131kl\u0131\u011f\u0131 h\u0131zla art\u0131yor. Yetkililer, hava kirlili\u011finin azalt\u0131lmas\u0131 i\u00e7in acil \u00f6nlemlerin al\u0131nmas\u0131 gerekti\u011fini vurguluyor.<\/p>\n<p>Hava kirlili\u011finin en yo\u011fun oldu\u011fu b\u00f6lgeler aras\u0131nda fabrikalar\u0131n ve ara\u00e7 trafi\u011finin yo\u011fun oldu\u011fu merkezi noktalar bulunuyor. \u00c7evre ve \u015eehircilik Bakanl\u0131\u011f\u0131 ekipleri, denetimlerini s\u0131kla\u015ft\u0131rarak kirlili\u011fin \u00f6nlenmesi i\u00e7in \u00e7al\u0131\u015fmalar\u0131n\u0131 h\u0131zland\u0131rd\u0131.<\/p>\n<p>Vatanda\u015flar da hava kirlili\u011fine kar\u015f\u0131 duyarl\u0131l\u0131klar\u0131n\u0131 art\u0131rarak, egzoz emisyonlar\u0131n\u0131 azaltmaya y\u00f6nelik tedbirler almaya ba\u015flad\u0131. Ancak uzmanlar, bu \u00f6nlemlerin yeterli olmad\u0131\u011f\u0131n\u0131 ve daha kapsaml\u0131 \u00e7\u00f6z\u00fcmlerin geli\u015ftirilmesi gerekti\u011fini belirtiyor.<\/p>\n","protected":false},"excerpt":{"rendered":"<p>Son g\u00fcnlerde artan hava kirlili\u011fi nedeniyle \u015fehirdeki insanlar sa\u011fl\u0131k sorunlar\u0131 ya\u015f\u0131yor. Sa\u011fl\u0131k Bakanl\u0131\u011f\u0131 verilerine g\u00f6re,&hellip;<\/p>\n","protected":false},"author":1,"featured_media":74318,"comment_status":"open","ping_status":"open","sticky":false,"template":"","format":"standard","meta":{"footnotes":""},"categories":[7],"tags":[],"class_list":["post-74317","post","type-post","status-publish","format-standard","has-post-thumbnail","hentry","category-spor"],"yoast_head":"<!-- This site is optimized with the Yoast SEO Premium plugin v24.3 (Yoast SEO v27.4) - https:\/\/yoast.com\/product\/yoast-seo-premium-wordpress\/ -->\n<title>&quot;\u0130stanbul&#039;da Ger\u00e7ekle\u015fen B\u00fcy\u00fck Yang\u0131n Olay\u0131!&quot; - E-&Ccedil;\u0130FTL\u0130K HABER<\/title>\n<meta name=\"description\" content=\"Son g\u00fcnlerde artan hava kirlili\u011fi nedeniyle \u015fehirdeki insanlar sa\u011fl\u0131k sorunlar\u0131 ya\u015f\u0131yor. Sa\u011fl\u0131k Bakanl\u0131\u011f\u0131 verilerine g\u00f6re, son bir hafta i\u00e7inde \u015fehirdeki\" \/>\n<meta name=\"robots\" content=\"index, follow, max-snippet:-1, max-image-preview:large, max-video-preview:-1\" \/>\n<link rel=\"canonical\" href=\"https:\/\/e-ciftlik.com\/haberler\/spor\/istanbulda-gerceklesen-buyuk-yangin-olayi\/\" \/>\n<meta property=\"og:locale\" content=\"tr_TR\" \/>\n<meta property=\"og:type\" content=\"article\" \/>\n<meta property=\"og:title\" content=\"&quot;\u0130stanbul&#039;da Ger\u00e7ekle\u015fen B\u00fcy\u00fck Yang\u0131n Olay\u0131!&quot;\" \/>\n<meta property=\"og:description\" content=\"Son g\u00fcnlerde artan hava kirlili\u011fi nedeniyle \u015fehirdeki insanlar sa\u011fl\u0131k sorunlar\u0131 ya\u015f\u0131yor. Sa\u011fl\u0131k Bakanl\u0131\u011f\u0131 verilerine g\u00f6re, son bir hafta i\u00e7inde \u015fehirdeki\" \/>\n<meta property=\"og:url\" content=\"https:\/\/e-ciftlik.com\/haberler\/spor\/istanbulda-gerceklesen-buyuk-yangin-olayi\/\" \/>\n<meta property=\"og:site_name\" content=\"E-&Ccedil;\u0130FTL\u0130K HABER\" \/>\n<meta property=\"article:publisher\" content=\"https:\/\/www.facebook.com\/eciftlikturkiye\" \/>\n<meta property=\"article:published_time\" content=\"2025-01-27T04:34:35+00:00\" \/>\n<meta property=\"og:image\" content=\"https:\/\/e-ciftlik.com\/haberler\/wp-content\/uploads\/2025\/01\/1737952476_1200x628.jpeg\" \/>\n\t<meta property=\"og:image:width\" content=\"1200\" \/>\n\t<meta property=\"og:image:height\" content=\"628\" \/>\n\t<meta property=\"og:image:type\" content=\"image\/jpeg\" \/>\n<meta name=\"author\" content=\"Haber Merkezi\" \/>\n<meta name=\"twitter:card\" content=\"summary_large_image\" \/>\n<meta name=\"twitter:creator\" content=\"@eciftlikresmi\" \/>\n<meta name=\"twitter:site\" content=\"@eciftlikresmi\" \/>\n<meta name=\"twitter:label1\" content=\"Yazan:\" \/>\n\t<meta name=\"twitter:data1\" content=\"Haber Merkezi\" \/>\n\t<meta name=\"twitter:label2\" content=\"Tahmini okuma s\u00fcresi\" \/>\n\t<meta name=\"twitter:data2\" content=\"1 dakika\" \/>\n<script type=\"application\/ld+json\" class=\"yoast-schema-graph\">{\"@context\":\"https:\\\/\\\/schema.org\",\"@graph\":[{\"@type\":\"NewsArticle\",\"@id\":\"https:\\\/\\\/e-ciftlik.com\\\/haberler\\\/spor\\\/istanbulda-gerceklesen-buyuk-yangin-olayi\\\/#article\",\"isPartOf\":{\"@id\":\"https:\\\/\\\/e-ciftlik.com\\\/haberler\\\/spor\\\/istanbulda-gerceklesen-buyuk-yangin-olayi\\\/\"},\"author\":{\"name\":\"Haber Merkezi\",\"@id\":\"https:\\\/\\\/e-ciftlik.com\\\/haberler\\\/#\\\/schema\\\/person\\\/d2f4fee3143d7f72be82cb887d51b00a\"},\"headline\":\"&#8220;\u0130stanbul&#8217;da Ger\u00e7ekle\u015fen B\u00fcy\u00fck Yang\u0131n Olay\u0131!&#8221;\",\"datePublished\":\"2025-01-27T04:34:35+00:00\",\"mainEntityOfPage\":{\"@id\":\"https:\\\/\\\/e-ciftlik.com\\\/haberler\\\/spor\\\/istanbulda-gerceklesen-buyuk-yangin-olayi\\\/\"},\"wordCount\":204,\"commentCount\":0,\"publisher\":{\"@id\":\"https:\\\/\\\/e-ciftlik.com\\\/haberler\\\/#organization\"},\"image\":{\"@id\":\"https:\\\/\\\/e-ciftlik.com\\\/haberler\\\/spor\\\/istanbulda-gerceklesen-buyuk-yangin-olayi\\\/#primaryimage\"},\"thumbnailUrl\":\"https:\\\/\\\/e-ciftlik.com\\\/haberler\\\/wp-content\\\/uploads\\\/2025\\\/01\\\/1737952476_1200x628.jpeg\",\"articleSection\":[\"Spor\"],\"inLanguage\":\"tr\",\"potentialAction\":[{\"@type\":\"CommentAction\",\"name\":\"Comment\",\"target\":[\"https:\\\/\\\/e-ciftlik.com\\\/haberler\\\/spor\\\/istanbulda-gerceklesen-buyuk-yangin-olayi\\\/#respond\"]}]},{\"@type\":\"WebPage\",\"@id\":\"https:\\\/\\\/e-ciftlik.com\\\/haberler\\\/spor\\\/istanbulda-gerceklesen-buyuk-yangin-olayi\\\/\",\"url\":\"https:\\\/\\\/e-ciftlik.com\\\/haberler\\\/spor\\\/istanbulda-gerceklesen-buyuk-yangin-olayi\\\/\",\"name\":\"\\\"\u0130stanbul'da Ger\u00e7ekle\u015fen B\u00fcy\u00fck Yang\u0131n Olay\u0131!\\\" - E-&Ccedil;\u0130FTL\u0130K HABER\",\"isPartOf\":{\"@id\":\"https:\\\/\\\/e-ciftlik.com\\\/haberler\\\/#website\"},\"primaryImageOfPage\":{\"@id\":\"https:\\\/\\\/e-ciftlik.com\\\/haberler\\\/spor\\\/istanbulda-gerceklesen-buyuk-yangin-olayi\\\/#primaryimage\"},\"image\":{\"@id\":\"https:\\\/\\\/e-ciftlik.com\\\/haberler\\\/spor\\\/istanbulda-gerceklesen-buyuk-yangin-olayi\\\/#primaryimage\"},\"thumbnailUrl\":\"https:\\\/\\\/e-ciftlik.com\\\/haberler\\\/wp-content\\\/uploads\\\/2025\\\/01\\\/1737952476_1200x628.jpeg\",\"datePublished\":\"2025-01-27T04:34:35+00:00\",\"description\":\"Son g\u00fcnlerde artan hava kirlili\u011fi nedeniyle \u015fehirdeki insanlar sa\u011fl\u0131k sorunlar\u0131 ya\u015f\u0131yor. Sa\u011fl\u0131k Bakanl\u0131\u011f\u0131 verilerine g\u00f6re, son bir hafta i\u00e7inde \u015fehirdeki\",\"breadcrumb\":{\"@id\":\"https:\\\/\\\/e-ciftlik.com\\\/haberler\\\/spor\\\/istanbulda-gerceklesen-buyuk-yangin-olayi\\\/#breadcrumb\"},\"inLanguage\":\"tr\",\"potentialAction\":[{\"@type\":\"ReadAction\",\"target\":[\"https:\\\/\\\/e-ciftlik.com\\\/haberler\\\/spor\\\/istanbulda-gerceklesen-buyuk-yangin-olayi\\\/\"]}]},{\"@type\":\"ImageObject\",\"inLanguage\":\"tr\",\"@id\":\"https:\\\/\\\/e-ciftlik.com\\\/haberler\\\/spor\\\/istanbulda-gerceklesen-buyuk-yangin-olayi\\\/#primaryimage\",\"url\":\"https:\\\/\\\/e-ciftlik.com\\\/haberler\\\/wp-content\\\/uploads\\\/2025\\\/01\\\/1737952476_1200x628.jpeg\",\"contentUrl\":\"https:\\\/\\\/e-ciftlik.com\\\/haberler\\\/wp-content\\\/uploads\\\/2025\\\/01\\\/1737952476_1200x628.jpeg\",\"width\":1200,\"height\":628},{\"@type\":\"BreadcrumbList\",\"@id\":\"https:\\\/\\\/e-ciftlik.com\\\/haberler\\\/spor\\\/istanbulda-gerceklesen-buyuk-yangin-olayi\\\/#breadcrumb\",\"itemListElement\":[{\"@type\":\"ListItem\",\"position\":1,\"name\":\"Anasayfa\",\"item\":\"https:\\\/\\\/e-ciftlik.com\\\/haberler\\\/\"},{\"@type\":\"ListItem\",\"position\":2,\"name\":\"&#8220;\u0130stanbul&#8217;da Ger\u00e7ekle\u015fen B\u00fcy\u00fck Yang\u0131n Olay\u0131!&#8221;\"}]},{\"@type\":\"WebSite\",\"@id\":\"https:\\\/\\\/e-ciftlik.com\\\/haberler\\\/#website\",\"url\":\"https:\\\/\\\/e-ciftlik.com\\\/haberler\\\/\",\"name\":\"E-\u00c7iftlik Haber | G\u00fcncel, Son Dakika Haberler, En Son Haber\",\"description\":\"\",\"publisher\":{\"@id\":\"https:\\\/\\\/e-ciftlik.com\\\/haberler\\\/#organization\"},\"potentialAction\":[{\"@type\":\"SearchAction\",\"target\":{\"@type\":\"EntryPoint\",\"urlTemplate\":\"https:\\\/\\\/e-ciftlik.com\\\/haberler\\\/?s={search_term_string}\"},\"query-input\":{\"@type\":\"PropertyValueSpecification\",\"valueRequired\":true,\"valueName\":\"search_term_string\"}}],\"inLanguage\":\"tr\"},{\"@type\":\"Organization\",\"@id\":\"https:\\\/\\\/e-ciftlik.com\\\/haberler\\\/#organization\",\"name\":\"E-\u00c7\u0130FTL\u0130K HABER\",\"url\":\"https:\\\/\\\/e-ciftlik.com\\\/haberler\\\/\",\"logo\":{\"@type\":\"ImageObject\",\"inLanguage\":\"tr\",\"@id\":\"https:\\\/\\\/e-ciftlik.com\\\/haberler\\\/#\\\/schema\\\/logo\\\/image\\\/\",\"url\":\"https:\\\/\\\/e-ciftlik.com\\\/haberler\\\/wp-content\\\/uploads\\\/2024\\\/06\\\/cropped-cropped-favicon-1-2.png\",\"contentUrl\":\"https:\\\/\\\/e-ciftlik.com\\\/haberler\\\/wp-content\\\/uploads\\\/2024\\\/06\\\/cropped-cropped-favicon-1-2.png\",\"width\":512,\"height\":512,\"caption\":\"E-\u00c7\u0130FTL\u0130K HABER\"},\"image\":{\"@id\":\"https:\\\/\\\/e-ciftlik.com\\\/haberler\\\/#\\\/schema\\\/logo\\\/image\\\/\"},\"sameAs\":[\"https:\\\/\\\/www.facebook.com\\\/eciftlikturkiye\",\"https:\\\/\\\/x.com\\\/eciftlikresmi\",\"https:\\\/\\\/www.instagram.com\\\/eciftlikresmi\\\/\"]},{\"@type\":\"Person\",\"@id\":\"https:\\\/\\\/e-ciftlik.com\\\/haberler\\\/#\\\/schema\\\/person\\\/d2f4fee3143d7f72be82cb887d51b00a\",\"name\":\"Haber Merkezi\",\"image\":{\"@type\":\"ImageObject\",\"inLanguage\":\"tr\",\"@id\":\"https:\\\/\\\/secure.gravatar.com\\\/avatar\\\/6c27d641914e66c1d0452c92716002398782818991d86db1c2cccb531e7c7c82?s=96&d=mm&r=g\",\"url\":\"https:\\\/\\\/secure.gravatar.com\\\/avatar\\\/6c27d641914e66c1d0452c92716002398782818991d86db1c2cccb531e7c7c82?s=96&d=mm&r=g\",\"contentUrl\":\"https:\\\/\\\/secure.gravatar.com\\\/avatar\\\/6c27d641914e66c1d0452c92716002398782818991d86db1c2cccb531e7c7c82?s=96&d=mm&r=g\",\"caption\":\"Haber Merkezi\"},\"sameAs\":[\"http:\\\/\\\/e-ciftlik.com\\\/haberler\"]}]}<\/script>\n<!-- \/ Yoast SEO Premium plugin. -->","yoast_head_json":{"title":"\"\u0130stanbul'da Ger\u00e7ekle\u015fen B\u00fcy\u00fck Yang\u0131n Olay\u0131!\" - E-&Ccedil;\u0130FTL\u0130K HABER","description":"Son g\u00fcnlerde artan hava kirlili\u011fi nedeniyle \u015fehirdeki insanlar sa\u011fl\u0131k sorunlar\u0131 ya\u015f\u0131yor. Sa\u011fl\u0131k Bakanl\u0131\u011f\u0131 verilerine g\u00f6re, son bir hafta i\u00e7inde \u015fehirdeki","robots":{"index":"index","follow":"follow","max-snippet":"max-snippet:-1","max-image-preview":"max-image-preview:large","max-video-preview":"max-video-preview:-1"},"canonical":"https:\/\/e-ciftlik.com\/haberler\/spor\/istanbulda-gerceklesen-buyuk-yangin-olayi\/","og_locale":"tr_TR","og_type":"article","og_title":"\"\u0130stanbul'da Ger\u00e7ekle\u015fen B\u00fcy\u00fck Yang\u0131n Olay\u0131!\"","og_description":"Son g\u00fcnlerde artan hava kirlili\u011fi nedeniyle \u015fehirdeki insanlar sa\u011fl\u0131k sorunlar\u0131 ya\u015f\u0131yor. Sa\u011fl\u0131k Bakanl\u0131\u011f\u0131 verilerine g\u00f6re, son bir hafta i\u00e7inde \u015fehirdeki","og_url":"https:\/\/e-ciftlik.com\/haberler\/spor\/istanbulda-gerceklesen-buyuk-yangin-olayi\/","og_site_name":"E-&Ccedil;\u0130FTL\u0130K HABER","article_publisher":"https:\/\/www.facebook.com\/eciftlikturkiye","article_published_time":"2025-01-27T04:34:35+00:00","og_image":[{"width":1200,"height":628,"url":"https:\/\/e-ciftlik.com\/haberler\/wp-content\/uploads\/2025\/01\/1737952476_1200x628.jpeg","type":"image\/jpeg"}],"author":"Haber Merkezi","twitter_card":"summary_large_image","twitter_creator":"@eciftlikresmi","twitter_site":"@eciftlikresmi","twitter_misc":{"Yazan:":"Haber Merkezi","Tahmini okuma s\u00fcresi":"1 dakika"},"schema":{"@context":"https:\/\/schema.org","@graph":[{"@type":"NewsArticle","@id":"https:\/\/e-ciftlik.com\/haberler\/spor\/istanbulda-gerceklesen-buyuk-yangin-olayi\/#article","isPartOf":{"@id":"https:\/\/e-ciftlik.com\/haberler\/spor\/istanbulda-gerceklesen-buyuk-yangin-olayi\/"},"author":{"name":"Haber Merkezi","@id":"https:\/\/e-ciftlik.com\/haberler\/#\/schema\/person\/d2f4fee3143d7f72be82cb887d51b00a"},"headline":"&#8220;\u0130stanbul&#8217;da Ger\u00e7ekle\u015fen B\u00fcy\u00fck Yang\u0131n Olay\u0131!&#8221;","datePublished":"2025-01-27T04:34:35+00:00","mainEntityOfPage":{"@id":"https:\/\/e-ciftlik.com\/haberler\/spor\/istanbulda-gerceklesen-buyuk-yangin-olayi\/"},"wordCount":204,"commentCount":0,"publisher":{"@id":"https:\/\/e-ciftlik.com\/haberler\/#organization"},"image":{"@id":"https:\/\/e-ciftlik.com\/haberler\/spor\/istanbulda-gerceklesen-buyuk-yangin-olayi\/#primaryimage"},"thumbnailUrl":"https:\/\/e-ciftlik.com\/haberler\/wp-content\/uploads\/2025\/01\/1737952476_1200x628.jpeg","articleSection":["Spor"],"inLanguage":"tr","potentialAction":[{"@type":"CommentAction","name":"Comment","target":["https:\/\/e-ciftlik.com\/haberler\/spor\/istanbulda-gerceklesen-buyuk-yangin-olayi\/#respond"]}]},{"@type":"WebPage","@id":"https:\/\/e-ciftlik.com\/haberler\/spor\/istanbulda-gerceklesen-buyuk-yangin-olayi\/","url":"https:\/\/e-ciftlik.com\/haberler\/spor\/istanbulda-gerceklesen-buyuk-yangin-olayi\/","name":"\"\u0130stanbul'da Ger\u00e7ekle\u015fen B\u00fcy\u00fck Yang\u0131n Olay\u0131!\" - E-&Ccedil;\u0130FTL\u0130K HABER","isPartOf":{"@id":"https:\/\/e-ciftlik.com\/haberler\/#website"},"primaryImageOfPage":{"@id":"https:\/\/e-ciftlik.com\/haberler\/spor\/istanbulda-gerceklesen-buyuk-yangin-olayi\/#primaryimage"},"image":{"@id":"https:\/\/e-ciftlik.com\/haberler\/spor\/istanbulda-gerceklesen-buyuk-yangin-olayi\/#primaryimage"},"thumbnailUrl":"https:\/\/e-ciftlik.com\/haberler\/wp-content\/uploads\/2025\/01\/1737952476_1200x628.jpeg","datePublished":"2025-01-27T04:34:35+00:00","description":"Son g\u00fcnlerde artan hava kirlili\u011fi nedeniyle \u015fehirdeki insanlar sa\u011fl\u0131k sorunlar\u0131 ya\u015f\u0131yor. Sa\u011fl\u0131k Bakanl\u0131\u011f\u0131 verilerine g\u00f6re, son bir hafta i\u00e7inde \u015fehirdeki","breadcrumb":{"@id":"https:\/\/e-ciftlik.com\/haberler\/spor\/istanbulda-gerceklesen-buyuk-yangin-olayi\/#breadcrumb"},"inLanguage":"tr","potentialAction":[{"@type":"ReadAction","target":["https:\/\/e-ciftlik.com\/haberler\/spor\/istanbulda-gerceklesen-buyuk-yangin-olayi\/"]}]},{"@type":"ImageObject","inLanguage":"tr","@id":"https:\/\/e-ciftlik.com\/haberler\/spor\/istanbulda-gerceklesen-buyuk-yangin-olayi\/#primaryimage","url":"https:\/\/e-ciftlik.com\/haberler\/wp-content\/uploads\/2025\/01\/1737952476_1200x628.jpeg","contentUrl":"https:\/\/e-ciftlik.com\/haberler\/wp-content\/uploads\/2025\/01\/1737952476_1200x628.jpeg","width":1200,"height":628},{"@type":"BreadcrumbList","@id":"https:\/\/e-ciftlik.com\/haberler\/spor\/istanbulda-gerceklesen-buyuk-yangin-olayi\/#breadcrumb","itemListElement":[{"@type":"ListItem","position":1,"name":"Anasayfa","item":"https:\/\/e-ciftlik.com\/haberler\/"},{"@type":"ListItem","position":2,"name":"&#8220;\u0130stanbul&#8217;da Ger\u00e7ekle\u015fen B\u00fcy\u00fck Yang\u0131n Olay\u0131!&#8221;"}]},{"@type":"WebSite","@id":"https:\/\/e-ciftlik.com\/haberler\/#website","url":"https:\/\/e-ciftlik.com\/haberler\/","name":"E-\u00c7iftlik Haber | G\u00fcncel, Son Dakika Haberler, En Son Haber","description":"","publisher":{"@id":"https:\/\/e-ciftlik.com\/haberler\/#organization"},"potentialAction":[{"@type":"SearchAction","target":{"@type":"EntryPoint","urlTemplate":"https:\/\/e-ciftlik.com\/haberler\/?s={search_term_string}"},"query-input":{"@type":"PropertyValueSpecification","valueRequired":true,"valueName":"search_term_string"}}],"inLanguage":"tr"},{"@type":"Organization","@id":"https:\/\/e-ciftlik.com\/haberler\/#organization","name":"E-\u00c7\u0130FTL\u0130K HABER","url":"https:\/\/e-ciftlik.com\/haberler\/","logo":{"@type":"ImageObject","inLanguage":"tr","@id":"https:\/\/e-ciftlik.com\/haberler\/#\/schema\/logo\/image\/","url":"https:\/\/e-ciftlik.com\/haberler\/wp-content\/uploads\/2024\/06\/cropped-cropped-favicon-1-2.png","contentUrl":"https:\/\/e-ciftlik.com\/haberler\/wp-content\/uploads\/2024\/06\/cropped-cropped-favicon-1-2.png","width":512,"height":512,"caption":"E-\u00c7\u0130FTL\u0130K HABER"},"image":{"@id":"https:\/\/e-ciftlik.com\/haberler\/#\/schema\/logo\/image\/"},"sameAs":["https:\/\/www.facebook.com\/eciftlikturkiye","https:\/\/x.com\/eciftlikresmi","https:\/\/www.instagram.com\/eciftlikresmi\/"]},{"@type":"Person","@id":"https:\/\/e-ciftlik.com\/haberler\/#\/schema\/person\/d2f4fee3143d7f72be82cb887d51b00a","name":"Haber Merkezi","image":{"@type":"ImageObject","inLanguage":"tr","@id":"https:\/\/secure.gravatar.com\/avatar\/6c27d641914e66c1d0452c92716002398782818991d86db1c2cccb531e7c7c82?s=96&d=mm&r=g","url":"https:\/\/secure.gravatar.com\/avatar\/6c27d641914e66c1d0452c92716002398782818991d86db1c2cccb531e7c7c82?s=96&d=mm&r=g","contentUrl":"https:\/\/secure.gravatar.com\/avatar\/6c27d641914e66c1d0452c92716002398782818991d86db1c2cccb531e7c7c82?s=96&d=mm&r=g","caption":"Haber Merkezi"},"sameAs":["http:\/\/e-ciftlik.com\/haberler"]}]}},"_links":{"self":[{"href":"https:\/\/e-ciftlik.com\/haberler\/wp-json\/wp\/v2\/posts\/74317","targetHints":{"allow":["GET"]}}],"collection":[{"href":"https:\/\/e-ciftlik.com\/haberler\/wp-json\/wp\/v2\/posts"}],"about":[{"href":"https:\/\/e-ciftlik.com\/haberler\/wp-json\/wp\/v2\/types\/post"}],"author":[{"embeddable":true,"href":"https:\/\/e-ciftlik.com\/haberler\/wp-json\/wp\/v2\/users\/1"}],"replies":[{"embeddable":true,"href":"https:\/\/e-ciftlik.com\/haberler\/wp-json\/wp\/v2\/comments?post=74317"}],"version-history":[{"count":0,"href":"https:\/\/e-ciftlik.com\/haberler\/wp-json\/wp\/v2\/posts\/74317\/revisions"}],"wp:featuredmedia":[{"embeddable":true,"href":"https:\/\/e-ciftlik.com\/haberler\/wp-json\/wp\/v2\/media\/74318"}],"wp:attachment":[{"href":"https:\/\/e-ciftlik.com\/haberler\/wp-json\/wp\/v2\/media?parent=74317"}],"wp:term":[{"taxonomy":"category","embeddable":true,"href":"https:\/\/e-ciftlik.com\/haberler\/wp-json\/wp\/v2\/categories?post=74317"},{"taxonomy":"post_tag","embeddable":true,"href":"https:\/\/e-ciftlik.com\/haberler\/wp-json\/wp\/v2\/tags?post=74317"}],"curies":[{"name":"wp","href":"https:\/\/api.w.org\/{rel}","templated":true}]}}