{"id":74395,"date":"2025-01-27T08:02:07","date_gmt":"2025-01-27T08:02:07","guid":{"rendered":"http:\/\/e-ciftlik.com\/haberler\/egitim\/kadina-yonelik-siddetle-mucadele-plani-aciklandi\/"},"modified":"2025-01-27T08:02:07","modified_gmt":"2025-01-27T08:02:07","slug":"kadina-yonelik-siddetle-mucadele-plani-aciklandi","status":"publish","type":"post","link":"https:\/\/e-ciftlik.com\/haberler\/egitim\/kadina-yonelik-siddetle-mucadele-plani-aciklandi\/","title":{"rendered":"Kad\u0131na Y\u00f6nelik \u015eiddetle M\u00fccadele Plan\u0131 A\u00e7\u0131kland\u0131"},"content":{"rendered":"<p>Aile ve Sosyal Hizmetler Bakanl\u0131\u011f\u0131, Kad\u0131na Y\u00f6nelik \u015eiddetle M\u00fccadele 2025 Y\u0131l\u0131 Faaliyet Plan\u0131&#8217;n\u0131n detaylar\u0131n\u0131 a\u00e7\u0131klad\u0131. Plan, &#8220;Adalete Eri\u015fim ve Mevzuat&#8221;, &#8220;Politika ve Koordinasyon&#8221;, &#8220;Koruyucu ve \u00d6nleyici Hizmetler&#8221;, &#8220;Toplumsal Fark\u0131ndal\u0131k&#8221; ve &#8220;Veri ve \u0130statistik&#8221; olmak \u00fczere 4 ana hedeften olu\u015fmaktad\u0131r.<\/p>\n<p>Bu kapsamda, \u00fcniversitelerin hukuk fak\u00fcltelerindeki \u00f6\u011fretim programlar\u0131 g\u00f6zden ge\u00e7irilecek ve kad\u0131na y\u00f6nelik \u015fiddetle m\u00fccadele konusunu i\u00e7erecek \u015fekilde g\u00fcncellenecektir. Y\u00fcksek\u00f6\u011fretim Kurulu (Y\u00d6K) ve \u00fcniversiteler i\u015f birli\u011fiyle y\u00fcr\u00fct\u00fclecek \u00e7al\u0131\u015fmalar sonucunda, kad\u0131na y\u00f6nelik \u015fiddetle m\u00fccadele konusunu i\u00e7ermeyen hukuk fak\u00fclteleri belirlenerek, bu konuda derslerin eklenmesi i\u00e7in \u00e7al\u0131\u015fmalar yap\u0131lacakt\u0131r.<\/p>\n<p>Ayr\u0131ca \u00fcniversite \u00f6\u011frencilerinin kad\u0131na y\u00f6nelik \u015fiddete bak\u0131\u015f a\u00e7\u0131s\u0131n\u0131 belirlemeye y\u00f6nelik bir ara\u015ft\u0131rma yap\u0131lacak ve ilgili kurumlarla i\u015f birli\u011fiyle haz\u0131rlanacak olan soru formu, t\u00fcm \u00f6\u011frencilerin eri\u015febilece\u011fi \u015fekilde \u00fcniversitelerin sistemine eklenecektir. Bunun yan\u0131 s\u0131ra kad\u0131na y\u00f6nelik \u015fiddetle ilgili akademik \u00e7al\u0131\u015fmalar\u0131 desteklemek amac\u0131yla bir sempozyum d\u00fczenlenecektir.<\/p>\n<p>E\u011fitim alan\u0131nda da fark\u0131ndal\u0131k yaratmak i\u00e7in \u00e7e\u015fitli ad\u0131mlar at\u0131lacakt\u0131r. Okul \u00f6ncesi, ilkokul ve ortaokul d\u00fczeyinde e\u015fitlik, adalet, \u015fiddetin \u00f6nlenmesi, aile i\u00e7i ileti\u015fim ve ailenin korunmas\u0131 gibi konular\u0131n ders m\u00fcfredatlar\u0131na eklenmesi planlanmaktad\u0131r. Ayr\u0131ca, \u00f6\u011frencilere rehberlik hizmetleri kapsam\u0131nda fark\u0131ndal\u0131k \u00e7al\u0131\u015fmalar\u0131 sunulacak ve s\u0131n\u0131f i\u00e7i faaliyetlerle desteklenecektir.<\/p>\n<p>Kad\u0131na y\u00f6nelik \u015fiddetle m\u00fccadele kapsam\u0131nda \u00e7e\u015fitli ya\u015f gruplar\u0131 ve ihtiya\u00e7lara y\u00f6nelik &#8220;\u00d6fke Kontrol\u00fc&#8221; ve &#8220;Kad\u0131na Y\u00f6nelik \u015eiddetin \u00d6nlenmesi&#8221; konular\u0131nda kurs programlar\u0131 ve seminerler d\u00fczenlenecektir. Mesleki ve teknik okullardaki \u00f6\u011frencilere \u00f6zellikle \u015fiddetin \u00f6nlenmesi konusunda e\u011fitimler verilecek ve fark\u0131ndal\u0131k \u00e7al\u0131\u015fmalar\u0131 ger\u00e7ekle\u015ftirilecektir.<\/p>\n","protected":false},"excerpt":{"rendered":"<p>Aile ve Sosyal Hizmetler Bakanl\u0131\u011f\u0131, Kad\u0131na Y\u00f6nelik \u015eiddetle M\u00fccadele 2025 Y\u0131l\u0131 Faaliyet Plan\u0131&#8217;n\u0131n detaylar\u0131n\u0131 a\u00e7\u0131klad\u0131.&hellip;<\/p>\n","protected":false},"author":1,"featured_media":56848,"comment_status":"open","ping_status":"open","sticky":false,"template":"","format":"standard","meta":{"footnotes":""},"categories":[12],"tags":[],"class_list":["post-74395","post","type-post","status-publish","format-standard","has-post-thumbnail","hentry","category-egitim"],"yoast_head":"<!-- This site is optimized with the Yoast SEO Premium plugin v24.3 (Yoast SEO v27.4) - https:\/\/yoast.com\/product\/yoast-seo-premium-wordpress\/ -->\n<title>Kad\u0131na Y\u00f6nelik \u015eiddetle M\u00fccadele Plan\u0131 A\u00e7\u0131kland\u0131 - E-&Ccedil;\u0130FTL\u0130K HABER<\/title>\n<meta name=\"description\" content=\"Aile ve Sosyal Hizmetler Bakanl\u0131\u011f\u0131, Kad\u0131na Y\u00f6nelik \u015eiddetle M\u00fccadele 2025 Y\u0131l\u0131 Faaliyet Plan\u0131&#039;n\u0131n detaylar\u0131n\u0131 a\u00e7\u0131klad\u0131. Plan, &quot;Adalete Eri\u015fim ve Mevzuat&quot;,\" \/>\n<meta name=\"robots\" content=\"index, follow, max-snippet:-1, max-image-preview:large, max-video-preview:-1\" \/>\n<link rel=\"canonical\" href=\"https:\/\/e-ciftlik.com\/haberler\/egitim\/kadina-yonelik-siddetle-mucadele-plani-aciklandi\/\" \/>\n<meta property=\"og:locale\" content=\"tr_TR\" \/>\n<meta property=\"og:type\" content=\"article\" \/>\n<meta property=\"og:title\" content=\"Kad\u0131na Y\u00f6nelik \u015eiddetle M\u00fccadele Plan\u0131 A\u00e7\u0131kland\u0131\" \/>\n<meta property=\"og:description\" content=\"Aile ve Sosyal Hizmetler Bakanl\u0131\u011f\u0131, Kad\u0131na Y\u00f6nelik \u015eiddetle M\u00fccadele 2025 Y\u0131l\u0131 Faaliyet Plan\u0131&#039;n\u0131n detaylar\u0131n\u0131 a\u00e7\u0131klad\u0131. Plan, &quot;Adalete Eri\u015fim ve Mevzuat&quot;,\" \/>\n<meta property=\"og:url\" content=\"https:\/\/e-ciftlik.com\/haberler\/egitim\/kadina-yonelik-siddetle-mucadele-plani-aciklandi\/\" \/>\n<meta property=\"og:site_name\" content=\"E-&Ccedil;\u0130FTL\u0130K HABER\" \/>\n<meta property=\"article:publisher\" content=\"https:\/\/www.facebook.com\/eciftlikturkiye\" \/>\n<meta property=\"article:published_time\" content=\"2025-01-27T08:02:07+00:00\" \/>\n<meta property=\"og:image\" content=\"https:\/\/e-ciftlik.com\/haberler\/wp-content\/uploads\/2024\/12\/kadina-siddet-1955105.jpg\" \/>\n\t<meta property=\"og:image:width\" content=\"1280\" \/>\n\t<meta property=\"og:image:height\" content=\"720\" \/>\n\t<meta property=\"og:image:type\" content=\"image\/jpeg\" \/>\n<meta name=\"author\" content=\"Haber Merkezi\" \/>\n<meta name=\"twitter:card\" content=\"summary_large_image\" \/>\n<meta name=\"twitter:creator\" content=\"@eciftlikresmi\" \/>\n<meta name=\"twitter:site\" content=\"@eciftlikresmi\" \/>\n<meta name=\"twitter:label1\" content=\"Yazan:\" \/>\n\t<meta name=\"twitter:data1\" content=\"Haber Merkezi\" \/>\n\t<meta name=\"twitter:label2\" content=\"Tahmini okuma s\u00fcresi\" \/>\n\t<meta name=\"twitter:data2\" content=\"2 dakika\" \/>\n<script type=\"application\/ld+json\" class=\"yoast-schema-graph\">{\"@context\":\"https:\\\/\\\/schema.org\",\"@graph\":[{\"@type\":\"NewsArticle\",\"@id\":\"https:\\\/\\\/e-ciftlik.com\\\/haberler\\\/egitim\\\/kadina-yonelik-siddetle-mucadele-plani-aciklandi\\\/#article\",\"isPartOf\":{\"@id\":\"https:\\\/\\\/e-ciftlik.com\\\/haberler\\\/egitim\\\/kadina-yonelik-siddetle-mucadele-plani-aciklandi\\\/\"},\"author\":{\"name\":\"Haber Merkezi\",\"@id\":\"https:\\\/\\\/e-ciftlik.com\\\/haberler\\\/#\\\/schema\\\/person\\\/d2f4fee3143d7f72be82cb887d51b00a\"},\"headline\":\"Kad\u0131na Y\u00f6nelik \u015eiddetle M\u00fccadele Plan\u0131 A\u00e7\u0131kland\u0131\",\"datePublished\":\"2025-01-27T08:02:07+00:00\",\"mainEntityOfPage\":{\"@id\":\"https:\\\/\\\/e-ciftlik.com\\\/haberler\\\/egitim\\\/kadina-yonelik-siddetle-mucadele-plani-aciklandi\\\/\"},\"wordCount\":317,\"commentCount\":0,\"publisher\":{\"@id\":\"https:\\\/\\\/e-ciftlik.com\\\/haberler\\\/#organization\"},\"image\":{\"@id\":\"https:\\\/\\\/e-ciftlik.com\\\/haberler\\\/egitim\\\/kadina-yonelik-siddetle-mucadele-plani-aciklandi\\\/#primaryimage\"},\"thumbnailUrl\":\"https:\\\/\\\/e-ciftlik.com\\\/haberler\\\/wp-content\\\/uploads\\\/2024\\\/12\\\/kadina-siddet-1955105.jpg\",\"articleSection\":[\"E\u011fitim\"],\"inLanguage\":\"tr\",\"potentialAction\":[{\"@type\":\"CommentAction\",\"name\":\"Comment\",\"target\":[\"https:\\\/\\\/e-ciftlik.com\\\/haberler\\\/egitim\\\/kadina-yonelik-siddetle-mucadele-plani-aciklandi\\\/#respond\"]}]},{\"@type\":\"WebPage\",\"@id\":\"https:\\\/\\\/e-ciftlik.com\\\/haberler\\\/egitim\\\/kadina-yonelik-siddetle-mucadele-plani-aciklandi\\\/\",\"url\":\"https:\\\/\\\/e-ciftlik.com\\\/haberler\\\/egitim\\\/kadina-yonelik-siddetle-mucadele-plani-aciklandi\\\/\",\"name\":\"Kad\u0131na Y\u00f6nelik \u015eiddetle M\u00fccadele Plan\u0131 A\u00e7\u0131kland\u0131 - E-&Ccedil;\u0130FTL\u0130K HABER\",\"isPartOf\":{\"@id\":\"https:\\\/\\\/e-ciftlik.com\\\/haberler\\\/#website\"},\"primaryImageOfPage\":{\"@id\":\"https:\\\/\\\/e-ciftlik.com\\\/haberler\\\/egitim\\\/kadina-yonelik-siddetle-mucadele-plani-aciklandi\\\/#primaryimage\"},\"image\":{\"@id\":\"https:\\\/\\\/e-ciftlik.com\\\/haberler\\\/egitim\\\/kadina-yonelik-siddetle-mucadele-plani-aciklandi\\\/#primaryimage\"},\"thumbnailUrl\":\"https:\\\/\\\/e-ciftlik.com\\\/haberler\\\/wp-content\\\/uploads\\\/2024\\\/12\\\/kadina-siddet-1955105.jpg\",\"datePublished\":\"2025-01-27T08:02:07+00:00\",\"description\":\"Aile ve Sosyal Hizmetler Bakanl\u0131\u011f\u0131, Kad\u0131na Y\u00f6nelik \u015eiddetle M\u00fccadele 2025 Y\u0131l\u0131 Faaliyet Plan\u0131'n\u0131n detaylar\u0131n\u0131 a\u00e7\u0131klad\u0131. Plan, \\\"Adalete Eri\u015fim ve Mevzuat\\\",\",\"breadcrumb\":{\"@id\":\"https:\\\/\\\/e-ciftlik.com\\\/haberler\\\/egitim\\\/kadina-yonelik-siddetle-mucadele-plani-aciklandi\\\/#breadcrumb\"},\"inLanguage\":\"tr\",\"potentialAction\":[{\"@type\":\"ReadAction\",\"target\":[\"https:\\\/\\\/e-ciftlik.com\\\/haberler\\\/egitim\\\/kadina-yonelik-siddetle-mucadele-plani-aciklandi\\\/\"]}]},{\"@type\":\"ImageObject\",\"inLanguage\":\"tr\",\"@id\":\"https:\\\/\\\/e-ciftlik.com\\\/haberler\\\/egitim\\\/kadina-yonelik-siddetle-mucadele-plani-aciklandi\\\/#primaryimage\",\"url\":\"https:\\\/\\\/e-ciftlik.com\\\/haberler\\\/wp-content\\\/uploads\\\/2024\\\/12\\\/kadina-siddet-1955105.jpg\",\"contentUrl\":\"https:\\\/\\\/e-ciftlik.com\\\/haberler\\\/wp-content\\\/uploads\\\/2024\\\/12\\\/kadina-siddet-1955105.jpg\",\"width\":1280,\"height\":720},{\"@type\":\"BreadcrumbList\",\"@id\":\"https:\\\/\\\/e-ciftlik.com\\\/haberler\\\/egitim\\\/kadina-yonelik-siddetle-mucadele-plani-aciklandi\\\/#breadcrumb\",\"itemListElement\":[{\"@type\":\"ListItem\",\"position\":1,\"name\":\"Anasayfa\",\"item\":\"https:\\\/\\\/e-ciftlik.com\\\/haberler\\\/\"},{\"@type\":\"ListItem\",\"position\":2,\"name\":\"Kad\u0131na Y\u00f6nelik \u015eiddetle M\u00fccadele Plan\u0131 A\u00e7\u0131kland\u0131\"}]},{\"@type\":\"WebSite\",\"@id\":\"https:\\\/\\\/e-ciftlik.com\\\/haberler\\\/#website\",\"url\":\"https:\\\/\\\/e-ciftlik.com\\\/haberler\\\/\",\"name\":\"E-\u00c7iftlik Haber | G\u00fcncel, Son Dakika Haberler, En Son Haber\",\"description\":\"\",\"publisher\":{\"@id\":\"https:\\\/\\\/e-ciftlik.com\\\/haberler\\\/#organization\"},\"potentialAction\":[{\"@type\":\"SearchAction\",\"target\":{\"@type\":\"EntryPoint\",\"urlTemplate\":\"https:\\\/\\\/e-ciftlik.com\\\/haberler\\\/?s={search_term_string}\"},\"query-input\":{\"@type\":\"PropertyValueSpecification\",\"valueRequired\":true,\"valueName\":\"search_term_string\"}}],\"inLanguage\":\"tr\"},{\"@type\":\"Organization\",\"@id\":\"https:\\\/\\\/e-ciftlik.com\\\/haberler\\\/#organization\",\"name\":\"E-\u00c7\u0130FTL\u0130K HABER\",\"url\":\"https:\\\/\\\/e-ciftlik.com\\\/haberler\\\/\",\"logo\":{\"@type\":\"ImageObject\",\"inLanguage\":\"tr\",\"@id\":\"https:\\\/\\\/e-ciftlik.com\\\/haberler\\\/#\\\/schema\\\/logo\\\/image\\\/\",\"url\":\"https:\\\/\\\/e-ciftlik.com\\\/haberler\\\/wp-content\\\/uploads\\\/2024\\\/06\\\/cropped-cropped-favicon-1-2.png\",\"contentUrl\":\"https:\\\/\\\/e-ciftlik.com\\\/haberler\\\/wp-content\\\/uploads\\\/2024\\\/06\\\/cropped-cropped-favicon-1-2.png\",\"width\":512,\"height\":512,\"caption\":\"E-\u00c7\u0130FTL\u0130K HABER\"},\"image\":{\"@id\":\"https:\\\/\\\/e-ciftlik.com\\\/haberler\\\/#\\\/schema\\\/logo\\\/image\\\/\"},\"sameAs\":[\"https:\\\/\\\/www.facebook.com\\\/eciftlikturkiye\",\"https:\\\/\\\/x.com\\\/eciftlikresmi\",\"https:\\\/\\\/www.instagram.com\\\/eciftlikresmi\\\/\"]},{\"@type\":\"Person\",\"@id\":\"https:\\\/\\\/e-ciftlik.com\\\/haberler\\\/#\\\/schema\\\/person\\\/d2f4fee3143d7f72be82cb887d51b00a\",\"name\":\"Haber Merkezi\",\"image\":{\"@type\":\"ImageObject\",\"inLanguage\":\"tr\",\"@id\":\"https:\\\/\\\/secure.gravatar.com\\\/avatar\\\/6c27d641914e66c1d0452c92716002398782818991d86db1c2cccb531e7c7c82?s=96&d=mm&r=g\",\"url\":\"https:\\\/\\\/secure.gravatar.com\\\/avatar\\\/6c27d641914e66c1d0452c92716002398782818991d86db1c2cccb531e7c7c82?s=96&d=mm&r=g\",\"contentUrl\":\"https:\\\/\\\/secure.gravatar.com\\\/avatar\\\/6c27d641914e66c1d0452c92716002398782818991d86db1c2cccb531e7c7c82?s=96&d=mm&r=g\",\"caption\":\"Haber Merkezi\"},\"sameAs\":[\"http:\\\/\\\/e-ciftlik.com\\\/haberler\"]}]}<\/script>\n<!-- \/ Yoast SEO Premium plugin. -->","yoast_head_json":{"title":"Kad\u0131na Y\u00f6nelik \u015eiddetle M\u00fccadele Plan\u0131 A\u00e7\u0131kland\u0131 - E-&Ccedil;\u0130FTL\u0130K HABER","description":"Aile ve Sosyal Hizmetler Bakanl\u0131\u011f\u0131, Kad\u0131na Y\u00f6nelik \u015eiddetle M\u00fccadele 2025 Y\u0131l\u0131 Faaliyet Plan\u0131'n\u0131n detaylar\u0131n\u0131 a\u00e7\u0131klad\u0131. Plan, \"Adalete Eri\u015fim ve Mevzuat\",","robots":{"index":"index","follow":"follow","max-snippet":"max-snippet:-1","max-image-preview":"max-image-preview:large","max-video-preview":"max-video-preview:-1"},"canonical":"https:\/\/e-ciftlik.com\/haberler\/egitim\/kadina-yonelik-siddetle-mucadele-plani-aciklandi\/","og_locale":"tr_TR","og_type":"article","og_title":"Kad\u0131na Y\u00f6nelik \u015eiddetle M\u00fccadele Plan\u0131 A\u00e7\u0131kland\u0131","og_description":"Aile ve Sosyal Hizmetler Bakanl\u0131\u011f\u0131, Kad\u0131na Y\u00f6nelik \u015eiddetle M\u00fccadele 2025 Y\u0131l\u0131 Faaliyet Plan\u0131'n\u0131n detaylar\u0131n\u0131 a\u00e7\u0131klad\u0131. Plan, \"Adalete Eri\u015fim ve Mevzuat\",","og_url":"https:\/\/e-ciftlik.com\/haberler\/egitim\/kadina-yonelik-siddetle-mucadele-plani-aciklandi\/","og_site_name":"E-&Ccedil;\u0130FTL\u0130K HABER","article_publisher":"https:\/\/www.facebook.com\/eciftlikturkiye","article_published_time":"2025-01-27T08:02:07+00:00","og_image":[{"width":1280,"height":720,"url":"https:\/\/e-ciftlik.com\/haberler\/wp-content\/uploads\/2024\/12\/kadina-siddet-1955105.jpg","type":"image\/jpeg"}],"author":"Haber Merkezi","twitter_card":"summary_large_image","twitter_creator":"@eciftlikresmi","twitter_site":"@eciftlikresmi","twitter_misc":{"Yazan:":"Haber Merkezi","Tahmini okuma s\u00fcresi":"2 dakika"},"schema":{"@context":"https:\/\/schema.org","@graph":[{"@type":"NewsArticle","@id":"https:\/\/e-ciftlik.com\/haberler\/egitim\/kadina-yonelik-siddetle-mucadele-plani-aciklandi\/#article","isPartOf":{"@id":"https:\/\/e-ciftlik.com\/haberler\/egitim\/kadina-yonelik-siddetle-mucadele-plani-aciklandi\/"},"author":{"name":"Haber Merkezi","@id":"https:\/\/e-ciftlik.com\/haberler\/#\/schema\/person\/d2f4fee3143d7f72be82cb887d51b00a"},"headline":"Kad\u0131na Y\u00f6nelik \u015eiddetle M\u00fccadele Plan\u0131 A\u00e7\u0131kland\u0131","datePublished":"2025-01-27T08:02:07+00:00","mainEntityOfPage":{"@id":"https:\/\/e-ciftlik.com\/haberler\/egitim\/kadina-yonelik-siddetle-mucadele-plani-aciklandi\/"},"wordCount":317,"commentCount":0,"publisher":{"@id":"https:\/\/e-ciftlik.com\/haberler\/#organization"},"image":{"@id":"https:\/\/e-ciftlik.com\/haberler\/egitim\/kadina-yonelik-siddetle-mucadele-plani-aciklandi\/#primaryimage"},"thumbnailUrl":"https:\/\/e-ciftlik.com\/haberler\/wp-content\/uploads\/2024\/12\/kadina-siddet-1955105.jpg","articleSection":["E\u011fitim"],"inLanguage":"tr","potentialAction":[{"@type":"CommentAction","name":"Comment","target":["https:\/\/e-ciftlik.com\/haberler\/egitim\/kadina-yonelik-siddetle-mucadele-plani-aciklandi\/#respond"]}]},{"@type":"WebPage","@id":"https:\/\/e-ciftlik.com\/haberler\/egitim\/kadina-yonelik-siddetle-mucadele-plani-aciklandi\/","url":"https:\/\/e-ciftlik.com\/haberler\/egitim\/kadina-yonelik-siddetle-mucadele-plani-aciklandi\/","name":"Kad\u0131na Y\u00f6nelik \u015eiddetle M\u00fccadele Plan\u0131 A\u00e7\u0131kland\u0131 - E-&Ccedil;\u0130FTL\u0130K HABER","isPartOf":{"@id":"https:\/\/e-ciftlik.com\/haberler\/#website"},"primaryImageOfPage":{"@id":"https:\/\/e-ciftlik.com\/haberler\/egitim\/kadina-yonelik-siddetle-mucadele-plani-aciklandi\/#primaryimage"},"image":{"@id":"https:\/\/e-ciftlik.com\/haberler\/egitim\/kadina-yonelik-siddetle-mucadele-plani-aciklandi\/#primaryimage"},"thumbnailUrl":"https:\/\/e-ciftlik.com\/haberler\/wp-content\/uploads\/2024\/12\/kadina-siddet-1955105.jpg","datePublished":"2025-01-27T08:02:07+00:00","description":"Aile ve Sosyal Hizmetler Bakanl\u0131\u011f\u0131, Kad\u0131na Y\u00f6nelik \u015eiddetle M\u00fccadele 2025 Y\u0131l\u0131 Faaliyet Plan\u0131'n\u0131n detaylar\u0131n\u0131 a\u00e7\u0131klad\u0131. Plan, \"Adalete Eri\u015fim ve Mevzuat\",","breadcrumb":{"@id":"https:\/\/e-ciftlik.com\/haberler\/egitim\/kadina-yonelik-siddetle-mucadele-plani-aciklandi\/#breadcrumb"},"inLanguage":"tr","potentialAction":[{"@type":"ReadAction","target":["https:\/\/e-ciftlik.com\/haberler\/egitim\/kadina-yonelik-siddetle-mucadele-plani-aciklandi\/"]}]},{"@type":"ImageObject","inLanguage":"tr","@id":"https:\/\/e-ciftlik.com\/haberler\/egitim\/kadina-yonelik-siddetle-mucadele-plani-aciklandi\/#primaryimage","url":"https:\/\/e-ciftlik.com\/haberler\/wp-content\/uploads\/2024\/12\/kadina-siddet-1955105.jpg","contentUrl":"https:\/\/e-ciftlik.com\/haberler\/wp-content\/uploads\/2024\/12\/kadina-siddet-1955105.jpg","width":1280,"height":720},{"@type":"BreadcrumbList","@id":"https:\/\/e-ciftlik.com\/haberler\/egitim\/kadina-yonelik-siddetle-mucadele-plani-aciklandi\/#breadcrumb","itemListElement":[{"@type":"ListItem","position":1,"name":"Anasayfa","item":"https:\/\/e-ciftlik.com\/haberler\/"},{"@type":"ListItem","position":2,"name":"Kad\u0131na Y\u00f6nelik \u015eiddetle M\u00fccadele Plan\u0131 A\u00e7\u0131kland\u0131"}]},{"@type":"WebSite","@id":"https:\/\/e-ciftlik.com\/haberler\/#website","url":"https:\/\/e-ciftlik.com\/haberler\/","name":"E-\u00c7iftlik Haber | G\u00fcncel, Son Dakika Haberler, En Son Haber","description":"","publisher":{"@id":"https:\/\/e-ciftlik.com\/haberler\/#organization"},"potentialAction":[{"@type":"SearchAction","target":{"@type":"EntryPoint","urlTemplate":"https:\/\/e-ciftlik.com\/haberler\/?s={search_term_string}"},"query-input":{"@type":"PropertyValueSpecification","valueRequired":true,"valueName":"search_term_string"}}],"inLanguage":"tr"},{"@type":"Organization","@id":"https:\/\/e-ciftlik.com\/haberler\/#organization","name":"E-\u00c7\u0130FTL\u0130K HABER","url":"https:\/\/e-ciftlik.com\/haberler\/","logo":{"@type":"ImageObject","inLanguage":"tr","@id":"https:\/\/e-ciftlik.com\/haberler\/#\/schema\/logo\/image\/","url":"https:\/\/e-ciftlik.com\/haberler\/wp-content\/uploads\/2024\/06\/cropped-cropped-favicon-1-2.png","contentUrl":"https:\/\/e-ciftlik.com\/haberler\/wp-content\/uploads\/2024\/06\/cropped-cropped-favicon-1-2.png","width":512,"height":512,"caption":"E-\u00c7\u0130FTL\u0130K HABER"},"image":{"@id":"https:\/\/e-ciftlik.com\/haberler\/#\/schema\/logo\/image\/"},"sameAs":["https:\/\/www.facebook.com\/eciftlikturkiye","https:\/\/x.com\/eciftlikresmi","https:\/\/www.instagram.com\/eciftlikresmi\/"]},{"@type":"Person","@id":"https:\/\/e-ciftlik.com\/haberler\/#\/schema\/person\/d2f4fee3143d7f72be82cb887d51b00a","name":"Haber Merkezi","image":{"@type":"ImageObject","inLanguage":"tr","@id":"https:\/\/secure.gravatar.com\/avatar\/6c27d641914e66c1d0452c92716002398782818991d86db1c2cccb531e7c7c82?s=96&d=mm&r=g","url":"https:\/\/secure.gravatar.com\/avatar\/6c27d641914e66c1d0452c92716002398782818991d86db1c2cccb531e7c7c82?s=96&d=mm&r=g","contentUrl":"https:\/\/secure.gravatar.com\/avatar\/6c27d641914e66c1d0452c92716002398782818991d86db1c2cccb531e7c7c82?s=96&d=mm&r=g","caption":"Haber Merkezi"},"sameAs":["http:\/\/e-ciftlik.com\/haberler"]}]}},"_links":{"self":[{"href":"https:\/\/e-ciftlik.com\/haberler\/wp-json\/wp\/v2\/posts\/74395","targetHints":{"allow":["GET"]}}],"collection":[{"href":"https:\/\/e-ciftlik.com\/haberler\/wp-json\/wp\/v2\/posts"}],"about":[{"href":"https:\/\/e-ciftlik.com\/haberler\/wp-json\/wp\/v2\/types\/post"}],"author":[{"embeddable":true,"href":"https:\/\/e-ciftlik.com\/haberler\/wp-json\/wp\/v2\/users\/1"}],"replies":[{"embeddable":true,"href":"https:\/\/e-ciftlik.com\/haberler\/wp-json\/wp\/v2\/comments?post=74395"}],"version-history":[{"count":0,"href":"https:\/\/e-ciftlik.com\/haberler\/wp-json\/wp\/v2\/posts\/74395\/revisions"}],"wp:featuredmedia":[{"embeddable":true,"href":"https:\/\/e-ciftlik.com\/haberler\/wp-json\/wp\/v2\/media\/56848"}],"wp:attachment":[{"href":"https:\/\/e-ciftlik.com\/haberler\/wp-json\/wp\/v2\/media?parent=74395"}],"wp:term":[{"taxonomy":"category","embeddable":true,"href":"https:\/\/e-ciftlik.com\/haberler\/wp-json\/wp\/v2\/categories?post=74395"},{"taxonomy":"post_tag","embeddable":true,"href":"https:\/\/e-ciftlik.com\/haberler\/wp-json\/wp\/v2\/tags?post=74395"}],"curies":[{"name":"wp","href":"https:\/\/api.w.org\/{rel}","templated":true}]}}