{"id":74414,"date":"2025-01-27T08:47:08","date_gmt":"2025-01-27T08:47:08","guid":{"rendered":"http:\/\/e-ciftlik.com\/haberler\/egitim\/tuba-baskani-prof-dr-muzaffer-sekerden-bilimsel-diplomasi-aciklamasi\/"},"modified":"2025-01-27T08:47:08","modified_gmt":"2025-01-27T08:47:08","slug":"tuba-baskani-prof-dr-muzaffer-sekerden-bilimsel-diplomasi-aciklamasi","status":"publish","type":"post","link":"https:\/\/e-ciftlik.com\/haberler\/egitim\/tuba-baskani-prof-dr-muzaffer-sekerden-bilimsel-diplomasi-aciklamasi\/","title":{"rendered":"T\u00dcBA Ba\u015fkan\u0131 Prof. Dr. Muzaffer \u015eeker&#8217;den Bilimsel Diplomasi A\u00e7\u0131klamas\u0131"},"content":{"rendered":"<p>Prof. Dr. Muzaffer \u015eeker, T\u00dcBA&#8217;n\u0131n y\u0131l i\u00e7indeki proje ve faaliyetlerine ili\u015fkin a\u00e7\u0131klamalarda bulundu.<\/p>\n<p>T\u00dcBA&#8217;da 1993&#8217;ten beri d\u00fcnyadaki akademilerle i\u015fbirli\u011fi kapsam\u0131nda bilimsel diplomasi \u00f6rneklerine ili\u015fkin \u00e7al\u0131\u015fmalar yap\u0131ld\u0131\u011f\u0131n\u0131 anlatan \u015eeker, T\u00fcrkiye&#8217;deki ve d\u00fcnyadaki se\u00e7kin bilim insanlar\u0131yla ili\u015fkiler y\u00fcr\u00fct\u00fcld\u00fc\u011f\u00fcn\u00fc ve \u00fclkedeki nitelikli gen\u00e7 bilim insanlar\u0131n\u0131n desteklendi\u011fini ifade etti.<\/p>\n<p>Bu y\u0131l a\u011f\u0131rl\u0131kl\u0131 olarak \u00f6ncelikli devam eden projelere ve Cumhuriyet&#8217;in 100. y\u0131l\u0131 kutlamalar\u0131 \u00e7er\u00e7evesinde planlad\u0131klar\u0131 \u00e7al\u0131\u015fmalara \u00f6nem verdiklerini belirten \u015eeker, bu kapsamda 13 ciltlik &#8220;Milli M\u00fccadele&#8217;nin Yerel Tarihi&#8221; isimli eseri ve 6 ciltlik &#8220;T\u00fcrk Maarif Ansiklopedisi&#8221;ni tamamlad\u0131klar\u0131n\u0131 bildirdi.<\/p>\n<p>\u015eeker, tematik olarak 32 farkl\u0131 ba\u015fl\u0131kta 60&#8217;\u0131n \u00fczerinde eser bast\u0131klar\u0131na dikkati \u00e7ekerek, \u015f\u00f6yle konu\u015ftu:<\/p>\n<p>&#8220;Bunlar\u0131n i\u00e7erisinde nitelikli y\u00fcksek lisans, doktora d\u00fczeyinde ders kitab\u0131 olanlar ve \u00e7al\u0131\u015fma gruplar\u0131m\u0131z\u0131n raporlamas\u0131 \u015feklinde g\u00fcncel sorunlara y\u00f6nelik \u00e7al\u0131\u015fmalar da s\u00f6z konusu ve bu g\u00fcncel \u00e7al\u0131\u015fmalar\u0131 daha \u00e7ok \u00f6nemsiyoruz. \u0130klim de\u011fi\u015fikli\u011fi, \u00e7evre kirlili\u011fi, do\u011fal kaynaklar\u0131n sa\u011fl\u0131kl\u0131 kullan\u0131lmamas\u0131 ve sokak hayvanlar\u0131n\u0131n olu\u015fturdu\u011fu halk sa\u011fl\u0131\u011f\u0131 sorunlar\u0131 gibi bir\u00e7ok ba\u015fl\u0131kta \u00e7al\u0131\u015fmalar y\u00fcr\u00fct\u00fcyoruz. Benzer \u015fekilde y\u00fcr\u00fctm\u00fc\u015f oldu\u011fumuz \u00e7al\u0131\u015fmalar i\u00e7erisinde bizi yak\u0131ndan ilgilendiren d\u00fcnyadaki de\u011fi\u015fimlerle ilgili &#8216;Global Transformation and T\u00fcrkiye&#8217; ba\u015fl\u0131kl\u0131 \u0130ngilizce \u00e7al\u0131\u015fmam\u0131z bas\u0131ld\u0131.<\/p>\n<p>Asya Bilim Akademileri ve Topluluklar\u0131 Birli\u011fi ile y\u00fcr\u00fctt\u00fc\u011f\u00fcm\u00fcz farkl\u0131 \u00fclkelerdeki bilim insanlar\u0131yla ger\u00e7ekle\u015ftirdi\u011fimiz ortak \u00e7al\u0131\u015fmalar \u00e7er\u00e7evesindeki sempozyumlar\u0131 kitapla\u015ft\u0131rd\u0131k. Bunlar ciddi say\u0131 tutuyor ve bunlar\u0131n her birinin bilimsel \u00e7er\u00e7evesi ve &#8216;citation index&#8217; dedi\u011fimiz d\u00fcnyada kabul g\u00f6rm\u00fc\u015f bilimsel eserleri tarama sitesine dahil oldu\u011fu i\u00e7in uluslararas\u0131 yay\u0131nc\u0131l\u0131k anlam\u0131nda da t\u00fcm \u00e7al\u0131\u015fmalar\u0131m\u0131z kayda ge\u00e7mi\u015f oluyor. Periyodik ve periyodik olmayan \u00e7al\u0131\u015fmalarla her sene bu \u00e7al\u0131\u015fmalar\u0131m\u0131z\u0131 \u00fcst d\u00fczey ekiple y\u00fcr\u00fctmeye gayret ediyoruz.&#8221;<\/p>\n<p>&#8220;Bas\u0131lm\u0131\u015f 60 eser t\u00fcm \u00fcniversitelerimize ve se\u00e7kin k\u00fct\u00fcphanelerimize da\u011f\u0131t\u0131l\u0131yor&#8221;<\/p>\n<p>T\u00dcBA Ba\u015fkan\u0131 \u015eeker, \u00f6nem verdikleri bir di\u011fer \u00e7al\u0131\u015fman\u0131n da Cumhurba\u015fkan\u0131 Recep Tayyip Erdo\u011fan himayelerinde y\u00fcr\u00fctt\u00fckleri 10 y\u0131ldan fazlad\u0131r \u00fczerinde emek verilen ve \u015fu ana kadar 60 eserin bas\u0131ld\u0131\u011f\u0131 &#8220;T\u00fcrk-\u0130slam Bilim K\u00fclt\u00fcr Miras\u0131&#8221; projesi oldu\u011funu bildirdi.<\/p>\n<p>Proje kapsam\u0131nda bas\u0131lacak eser say\u0131s\u0131n\u0131 100&#8217;e \u00e7\u0131karmak i\u00e7in \u00e7al\u0131\u015fmalar\u0131n devam etti\u011fini vurgulayan \u015eeker, bunlar\u0131n bir\u00e7o\u011funun Sel\u00e7uklu ve Osmanl\u0131 d\u00f6nemi eserleri oldu\u011funu s\u00f6yledi.<\/p>\n<p>\u015eeker, \u015f\u00f6yle devam etti:<\/p>\n<p>&#8220;\u00d6zellikle Fars\u00e7a, Arap\u00e7a ve Osmanl\u0131ca T\u00fcrk\u00e7esi&#8217;nde yaz\u0131lm\u0131\u015f olan eserlerden t\u0131pk\u0131 bas\u0131m\u0131, benzer \u015fekilde \u015ferhli a\u00e7\u0131klamal\u0131 bas\u0131mlar\u0131 ve T\u00fcrk\u00e7e&#8217;nin de\u011fi\u015fken zaman dilimlerine ba\u011fl\u0131 g\u00fcncellenmesiyle bu eserlerin \u00f6zellikle gen\u00e7 nesiller taraf\u0131ndan okunmas\u0131n\u0131 sa\u011flayacak \u015fekilde akademik olan eserleri basm\u0131\u015f oluyoruz.<\/p>\n<p>Bunlar\u0131n i\u00e7erisinde &#8216;ila\u00e7 terkipleri&#8217; diye tan\u0131mlad\u0131\u011f\u0131m\u0131z eczac\u0131l\u0131ktan, botani\u011fe, Tarih-i Cevdet veya Osmanl\u0131&#8217;n\u0131n farkl\u0131 d\u00f6nemlerini anlatan tarih yazmalar\u0131n\u0131n yan\u0131 s\u0131ra gastronomiden uluslararas\u0131 ili\u015fkilere kadar, T\u00fcrk\u00e7eden Frans\u0131zca s\u00f6zl\u00fc\u011fe kadar bir\u00e7ok eser s\u00f6z konusu. Bu bas\u0131lm\u0131\u015f 60 eser t\u00fcm \u00fcniversitelerimize ve se\u00e7kin k\u00fct\u00fcphanelerimize da\u011f\u0131t\u0131l\u0131yor.&#8221;<\/p>\n<p>T\u00dcBA&#8217;n\u0131n &#8220;T\u00fcrk\u00e7e Bilim Terimleri S\u00f6zl\u00fckleri&#8221; \u00e7al\u0131\u015fmas\u0131n\u0131n Osmanl\u0131ca d\u00f6neminin bilim terimleri ile bug\u00fcn\u00fcn bilim terimleri aras\u0131nda k\u00f6pr\u00fc g\u00f6revi g\u00f6rd\u00fc\u011f\u00fcne dikkati \u00e7eken \u015eeker, bu do\u011frultuda fen ile m\u00fchendislik bilimleri terimleriyle ilgili s\u00f6zl\u00fc\u011f\u00fcn 600 akademisyen taraf\u0131ndan haz\u0131rland\u0131\u011f\u0131n\u0131 ve Osmanl\u0131 d\u00f6neminin a\u011f\u0131rl\u0131kl\u0131 diliyle olu\u015fturulan b\u00fcrokraside kullan\u0131lan sosyal bilim terimleri s\u00f6zl\u00fc\u011f\u00fcn\u00fc de g\u00fcncellediklerini s\u00f6yledi.<\/p>\n<p>&#8220;Her sene farkl\u0131 tematik alanda projelere \u00f6d\u00fcl deste\u011fi veriyoruz&#8221;<\/p>\n<p>\u015eeker, T\u00dcBA olarak bilim insanlar\u0131n\u0131 genellikle T\u00dcBA \u00fcyeleri, T\u00dcBA \u00dcst\u00fcn Ba\u015far\u0131l\u0131 Gen\u00e7 Bilim \u0130nsan\u0131 \u00d6d\u00fclleri Program\u0131 (T\u00dcBA-GEB\u0130P) \u00f6d\u00fcl\u00fc verdikleri gen\u00e7 bilim insanlar\u0131 ve akademi \u00f6d\u00fcl\u00fc alan se\u00e7kin bilim insanlar\u0131 \u00fczerinden desteklediklerini belirtti.<\/p>\n<p>Bu kapsamda bu y\u0131l T\u00dcBA-TEKNOFEST Doktora Bilim \u00d6d\u00fcl\u00fc ile doktora tezini tamamlam\u0131\u015f bir\u00e7ok ba\u015fvuru aras\u0131ndan tezinden nitelikli yay\u0131n ve patent \u00e7\u0131karan 13 ki\u015fiyi \u00f6d\u00fcllendirdiklerini aktaran \u015eeker, &#8220;Bu \u015fekliyle TEKNOFEST&#8217;i ilgilendiren ba\u015fl\u0131klarda \u00f6zellikle bilimsel anlamda elektronik, bilgisayar, yaz\u0131l\u0131m, yapay zeka, otomasyon ve benzeri alanlarda sa\u011fl\u0131ktan ziraate, savunma sanayisinden e\u011fitime kadar bir\u00e7ok farkl\u0131 ba\u015fl\u0131kta tez \u00e7al\u0131\u015fmalar\u0131 y\u00fcr\u00fct\u00fcl\u00fcyor. Bu tez \u00e7al\u0131\u015fmalar\u0131n\u0131n \u00f6d\u00fcllendirmesini yapm\u0131\u015f oluyoruz ki gen\u00e7ler heveslensin ve daha g\u00fczel \u00e7al\u0131\u015fmalara imza ats\u0131nlar.&#8221; diye konu\u015ftu.<\/p>\n<p>T\u00dcBA-GEB\u0130P ile gen\u00e7 bilim insanlar\u0131na sa\u011fl\u0131ktan fen ve m\u00fchendisli\u011fe, sosyal bilimlerden temel bilimlere kadar farkl\u0131 bilim disiplinlerine y\u00f6nelik \u00f6d\u00fcllerin verildi\u011fini anlatan \u015eeker, \u015f\u00f6yle konu\u015ftu:<\/p>\n<p>&#8220;Gen\u00e7 bilim insanlar\u0131m\u0131za ortalama 30 ila 35 \u00f6d\u00fcl olmak \u00fczere her sene farkl\u0131 tematik alanda projelere \u00f6d\u00fcl deste\u011fi veriyoruz. Bu \u00f6d\u00fcl yakla\u015f\u0131k 8 seneyi kapsayan bir \u00f6d\u00fcl oluyor. Bunun ilk 3 senesinde \u00f6d\u00fcl olarak nakli direkt yard\u0131mlar\u0131m\u0131z s\u00f6z konusu. Gen\u00e7ler bu \u00f6d\u00fclleri kendi \u00e7al\u0131\u015fmalar\u0131nda, projelerinde serbest \u015fekilde harcayabiliyorlar.<\/p>\n<p>Ayr\u0131ca, 4 sene boyunca da \u00f6d\u00fcl alm\u0131\u015f olan arkada\u015f\u0131m\u0131z\u0131n talebeleri de dahil olmak \u00fczere kendilerinin bilimsel etkinliklere \u00f6zellikle yurt d\u0131\u015f\u0131 etkinliklerine kat\u0131lmada seyahat deste\u011fi sa\u011fl\u0131yoruz.<\/p>\n<p>Benzer \u015fekilde onlar\u0131n yurt d\u0131\u015f\u0131ndan getirmek istedikleri akademisyenlerin de seyahat desteklerini kar\u015f\u0131lam\u0131\u015f ve bilimsel etkinliklerle T\u00fcrkiye&#8217;de verdikleri konferanslara, kat\u0131ld\u0131klar\u0131 sempozyumlara destek olmu\u015f oluyoruz. Bu ba\u011flamda 330&#8217;u a\u015fk\u0131n bilim insan\u0131n\u0131 50 milyon liray\u0131 a\u015fan rakamsal de\u011ferle 2024&#8217;te destekleme s\u00fcreci y\u00fcr\u00fctt\u00fck.&#8221;<\/p>\n<p>\u015eeker, ayr\u0131ca Cumhurba\u015fkanl\u0131\u011f\u0131 K\u00fclliyesi&#8217;ndeki 2024 T\u00dcBA ve T\u00dcB\u0130TAK Bilim \u00d6d\u00fclleri T\u00f6reni \u00e7er\u00e7evesinde Cumhurba\u015fkan\u0131 Erdo\u011fan&#8217;\u0131n elinden T\u00dcBA ad\u0131na 7 ki\u015fiye T\u00dcBA-TESEP, 20 \u00fcniversiteden 25 akademisyene T\u00dcBA-GEB\u0130P ve T\u00dcBA Uluslararas\u0131 Akademi \u00d6d\u00fclleri&#8217;nde ise 3 bran\u015fta 4 akademisyen olmak \u00fczere 36 ki\u015finin \u00f6d\u00fcl alaca\u011f\u0131n\u0131 belirterek, \u00f6d\u00fcle lay\u0131k g\u00f6r\u00fclenleri tebrik etti.<\/p>\n<p>Gelecek y\u0131l aile ve sosyal medya konular\u0131 da ele al\u0131nacak<\/p>\n<p>T\u00dcBA Ba\u015fkan\u0131 \u015eeker, y\u00fcr\u00fctt\u00fckleri bilimsel etkinlikleri yurt i\u00e7i ve d\u0131\u015f\u0131ndan alan yetkinli\u011fine sahip akademisyenler \u00fczerinden yapt\u0131klar\u0131n\u0131, bu etkinliklerde yetkin olan sivil toplum kurulu\u015flar\u0131 ve devlet ricalindeki yetkilileri de bir araya getirerek ortakla\u015fa multidisipliner toplant\u0131lar ger\u00e7ekle\u015ftirdiklerini ifade etti.<\/p>\n<p>Bu kapsamda 2024&#8217;te T\u00dcBA&#8217;n\u0131n tematik \u00e7al\u0131\u015fma gruplar\u0131n\u0131n organize etti\u011fi \u00e7evre ve iklim de\u011fi\u015fikli\u011fi yapay zeka, enerji, sa\u011fl\u0131k ile ticaret ba\u015fta olmak \u00fczere \u00e7al\u0131\u015ftay ve sempozyumlar ger\u00e7ekle\u015ftirdiklerini ifade eden \u015eeker, buralardaki \u00e7\u0131kt\u0131larla bir\u00e7ok rapor olu\u015fturduklar\u0131n\u0131 ve bu y\u0131l 3 binden fazla bilim insan\u0131n\u0131n etkinliklere davet edildi\u011fini anlatt\u0131.<\/p>\n<p>\u015eeker, T\u00fcrkiye ve d\u00fcnyada ekonomik \u00f6zg\u00fcrl\u00fckler, istihdam \u00e7e\u015fitlili\u011fi ve \u015fehirleraras\u0131 mobilizasyonun artmas\u0131na ba\u011fl\u0131 olarak aile kavram\u0131nda ciddi zay\u0131flama s\u00f6z konusu oldu\u011funu ve gelecek y\u0131l bu konuya ili\u015fkin \u00e7al\u0131\u015fmalar yapacaklar\u0131n\u0131 dile getirerek, \u015funlar\u0131 kaydetti:<\/p>\n<p>&#8220;\u00dclkemizin dire\u011fi sayd\u0131\u011f\u0131m\u0131z aileyi korumak hem anayasal g\u00f6rev hem de bunun ayakta kalabilmesi i\u00e7in yap\u0131lmas\u0131 gerekenleri belirlemek gerekiyor. Ailenin devaml\u0131l\u0131\u011f\u0131 ve \u00fclkenin be\u015feri sermayesi olan gen\u00e7 insanlar\u0131n sa\u011fl\u0131kl\u0131 yeti\u015ftirilebilmesine y\u00f6nelik ilgili payda\u015flarla ciddi sempozyum ger\u00e7ekle\u015ftirmeyi ve bunlar\u0131 masaya yat\u0131rmay\u0131 d\u00fc\u015f\u00fcn\u00fcyoruz.<\/p>\n<p>Sosyal medyayla ilgili yap\u0131lan d\u00fczenlemelerin hala yetersiz oldu\u011funu, yapay zekayla ortaya \u00e7\u0131kabilecek risk ve f\u0131rsatlar\u0131n da yeniden masaya yat\u0131r\u0131lmas\u0131 gerekti\u011fini d\u00fc\u015f\u00fcnerek bu konulardaki bilim insanlar\u0131n\u0131n \u00f6nerilerini, tavsiyelerini alarak raporlayaca\u011f\u0131m\u0131z birka\u00e7 sempozyumu ve \u00e7al\u0131\u015ftay\u0131 planlam\u0131\u015f durumday\u0131z; 2025&#8217;te bunlar\u0131 ger\u00e7ekle\u015ftirece\u011fiz.&#8221;<\/p>\n","protected":false},"excerpt":{"rendered":"<p>Prof. Dr. Muzaffer \u015eeker, T\u00dcBA&#8217;n\u0131n y\u0131l i\u00e7indeki proje ve faaliyetlerine ili\u015fkin a\u00e7\u0131klamalarda bulundu. T\u00dcBA&#8217;da 1993&#8217;ten&hellip;<\/p>\n","protected":false},"author":1,"featured_media":6469,"comment_status":"open","ping_status":"open","sticky":false,"template":"","format":"standard","meta":{"footnotes":""},"categories":[12],"tags":[],"class_list":["post-74414","post","type-post","status-publish","format-standard","has-post-thumbnail","hentry","category-egitim"],"yoast_head":"<!-- This site is optimized with the Yoast SEO Premium plugin v24.3 (Yoast SEO v27.4) - https:\/\/yoast.com\/product\/yoast-seo-premium-wordpress\/ -->\n<title>T\u00dcBA Ba\u015fkan\u0131 Prof. Dr. Muzaffer \u015eeker&#039;den Bilimsel Diplomasi A\u00e7\u0131klamas\u0131 - E-&Ccedil;\u0130FTL\u0130K HABER<\/title>\n<meta name=\"description\" content=\"Prof. Dr. Muzaffer \u015eeker, T\u00dcBA&#039;n\u0131n y\u0131l i\u00e7indeki proje ve faaliyetlerine ili\u015fkin a\u00e7\u0131klamalarda bulundu. T\u00dcBA&#039;da 1993&#039;ten beri d\u00fcnyadaki akademilerle\" \/>\n<meta name=\"robots\" content=\"index, follow, max-snippet:-1, max-image-preview:large, max-video-preview:-1\" \/>\n<link rel=\"canonical\" href=\"https:\/\/e-ciftlik.com\/haberler\/egitim\/tuba-baskani-prof-dr-muzaffer-sekerden-bilimsel-diplomasi-aciklamasi\/\" \/>\n<meta property=\"og:locale\" content=\"tr_TR\" \/>\n<meta property=\"og:type\" content=\"article\" \/>\n<meta property=\"og:title\" content=\"T\u00dcBA Ba\u015fkan\u0131 Prof. Dr. Muzaffer \u015eeker&#039;den Bilimsel Diplomasi A\u00e7\u0131klamas\u0131\" \/>\n<meta property=\"og:description\" content=\"Prof. Dr. Muzaffer \u015eeker, T\u00dcBA&#039;n\u0131n y\u0131l i\u00e7indeki proje ve faaliyetlerine ili\u015fkin a\u00e7\u0131klamalarda bulundu. T\u00dcBA&#039;da 1993&#039;ten beri d\u00fcnyadaki akademilerle\" \/>\n<meta property=\"og:url\" content=\"https:\/\/e-ciftlik.com\/haberler\/egitim\/tuba-baskani-prof-dr-muzaffer-sekerden-bilimsel-diplomasi-aciklamasi\/\" \/>\n<meta property=\"og:site_name\" content=\"E-&Ccedil;\u0130FTL\u0130K HABER\" \/>\n<meta property=\"article:publisher\" content=\"https:\/\/www.facebook.com\/eciftlikturkiye\" \/>\n<meta property=\"article:published_time\" content=\"2025-01-27T08:47:08+00:00\" \/>\n<meta property=\"og:image\" content=\"https:\/\/e-ciftlik.com\/haberler\/wp-content\/uploads\/2024\/06\/ogrenci-okul-universite-getty-1498472.jpg\" \/>\n\t<meta property=\"og:image:width\" content=\"1280\" \/>\n\t<meta property=\"og:image:height\" content=\"720\" \/>\n\t<meta property=\"og:image:type\" content=\"image\/jpeg\" \/>\n<meta name=\"author\" content=\"Haber Merkezi\" \/>\n<meta name=\"twitter:card\" content=\"summary_large_image\" \/>\n<meta name=\"twitter:creator\" content=\"@eciftlikresmi\" \/>\n<meta name=\"twitter:site\" content=\"@eciftlikresmi\" \/>\n<meta name=\"twitter:label1\" content=\"Yazan:\" \/>\n\t<meta name=\"twitter:data1\" content=\"Haber Merkezi\" \/>\n\t<meta name=\"twitter:label2\" content=\"Tahmini okuma s\u00fcresi\" \/>\n\t<meta name=\"twitter:data2\" content=\"7 dakika\" \/>\n<script type=\"application\/ld+json\" class=\"yoast-schema-graph\">{\"@context\":\"https:\\\/\\\/schema.org\",\"@graph\":[{\"@type\":\"NewsArticle\",\"@id\":\"https:\\\/\\\/e-ciftlik.com\\\/haberler\\\/egitim\\\/tuba-baskani-prof-dr-muzaffer-sekerden-bilimsel-diplomasi-aciklamasi\\\/#article\",\"isPartOf\":{\"@id\":\"https:\\\/\\\/e-ciftlik.com\\\/haberler\\\/egitim\\\/tuba-baskani-prof-dr-muzaffer-sekerden-bilimsel-diplomasi-aciklamasi\\\/\"},\"author\":{\"name\":\"Haber Merkezi\",\"@id\":\"https:\\\/\\\/e-ciftlik.com\\\/haberler\\\/#\\\/schema\\\/person\\\/d2f4fee3143d7f72be82cb887d51b00a\"},\"headline\":\"T\u00dcBA Ba\u015fkan\u0131 Prof. Dr. Muzaffer \u015eeker&#8217;den Bilimsel Diplomasi A\u00e7\u0131klamas\u0131\",\"datePublished\":\"2025-01-27T08:47:08+00:00\",\"mainEntityOfPage\":{\"@id\":\"https:\\\/\\\/e-ciftlik.com\\\/haberler\\\/egitim\\\/tuba-baskani-prof-dr-muzaffer-sekerden-bilimsel-diplomasi-aciklamasi\\\/\"},\"wordCount\":1409,\"commentCount\":0,\"publisher\":{\"@id\":\"https:\\\/\\\/e-ciftlik.com\\\/haberler\\\/#organization\"},\"image\":{\"@id\":\"https:\\\/\\\/e-ciftlik.com\\\/haberler\\\/egitim\\\/tuba-baskani-prof-dr-muzaffer-sekerden-bilimsel-diplomasi-aciklamasi\\\/#primaryimage\"},\"thumbnailUrl\":\"https:\\\/\\\/e-ciftlik.com\\\/haberler\\\/wp-content\\\/uploads\\\/2024\\\/06\\\/ogrenci-okul-universite-getty-1498472.jpg\",\"articleSection\":[\"E\u011fitim\"],\"inLanguage\":\"tr\",\"potentialAction\":[{\"@type\":\"CommentAction\",\"name\":\"Comment\",\"target\":[\"https:\\\/\\\/e-ciftlik.com\\\/haberler\\\/egitim\\\/tuba-baskani-prof-dr-muzaffer-sekerden-bilimsel-diplomasi-aciklamasi\\\/#respond\"]}]},{\"@type\":\"WebPage\",\"@id\":\"https:\\\/\\\/e-ciftlik.com\\\/haberler\\\/egitim\\\/tuba-baskani-prof-dr-muzaffer-sekerden-bilimsel-diplomasi-aciklamasi\\\/\",\"url\":\"https:\\\/\\\/e-ciftlik.com\\\/haberler\\\/egitim\\\/tuba-baskani-prof-dr-muzaffer-sekerden-bilimsel-diplomasi-aciklamasi\\\/\",\"name\":\"T\u00dcBA Ba\u015fkan\u0131 Prof. Dr. Muzaffer \u015eeker'den Bilimsel Diplomasi A\u00e7\u0131klamas\u0131 - E-&Ccedil;\u0130FTL\u0130K HABER\",\"isPartOf\":{\"@id\":\"https:\\\/\\\/e-ciftlik.com\\\/haberler\\\/#website\"},\"primaryImageOfPage\":{\"@id\":\"https:\\\/\\\/e-ciftlik.com\\\/haberler\\\/egitim\\\/tuba-baskani-prof-dr-muzaffer-sekerden-bilimsel-diplomasi-aciklamasi\\\/#primaryimage\"},\"image\":{\"@id\":\"https:\\\/\\\/e-ciftlik.com\\\/haberler\\\/egitim\\\/tuba-baskani-prof-dr-muzaffer-sekerden-bilimsel-diplomasi-aciklamasi\\\/#primaryimage\"},\"thumbnailUrl\":\"https:\\\/\\\/e-ciftlik.com\\\/haberler\\\/wp-content\\\/uploads\\\/2024\\\/06\\\/ogrenci-okul-universite-getty-1498472.jpg\",\"datePublished\":\"2025-01-27T08:47:08+00:00\",\"description\":\"Prof. Dr. Muzaffer \u015eeker, T\u00dcBA'n\u0131n y\u0131l i\u00e7indeki proje ve faaliyetlerine ili\u015fkin a\u00e7\u0131klamalarda bulundu. T\u00dcBA'da 1993'ten beri d\u00fcnyadaki akademilerle\",\"breadcrumb\":{\"@id\":\"https:\\\/\\\/e-ciftlik.com\\\/haberler\\\/egitim\\\/tuba-baskani-prof-dr-muzaffer-sekerden-bilimsel-diplomasi-aciklamasi\\\/#breadcrumb\"},\"inLanguage\":\"tr\",\"potentialAction\":[{\"@type\":\"ReadAction\",\"target\":[\"https:\\\/\\\/e-ciftlik.com\\\/haberler\\\/egitim\\\/tuba-baskani-prof-dr-muzaffer-sekerden-bilimsel-diplomasi-aciklamasi\\\/\"]}]},{\"@type\":\"ImageObject\",\"inLanguage\":\"tr\",\"@id\":\"https:\\\/\\\/e-ciftlik.com\\\/haberler\\\/egitim\\\/tuba-baskani-prof-dr-muzaffer-sekerden-bilimsel-diplomasi-aciklamasi\\\/#primaryimage\",\"url\":\"https:\\\/\\\/e-ciftlik.com\\\/haberler\\\/wp-content\\\/uploads\\\/2024\\\/06\\\/ogrenci-okul-universite-getty-1498472.jpg\",\"contentUrl\":\"https:\\\/\\\/e-ciftlik.com\\\/haberler\\\/wp-content\\\/uploads\\\/2024\\\/06\\\/ogrenci-okul-universite-getty-1498472.jpg\",\"width\":1280,\"height\":720},{\"@type\":\"BreadcrumbList\",\"@id\":\"https:\\\/\\\/e-ciftlik.com\\\/haberler\\\/egitim\\\/tuba-baskani-prof-dr-muzaffer-sekerden-bilimsel-diplomasi-aciklamasi\\\/#breadcrumb\",\"itemListElement\":[{\"@type\":\"ListItem\",\"position\":1,\"name\":\"Anasayfa\",\"item\":\"https:\\\/\\\/e-ciftlik.com\\\/haberler\\\/\"},{\"@type\":\"ListItem\",\"position\":2,\"name\":\"T\u00dcBA Ba\u015fkan\u0131 Prof. Dr. Muzaffer \u015eeker&#8217;den Bilimsel Diplomasi A\u00e7\u0131klamas\u0131\"}]},{\"@type\":\"WebSite\",\"@id\":\"https:\\\/\\\/e-ciftlik.com\\\/haberler\\\/#website\",\"url\":\"https:\\\/\\\/e-ciftlik.com\\\/haberler\\\/\",\"name\":\"E-\u00c7iftlik Haber | G\u00fcncel, Son Dakika Haberler, En Son Haber\",\"description\":\"\",\"publisher\":{\"@id\":\"https:\\\/\\\/e-ciftlik.com\\\/haberler\\\/#organization\"},\"potentialAction\":[{\"@type\":\"SearchAction\",\"target\":{\"@type\":\"EntryPoint\",\"urlTemplate\":\"https:\\\/\\\/e-ciftlik.com\\\/haberler\\\/?s={search_term_string}\"},\"query-input\":{\"@type\":\"PropertyValueSpecification\",\"valueRequired\":true,\"valueName\":\"search_term_string\"}}],\"inLanguage\":\"tr\"},{\"@type\":\"Organization\",\"@id\":\"https:\\\/\\\/e-ciftlik.com\\\/haberler\\\/#organization\",\"name\":\"E-\u00c7\u0130FTL\u0130K HABER\",\"url\":\"https:\\\/\\\/e-ciftlik.com\\\/haberler\\\/\",\"logo\":{\"@type\":\"ImageObject\",\"inLanguage\":\"tr\",\"@id\":\"https:\\\/\\\/e-ciftlik.com\\\/haberler\\\/#\\\/schema\\\/logo\\\/image\\\/\",\"url\":\"https:\\\/\\\/e-ciftlik.com\\\/haberler\\\/wp-content\\\/uploads\\\/2024\\\/06\\\/cropped-cropped-favicon-1-2.png\",\"contentUrl\":\"https:\\\/\\\/e-ciftlik.com\\\/haberler\\\/wp-content\\\/uploads\\\/2024\\\/06\\\/cropped-cropped-favicon-1-2.png\",\"width\":512,\"height\":512,\"caption\":\"E-\u00c7\u0130FTL\u0130K HABER\"},\"image\":{\"@id\":\"https:\\\/\\\/e-ciftlik.com\\\/haberler\\\/#\\\/schema\\\/logo\\\/image\\\/\"},\"sameAs\":[\"https:\\\/\\\/www.facebook.com\\\/eciftlikturkiye\",\"https:\\\/\\\/x.com\\\/eciftlikresmi\",\"https:\\\/\\\/www.instagram.com\\\/eciftlikresmi\\\/\"]},{\"@type\":\"Person\",\"@id\":\"https:\\\/\\\/e-ciftlik.com\\\/haberler\\\/#\\\/schema\\\/person\\\/d2f4fee3143d7f72be82cb887d51b00a\",\"name\":\"Haber Merkezi\",\"image\":{\"@type\":\"ImageObject\",\"inLanguage\":\"tr\",\"@id\":\"https:\\\/\\\/secure.gravatar.com\\\/avatar\\\/6c27d641914e66c1d0452c92716002398782818991d86db1c2cccb531e7c7c82?s=96&d=mm&r=g\",\"url\":\"https:\\\/\\\/secure.gravatar.com\\\/avatar\\\/6c27d641914e66c1d0452c92716002398782818991d86db1c2cccb531e7c7c82?s=96&d=mm&r=g\",\"contentUrl\":\"https:\\\/\\\/secure.gravatar.com\\\/avatar\\\/6c27d641914e66c1d0452c92716002398782818991d86db1c2cccb531e7c7c82?s=96&d=mm&r=g\",\"caption\":\"Haber Merkezi\"},\"sameAs\":[\"http:\\\/\\\/e-ciftlik.com\\\/haberler\"]}]}<\/script>\n<!-- \/ Yoast SEO Premium plugin. -->","yoast_head_json":{"title":"T\u00dcBA Ba\u015fkan\u0131 Prof. Dr. Muzaffer \u015eeker'den Bilimsel Diplomasi A\u00e7\u0131klamas\u0131 - E-&Ccedil;\u0130FTL\u0130K HABER","description":"Prof. Dr. Muzaffer \u015eeker, T\u00dcBA'n\u0131n y\u0131l i\u00e7indeki proje ve faaliyetlerine ili\u015fkin a\u00e7\u0131klamalarda bulundu. T\u00dcBA'da 1993'ten beri d\u00fcnyadaki akademilerle","robots":{"index":"index","follow":"follow","max-snippet":"max-snippet:-1","max-image-preview":"max-image-preview:large","max-video-preview":"max-video-preview:-1"},"canonical":"https:\/\/e-ciftlik.com\/haberler\/egitim\/tuba-baskani-prof-dr-muzaffer-sekerden-bilimsel-diplomasi-aciklamasi\/","og_locale":"tr_TR","og_type":"article","og_title":"T\u00dcBA Ba\u015fkan\u0131 Prof. Dr. Muzaffer \u015eeker'den Bilimsel Diplomasi A\u00e7\u0131klamas\u0131","og_description":"Prof. Dr. Muzaffer \u015eeker, T\u00dcBA'n\u0131n y\u0131l i\u00e7indeki proje ve faaliyetlerine ili\u015fkin a\u00e7\u0131klamalarda bulundu. T\u00dcBA'da 1993'ten beri d\u00fcnyadaki akademilerle","og_url":"https:\/\/e-ciftlik.com\/haberler\/egitim\/tuba-baskani-prof-dr-muzaffer-sekerden-bilimsel-diplomasi-aciklamasi\/","og_site_name":"E-&Ccedil;\u0130FTL\u0130K HABER","article_publisher":"https:\/\/www.facebook.com\/eciftlikturkiye","article_published_time":"2025-01-27T08:47:08+00:00","og_image":[{"width":1280,"height":720,"url":"https:\/\/e-ciftlik.com\/haberler\/wp-content\/uploads\/2024\/06\/ogrenci-okul-universite-getty-1498472.jpg","type":"image\/jpeg"}],"author":"Haber Merkezi","twitter_card":"summary_large_image","twitter_creator":"@eciftlikresmi","twitter_site":"@eciftlikresmi","twitter_misc":{"Yazan:":"Haber Merkezi","Tahmini okuma s\u00fcresi":"7 dakika"},"schema":{"@context":"https:\/\/schema.org","@graph":[{"@type":"NewsArticle","@id":"https:\/\/e-ciftlik.com\/haberler\/egitim\/tuba-baskani-prof-dr-muzaffer-sekerden-bilimsel-diplomasi-aciklamasi\/#article","isPartOf":{"@id":"https:\/\/e-ciftlik.com\/haberler\/egitim\/tuba-baskani-prof-dr-muzaffer-sekerden-bilimsel-diplomasi-aciklamasi\/"},"author":{"name":"Haber Merkezi","@id":"https:\/\/e-ciftlik.com\/haberler\/#\/schema\/person\/d2f4fee3143d7f72be82cb887d51b00a"},"headline":"T\u00dcBA Ba\u015fkan\u0131 Prof. Dr. Muzaffer \u015eeker&#8217;den Bilimsel Diplomasi A\u00e7\u0131klamas\u0131","datePublished":"2025-01-27T08:47:08+00:00","mainEntityOfPage":{"@id":"https:\/\/e-ciftlik.com\/haberler\/egitim\/tuba-baskani-prof-dr-muzaffer-sekerden-bilimsel-diplomasi-aciklamasi\/"},"wordCount":1409,"commentCount":0,"publisher":{"@id":"https:\/\/e-ciftlik.com\/haberler\/#organization"},"image":{"@id":"https:\/\/e-ciftlik.com\/haberler\/egitim\/tuba-baskani-prof-dr-muzaffer-sekerden-bilimsel-diplomasi-aciklamasi\/#primaryimage"},"thumbnailUrl":"https:\/\/e-ciftlik.com\/haberler\/wp-content\/uploads\/2024\/06\/ogrenci-okul-universite-getty-1498472.jpg","articleSection":["E\u011fitim"],"inLanguage":"tr","potentialAction":[{"@type":"CommentAction","name":"Comment","target":["https:\/\/e-ciftlik.com\/haberler\/egitim\/tuba-baskani-prof-dr-muzaffer-sekerden-bilimsel-diplomasi-aciklamasi\/#respond"]}]},{"@type":"WebPage","@id":"https:\/\/e-ciftlik.com\/haberler\/egitim\/tuba-baskani-prof-dr-muzaffer-sekerden-bilimsel-diplomasi-aciklamasi\/","url":"https:\/\/e-ciftlik.com\/haberler\/egitim\/tuba-baskani-prof-dr-muzaffer-sekerden-bilimsel-diplomasi-aciklamasi\/","name":"T\u00dcBA Ba\u015fkan\u0131 Prof. Dr. Muzaffer \u015eeker'den Bilimsel Diplomasi A\u00e7\u0131klamas\u0131 - E-&Ccedil;\u0130FTL\u0130K HABER","isPartOf":{"@id":"https:\/\/e-ciftlik.com\/haberler\/#website"},"primaryImageOfPage":{"@id":"https:\/\/e-ciftlik.com\/haberler\/egitim\/tuba-baskani-prof-dr-muzaffer-sekerden-bilimsel-diplomasi-aciklamasi\/#primaryimage"},"image":{"@id":"https:\/\/e-ciftlik.com\/haberler\/egitim\/tuba-baskani-prof-dr-muzaffer-sekerden-bilimsel-diplomasi-aciklamasi\/#primaryimage"},"thumbnailUrl":"https:\/\/e-ciftlik.com\/haberler\/wp-content\/uploads\/2024\/06\/ogrenci-okul-universite-getty-1498472.jpg","datePublished":"2025-01-27T08:47:08+00:00","description":"Prof. Dr. Muzaffer \u015eeker, T\u00dcBA'n\u0131n y\u0131l i\u00e7indeki proje ve faaliyetlerine ili\u015fkin a\u00e7\u0131klamalarda bulundu. T\u00dcBA'da 1993'ten beri d\u00fcnyadaki akademilerle","breadcrumb":{"@id":"https:\/\/e-ciftlik.com\/haberler\/egitim\/tuba-baskani-prof-dr-muzaffer-sekerden-bilimsel-diplomasi-aciklamasi\/#breadcrumb"},"inLanguage":"tr","potentialAction":[{"@type":"ReadAction","target":["https:\/\/e-ciftlik.com\/haberler\/egitim\/tuba-baskani-prof-dr-muzaffer-sekerden-bilimsel-diplomasi-aciklamasi\/"]}]},{"@type":"ImageObject","inLanguage":"tr","@id":"https:\/\/e-ciftlik.com\/haberler\/egitim\/tuba-baskani-prof-dr-muzaffer-sekerden-bilimsel-diplomasi-aciklamasi\/#primaryimage","url":"https:\/\/e-ciftlik.com\/haberler\/wp-content\/uploads\/2024\/06\/ogrenci-okul-universite-getty-1498472.jpg","contentUrl":"https:\/\/e-ciftlik.com\/haberler\/wp-content\/uploads\/2024\/06\/ogrenci-okul-universite-getty-1498472.jpg","width":1280,"height":720},{"@type":"BreadcrumbList","@id":"https:\/\/e-ciftlik.com\/haberler\/egitim\/tuba-baskani-prof-dr-muzaffer-sekerden-bilimsel-diplomasi-aciklamasi\/#breadcrumb","itemListElement":[{"@type":"ListItem","position":1,"name":"Anasayfa","item":"https:\/\/e-ciftlik.com\/haberler\/"},{"@type":"ListItem","position":2,"name":"T\u00dcBA Ba\u015fkan\u0131 Prof. Dr. Muzaffer \u015eeker&#8217;den Bilimsel Diplomasi A\u00e7\u0131klamas\u0131"}]},{"@type":"WebSite","@id":"https:\/\/e-ciftlik.com\/haberler\/#website","url":"https:\/\/e-ciftlik.com\/haberler\/","name":"E-\u00c7iftlik Haber | G\u00fcncel, Son Dakika Haberler, En Son Haber","description":"","publisher":{"@id":"https:\/\/e-ciftlik.com\/haberler\/#organization"},"potentialAction":[{"@type":"SearchAction","target":{"@type":"EntryPoint","urlTemplate":"https:\/\/e-ciftlik.com\/haberler\/?s={search_term_string}"},"query-input":{"@type":"PropertyValueSpecification","valueRequired":true,"valueName":"search_term_string"}}],"inLanguage":"tr"},{"@type":"Organization","@id":"https:\/\/e-ciftlik.com\/haberler\/#organization","name":"E-\u00c7\u0130FTL\u0130K HABER","url":"https:\/\/e-ciftlik.com\/haberler\/","logo":{"@type":"ImageObject","inLanguage":"tr","@id":"https:\/\/e-ciftlik.com\/haberler\/#\/schema\/logo\/image\/","url":"https:\/\/e-ciftlik.com\/haberler\/wp-content\/uploads\/2024\/06\/cropped-cropped-favicon-1-2.png","contentUrl":"https:\/\/e-ciftlik.com\/haberler\/wp-content\/uploads\/2024\/06\/cropped-cropped-favicon-1-2.png","width":512,"height":512,"caption":"E-\u00c7\u0130FTL\u0130K HABER"},"image":{"@id":"https:\/\/e-ciftlik.com\/haberler\/#\/schema\/logo\/image\/"},"sameAs":["https:\/\/www.facebook.com\/eciftlikturkiye","https:\/\/x.com\/eciftlikresmi","https:\/\/www.instagram.com\/eciftlikresmi\/"]},{"@type":"Person","@id":"https:\/\/e-ciftlik.com\/haberler\/#\/schema\/person\/d2f4fee3143d7f72be82cb887d51b00a","name":"Haber Merkezi","image":{"@type":"ImageObject","inLanguage":"tr","@id":"https:\/\/secure.gravatar.com\/avatar\/6c27d641914e66c1d0452c92716002398782818991d86db1c2cccb531e7c7c82?s=96&d=mm&r=g","url":"https:\/\/secure.gravatar.com\/avatar\/6c27d641914e66c1d0452c92716002398782818991d86db1c2cccb531e7c7c82?s=96&d=mm&r=g","contentUrl":"https:\/\/secure.gravatar.com\/avatar\/6c27d641914e66c1d0452c92716002398782818991d86db1c2cccb531e7c7c82?s=96&d=mm&r=g","caption":"Haber Merkezi"},"sameAs":["http:\/\/e-ciftlik.com\/haberler"]}]}},"_links":{"self":[{"href":"https:\/\/e-ciftlik.com\/haberler\/wp-json\/wp\/v2\/posts\/74414","targetHints":{"allow":["GET"]}}],"collection":[{"href":"https:\/\/e-ciftlik.com\/haberler\/wp-json\/wp\/v2\/posts"}],"about":[{"href":"https:\/\/e-ciftlik.com\/haberler\/wp-json\/wp\/v2\/types\/post"}],"author":[{"embeddable":true,"href":"https:\/\/e-ciftlik.com\/haberler\/wp-json\/wp\/v2\/users\/1"}],"replies":[{"embeddable":true,"href":"https:\/\/e-ciftlik.com\/haberler\/wp-json\/wp\/v2\/comments?post=74414"}],"version-history":[{"count":0,"href":"https:\/\/e-ciftlik.com\/haberler\/wp-json\/wp\/v2\/posts\/74414\/revisions"}],"wp:featuredmedia":[{"embeddable":true,"href":"https:\/\/e-ciftlik.com\/haberler\/wp-json\/wp\/v2\/media\/6469"}],"wp:attachment":[{"href":"https:\/\/e-ciftlik.com\/haberler\/wp-json\/wp\/v2\/media?parent=74414"}],"wp:term":[{"taxonomy":"category","embeddable":true,"href":"https:\/\/e-ciftlik.com\/haberler\/wp-json\/wp\/v2\/categories?post=74414"},{"taxonomy":"post_tag","embeddable":true,"href":"https:\/\/e-ciftlik.com\/haberler\/wp-json\/wp\/v2\/tags?post=74414"}],"curies":[{"name":"wp","href":"https:\/\/api.w.org\/{rel}","templated":true}]}}