{"id":74417,"date":"2025-01-27T08:51:37","date_gmt":"2025-01-27T08:51:37","guid":{"rendered":"http:\/\/e-ciftlik.com\/haberler\/spor\/solskjaerden-ilk-aciklama-ogrenme-surecindeyiz\/"},"modified":"2025-01-27T08:51:37","modified_gmt":"2025-01-27T08:51:37","slug":"solskjaerden-ilk-aciklama-ogrenme-surecindeyiz","status":"publish","type":"post","link":"https:\/\/e-ciftlik.com\/haberler\/spor\/solskjaerden-ilk-aciklama-ogrenme-surecindeyiz\/","title":{"rendered":"&#8220;Solskjaer&#8217;den \u0130lk A\u00e7\u0131klama: &#8216;\u00d6\u011frenme S\u00fcrecindeyiz!'&#8221;"},"content":{"rendered":"<p> Be\u015fikta\u015f Futbol Tak\u0131m\u0131, Trendyol S\u00fcper Lig&#8217;in 21. haftas\u0131nda Antalyaspor deplasman\u0131na konuk oldu. Ma\u00e7, Be\u015fikta\u015f&#8217;\u0131n yeni teknik direkt\u00f6r\u00fc Ole Gunnar Solskjaer y\u00f6netiminde oynand\u0131 ve 1-1 berabere sonu\u00e7land\u0131.<\/p>\n<p>Ma\u00e7\u0131n ard\u0131ndan teknik direkt\u00f6r Ole Gunnar Solskjaer, bas\u0131n mensuplar\u0131na a\u00e7\u0131klamalarda bulundu. Solskjaer, &#8220;Emre Bel\u00f6zo\u011flu&#8217;nun ev sahibi olarak ilk ma\u00e7\u0131yd\u0131 ve bu sebeple bask\u0131l\u0131 bir oyun bekliyorduk. Rakibimiz bask\u0131l\u0131 bir oyun sergiledi. Ma\u00e7\u0131n ilk 15 dakikas\u0131nda k\u00f6t\u00fc ba\u015flad\u0131k ancak daha sonra kontrol\u00fc ele ald\u0131k. Ancak kendi yar\u0131 saham\u0131zda top kay\u0131plar\u0131 yaparak rakibe avantaj sa\u011flad\u0131k. Bu durum bizim i\u00e7in olumlu de\u011fildi. Tak\u0131m olarak daha h\u0131zl\u0131 ve ileriye do\u011fru oynamal\u0131y\u0131z. Ben de s\u00fcrekli \u00f6\u011frenme halindeyim. Oyuncular\u0131m\u0131n performans\u0131n\u0131 anlamak ad\u0131na dersler \u00e7\u0131kar\u0131yorum.&#8221; \u015feklinde konu\u015ftu.<\/p>\n<p>Ayr\u0131ca, Norve\u00e7li teknik adam Cher Ndour&#8217;un Paris Saint-Germain&#8217;e d\u00f6n\u00fc\u015f haberleri ve gelecek transferler hakk\u0131nda da a\u00e7\u0131klamalarda bulundu. Solskjaer, &#8220;Kadroda 14 yabanc\u0131 oyuncumuz bulunuyor. Lig kurallar\u0131 gere\u011fi sadece 12 yabanc\u0131 oyuncu kadroya al\u0131nabiliyor. Bu sebeple Cher Ndour&#8217;u kadro d\u0131\u015f\u0131 b\u0131rakmak zorunda kald\u0131k. Kendisi kiral\u0131k bir oyuncu. Durumu hakk\u0131nda net bir bilgim yok ancak transfer \u00e7al\u0131\u015fmalar\u0131m\u0131z devam ediyor. Sakatl\u0131klar nedeniyle defans hatt\u0131nda zorluk ya\u015fad\u0131k ve yeni oyuncularla ilgili planlar\u0131m\u0131z\u0131 ba\u015fkanla g\u00f6r\u00fc\u015f\u00fcyoruz.&#8221; ifadelerini kulland\u0131.<\/p>\n<p>Son olarak, Solskjaer UEFA Avrupa Ligi&#8217;nde Twente ile oynayacaklar\u0131 ma\u00e7a da de\u011findi. Norve\u00e7li teknik adam, &#8220;Twente ma\u00e7\u0131 olduk\u00e7a \u00f6nemli. Kazanmak zorunday\u0131z ve bu hedefe ula\u015fmak i\u00e7in oraya odaklanm\u0131\u015f durumday\u0131z. Sakatlar\u0131n durumunu g\u00f6z \u00f6n\u00fcnde bulundurarak \u00c7ar\u015famba g\u00fcn\u00fc haz\u0131r bir \u015fekilde m\u00fccadele edece\u011fiz.&#8221; dedi.<\/p>\n","protected":false},"excerpt":{"rendered":"<p>Be\u015fikta\u015f Futbol Tak\u0131m\u0131, Trendyol S\u00fcper Lig&#8217;in 21. haftas\u0131nda Antalyaspor deplasman\u0131na konuk oldu. Ma\u00e7, Be\u015fikta\u015f&#8217;\u0131n yeni&hellip;<\/p>\n","protected":false},"author":1,"featured_media":74418,"comment_status":"open","ping_status":"open","sticky":false,"template":"","format":"standard","meta":{"footnotes":""},"categories":[7],"tags":[],"class_list":["post-74417","post","type-post","status-publish","format-standard","has-post-thumbnail","hentry","category-spor"],"yoast_head":"<!-- This site is optimized with the Yoast SEO Premium plugin v24.3 (Yoast SEO v27.4) - https:\/\/yoast.com\/product\/yoast-seo-premium-wordpress\/ -->\n<title>&quot;Solskjaer&#039;den \u0130lk A\u00e7\u0131klama: &#039;\u00d6\u011frenme S\u00fcrecindeyiz!&#039;&quot; - E-&Ccedil;\u0130FTL\u0130K HABER<\/title>\n<meta name=\"description\" content=\"Be\u015fikta\u015f Futbol Tak\u0131m\u0131, Trendyol S\u00fcper Lig&#039;in 21. haftas\u0131nda Antalyaspor deplasman\u0131na konuk oldu. Ma\u00e7, Be\u015fikta\u015f&#039;\u0131n yeni teknik direkt\u00f6r\u00fc Ole Gunnar\" \/>\n<meta name=\"robots\" content=\"index, follow, max-snippet:-1, max-image-preview:large, max-video-preview:-1\" \/>\n<link rel=\"canonical\" href=\"https:\/\/e-ciftlik.com\/haberler\/spor\/solskjaerden-ilk-aciklama-ogrenme-surecindeyiz\/\" \/>\n<meta property=\"og:locale\" content=\"tr_TR\" \/>\n<meta property=\"og:type\" content=\"article\" \/>\n<meta property=\"og:title\" content=\"&quot;Solskjaer&#039;den \u0130lk A\u00e7\u0131klama: &#039;\u00d6\u011frenme S\u00fcrecindeyiz!&#039;&quot;\" \/>\n<meta property=\"og:description\" content=\"Be\u015fikta\u015f Futbol Tak\u0131m\u0131, Trendyol S\u00fcper Lig&#039;in 21. haftas\u0131nda Antalyaspor deplasman\u0131na konuk oldu. Ma\u00e7, Be\u015fikta\u015f&#039;\u0131n yeni teknik direkt\u00f6r\u00fc Ole Gunnar\" \/>\n<meta property=\"og:url\" content=\"https:\/\/e-ciftlik.com\/haberler\/spor\/solskjaerden-ilk-aciklama-ogrenme-surecindeyiz\/\" \/>\n<meta property=\"og:site_name\" content=\"E-&Ccedil;\u0130FTL\u0130K HABER\" \/>\n<meta property=\"article:publisher\" content=\"https:\/\/www.facebook.com\/eciftlikturkiye\" \/>\n<meta property=\"article:published_time\" content=\"2025-01-27T08:51:37+00:00\" \/>\n<meta property=\"og:image\" content=\"https:\/\/e-ciftlik.com\/haberler\/wp-content\/uploads\/2025\/01\/1737967899_1200x628.jpeg\" \/>\n\t<meta property=\"og:image:width\" content=\"1200\" \/>\n\t<meta property=\"og:image:height\" content=\"628\" \/>\n\t<meta property=\"og:image:type\" content=\"image\/jpeg\" \/>\n<meta name=\"author\" content=\"Haber Merkezi\" \/>\n<meta name=\"twitter:card\" content=\"summary_large_image\" \/>\n<meta name=\"twitter:creator\" content=\"@eciftlikresmi\" \/>\n<meta name=\"twitter:site\" content=\"@eciftlikresmi\" \/>\n<meta name=\"twitter:label1\" content=\"Yazan:\" \/>\n\t<meta name=\"twitter:data1\" content=\"Haber Merkezi\" \/>\n\t<meta name=\"twitter:label2\" content=\"Tahmini okuma s\u00fcresi\" \/>\n\t<meta name=\"twitter:data2\" content=\"2 dakika\" \/>\n<script type=\"application\/ld+json\" class=\"yoast-schema-graph\">{\"@context\":\"https:\\\/\\\/schema.org\",\"@graph\":[{\"@type\":\"NewsArticle\",\"@id\":\"https:\\\/\\\/e-ciftlik.com\\\/haberler\\\/spor\\\/solskjaerden-ilk-aciklama-ogrenme-surecindeyiz\\\/#article\",\"isPartOf\":{\"@id\":\"https:\\\/\\\/e-ciftlik.com\\\/haberler\\\/spor\\\/solskjaerden-ilk-aciklama-ogrenme-surecindeyiz\\\/\"},\"author\":{\"name\":\"Haber Merkezi\",\"@id\":\"https:\\\/\\\/e-ciftlik.com\\\/haberler\\\/#\\\/schema\\\/person\\\/d2f4fee3143d7f72be82cb887d51b00a\"},\"headline\":\"&#8220;Solskjaer&#8217;den \u0130lk A\u00e7\u0131klama: &#8216;\u00d6\u011frenme S\u00fcrecindeyiz!'&#8221;\",\"datePublished\":\"2025-01-27T08:51:37+00:00\",\"mainEntityOfPage\":{\"@id\":\"https:\\\/\\\/e-ciftlik.com\\\/haberler\\\/spor\\\/solskjaerden-ilk-aciklama-ogrenme-surecindeyiz\\\/\"},\"wordCount\":313,\"commentCount\":0,\"publisher\":{\"@id\":\"https:\\\/\\\/e-ciftlik.com\\\/haberler\\\/#organization\"},\"image\":{\"@id\":\"https:\\\/\\\/e-ciftlik.com\\\/haberler\\\/spor\\\/solskjaerden-ilk-aciklama-ogrenme-surecindeyiz\\\/#primaryimage\"},\"thumbnailUrl\":\"https:\\\/\\\/e-ciftlik.com\\\/haberler\\\/wp-content\\\/uploads\\\/2025\\\/01\\\/1737967899_1200x628.jpeg\",\"articleSection\":[\"Spor\"],\"inLanguage\":\"tr\",\"potentialAction\":[{\"@type\":\"CommentAction\",\"name\":\"Comment\",\"target\":[\"https:\\\/\\\/e-ciftlik.com\\\/haberler\\\/spor\\\/solskjaerden-ilk-aciklama-ogrenme-surecindeyiz\\\/#respond\"]}]},{\"@type\":\"WebPage\",\"@id\":\"https:\\\/\\\/e-ciftlik.com\\\/haberler\\\/spor\\\/solskjaerden-ilk-aciklama-ogrenme-surecindeyiz\\\/\",\"url\":\"https:\\\/\\\/e-ciftlik.com\\\/haberler\\\/spor\\\/solskjaerden-ilk-aciklama-ogrenme-surecindeyiz\\\/\",\"name\":\"\\\"Solskjaer'den \u0130lk A\u00e7\u0131klama: '\u00d6\u011frenme S\u00fcrecindeyiz!'\\\" - E-&Ccedil;\u0130FTL\u0130K HABER\",\"isPartOf\":{\"@id\":\"https:\\\/\\\/e-ciftlik.com\\\/haberler\\\/#website\"},\"primaryImageOfPage\":{\"@id\":\"https:\\\/\\\/e-ciftlik.com\\\/haberler\\\/spor\\\/solskjaerden-ilk-aciklama-ogrenme-surecindeyiz\\\/#primaryimage\"},\"image\":{\"@id\":\"https:\\\/\\\/e-ciftlik.com\\\/haberler\\\/spor\\\/solskjaerden-ilk-aciklama-ogrenme-surecindeyiz\\\/#primaryimage\"},\"thumbnailUrl\":\"https:\\\/\\\/e-ciftlik.com\\\/haberler\\\/wp-content\\\/uploads\\\/2025\\\/01\\\/1737967899_1200x628.jpeg\",\"datePublished\":\"2025-01-27T08:51:37+00:00\",\"description\":\"Be\u015fikta\u015f Futbol Tak\u0131m\u0131, Trendyol S\u00fcper Lig'in 21. haftas\u0131nda Antalyaspor deplasman\u0131na konuk oldu. Ma\u00e7, Be\u015fikta\u015f'\u0131n yeni teknik direkt\u00f6r\u00fc Ole Gunnar\",\"breadcrumb\":{\"@id\":\"https:\\\/\\\/e-ciftlik.com\\\/haberler\\\/spor\\\/solskjaerden-ilk-aciklama-ogrenme-surecindeyiz\\\/#breadcrumb\"},\"inLanguage\":\"tr\",\"potentialAction\":[{\"@type\":\"ReadAction\",\"target\":[\"https:\\\/\\\/e-ciftlik.com\\\/haberler\\\/spor\\\/solskjaerden-ilk-aciklama-ogrenme-surecindeyiz\\\/\"]}]},{\"@type\":\"ImageObject\",\"inLanguage\":\"tr\",\"@id\":\"https:\\\/\\\/e-ciftlik.com\\\/haberler\\\/spor\\\/solskjaerden-ilk-aciklama-ogrenme-surecindeyiz\\\/#primaryimage\",\"url\":\"https:\\\/\\\/e-ciftlik.com\\\/haberler\\\/wp-content\\\/uploads\\\/2025\\\/01\\\/1737967899_1200x628.jpeg\",\"contentUrl\":\"https:\\\/\\\/e-ciftlik.com\\\/haberler\\\/wp-content\\\/uploads\\\/2025\\\/01\\\/1737967899_1200x628.jpeg\",\"width\":1200,\"height\":628},{\"@type\":\"BreadcrumbList\",\"@id\":\"https:\\\/\\\/e-ciftlik.com\\\/haberler\\\/spor\\\/solskjaerden-ilk-aciklama-ogrenme-surecindeyiz\\\/#breadcrumb\",\"itemListElement\":[{\"@type\":\"ListItem\",\"position\":1,\"name\":\"Anasayfa\",\"item\":\"https:\\\/\\\/e-ciftlik.com\\\/haberler\\\/\"},{\"@type\":\"ListItem\",\"position\":2,\"name\":\"&#8220;Solskjaer&#8217;den \u0130lk A\u00e7\u0131klama: &#8216;\u00d6\u011frenme S\u00fcrecindeyiz!'&#8221;\"}]},{\"@type\":\"WebSite\",\"@id\":\"https:\\\/\\\/e-ciftlik.com\\\/haberler\\\/#website\",\"url\":\"https:\\\/\\\/e-ciftlik.com\\\/haberler\\\/\",\"name\":\"E-\u00c7iftlik Haber | G\u00fcncel, Son Dakika Haberler, En Son Haber\",\"description\":\"\",\"publisher\":{\"@id\":\"https:\\\/\\\/e-ciftlik.com\\\/haberler\\\/#organization\"},\"potentialAction\":[{\"@type\":\"SearchAction\",\"target\":{\"@type\":\"EntryPoint\",\"urlTemplate\":\"https:\\\/\\\/e-ciftlik.com\\\/haberler\\\/?s={search_term_string}\"},\"query-input\":{\"@type\":\"PropertyValueSpecification\",\"valueRequired\":true,\"valueName\":\"search_term_string\"}}],\"inLanguage\":\"tr\"},{\"@type\":\"Organization\",\"@id\":\"https:\\\/\\\/e-ciftlik.com\\\/haberler\\\/#organization\",\"name\":\"E-\u00c7\u0130FTL\u0130K HABER\",\"url\":\"https:\\\/\\\/e-ciftlik.com\\\/haberler\\\/\",\"logo\":{\"@type\":\"ImageObject\",\"inLanguage\":\"tr\",\"@id\":\"https:\\\/\\\/e-ciftlik.com\\\/haberler\\\/#\\\/schema\\\/logo\\\/image\\\/\",\"url\":\"https:\\\/\\\/e-ciftlik.com\\\/haberler\\\/wp-content\\\/uploads\\\/2024\\\/06\\\/cropped-cropped-favicon-1-2.png\",\"contentUrl\":\"https:\\\/\\\/e-ciftlik.com\\\/haberler\\\/wp-content\\\/uploads\\\/2024\\\/06\\\/cropped-cropped-favicon-1-2.png\",\"width\":512,\"height\":512,\"caption\":\"E-\u00c7\u0130FTL\u0130K HABER\"},\"image\":{\"@id\":\"https:\\\/\\\/e-ciftlik.com\\\/haberler\\\/#\\\/schema\\\/logo\\\/image\\\/\"},\"sameAs\":[\"https:\\\/\\\/www.facebook.com\\\/eciftlikturkiye\",\"https:\\\/\\\/x.com\\\/eciftlikresmi\",\"https:\\\/\\\/www.instagram.com\\\/eciftlikresmi\\\/\"]},{\"@type\":\"Person\",\"@id\":\"https:\\\/\\\/e-ciftlik.com\\\/haberler\\\/#\\\/schema\\\/person\\\/d2f4fee3143d7f72be82cb887d51b00a\",\"name\":\"Haber Merkezi\",\"image\":{\"@type\":\"ImageObject\",\"inLanguage\":\"tr\",\"@id\":\"https:\\\/\\\/secure.gravatar.com\\\/avatar\\\/6c27d641914e66c1d0452c92716002398782818991d86db1c2cccb531e7c7c82?s=96&d=mm&r=g\",\"url\":\"https:\\\/\\\/secure.gravatar.com\\\/avatar\\\/6c27d641914e66c1d0452c92716002398782818991d86db1c2cccb531e7c7c82?s=96&d=mm&r=g\",\"contentUrl\":\"https:\\\/\\\/secure.gravatar.com\\\/avatar\\\/6c27d641914e66c1d0452c92716002398782818991d86db1c2cccb531e7c7c82?s=96&d=mm&r=g\",\"caption\":\"Haber Merkezi\"},\"sameAs\":[\"http:\\\/\\\/e-ciftlik.com\\\/haberler\"]}]}<\/script>\n<!-- \/ Yoast SEO Premium plugin. -->","yoast_head_json":{"title":"\"Solskjaer'den \u0130lk A\u00e7\u0131klama: '\u00d6\u011frenme S\u00fcrecindeyiz!'\" - E-&Ccedil;\u0130FTL\u0130K HABER","description":"Be\u015fikta\u015f Futbol Tak\u0131m\u0131, Trendyol S\u00fcper Lig'in 21. haftas\u0131nda Antalyaspor deplasman\u0131na konuk oldu. Ma\u00e7, Be\u015fikta\u015f'\u0131n yeni teknik direkt\u00f6r\u00fc Ole Gunnar","robots":{"index":"index","follow":"follow","max-snippet":"max-snippet:-1","max-image-preview":"max-image-preview:large","max-video-preview":"max-video-preview:-1"},"canonical":"https:\/\/e-ciftlik.com\/haberler\/spor\/solskjaerden-ilk-aciklama-ogrenme-surecindeyiz\/","og_locale":"tr_TR","og_type":"article","og_title":"\"Solskjaer'den \u0130lk A\u00e7\u0131klama: '\u00d6\u011frenme S\u00fcrecindeyiz!'\"","og_description":"Be\u015fikta\u015f Futbol Tak\u0131m\u0131, Trendyol S\u00fcper Lig'in 21. haftas\u0131nda Antalyaspor deplasman\u0131na konuk oldu. Ma\u00e7, Be\u015fikta\u015f'\u0131n yeni teknik direkt\u00f6r\u00fc Ole Gunnar","og_url":"https:\/\/e-ciftlik.com\/haberler\/spor\/solskjaerden-ilk-aciklama-ogrenme-surecindeyiz\/","og_site_name":"E-&Ccedil;\u0130FTL\u0130K HABER","article_publisher":"https:\/\/www.facebook.com\/eciftlikturkiye","article_published_time":"2025-01-27T08:51:37+00:00","og_image":[{"width":1200,"height":628,"url":"https:\/\/e-ciftlik.com\/haberler\/wp-content\/uploads\/2025\/01\/1737967899_1200x628.jpeg","type":"image\/jpeg"}],"author":"Haber Merkezi","twitter_card":"summary_large_image","twitter_creator":"@eciftlikresmi","twitter_site":"@eciftlikresmi","twitter_misc":{"Yazan:":"Haber Merkezi","Tahmini okuma s\u00fcresi":"2 dakika"},"schema":{"@context":"https:\/\/schema.org","@graph":[{"@type":"NewsArticle","@id":"https:\/\/e-ciftlik.com\/haberler\/spor\/solskjaerden-ilk-aciklama-ogrenme-surecindeyiz\/#article","isPartOf":{"@id":"https:\/\/e-ciftlik.com\/haberler\/spor\/solskjaerden-ilk-aciklama-ogrenme-surecindeyiz\/"},"author":{"name":"Haber Merkezi","@id":"https:\/\/e-ciftlik.com\/haberler\/#\/schema\/person\/d2f4fee3143d7f72be82cb887d51b00a"},"headline":"&#8220;Solskjaer&#8217;den \u0130lk A\u00e7\u0131klama: &#8216;\u00d6\u011frenme S\u00fcrecindeyiz!'&#8221;","datePublished":"2025-01-27T08:51:37+00:00","mainEntityOfPage":{"@id":"https:\/\/e-ciftlik.com\/haberler\/spor\/solskjaerden-ilk-aciklama-ogrenme-surecindeyiz\/"},"wordCount":313,"commentCount":0,"publisher":{"@id":"https:\/\/e-ciftlik.com\/haberler\/#organization"},"image":{"@id":"https:\/\/e-ciftlik.com\/haberler\/spor\/solskjaerden-ilk-aciklama-ogrenme-surecindeyiz\/#primaryimage"},"thumbnailUrl":"https:\/\/e-ciftlik.com\/haberler\/wp-content\/uploads\/2025\/01\/1737967899_1200x628.jpeg","articleSection":["Spor"],"inLanguage":"tr","potentialAction":[{"@type":"CommentAction","name":"Comment","target":["https:\/\/e-ciftlik.com\/haberler\/spor\/solskjaerden-ilk-aciklama-ogrenme-surecindeyiz\/#respond"]}]},{"@type":"WebPage","@id":"https:\/\/e-ciftlik.com\/haberler\/spor\/solskjaerden-ilk-aciklama-ogrenme-surecindeyiz\/","url":"https:\/\/e-ciftlik.com\/haberler\/spor\/solskjaerden-ilk-aciklama-ogrenme-surecindeyiz\/","name":"\"Solskjaer'den \u0130lk A\u00e7\u0131klama: '\u00d6\u011frenme S\u00fcrecindeyiz!'\" - E-&Ccedil;\u0130FTL\u0130K HABER","isPartOf":{"@id":"https:\/\/e-ciftlik.com\/haberler\/#website"},"primaryImageOfPage":{"@id":"https:\/\/e-ciftlik.com\/haberler\/spor\/solskjaerden-ilk-aciklama-ogrenme-surecindeyiz\/#primaryimage"},"image":{"@id":"https:\/\/e-ciftlik.com\/haberler\/spor\/solskjaerden-ilk-aciklama-ogrenme-surecindeyiz\/#primaryimage"},"thumbnailUrl":"https:\/\/e-ciftlik.com\/haberler\/wp-content\/uploads\/2025\/01\/1737967899_1200x628.jpeg","datePublished":"2025-01-27T08:51:37+00:00","description":"Be\u015fikta\u015f Futbol Tak\u0131m\u0131, Trendyol S\u00fcper Lig'in 21. haftas\u0131nda Antalyaspor deplasman\u0131na konuk oldu. Ma\u00e7, Be\u015fikta\u015f'\u0131n yeni teknik direkt\u00f6r\u00fc Ole Gunnar","breadcrumb":{"@id":"https:\/\/e-ciftlik.com\/haberler\/spor\/solskjaerden-ilk-aciklama-ogrenme-surecindeyiz\/#breadcrumb"},"inLanguage":"tr","potentialAction":[{"@type":"ReadAction","target":["https:\/\/e-ciftlik.com\/haberler\/spor\/solskjaerden-ilk-aciklama-ogrenme-surecindeyiz\/"]}]},{"@type":"ImageObject","inLanguage":"tr","@id":"https:\/\/e-ciftlik.com\/haberler\/spor\/solskjaerden-ilk-aciklama-ogrenme-surecindeyiz\/#primaryimage","url":"https:\/\/e-ciftlik.com\/haberler\/wp-content\/uploads\/2025\/01\/1737967899_1200x628.jpeg","contentUrl":"https:\/\/e-ciftlik.com\/haberler\/wp-content\/uploads\/2025\/01\/1737967899_1200x628.jpeg","width":1200,"height":628},{"@type":"BreadcrumbList","@id":"https:\/\/e-ciftlik.com\/haberler\/spor\/solskjaerden-ilk-aciklama-ogrenme-surecindeyiz\/#breadcrumb","itemListElement":[{"@type":"ListItem","position":1,"name":"Anasayfa","item":"https:\/\/e-ciftlik.com\/haberler\/"},{"@type":"ListItem","position":2,"name":"&#8220;Solskjaer&#8217;den \u0130lk A\u00e7\u0131klama: &#8216;\u00d6\u011frenme S\u00fcrecindeyiz!'&#8221;"}]},{"@type":"WebSite","@id":"https:\/\/e-ciftlik.com\/haberler\/#website","url":"https:\/\/e-ciftlik.com\/haberler\/","name":"E-\u00c7iftlik Haber | G\u00fcncel, Son Dakika Haberler, En Son Haber","description":"","publisher":{"@id":"https:\/\/e-ciftlik.com\/haberler\/#organization"},"potentialAction":[{"@type":"SearchAction","target":{"@type":"EntryPoint","urlTemplate":"https:\/\/e-ciftlik.com\/haberler\/?s={search_term_string}"},"query-input":{"@type":"PropertyValueSpecification","valueRequired":true,"valueName":"search_term_string"}}],"inLanguage":"tr"},{"@type":"Organization","@id":"https:\/\/e-ciftlik.com\/haberler\/#organization","name":"E-\u00c7\u0130FTL\u0130K HABER","url":"https:\/\/e-ciftlik.com\/haberler\/","logo":{"@type":"ImageObject","inLanguage":"tr","@id":"https:\/\/e-ciftlik.com\/haberler\/#\/schema\/logo\/image\/","url":"https:\/\/e-ciftlik.com\/haberler\/wp-content\/uploads\/2024\/06\/cropped-cropped-favicon-1-2.png","contentUrl":"https:\/\/e-ciftlik.com\/haberler\/wp-content\/uploads\/2024\/06\/cropped-cropped-favicon-1-2.png","width":512,"height":512,"caption":"E-\u00c7\u0130FTL\u0130K HABER"},"image":{"@id":"https:\/\/e-ciftlik.com\/haberler\/#\/schema\/logo\/image\/"},"sameAs":["https:\/\/www.facebook.com\/eciftlikturkiye","https:\/\/x.com\/eciftlikresmi","https:\/\/www.instagram.com\/eciftlikresmi\/"]},{"@type":"Person","@id":"https:\/\/e-ciftlik.com\/haberler\/#\/schema\/person\/d2f4fee3143d7f72be82cb887d51b00a","name":"Haber Merkezi","image":{"@type":"ImageObject","inLanguage":"tr","@id":"https:\/\/secure.gravatar.com\/avatar\/6c27d641914e66c1d0452c92716002398782818991d86db1c2cccb531e7c7c82?s=96&d=mm&r=g","url":"https:\/\/secure.gravatar.com\/avatar\/6c27d641914e66c1d0452c92716002398782818991d86db1c2cccb531e7c7c82?s=96&d=mm&r=g","contentUrl":"https:\/\/secure.gravatar.com\/avatar\/6c27d641914e66c1d0452c92716002398782818991d86db1c2cccb531e7c7c82?s=96&d=mm&r=g","caption":"Haber Merkezi"},"sameAs":["http:\/\/e-ciftlik.com\/haberler"]}]}},"_links":{"self":[{"href":"https:\/\/e-ciftlik.com\/haberler\/wp-json\/wp\/v2\/posts\/74417","targetHints":{"allow":["GET"]}}],"collection":[{"href":"https:\/\/e-ciftlik.com\/haberler\/wp-json\/wp\/v2\/posts"}],"about":[{"href":"https:\/\/e-ciftlik.com\/haberler\/wp-json\/wp\/v2\/types\/post"}],"author":[{"embeddable":true,"href":"https:\/\/e-ciftlik.com\/haberler\/wp-json\/wp\/v2\/users\/1"}],"replies":[{"embeddable":true,"href":"https:\/\/e-ciftlik.com\/haberler\/wp-json\/wp\/v2\/comments?post=74417"}],"version-history":[{"count":0,"href":"https:\/\/e-ciftlik.com\/haberler\/wp-json\/wp\/v2\/posts\/74417\/revisions"}],"wp:featuredmedia":[{"embeddable":true,"href":"https:\/\/e-ciftlik.com\/haberler\/wp-json\/wp\/v2\/media\/74418"}],"wp:attachment":[{"href":"https:\/\/e-ciftlik.com\/haberler\/wp-json\/wp\/v2\/media?parent=74417"}],"wp:term":[{"taxonomy":"category","embeddable":true,"href":"https:\/\/e-ciftlik.com\/haberler\/wp-json\/wp\/v2\/categories?post=74417"},{"taxonomy":"post_tag","embeddable":true,"href":"https:\/\/e-ciftlik.com\/haberler\/wp-json\/wp\/v2\/tags?post=74417"}],"curies":[{"name":"wp","href":"https:\/\/api.w.org\/{rel}","templated":true}]}}