{"id":74424,"date":"2025-01-27T09:10:22","date_gmt":"2025-01-27T09:10:22","guid":{"rendered":"http:\/\/e-ciftlik.com\/haberler\/gundem\/erdogandan-etnik-ayrimciliga-son-aciklamasi\/"},"modified":"2025-01-27T09:10:22","modified_gmt":"2025-01-27T09:10:22","slug":"erdogandan-etnik-ayrimciliga-son-aciklamasi","status":"publish","type":"post","link":"https:\/\/e-ciftlik.com\/haberler\/gundem\/erdogandan-etnik-ayrimciliga-son-aciklamasi\/","title":{"rendered":"Erdo\u011fan&#8217;dan Etnik Ayr\u0131mc\u0131l\u0131\u011fa Son A\u00e7\u0131klamas\u0131"},"content":{"rendered":"<p>Cumhurba\u015fkan\u0131 ve AK Parti Genel Ba\u015fkan\u0131 Recep Tayyip Erdo\u011fan, AK Parti Van 8. Ola\u011fan \u0130l Kongresi&#8217;nde yapt\u0131\u011f\u0131 konu\u015fmada T\u00fcrkiye&#8217;nin birlik ve beraberli\u011fine vurgu yapt\u0131. Erdo\u011fan, T\u00fcrk, K\u00fcrt, Zaza, Alevi, S\u00fcnni ayr\u0131m\u0131 yapmadan t\u00fcm T\u00fcrkiye&#8217;nin kucaklanaca\u011f\u0131n\u0131 belirterek, etnik ayr\u0131mc\u0131l\u0131\u011fa, taassuba, dil, k\u00fclt\u00fcr, k\u00f6ken, ya\u015fam tarz\u0131 ayr\u0131mc\u0131l\u0131\u011f\u0131na prim verilmeyece\u011fini ve milletin kampla\u015ft\u0131r\u0131lmas\u0131na f\u0131rsat tan\u0131nmayaca\u011f\u0131n\u0131 s\u00f6yledi.<\/p>\n<p>Erdo\u011fan, di\u011fer il kongreleriyle e\u015f zamanl\u0131 olarak ger\u00e7ekle\u015ftirilen Van il kongresinde yap\u0131lan g\u00f6rev de\u011fi\u015fikliklerine de\u011finerek, te\u015fkilat mensuplar\u0131na \u00f6nemli sorumluluklar d\u00fc\u015ft\u00fc\u011f\u00fcn\u00fc belirtti. Erdo\u011fan, gelece\u011fe odaklanarak T\u00fcrkiye&#8217;yi daha ileriye ta\u015f\u0131mak i\u00e7in \u00e7al\u0131\u015facaklar\u0131n\u0131 ifade etti.<\/p>\n<p>Necip Faz\u0131l K\u0131sak\u00fcrek&#8217;in &#8220;Sakarya T\u00fcrk\u00fcs\u00fc&#8221; \u015fiirinden al\u0131nt\u0131 yapan Erdo\u011fan, T\u00fcrkiye&#8217;nin birlik ve beraberli\u011fini g\u00fc\u00e7lendirmek i\u00e7in \u00e7al\u0131\u015facaklar\u0131n\u0131 vurgulad\u0131. Kongrelerin enerji y\u00fckleme vesilesi oldu\u011funu belirten Erdo\u011fan, hedeflerine y\u00fczde 50&#8217;nin \u00fczerinde oy alarak ula\u015facaklar\u0131n\u0131 ifade etti.<\/p>\n<p>Ter\u00f6rle m\u00fccadelede elde edilen ba\u015far\u0131lar\u0131 ve T\u00fcrkiye&#8217;nin gelece\u011fi i\u00e7in yap\u0131lan yat\u0131r\u0131mlar\u0131 anlatan Erdo\u011fan, Van&#8217;a yap\u0131lan yat\u0131r\u0131mlar\u0131n de\u011ferinden bahsederek, \u015fehre kazand\u0131r\u0131lan projeleri s\u0131ralad\u0131. Erdo\u011fan, ter\u00f6r belas\u0131ndan kurtulduktan sonra T\u00fcrkiye&#8217;nin daha g\u00fc\u00e7l\u00fc bir \u015fekilde ilerleyece\u011fini belirtti.<\/p>\n<p>Erdo\u011fan, ter\u00f6rle m\u00fccadele konusunda kararl\u0131 olduklar\u0131n\u0131 ve T\u00fcrkiye&#8217;nin hedeflerine ula\u015fmak i\u00e7in her t\u00fcrl\u00fc engeli a\u015facaklar\u0131n\u0131 s\u00f6yledi. 85 milyonun beklentilerini ve taleplerini \u00e7ok iyi bildiklerini ifade eden Erdo\u011fan, T\u00fcrkiye&#8217;nin birlik ve beraberli\u011fine vurgu yaparak, milletin \u00e7izdi\u011fi rotada siyaset yapacaklar\u0131n\u0131 belirtti.<\/p>\n<p>Erdo\u011fan, T\u00fcrkiye&#8217;nin karde\u015flik ve dayan\u0131\u015fma ruhuyla daha da ileriye gidece\u011fini ve milletin b\u00fct\u00fcnl\u00fc\u011f\u00fcn\u00fc koruyacaklar\u0131n\u0131 s\u00f6yledi. T\u00fcrkiye&#8217;nin kalk\u0131nma iradesini s\u00fcrd\u00fcreceklerini belirten Erdo\u011fan, i\u00e7 tart\u0131\u015fmalara ve kavgalara prim vermeyeceklerini vurgulad\u0131. Son olarak, Mira\u00e7 Kandili&#8217;ni ve i\u00e7inde bulunulan \u00fc\u00e7 aylar\u0131 kutlayarak, Van&#8217;da emek veren partililere te\u015fekk\u00fcr etti.<\/p>\n","protected":false},"excerpt":{"rendered":"<p>Cumhurba\u015fkan\u0131 ve AK Parti Genel Ba\u015fkan\u0131 Recep Tayyip Erdo\u011fan, AK Parti Van 8. Ola\u011fan \u0130l&hellip;<\/p>\n","protected":false},"author":1,"featured_media":50875,"comment_status":"open","ping_status":"open","sticky":false,"template":"","format":"standard","meta":{"footnotes":""},"categories":[10],"tags":[],"class_list":["post-74424","post","type-post","status-publish","format-standard","has-post-thumbnail","hentry","category-gundem"],"yoast_head":"<!-- This site is optimized with the Yoast SEO Premium plugin v24.3 (Yoast SEO v27.4) - https:\/\/yoast.com\/product\/yoast-seo-premium-wordpress\/ -->\n<title>Erdo\u011fan&#039;dan Etnik Ayr\u0131mc\u0131l\u0131\u011fa Son A\u00e7\u0131klamas\u0131 - E-&Ccedil;\u0130FTL\u0130K HABER<\/title>\n<meta name=\"description\" content=\"Cumhurba\u015fkan\u0131 ve AK Parti Genel Ba\u015fkan\u0131 Recep Tayyip Erdo\u011fan, AK Parti Van 8. Ola\u011fan \u0130l Kongresi&#039;nde yapt\u0131\u011f\u0131 konu\u015fmada T\u00fcrkiye&#039;nin birlik ve beraberli\u011fine\" \/>\n<meta name=\"robots\" content=\"index, follow, max-snippet:-1, max-image-preview:large, max-video-preview:-1\" \/>\n<link rel=\"canonical\" href=\"https:\/\/e-ciftlik.com\/haberler\/gundem\/erdogandan-etnik-ayrimciliga-son-aciklamasi\/\" \/>\n<meta property=\"og:locale\" content=\"tr_TR\" \/>\n<meta property=\"og:type\" content=\"article\" \/>\n<meta property=\"og:title\" content=\"Erdo\u011fan&#039;dan Etnik Ayr\u0131mc\u0131l\u0131\u011fa Son A\u00e7\u0131klamas\u0131\" \/>\n<meta property=\"og:description\" content=\"Cumhurba\u015fkan\u0131 ve AK Parti Genel Ba\u015fkan\u0131 Recep Tayyip Erdo\u011fan, AK Parti Van 8. Ola\u011fan \u0130l Kongresi&#039;nde yapt\u0131\u011f\u0131 konu\u015fmada T\u00fcrkiye&#039;nin birlik ve beraberli\u011fine\" \/>\n<meta property=\"og:url\" content=\"https:\/\/e-ciftlik.com\/haberler\/gundem\/erdogandan-etnik-ayrimciliga-son-aciklamasi\/\" \/>\n<meta property=\"og:site_name\" content=\"E-&Ccedil;\u0130FTL\u0130K HABER\" \/>\n<meta property=\"article:publisher\" content=\"https:\/\/www.facebook.com\/eciftlikturkiye\" \/>\n<meta property=\"article:published_time\" content=\"2025-01-27T09:10:22+00:00\" \/>\n<meta property=\"og:image\" content=\"https:\/\/e-ciftlik.com\/haberler\/wp-content\/uploads\/2024\/11\/ahaber2.png\" \/>\n\t<meta property=\"og:image:width\" content=\"1200\" \/>\n\t<meta property=\"og:image:height\" content=\"630\" \/>\n\t<meta property=\"og:image:type\" content=\"image\/png\" \/>\n<meta name=\"author\" content=\"Haber Merkezi\" \/>\n<meta name=\"twitter:card\" content=\"summary_large_image\" \/>\n<meta name=\"twitter:creator\" content=\"@eciftlikresmi\" \/>\n<meta name=\"twitter:site\" content=\"@eciftlikresmi\" \/>\n<meta name=\"twitter:label1\" content=\"Yazan:\" \/>\n\t<meta name=\"twitter:data1\" content=\"Haber Merkezi\" \/>\n\t<meta name=\"twitter:label2\" content=\"Tahmini okuma s\u00fcresi\" \/>\n\t<meta name=\"twitter:data2\" content=\"2 dakika\" \/>\n<script type=\"application\/ld+json\" class=\"yoast-schema-graph\">{\"@context\":\"https:\\\/\\\/schema.org\",\"@graph\":[{\"@type\":\"NewsArticle\",\"@id\":\"https:\\\/\\\/e-ciftlik.com\\\/haberler\\\/gundem\\\/erdogandan-etnik-ayrimciliga-son-aciklamasi\\\/#article\",\"isPartOf\":{\"@id\":\"https:\\\/\\\/e-ciftlik.com\\\/haberler\\\/gundem\\\/erdogandan-etnik-ayrimciliga-son-aciklamasi\\\/\"},\"author\":{\"name\":\"Haber Merkezi\",\"@id\":\"https:\\\/\\\/e-ciftlik.com\\\/haberler\\\/#\\\/schema\\\/person\\\/d2f4fee3143d7f72be82cb887d51b00a\"},\"headline\":\"Erdo\u011fan&#8217;dan Etnik Ayr\u0131mc\u0131l\u0131\u011fa Son A\u00e7\u0131klamas\u0131\",\"datePublished\":\"2025-01-27T09:10:22+00:00\",\"mainEntityOfPage\":{\"@id\":\"https:\\\/\\\/e-ciftlik.com\\\/haberler\\\/gundem\\\/erdogandan-etnik-ayrimciliga-son-aciklamasi\\\/\"},\"wordCount\":391,\"commentCount\":0,\"publisher\":{\"@id\":\"https:\\\/\\\/e-ciftlik.com\\\/haberler\\\/#organization\"},\"image\":{\"@id\":\"https:\\\/\\\/e-ciftlik.com\\\/haberler\\\/gundem\\\/erdogandan-etnik-ayrimciliga-son-aciklamasi\\\/#primaryimage\"},\"thumbnailUrl\":\"https:\\\/\\\/e-ciftlik.com\\\/haberler\\\/wp-content\\\/uploads\\\/2024\\\/11\\\/ahaber2.png\",\"articleSection\":[\"G\u00fcndem\"],\"inLanguage\":\"tr\",\"potentialAction\":[{\"@type\":\"CommentAction\",\"name\":\"Comment\",\"target\":[\"https:\\\/\\\/e-ciftlik.com\\\/haberler\\\/gundem\\\/erdogandan-etnik-ayrimciliga-son-aciklamasi\\\/#respond\"]}]},{\"@type\":\"WebPage\",\"@id\":\"https:\\\/\\\/e-ciftlik.com\\\/haberler\\\/gundem\\\/erdogandan-etnik-ayrimciliga-son-aciklamasi\\\/\",\"url\":\"https:\\\/\\\/e-ciftlik.com\\\/haberler\\\/gundem\\\/erdogandan-etnik-ayrimciliga-son-aciklamasi\\\/\",\"name\":\"Erdo\u011fan'dan Etnik Ayr\u0131mc\u0131l\u0131\u011fa Son A\u00e7\u0131klamas\u0131 - E-&Ccedil;\u0130FTL\u0130K HABER\",\"isPartOf\":{\"@id\":\"https:\\\/\\\/e-ciftlik.com\\\/haberler\\\/#website\"},\"primaryImageOfPage\":{\"@id\":\"https:\\\/\\\/e-ciftlik.com\\\/haberler\\\/gundem\\\/erdogandan-etnik-ayrimciliga-son-aciklamasi\\\/#primaryimage\"},\"image\":{\"@id\":\"https:\\\/\\\/e-ciftlik.com\\\/haberler\\\/gundem\\\/erdogandan-etnik-ayrimciliga-son-aciklamasi\\\/#primaryimage\"},\"thumbnailUrl\":\"https:\\\/\\\/e-ciftlik.com\\\/haberler\\\/wp-content\\\/uploads\\\/2024\\\/11\\\/ahaber2.png\",\"datePublished\":\"2025-01-27T09:10:22+00:00\",\"description\":\"Cumhurba\u015fkan\u0131 ve AK Parti Genel Ba\u015fkan\u0131 Recep Tayyip Erdo\u011fan, AK Parti Van 8. Ola\u011fan \u0130l Kongresi'nde yapt\u0131\u011f\u0131 konu\u015fmada T\u00fcrkiye'nin birlik ve beraberli\u011fine\",\"breadcrumb\":{\"@id\":\"https:\\\/\\\/e-ciftlik.com\\\/haberler\\\/gundem\\\/erdogandan-etnik-ayrimciliga-son-aciklamasi\\\/#breadcrumb\"},\"inLanguage\":\"tr\",\"potentialAction\":[{\"@type\":\"ReadAction\",\"target\":[\"https:\\\/\\\/e-ciftlik.com\\\/haberler\\\/gundem\\\/erdogandan-etnik-ayrimciliga-son-aciklamasi\\\/\"]}]},{\"@type\":\"ImageObject\",\"inLanguage\":\"tr\",\"@id\":\"https:\\\/\\\/e-ciftlik.com\\\/haberler\\\/gundem\\\/erdogandan-etnik-ayrimciliga-son-aciklamasi\\\/#primaryimage\",\"url\":\"https:\\\/\\\/e-ciftlik.com\\\/haberler\\\/wp-content\\\/uploads\\\/2024\\\/11\\\/ahaber2.png\",\"contentUrl\":\"https:\\\/\\\/e-ciftlik.com\\\/haberler\\\/wp-content\\\/uploads\\\/2024\\\/11\\\/ahaber2.png\",\"width\":1200,\"height\":630},{\"@type\":\"BreadcrumbList\",\"@id\":\"https:\\\/\\\/e-ciftlik.com\\\/haberler\\\/gundem\\\/erdogandan-etnik-ayrimciliga-son-aciklamasi\\\/#breadcrumb\",\"itemListElement\":[{\"@type\":\"ListItem\",\"position\":1,\"name\":\"Anasayfa\",\"item\":\"https:\\\/\\\/e-ciftlik.com\\\/haberler\\\/\"},{\"@type\":\"ListItem\",\"position\":2,\"name\":\"Erdo\u011fan&#8217;dan Etnik Ayr\u0131mc\u0131l\u0131\u011fa Son A\u00e7\u0131klamas\u0131\"}]},{\"@type\":\"WebSite\",\"@id\":\"https:\\\/\\\/e-ciftlik.com\\\/haberler\\\/#website\",\"url\":\"https:\\\/\\\/e-ciftlik.com\\\/haberler\\\/\",\"name\":\"E-\u00c7iftlik Haber | G\u00fcncel, Son Dakika Haberler, En Son Haber\",\"description\":\"\",\"publisher\":{\"@id\":\"https:\\\/\\\/e-ciftlik.com\\\/haberler\\\/#organization\"},\"potentialAction\":[{\"@type\":\"SearchAction\",\"target\":{\"@type\":\"EntryPoint\",\"urlTemplate\":\"https:\\\/\\\/e-ciftlik.com\\\/haberler\\\/?s={search_term_string}\"},\"query-input\":{\"@type\":\"PropertyValueSpecification\",\"valueRequired\":true,\"valueName\":\"search_term_string\"}}],\"inLanguage\":\"tr\"},{\"@type\":\"Organization\",\"@id\":\"https:\\\/\\\/e-ciftlik.com\\\/haberler\\\/#organization\",\"name\":\"E-\u00c7\u0130FTL\u0130K HABER\",\"url\":\"https:\\\/\\\/e-ciftlik.com\\\/haberler\\\/\",\"logo\":{\"@type\":\"ImageObject\",\"inLanguage\":\"tr\",\"@id\":\"https:\\\/\\\/e-ciftlik.com\\\/haberler\\\/#\\\/schema\\\/logo\\\/image\\\/\",\"url\":\"https:\\\/\\\/e-ciftlik.com\\\/haberler\\\/wp-content\\\/uploads\\\/2024\\\/06\\\/cropped-cropped-favicon-1-2.png\",\"contentUrl\":\"https:\\\/\\\/e-ciftlik.com\\\/haberler\\\/wp-content\\\/uploads\\\/2024\\\/06\\\/cropped-cropped-favicon-1-2.png\",\"width\":512,\"height\":512,\"caption\":\"E-\u00c7\u0130FTL\u0130K HABER\"},\"image\":{\"@id\":\"https:\\\/\\\/e-ciftlik.com\\\/haberler\\\/#\\\/schema\\\/logo\\\/image\\\/\"},\"sameAs\":[\"https:\\\/\\\/www.facebook.com\\\/eciftlikturkiye\",\"https:\\\/\\\/x.com\\\/eciftlikresmi\",\"https:\\\/\\\/www.instagram.com\\\/eciftlikresmi\\\/\"]},{\"@type\":\"Person\",\"@id\":\"https:\\\/\\\/e-ciftlik.com\\\/haberler\\\/#\\\/schema\\\/person\\\/d2f4fee3143d7f72be82cb887d51b00a\",\"name\":\"Haber Merkezi\",\"image\":{\"@type\":\"ImageObject\",\"inLanguage\":\"tr\",\"@id\":\"https:\\\/\\\/secure.gravatar.com\\\/avatar\\\/6c27d641914e66c1d0452c92716002398782818991d86db1c2cccb531e7c7c82?s=96&d=mm&r=g\",\"url\":\"https:\\\/\\\/secure.gravatar.com\\\/avatar\\\/6c27d641914e66c1d0452c92716002398782818991d86db1c2cccb531e7c7c82?s=96&d=mm&r=g\",\"contentUrl\":\"https:\\\/\\\/secure.gravatar.com\\\/avatar\\\/6c27d641914e66c1d0452c92716002398782818991d86db1c2cccb531e7c7c82?s=96&d=mm&r=g\",\"caption\":\"Haber Merkezi\"},\"sameAs\":[\"http:\\\/\\\/e-ciftlik.com\\\/haberler\"]}]}<\/script>\n<!-- \/ Yoast SEO Premium plugin. -->","yoast_head_json":{"title":"Erdo\u011fan'dan Etnik Ayr\u0131mc\u0131l\u0131\u011fa Son A\u00e7\u0131klamas\u0131 - E-&Ccedil;\u0130FTL\u0130K HABER","description":"Cumhurba\u015fkan\u0131 ve AK Parti Genel Ba\u015fkan\u0131 Recep Tayyip Erdo\u011fan, AK Parti Van 8. Ola\u011fan \u0130l Kongresi'nde yapt\u0131\u011f\u0131 konu\u015fmada T\u00fcrkiye'nin birlik ve beraberli\u011fine","robots":{"index":"index","follow":"follow","max-snippet":"max-snippet:-1","max-image-preview":"max-image-preview:large","max-video-preview":"max-video-preview:-1"},"canonical":"https:\/\/e-ciftlik.com\/haberler\/gundem\/erdogandan-etnik-ayrimciliga-son-aciklamasi\/","og_locale":"tr_TR","og_type":"article","og_title":"Erdo\u011fan'dan Etnik Ayr\u0131mc\u0131l\u0131\u011fa Son A\u00e7\u0131klamas\u0131","og_description":"Cumhurba\u015fkan\u0131 ve AK Parti Genel Ba\u015fkan\u0131 Recep Tayyip Erdo\u011fan, AK Parti Van 8. Ola\u011fan \u0130l Kongresi'nde yapt\u0131\u011f\u0131 konu\u015fmada T\u00fcrkiye'nin birlik ve beraberli\u011fine","og_url":"https:\/\/e-ciftlik.com\/haberler\/gundem\/erdogandan-etnik-ayrimciliga-son-aciklamasi\/","og_site_name":"E-&Ccedil;\u0130FTL\u0130K HABER","article_publisher":"https:\/\/www.facebook.com\/eciftlikturkiye","article_published_time":"2025-01-27T09:10:22+00:00","og_image":[{"width":1200,"height":630,"url":"https:\/\/e-ciftlik.com\/haberler\/wp-content\/uploads\/2024\/11\/ahaber2.png","type":"image\/png"}],"author":"Haber Merkezi","twitter_card":"summary_large_image","twitter_creator":"@eciftlikresmi","twitter_site":"@eciftlikresmi","twitter_misc":{"Yazan:":"Haber Merkezi","Tahmini okuma s\u00fcresi":"2 dakika"},"schema":{"@context":"https:\/\/schema.org","@graph":[{"@type":"NewsArticle","@id":"https:\/\/e-ciftlik.com\/haberler\/gundem\/erdogandan-etnik-ayrimciliga-son-aciklamasi\/#article","isPartOf":{"@id":"https:\/\/e-ciftlik.com\/haberler\/gundem\/erdogandan-etnik-ayrimciliga-son-aciklamasi\/"},"author":{"name":"Haber Merkezi","@id":"https:\/\/e-ciftlik.com\/haberler\/#\/schema\/person\/d2f4fee3143d7f72be82cb887d51b00a"},"headline":"Erdo\u011fan&#8217;dan Etnik Ayr\u0131mc\u0131l\u0131\u011fa Son A\u00e7\u0131klamas\u0131","datePublished":"2025-01-27T09:10:22+00:00","mainEntityOfPage":{"@id":"https:\/\/e-ciftlik.com\/haberler\/gundem\/erdogandan-etnik-ayrimciliga-son-aciklamasi\/"},"wordCount":391,"commentCount":0,"publisher":{"@id":"https:\/\/e-ciftlik.com\/haberler\/#organization"},"image":{"@id":"https:\/\/e-ciftlik.com\/haberler\/gundem\/erdogandan-etnik-ayrimciliga-son-aciklamasi\/#primaryimage"},"thumbnailUrl":"https:\/\/e-ciftlik.com\/haberler\/wp-content\/uploads\/2024\/11\/ahaber2.png","articleSection":["G\u00fcndem"],"inLanguage":"tr","potentialAction":[{"@type":"CommentAction","name":"Comment","target":["https:\/\/e-ciftlik.com\/haberler\/gundem\/erdogandan-etnik-ayrimciliga-son-aciklamasi\/#respond"]}]},{"@type":"WebPage","@id":"https:\/\/e-ciftlik.com\/haberler\/gundem\/erdogandan-etnik-ayrimciliga-son-aciklamasi\/","url":"https:\/\/e-ciftlik.com\/haberler\/gundem\/erdogandan-etnik-ayrimciliga-son-aciklamasi\/","name":"Erdo\u011fan'dan Etnik Ayr\u0131mc\u0131l\u0131\u011fa Son A\u00e7\u0131klamas\u0131 - E-&Ccedil;\u0130FTL\u0130K HABER","isPartOf":{"@id":"https:\/\/e-ciftlik.com\/haberler\/#website"},"primaryImageOfPage":{"@id":"https:\/\/e-ciftlik.com\/haberler\/gundem\/erdogandan-etnik-ayrimciliga-son-aciklamasi\/#primaryimage"},"image":{"@id":"https:\/\/e-ciftlik.com\/haberler\/gundem\/erdogandan-etnik-ayrimciliga-son-aciklamasi\/#primaryimage"},"thumbnailUrl":"https:\/\/e-ciftlik.com\/haberler\/wp-content\/uploads\/2024\/11\/ahaber2.png","datePublished":"2025-01-27T09:10:22+00:00","description":"Cumhurba\u015fkan\u0131 ve AK Parti Genel Ba\u015fkan\u0131 Recep Tayyip Erdo\u011fan, AK Parti Van 8. Ola\u011fan \u0130l Kongresi'nde yapt\u0131\u011f\u0131 konu\u015fmada T\u00fcrkiye'nin birlik ve beraberli\u011fine","breadcrumb":{"@id":"https:\/\/e-ciftlik.com\/haberler\/gundem\/erdogandan-etnik-ayrimciliga-son-aciklamasi\/#breadcrumb"},"inLanguage":"tr","potentialAction":[{"@type":"ReadAction","target":["https:\/\/e-ciftlik.com\/haberler\/gundem\/erdogandan-etnik-ayrimciliga-son-aciklamasi\/"]}]},{"@type":"ImageObject","inLanguage":"tr","@id":"https:\/\/e-ciftlik.com\/haberler\/gundem\/erdogandan-etnik-ayrimciliga-son-aciklamasi\/#primaryimage","url":"https:\/\/e-ciftlik.com\/haberler\/wp-content\/uploads\/2024\/11\/ahaber2.png","contentUrl":"https:\/\/e-ciftlik.com\/haberler\/wp-content\/uploads\/2024\/11\/ahaber2.png","width":1200,"height":630},{"@type":"BreadcrumbList","@id":"https:\/\/e-ciftlik.com\/haberler\/gundem\/erdogandan-etnik-ayrimciliga-son-aciklamasi\/#breadcrumb","itemListElement":[{"@type":"ListItem","position":1,"name":"Anasayfa","item":"https:\/\/e-ciftlik.com\/haberler\/"},{"@type":"ListItem","position":2,"name":"Erdo\u011fan&#8217;dan Etnik Ayr\u0131mc\u0131l\u0131\u011fa Son A\u00e7\u0131klamas\u0131"}]},{"@type":"WebSite","@id":"https:\/\/e-ciftlik.com\/haberler\/#website","url":"https:\/\/e-ciftlik.com\/haberler\/","name":"E-\u00c7iftlik Haber | G\u00fcncel, Son Dakika Haberler, En Son Haber","description":"","publisher":{"@id":"https:\/\/e-ciftlik.com\/haberler\/#organization"},"potentialAction":[{"@type":"SearchAction","target":{"@type":"EntryPoint","urlTemplate":"https:\/\/e-ciftlik.com\/haberler\/?s={search_term_string}"},"query-input":{"@type":"PropertyValueSpecification","valueRequired":true,"valueName":"search_term_string"}}],"inLanguage":"tr"},{"@type":"Organization","@id":"https:\/\/e-ciftlik.com\/haberler\/#organization","name":"E-\u00c7\u0130FTL\u0130K HABER","url":"https:\/\/e-ciftlik.com\/haberler\/","logo":{"@type":"ImageObject","inLanguage":"tr","@id":"https:\/\/e-ciftlik.com\/haberler\/#\/schema\/logo\/image\/","url":"https:\/\/e-ciftlik.com\/haberler\/wp-content\/uploads\/2024\/06\/cropped-cropped-favicon-1-2.png","contentUrl":"https:\/\/e-ciftlik.com\/haberler\/wp-content\/uploads\/2024\/06\/cropped-cropped-favicon-1-2.png","width":512,"height":512,"caption":"E-\u00c7\u0130FTL\u0130K HABER"},"image":{"@id":"https:\/\/e-ciftlik.com\/haberler\/#\/schema\/logo\/image\/"},"sameAs":["https:\/\/www.facebook.com\/eciftlikturkiye","https:\/\/x.com\/eciftlikresmi","https:\/\/www.instagram.com\/eciftlikresmi\/"]},{"@type":"Person","@id":"https:\/\/e-ciftlik.com\/haberler\/#\/schema\/person\/d2f4fee3143d7f72be82cb887d51b00a","name":"Haber Merkezi","image":{"@type":"ImageObject","inLanguage":"tr","@id":"https:\/\/secure.gravatar.com\/avatar\/6c27d641914e66c1d0452c92716002398782818991d86db1c2cccb531e7c7c82?s=96&d=mm&r=g","url":"https:\/\/secure.gravatar.com\/avatar\/6c27d641914e66c1d0452c92716002398782818991d86db1c2cccb531e7c7c82?s=96&d=mm&r=g","contentUrl":"https:\/\/secure.gravatar.com\/avatar\/6c27d641914e66c1d0452c92716002398782818991d86db1c2cccb531e7c7c82?s=96&d=mm&r=g","caption":"Haber Merkezi"},"sameAs":["http:\/\/e-ciftlik.com\/haberler"]}]}},"_links":{"self":[{"href":"https:\/\/e-ciftlik.com\/haberler\/wp-json\/wp\/v2\/posts\/74424","targetHints":{"allow":["GET"]}}],"collection":[{"href":"https:\/\/e-ciftlik.com\/haberler\/wp-json\/wp\/v2\/posts"}],"about":[{"href":"https:\/\/e-ciftlik.com\/haberler\/wp-json\/wp\/v2\/types\/post"}],"author":[{"embeddable":true,"href":"https:\/\/e-ciftlik.com\/haberler\/wp-json\/wp\/v2\/users\/1"}],"replies":[{"embeddable":true,"href":"https:\/\/e-ciftlik.com\/haberler\/wp-json\/wp\/v2\/comments?post=74424"}],"version-history":[{"count":0,"href":"https:\/\/e-ciftlik.com\/haberler\/wp-json\/wp\/v2\/posts\/74424\/revisions"}],"wp:featuredmedia":[{"embeddable":true,"href":"https:\/\/e-ciftlik.com\/haberler\/wp-json\/wp\/v2\/media\/50875"}],"wp:attachment":[{"href":"https:\/\/e-ciftlik.com\/haberler\/wp-json\/wp\/v2\/media?parent=74424"}],"wp:term":[{"taxonomy":"category","embeddable":true,"href":"https:\/\/e-ciftlik.com\/haberler\/wp-json\/wp\/v2\/categories?post=74424"},{"taxonomy":"post_tag","embeddable":true,"href":"https:\/\/e-ciftlik.com\/haberler\/wp-json\/wp\/v2\/tags?post=74424"}],"curies":[{"name":"wp","href":"https:\/\/api.w.org\/{rel}","templated":true}]}}