{"id":74433,"date":"2025-01-27T09:31:59","date_gmt":"2025-01-27T09:31:59","guid":{"rendered":"http:\/\/e-ciftlik.com\/haberler\/gundem\/ulusal-guvenlik-problemi-afet-isleri-bakanligi-kurulmali\/"},"modified":"2025-01-27T09:31:59","modified_gmt":"2025-01-27T09:31:59","slug":"ulusal-guvenlik-problemi-afet-isleri-bakanligi-kurulmali","status":"publish","type":"post","link":"https:\/\/e-ciftlik.com\/haberler\/gundem\/ulusal-guvenlik-problemi-afet-isleri-bakanligi-kurulmali\/","title":{"rendered":"Ulusal G\u00fcvenlik Problemi: Afet \u0130\u015fleri Bakanl\u0131\u011f\u0131 Kurulmal\u0131"},"content":{"rendered":"<p>Konya&#8217;da \u00c7\u00f6ken Binada Patlama ve Kolon Kesme \u015e\u00fcphesi<\/p>\n<p>Konya&#8217;da ge\u00e7ti\u011fimiz g\u00fcnlerde meydana gelen olayda, ciddi bir facian\u0131n e\u015fi\u011finden d\u00f6n\u00fcld\u00fc. \u00c7\u00f6ken binada meydana gelen patlama ve kolon kesme \u015f\u00fcphesi, uzmanlar taraf\u0131ndan incelenmeye devam ediyor.<\/p>\n<p>Mimar Nihat \u015een, A Haber&#8217;de yapt\u0131\u011f\u0131 a\u00e7\u0131klamada, bu t\u00fcr olaylar\u0131n kentsel d\u00f6n\u00fc\u015f\u00fcm\u00fcn \u00f6nemini bir kez daha g\u00f6zler \u00f6n\u00fcne serdi\u011fini belirtti. Ulusal g\u00fcvenlik problemi olarak de\u011ferlendirilen bu konunun siyasi polemik haline getirilmeden, kal\u0131c\u0131 ve radikal kararlar al\u0131nmas\u0131 gerekti\u011fini vurgulad\u0131.<\/p>\n<p>\u015een, sadece depremin de\u011fil, ya\u011f\u0131\u015flar, heyelanlar, seller, kurakl\u0131k gibi do\u011fal afetlerin de \u00f6nemli riskler olu\u015fturdu\u011funu s\u00f6yledi. Bu nedenle, Afet \u0130\u015fleri Bakanl\u0131\u011f\u0131&#8217;n\u0131n acil olarak kurulmas\u0131 gerekti\u011fini ifade etti. Ayr\u0131ca, kentsel d\u00f6n\u00fc\u015f\u00fcm finansman bankas\u0131n\u0131n hayata ge\u00e7irilerek, ticari getirisi olmayan alanlar\u0131n d\u00f6n\u00fc\u015f\u00fcm\u00fcn\u00fcn desteklenmesi gerekti\u011fini belirtti.<\/p>\n","protected":false},"excerpt":{"rendered":"<p>Konya&#8217;da \u00c7\u00f6ken Binada Patlama ve Kolon Kesme \u015e\u00fcphesi Konya&#8217;da ge\u00e7ti\u011fimiz g\u00fcnlerde meydana gelen olayda, ciddi&hellip;<\/p>\n","protected":false},"author":1,"featured_media":74434,"comment_status":"open","ping_status":"open","sticky":false,"template":"","format":"standard","meta":{"footnotes":""},"categories":[10],"tags":[],"class_list":["post-74433","post","type-post","status-publish","format-standard","has-post-thumbnail","hentry","category-gundem"],"yoast_head":"<!-- This site is optimized with the Yoast SEO Premium plugin v24.3 (Yoast SEO v27.4) - https:\/\/yoast.com\/product\/yoast-seo-premium-wordpress\/ -->\n<title>Ulusal G\u00fcvenlik Problemi: Afet \u0130\u015fleri Bakanl\u0131\u011f\u0131 Kurulmal\u0131 - E-&Ccedil;\u0130FTL\u0130K HABER<\/title>\n<meta name=\"description\" content=\"Konya&#039;da \u00c7\u00f6ken Binada Patlama ve Kolon Kesme \u015e\u00fcphesi Konya&#039;da ge\u00e7ti\u011fimiz g\u00fcnlerde meydana gelen olayda, ciddi bir facian\u0131n e\u015fi\u011finden d\u00f6n\u00fcld\u00fc. \u00c7\u00f6ken binada\" \/>\n<meta name=\"robots\" content=\"index, follow, max-snippet:-1, max-image-preview:large, max-video-preview:-1\" \/>\n<link rel=\"canonical\" href=\"https:\/\/e-ciftlik.com\/haberler\/gundem\/ulusal-guvenlik-problemi-afet-isleri-bakanligi-kurulmali\/\" \/>\n<meta property=\"og:locale\" content=\"tr_TR\" \/>\n<meta property=\"og:type\" content=\"article\" \/>\n<meta property=\"og:title\" content=\"Ulusal G\u00fcvenlik Problemi: Afet \u0130\u015fleri Bakanl\u0131\u011f\u0131 Kurulmal\u0131\" \/>\n<meta property=\"og:description\" content=\"Konya&#039;da \u00c7\u00f6ken Binada Patlama ve Kolon Kesme \u015e\u00fcphesi Konya&#039;da ge\u00e7ti\u011fimiz g\u00fcnlerde meydana gelen olayda, ciddi bir facian\u0131n e\u015fi\u011finden d\u00f6n\u00fcld\u00fc. \u00c7\u00f6ken binada\" \/>\n<meta property=\"og:url\" content=\"https:\/\/e-ciftlik.com\/haberler\/gundem\/ulusal-guvenlik-problemi-afet-isleri-bakanligi-kurulmali\/\" \/>\n<meta property=\"og:site_name\" content=\"E-&Ccedil;\u0130FTL\u0130K HABER\" \/>\n<meta property=\"article:publisher\" content=\"https:\/\/www.facebook.com\/eciftlikturkiye\" \/>\n<meta property=\"article:published_time\" content=\"2025-01-27T09:31:59+00:00\" \/>\n<meta property=\"og:image\" content=\"https:\/\/e-ciftlik.com\/haberler\/wp-content\/uploads\/2025\/01\/konyada-coken-binada-patlama-ve-kolon-kesme-suphesi-mimar-nihat-sen-a-haberde-1737800651325.jpg\" \/>\n\t<meta property=\"og:image:width\" content=\"1200\" \/>\n\t<meta property=\"og:image:height\" content=\"675\" \/>\n\t<meta property=\"og:image:type\" content=\"image\/jpeg\" \/>\n<meta name=\"author\" content=\"Haber Merkezi\" \/>\n<meta name=\"twitter:card\" content=\"summary_large_image\" \/>\n<meta name=\"twitter:creator\" content=\"@eciftlikresmi\" \/>\n<meta name=\"twitter:site\" content=\"@eciftlikresmi\" \/>\n<meta name=\"twitter:label1\" content=\"Yazan:\" \/>\n\t<meta name=\"twitter:data1\" content=\"Haber Merkezi\" \/>\n\t<meta name=\"twitter:label2\" content=\"Tahmini okuma s\u00fcresi\" \/>\n\t<meta name=\"twitter:data2\" content=\"1 dakika\" \/>\n<script type=\"application\/ld+json\" class=\"yoast-schema-graph\">{\"@context\":\"https:\\\/\\\/schema.org\",\"@graph\":[{\"@type\":\"NewsArticle\",\"@id\":\"https:\\\/\\\/e-ciftlik.com\\\/haberler\\\/gundem\\\/ulusal-guvenlik-problemi-afet-isleri-bakanligi-kurulmali\\\/#article\",\"isPartOf\":{\"@id\":\"https:\\\/\\\/e-ciftlik.com\\\/haberler\\\/gundem\\\/ulusal-guvenlik-problemi-afet-isleri-bakanligi-kurulmali\\\/\"},\"author\":{\"name\":\"Haber Merkezi\",\"@id\":\"https:\\\/\\\/e-ciftlik.com\\\/haberler\\\/#\\\/schema\\\/person\\\/d2f4fee3143d7f72be82cb887d51b00a\"},\"headline\":\"Ulusal G\u00fcvenlik Problemi: Afet \u0130\u015fleri Bakanl\u0131\u011f\u0131 Kurulmal\u0131\",\"datePublished\":\"2025-01-27T09:31:59+00:00\",\"mainEntityOfPage\":{\"@id\":\"https:\\\/\\\/e-ciftlik.com\\\/haberler\\\/gundem\\\/ulusal-guvenlik-problemi-afet-isleri-bakanligi-kurulmali\\\/\"},\"wordCount\":169,\"commentCount\":0,\"publisher\":{\"@id\":\"https:\\\/\\\/e-ciftlik.com\\\/haberler\\\/#organization\"},\"image\":{\"@id\":\"https:\\\/\\\/e-ciftlik.com\\\/haberler\\\/gundem\\\/ulusal-guvenlik-problemi-afet-isleri-bakanligi-kurulmali\\\/#primaryimage\"},\"thumbnailUrl\":\"https:\\\/\\\/e-ciftlik.com\\\/haberler\\\/wp-content\\\/uploads\\\/2025\\\/01\\\/konyada-coken-binada-patlama-ve-kolon-kesme-suphesi-mimar-nihat-sen-a-haberde-1737800651325.jpg\",\"articleSection\":[\"G\u00fcndem\"],\"inLanguage\":\"tr\",\"potentialAction\":[{\"@type\":\"CommentAction\",\"name\":\"Comment\",\"target\":[\"https:\\\/\\\/e-ciftlik.com\\\/haberler\\\/gundem\\\/ulusal-guvenlik-problemi-afet-isleri-bakanligi-kurulmali\\\/#respond\"]}]},{\"@type\":\"WebPage\",\"@id\":\"https:\\\/\\\/e-ciftlik.com\\\/haberler\\\/gundem\\\/ulusal-guvenlik-problemi-afet-isleri-bakanligi-kurulmali\\\/\",\"url\":\"https:\\\/\\\/e-ciftlik.com\\\/haberler\\\/gundem\\\/ulusal-guvenlik-problemi-afet-isleri-bakanligi-kurulmali\\\/\",\"name\":\"Ulusal G\u00fcvenlik Problemi: Afet \u0130\u015fleri Bakanl\u0131\u011f\u0131 Kurulmal\u0131 - E-&Ccedil;\u0130FTL\u0130K HABER\",\"isPartOf\":{\"@id\":\"https:\\\/\\\/e-ciftlik.com\\\/haberler\\\/#website\"},\"primaryImageOfPage\":{\"@id\":\"https:\\\/\\\/e-ciftlik.com\\\/haberler\\\/gundem\\\/ulusal-guvenlik-problemi-afet-isleri-bakanligi-kurulmali\\\/#primaryimage\"},\"image\":{\"@id\":\"https:\\\/\\\/e-ciftlik.com\\\/haberler\\\/gundem\\\/ulusal-guvenlik-problemi-afet-isleri-bakanligi-kurulmali\\\/#primaryimage\"},\"thumbnailUrl\":\"https:\\\/\\\/e-ciftlik.com\\\/haberler\\\/wp-content\\\/uploads\\\/2025\\\/01\\\/konyada-coken-binada-patlama-ve-kolon-kesme-suphesi-mimar-nihat-sen-a-haberde-1737800651325.jpg\",\"datePublished\":\"2025-01-27T09:31:59+00:00\",\"description\":\"Konya'da \u00c7\u00f6ken Binada Patlama ve Kolon Kesme \u015e\u00fcphesi Konya'da ge\u00e7ti\u011fimiz g\u00fcnlerde meydana gelen olayda, ciddi bir facian\u0131n e\u015fi\u011finden d\u00f6n\u00fcld\u00fc. \u00c7\u00f6ken binada\",\"breadcrumb\":{\"@id\":\"https:\\\/\\\/e-ciftlik.com\\\/haberler\\\/gundem\\\/ulusal-guvenlik-problemi-afet-isleri-bakanligi-kurulmali\\\/#breadcrumb\"},\"inLanguage\":\"tr\",\"potentialAction\":[{\"@type\":\"ReadAction\",\"target\":[\"https:\\\/\\\/e-ciftlik.com\\\/haberler\\\/gundem\\\/ulusal-guvenlik-problemi-afet-isleri-bakanligi-kurulmali\\\/\"]}]},{\"@type\":\"ImageObject\",\"inLanguage\":\"tr\",\"@id\":\"https:\\\/\\\/e-ciftlik.com\\\/haberler\\\/gundem\\\/ulusal-guvenlik-problemi-afet-isleri-bakanligi-kurulmali\\\/#primaryimage\",\"url\":\"https:\\\/\\\/e-ciftlik.com\\\/haberler\\\/wp-content\\\/uploads\\\/2025\\\/01\\\/konyada-coken-binada-patlama-ve-kolon-kesme-suphesi-mimar-nihat-sen-a-haberde-1737800651325.jpg\",\"contentUrl\":\"https:\\\/\\\/e-ciftlik.com\\\/haberler\\\/wp-content\\\/uploads\\\/2025\\\/01\\\/konyada-coken-binada-patlama-ve-kolon-kesme-suphesi-mimar-nihat-sen-a-haberde-1737800651325.jpg\",\"width\":1200,\"height\":675},{\"@type\":\"BreadcrumbList\",\"@id\":\"https:\\\/\\\/e-ciftlik.com\\\/haberler\\\/gundem\\\/ulusal-guvenlik-problemi-afet-isleri-bakanligi-kurulmali\\\/#breadcrumb\",\"itemListElement\":[{\"@type\":\"ListItem\",\"position\":1,\"name\":\"Anasayfa\",\"item\":\"https:\\\/\\\/e-ciftlik.com\\\/haberler\\\/\"},{\"@type\":\"ListItem\",\"position\":2,\"name\":\"Ulusal G\u00fcvenlik Problemi: Afet \u0130\u015fleri Bakanl\u0131\u011f\u0131 Kurulmal\u0131\"}]},{\"@type\":\"WebSite\",\"@id\":\"https:\\\/\\\/e-ciftlik.com\\\/haberler\\\/#website\",\"url\":\"https:\\\/\\\/e-ciftlik.com\\\/haberler\\\/\",\"name\":\"E-\u00c7iftlik Haber | G\u00fcncel, Son Dakika Haberler, En Son Haber\",\"description\":\"\",\"publisher\":{\"@id\":\"https:\\\/\\\/e-ciftlik.com\\\/haberler\\\/#organization\"},\"potentialAction\":[{\"@type\":\"SearchAction\",\"target\":{\"@type\":\"EntryPoint\",\"urlTemplate\":\"https:\\\/\\\/e-ciftlik.com\\\/haberler\\\/?s={search_term_string}\"},\"query-input\":{\"@type\":\"PropertyValueSpecification\",\"valueRequired\":true,\"valueName\":\"search_term_string\"}}],\"inLanguage\":\"tr\"},{\"@type\":\"Organization\",\"@id\":\"https:\\\/\\\/e-ciftlik.com\\\/haberler\\\/#organization\",\"name\":\"E-\u00c7\u0130FTL\u0130K HABER\",\"url\":\"https:\\\/\\\/e-ciftlik.com\\\/haberler\\\/\",\"logo\":{\"@type\":\"ImageObject\",\"inLanguage\":\"tr\",\"@id\":\"https:\\\/\\\/e-ciftlik.com\\\/haberler\\\/#\\\/schema\\\/logo\\\/image\\\/\",\"url\":\"https:\\\/\\\/e-ciftlik.com\\\/haberler\\\/wp-content\\\/uploads\\\/2024\\\/06\\\/cropped-cropped-favicon-1-2.png\",\"contentUrl\":\"https:\\\/\\\/e-ciftlik.com\\\/haberler\\\/wp-content\\\/uploads\\\/2024\\\/06\\\/cropped-cropped-favicon-1-2.png\",\"width\":512,\"height\":512,\"caption\":\"E-\u00c7\u0130FTL\u0130K HABER\"},\"image\":{\"@id\":\"https:\\\/\\\/e-ciftlik.com\\\/haberler\\\/#\\\/schema\\\/logo\\\/image\\\/\"},\"sameAs\":[\"https:\\\/\\\/www.facebook.com\\\/eciftlikturkiye\",\"https:\\\/\\\/x.com\\\/eciftlikresmi\",\"https:\\\/\\\/www.instagram.com\\\/eciftlikresmi\\\/\"]},{\"@type\":\"Person\",\"@id\":\"https:\\\/\\\/e-ciftlik.com\\\/haberler\\\/#\\\/schema\\\/person\\\/d2f4fee3143d7f72be82cb887d51b00a\",\"name\":\"Haber Merkezi\",\"image\":{\"@type\":\"ImageObject\",\"inLanguage\":\"tr\",\"@id\":\"https:\\\/\\\/secure.gravatar.com\\\/avatar\\\/6c27d641914e66c1d0452c92716002398782818991d86db1c2cccb531e7c7c82?s=96&d=mm&r=g\",\"url\":\"https:\\\/\\\/secure.gravatar.com\\\/avatar\\\/6c27d641914e66c1d0452c92716002398782818991d86db1c2cccb531e7c7c82?s=96&d=mm&r=g\",\"contentUrl\":\"https:\\\/\\\/secure.gravatar.com\\\/avatar\\\/6c27d641914e66c1d0452c92716002398782818991d86db1c2cccb531e7c7c82?s=96&d=mm&r=g\",\"caption\":\"Haber Merkezi\"},\"sameAs\":[\"http:\\\/\\\/e-ciftlik.com\\\/haberler\"]}]}<\/script>\n<!-- \/ Yoast SEO Premium plugin. -->","yoast_head_json":{"title":"Ulusal G\u00fcvenlik Problemi: Afet \u0130\u015fleri Bakanl\u0131\u011f\u0131 Kurulmal\u0131 - E-&Ccedil;\u0130FTL\u0130K HABER","description":"Konya'da \u00c7\u00f6ken Binada Patlama ve Kolon Kesme \u015e\u00fcphesi Konya'da ge\u00e7ti\u011fimiz g\u00fcnlerde meydana gelen olayda, ciddi bir facian\u0131n e\u015fi\u011finden d\u00f6n\u00fcld\u00fc. \u00c7\u00f6ken binada","robots":{"index":"index","follow":"follow","max-snippet":"max-snippet:-1","max-image-preview":"max-image-preview:large","max-video-preview":"max-video-preview:-1"},"canonical":"https:\/\/e-ciftlik.com\/haberler\/gundem\/ulusal-guvenlik-problemi-afet-isleri-bakanligi-kurulmali\/","og_locale":"tr_TR","og_type":"article","og_title":"Ulusal G\u00fcvenlik Problemi: Afet \u0130\u015fleri Bakanl\u0131\u011f\u0131 Kurulmal\u0131","og_description":"Konya'da \u00c7\u00f6ken Binada Patlama ve Kolon Kesme \u015e\u00fcphesi Konya'da ge\u00e7ti\u011fimiz g\u00fcnlerde meydana gelen olayda, ciddi bir facian\u0131n e\u015fi\u011finden d\u00f6n\u00fcld\u00fc. \u00c7\u00f6ken binada","og_url":"https:\/\/e-ciftlik.com\/haberler\/gundem\/ulusal-guvenlik-problemi-afet-isleri-bakanligi-kurulmali\/","og_site_name":"E-&Ccedil;\u0130FTL\u0130K HABER","article_publisher":"https:\/\/www.facebook.com\/eciftlikturkiye","article_published_time":"2025-01-27T09:31:59+00:00","og_image":[{"width":1200,"height":675,"url":"https:\/\/e-ciftlik.com\/haberler\/wp-content\/uploads\/2025\/01\/konyada-coken-binada-patlama-ve-kolon-kesme-suphesi-mimar-nihat-sen-a-haberde-1737800651325.jpg","type":"image\/jpeg"}],"author":"Haber Merkezi","twitter_card":"summary_large_image","twitter_creator":"@eciftlikresmi","twitter_site":"@eciftlikresmi","twitter_misc":{"Yazan:":"Haber Merkezi","Tahmini okuma s\u00fcresi":"1 dakika"},"schema":{"@context":"https:\/\/schema.org","@graph":[{"@type":"NewsArticle","@id":"https:\/\/e-ciftlik.com\/haberler\/gundem\/ulusal-guvenlik-problemi-afet-isleri-bakanligi-kurulmali\/#article","isPartOf":{"@id":"https:\/\/e-ciftlik.com\/haberler\/gundem\/ulusal-guvenlik-problemi-afet-isleri-bakanligi-kurulmali\/"},"author":{"name":"Haber Merkezi","@id":"https:\/\/e-ciftlik.com\/haberler\/#\/schema\/person\/d2f4fee3143d7f72be82cb887d51b00a"},"headline":"Ulusal G\u00fcvenlik Problemi: Afet \u0130\u015fleri Bakanl\u0131\u011f\u0131 Kurulmal\u0131","datePublished":"2025-01-27T09:31:59+00:00","mainEntityOfPage":{"@id":"https:\/\/e-ciftlik.com\/haberler\/gundem\/ulusal-guvenlik-problemi-afet-isleri-bakanligi-kurulmali\/"},"wordCount":169,"commentCount":0,"publisher":{"@id":"https:\/\/e-ciftlik.com\/haberler\/#organization"},"image":{"@id":"https:\/\/e-ciftlik.com\/haberler\/gundem\/ulusal-guvenlik-problemi-afet-isleri-bakanligi-kurulmali\/#primaryimage"},"thumbnailUrl":"https:\/\/e-ciftlik.com\/haberler\/wp-content\/uploads\/2025\/01\/konyada-coken-binada-patlama-ve-kolon-kesme-suphesi-mimar-nihat-sen-a-haberde-1737800651325.jpg","articleSection":["G\u00fcndem"],"inLanguage":"tr","potentialAction":[{"@type":"CommentAction","name":"Comment","target":["https:\/\/e-ciftlik.com\/haberler\/gundem\/ulusal-guvenlik-problemi-afet-isleri-bakanligi-kurulmali\/#respond"]}]},{"@type":"WebPage","@id":"https:\/\/e-ciftlik.com\/haberler\/gundem\/ulusal-guvenlik-problemi-afet-isleri-bakanligi-kurulmali\/","url":"https:\/\/e-ciftlik.com\/haberler\/gundem\/ulusal-guvenlik-problemi-afet-isleri-bakanligi-kurulmali\/","name":"Ulusal G\u00fcvenlik Problemi: Afet \u0130\u015fleri Bakanl\u0131\u011f\u0131 Kurulmal\u0131 - E-&Ccedil;\u0130FTL\u0130K HABER","isPartOf":{"@id":"https:\/\/e-ciftlik.com\/haberler\/#website"},"primaryImageOfPage":{"@id":"https:\/\/e-ciftlik.com\/haberler\/gundem\/ulusal-guvenlik-problemi-afet-isleri-bakanligi-kurulmali\/#primaryimage"},"image":{"@id":"https:\/\/e-ciftlik.com\/haberler\/gundem\/ulusal-guvenlik-problemi-afet-isleri-bakanligi-kurulmali\/#primaryimage"},"thumbnailUrl":"https:\/\/e-ciftlik.com\/haberler\/wp-content\/uploads\/2025\/01\/konyada-coken-binada-patlama-ve-kolon-kesme-suphesi-mimar-nihat-sen-a-haberde-1737800651325.jpg","datePublished":"2025-01-27T09:31:59+00:00","description":"Konya'da \u00c7\u00f6ken Binada Patlama ve Kolon Kesme \u015e\u00fcphesi Konya'da ge\u00e7ti\u011fimiz g\u00fcnlerde meydana gelen olayda, ciddi bir facian\u0131n e\u015fi\u011finden d\u00f6n\u00fcld\u00fc. \u00c7\u00f6ken binada","breadcrumb":{"@id":"https:\/\/e-ciftlik.com\/haberler\/gundem\/ulusal-guvenlik-problemi-afet-isleri-bakanligi-kurulmali\/#breadcrumb"},"inLanguage":"tr","potentialAction":[{"@type":"ReadAction","target":["https:\/\/e-ciftlik.com\/haberler\/gundem\/ulusal-guvenlik-problemi-afet-isleri-bakanligi-kurulmali\/"]}]},{"@type":"ImageObject","inLanguage":"tr","@id":"https:\/\/e-ciftlik.com\/haberler\/gundem\/ulusal-guvenlik-problemi-afet-isleri-bakanligi-kurulmali\/#primaryimage","url":"https:\/\/e-ciftlik.com\/haberler\/wp-content\/uploads\/2025\/01\/konyada-coken-binada-patlama-ve-kolon-kesme-suphesi-mimar-nihat-sen-a-haberde-1737800651325.jpg","contentUrl":"https:\/\/e-ciftlik.com\/haberler\/wp-content\/uploads\/2025\/01\/konyada-coken-binada-patlama-ve-kolon-kesme-suphesi-mimar-nihat-sen-a-haberde-1737800651325.jpg","width":1200,"height":675},{"@type":"BreadcrumbList","@id":"https:\/\/e-ciftlik.com\/haberler\/gundem\/ulusal-guvenlik-problemi-afet-isleri-bakanligi-kurulmali\/#breadcrumb","itemListElement":[{"@type":"ListItem","position":1,"name":"Anasayfa","item":"https:\/\/e-ciftlik.com\/haberler\/"},{"@type":"ListItem","position":2,"name":"Ulusal G\u00fcvenlik Problemi: Afet \u0130\u015fleri Bakanl\u0131\u011f\u0131 Kurulmal\u0131"}]},{"@type":"WebSite","@id":"https:\/\/e-ciftlik.com\/haberler\/#website","url":"https:\/\/e-ciftlik.com\/haberler\/","name":"E-\u00c7iftlik Haber | G\u00fcncel, Son Dakika Haberler, En Son Haber","description":"","publisher":{"@id":"https:\/\/e-ciftlik.com\/haberler\/#organization"},"potentialAction":[{"@type":"SearchAction","target":{"@type":"EntryPoint","urlTemplate":"https:\/\/e-ciftlik.com\/haberler\/?s={search_term_string}"},"query-input":{"@type":"PropertyValueSpecification","valueRequired":true,"valueName":"search_term_string"}}],"inLanguage":"tr"},{"@type":"Organization","@id":"https:\/\/e-ciftlik.com\/haberler\/#organization","name":"E-\u00c7\u0130FTL\u0130K HABER","url":"https:\/\/e-ciftlik.com\/haberler\/","logo":{"@type":"ImageObject","inLanguage":"tr","@id":"https:\/\/e-ciftlik.com\/haberler\/#\/schema\/logo\/image\/","url":"https:\/\/e-ciftlik.com\/haberler\/wp-content\/uploads\/2024\/06\/cropped-cropped-favicon-1-2.png","contentUrl":"https:\/\/e-ciftlik.com\/haberler\/wp-content\/uploads\/2024\/06\/cropped-cropped-favicon-1-2.png","width":512,"height":512,"caption":"E-\u00c7\u0130FTL\u0130K HABER"},"image":{"@id":"https:\/\/e-ciftlik.com\/haberler\/#\/schema\/logo\/image\/"},"sameAs":["https:\/\/www.facebook.com\/eciftlikturkiye","https:\/\/x.com\/eciftlikresmi","https:\/\/www.instagram.com\/eciftlikresmi\/"]},{"@type":"Person","@id":"https:\/\/e-ciftlik.com\/haberler\/#\/schema\/person\/d2f4fee3143d7f72be82cb887d51b00a","name":"Haber Merkezi","image":{"@type":"ImageObject","inLanguage":"tr","@id":"https:\/\/secure.gravatar.com\/avatar\/6c27d641914e66c1d0452c92716002398782818991d86db1c2cccb531e7c7c82?s=96&d=mm&r=g","url":"https:\/\/secure.gravatar.com\/avatar\/6c27d641914e66c1d0452c92716002398782818991d86db1c2cccb531e7c7c82?s=96&d=mm&r=g","contentUrl":"https:\/\/secure.gravatar.com\/avatar\/6c27d641914e66c1d0452c92716002398782818991d86db1c2cccb531e7c7c82?s=96&d=mm&r=g","caption":"Haber Merkezi"},"sameAs":["http:\/\/e-ciftlik.com\/haberler"]}]}},"_links":{"self":[{"href":"https:\/\/e-ciftlik.com\/haberler\/wp-json\/wp\/v2\/posts\/74433","targetHints":{"allow":["GET"]}}],"collection":[{"href":"https:\/\/e-ciftlik.com\/haberler\/wp-json\/wp\/v2\/posts"}],"about":[{"href":"https:\/\/e-ciftlik.com\/haberler\/wp-json\/wp\/v2\/types\/post"}],"author":[{"embeddable":true,"href":"https:\/\/e-ciftlik.com\/haberler\/wp-json\/wp\/v2\/users\/1"}],"replies":[{"embeddable":true,"href":"https:\/\/e-ciftlik.com\/haberler\/wp-json\/wp\/v2\/comments?post=74433"}],"version-history":[{"count":0,"href":"https:\/\/e-ciftlik.com\/haberler\/wp-json\/wp\/v2\/posts\/74433\/revisions"}],"wp:featuredmedia":[{"embeddable":true,"href":"https:\/\/e-ciftlik.com\/haberler\/wp-json\/wp\/v2\/media\/74434"}],"wp:attachment":[{"href":"https:\/\/e-ciftlik.com\/haberler\/wp-json\/wp\/v2\/media?parent=74433"}],"wp:term":[{"taxonomy":"category","embeddable":true,"href":"https:\/\/e-ciftlik.com\/haberler\/wp-json\/wp\/v2\/categories?post=74433"},{"taxonomy":"post_tag","embeddable":true,"href":"https:\/\/e-ciftlik.com\/haberler\/wp-json\/wp\/v2\/tags?post=74433"}],"curies":[{"name":"wp","href":"https:\/\/api.w.org\/{rel}","templated":true}]}}