{"id":74442,"date":"2025-01-27T09:49:15","date_gmt":"2025-01-27T09:49:15","guid":{"rendered":"http:\/\/e-ciftlik.com\/haberler\/egitim\/osymden-sinav-aciklamasi-yarin-basliyor\/"},"modified":"2025-01-27T09:49:15","modified_gmt":"2025-01-27T09:49:15","slug":"osymden-sinav-aciklamasi-yarin-basliyor","status":"publish","type":"post","link":"https:\/\/e-ciftlik.com\/haberler\/egitim\/osymden-sinav-aciklamasi-yarin-basliyor\/","title":{"rendered":"\u00d6SYM&#8217;den S\u0131nav A\u00e7\u0131klamas\u0131: Yar\u0131n Ba\u015fl\u0131yor!"},"content":{"rendered":"<p>\u00d6SYM&#8217;den yap\u0131lan a\u00e7\u0131klamaya g\u00f6re, yar\u0131n Adalet Bakanl\u0131\u011f\u0131 Adli Yarg\u0131 Hakim ve Savc\u0131 Yard\u0131mc\u0131l\u0131\u011f\u0131 Yaz\u0131l\u0131 Yar\u0131\u015fma S\u0131nav\u0131 (2024-Adli Yarg\u0131) ve e-YDS 2024\/12 s\u0131navlar\u0131 ger\u00e7ekle\u015ftirilecek. Ayr\u0131ca, Adalet Bakanl\u0131\u011f\u0131 Avukatlar \u0130\u00e7in Adli Yarg\u0131 Hakim ve Savc\u0131 Yard\u0131mc\u0131l\u0131\u011f\u0131 Yaz\u0131l\u0131 Yar\u0131\u015fma S\u0131nav\u0131 (2024-Adli Yarg\u0131-Avukat) ile \u0130dari Yarg\u0131 Hakim Yard\u0131mc\u0131l\u0131\u011f\u0131 Yaz\u0131l\u0131 Yar\u0131\u015fma S\u0131nav\u0131 (2024-\u0130dari Yarg\u0131) ise 22 Aral\u0131k Pazar g\u00fcn\u00fc yap\u0131lacak.<\/p>\n<p>Elektronik Yabanc\u0131 Dil S\u0131nav\u0131 (e-YDS) ayn\u0131 g\u00fcn yap\u0131lacak ve Adalet Bakanl\u0131\u011f\u0131 S\u0131navlar\u0131n\u0131n sonu\u00e7lar\u0131 22 Ocak 2025&#8217;te a\u00e7\u0131klanacak. S\u0131navlara kat\u0131lacak adaylar i\u00e7in kimlik kart\u0131 kaybeden, n\u00fcfus c\u00fczdan\u0131 olmayan veya n\u00fcfus c\u00fczdan\u0131nda kimlik numaras\u0131 ve foto\u011fraf bulunmayan adaylar i\u00e7in il ve il\u00e7e n\u00fcfus m\u00fcd\u00fcrl\u00fckleri s\u0131nav g\u00fcnleri a\u00e7\u0131k bulundurulacak.<\/p>\n<p>\u00d6SYM Ba\u015fkan\u0131 Prof. Dr. Bayram Ali Ersoy, s\u0131navlarla ilgili yapt\u0131\u011f\u0131 a\u00e7\u0131klamada, Adalet Bakanl\u0131\u011f\u0131 s\u0131navlar\u0131na toplam 67 bin 527 aday\u0131n kat\u0131laca\u011f\u0131n\u0131 belirtti. S\u0131navlar i\u00e7in 173 bina ve 2 bin 609 salon kullan\u0131lacak. Elektronik Yabanc\u0131 Dil S\u0131nav\u0131 ise 4 ilde, 5 bin 267 aday\u0131n kat\u0131l\u0131m\u0131yla ger\u00e7ekle\u015fecek. Ayr\u0131ca, s\u0131navlara ba\u015fvuran gaziler ile \u015fehit ve gazilerin e\u015f ve \u00e7ocuklar\u0131n\u0131n s\u0131nav \u00fccretinden muaf tutulaca\u011f\u0131n\u0131 ve bu haktan 359 aday\u0131n yararlanaca\u011f\u0131n\u0131 a\u00e7\u0131klad\u0131. S\u0131navlara 172 engelli aday\u0131n kat\u0131laca\u011f\u0131n\u0131 ve s\u0131navlarda emniyet personeli dahil 9 bin 315 ki\u015finin g\u00f6rev yapaca\u011f\u0131n\u0131 belirtti. Son olarak, t\u00fcm adaylara ba\u015far\u0131lar dileyerek a\u00e7\u0131klamas\u0131n\u0131 tamamlad\u0131.<\/p>\n","protected":false},"excerpt":{"rendered":"<p>\u00d6SYM&#8217;den yap\u0131lan a\u00e7\u0131klamaya g\u00f6re, yar\u0131n Adalet Bakanl\u0131\u011f\u0131 Adli Yarg\u0131 Hakim ve Savc\u0131 Yard\u0131mc\u0131l\u0131\u011f\u0131 Yaz\u0131l\u0131 Yar\u0131\u015fma&hellip;<\/p>\n","protected":false},"author":1,"featured_media":580,"comment_status":"open","ping_status":"open","sticky":false,"template":"","format":"standard","meta":{"footnotes":""},"categories":[12],"tags":[],"class_list":["post-74442","post","type-post","status-publish","format-standard","has-post-thumbnail","hentry","category-egitim"],"yoast_head":"<!-- This site is optimized with the Yoast SEO Premium plugin v24.3 (Yoast SEO v27.4) - https:\/\/yoast.com\/product\/yoast-seo-premium-wordpress\/ -->\n<title>\u00d6SYM&#039;den S\u0131nav A\u00e7\u0131klamas\u0131: Yar\u0131n Ba\u015fl\u0131yor! - E-&Ccedil;\u0130FTL\u0130K HABER<\/title>\n<meta name=\"description\" content=\"\u00d6SYM&#039;den yap\u0131lan a\u00e7\u0131klamaya g\u00f6re, yar\u0131n Adalet Bakanl\u0131\u011f\u0131 Adli Yarg\u0131 Hakim ve Savc\u0131 Yard\u0131mc\u0131l\u0131\u011f\u0131 Yaz\u0131l\u0131 Yar\u0131\u015fma S\u0131nav\u0131 (2024-Adli Yarg\u0131) ve e-YDS 2024\/12\" \/>\n<meta name=\"robots\" content=\"index, follow, max-snippet:-1, max-image-preview:large, max-video-preview:-1\" \/>\n<link rel=\"canonical\" href=\"https:\/\/e-ciftlik.com\/haberler\/egitim\/osymden-sinav-aciklamasi-yarin-basliyor\/\" \/>\n<meta property=\"og:locale\" content=\"tr_TR\" \/>\n<meta property=\"og:type\" content=\"article\" \/>\n<meta property=\"og:title\" content=\"\u00d6SYM&#039;den S\u0131nav A\u00e7\u0131klamas\u0131: Yar\u0131n Ba\u015fl\u0131yor!\" \/>\n<meta property=\"og:description\" content=\"\u00d6SYM&#039;den yap\u0131lan a\u00e7\u0131klamaya g\u00f6re, yar\u0131n Adalet Bakanl\u0131\u011f\u0131 Adli Yarg\u0131 Hakim ve Savc\u0131 Yard\u0131mc\u0131l\u0131\u011f\u0131 Yaz\u0131l\u0131 Yar\u0131\u015fma S\u0131nav\u0131 (2024-Adli Yarg\u0131) ve e-YDS 2024\/12\" \/>\n<meta property=\"og:url\" content=\"https:\/\/e-ciftlik.com\/haberler\/egitim\/osymden-sinav-aciklamasi-yarin-basliyor\/\" \/>\n<meta property=\"og:site_name\" content=\"E-&Ccedil;\u0130FTL\u0130K HABER\" \/>\n<meta property=\"article:publisher\" content=\"https:\/\/www.facebook.com\/eciftlikturkiye\" \/>\n<meta property=\"article:published_time\" content=\"2025-01-27T09:49:15+00:00\" \/>\n<meta property=\"og:image\" content=\"https:\/\/e-ciftlik.com\/haberler\/wp-content\/uploads\/2024\/06\/sinav-1476155.jpg\" \/>\n\t<meta property=\"og:image:width\" content=\"1280\" \/>\n\t<meta property=\"og:image:height\" content=\"720\" \/>\n\t<meta property=\"og:image:type\" content=\"image\/jpeg\" \/>\n<meta name=\"author\" content=\"Haber Merkezi\" \/>\n<meta name=\"twitter:card\" content=\"summary_large_image\" \/>\n<meta name=\"twitter:creator\" content=\"@eciftlikresmi\" \/>\n<meta name=\"twitter:site\" content=\"@eciftlikresmi\" \/>\n<meta name=\"twitter:label1\" content=\"Yazan:\" \/>\n\t<meta name=\"twitter:data1\" content=\"Haber Merkezi\" \/>\n\t<meta name=\"twitter:label2\" content=\"Tahmini okuma s\u00fcresi\" \/>\n\t<meta name=\"twitter:data2\" content=\"1 dakika\" \/>\n<script type=\"application\/ld+json\" class=\"yoast-schema-graph\">{\"@context\":\"https:\\\/\\\/schema.org\",\"@graph\":[{\"@type\":\"NewsArticle\",\"@id\":\"https:\\\/\\\/e-ciftlik.com\\\/haberler\\\/egitim\\\/osymden-sinav-aciklamasi-yarin-basliyor\\\/#article\",\"isPartOf\":{\"@id\":\"https:\\\/\\\/e-ciftlik.com\\\/haberler\\\/egitim\\\/osymden-sinav-aciklamasi-yarin-basliyor\\\/\"},\"author\":{\"name\":\"Haber Merkezi\",\"@id\":\"https:\\\/\\\/e-ciftlik.com\\\/haberler\\\/#\\\/schema\\\/person\\\/d2f4fee3143d7f72be82cb887d51b00a\"},\"headline\":\"\u00d6SYM&#8217;den S\u0131nav A\u00e7\u0131klamas\u0131: Yar\u0131n Ba\u015fl\u0131yor!\",\"datePublished\":\"2025-01-27T09:49:15+00:00\",\"mainEntityOfPage\":{\"@id\":\"https:\\\/\\\/e-ciftlik.com\\\/haberler\\\/egitim\\\/osymden-sinav-aciklamasi-yarin-basliyor\\\/\"},\"wordCount\":284,\"commentCount\":0,\"publisher\":{\"@id\":\"https:\\\/\\\/e-ciftlik.com\\\/haberler\\\/#organization\"},\"image\":{\"@id\":\"https:\\\/\\\/e-ciftlik.com\\\/haberler\\\/egitim\\\/osymden-sinav-aciklamasi-yarin-basliyor\\\/#primaryimage\"},\"thumbnailUrl\":\"https:\\\/\\\/e-ciftlik.com\\\/haberler\\\/wp-content\\\/uploads\\\/2024\\\/06\\\/sinav-1476155.jpg\",\"articleSection\":[\"E\u011fitim\"],\"inLanguage\":\"tr\",\"potentialAction\":[{\"@type\":\"CommentAction\",\"name\":\"Comment\",\"target\":[\"https:\\\/\\\/e-ciftlik.com\\\/haberler\\\/egitim\\\/osymden-sinav-aciklamasi-yarin-basliyor\\\/#respond\"]}]},{\"@type\":\"WebPage\",\"@id\":\"https:\\\/\\\/e-ciftlik.com\\\/haberler\\\/egitim\\\/osymden-sinav-aciklamasi-yarin-basliyor\\\/\",\"url\":\"https:\\\/\\\/e-ciftlik.com\\\/haberler\\\/egitim\\\/osymden-sinav-aciklamasi-yarin-basliyor\\\/\",\"name\":\"\u00d6SYM'den S\u0131nav A\u00e7\u0131klamas\u0131: Yar\u0131n Ba\u015fl\u0131yor! - E-&Ccedil;\u0130FTL\u0130K HABER\",\"isPartOf\":{\"@id\":\"https:\\\/\\\/e-ciftlik.com\\\/haberler\\\/#website\"},\"primaryImageOfPage\":{\"@id\":\"https:\\\/\\\/e-ciftlik.com\\\/haberler\\\/egitim\\\/osymden-sinav-aciklamasi-yarin-basliyor\\\/#primaryimage\"},\"image\":{\"@id\":\"https:\\\/\\\/e-ciftlik.com\\\/haberler\\\/egitim\\\/osymden-sinav-aciklamasi-yarin-basliyor\\\/#primaryimage\"},\"thumbnailUrl\":\"https:\\\/\\\/e-ciftlik.com\\\/haberler\\\/wp-content\\\/uploads\\\/2024\\\/06\\\/sinav-1476155.jpg\",\"datePublished\":\"2025-01-27T09:49:15+00:00\",\"description\":\"\u00d6SYM'den yap\u0131lan a\u00e7\u0131klamaya g\u00f6re, yar\u0131n Adalet Bakanl\u0131\u011f\u0131 Adli Yarg\u0131 Hakim ve Savc\u0131 Yard\u0131mc\u0131l\u0131\u011f\u0131 Yaz\u0131l\u0131 Yar\u0131\u015fma S\u0131nav\u0131 (2024-Adli Yarg\u0131) ve e-YDS 2024\\\/12\",\"breadcrumb\":{\"@id\":\"https:\\\/\\\/e-ciftlik.com\\\/haberler\\\/egitim\\\/osymden-sinav-aciklamasi-yarin-basliyor\\\/#breadcrumb\"},\"inLanguage\":\"tr\",\"potentialAction\":[{\"@type\":\"ReadAction\",\"target\":[\"https:\\\/\\\/e-ciftlik.com\\\/haberler\\\/egitim\\\/osymden-sinav-aciklamasi-yarin-basliyor\\\/\"]}]},{\"@type\":\"ImageObject\",\"inLanguage\":\"tr\",\"@id\":\"https:\\\/\\\/e-ciftlik.com\\\/haberler\\\/egitim\\\/osymden-sinav-aciklamasi-yarin-basliyor\\\/#primaryimage\",\"url\":\"https:\\\/\\\/e-ciftlik.com\\\/haberler\\\/wp-content\\\/uploads\\\/2024\\\/06\\\/sinav-1476155.jpg\",\"contentUrl\":\"https:\\\/\\\/e-ciftlik.com\\\/haberler\\\/wp-content\\\/uploads\\\/2024\\\/06\\\/sinav-1476155.jpg\",\"width\":1280,\"height\":720},{\"@type\":\"BreadcrumbList\",\"@id\":\"https:\\\/\\\/e-ciftlik.com\\\/haberler\\\/egitim\\\/osymden-sinav-aciklamasi-yarin-basliyor\\\/#breadcrumb\",\"itemListElement\":[{\"@type\":\"ListItem\",\"position\":1,\"name\":\"Anasayfa\",\"item\":\"https:\\\/\\\/e-ciftlik.com\\\/haberler\\\/\"},{\"@type\":\"ListItem\",\"position\":2,\"name\":\"\u00d6SYM&#8217;den S\u0131nav A\u00e7\u0131klamas\u0131: Yar\u0131n Ba\u015fl\u0131yor!\"}]},{\"@type\":\"WebSite\",\"@id\":\"https:\\\/\\\/e-ciftlik.com\\\/haberler\\\/#website\",\"url\":\"https:\\\/\\\/e-ciftlik.com\\\/haberler\\\/\",\"name\":\"E-\u00c7iftlik Haber | G\u00fcncel, Son Dakika Haberler, En Son Haber\",\"description\":\"\",\"publisher\":{\"@id\":\"https:\\\/\\\/e-ciftlik.com\\\/haberler\\\/#organization\"},\"potentialAction\":[{\"@type\":\"SearchAction\",\"target\":{\"@type\":\"EntryPoint\",\"urlTemplate\":\"https:\\\/\\\/e-ciftlik.com\\\/haberler\\\/?s={search_term_string}\"},\"query-input\":{\"@type\":\"PropertyValueSpecification\",\"valueRequired\":true,\"valueName\":\"search_term_string\"}}],\"inLanguage\":\"tr\"},{\"@type\":\"Organization\",\"@id\":\"https:\\\/\\\/e-ciftlik.com\\\/haberler\\\/#organization\",\"name\":\"E-\u00c7\u0130FTL\u0130K HABER\",\"url\":\"https:\\\/\\\/e-ciftlik.com\\\/haberler\\\/\",\"logo\":{\"@type\":\"ImageObject\",\"inLanguage\":\"tr\",\"@id\":\"https:\\\/\\\/e-ciftlik.com\\\/haberler\\\/#\\\/schema\\\/logo\\\/image\\\/\",\"url\":\"https:\\\/\\\/e-ciftlik.com\\\/haberler\\\/wp-content\\\/uploads\\\/2024\\\/06\\\/cropped-cropped-favicon-1-2.png\",\"contentUrl\":\"https:\\\/\\\/e-ciftlik.com\\\/haberler\\\/wp-content\\\/uploads\\\/2024\\\/06\\\/cropped-cropped-favicon-1-2.png\",\"width\":512,\"height\":512,\"caption\":\"E-\u00c7\u0130FTL\u0130K HABER\"},\"image\":{\"@id\":\"https:\\\/\\\/e-ciftlik.com\\\/haberler\\\/#\\\/schema\\\/logo\\\/image\\\/\"},\"sameAs\":[\"https:\\\/\\\/www.facebook.com\\\/eciftlikturkiye\",\"https:\\\/\\\/x.com\\\/eciftlikresmi\",\"https:\\\/\\\/www.instagram.com\\\/eciftlikresmi\\\/\"]},{\"@type\":\"Person\",\"@id\":\"https:\\\/\\\/e-ciftlik.com\\\/haberler\\\/#\\\/schema\\\/person\\\/d2f4fee3143d7f72be82cb887d51b00a\",\"name\":\"Haber Merkezi\",\"image\":{\"@type\":\"ImageObject\",\"inLanguage\":\"tr\",\"@id\":\"https:\\\/\\\/secure.gravatar.com\\\/avatar\\\/6c27d641914e66c1d0452c92716002398782818991d86db1c2cccb531e7c7c82?s=96&d=mm&r=g\",\"url\":\"https:\\\/\\\/secure.gravatar.com\\\/avatar\\\/6c27d641914e66c1d0452c92716002398782818991d86db1c2cccb531e7c7c82?s=96&d=mm&r=g\",\"contentUrl\":\"https:\\\/\\\/secure.gravatar.com\\\/avatar\\\/6c27d641914e66c1d0452c92716002398782818991d86db1c2cccb531e7c7c82?s=96&d=mm&r=g\",\"caption\":\"Haber Merkezi\"},\"sameAs\":[\"http:\\\/\\\/e-ciftlik.com\\\/haberler\"]}]}<\/script>\n<!-- \/ Yoast SEO Premium plugin. -->","yoast_head_json":{"title":"\u00d6SYM'den S\u0131nav A\u00e7\u0131klamas\u0131: Yar\u0131n Ba\u015fl\u0131yor! - E-&Ccedil;\u0130FTL\u0130K HABER","description":"\u00d6SYM'den yap\u0131lan a\u00e7\u0131klamaya g\u00f6re, yar\u0131n Adalet Bakanl\u0131\u011f\u0131 Adli Yarg\u0131 Hakim ve Savc\u0131 Yard\u0131mc\u0131l\u0131\u011f\u0131 Yaz\u0131l\u0131 Yar\u0131\u015fma S\u0131nav\u0131 (2024-Adli Yarg\u0131) ve e-YDS 2024\/12","robots":{"index":"index","follow":"follow","max-snippet":"max-snippet:-1","max-image-preview":"max-image-preview:large","max-video-preview":"max-video-preview:-1"},"canonical":"https:\/\/e-ciftlik.com\/haberler\/egitim\/osymden-sinav-aciklamasi-yarin-basliyor\/","og_locale":"tr_TR","og_type":"article","og_title":"\u00d6SYM'den S\u0131nav A\u00e7\u0131klamas\u0131: Yar\u0131n Ba\u015fl\u0131yor!","og_description":"\u00d6SYM'den yap\u0131lan a\u00e7\u0131klamaya g\u00f6re, yar\u0131n Adalet Bakanl\u0131\u011f\u0131 Adli Yarg\u0131 Hakim ve Savc\u0131 Yard\u0131mc\u0131l\u0131\u011f\u0131 Yaz\u0131l\u0131 Yar\u0131\u015fma S\u0131nav\u0131 (2024-Adli Yarg\u0131) ve e-YDS 2024\/12","og_url":"https:\/\/e-ciftlik.com\/haberler\/egitim\/osymden-sinav-aciklamasi-yarin-basliyor\/","og_site_name":"E-&Ccedil;\u0130FTL\u0130K HABER","article_publisher":"https:\/\/www.facebook.com\/eciftlikturkiye","article_published_time":"2025-01-27T09:49:15+00:00","og_image":[{"width":1280,"height":720,"url":"https:\/\/e-ciftlik.com\/haberler\/wp-content\/uploads\/2024\/06\/sinav-1476155.jpg","type":"image\/jpeg"}],"author":"Haber Merkezi","twitter_card":"summary_large_image","twitter_creator":"@eciftlikresmi","twitter_site":"@eciftlikresmi","twitter_misc":{"Yazan:":"Haber Merkezi","Tahmini okuma s\u00fcresi":"1 dakika"},"schema":{"@context":"https:\/\/schema.org","@graph":[{"@type":"NewsArticle","@id":"https:\/\/e-ciftlik.com\/haberler\/egitim\/osymden-sinav-aciklamasi-yarin-basliyor\/#article","isPartOf":{"@id":"https:\/\/e-ciftlik.com\/haberler\/egitim\/osymden-sinav-aciklamasi-yarin-basliyor\/"},"author":{"name":"Haber Merkezi","@id":"https:\/\/e-ciftlik.com\/haberler\/#\/schema\/person\/d2f4fee3143d7f72be82cb887d51b00a"},"headline":"\u00d6SYM&#8217;den S\u0131nav A\u00e7\u0131klamas\u0131: Yar\u0131n Ba\u015fl\u0131yor!","datePublished":"2025-01-27T09:49:15+00:00","mainEntityOfPage":{"@id":"https:\/\/e-ciftlik.com\/haberler\/egitim\/osymden-sinav-aciklamasi-yarin-basliyor\/"},"wordCount":284,"commentCount":0,"publisher":{"@id":"https:\/\/e-ciftlik.com\/haberler\/#organization"},"image":{"@id":"https:\/\/e-ciftlik.com\/haberler\/egitim\/osymden-sinav-aciklamasi-yarin-basliyor\/#primaryimage"},"thumbnailUrl":"https:\/\/e-ciftlik.com\/haberler\/wp-content\/uploads\/2024\/06\/sinav-1476155.jpg","articleSection":["E\u011fitim"],"inLanguage":"tr","potentialAction":[{"@type":"CommentAction","name":"Comment","target":["https:\/\/e-ciftlik.com\/haberler\/egitim\/osymden-sinav-aciklamasi-yarin-basliyor\/#respond"]}]},{"@type":"WebPage","@id":"https:\/\/e-ciftlik.com\/haberler\/egitim\/osymden-sinav-aciklamasi-yarin-basliyor\/","url":"https:\/\/e-ciftlik.com\/haberler\/egitim\/osymden-sinav-aciklamasi-yarin-basliyor\/","name":"\u00d6SYM'den S\u0131nav A\u00e7\u0131klamas\u0131: Yar\u0131n Ba\u015fl\u0131yor! - E-&Ccedil;\u0130FTL\u0130K HABER","isPartOf":{"@id":"https:\/\/e-ciftlik.com\/haberler\/#website"},"primaryImageOfPage":{"@id":"https:\/\/e-ciftlik.com\/haberler\/egitim\/osymden-sinav-aciklamasi-yarin-basliyor\/#primaryimage"},"image":{"@id":"https:\/\/e-ciftlik.com\/haberler\/egitim\/osymden-sinav-aciklamasi-yarin-basliyor\/#primaryimage"},"thumbnailUrl":"https:\/\/e-ciftlik.com\/haberler\/wp-content\/uploads\/2024\/06\/sinav-1476155.jpg","datePublished":"2025-01-27T09:49:15+00:00","description":"\u00d6SYM'den yap\u0131lan a\u00e7\u0131klamaya g\u00f6re, yar\u0131n Adalet Bakanl\u0131\u011f\u0131 Adli Yarg\u0131 Hakim ve Savc\u0131 Yard\u0131mc\u0131l\u0131\u011f\u0131 Yaz\u0131l\u0131 Yar\u0131\u015fma S\u0131nav\u0131 (2024-Adli Yarg\u0131) ve e-YDS 2024\/12","breadcrumb":{"@id":"https:\/\/e-ciftlik.com\/haberler\/egitim\/osymden-sinav-aciklamasi-yarin-basliyor\/#breadcrumb"},"inLanguage":"tr","potentialAction":[{"@type":"ReadAction","target":["https:\/\/e-ciftlik.com\/haberler\/egitim\/osymden-sinav-aciklamasi-yarin-basliyor\/"]}]},{"@type":"ImageObject","inLanguage":"tr","@id":"https:\/\/e-ciftlik.com\/haberler\/egitim\/osymden-sinav-aciklamasi-yarin-basliyor\/#primaryimage","url":"https:\/\/e-ciftlik.com\/haberler\/wp-content\/uploads\/2024\/06\/sinav-1476155.jpg","contentUrl":"https:\/\/e-ciftlik.com\/haberler\/wp-content\/uploads\/2024\/06\/sinav-1476155.jpg","width":1280,"height":720},{"@type":"BreadcrumbList","@id":"https:\/\/e-ciftlik.com\/haberler\/egitim\/osymden-sinav-aciklamasi-yarin-basliyor\/#breadcrumb","itemListElement":[{"@type":"ListItem","position":1,"name":"Anasayfa","item":"https:\/\/e-ciftlik.com\/haberler\/"},{"@type":"ListItem","position":2,"name":"\u00d6SYM&#8217;den S\u0131nav A\u00e7\u0131klamas\u0131: Yar\u0131n Ba\u015fl\u0131yor!"}]},{"@type":"WebSite","@id":"https:\/\/e-ciftlik.com\/haberler\/#website","url":"https:\/\/e-ciftlik.com\/haberler\/","name":"E-\u00c7iftlik Haber | G\u00fcncel, Son Dakika Haberler, En Son Haber","description":"","publisher":{"@id":"https:\/\/e-ciftlik.com\/haberler\/#organization"},"potentialAction":[{"@type":"SearchAction","target":{"@type":"EntryPoint","urlTemplate":"https:\/\/e-ciftlik.com\/haberler\/?s={search_term_string}"},"query-input":{"@type":"PropertyValueSpecification","valueRequired":true,"valueName":"search_term_string"}}],"inLanguage":"tr"},{"@type":"Organization","@id":"https:\/\/e-ciftlik.com\/haberler\/#organization","name":"E-\u00c7\u0130FTL\u0130K HABER","url":"https:\/\/e-ciftlik.com\/haberler\/","logo":{"@type":"ImageObject","inLanguage":"tr","@id":"https:\/\/e-ciftlik.com\/haberler\/#\/schema\/logo\/image\/","url":"https:\/\/e-ciftlik.com\/haberler\/wp-content\/uploads\/2024\/06\/cropped-cropped-favicon-1-2.png","contentUrl":"https:\/\/e-ciftlik.com\/haberler\/wp-content\/uploads\/2024\/06\/cropped-cropped-favicon-1-2.png","width":512,"height":512,"caption":"E-\u00c7\u0130FTL\u0130K HABER"},"image":{"@id":"https:\/\/e-ciftlik.com\/haberler\/#\/schema\/logo\/image\/"},"sameAs":["https:\/\/www.facebook.com\/eciftlikturkiye","https:\/\/x.com\/eciftlikresmi","https:\/\/www.instagram.com\/eciftlikresmi\/"]},{"@type":"Person","@id":"https:\/\/e-ciftlik.com\/haberler\/#\/schema\/person\/d2f4fee3143d7f72be82cb887d51b00a","name":"Haber Merkezi","image":{"@type":"ImageObject","inLanguage":"tr","@id":"https:\/\/secure.gravatar.com\/avatar\/6c27d641914e66c1d0452c92716002398782818991d86db1c2cccb531e7c7c82?s=96&d=mm&r=g","url":"https:\/\/secure.gravatar.com\/avatar\/6c27d641914e66c1d0452c92716002398782818991d86db1c2cccb531e7c7c82?s=96&d=mm&r=g","contentUrl":"https:\/\/secure.gravatar.com\/avatar\/6c27d641914e66c1d0452c92716002398782818991d86db1c2cccb531e7c7c82?s=96&d=mm&r=g","caption":"Haber Merkezi"},"sameAs":["http:\/\/e-ciftlik.com\/haberler"]}]}},"_links":{"self":[{"href":"https:\/\/e-ciftlik.com\/haberler\/wp-json\/wp\/v2\/posts\/74442","targetHints":{"allow":["GET"]}}],"collection":[{"href":"https:\/\/e-ciftlik.com\/haberler\/wp-json\/wp\/v2\/posts"}],"about":[{"href":"https:\/\/e-ciftlik.com\/haberler\/wp-json\/wp\/v2\/types\/post"}],"author":[{"embeddable":true,"href":"https:\/\/e-ciftlik.com\/haberler\/wp-json\/wp\/v2\/users\/1"}],"replies":[{"embeddable":true,"href":"https:\/\/e-ciftlik.com\/haberler\/wp-json\/wp\/v2\/comments?post=74442"}],"version-history":[{"count":0,"href":"https:\/\/e-ciftlik.com\/haberler\/wp-json\/wp\/v2\/posts\/74442\/revisions"}],"wp:featuredmedia":[{"embeddable":true,"href":"https:\/\/e-ciftlik.com\/haberler\/wp-json\/wp\/v2\/media\/580"}],"wp:attachment":[{"href":"https:\/\/e-ciftlik.com\/haberler\/wp-json\/wp\/v2\/media?parent=74442"}],"wp:term":[{"taxonomy":"category","embeddable":true,"href":"https:\/\/e-ciftlik.com\/haberler\/wp-json\/wp\/v2\/categories?post=74442"},{"taxonomy":"post_tag","embeddable":true,"href":"https:\/\/e-ciftlik.com\/haberler\/wp-json\/wp\/v2\/tags?post=74442"}],"curies":[{"name":"wp","href":"https:\/\/api.w.org\/{rel}","templated":true}]}}