{"id":74443,"date":"2025-01-27T09:51:38","date_gmt":"2025-01-27T09:51:38","guid":{"rendered":"http:\/\/e-ciftlik.com\/haberler\/gundem\/sehit-astsubayin-intikami-alindi\/"},"modified":"2025-01-27T09:51:38","modified_gmt":"2025-01-27T09:51:38","slug":"sehit-astsubayin-intikami-alindi","status":"publish","type":"post","link":"https:\/\/e-ciftlik.com\/haberler\/gundem\/sehit-astsubayin-intikami-alindi\/","title":{"rendered":"\u015eEH\u0130T ASTSUBAYIN \u0130NT\u0130KAMI ALINDI"},"content":{"rendered":"<p>Astsubay \u00dcst\u00e7avu\u015f Ak\u0131nc\u0131&#8217;n\u0131n T\u00fcrk bayra\u011f\u0131na sar\u0131l\u0131 naa\u015f\u0131, Ahmet Hamdi Akseki Camisi&#8217;ne getirildi. Burada d\u00fczenlenen t\u00f6rene, \u015fehidin ailesi ve yak\u0131nlar\u0131, Milli Savunma Bakan\u0131 Ya\u015far G\u00fcler, Genelkurmay Ba\u015fkan\u0131 Orgeneral Metin G\u00fcrak, BBP Genel Ba\u015fkan\u0131 Mustafa Destici, Ankara Valisi Vasip \u015eahin ve Ankara B\u00fcy\u00fck\u015fehir Belediye Ba\u015fkan\u0131 Mansur Yava\u015f ile vatanda\u015flar kat\u0131ld\u0131.<\/p>\n<p>\u015eehidin ailesi ve yak\u0131nlar\u0131, cami avlusunda taziyeleri kabul etti.<\/p>\n<p>Astsubay \u00dcst\u00e7avu\u015f Ak\u0131nc\u0131&#8217;n\u0131n naa\u015f\u0131, ikindi vakti Diyanet \u0130\u015fleri Ba\u015fkan\u0131 Ali Erba\u015f&#8217;\u0131n k\u0131ld\u0131rd\u0131\u011f\u0131 cenaze namaz\u0131n\u0131n ard\u0131ndan askerlerin omuzlar\u0131nda top arabas\u0131na ta\u015f\u0131nd\u0131.<\/p>\n<p>\u015eehidin cenazesi, Cebeci Askeri \u015eehitli\u011fi&#8217;nde topra\u011fa verildi.<\/p>\n<p>Astsubay Ufuk Ak\u0131nc\u0131&#8217;y\u0131 Irak&#8217;\u0131n kuzeyinde \u015fehit eden PKK&#8217;l\u0131 ter\u00f6ristlerin etkisiz hale getirildi\u011fini g\u00f6steren g\u00f6r\u00fcnt\u00fcler ortaya \u00e7\u0131kt\u0131.<\/p>\n<p>\u015eehit ailesine taziye ziyaretinde bulunan Bakan G\u00fcler \u015eehit Astsubay Ak\u0131nc\u0131&#8217;n\u0131n kan\u0131n\u0131n yerde kalmad\u0131\u011f\u0131 m\u00fcjdesini vererek iki ter\u00f6ristin gebertildi\u011fini a\u00e7\u0131klad\u0131.<\/p>\n<p>Bakan G\u00fcler konu\u015fmas\u0131nda \u015fu ifadeleri kulland\u0131: &#8220;Ufuk evlad\u0131m\u0131z b\u00fcy\u00fck bir kahramanl\u0131kla kendi birli\u011finin en \u00f6n\u00fcnde giderken \u015fehit oldu. Ama \u015fehit edenleri de d\u00fcn bulduk, ikisini de geberttik Allah&#8217;a \u015f\u00fck\u00fcr. Kan\u0131 yerde kalmad\u0131.&#8221;<\/p>\n","protected":false},"excerpt":{"rendered":"<p>Astsubay \u00dcst\u00e7avu\u015f Ak\u0131nc\u0131&#8217;n\u0131n T\u00fcrk bayra\u011f\u0131na sar\u0131l\u0131 naa\u015f\u0131, Ahmet Hamdi Akseki Camisi&#8217;ne getirildi. Burada d\u00fczenlenen t\u00f6rene,&hellip;<\/p>\n","protected":false},"author":1,"featured_media":74444,"comment_status":"open","ping_status":"open","sticky":false,"template":"","format":"standard","meta":{"footnotes":""},"categories":[10],"tags":[],"class_list":["post-74443","post","type-post","status-publish","format-standard","has-post-thumbnail","hentry","category-gundem"],"yoast_head":"<!-- This site is optimized with the Yoast SEO Premium plugin v24.3 (Yoast SEO v27.4) - https:\/\/yoast.com\/product\/yoast-seo-premium-wordpress\/ -->\n<title>\u015eEH\u0130T ASTSUBAYIN \u0130NT\u0130KAMI ALINDI - E-&Ccedil;\u0130FTL\u0130K HABER<\/title>\n<meta name=\"description\" content=\"Astsubay \u00dcst\u00e7avu\u015f Ak\u0131nc\u0131&#039;n\u0131n T\u00fcrk bayra\u011f\u0131na sar\u0131l\u0131 naa\u015f\u0131, Ahmet Hamdi Akseki Camisi&#039;ne getirildi. Burada d\u00fczenlenen t\u00f6rene, \u015fehidin ailesi ve yak\u0131nlar\u0131,\" \/>\n<meta name=\"robots\" content=\"index, follow, max-snippet:-1, max-image-preview:large, max-video-preview:-1\" \/>\n<link rel=\"canonical\" href=\"https:\/\/e-ciftlik.com\/haberler\/gundem\/sehit-astsubayin-intikami-alindi\/\" \/>\n<meta property=\"og:locale\" content=\"tr_TR\" \/>\n<meta property=\"og:type\" content=\"article\" \/>\n<meta property=\"og:title\" content=\"\u015eEH\u0130T ASTSUBAYIN \u0130NT\u0130KAMI ALINDI\" \/>\n<meta property=\"og:description\" content=\"Astsubay \u00dcst\u00e7avu\u015f Ak\u0131nc\u0131&#039;n\u0131n T\u00fcrk bayra\u011f\u0131na sar\u0131l\u0131 naa\u015f\u0131, Ahmet Hamdi Akseki Camisi&#039;ne getirildi. Burada d\u00fczenlenen t\u00f6rene, \u015fehidin ailesi ve yak\u0131nlar\u0131,\" \/>\n<meta property=\"og:url\" content=\"https:\/\/e-ciftlik.com\/haberler\/gundem\/sehit-astsubayin-intikami-alindi\/\" \/>\n<meta property=\"og:site_name\" content=\"E-&Ccedil;\u0130FTL\u0130K HABER\" \/>\n<meta property=\"article:publisher\" content=\"https:\/\/www.facebook.com\/eciftlikturkiye\" \/>\n<meta property=\"article:published_time\" content=\"2025-01-27T09:51:38+00:00\" \/>\n<meta property=\"og:image\" content=\"https:\/\/e-ciftlik.com\/haberler\/wp-content\/uploads\/2025\/01\/1737804195208.jpg\" \/>\n\t<meta property=\"og:image:width\" content=\"1200\" \/>\n\t<meta property=\"og:image:height\" content=\"675\" \/>\n\t<meta property=\"og:image:type\" content=\"image\/jpeg\" \/>\n<meta name=\"author\" content=\"Haber Merkezi\" \/>\n<meta name=\"twitter:card\" content=\"summary_large_image\" \/>\n<meta name=\"twitter:creator\" content=\"@eciftlikresmi\" \/>\n<meta name=\"twitter:site\" content=\"@eciftlikresmi\" \/>\n<meta name=\"twitter:label1\" content=\"Yazan:\" \/>\n\t<meta name=\"twitter:data1\" content=\"Haber Merkezi\" \/>\n\t<meta name=\"twitter:label2\" content=\"Tahmini okuma s\u00fcresi\" \/>\n\t<meta name=\"twitter:data2\" content=\"1 dakika\" \/>\n<script type=\"application\/ld+json\" class=\"yoast-schema-graph\">{\"@context\":\"https:\\\/\\\/schema.org\",\"@graph\":[{\"@type\":\"NewsArticle\",\"@id\":\"https:\\\/\\\/e-ciftlik.com\\\/haberler\\\/gundem\\\/sehit-astsubayin-intikami-alindi\\\/#article\",\"isPartOf\":{\"@id\":\"https:\\\/\\\/e-ciftlik.com\\\/haberler\\\/gundem\\\/sehit-astsubayin-intikami-alindi\\\/\"},\"author\":{\"name\":\"Haber Merkezi\",\"@id\":\"https:\\\/\\\/e-ciftlik.com\\\/haberler\\\/#\\\/schema\\\/person\\\/d2f4fee3143d7f72be82cb887d51b00a\"},\"headline\":\"\u015eEH\u0130T ASTSUBAYIN \u0130NT\u0130KAMI ALINDI\",\"datePublished\":\"2025-01-27T09:51:38+00:00\",\"mainEntityOfPage\":{\"@id\":\"https:\\\/\\\/e-ciftlik.com\\\/haberler\\\/gundem\\\/sehit-astsubayin-intikami-alindi\\\/\"},\"wordCount\":230,\"commentCount\":0,\"publisher\":{\"@id\":\"https:\\\/\\\/e-ciftlik.com\\\/haberler\\\/#organization\"},\"image\":{\"@id\":\"https:\\\/\\\/e-ciftlik.com\\\/haberler\\\/gundem\\\/sehit-astsubayin-intikami-alindi\\\/#primaryimage\"},\"thumbnailUrl\":\"https:\\\/\\\/e-ciftlik.com\\\/haberler\\\/wp-content\\\/uploads\\\/2025\\\/01\\\/1737804195208.jpg\",\"articleSection\":[\"G\u00fcndem\"],\"inLanguage\":\"tr\",\"potentialAction\":[{\"@type\":\"CommentAction\",\"name\":\"Comment\",\"target\":[\"https:\\\/\\\/e-ciftlik.com\\\/haberler\\\/gundem\\\/sehit-astsubayin-intikami-alindi\\\/#respond\"]}]},{\"@type\":\"WebPage\",\"@id\":\"https:\\\/\\\/e-ciftlik.com\\\/haberler\\\/gundem\\\/sehit-astsubayin-intikami-alindi\\\/\",\"url\":\"https:\\\/\\\/e-ciftlik.com\\\/haberler\\\/gundem\\\/sehit-astsubayin-intikami-alindi\\\/\",\"name\":\"\u015eEH\u0130T ASTSUBAYIN \u0130NT\u0130KAMI ALINDI - E-&Ccedil;\u0130FTL\u0130K HABER\",\"isPartOf\":{\"@id\":\"https:\\\/\\\/e-ciftlik.com\\\/haberler\\\/#website\"},\"primaryImageOfPage\":{\"@id\":\"https:\\\/\\\/e-ciftlik.com\\\/haberler\\\/gundem\\\/sehit-astsubayin-intikami-alindi\\\/#primaryimage\"},\"image\":{\"@id\":\"https:\\\/\\\/e-ciftlik.com\\\/haberler\\\/gundem\\\/sehit-astsubayin-intikami-alindi\\\/#primaryimage\"},\"thumbnailUrl\":\"https:\\\/\\\/e-ciftlik.com\\\/haberler\\\/wp-content\\\/uploads\\\/2025\\\/01\\\/1737804195208.jpg\",\"datePublished\":\"2025-01-27T09:51:38+00:00\",\"description\":\"Astsubay \u00dcst\u00e7avu\u015f Ak\u0131nc\u0131'n\u0131n T\u00fcrk bayra\u011f\u0131na sar\u0131l\u0131 naa\u015f\u0131, Ahmet Hamdi Akseki Camisi'ne getirildi. Burada d\u00fczenlenen t\u00f6rene, \u015fehidin ailesi ve yak\u0131nlar\u0131,\",\"breadcrumb\":{\"@id\":\"https:\\\/\\\/e-ciftlik.com\\\/haberler\\\/gundem\\\/sehit-astsubayin-intikami-alindi\\\/#breadcrumb\"},\"inLanguage\":\"tr\",\"potentialAction\":[{\"@type\":\"ReadAction\",\"target\":[\"https:\\\/\\\/e-ciftlik.com\\\/haberler\\\/gundem\\\/sehit-astsubayin-intikami-alindi\\\/\"]}]},{\"@type\":\"ImageObject\",\"inLanguage\":\"tr\",\"@id\":\"https:\\\/\\\/e-ciftlik.com\\\/haberler\\\/gundem\\\/sehit-astsubayin-intikami-alindi\\\/#primaryimage\",\"url\":\"https:\\\/\\\/e-ciftlik.com\\\/haberler\\\/wp-content\\\/uploads\\\/2025\\\/01\\\/1737804195208.jpg\",\"contentUrl\":\"https:\\\/\\\/e-ciftlik.com\\\/haberler\\\/wp-content\\\/uploads\\\/2025\\\/01\\\/1737804195208.jpg\",\"width\":1200,\"height\":675},{\"@type\":\"BreadcrumbList\",\"@id\":\"https:\\\/\\\/e-ciftlik.com\\\/haberler\\\/gundem\\\/sehit-astsubayin-intikami-alindi\\\/#breadcrumb\",\"itemListElement\":[{\"@type\":\"ListItem\",\"position\":1,\"name\":\"Anasayfa\",\"item\":\"https:\\\/\\\/e-ciftlik.com\\\/haberler\\\/\"},{\"@type\":\"ListItem\",\"position\":2,\"name\":\"\u015eEH\u0130T ASTSUBAYIN \u0130NT\u0130KAMI ALINDI\"}]},{\"@type\":\"WebSite\",\"@id\":\"https:\\\/\\\/e-ciftlik.com\\\/haberler\\\/#website\",\"url\":\"https:\\\/\\\/e-ciftlik.com\\\/haberler\\\/\",\"name\":\"E-\u00c7iftlik Haber | G\u00fcncel, Son Dakika Haberler, En Son Haber\",\"description\":\"\",\"publisher\":{\"@id\":\"https:\\\/\\\/e-ciftlik.com\\\/haberler\\\/#organization\"},\"potentialAction\":[{\"@type\":\"SearchAction\",\"target\":{\"@type\":\"EntryPoint\",\"urlTemplate\":\"https:\\\/\\\/e-ciftlik.com\\\/haberler\\\/?s={search_term_string}\"},\"query-input\":{\"@type\":\"PropertyValueSpecification\",\"valueRequired\":true,\"valueName\":\"search_term_string\"}}],\"inLanguage\":\"tr\"},{\"@type\":\"Organization\",\"@id\":\"https:\\\/\\\/e-ciftlik.com\\\/haberler\\\/#organization\",\"name\":\"E-\u00c7\u0130FTL\u0130K HABER\",\"url\":\"https:\\\/\\\/e-ciftlik.com\\\/haberler\\\/\",\"logo\":{\"@type\":\"ImageObject\",\"inLanguage\":\"tr\",\"@id\":\"https:\\\/\\\/e-ciftlik.com\\\/haberler\\\/#\\\/schema\\\/logo\\\/image\\\/\",\"url\":\"https:\\\/\\\/e-ciftlik.com\\\/haberler\\\/wp-content\\\/uploads\\\/2024\\\/06\\\/cropped-cropped-favicon-1-2.png\",\"contentUrl\":\"https:\\\/\\\/e-ciftlik.com\\\/haberler\\\/wp-content\\\/uploads\\\/2024\\\/06\\\/cropped-cropped-favicon-1-2.png\",\"width\":512,\"height\":512,\"caption\":\"E-\u00c7\u0130FTL\u0130K HABER\"},\"image\":{\"@id\":\"https:\\\/\\\/e-ciftlik.com\\\/haberler\\\/#\\\/schema\\\/logo\\\/image\\\/\"},\"sameAs\":[\"https:\\\/\\\/www.facebook.com\\\/eciftlikturkiye\",\"https:\\\/\\\/x.com\\\/eciftlikresmi\",\"https:\\\/\\\/www.instagram.com\\\/eciftlikresmi\\\/\"]},{\"@type\":\"Person\",\"@id\":\"https:\\\/\\\/e-ciftlik.com\\\/haberler\\\/#\\\/schema\\\/person\\\/d2f4fee3143d7f72be82cb887d51b00a\",\"name\":\"Haber Merkezi\",\"image\":{\"@type\":\"ImageObject\",\"inLanguage\":\"tr\",\"@id\":\"https:\\\/\\\/secure.gravatar.com\\\/avatar\\\/6c27d641914e66c1d0452c92716002398782818991d86db1c2cccb531e7c7c82?s=96&d=mm&r=g\",\"url\":\"https:\\\/\\\/secure.gravatar.com\\\/avatar\\\/6c27d641914e66c1d0452c92716002398782818991d86db1c2cccb531e7c7c82?s=96&d=mm&r=g\",\"contentUrl\":\"https:\\\/\\\/secure.gravatar.com\\\/avatar\\\/6c27d641914e66c1d0452c92716002398782818991d86db1c2cccb531e7c7c82?s=96&d=mm&r=g\",\"caption\":\"Haber Merkezi\"},\"sameAs\":[\"http:\\\/\\\/e-ciftlik.com\\\/haberler\"]}]}<\/script>\n<!-- \/ Yoast SEO Premium plugin. -->","yoast_head_json":{"title":"\u015eEH\u0130T ASTSUBAYIN \u0130NT\u0130KAMI ALINDI - E-&Ccedil;\u0130FTL\u0130K HABER","description":"Astsubay \u00dcst\u00e7avu\u015f Ak\u0131nc\u0131'n\u0131n T\u00fcrk bayra\u011f\u0131na sar\u0131l\u0131 naa\u015f\u0131, Ahmet Hamdi Akseki Camisi'ne getirildi. Burada d\u00fczenlenen t\u00f6rene, \u015fehidin ailesi ve yak\u0131nlar\u0131,","robots":{"index":"index","follow":"follow","max-snippet":"max-snippet:-1","max-image-preview":"max-image-preview:large","max-video-preview":"max-video-preview:-1"},"canonical":"https:\/\/e-ciftlik.com\/haberler\/gundem\/sehit-astsubayin-intikami-alindi\/","og_locale":"tr_TR","og_type":"article","og_title":"\u015eEH\u0130T ASTSUBAYIN \u0130NT\u0130KAMI ALINDI","og_description":"Astsubay \u00dcst\u00e7avu\u015f Ak\u0131nc\u0131'n\u0131n T\u00fcrk bayra\u011f\u0131na sar\u0131l\u0131 naa\u015f\u0131, Ahmet Hamdi Akseki Camisi'ne getirildi. Burada d\u00fczenlenen t\u00f6rene, \u015fehidin ailesi ve yak\u0131nlar\u0131,","og_url":"https:\/\/e-ciftlik.com\/haberler\/gundem\/sehit-astsubayin-intikami-alindi\/","og_site_name":"E-&Ccedil;\u0130FTL\u0130K HABER","article_publisher":"https:\/\/www.facebook.com\/eciftlikturkiye","article_published_time":"2025-01-27T09:51:38+00:00","og_image":[{"width":1200,"height":675,"url":"https:\/\/e-ciftlik.com\/haberler\/wp-content\/uploads\/2025\/01\/1737804195208.jpg","type":"image\/jpeg"}],"author":"Haber Merkezi","twitter_card":"summary_large_image","twitter_creator":"@eciftlikresmi","twitter_site":"@eciftlikresmi","twitter_misc":{"Yazan:":"Haber Merkezi","Tahmini okuma s\u00fcresi":"1 dakika"},"schema":{"@context":"https:\/\/schema.org","@graph":[{"@type":"NewsArticle","@id":"https:\/\/e-ciftlik.com\/haberler\/gundem\/sehit-astsubayin-intikami-alindi\/#article","isPartOf":{"@id":"https:\/\/e-ciftlik.com\/haberler\/gundem\/sehit-astsubayin-intikami-alindi\/"},"author":{"name":"Haber Merkezi","@id":"https:\/\/e-ciftlik.com\/haberler\/#\/schema\/person\/d2f4fee3143d7f72be82cb887d51b00a"},"headline":"\u015eEH\u0130T ASTSUBAYIN \u0130NT\u0130KAMI ALINDI","datePublished":"2025-01-27T09:51:38+00:00","mainEntityOfPage":{"@id":"https:\/\/e-ciftlik.com\/haberler\/gundem\/sehit-astsubayin-intikami-alindi\/"},"wordCount":230,"commentCount":0,"publisher":{"@id":"https:\/\/e-ciftlik.com\/haberler\/#organization"},"image":{"@id":"https:\/\/e-ciftlik.com\/haberler\/gundem\/sehit-astsubayin-intikami-alindi\/#primaryimage"},"thumbnailUrl":"https:\/\/e-ciftlik.com\/haberler\/wp-content\/uploads\/2025\/01\/1737804195208.jpg","articleSection":["G\u00fcndem"],"inLanguage":"tr","potentialAction":[{"@type":"CommentAction","name":"Comment","target":["https:\/\/e-ciftlik.com\/haberler\/gundem\/sehit-astsubayin-intikami-alindi\/#respond"]}]},{"@type":"WebPage","@id":"https:\/\/e-ciftlik.com\/haberler\/gundem\/sehit-astsubayin-intikami-alindi\/","url":"https:\/\/e-ciftlik.com\/haberler\/gundem\/sehit-astsubayin-intikami-alindi\/","name":"\u015eEH\u0130T ASTSUBAYIN \u0130NT\u0130KAMI ALINDI - E-&Ccedil;\u0130FTL\u0130K HABER","isPartOf":{"@id":"https:\/\/e-ciftlik.com\/haberler\/#website"},"primaryImageOfPage":{"@id":"https:\/\/e-ciftlik.com\/haberler\/gundem\/sehit-astsubayin-intikami-alindi\/#primaryimage"},"image":{"@id":"https:\/\/e-ciftlik.com\/haberler\/gundem\/sehit-astsubayin-intikami-alindi\/#primaryimage"},"thumbnailUrl":"https:\/\/e-ciftlik.com\/haberler\/wp-content\/uploads\/2025\/01\/1737804195208.jpg","datePublished":"2025-01-27T09:51:38+00:00","description":"Astsubay \u00dcst\u00e7avu\u015f Ak\u0131nc\u0131'n\u0131n T\u00fcrk bayra\u011f\u0131na sar\u0131l\u0131 naa\u015f\u0131, Ahmet Hamdi Akseki Camisi'ne getirildi. Burada d\u00fczenlenen t\u00f6rene, \u015fehidin ailesi ve yak\u0131nlar\u0131,","breadcrumb":{"@id":"https:\/\/e-ciftlik.com\/haberler\/gundem\/sehit-astsubayin-intikami-alindi\/#breadcrumb"},"inLanguage":"tr","potentialAction":[{"@type":"ReadAction","target":["https:\/\/e-ciftlik.com\/haberler\/gundem\/sehit-astsubayin-intikami-alindi\/"]}]},{"@type":"ImageObject","inLanguage":"tr","@id":"https:\/\/e-ciftlik.com\/haberler\/gundem\/sehit-astsubayin-intikami-alindi\/#primaryimage","url":"https:\/\/e-ciftlik.com\/haberler\/wp-content\/uploads\/2025\/01\/1737804195208.jpg","contentUrl":"https:\/\/e-ciftlik.com\/haberler\/wp-content\/uploads\/2025\/01\/1737804195208.jpg","width":1200,"height":675},{"@type":"BreadcrumbList","@id":"https:\/\/e-ciftlik.com\/haberler\/gundem\/sehit-astsubayin-intikami-alindi\/#breadcrumb","itemListElement":[{"@type":"ListItem","position":1,"name":"Anasayfa","item":"https:\/\/e-ciftlik.com\/haberler\/"},{"@type":"ListItem","position":2,"name":"\u015eEH\u0130T ASTSUBAYIN \u0130NT\u0130KAMI ALINDI"}]},{"@type":"WebSite","@id":"https:\/\/e-ciftlik.com\/haberler\/#website","url":"https:\/\/e-ciftlik.com\/haberler\/","name":"E-\u00c7iftlik Haber | G\u00fcncel, Son Dakika Haberler, En Son Haber","description":"","publisher":{"@id":"https:\/\/e-ciftlik.com\/haberler\/#organization"},"potentialAction":[{"@type":"SearchAction","target":{"@type":"EntryPoint","urlTemplate":"https:\/\/e-ciftlik.com\/haberler\/?s={search_term_string}"},"query-input":{"@type":"PropertyValueSpecification","valueRequired":true,"valueName":"search_term_string"}}],"inLanguage":"tr"},{"@type":"Organization","@id":"https:\/\/e-ciftlik.com\/haberler\/#organization","name":"E-\u00c7\u0130FTL\u0130K HABER","url":"https:\/\/e-ciftlik.com\/haberler\/","logo":{"@type":"ImageObject","inLanguage":"tr","@id":"https:\/\/e-ciftlik.com\/haberler\/#\/schema\/logo\/image\/","url":"https:\/\/e-ciftlik.com\/haberler\/wp-content\/uploads\/2024\/06\/cropped-cropped-favicon-1-2.png","contentUrl":"https:\/\/e-ciftlik.com\/haberler\/wp-content\/uploads\/2024\/06\/cropped-cropped-favicon-1-2.png","width":512,"height":512,"caption":"E-\u00c7\u0130FTL\u0130K HABER"},"image":{"@id":"https:\/\/e-ciftlik.com\/haberler\/#\/schema\/logo\/image\/"},"sameAs":["https:\/\/www.facebook.com\/eciftlikturkiye","https:\/\/x.com\/eciftlikresmi","https:\/\/www.instagram.com\/eciftlikresmi\/"]},{"@type":"Person","@id":"https:\/\/e-ciftlik.com\/haberler\/#\/schema\/person\/d2f4fee3143d7f72be82cb887d51b00a","name":"Haber Merkezi","image":{"@type":"ImageObject","inLanguage":"tr","@id":"https:\/\/secure.gravatar.com\/avatar\/6c27d641914e66c1d0452c92716002398782818991d86db1c2cccb531e7c7c82?s=96&d=mm&r=g","url":"https:\/\/secure.gravatar.com\/avatar\/6c27d641914e66c1d0452c92716002398782818991d86db1c2cccb531e7c7c82?s=96&d=mm&r=g","contentUrl":"https:\/\/secure.gravatar.com\/avatar\/6c27d641914e66c1d0452c92716002398782818991d86db1c2cccb531e7c7c82?s=96&d=mm&r=g","caption":"Haber Merkezi"},"sameAs":["http:\/\/e-ciftlik.com\/haberler"]}]}},"_links":{"self":[{"href":"https:\/\/e-ciftlik.com\/haberler\/wp-json\/wp\/v2\/posts\/74443","targetHints":{"allow":["GET"]}}],"collection":[{"href":"https:\/\/e-ciftlik.com\/haberler\/wp-json\/wp\/v2\/posts"}],"about":[{"href":"https:\/\/e-ciftlik.com\/haberler\/wp-json\/wp\/v2\/types\/post"}],"author":[{"embeddable":true,"href":"https:\/\/e-ciftlik.com\/haberler\/wp-json\/wp\/v2\/users\/1"}],"replies":[{"embeddable":true,"href":"https:\/\/e-ciftlik.com\/haberler\/wp-json\/wp\/v2\/comments?post=74443"}],"version-history":[{"count":0,"href":"https:\/\/e-ciftlik.com\/haberler\/wp-json\/wp\/v2\/posts\/74443\/revisions"}],"wp:featuredmedia":[{"embeddable":true,"href":"https:\/\/e-ciftlik.com\/haberler\/wp-json\/wp\/v2\/media\/74444"}],"wp:attachment":[{"href":"https:\/\/e-ciftlik.com\/haberler\/wp-json\/wp\/v2\/media?parent=74443"}],"wp:term":[{"taxonomy":"category","embeddable":true,"href":"https:\/\/e-ciftlik.com\/haberler\/wp-json\/wp\/v2\/categories?post=74443"},{"taxonomy":"post_tag","embeddable":true,"href":"https:\/\/e-ciftlik.com\/haberler\/wp-json\/wp\/v2\/tags?post=74443"}],"curies":[{"name":"wp","href":"https:\/\/api.w.org\/{rel}","templated":true}]}}