{"id":74481,"date":"2025-01-27T11:17:04","date_gmt":"2025-01-27T11:17:04","guid":{"rendered":"http:\/\/e-ciftlik.com\/haberler\/gundem\/baskan-erdogan-boludaki-otel-yanginina-tepki\/"},"modified":"2025-01-27T11:17:04","modified_gmt":"2025-01-27T11:17:04","slug":"baskan-erdogan-boludaki-otel-yanginina-tepki","status":"publish","type":"post","link":"https:\/\/e-ciftlik.com\/haberler\/gundem\/baskan-erdogan-boludaki-otel-yanginina-tepki\/","title":{"rendered":"Ba\u015fkan Erdo\u011fan Bolu&#8217;daki Otel Yang\u0131n\u0131na Tepki"},"content":{"rendered":"<p>Ba\u015fkan Erdo\u011fan, Eski\u015fehir Teknik \u00dcniversitesi Spor Salonu&#8217;nda d\u00fczenlenen partisinin Eski\u015fehir 8. Ola\u011fan \u0130l Kongresi&#8217;nde konu\u015ftu. Konu\u015fmas\u0131na salondakileri selamlayarak ba\u015flayan Erdo\u011fan, &#8220;S\u00f6zlerimin hemen ba\u015f\u0131nda yar\u0131n gece m\u00fc\u015ferref olaca\u011f\u0131m\u0131z Mira\u00e7 gecenizi \u015fimdiden tebrik ediyorum. Peygamberimizin, aleyhissalatu vesselam, \u00f6nce Mescid-i Haram&#8217;dan Kud\u00fcs&#8217;teki Mescid-i Aksa&#8217;ya oradan Sidret\u00fc&#8217;l-M\u00fcnteha&#8217;ya ge\u00e7erek makam\u0131 alaya ula\u015ft\u0131\u011f\u0131 bu m\u00fcbarek gecenin aff\u0131m\u0131za, ma\u011ffiretimize, kurtulu\u015fumuza vesile olmas\u0131n\u0131 Rabb&#8217;imden niyaz ediyorum.&#8221; ifadesini kulland\u0131.<\/p>\n<p>&#8220;Mira\u00e7&#8221; denilince akla ilk olarak Kud\u00fcs-\u00fc \u015eerif&#8217;in geldi\u011fini, \u015eair ve Yazar Nuri Pakdil&#8217;in &#8220;Tur Da\u011f\u0131&#8217;n\u0131 ya\u015fa ki, bilesin nerede Kud\u00fcs. Ben Kud\u00fcs&#8217;\u00fc bir kol saati gibi ta\u015f\u0131yorum. Ayarlanmadan Kud\u00fcs&#8217;e bo\u015funa vakit ge\u00e7irirsin, buz tutar g\u00f6z\u00fcn, g\u00f6rmez olur.&#8221; dizelerini okuyan Erdo\u011fan, \u015f\u00f6yle devam etti:<\/p>\n<p>&#8220;Bu m\u00fcbarek geceye m\u00fcnasebetiyle 471 g\u00fcnl\u00fck y\u0131k\u0131m\u0131n, katliam\u0131n ve soyk\u0131r\u0131m\u0131n ard\u0131ndan ge\u00e7en hafta ba\u015flayan ate\u015fkesle bir nebze olsun rahat nefes alan Gazzeli ve Filistinli karde\u015flerimize dayan\u0131\u015fma mesajlar\u0131m\u0131z\u0131 g\u00f6nderiyoruz. \u00c7o\u011fu \u00e7ocuk ve kad\u0131n 50 binden fazla masumun \u015fehit d\u00fc\u015ft\u00fc\u011f\u00fc Gazze&#8217;de biraz buruk, biraz h\u00fcz\u00fcnl\u00fc de olsa y\u00fczlerin ilk defa g\u00fclmesinden biz de memnuniyet duyuyoruz. 15 ay boyunca Filistinli karde\u015flerimizi nas\u0131l yaln\u0131z b\u0131rakmad\u0131ysak m\u00fcbarek Ramazan-\u0131 \u015eerif \u00f6ncesinde de t\u00fcm imkanlar\u0131m\u0131z\u0131 seferber edece\u011fiz.<\/p>\n<p>Yine buradan 13,5 y\u0131l boyunca devam eden ve bir milyon insan\u0131n hayat\u0131na mal olan gaddarl\u0131\u011f\u0131n ard\u0131ndan aral\u0131k ay\u0131 ba\u015f\u0131nda \u00f6zg\u00fcrl\u00fcklerine kavu\u015fan Suriyeli karde\u015flerimize de selam ve dualar\u0131m\u0131z\u0131 yolluyoruz. T\u00fcrk milleti olarak karde\u015fli\u011fimizin ve insanl\u0131\u011f\u0131m\u0131z\u0131n s\u0131nand\u0131\u011f\u0131 her iki meselede de sa\u011fdan-soldan gelen t\u00fcm bask\u0131lara ra\u011fmen vicdanl\u0131, onurlu ve ilkeli duru\u015f sergilemenin hakl\u0131 bahtiyarl\u0131\u011f\u0131n\u0131 ya\u015f\u0131yoruz. Bug\u00fcn Suriye halk\u0131 da Gazzeli karde\u015flerimiz de T\u00fcrkiye i\u00e7in, T\u00fcrk milleti i\u00e7in dua ediyorsa &#8216;Allah raz\u0131 olsun&#8217; diyorsa bunun sebebi insan ve vicdan merkezli d\u0131\u015f politikam\u0131zd\u0131r.&#8221;<\/p>\n<p>Erdo\u011fan, haydutlu\u011fa r\u0131za g\u00f6stermediklerini, haks\u0131zl\u0131k kar\u015f\u0131s\u0131nda sessiz, tepkisiz kalmad\u0131klar\u0131n\u0131 vurgulayarak, &#8220;Mazluma s\u0131rt\u0131n\u0131 d\u00f6nenlerden olmad\u0131k. Vicdanl\u0131 olmak, tutarl\u0131 olmak, \u00f6z g\u00fcven sahibi olmak neyi gerektiriyorsa biz sadece onu yapt\u0131k, yapmaya da devam ediyoruz.&#8221; dedi.<\/p>\n<p>Salondakilerden, Mira\u00e7 gecesinde Gazzeli, Suriyeli, T\u00fcrkistanl\u0131 mazlumlar i\u00e7in dua ederken Bolu Kartalkaya&#8217;daki otel yang\u0131n\u0131nda vefat eden 78 vatanda\u015f i\u00e7in de dua etmelerini rica eden Erdo\u011fan, &#8220;Aralar\u0131nda uzun y\u0131llar beraber yol y\u00fcr\u00fcd\u00fc\u011f\u00fcm\u00fcz dava arkada\u015flar\u0131m\u0131z\u0131n da kadim dostlar\u0131m\u0131z\u0131n da ailelerinin de bulundu\u011fu 78 can\u0131m\u0131z\u0131 maalesef, hem de \u00e7ok \u00fcz\u00fcnt\u00fc verici bir \u015fekilde kaybettik.&#8221; ifadesini kulland\u0131.<\/p>\n<p>Erdo\u011fan, millet\u00e7e y\u00fcrekleri da\u011flayan bu elim hadise kar\u015f\u0131s\u0131nda 85 milyon olarak m\u00fcteessir olundu\u011funu belirterek, \u015funlar\u0131 kaydetti:<\/p>\n<p>&#8220;Yak\u0131nlar\u0131n\u0131 kaybedenlerin ac\u0131s\u0131n\u0131 ise sadece tahmin edebiliyoruz. Bu karde\u015flerimizin ac\u0131s\u0131n\u0131 hep beraber payla\u015fmak, devlet ve millet olarak yaln\u0131z olmad\u0131klar\u0131n\u0131 g\u00f6stermek amac\u0131yla bir g\u00fcnl\u00fck milli yas ilan ettik. Yarg\u0131m\u0131z hi\u00e7bir \u015f\u00fcphe bulutu kalmayacak \u015fekilde olay\u0131n t\u00fcm y\u00f6nleriyle ayd\u0131nlat\u0131lmas\u0131 i\u00e7in \u00e7ok yo\u011fun bir gayret i\u00e7inde. G\u00f6zalt\u0131na al\u0131nanlardan tutuklananlar oldu. Tutuklular aras\u0131nda otelin sahibi ve \u015firketin genel m\u00fcd\u00fcr\u00fc de var. Milletimize bu b\u00fcy\u00fck ac\u0131y\u0131 ya\u015fatanlar\u0131n hukuka hesap vermesi i\u00e7in yap\u0131lmas\u0131 gereken ne varsa tavizsiz bir \u015fekilde yerine getirilmektedir.<\/p>\n<p>\u0130lk g\u00fcnden beri, yak\u0131nlar\u0131n\u0131 kaybeden vatanda\u015flar\u0131m\u0131z\u0131n y\u00fcrek yang\u0131n\u0131na h\u00fcrmet etti\u011fimiz i\u00e7in siyasi polemikten \u0131srarla ve sab\u0131rla uzak duruyoruz. \u0130l kongrelerimizde ve kat\u0131ld\u0131\u011f\u0131m\u0131z di\u011fer programlarda bu hassasiyetimizi mutlaka ama mutlaka korumaya \u00e7al\u0131\u015f\u0131yoruz. B\u00f6yle bir trajedinin, aff\u0131n\u0131za s\u0131\u011f\u0131narak s\u00f6yl\u00fcyorum, siyaset\u00e7iler aras\u0131nda bir k\u00f6r d\u00f6v\u00fc\u015f\u00fcne, duygudan, empatiden, di\u011ferkaml\u0131ktan uzak bir kay\u0131k\u00e7\u0131 kavgas\u0131na alet edilmesini kesinlikle do\u011fru bulmuyoruz. S\u00f6zleriyle, \u00fcsluplar\u0131yla, tav\u0131rlar\u0131yla oturduklar\u0131 koltu\u011fun kendilerine y\u00fckledi\u011fi mesuliyetin hakk\u0131n\u0131 veremeyenler muhatab\u0131m\u0131z de\u011fildir.&#8221;<\/p>\n<p>Ba\u015fkan Erdo\u011fan, olay\u0131n ard\u0131ndan son derece \u00e7irkin bir dille sa\u011fa-sola sata\u015fanlara &#8220;belki anlarlar&#8221; \u00fcmidiyle Hac\u0131 Bekta\u015f&#8217;\u0131n &#8220;Bizim erkan\u0131m\u0131z, ahlaki Muhammed&#8217;i ve edebi Ali&#8217;dir. Adem suretinde olan herkes, Adem de\u011fildir. Adem&#8217;in Ademli\u011fi, ak\u0131l, haya ve ilimledir.&#8221; s\u00f6zlerini hat\u0131rlatarak, s\u00f6zlerini \u015f\u00f6yle s\u00fcrd\u00fcrd\u00fc:<\/p>\n<p>&#8220;Evet, daha cenazeler bile defnedilmeden, kederli ailelerimiz halen matem i\u00e7indeyken sald\u0131rgan bir dille yang\u0131n facias\u0131n\u0131 polemik konusu yapanlar\u0131 ma\u015feri vicdana havale ediyoruz. Yak\u0131nlar\u0131 vefat eden ailelerimizle birlikte milletimizi de rencide eden bu edep d\u0131\u015f\u0131, adap d\u0131\u015f\u0131, insaf yoksunu, \u00fcslubu ademe mahkum ediyoruz. Daha \u00f6nce ifade ettim, bug\u00fcn tekrar ediyorum. Yarg\u0131 organlar\u0131m\u0131z, 78 can\u0131m\u0131z\u0131n yitip gitmesine sebep olanlardan bunun hesab\u0131n\u0131 tek tek soracakt\u0131r. Yarg\u0131n\u0131n i\u015fini zorla\u015ft\u0131racak, yarg\u0131y\u0131, bask\u0131 ve t\u00f6hmet alt\u0131nda b\u0131rakacak her t\u00fcrl\u00fc beyandan herkesin imtina etmesi gerekiyor. Rabb&#8217;im faciada hayat\u0131n\u0131 kaybeden t\u00fcm vatanda\u015flar\u0131m\u0131za rahmetiyle, merhametiyle muamele eylesin. Telefon ederek veya mesaj g\u00f6ndererek milletimizin ac\u0131s\u0131n\u0131 payla\u015fan dost ve karde\u015f \u00fclkelerin liderlerine de buradan te\u015fekk\u00fcr ediyorum. Rabb&#8217;im \u00fclkemizi ve milletimizi bu t\u00fcr felaketlerden korusun.&#8221;<\/p>\n<p>AK Partili kadrolar olarak Yunus Emre&#8217;nin dedi\u011fi gibi &#8220;Dostun evi g\u00f6n\u00fcllerdir, g\u00f6n\u00fcller yapmaya geldik&#8221; diyen Erdo\u011fan, &#8220;Bizde millete k\u00fcsmek olmaz. Bizde millete dar\u0131lmak, bahaneyi millette aramak olmaz. Bizde muhalefetin 14-28 May\u0131s&#8217;ta yapt\u0131\u011f\u0131 gibi sand\u0131ktan istedi\u011fi sonu\u00e7 \u00e7\u0131kmay\u0131nca se\u00e7mene k\u0131zmak hatta hakaret etmek olmaz. Vatanda\u015f bizim velinimetimizdir. Halk\u0131n takdirinin ba\u015f\u0131m\u0131z\u0131n \u00fcst\u00fcnde yeri vard\u0131r. Arzu etti\u011fimiz konumda de\u011filsek sorumlusu biziz. Hak etti\u011fimiz yerde de\u011filsek hesaba \u00e7ekilecek olan kendi nefsimizdir.&#8221; dedi.<\/p>\n<p>Erdo\u011fan, 31 Mart se\u00e7imlerinde ortaya \u00e7\u0131kan foto\u011fraf\u0131 \u00e7ok iyi okuduklar\u0131n\u0131 dile getirerek, \u015f\u00f6yle devam etti:<\/p>\n<p>&#8220;31 Mart&#8217;ta milletimizin verdi\u011fi mesajlar\u0131 hi\u00e7bir komplekse kap\u0131lmadan analiz ediyor, yol haritam\u0131z\u0131 buna g\u00f6re belirliyoruz. Eski\u015fehir&#8217;deki sonu\u00e7lar i\u00e7in tavr\u0131m\u0131z, politikam\u0131z b\u00f6yledir. Kendimizi ele\u015ftirmekten \u00e7ekinmedik, \u00e7ekinmeyece\u011fiz. \u00d6z ele\u015ftirimizi yapmaktan korkmad\u0131k, korkmayaca\u011f\u0131z. Eksi\u011fimizi tamamlayacak, hatam\u0131z\u0131 d\u00fczeltecek, yanl\u0131\u015f\u0131m\u0131z varsa mazeret \u00fcretmek kolayc\u0131l\u0131\u011f\u0131na meyletmeyece\u011fiz. \u015eunu t\u00fcm te\u015fkilat\u0131m\u0131z\u0131n zihnine nak\u015fetmesini istiyorum, hi\u00e7birimizin k\u0131rg\u0131nl\u0131\u011fa, g\u00f6n\u00fcl koymaya hakk\u0131 da yoktur. \u00c7\u00fcnk\u00fc biz hedeflerimize kilitlendik. Biz, b\u00fcy\u00fck ve g\u00fc\u00e7l\u00fc T\u00fcrkiye idealine sevdaland\u0131k. Biz T\u00fcrkiye Y\u00fczy\u0131l\u0131&#8217;n\u0131 in\u015fa etmeye odakland\u0131k. Buna y\u00fcrekten inand\u0131k. Biz yar\u0131\u015f bittikten sonra da ko\u015fmaya devam eden atlar gibiyiz. A\u015fk\u0131m\u0131z\u0131, \u015fevkimizi, sevdam\u0131z\u0131, gayretimizi azaltmaya \u00e7al\u0131\u015fanlara kulak asmadan Eski\u015fehir i\u00e7in ko\u015fmaya devam edece\u011fiz.&#8221;<\/p>\n<p>Eski\u015fehir&#8217;i fetret devrinden kurtar\u0131p eser ve hizmet belediyecili\u011finin \u00f6rnek \u015fehri haline getirene kadar durmadan, dinlenmeden \u00e7al\u0131\u015facaklar\u0131n\u0131 ifade eden Erdo\u011fan, &#8220;Kongremizin bu hedefe giden yolda yeni bir kilometre ta\u015f\u0131 olaca\u011f\u0131na inan\u0131yorum. AK Parti Eski\u015fehir \u0130l Kongresi&#8217;nin \u015fehrimiz i\u00e7in Eski\u015fehirli karde\u015flerimle birlikte \u00fclkemiz, milletimiz i\u00e7in hay\u0131rlara vesile olmas\u0131n\u0131 diliyorum.&#8221; diye konu\u015ftu.<\/p>\n<p>Partisi ne olursa olsun, kime oy vermi\u015f, kime g\u00f6n\u00fcl vermi\u015f olursa olsun, 85 milyonun ve 81 vilayetin tamam\u0131 i\u00e7in \u00e7al\u0131\u015fmak, hizmet \u00fcretmek, ta\u015f \u00fcst\u00fcne ta\u015f koymakla m\u00fckellef olduklar\u0131n\u0131 vurgulayan Erdo\u011fan, son 22 y\u0131lda Eski\u015fehir&#8217;e kamu olarak 367 milyar liran\u0131n \u00fczerinde yat\u0131r\u0131m yapt\u0131klar\u0131n\u0131 s\u00f6yledi.<br \/>\nErdo\u011fan, Eski\u015fehir&#8217;e 22 y\u0131lda, adalette 2 milyar lira, e\u011fitimde 19 milyar lira, gen\u00e7lik ve sporda 6 milyar lira, sosyal yard\u0131mlarda 25 milyar lira, sa\u011fl\u0131kta 18 milyar lira, \u00e7evre ve \u015fehircilikte 55 milyar lira, ula\u015ft\u0131rmada 92 milyar lira, tar\u0131m ve ormanda 54 milyar lira, sanayi ve teknolojide 3 milyar lira yat\u0131r\u0131m 10 milyar lira destek olmak \u00fczere 13 milyar lira, enerjide 71 milyar lira, k\u00fclt\u00fcr ve turizmde 2 milyar lira, \u00e7al\u0131\u015fma ve sosyal g\u00fcvenlikte te\u015fviklerle 12 milyar liral\u0131k eser ve hizmetin kazand\u0131r\u0131ld\u0131\u011f\u0131n\u0131 ifade etti.<\/p>\n","protected":false},"excerpt":{"rendered":"<p>Ba\u015fkan Erdo\u011fan, Eski\u015fehir Teknik \u00dcniversitesi Spor Salonu&#8217;nda d\u00fczenlenen partisinin Eski\u015fehir 8. Ola\u011fan \u0130l Kongresi&#8217;nde konu\u015ftu.&hellip;<\/p>\n","protected":false},"author":1,"featured_media":50875,"comment_status":"open","ping_status":"open","sticky":false,"template":"","format":"standard","meta":{"footnotes":""},"categories":[10],"tags":[],"class_list":["post-74481","post","type-post","status-publish","format-standard","has-post-thumbnail","hentry","category-gundem"],"yoast_head":"<!-- This site is optimized with the Yoast SEO Premium plugin v24.3 (Yoast SEO v27.4) - https:\/\/yoast.com\/product\/yoast-seo-premium-wordpress\/ -->\n<title>Ba\u015fkan Erdo\u011fan Bolu&#039;daki Otel Yang\u0131n\u0131na Tepki - E-&Ccedil;\u0130FTL\u0130K HABER<\/title>\n<meta name=\"description\" content=\"Ba\u015fkan Erdo\u011fan, Eski\u015fehir Teknik \u00dcniversitesi Spor Salonu&#039;nda d\u00fczenlenen partisinin Eski\u015fehir 8. Ola\u011fan \u0130l Kongresi&#039;nde konu\u015ftu. Konu\u015fmas\u0131na salondakileri\" \/>\n<meta name=\"robots\" content=\"index, follow, max-snippet:-1, max-image-preview:large, max-video-preview:-1\" \/>\n<link rel=\"canonical\" href=\"https:\/\/e-ciftlik.com\/haberler\/gundem\/baskan-erdogan-boludaki-otel-yanginina-tepki\/\" \/>\n<meta property=\"og:locale\" content=\"tr_TR\" \/>\n<meta property=\"og:type\" content=\"article\" \/>\n<meta property=\"og:title\" content=\"Ba\u015fkan Erdo\u011fan Bolu&#039;daki Otel Yang\u0131n\u0131na Tepki\" \/>\n<meta property=\"og:description\" content=\"Ba\u015fkan Erdo\u011fan, Eski\u015fehir Teknik \u00dcniversitesi Spor Salonu&#039;nda d\u00fczenlenen partisinin Eski\u015fehir 8. Ola\u011fan \u0130l Kongresi&#039;nde konu\u015ftu. Konu\u015fmas\u0131na salondakileri\" \/>\n<meta property=\"og:url\" content=\"https:\/\/e-ciftlik.com\/haberler\/gundem\/baskan-erdogan-boludaki-otel-yanginina-tepki\/\" \/>\n<meta property=\"og:site_name\" content=\"E-&Ccedil;\u0130FTL\u0130K HABER\" \/>\n<meta property=\"article:publisher\" content=\"https:\/\/www.facebook.com\/eciftlikturkiye\" \/>\n<meta property=\"article:published_time\" content=\"2025-01-27T11:17:04+00:00\" \/>\n<meta property=\"og:image\" content=\"https:\/\/e-ciftlik.com\/haberler\/wp-content\/uploads\/2024\/11\/ahaber2.png\" \/>\n\t<meta property=\"og:image:width\" content=\"1200\" \/>\n\t<meta property=\"og:image:height\" content=\"630\" \/>\n\t<meta property=\"og:image:type\" content=\"image\/png\" \/>\n<meta name=\"author\" content=\"Haber Merkezi\" \/>\n<meta name=\"twitter:card\" content=\"summary_large_image\" \/>\n<meta name=\"twitter:creator\" content=\"@eciftlikresmi\" \/>\n<meta name=\"twitter:site\" content=\"@eciftlikresmi\" \/>\n<meta name=\"twitter:label1\" content=\"Yazan:\" \/>\n\t<meta name=\"twitter:data1\" content=\"Haber Merkezi\" \/>\n\t<meta name=\"twitter:label2\" content=\"Tahmini okuma s\u00fcresi\" \/>\n\t<meta name=\"twitter:data2\" content=\"7 dakika\" \/>\n<script type=\"application\/ld+json\" class=\"yoast-schema-graph\">{\"@context\":\"https:\\\/\\\/schema.org\",\"@graph\":[{\"@type\":\"NewsArticle\",\"@id\":\"https:\\\/\\\/e-ciftlik.com\\\/haberler\\\/gundem\\\/baskan-erdogan-boludaki-otel-yanginina-tepki\\\/#article\",\"isPartOf\":{\"@id\":\"https:\\\/\\\/e-ciftlik.com\\\/haberler\\\/gundem\\\/baskan-erdogan-boludaki-otel-yanginina-tepki\\\/\"},\"author\":{\"name\":\"Haber Merkezi\",\"@id\":\"https:\\\/\\\/e-ciftlik.com\\\/haberler\\\/#\\\/schema\\\/person\\\/d2f4fee3143d7f72be82cb887d51b00a\"},\"headline\":\"Ba\u015fkan Erdo\u011fan Bolu&#8217;daki Otel Yang\u0131n\u0131na Tepki\",\"datePublished\":\"2025-01-27T11:17:04+00:00\",\"mainEntityOfPage\":{\"@id\":\"https:\\\/\\\/e-ciftlik.com\\\/haberler\\\/gundem\\\/baskan-erdogan-boludaki-otel-yanginina-tepki\\\/\"},\"wordCount\":1448,\"commentCount\":0,\"publisher\":{\"@id\":\"https:\\\/\\\/e-ciftlik.com\\\/haberler\\\/#organization\"},\"image\":{\"@id\":\"https:\\\/\\\/e-ciftlik.com\\\/haberler\\\/gundem\\\/baskan-erdogan-boludaki-otel-yanginina-tepki\\\/#primaryimage\"},\"thumbnailUrl\":\"https:\\\/\\\/e-ciftlik.com\\\/haberler\\\/wp-content\\\/uploads\\\/2024\\\/11\\\/ahaber2.png\",\"articleSection\":[\"G\u00fcndem\"],\"inLanguage\":\"tr\",\"potentialAction\":[{\"@type\":\"CommentAction\",\"name\":\"Comment\",\"target\":[\"https:\\\/\\\/e-ciftlik.com\\\/haberler\\\/gundem\\\/baskan-erdogan-boludaki-otel-yanginina-tepki\\\/#respond\"]}]},{\"@type\":\"WebPage\",\"@id\":\"https:\\\/\\\/e-ciftlik.com\\\/haberler\\\/gundem\\\/baskan-erdogan-boludaki-otel-yanginina-tepki\\\/\",\"url\":\"https:\\\/\\\/e-ciftlik.com\\\/haberler\\\/gundem\\\/baskan-erdogan-boludaki-otel-yanginina-tepki\\\/\",\"name\":\"Ba\u015fkan Erdo\u011fan Bolu'daki Otel Yang\u0131n\u0131na Tepki - E-&Ccedil;\u0130FTL\u0130K HABER\",\"isPartOf\":{\"@id\":\"https:\\\/\\\/e-ciftlik.com\\\/haberler\\\/#website\"},\"primaryImageOfPage\":{\"@id\":\"https:\\\/\\\/e-ciftlik.com\\\/haberler\\\/gundem\\\/baskan-erdogan-boludaki-otel-yanginina-tepki\\\/#primaryimage\"},\"image\":{\"@id\":\"https:\\\/\\\/e-ciftlik.com\\\/haberler\\\/gundem\\\/baskan-erdogan-boludaki-otel-yanginina-tepki\\\/#primaryimage\"},\"thumbnailUrl\":\"https:\\\/\\\/e-ciftlik.com\\\/haberler\\\/wp-content\\\/uploads\\\/2024\\\/11\\\/ahaber2.png\",\"datePublished\":\"2025-01-27T11:17:04+00:00\",\"description\":\"Ba\u015fkan Erdo\u011fan, Eski\u015fehir Teknik \u00dcniversitesi Spor Salonu'nda d\u00fczenlenen partisinin Eski\u015fehir 8. Ola\u011fan \u0130l Kongresi'nde konu\u015ftu. Konu\u015fmas\u0131na salondakileri\",\"breadcrumb\":{\"@id\":\"https:\\\/\\\/e-ciftlik.com\\\/haberler\\\/gundem\\\/baskan-erdogan-boludaki-otel-yanginina-tepki\\\/#breadcrumb\"},\"inLanguage\":\"tr\",\"potentialAction\":[{\"@type\":\"ReadAction\",\"target\":[\"https:\\\/\\\/e-ciftlik.com\\\/haberler\\\/gundem\\\/baskan-erdogan-boludaki-otel-yanginina-tepki\\\/\"]}]},{\"@type\":\"ImageObject\",\"inLanguage\":\"tr\",\"@id\":\"https:\\\/\\\/e-ciftlik.com\\\/haberler\\\/gundem\\\/baskan-erdogan-boludaki-otel-yanginina-tepki\\\/#primaryimage\",\"url\":\"https:\\\/\\\/e-ciftlik.com\\\/haberler\\\/wp-content\\\/uploads\\\/2024\\\/11\\\/ahaber2.png\",\"contentUrl\":\"https:\\\/\\\/e-ciftlik.com\\\/haberler\\\/wp-content\\\/uploads\\\/2024\\\/11\\\/ahaber2.png\",\"width\":1200,\"height\":630},{\"@type\":\"BreadcrumbList\",\"@id\":\"https:\\\/\\\/e-ciftlik.com\\\/haberler\\\/gundem\\\/baskan-erdogan-boludaki-otel-yanginina-tepki\\\/#breadcrumb\",\"itemListElement\":[{\"@type\":\"ListItem\",\"position\":1,\"name\":\"Anasayfa\",\"item\":\"https:\\\/\\\/e-ciftlik.com\\\/haberler\\\/\"},{\"@type\":\"ListItem\",\"position\":2,\"name\":\"Ba\u015fkan Erdo\u011fan Bolu&#8217;daki Otel Yang\u0131n\u0131na Tepki\"}]},{\"@type\":\"WebSite\",\"@id\":\"https:\\\/\\\/e-ciftlik.com\\\/haberler\\\/#website\",\"url\":\"https:\\\/\\\/e-ciftlik.com\\\/haberler\\\/\",\"name\":\"E-\u00c7iftlik Haber | G\u00fcncel, Son Dakika Haberler, En Son Haber\",\"description\":\"\",\"publisher\":{\"@id\":\"https:\\\/\\\/e-ciftlik.com\\\/haberler\\\/#organization\"},\"potentialAction\":[{\"@type\":\"SearchAction\",\"target\":{\"@type\":\"EntryPoint\",\"urlTemplate\":\"https:\\\/\\\/e-ciftlik.com\\\/haberler\\\/?s={search_term_string}\"},\"query-input\":{\"@type\":\"PropertyValueSpecification\",\"valueRequired\":true,\"valueName\":\"search_term_string\"}}],\"inLanguage\":\"tr\"},{\"@type\":\"Organization\",\"@id\":\"https:\\\/\\\/e-ciftlik.com\\\/haberler\\\/#organization\",\"name\":\"E-\u00c7\u0130FTL\u0130K HABER\",\"url\":\"https:\\\/\\\/e-ciftlik.com\\\/haberler\\\/\",\"logo\":{\"@type\":\"ImageObject\",\"inLanguage\":\"tr\",\"@id\":\"https:\\\/\\\/e-ciftlik.com\\\/haberler\\\/#\\\/schema\\\/logo\\\/image\\\/\",\"url\":\"https:\\\/\\\/e-ciftlik.com\\\/haberler\\\/wp-content\\\/uploads\\\/2024\\\/06\\\/cropped-cropped-favicon-1-2.png\",\"contentUrl\":\"https:\\\/\\\/e-ciftlik.com\\\/haberler\\\/wp-content\\\/uploads\\\/2024\\\/06\\\/cropped-cropped-favicon-1-2.png\",\"width\":512,\"height\":512,\"caption\":\"E-\u00c7\u0130FTL\u0130K HABER\"},\"image\":{\"@id\":\"https:\\\/\\\/e-ciftlik.com\\\/haberler\\\/#\\\/schema\\\/logo\\\/image\\\/\"},\"sameAs\":[\"https:\\\/\\\/www.facebook.com\\\/eciftlikturkiye\",\"https:\\\/\\\/x.com\\\/eciftlikresmi\",\"https:\\\/\\\/www.instagram.com\\\/eciftlikresmi\\\/\"]},{\"@type\":\"Person\",\"@id\":\"https:\\\/\\\/e-ciftlik.com\\\/haberler\\\/#\\\/schema\\\/person\\\/d2f4fee3143d7f72be82cb887d51b00a\",\"name\":\"Haber Merkezi\",\"image\":{\"@type\":\"ImageObject\",\"inLanguage\":\"tr\",\"@id\":\"https:\\\/\\\/secure.gravatar.com\\\/avatar\\\/6c27d641914e66c1d0452c92716002398782818991d86db1c2cccb531e7c7c82?s=96&d=mm&r=g\",\"url\":\"https:\\\/\\\/secure.gravatar.com\\\/avatar\\\/6c27d641914e66c1d0452c92716002398782818991d86db1c2cccb531e7c7c82?s=96&d=mm&r=g\",\"contentUrl\":\"https:\\\/\\\/secure.gravatar.com\\\/avatar\\\/6c27d641914e66c1d0452c92716002398782818991d86db1c2cccb531e7c7c82?s=96&d=mm&r=g\",\"caption\":\"Haber Merkezi\"},\"sameAs\":[\"http:\\\/\\\/e-ciftlik.com\\\/haberler\"]}]}<\/script>\n<!-- \/ Yoast SEO Premium plugin. -->","yoast_head_json":{"title":"Ba\u015fkan Erdo\u011fan Bolu'daki Otel Yang\u0131n\u0131na Tepki - E-&Ccedil;\u0130FTL\u0130K HABER","description":"Ba\u015fkan Erdo\u011fan, Eski\u015fehir Teknik \u00dcniversitesi Spor Salonu'nda d\u00fczenlenen partisinin Eski\u015fehir 8. Ola\u011fan \u0130l Kongresi'nde konu\u015ftu. Konu\u015fmas\u0131na salondakileri","robots":{"index":"index","follow":"follow","max-snippet":"max-snippet:-1","max-image-preview":"max-image-preview:large","max-video-preview":"max-video-preview:-1"},"canonical":"https:\/\/e-ciftlik.com\/haberler\/gundem\/baskan-erdogan-boludaki-otel-yanginina-tepki\/","og_locale":"tr_TR","og_type":"article","og_title":"Ba\u015fkan Erdo\u011fan Bolu'daki Otel Yang\u0131n\u0131na Tepki","og_description":"Ba\u015fkan Erdo\u011fan, Eski\u015fehir Teknik \u00dcniversitesi Spor Salonu'nda d\u00fczenlenen partisinin Eski\u015fehir 8. Ola\u011fan \u0130l Kongresi'nde konu\u015ftu. Konu\u015fmas\u0131na salondakileri","og_url":"https:\/\/e-ciftlik.com\/haberler\/gundem\/baskan-erdogan-boludaki-otel-yanginina-tepki\/","og_site_name":"E-&Ccedil;\u0130FTL\u0130K HABER","article_publisher":"https:\/\/www.facebook.com\/eciftlikturkiye","article_published_time":"2025-01-27T11:17:04+00:00","og_image":[{"width":1200,"height":630,"url":"https:\/\/e-ciftlik.com\/haberler\/wp-content\/uploads\/2024\/11\/ahaber2.png","type":"image\/png"}],"author":"Haber Merkezi","twitter_card":"summary_large_image","twitter_creator":"@eciftlikresmi","twitter_site":"@eciftlikresmi","twitter_misc":{"Yazan:":"Haber Merkezi","Tahmini okuma s\u00fcresi":"7 dakika"},"schema":{"@context":"https:\/\/schema.org","@graph":[{"@type":"NewsArticle","@id":"https:\/\/e-ciftlik.com\/haberler\/gundem\/baskan-erdogan-boludaki-otel-yanginina-tepki\/#article","isPartOf":{"@id":"https:\/\/e-ciftlik.com\/haberler\/gundem\/baskan-erdogan-boludaki-otel-yanginina-tepki\/"},"author":{"name":"Haber Merkezi","@id":"https:\/\/e-ciftlik.com\/haberler\/#\/schema\/person\/d2f4fee3143d7f72be82cb887d51b00a"},"headline":"Ba\u015fkan Erdo\u011fan Bolu&#8217;daki Otel Yang\u0131n\u0131na Tepki","datePublished":"2025-01-27T11:17:04+00:00","mainEntityOfPage":{"@id":"https:\/\/e-ciftlik.com\/haberler\/gundem\/baskan-erdogan-boludaki-otel-yanginina-tepki\/"},"wordCount":1448,"commentCount":0,"publisher":{"@id":"https:\/\/e-ciftlik.com\/haberler\/#organization"},"image":{"@id":"https:\/\/e-ciftlik.com\/haberler\/gundem\/baskan-erdogan-boludaki-otel-yanginina-tepki\/#primaryimage"},"thumbnailUrl":"https:\/\/e-ciftlik.com\/haberler\/wp-content\/uploads\/2024\/11\/ahaber2.png","articleSection":["G\u00fcndem"],"inLanguage":"tr","potentialAction":[{"@type":"CommentAction","name":"Comment","target":["https:\/\/e-ciftlik.com\/haberler\/gundem\/baskan-erdogan-boludaki-otel-yanginina-tepki\/#respond"]}]},{"@type":"WebPage","@id":"https:\/\/e-ciftlik.com\/haberler\/gundem\/baskan-erdogan-boludaki-otel-yanginina-tepki\/","url":"https:\/\/e-ciftlik.com\/haberler\/gundem\/baskan-erdogan-boludaki-otel-yanginina-tepki\/","name":"Ba\u015fkan Erdo\u011fan Bolu'daki Otel Yang\u0131n\u0131na Tepki - E-&Ccedil;\u0130FTL\u0130K HABER","isPartOf":{"@id":"https:\/\/e-ciftlik.com\/haberler\/#website"},"primaryImageOfPage":{"@id":"https:\/\/e-ciftlik.com\/haberler\/gundem\/baskan-erdogan-boludaki-otel-yanginina-tepki\/#primaryimage"},"image":{"@id":"https:\/\/e-ciftlik.com\/haberler\/gundem\/baskan-erdogan-boludaki-otel-yanginina-tepki\/#primaryimage"},"thumbnailUrl":"https:\/\/e-ciftlik.com\/haberler\/wp-content\/uploads\/2024\/11\/ahaber2.png","datePublished":"2025-01-27T11:17:04+00:00","description":"Ba\u015fkan Erdo\u011fan, Eski\u015fehir Teknik \u00dcniversitesi Spor Salonu'nda d\u00fczenlenen partisinin Eski\u015fehir 8. Ola\u011fan \u0130l Kongresi'nde konu\u015ftu. Konu\u015fmas\u0131na salondakileri","breadcrumb":{"@id":"https:\/\/e-ciftlik.com\/haberler\/gundem\/baskan-erdogan-boludaki-otel-yanginina-tepki\/#breadcrumb"},"inLanguage":"tr","potentialAction":[{"@type":"ReadAction","target":["https:\/\/e-ciftlik.com\/haberler\/gundem\/baskan-erdogan-boludaki-otel-yanginina-tepki\/"]}]},{"@type":"ImageObject","inLanguage":"tr","@id":"https:\/\/e-ciftlik.com\/haberler\/gundem\/baskan-erdogan-boludaki-otel-yanginina-tepki\/#primaryimage","url":"https:\/\/e-ciftlik.com\/haberler\/wp-content\/uploads\/2024\/11\/ahaber2.png","contentUrl":"https:\/\/e-ciftlik.com\/haberler\/wp-content\/uploads\/2024\/11\/ahaber2.png","width":1200,"height":630},{"@type":"BreadcrumbList","@id":"https:\/\/e-ciftlik.com\/haberler\/gundem\/baskan-erdogan-boludaki-otel-yanginina-tepki\/#breadcrumb","itemListElement":[{"@type":"ListItem","position":1,"name":"Anasayfa","item":"https:\/\/e-ciftlik.com\/haberler\/"},{"@type":"ListItem","position":2,"name":"Ba\u015fkan Erdo\u011fan Bolu&#8217;daki Otel Yang\u0131n\u0131na Tepki"}]},{"@type":"WebSite","@id":"https:\/\/e-ciftlik.com\/haberler\/#website","url":"https:\/\/e-ciftlik.com\/haberler\/","name":"E-\u00c7iftlik Haber | G\u00fcncel, Son Dakika Haberler, En Son Haber","description":"","publisher":{"@id":"https:\/\/e-ciftlik.com\/haberler\/#organization"},"potentialAction":[{"@type":"SearchAction","target":{"@type":"EntryPoint","urlTemplate":"https:\/\/e-ciftlik.com\/haberler\/?s={search_term_string}"},"query-input":{"@type":"PropertyValueSpecification","valueRequired":true,"valueName":"search_term_string"}}],"inLanguage":"tr"},{"@type":"Organization","@id":"https:\/\/e-ciftlik.com\/haberler\/#organization","name":"E-\u00c7\u0130FTL\u0130K HABER","url":"https:\/\/e-ciftlik.com\/haberler\/","logo":{"@type":"ImageObject","inLanguage":"tr","@id":"https:\/\/e-ciftlik.com\/haberler\/#\/schema\/logo\/image\/","url":"https:\/\/e-ciftlik.com\/haberler\/wp-content\/uploads\/2024\/06\/cropped-cropped-favicon-1-2.png","contentUrl":"https:\/\/e-ciftlik.com\/haberler\/wp-content\/uploads\/2024\/06\/cropped-cropped-favicon-1-2.png","width":512,"height":512,"caption":"E-\u00c7\u0130FTL\u0130K HABER"},"image":{"@id":"https:\/\/e-ciftlik.com\/haberler\/#\/schema\/logo\/image\/"},"sameAs":["https:\/\/www.facebook.com\/eciftlikturkiye","https:\/\/x.com\/eciftlikresmi","https:\/\/www.instagram.com\/eciftlikresmi\/"]},{"@type":"Person","@id":"https:\/\/e-ciftlik.com\/haberler\/#\/schema\/person\/d2f4fee3143d7f72be82cb887d51b00a","name":"Haber Merkezi","image":{"@type":"ImageObject","inLanguage":"tr","@id":"https:\/\/secure.gravatar.com\/avatar\/6c27d641914e66c1d0452c92716002398782818991d86db1c2cccb531e7c7c82?s=96&d=mm&r=g","url":"https:\/\/secure.gravatar.com\/avatar\/6c27d641914e66c1d0452c92716002398782818991d86db1c2cccb531e7c7c82?s=96&d=mm&r=g","contentUrl":"https:\/\/secure.gravatar.com\/avatar\/6c27d641914e66c1d0452c92716002398782818991d86db1c2cccb531e7c7c82?s=96&d=mm&r=g","caption":"Haber Merkezi"},"sameAs":["http:\/\/e-ciftlik.com\/haberler"]}]}},"_links":{"self":[{"href":"https:\/\/e-ciftlik.com\/haberler\/wp-json\/wp\/v2\/posts\/74481","targetHints":{"allow":["GET"]}}],"collection":[{"href":"https:\/\/e-ciftlik.com\/haberler\/wp-json\/wp\/v2\/posts"}],"about":[{"href":"https:\/\/e-ciftlik.com\/haberler\/wp-json\/wp\/v2\/types\/post"}],"author":[{"embeddable":true,"href":"https:\/\/e-ciftlik.com\/haberler\/wp-json\/wp\/v2\/users\/1"}],"replies":[{"embeddable":true,"href":"https:\/\/e-ciftlik.com\/haberler\/wp-json\/wp\/v2\/comments?post=74481"}],"version-history":[{"count":0,"href":"https:\/\/e-ciftlik.com\/haberler\/wp-json\/wp\/v2\/posts\/74481\/revisions"}],"wp:featuredmedia":[{"embeddable":true,"href":"https:\/\/e-ciftlik.com\/haberler\/wp-json\/wp\/v2\/media\/50875"}],"wp:attachment":[{"href":"https:\/\/e-ciftlik.com\/haberler\/wp-json\/wp\/v2\/media?parent=74481"}],"wp:term":[{"taxonomy":"category","embeddable":true,"href":"https:\/\/e-ciftlik.com\/haberler\/wp-json\/wp\/v2\/categories?post=74481"},{"taxonomy":"post_tag","embeddable":true,"href":"https:\/\/e-ciftlik.com\/haberler\/wp-json\/wp\/v2\/tags?post=74481"}],"curies":[{"name":"wp","href":"https:\/\/api.w.org\/{rel}","templated":true}]}}