{"id":74513,"date":"2025-01-27T12:21:02","date_gmt":"2025-01-27T12:21:02","guid":{"rendered":"http:\/\/e-ciftlik.com\/haberler\/gundem\/bakan-gulerden-sehit-astsubay-ugur-akincinin-ailesine-taziye-ziyareti\/"},"modified":"2025-01-27T12:21:02","modified_gmt":"2025-01-27T12:21:02","slug":"bakan-gulerden-sehit-astsubay-ugur-akincinin-ailesine-taziye-ziyareti","status":"publish","type":"post","link":"https:\/\/e-ciftlik.com\/haberler\/gundem\/bakan-gulerden-sehit-astsubay-ugur-akincinin-ailesine-taziye-ziyareti\/","title":{"rendered":"Bakan G\u00fcler&#8217;den \u015eehit Astsubay U\u011fur Ak\u0131nc\u0131&#8217;n\u0131n Ailesine Taziye Ziyareti"},"content":{"rendered":"<p>Bakan G\u00fcl&#8217;den \u015eehit Astsubay \u00dcst\u00e7avu\u015f Ufuk Ak\u0131nc\u0131&#8217;n\u0131n Ailesine Taziye Ziyareti<\/p>\n<p>Bakan G\u00fcl, Deniz Kuvvetleri Komutan\u0131 Oramiral Erc\u00fcment Tatl\u0131o\u011flu, Kara Kuvvetleri Komutan\u0131 Orgeneral Sel\u00e7uk Bayraktaro\u011flu, Hava Kuvvetleri Komutan\u0131 Orgeneral Ziya Cemal Kad\u0131o\u011flu ve Ankara Garnizon Komutan\u0131 T\u00fcmgeneral Ahmet Kurumahmut ile birlikte \u015fehit astsubay \u00dcst\u00e7avu\u015f Ufuk Ak\u0131nc\u0131&#8217;n\u0131n ailesine taziye ziyaretinde bulundu.<\/p>\n<p>Ziyaret s\u0131ras\u0131nda \u015fehidin ailesine yak\u0131ndan ilgi g\u00f6steren ve ba\u015fsa\u011fl\u0131\u011f\u0131 dileklerini ileten Bakan G\u00fcl, T\u00fcrk milletinin kahraman \u015fehitlerine duydu\u011fu minneti dile getirdi. G\u00fcler, ter\u00f6rle m\u00fccadelenin kararl\u0131l\u0131kla s\u00fcrd\u00fc\u011f\u00fcn\u00fc vurgulayarak, \u015fehitlerin kan\u0131n\u0131n yerde kalmayaca\u011f\u0131n\u0131 belirtti.<\/p>\n<p>Astsubay Ufuk Ak\u0131nc\u0131&#8217;y\u0131 Irak&#8217;\u0131n kuzeyinde \u015fehit eden PKK&#8217;l\u0131 ter\u00f6ristlerin etkisiz hale getirildi\u011fini g\u00f6steren g\u00f6r\u00fcnt\u00fcler de ortaya \u00e7\u0131kt\u0131. Bu g\u00f6r\u00fcnt\u00fcler, \u015fehidimizin intikam\u0131n\u0131n nas\u0131l al\u0131nd\u0131\u011f\u0131n\u0131 g\u00f6zler \u00f6n\u00fcne serdi.<\/p>\n","protected":false},"excerpt":{"rendered":"<p>Bakan G\u00fcl&#8217;den \u015eehit Astsubay \u00dcst\u00e7avu\u015f Ufuk Ak\u0131nc\u0131&#8217;n\u0131n Ailesine Taziye Ziyareti Bakan G\u00fcl, Deniz Kuvvetleri Komutan\u0131&hellip;<\/p>\n","protected":false},"author":1,"featured_media":74514,"comment_status":"open","ping_status":"open","sticky":false,"template":"","format":"standard","meta":{"footnotes":""},"categories":[10],"tags":[],"class_list":["post-74513","post","type-post","status-publish","format-standard","has-post-thumbnail","hentry","category-gundem"],"yoast_head":"<!-- This site is optimized with the Yoast SEO Premium plugin v24.3 (Yoast SEO v27.4) - https:\/\/yoast.com\/product\/yoast-seo-premium-wordpress\/ -->\n<title>Bakan G\u00fcler&#039;den \u015eehit Astsubay U\u011fur Ak\u0131nc\u0131&#039;n\u0131n Ailesine Taziye Ziyareti - E-&Ccedil;\u0130FTL\u0130K HABER<\/title>\n<meta name=\"description\" content=\"Bakan G\u00fcl&#039;den \u015eehit Astsubay \u00dcst\u00e7avu\u015f Ufuk Ak\u0131nc\u0131&#039;n\u0131n Ailesine Taziye Ziyareti Bakan G\u00fcl, Deniz Kuvvetleri Komutan\u0131 Oramiral Erc\u00fcment Tatl\u0131o\u011flu, Kara\" \/>\n<meta name=\"robots\" content=\"index, follow, max-snippet:-1, max-image-preview:large, max-video-preview:-1\" \/>\n<link rel=\"canonical\" href=\"https:\/\/e-ciftlik.com\/haberler\/gundem\/bakan-gulerden-sehit-astsubay-ugur-akincinin-ailesine-taziye-ziyareti\/\" \/>\n<meta property=\"og:locale\" content=\"tr_TR\" \/>\n<meta property=\"og:type\" content=\"article\" \/>\n<meta property=\"og:title\" content=\"Bakan G\u00fcler&#039;den \u015eehit Astsubay U\u011fur Ak\u0131nc\u0131&#039;n\u0131n Ailesine Taziye Ziyareti\" \/>\n<meta property=\"og:description\" content=\"Bakan G\u00fcl&#039;den \u015eehit Astsubay \u00dcst\u00e7avu\u015f Ufuk Ak\u0131nc\u0131&#039;n\u0131n Ailesine Taziye Ziyareti Bakan G\u00fcl, Deniz Kuvvetleri Komutan\u0131 Oramiral Erc\u00fcment Tatl\u0131o\u011flu, Kara\" \/>\n<meta property=\"og:url\" content=\"https:\/\/e-ciftlik.com\/haberler\/gundem\/bakan-gulerden-sehit-astsubay-ugur-akincinin-ailesine-taziye-ziyareti\/\" \/>\n<meta property=\"og:site_name\" content=\"E-&Ccedil;\u0130FTL\u0130K HABER\" \/>\n<meta property=\"article:publisher\" content=\"https:\/\/www.facebook.com\/eciftlikturkiye\" \/>\n<meta property=\"article:published_time\" content=\"2025-01-27T12:21:02+00:00\" \/>\n<meta property=\"og:image\" content=\"https:\/\/e-ciftlik.com\/haberler\/wp-content\/uploads\/2025\/01\/milli-savunma-bakani-yasar-gulerden-sehit-astsubay-ustcavus-ufuk-akincinin-ailesine-taziye-ziyareti.webp\" \/>\n\t<meta property=\"og:image:width\" content=\"1200\" \/>\n\t<meta property=\"og:image:height\" content=\"675\" \/>\n\t<meta property=\"og:image:type\" content=\"image\/webp\" \/>\n<meta name=\"author\" content=\"Haber Merkezi\" \/>\n<meta name=\"twitter:card\" content=\"summary_large_image\" \/>\n<meta name=\"twitter:creator\" content=\"@eciftlikresmi\" \/>\n<meta name=\"twitter:site\" content=\"@eciftlikresmi\" \/>\n<meta name=\"twitter:label1\" content=\"Yazan:\" \/>\n\t<meta name=\"twitter:data1\" content=\"Haber Merkezi\" \/>\n\t<meta name=\"twitter:label2\" content=\"Tahmini okuma s\u00fcresi\" \/>\n\t<meta name=\"twitter:data2\" content=\"1 dakika\" \/>\n<script type=\"application\/ld+json\" class=\"yoast-schema-graph\">{\"@context\":\"https:\\\/\\\/schema.org\",\"@graph\":[{\"@type\":\"NewsArticle\",\"@id\":\"https:\\\/\\\/e-ciftlik.com\\\/haberler\\\/gundem\\\/bakan-gulerden-sehit-astsubay-ugur-akincinin-ailesine-taziye-ziyareti\\\/#article\",\"isPartOf\":{\"@id\":\"https:\\\/\\\/e-ciftlik.com\\\/haberler\\\/gundem\\\/bakan-gulerden-sehit-astsubay-ugur-akincinin-ailesine-taziye-ziyareti\\\/\"},\"author\":{\"name\":\"Haber Merkezi\",\"@id\":\"https:\\\/\\\/e-ciftlik.com\\\/haberler\\\/#\\\/schema\\\/person\\\/d2f4fee3143d7f72be82cb887d51b00a\"},\"headline\":\"Bakan G\u00fcler&#8217;den \u015eehit Astsubay U\u011fur Ak\u0131nc\u0131&#8217;n\u0131n Ailesine Taziye Ziyareti\",\"datePublished\":\"2025-01-27T12:21:02+00:00\",\"mainEntityOfPage\":{\"@id\":\"https:\\\/\\\/e-ciftlik.com\\\/haberler\\\/gundem\\\/bakan-gulerden-sehit-astsubay-ugur-akincinin-ailesine-taziye-ziyareti\\\/\"},\"wordCount\":180,\"commentCount\":0,\"publisher\":{\"@id\":\"https:\\\/\\\/e-ciftlik.com\\\/haberler\\\/#organization\"},\"image\":{\"@id\":\"https:\\\/\\\/e-ciftlik.com\\\/haberler\\\/gundem\\\/bakan-gulerden-sehit-astsubay-ugur-akincinin-ailesine-taziye-ziyareti\\\/#primaryimage\"},\"thumbnailUrl\":\"https:\\\/\\\/e-ciftlik.com\\\/haberler\\\/wp-content\\\/uploads\\\/2025\\\/01\\\/milli-savunma-bakani-yasar-gulerden-sehit-astsubay-ustcavus-ufuk-akincinin-ailesine-taziye-ziyareti.webp\",\"articleSection\":[\"G\u00fcndem\"],\"inLanguage\":\"tr\",\"potentialAction\":[{\"@type\":\"CommentAction\",\"name\":\"Comment\",\"target\":[\"https:\\\/\\\/e-ciftlik.com\\\/haberler\\\/gundem\\\/bakan-gulerden-sehit-astsubay-ugur-akincinin-ailesine-taziye-ziyareti\\\/#respond\"]}]},{\"@type\":\"WebPage\",\"@id\":\"https:\\\/\\\/e-ciftlik.com\\\/haberler\\\/gundem\\\/bakan-gulerden-sehit-astsubay-ugur-akincinin-ailesine-taziye-ziyareti\\\/\",\"url\":\"https:\\\/\\\/e-ciftlik.com\\\/haberler\\\/gundem\\\/bakan-gulerden-sehit-astsubay-ugur-akincinin-ailesine-taziye-ziyareti\\\/\",\"name\":\"Bakan G\u00fcler'den \u015eehit Astsubay U\u011fur Ak\u0131nc\u0131'n\u0131n Ailesine Taziye Ziyareti - E-&Ccedil;\u0130FTL\u0130K HABER\",\"isPartOf\":{\"@id\":\"https:\\\/\\\/e-ciftlik.com\\\/haberler\\\/#website\"},\"primaryImageOfPage\":{\"@id\":\"https:\\\/\\\/e-ciftlik.com\\\/haberler\\\/gundem\\\/bakan-gulerden-sehit-astsubay-ugur-akincinin-ailesine-taziye-ziyareti\\\/#primaryimage\"},\"image\":{\"@id\":\"https:\\\/\\\/e-ciftlik.com\\\/haberler\\\/gundem\\\/bakan-gulerden-sehit-astsubay-ugur-akincinin-ailesine-taziye-ziyareti\\\/#primaryimage\"},\"thumbnailUrl\":\"https:\\\/\\\/e-ciftlik.com\\\/haberler\\\/wp-content\\\/uploads\\\/2025\\\/01\\\/milli-savunma-bakani-yasar-gulerden-sehit-astsubay-ustcavus-ufuk-akincinin-ailesine-taziye-ziyareti.webp\",\"datePublished\":\"2025-01-27T12:21:02+00:00\",\"description\":\"Bakan G\u00fcl'den \u015eehit Astsubay \u00dcst\u00e7avu\u015f Ufuk Ak\u0131nc\u0131'n\u0131n Ailesine Taziye Ziyareti Bakan G\u00fcl, Deniz Kuvvetleri Komutan\u0131 Oramiral Erc\u00fcment Tatl\u0131o\u011flu, Kara\",\"breadcrumb\":{\"@id\":\"https:\\\/\\\/e-ciftlik.com\\\/haberler\\\/gundem\\\/bakan-gulerden-sehit-astsubay-ugur-akincinin-ailesine-taziye-ziyareti\\\/#breadcrumb\"},\"inLanguage\":\"tr\",\"potentialAction\":[{\"@type\":\"ReadAction\",\"target\":[\"https:\\\/\\\/e-ciftlik.com\\\/haberler\\\/gundem\\\/bakan-gulerden-sehit-astsubay-ugur-akincinin-ailesine-taziye-ziyareti\\\/\"]}]},{\"@type\":\"ImageObject\",\"inLanguage\":\"tr\",\"@id\":\"https:\\\/\\\/e-ciftlik.com\\\/haberler\\\/gundem\\\/bakan-gulerden-sehit-astsubay-ugur-akincinin-ailesine-taziye-ziyareti\\\/#primaryimage\",\"url\":\"https:\\\/\\\/e-ciftlik.com\\\/haberler\\\/wp-content\\\/uploads\\\/2025\\\/01\\\/milli-savunma-bakani-yasar-gulerden-sehit-astsubay-ustcavus-ufuk-akincinin-ailesine-taziye-ziyareti.webp\",\"contentUrl\":\"https:\\\/\\\/e-ciftlik.com\\\/haberler\\\/wp-content\\\/uploads\\\/2025\\\/01\\\/milli-savunma-bakani-yasar-gulerden-sehit-astsubay-ustcavus-ufuk-akincinin-ailesine-taziye-ziyareti.webp\",\"width\":1200,\"height\":675},{\"@type\":\"BreadcrumbList\",\"@id\":\"https:\\\/\\\/e-ciftlik.com\\\/haberler\\\/gundem\\\/bakan-gulerden-sehit-astsubay-ugur-akincinin-ailesine-taziye-ziyareti\\\/#breadcrumb\",\"itemListElement\":[{\"@type\":\"ListItem\",\"position\":1,\"name\":\"Anasayfa\",\"item\":\"https:\\\/\\\/e-ciftlik.com\\\/haberler\\\/\"},{\"@type\":\"ListItem\",\"position\":2,\"name\":\"Bakan G\u00fcler&#8217;den \u015eehit Astsubay U\u011fur Ak\u0131nc\u0131&#8217;n\u0131n Ailesine Taziye Ziyareti\"}]},{\"@type\":\"WebSite\",\"@id\":\"https:\\\/\\\/e-ciftlik.com\\\/haberler\\\/#website\",\"url\":\"https:\\\/\\\/e-ciftlik.com\\\/haberler\\\/\",\"name\":\"E-\u00c7iftlik Haber | G\u00fcncel, Son Dakika Haberler, En Son Haber\",\"description\":\"\",\"publisher\":{\"@id\":\"https:\\\/\\\/e-ciftlik.com\\\/haberler\\\/#organization\"},\"potentialAction\":[{\"@type\":\"SearchAction\",\"target\":{\"@type\":\"EntryPoint\",\"urlTemplate\":\"https:\\\/\\\/e-ciftlik.com\\\/haberler\\\/?s={search_term_string}\"},\"query-input\":{\"@type\":\"PropertyValueSpecification\",\"valueRequired\":true,\"valueName\":\"search_term_string\"}}],\"inLanguage\":\"tr\"},{\"@type\":\"Organization\",\"@id\":\"https:\\\/\\\/e-ciftlik.com\\\/haberler\\\/#organization\",\"name\":\"E-\u00c7\u0130FTL\u0130K HABER\",\"url\":\"https:\\\/\\\/e-ciftlik.com\\\/haberler\\\/\",\"logo\":{\"@type\":\"ImageObject\",\"inLanguage\":\"tr\",\"@id\":\"https:\\\/\\\/e-ciftlik.com\\\/haberler\\\/#\\\/schema\\\/logo\\\/image\\\/\",\"url\":\"https:\\\/\\\/e-ciftlik.com\\\/haberler\\\/wp-content\\\/uploads\\\/2024\\\/06\\\/cropped-cropped-favicon-1-2.png\",\"contentUrl\":\"https:\\\/\\\/e-ciftlik.com\\\/haberler\\\/wp-content\\\/uploads\\\/2024\\\/06\\\/cropped-cropped-favicon-1-2.png\",\"width\":512,\"height\":512,\"caption\":\"E-\u00c7\u0130FTL\u0130K HABER\"},\"image\":{\"@id\":\"https:\\\/\\\/e-ciftlik.com\\\/haberler\\\/#\\\/schema\\\/logo\\\/image\\\/\"},\"sameAs\":[\"https:\\\/\\\/www.facebook.com\\\/eciftlikturkiye\",\"https:\\\/\\\/x.com\\\/eciftlikresmi\",\"https:\\\/\\\/www.instagram.com\\\/eciftlikresmi\\\/\"]},{\"@type\":\"Person\",\"@id\":\"https:\\\/\\\/e-ciftlik.com\\\/haberler\\\/#\\\/schema\\\/person\\\/d2f4fee3143d7f72be82cb887d51b00a\",\"name\":\"Haber Merkezi\",\"image\":{\"@type\":\"ImageObject\",\"inLanguage\":\"tr\",\"@id\":\"https:\\\/\\\/secure.gravatar.com\\\/avatar\\\/6c27d641914e66c1d0452c92716002398782818991d86db1c2cccb531e7c7c82?s=96&d=mm&r=g\",\"url\":\"https:\\\/\\\/secure.gravatar.com\\\/avatar\\\/6c27d641914e66c1d0452c92716002398782818991d86db1c2cccb531e7c7c82?s=96&d=mm&r=g\",\"contentUrl\":\"https:\\\/\\\/secure.gravatar.com\\\/avatar\\\/6c27d641914e66c1d0452c92716002398782818991d86db1c2cccb531e7c7c82?s=96&d=mm&r=g\",\"caption\":\"Haber Merkezi\"},\"sameAs\":[\"http:\\\/\\\/e-ciftlik.com\\\/haberler\"]}]}<\/script>\n<!-- \/ Yoast SEO Premium plugin. -->","yoast_head_json":{"title":"Bakan G\u00fcler'den \u015eehit Astsubay U\u011fur Ak\u0131nc\u0131'n\u0131n Ailesine Taziye Ziyareti - E-&Ccedil;\u0130FTL\u0130K HABER","description":"Bakan G\u00fcl'den \u015eehit Astsubay \u00dcst\u00e7avu\u015f Ufuk Ak\u0131nc\u0131'n\u0131n Ailesine Taziye Ziyareti Bakan G\u00fcl, Deniz Kuvvetleri Komutan\u0131 Oramiral Erc\u00fcment Tatl\u0131o\u011flu, Kara","robots":{"index":"index","follow":"follow","max-snippet":"max-snippet:-1","max-image-preview":"max-image-preview:large","max-video-preview":"max-video-preview:-1"},"canonical":"https:\/\/e-ciftlik.com\/haberler\/gundem\/bakan-gulerden-sehit-astsubay-ugur-akincinin-ailesine-taziye-ziyareti\/","og_locale":"tr_TR","og_type":"article","og_title":"Bakan G\u00fcler'den \u015eehit Astsubay U\u011fur Ak\u0131nc\u0131'n\u0131n Ailesine Taziye Ziyareti","og_description":"Bakan G\u00fcl'den \u015eehit Astsubay \u00dcst\u00e7avu\u015f Ufuk Ak\u0131nc\u0131'n\u0131n Ailesine Taziye Ziyareti Bakan G\u00fcl, Deniz Kuvvetleri Komutan\u0131 Oramiral Erc\u00fcment Tatl\u0131o\u011flu, Kara","og_url":"https:\/\/e-ciftlik.com\/haberler\/gundem\/bakan-gulerden-sehit-astsubay-ugur-akincinin-ailesine-taziye-ziyareti\/","og_site_name":"E-&Ccedil;\u0130FTL\u0130K HABER","article_publisher":"https:\/\/www.facebook.com\/eciftlikturkiye","article_published_time":"2025-01-27T12:21:02+00:00","og_image":[{"width":1200,"height":675,"url":"https:\/\/e-ciftlik.com\/haberler\/wp-content\/uploads\/2025\/01\/milli-savunma-bakani-yasar-gulerden-sehit-astsubay-ustcavus-ufuk-akincinin-ailesine-taziye-ziyareti.webp","type":"image\/webp"}],"author":"Haber Merkezi","twitter_card":"summary_large_image","twitter_creator":"@eciftlikresmi","twitter_site":"@eciftlikresmi","twitter_misc":{"Yazan:":"Haber Merkezi","Tahmini okuma s\u00fcresi":"1 dakika"},"schema":{"@context":"https:\/\/schema.org","@graph":[{"@type":"NewsArticle","@id":"https:\/\/e-ciftlik.com\/haberler\/gundem\/bakan-gulerden-sehit-astsubay-ugur-akincinin-ailesine-taziye-ziyareti\/#article","isPartOf":{"@id":"https:\/\/e-ciftlik.com\/haberler\/gundem\/bakan-gulerden-sehit-astsubay-ugur-akincinin-ailesine-taziye-ziyareti\/"},"author":{"name":"Haber Merkezi","@id":"https:\/\/e-ciftlik.com\/haberler\/#\/schema\/person\/d2f4fee3143d7f72be82cb887d51b00a"},"headline":"Bakan G\u00fcler&#8217;den \u015eehit Astsubay U\u011fur Ak\u0131nc\u0131&#8217;n\u0131n Ailesine Taziye Ziyareti","datePublished":"2025-01-27T12:21:02+00:00","mainEntityOfPage":{"@id":"https:\/\/e-ciftlik.com\/haberler\/gundem\/bakan-gulerden-sehit-astsubay-ugur-akincinin-ailesine-taziye-ziyareti\/"},"wordCount":180,"commentCount":0,"publisher":{"@id":"https:\/\/e-ciftlik.com\/haberler\/#organization"},"image":{"@id":"https:\/\/e-ciftlik.com\/haberler\/gundem\/bakan-gulerden-sehit-astsubay-ugur-akincinin-ailesine-taziye-ziyareti\/#primaryimage"},"thumbnailUrl":"https:\/\/e-ciftlik.com\/haberler\/wp-content\/uploads\/2025\/01\/milli-savunma-bakani-yasar-gulerden-sehit-astsubay-ustcavus-ufuk-akincinin-ailesine-taziye-ziyareti.webp","articleSection":["G\u00fcndem"],"inLanguage":"tr","potentialAction":[{"@type":"CommentAction","name":"Comment","target":["https:\/\/e-ciftlik.com\/haberler\/gundem\/bakan-gulerden-sehit-astsubay-ugur-akincinin-ailesine-taziye-ziyareti\/#respond"]}]},{"@type":"WebPage","@id":"https:\/\/e-ciftlik.com\/haberler\/gundem\/bakan-gulerden-sehit-astsubay-ugur-akincinin-ailesine-taziye-ziyareti\/","url":"https:\/\/e-ciftlik.com\/haberler\/gundem\/bakan-gulerden-sehit-astsubay-ugur-akincinin-ailesine-taziye-ziyareti\/","name":"Bakan G\u00fcler'den \u015eehit Astsubay U\u011fur Ak\u0131nc\u0131'n\u0131n Ailesine Taziye Ziyareti - E-&Ccedil;\u0130FTL\u0130K HABER","isPartOf":{"@id":"https:\/\/e-ciftlik.com\/haberler\/#website"},"primaryImageOfPage":{"@id":"https:\/\/e-ciftlik.com\/haberler\/gundem\/bakan-gulerden-sehit-astsubay-ugur-akincinin-ailesine-taziye-ziyareti\/#primaryimage"},"image":{"@id":"https:\/\/e-ciftlik.com\/haberler\/gundem\/bakan-gulerden-sehit-astsubay-ugur-akincinin-ailesine-taziye-ziyareti\/#primaryimage"},"thumbnailUrl":"https:\/\/e-ciftlik.com\/haberler\/wp-content\/uploads\/2025\/01\/milli-savunma-bakani-yasar-gulerden-sehit-astsubay-ustcavus-ufuk-akincinin-ailesine-taziye-ziyareti.webp","datePublished":"2025-01-27T12:21:02+00:00","description":"Bakan G\u00fcl'den \u015eehit Astsubay \u00dcst\u00e7avu\u015f Ufuk Ak\u0131nc\u0131'n\u0131n Ailesine Taziye Ziyareti Bakan G\u00fcl, Deniz Kuvvetleri Komutan\u0131 Oramiral Erc\u00fcment Tatl\u0131o\u011flu, Kara","breadcrumb":{"@id":"https:\/\/e-ciftlik.com\/haberler\/gundem\/bakan-gulerden-sehit-astsubay-ugur-akincinin-ailesine-taziye-ziyareti\/#breadcrumb"},"inLanguage":"tr","potentialAction":[{"@type":"ReadAction","target":["https:\/\/e-ciftlik.com\/haberler\/gundem\/bakan-gulerden-sehit-astsubay-ugur-akincinin-ailesine-taziye-ziyareti\/"]}]},{"@type":"ImageObject","inLanguage":"tr","@id":"https:\/\/e-ciftlik.com\/haberler\/gundem\/bakan-gulerden-sehit-astsubay-ugur-akincinin-ailesine-taziye-ziyareti\/#primaryimage","url":"https:\/\/e-ciftlik.com\/haberler\/wp-content\/uploads\/2025\/01\/milli-savunma-bakani-yasar-gulerden-sehit-astsubay-ustcavus-ufuk-akincinin-ailesine-taziye-ziyareti.webp","contentUrl":"https:\/\/e-ciftlik.com\/haberler\/wp-content\/uploads\/2025\/01\/milli-savunma-bakani-yasar-gulerden-sehit-astsubay-ustcavus-ufuk-akincinin-ailesine-taziye-ziyareti.webp","width":1200,"height":675},{"@type":"BreadcrumbList","@id":"https:\/\/e-ciftlik.com\/haberler\/gundem\/bakan-gulerden-sehit-astsubay-ugur-akincinin-ailesine-taziye-ziyareti\/#breadcrumb","itemListElement":[{"@type":"ListItem","position":1,"name":"Anasayfa","item":"https:\/\/e-ciftlik.com\/haberler\/"},{"@type":"ListItem","position":2,"name":"Bakan G\u00fcler&#8217;den \u015eehit Astsubay U\u011fur Ak\u0131nc\u0131&#8217;n\u0131n Ailesine Taziye Ziyareti"}]},{"@type":"WebSite","@id":"https:\/\/e-ciftlik.com\/haberler\/#website","url":"https:\/\/e-ciftlik.com\/haberler\/","name":"E-\u00c7iftlik Haber | G\u00fcncel, Son Dakika Haberler, En Son Haber","description":"","publisher":{"@id":"https:\/\/e-ciftlik.com\/haberler\/#organization"},"potentialAction":[{"@type":"SearchAction","target":{"@type":"EntryPoint","urlTemplate":"https:\/\/e-ciftlik.com\/haberler\/?s={search_term_string}"},"query-input":{"@type":"PropertyValueSpecification","valueRequired":true,"valueName":"search_term_string"}}],"inLanguage":"tr"},{"@type":"Organization","@id":"https:\/\/e-ciftlik.com\/haberler\/#organization","name":"E-\u00c7\u0130FTL\u0130K HABER","url":"https:\/\/e-ciftlik.com\/haberler\/","logo":{"@type":"ImageObject","inLanguage":"tr","@id":"https:\/\/e-ciftlik.com\/haberler\/#\/schema\/logo\/image\/","url":"https:\/\/e-ciftlik.com\/haberler\/wp-content\/uploads\/2024\/06\/cropped-cropped-favicon-1-2.png","contentUrl":"https:\/\/e-ciftlik.com\/haberler\/wp-content\/uploads\/2024\/06\/cropped-cropped-favicon-1-2.png","width":512,"height":512,"caption":"E-\u00c7\u0130FTL\u0130K HABER"},"image":{"@id":"https:\/\/e-ciftlik.com\/haberler\/#\/schema\/logo\/image\/"},"sameAs":["https:\/\/www.facebook.com\/eciftlikturkiye","https:\/\/x.com\/eciftlikresmi","https:\/\/www.instagram.com\/eciftlikresmi\/"]},{"@type":"Person","@id":"https:\/\/e-ciftlik.com\/haberler\/#\/schema\/person\/d2f4fee3143d7f72be82cb887d51b00a","name":"Haber Merkezi","image":{"@type":"ImageObject","inLanguage":"tr","@id":"https:\/\/secure.gravatar.com\/avatar\/6c27d641914e66c1d0452c92716002398782818991d86db1c2cccb531e7c7c82?s=96&d=mm&r=g","url":"https:\/\/secure.gravatar.com\/avatar\/6c27d641914e66c1d0452c92716002398782818991d86db1c2cccb531e7c7c82?s=96&d=mm&r=g","contentUrl":"https:\/\/secure.gravatar.com\/avatar\/6c27d641914e66c1d0452c92716002398782818991d86db1c2cccb531e7c7c82?s=96&d=mm&r=g","caption":"Haber Merkezi"},"sameAs":["http:\/\/e-ciftlik.com\/haberler"]}]}},"_links":{"self":[{"href":"https:\/\/e-ciftlik.com\/haberler\/wp-json\/wp\/v2\/posts\/74513","targetHints":{"allow":["GET"]}}],"collection":[{"href":"https:\/\/e-ciftlik.com\/haberler\/wp-json\/wp\/v2\/posts"}],"about":[{"href":"https:\/\/e-ciftlik.com\/haberler\/wp-json\/wp\/v2\/types\/post"}],"author":[{"embeddable":true,"href":"https:\/\/e-ciftlik.com\/haberler\/wp-json\/wp\/v2\/users\/1"}],"replies":[{"embeddable":true,"href":"https:\/\/e-ciftlik.com\/haberler\/wp-json\/wp\/v2\/comments?post=74513"}],"version-history":[{"count":0,"href":"https:\/\/e-ciftlik.com\/haberler\/wp-json\/wp\/v2\/posts\/74513\/revisions"}],"wp:featuredmedia":[{"embeddable":true,"href":"https:\/\/e-ciftlik.com\/haberler\/wp-json\/wp\/v2\/media\/74514"}],"wp:attachment":[{"href":"https:\/\/e-ciftlik.com\/haberler\/wp-json\/wp\/v2\/media?parent=74513"}],"wp:term":[{"taxonomy":"category","embeddable":true,"href":"https:\/\/e-ciftlik.com\/haberler\/wp-json\/wp\/v2\/categories?post=74513"},{"taxonomy":"post_tag","embeddable":true,"href":"https:\/\/e-ciftlik.com\/haberler\/wp-json\/wp\/v2\/tags?post=74513"}],"curies":[{"name":"wp","href":"https:\/\/api.w.org\/{rel}","templated":true}]}}