{"id":74522,"date":"2025-01-27T12:38:03","date_gmt":"2025-01-27T12:38:03","guid":{"rendered":"http:\/\/e-ciftlik.com\/haberler\/egitim\/2547-sayili-yuksekogretim-kanununa-gore-438-akademisyen-alinacak\/"},"modified":"2025-01-27T12:38:03","modified_gmt":"2025-01-27T12:38:03","slug":"2547-sayili-yuksekogretim-kanununa-gore-438-akademisyen-alinacak","status":"publish","type":"post","link":"https:\/\/e-ciftlik.com\/haberler\/egitim\/2547-sayili-yuksekogretim-kanununa-gore-438-akademisyen-alinacak\/","title":{"rendered":"2547 Say\u0131l\u0131 Y\u00fcksek\u00f6\u011fretim Kanunu&#8217;na G\u00f6re 438 Akademisyen Al\u0131nacak!"},"content":{"rendered":"<p>\u00dcniversiteler, Y\u00fcksek\u00f6\u011fretim Kanunu kapsam\u0131nda akademik kadrolar\u0131n\u0131 g\u00fc\u00e7lendirmek i\u00e7in harekete ge\u00e7iyor. Toplamda 438 akademisyen al\u0131m\u0131 yapacak olan 10 \u00fcniversite, farkl\u0131 akademik birimlerinde istihdam sa\u011flayacak. <\/p>\n<p>Y\u00fcksek\u00f6\u011fretim Kurulu taraf\u0131ndan belirlenen kriterlere g\u00f6re ger\u00e7ekle\u015ftirilecek olan al\u0131mlar, akademik personel ihtiyac\u0131n\u0131n kar\u015f\u0131lanmas\u0131 amac\u0131yla ger\u00e7ekle\u015ftirilecek. Bu kapsamda ba\u015fvurular\u0131n 25 Aral\u0131k 2024 tarihine kadar devam edece\u011fi belirtilirken, adaylar\u0131n gerekli \u015fartlar\u0131 ta\u015f\u0131malar\u0131 ve ba\u015fvuru s\u00fcrecine uygun \u015fekilde ilerlemeleri gerekiyor.<\/p>\n<p>Adaylar\u0131n ba\u015fvurular\u0131n\u0131 belirtilen tarihler aras\u0131nda tamamlamalar\u0131 ve ilgili \u00fcniversitelerin duyurular\u0131n\u0131 takip etmeleri \u00f6nem ta\u015f\u0131yor. 438 akademisyen al\u0131m\u0131 i\u00e7in yap\u0131lan ba\u015fvurular\u0131n titizlikle de\u011ferlendirilmesi ve uygun adaylar\u0131n belirlenmesi beklenirken, bu s\u00fcrecin adaylar i\u00e7in \u00f6nemli bir f\u0131rsat olu\u015fturdu\u011fu vurgulan\u0131yor.<\/p>\n<p>Y\u00fcksek\u00f6\u011fretim Kanunu&#8217;nun belirledi\u011fi \u00e7er\u00e7evede ger\u00e7ekle\u015ftirilecek akademisyen al\u0131mlar\u0131, \u00fcniversitelerin akademik kadrolar\u0131n\u0131 g\u00fc\u00e7lendirmesi ve kaliteli e\u011fitim hizmeti sunmalar\u0131 a\u00e7\u0131s\u0131ndan b\u00fcy\u00fck \u00f6nem ta\u015f\u0131yor. Adaylar\u0131n ba\u015fvuru s\u00fcrecine dikkat etmeleri ve gerekli belgeleri tamamlamalar\u0131 gerekti\u011fi vurgulan\u0131rken, al\u0131mlar\u0131n adil ve \u015feffaf bir \u015fekilde ger\u00e7ekle\u015ftirilmesi i\u00e7in gerekli \u00f6nlemlerin al\u0131nd\u0131\u011f\u0131 belirtiliyor.<\/p>\n","protected":false},"excerpt":{"rendered":"<p>\u00dcniversiteler, Y\u00fcksek\u00f6\u011fretim Kanunu kapsam\u0131nda akademik kadrolar\u0131n\u0131 g\u00fc\u00e7lendirmek i\u00e7in harekete ge\u00e7iyor. Toplamda 438 akademisyen al\u0131m\u0131 yapacak&hellip;<\/p>\n","protected":false},"author":1,"featured_media":7210,"comment_status":"open","ping_status":"open","sticky":false,"template":"","format":"standard","meta":{"footnotes":""},"categories":[12],"tags":[],"class_list":["post-74522","post","type-post","status-publish","format-standard","has-post-thumbnail","hentry","category-egitim"],"yoast_head":"<!-- This site is optimized with the Yoast SEO Premium plugin v24.3 (Yoast SEO v27.4) - https:\/\/yoast.com\/product\/yoast-seo-premium-wordpress\/ -->\n<title>2547 Say\u0131l\u0131 Y\u00fcksek\u00f6\u011fretim Kanunu&#039;na G\u00f6re 438 Akademisyen Al\u0131nacak! - E-&Ccedil;\u0130FTL\u0130K HABER<\/title>\n<meta name=\"description\" content=\"\u00dcniversiteler, Y\u00fcksek\u00f6\u011fretim Kanunu kapsam\u0131nda akademik kadrolar\u0131n\u0131 g\u00fc\u00e7lendirmek i\u00e7in harekete ge\u00e7iyor. Toplamda 438 akademisyen al\u0131m\u0131 yapacak olan 10\" \/>\n<meta name=\"robots\" content=\"index, follow, max-snippet:-1, max-image-preview:large, max-video-preview:-1\" \/>\n<link rel=\"canonical\" href=\"https:\/\/e-ciftlik.com\/haberler\/egitim\/2547-sayili-yuksekogretim-kanununa-gore-438-akademisyen-alinacak\/\" \/>\n<meta property=\"og:locale\" content=\"tr_TR\" \/>\n<meta property=\"og:type\" content=\"article\" \/>\n<meta property=\"og:title\" content=\"2547 Say\u0131l\u0131 Y\u00fcksek\u00f6\u011fretim Kanunu&#039;na G\u00f6re 438 Akademisyen Al\u0131nacak!\" \/>\n<meta property=\"og:description\" content=\"\u00dcniversiteler, Y\u00fcksek\u00f6\u011fretim Kanunu kapsam\u0131nda akademik kadrolar\u0131n\u0131 g\u00fc\u00e7lendirmek i\u00e7in harekete ge\u00e7iyor. Toplamda 438 akademisyen al\u0131m\u0131 yapacak olan 10\" \/>\n<meta property=\"og:url\" content=\"https:\/\/e-ciftlik.com\/haberler\/egitim\/2547-sayili-yuksekogretim-kanununa-gore-438-akademisyen-alinacak\/\" \/>\n<meta property=\"og:site_name\" content=\"E-&Ccedil;\u0130FTL\u0130K HABER\" \/>\n<meta property=\"article:publisher\" content=\"https:\/\/www.facebook.com\/eciftlikturkiye\" \/>\n<meta property=\"article:published_time\" content=\"2025-01-27T12:38:03+00:00\" \/>\n<meta property=\"og:image\" content=\"https:\/\/e-ciftlik.com\/haberler\/wp-content\/uploads\/2024\/06\/egitim-ogrenci-universite-burs-getty-1498575.jpg\" \/>\n\t<meta property=\"og:image:width\" content=\"1280\" \/>\n\t<meta property=\"og:image:height\" content=\"720\" \/>\n\t<meta property=\"og:image:type\" content=\"image\/jpeg\" \/>\n<meta name=\"author\" content=\"Haber Merkezi\" \/>\n<meta name=\"twitter:card\" content=\"summary_large_image\" \/>\n<meta name=\"twitter:creator\" content=\"@eciftlikresmi\" \/>\n<meta name=\"twitter:site\" content=\"@eciftlikresmi\" \/>\n<meta name=\"twitter:label1\" content=\"Yazan:\" \/>\n\t<meta name=\"twitter:data1\" content=\"Haber Merkezi\" \/>\n\t<meta name=\"twitter:label2\" content=\"Tahmini okuma s\u00fcresi\" \/>\n\t<meta name=\"twitter:data2\" content=\"1 dakika\" \/>\n<script type=\"application\/ld+json\" class=\"yoast-schema-graph\">{\"@context\":\"https:\\\/\\\/schema.org\",\"@graph\":[{\"@type\":\"NewsArticle\",\"@id\":\"https:\\\/\\\/e-ciftlik.com\\\/haberler\\\/egitim\\\/2547-sayili-yuksekogretim-kanununa-gore-438-akademisyen-alinacak\\\/#article\",\"isPartOf\":{\"@id\":\"https:\\\/\\\/e-ciftlik.com\\\/haberler\\\/egitim\\\/2547-sayili-yuksekogretim-kanununa-gore-438-akademisyen-alinacak\\\/\"},\"author\":{\"name\":\"Haber Merkezi\",\"@id\":\"https:\\\/\\\/e-ciftlik.com\\\/haberler\\\/#\\\/schema\\\/person\\\/d2f4fee3143d7f72be82cb887d51b00a\"},\"headline\":\"2547 Say\u0131l\u0131 Y\u00fcksek\u00f6\u011fretim Kanunu&#8217;na G\u00f6re 438 Akademisyen Al\u0131nacak!\",\"datePublished\":\"2025-01-27T12:38:03+00:00\",\"mainEntityOfPage\":{\"@id\":\"https:\\\/\\\/e-ciftlik.com\\\/haberler\\\/egitim\\\/2547-sayili-yuksekogretim-kanununa-gore-438-akademisyen-alinacak\\\/\"},\"wordCount\":222,\"commentCount\":0,\"publisher\":{\"@id\":\"https:\\\/\\\/e-ciftlik.com\\\/haberler\\\/#organization\"},\"image\":{\"@id\":\"https:\\\/\\\/e-ciftlik.com\\\/haberler\\\/egitim\\\/2547-sayili-yuksekogretim-kanununa-gore-438-akademisyen-alinacak\\\/#primaryimage\"},\"thumbnailUrl\":\"https:\\\/\\\/e-ciftlik.com\\\/haberler\\\/wp-content\\\/uploads\\\/2024\\\/06\\\/egitim-ogrenci-universite-burs-getty-1498575.jpg\",\"articleSection\":[\"E\u011fitim\"],\"inLanguage\":\"tr\",\"potentialAction\":[{\"@type\":\"CommentAction\",\"name\":\"Comment\",\"target\":[\"https:\\\/\\\/e-ciftlik.com\\\/haberler\\\/egitim\\\/2547-sayili-yuksekogretim-kanununa-gore-438-akademisyen-alinacak\\\/#respond\"]}]},{\"@type\":\"WebPage\",\"@id\":\"https:\\\/\\\/e-ciftlik.com\\\/haberler\\\/egitim\\\/2547-sayili-yuksekogretim-kanununa-gore-438-akademisyen-alinacak\\\/\",\"url\":\"https:\\\/\\\/e-ciftlik.com\\\/haberler\\\/egitim\\\/2547-sayili-yuksekogretim-kanununa-gore-438-akademisyen-alinacak\\\/\",\"name\":\"2547 Say\u0131l\u0131 Y\u00fcksek\u00f6\u011fretim Kanunu'na G\u00f6re 438 Akademisyen Al\u0131nacak! - E-&Ccedil;\u0130FTL\u0130K HABER\",\"isPartOf\":{\"@id\":\"https:\\\/\\\/e-ciftlik.com\\\/haberler\\\/#website\"},\"primaryImageOfPage\":{\"@id\":\"https:\\\/\\\/e-ciftlik.com\\\/haberler\\\/egitim\\\/2547-sayili-yuksekogretim-kanununa-gore-438-akademisyen-alinacak\\\/#primaryimage\"},\"image\":{\"@id\":\"https:\\\/\\\/e-ciftlik.com\\\/haberler\\\/egitim\\\/2547-sayili-yuksekogretim-kanununa-gore-438-akademisyen-alinacak\\\/#primaryimage\"},\"thumbnailUrl\":\"https:\\\/\\\/e-ciftlik.com\\\/haberler\\\/wp-content\\\/uploads\\\/2024\\\/06\\\/egitim-ogrenci-universite-burs-getty-1498575.jpg\",\"datePublished\":\"2025-01-27T12:38:03+00:00\",\"description\":\"\u00dcniversiteler, Y\u00fcksek\u00f6\u011fretim Kanunu kapsam\u0131nda akademik kadrolar\u0131n\u0131 g\u00fc\u00e7lendirmek i\u00e7in harekete ge\u00e7iyor. Toplamda 438 akademisyen al\u0131m\u0131 yapacak olan 10\",\"breadcrumb\":{\"@id\":\"https:\\\/\\\/e-ciftlik.com\\\/haberler\\\/egitim\\\/2547-sayili-yuksekogretim-kanununa-gore-438-akademisyen-alinacak\\\/#breadcrumb\"},\"inLanguage\":\"tr\",\"potentialAction\":[{\"@type\":\"ReadAction\",\"target\":[\"https:\\\/\\\/e-ciftlik.com\\\/haberler\\\/egitim\\\/2547-sayili-yuksekogretim-kanununa-gore-438-akademisyen-alinacak\\\/\"]}]},{\"@type\":\"ImageObject\",\"inLanguage\":\"tr\",\"@id\":\"https:\\\/\\\/e-ciftlik.com\\\/haberler\\\/egitim\\\/2547-sayili-yuksekogretim-kanununa-gore-438-akademisyen-alinacak\\\/#primaryimage\",\"url\":\"https:\\\/\\\/e-ciftlik.com\\\/haberler\\\/wp-content\\\/uploads\\\/2024\\\/06\\\/egitim-ogrenci-universite-burs-getty-1498575.jpg\",\"contentUrl\":\"https:\\\/\\\/e-ciftlik.com\\\/haberler\\\/wp-content\\\/uploads\\\/2024\\\/06\\\/egitim-ogrenci-universite-burs-getty-1498575.jpg\",\"width\":1280,\"height\":720},{\"@type\":\"BreadcrumbList\",\"@id\":\"https:\\\/\\\/e-ciftlik.com\\\/haberler\\\/egitim\\\/2547-sayili-yuksekogretim-kanununa-gore-438-akademisyen-alinacak\\\/#breadcrumb\",\"itemListElement\":[{\"@type\":\"ListItem\",\"position\":1,\"name\":\"Anasayfa\",\"item\":\"https:\\\/\\\/e-ciftlik.com\\\/haberler\\\/\"},{\"@type\":\"ListItem\",\"position\":2,\"name\":\"2547 Say\u0131l\u0131 Y\u00fcksek\u00f6\u011fretim Kanunu&#8217;na G\u00f6re 438 Akademisyen Al\u0131nacak!\"}]},{\"@type\":\"WebSite\",\"@id\":\"https:\\\/\\\/e-ciftlik.com\\\/haberler\\\/#website\",\"url\":\"https:\\\/\\\/e-ciftlik.com\\\/haberler\\\/\",\"name\":\"E-\u00c7iftlik Haber | G\u00fcncel, Son Dakika Haberler, En Son Haber\",\"description\":\"\",\"publisher\":{\"@id\":\"https:\\\/\\\/e-ciftlik.com\\\/haberler\\\/#organization\"},\"potentialAction\":[{\"@type\":\"SearchAction\",\"target\":{\"@type\":\"EntryPoint\",\"urlTemplate\":\"https:\\\/\\\/e-ciftlik.com\\\/haberler\\\/?s={search_term_string}\"},\"query-input\":{\"@type\":\"PropertyValueSpecification\",\"valueRequired\":true,\"valueName\":\"search_term_string\"}}],\"inLanguage\":\"tr\"},{\"@type\":\"Organization\",\"@id\":\"https:\\\/\\\/e-ciftlik.com\\\/haberler\\\/#organization\",\"name\":\"E-\u00c7\u0130FTL\u0130K HABER\",\"url\":\"https:\\\/\\\/e-ciftlik.com\\\/haberler\\\/\",\"logo\":{\"@type\":\"ImageObject\",\"inLanguage\":\"tr\",\"@id\":\"https:\\\/\\\/e-ciftlik.com\\\/haberler\\\/#\\\/schema\\\/logo\\\/image\\\/\",\"url\":\"https:\\\/\\\/e-ciftlik.com\\\/haberler\\\/wp-content\\\/uploads\\\/2024\\\/06\\\/cropped-cropped-favicon-1-2.png\",\"contentUrl\":\"https:\\\/\\\/e-ciftlik.com\\\/haberler\\\/wp-content\\\/uploads\\\/2024\\\/06\\\/cropped-cropped-favicon-1-2.png\",\"width\":512,\"height\":512,\"caption\":\"E-\u00c7\u0130FTL\u0130K HABER\"},\"image\":{\"@id\":\"https:\\\/\\\/e-ciftlik.com\\\/haberler\\\/#\\\/schema\\\/logo\\\/image\\\/\"},\"sameAs\":[\"https:\\\/\\\/www.facebook.com\\\/eciftlikturkiye\",\"https:\\\/\\\/x.com\\\/eciftlikresmi\",\"https:\\\/\\\/www.instagram.com\\\/eciftlikresmi\\\/\"]},{\"@type\":\"Person\",\"@id\":\"https:\\\/\\\/e-ciftlik.com\\\/haberler\\\/#\\\/schema\\\/person\\\/d2f4fee3143d7f72be82cb887d51b00a\",\"name\":\"Haber Merkezi\",\"image\":{\"@type\":\"ImageObject\",\"inLanguage\":\"tr\",\"@id\":\"https:\\\/\\\/secure.gravatar.com\\\/avatar\\\/6c27d641914e66c1d0452c92716002398782818991d86db1c2cccb531e7c7c82?s=96&d=mm&r=g\",\"url\":\"https:\\\/\\\/secure.gravatar.com\\\/avatar\\\/6c27d641914e66c1d0452c92716002398782818991d86db1c2cccb531e7c7c82?s=96&d=mm&r=g\",\"contentUrl\":\"https:\\\/\\\/secure.gravatar.com\\\/avatar\\\/6c27d641914e66c1d0452c92716002398782818991d86db1c2cccb531e7c7c82?s=96&d=mm&r=g\",\"caption\":\"Haber Merkezi\"},\"sameAs\":[\"http:\\\/\\\/e-ciftlik.com\\\/haberler\"]}]}<\/script>\n<!-- \/ Yoast SEO Premium plugin. -->","yoast_head_json":{"title":"2547 Say\u0131l\u0131 Y\u00fcksek\u00f6\u011fretim Kanunu'na G\u00f6re 438 Akademisyen Al\u0131nacak! - E-&Ccedil;\u0130FTL\u0130K HABER","description":"\u00dcniversiteler, Y\u00fcksek\u00f6\u011fretim Kanunu kapsam\u0131nda akademik kadrolar\u0131n\u0131 g\u00fc\u00e7lendirmek i\u00e7in harekete ge\u00e7iyor. Toplamda 438 akademisyen al\u0131m\u0131 yapacak olan 10","robots":{"index":"index","follow":"follow","max-snippet":"max-snippet:-1","max-image-preview":"max-image-preview:large","max-video-preview":"max-video-preview:-1"},"canonical":"https:\/\/e-ciftlik.com\/haberler\/egitim\/2547-sayili-yuksekogretim-kanununa-gore-438-akademisyen-alinacak\/","og_locale":"tr_TR","og_type":"article","og_title":"2547 Say\u0131l\u0131 Y\u00fcksek\u00f6\u011fretim Kanunu'na G\u00f6re 438 Akademisyen Al\u0131nacak!","og_description":"\u00dcniversiteler, Y\u00fcksek\u00f6\u011fretim Kanunu kapsam\u0131nda akademik kadrolar\u0131n\u0131 g\u00fc\u00e7lendirmek i\u00e7in harekete ge\u00e7iyor. Toplamda 438 akademisyen al\u0131m\u0131 yapacak olan 10","og_url":"https:\/\/e-ciftlik.com\/haberler\/egitim\/2547-sayili-yuksekogretim-kanununa-gore-438-akademisyen-alinacak\/","og_site_name":"E-&Ccedil;\u0130FTL\u0130K HABER","article_publisher":"https:\/\/www.facebook.com\/eciftlikturkiye","article_published_time":"2025-01-27T12:38:03+00:00","og_image":[{"width":1280,"height":720,"url":"https:\/\/e-ciftlik.com\/haberler\/wp-content\/uploads\/2024\/06\/egitim-ogrenci-universite-burs-getty-1498575.jpg","type":"image\/jpeg"}],"author":"Haber Merkezi","twitter_card":"summary_large_image","twitter_creator":"@eciftlikresmi","twitter_site":"@eciftlikresmi","twitter_misc":{"Yazan:":"Haber Merkezi","Tahmini okuma s\u00fcresi":"1 dakika"},"schema":{"@context":"https:\/\/schema.org","@graph":[{"@type":"NewsArticle","@id":"https:\/\/e-ciftlik.com\/haberler\/egitim\/2547-sayili-yuksekogretim-kanununa-gore-438-akademisyen-alinacak\/#article","isPartOf":{"@id":"https:\/\/e-ciftlik.com\/haberler\/egitim\/2547-sayili-yuksekogretim-kanununa-gore-438-akademisyen-alinacak\/"},"author":{"name":"Haber Merkezi","@id":"https:\/\/e-ciftlik.com\/haberler\/#\/schema\/person\/d2f4fee3143d7f72be82cb887d51b00a"},"headline":"2547 Say\u0131l\u0131 Y\u00fcksek\u00f6\u011fretim Kanunu&#8217;na G\u00f6re 438 Akademisyen Al\u0131nacak!","datePublished":"2025-01-27T12:38:03+00:00","mainEntityOfPage":{"@id":"https:\/\/e-ciftlik.com\/haberler\/egitim\/2547-sayili-yuksekogretim-kanununa-gore-438-akademisyen-alinacak\/"},"wordCount":222,"commentCount":0,"publisher":{"@id":"https:\/\/e-ciftlik.com\/haberler\/#organization"},"image":{"@id":"https:\/\/e-ciftlik.com\/haberler\/egitim\/2547-sayili-yuksekogretim-kanununa-gore-438-akademisyen-alinacak\/#primaryimage"},"thumbnailUrl":"https:\/\/e-ciftlik.com\/haberler\/wp-content\/uploads\/2024\/06\/egitim-ogrenci-universite-burs-getty-1498575.jpg","articleSection":["E\u011fitim"],"inLanguage":"tr","potentialAction":[{"@type":"CommentAction","name":"Comment","target":["https:\/\/e-ciftlik.com\/haberler\/egitim\/2547-sayili-yuksekogretim-kanununa-gore-438-akademisyen-alinacak\/#respond"]}]},{"@type":"WebPage","@id":"https:\/\/e-ciftlik.com\/haberler\/egitim\/2547-sayili-yuksekogretim-kanununa-gore-438-akademisyen-alinacak\/","url":"https:\/\/e-ciftlik.com\/haberler\/egitim\/2547-sayili-yuksekogretim-kanununa-gore-438-akademisyen-alinacak\/","name":"2547 Say\u0131l\u0131 Y\u00fcksek\u00f6\u011fretim Kanunu'na G\u00f6re 438 Akademisyen Al\u0131nacak! - E-&Ccedil;\u0130FTL\u0130K HABER","isPartOf":{"@id":"https:\/\/e-ciftlik.com\/haberler\/#website"},"primaryImageOfPage":{"@id":"https:\/\/e-ciftlik.com\/haberler\/egitim\/2547-sayili-yuksekogretim-kanununa-gore-438-akademisyen-alinacak\/#primaryimage"},"image":{"@id":"https:\/\/e-ciftlik.com\/haberler\/egitim\/2547-sayili-yuksekogretim-kanununa-gore-438-akademisyen-alinacak\/#primaryimage"},"thumbnailUrl":"https:\/\/e-ciftlik.com\/haberler\/wp-content\/uploads\/2024\/06\/egitim-ogrenci-universite-burs-getty-1498575.jpg","datePublished":"2025-01-27T12:38:03+00:00","description":"\u00dcniversiteler, Y\u00fcksek\u00f6\u011fretim Kanunu kapsam\u0131nda akademik kadrolar\u0131n\u0131 g\u00fc\u00e7lendirmek i\u00e7in harekete ge\u00e7iyor. Toplamda 438 akademisyen al\u0131m\u0131 yapacak olan 10","breadcrumb":{"@id":"https:\/\/e-ciftlik.com\/haberler\/egitim\/2547-sayili-yuksekogretim-kanununa-gore-438-akademisyen-alinacak\/#breadcrumb"},"inLanguage":"tr","potentialAction":[{"@type":"ReadAction","target":["https:\/\/e-ciftlik.com\/haberler\/egitim\/2547-sayili-yuksekogretim-kanununa-gore-438-akademisyen-alinacak\/"]}]},{"@type":"ImageObject","inLanguage":"tr","@id":"https:\/\/e-ciftlik.com\/haberler\/egitim\/2547-sayili-yuksekogretim-kanununa-gore-438-akademisyen-alinacak\/#primaryimage","url":"https:\/\/e-ciftlik.com\/haberler\/wp-content\/uploads\/2024\/06\/egitim-ogrenci-universite-burs-getty-1498575.jpg","contentUrl":"https:\/\/e-ciftlik.com\/haberler\/wp-content\/uploads\/2024\/06\/egitim-ogrenci-universite-burs-getty-1498575.jpg","width":1280,"height":720},{"@type":"BreadcrumbList","@id":"https:\/\/e-ciftlik.com\/haberler\/egitim\/2547-sayili-yuksekogretim-kanununa-gore-438-akademisyen-alinacak\/#breadcrumb","itemListElement":[{"@type":"ListItem","position":1,"name":"Anasayfa","item":"https:\/\/e-ciftlik.com\/haberler\/"},{"@type":"ListItem","position":2,"name":"2547 Say\u0131l\u0131 Y\u00fcksek\u00f6\u011fretim Kanunu&#8217;na G\u00f6re 438 Akademisyen Al\u0131nacak!"}]},{"@type":"WebSite","@id":"https:\/\/e-ciftlik.com\/haberler\/#website","url":"https:\/\/e-ciftlik.com\/haberler\/","name":"E-\u00c7iftlik Haber | G\u00fcncel, Son Dakika Haberler, En Son Haber","description":"","publisher":{"@id":"https:\/\/e-ciftlik.com\/haberler\/#organization"},"potentialAction":[{"@type":"SearchAction","target":{"@type":"EntryPoint","urlTemplate":"https:\/\/e-ciftlik.com\/haberler\/?s={search_term_string}"},"query-input":{"@type":"PropertyValueSpecification","valueRequired":true,"valueName":"search_term_string"}}],"inLanguage":"tr"},{"@type":"Organization","@id":"https:\/\/e-ciftlik.com\/haberler\/#organization","name":"E-\u00c7\u0130FTL\u0130K HABER","url":"https:\/\/e-ciftlik.com\/haberler\/","logo":{"@type":"ImageObject","inLanguage":"tr","@id":"https:\/\/e-ciftlik.com\/haberler\/#\/schema\/logo\/image\/","url":"https:\/\/e-ciftlik.com\/haberler\/wp-content\/uploads\/2024\/06\/cropped-cropped-favicon-1-2.png","contentUrl":"https:\/\/e-ciftlik.com\/haberler\/wp-content\/uploads\/2024\/06\/cropped-cropped-favicon-1-2.png","width":512,"height":512,"caption":"E-\u00c7\u0130FTL\u0130K HABER"},"image":{"@id":"https:\/\/e-ciftlik.com\/haberler\/#\/schema\/logo\/image\/"},"sameAs":["https:\/\/www.facebook.com\/eciftlikturkiye","https:\/\/x.com\/eciftlikresmi","https:\/\/www.instagram.com\/eciftlikresmi\/"]},{"@type":"Person","@id":"https:\/\/e-ciftlik.com\/haberler\/#\/schema\/person\/d2f4fee3143d7f72be82cb887d51b00a","name":"Haber Merkezi","image":{"@type":"ImageObject","inLanguage":"tr","@id":"https:\/\/secure.gravatar.com\/avatar\/6c27d641914e66c1d0452c92716002398782818991d86db1c2cccb531e7c7c82?s=96&d=mm&r=g","url":"https:\/\/secure.gravatar.com\/avatar\/6c27d641914e66c1d0452c92716002398782818991d86db1c2cccb531e7c7c82?s=96&d=mm&r=g","contentUrl":"https:\/\/secure.gravatar.com\/avatar\/6c27d641914e66c1d0452c92716002398782818991d86db1c2cccb531e7c7c82?s=96&d=mm&r=g","caption":"Haber Merkezi"},"sameAs":["http:\/\/e-ciftlik.com\/haberler"]}]}},"_links":{"self":[{"href":"https:\/\/e-ciftlik.com\/haberler\/wp-json\/wp\/v2\/posts\/74522","targetHints":{"allow":["GET"]}}],"collection":[{"href":"https:\/\/e-ciftlik.com\/haberler\/wp-json\/wp\/v2\/posts"}],"about":[{"href":"https:\/\/e-ciftlik.com\/haberler\/wp-json\/wp\/v2\/types\/post"}],"author":[{"embeddable":true,"href":"https:\/\/e-ciftlik.com\/haberler\/wp-json\/wp\/v2\/users\/1"}],"replies":[{"embeddable":true,"href":"https:\/\/e-ciftlik.com\/haberler\/wp-json\/wp\/v2\/comments?post=74522"}],"version-history":[{"count":0,"href":"https:\/\/e-ciftlik.com\/haberler\/wp-json\/wp\/v2\/posts\/74522\/revisions"}],"wp:featuredmedia":[{"embeddable":true,"href":"https:\/\/e-ciftlik.com\/haberler\/wp-json\/wp\/v2\/media\/7210"}],"wp:attachment":[{"href":"https:\/\/e-ciftlik.com\/haberler\/wp-json\/wp\/v2\/media?parent=74522"}],"wp:term":[{"taxonomy":"category","embeddable":true,"href":"https:\/\/e-ciftlik.com\/haberler\/wp-json\/wp\/v2\/categories?post=74522"},{"taxonomy":"post_tag","embeddable":true,"href":"https:\/\/e-ciftlik.com\/haberler\/wp-json\/wp\/v2\/tags?post=74522"}],"curies":[{"name":"wp","href":"https:\/\/api.w.org\/{rel}","templated":true}]}}