{"id":74523,"date":"2025-01-27T12:40:29","date_gmt":"2025-01-27T12:40:29","guid":{"rendered":"https:\/\/e-ciftlik.com\/haberler\/gundem\/turkiyenin-en-genc-belediye-baskani-ak-partiye-gecti\/"},"modified":"2025-01-27T12:40:29","modified_gmt":"2025-01-27T12:40:29","slug":"turkiyenin-en-genc-belediye-baskani-ak-partiye-gecti","status":"publish","type":"post","link":"https:\/\/e-ciftlik.com\/haberler\/gundem\/turkiyenin-en-genc-belediye-baskani-ak-partiye-gecti\/","title":{"rendered":"T\u00fcrkiye&#8217;nin en gen\u00e7 belediye ba\u015fkan\u0131 AK Parti&#8217;ye ge\u00e7ti"},"content":{"rendered":"<p>22 ya\u015f\u0131ndaki T\u00fcrkiye&#8217;nin en gen\u00e7 belediye ba\u015fkan\u0131 olan Zeynep \u00c7elik, AK Parti&#8217;ye ge\u00e7i\u015f yapt\u0131. Sabah gazetesinde yer alan habere g\u00f6re, \u00c7anakkale Milletvekili Ayhan Gider&#8217;e te\u015fekk\u00fcrlerini ileten \u00c7elik, \u00fclkenin zorlu bir d\u00f6nemden ge\u00e7ti\u011fini belirterek, Gider&#8217;in davetine icabet ederek AK Parti&#8217;ye kat\u0131ld\u0131klar\u0131n\u0131 a\u00e7\u0131klad\u0131.<\/p>\n<p>\u00c7elik, &#8220;AK Parti&#8217;nin gen\u00e7lere verdi\u011fi de\u011fer ve \u00f6nem beni etkiledi. Ba\u011f\u0131ms\u0131z olarak yola \u00e7\u0131kmam\u0131n sebebi gen\u00e7lerin siyasette s\u00f6z sahibi olabilece\u011fini g\u00f6stermek ve do\u011fdu\u011fum topraklara hizmet etmekti. Ancak ba\u011f\u0131ms\u0131z olarak etkili bir de\u011fi\u015fim yaratman\u0131n zor oldu\u011funu g\u00f6rd\u00fcm. AK Parti&#8217;nin g\u00fc\u00e7l\u00fc ekip ruhu ve gelecek vizyonu beni etkiledi. Bu y\u00fczden g\u00fc\u00e7l\u00fc bir ekip olarak fark yaratabilece\u011fime inand\u0131m. AK Parti&#8217;nin s\u0131cak yakla\u015f\u0131m\u0131 bizi etkiledi ve beldemizin taleplerine daha iyi yan\u0131t verebilmek ad\u0131na partimize kat\u0131lmaya karar verdik&#8221; dedi.<\/p>\n<p>\u00c7elik, AK Parti MKYK \u00dcyesi ve Genel Sekreteri Fatih \u015eahin&#8217;e, \u00c7anakkale Milletvekili Ayhan Gider&#8217;e ve AK Parti \u00c7anakkale \u0130l Ba\u015fkan\u0131 \u00d6mer Faruk G\u00f6kt\u00fcrk&#8217;e te\u015fekk\u00fcrlerini iletti.<\/p>\n","protected":false},"excerpt":{"rendered":"<p>22 ya\u015f\u0131ndaki T\u00fcrkiye&#8217;nin en gen\u00e7 belediye ba\u015fkan\u0131 olan Zeynep \u00c7elik, AK Parti&#8217;ye ge\u00e7i\u015f yapt\u0131. Sabah&hellip;<\/p>\n","protected":false},"author":1,"featured_media":74524,"comment_status":"open","ping_status":"open","sticky":false,"template":"","format":"standard","meta":{"footnotes":""},"categories":[10],"tags":[],"class_list":["post-74523","post","type-post","status-publish","format-standard","has-post-thumbnail","hentry","category-gundem"],"yoast_head":"<!-- This site is optimized with the Yoast SEO Premium plugin v24.3 (Yoast SEO v27.4) - https:\/\/yoast.com\/product\/yoast-seo-premium-wordpress\/ -->\n<title>T\u00fcrkiye&#039;nin en gen\u00e7 belediye ba\u015fkan\u0131 AK Parti&#039;ye ge\u00e7ti - E-&Ccedil;\u0130FTL\u0130K HABER<\/title>\n<meta name=\"description\" content=\"22 ya\u015f\u0131ndaki T\u00fcrkiye&#039;nin en gen\u00e7 belediye ba\u015fkan\u0131 olan Zeynep \u00c7elik, AK Parti&#039;ye ge\u00e7i\u015f yapt\u0131. Sabah gazetesinde yer alan habere g\u00f6re, \u00c7anakkale\" \/>\n<meta name=\"robots\" content=\"index, follow, max-snippet:-1, max-image-preview:large, max-video-preview:-1\" \/>\n<link rel=\"canonical\" href=\"https:\/\/e-ciftlik.com\/haberler\/gundem\/turkiyenin-en-genc-belediye-baskani-ak-partiye-gecti\/\" \/>\n<meta property=\"og:locale\" content=\"tr_TR\" \/>\n<meta property=\"og:type\" content=\"article\" \/>\n<meta property=\"og:title\" content=\"T\u00fcrkiye&#039;nin en gen\u00e7 belediye ba\u015fkan\u0131 AK Parti&#039;ye ge\u00e7ti\" \/>\n<meta property=\"og:description\" content=\"22 ya\u015f\u0131ndaki T\u00fcrkiye&#039;nin en gen\u00e7 belediye ba\u015fkan\u0131 olan Zeynep \u00c7elik, AK Parti&#039;ye ge\u00e7i\u015f yapt\u0131. Sabah gazetesinde yer alan habere g\u00f6re, \u00c7anakkale\" \/>\n<meta property=\"og:url\" content=\"https:\/\/e-ciftlik.com\/haberler\/gundem\/turkiyenin-en-genc-belediye-baskani-ak-partiye-gecti\/\" \/>\n<meta property=\"og:site_name\" content=\"E-&Ccedil;\u0130FTL\u0130K HABER\" \/>\n<meta property=\"article:publisher\" content=\"https:\/\/www.facebook.com\/eciftlikturkiye\" \/>\n<meta property=\"article:published_time\" content=\"2025-01-27T12:40:29+00:00\" \/>\n<meta property=\"og:image\" content=\"https:\/\/e-ciftlik.com\/haberler\/wp-content\/uploads\/2025\/01\/turkiyenin-en-genc-belediye-baskani-ak-partiye-gecti-1737821263040.jpeg\" \/>\n\t<meta property=\"og:image:width\" content=\"1200\" \/>\n\t<meta property=\"og:image:height\" content=\"675\" \/>\n\t<meta property=\"og:image:type\" content=\"image\/jpeg\" \/>\n<meta name=\"author\" content=\"Haber Merkezi\" \/>\n<meta name=\"twitter:card\" content=\"summary_large_image\" \/>\n<meta name=\"twitter:creator\" content=\"@eciftlikresmi\" \/>\n<meta name=\"twitter:site\" content=\"@eciftlikresmi\" \/>\n<meta name=\"twitter:label1\" content=\"Yazan:\" \/>\n\t<meta name=\"twitter:data1\" content=\"Haber Merkezi\" \/>\n\t<meta name=\"twitter:label2\" content=\"Tahmini okuma s\u00fcresi\" \/>\n\t<meta name=\"twitter:data2\" content=\"1 dakika\" \/>\n<script type=\"application\/ld+json\" class=\"yoast-schema-graph\">{\"@context\":\"https:\\\/\\\/schema.org\",\"@graph\":[{\"@type\":\"NewsArticle\",\"@id\":\"https:\\\/\\\/e-ciftlik.com\\\/haberler\\\/gundem\\\/turkiyenin-en-genc-belediye-baskani-ak-partiye-gecti\\\/#article\",\"isPartOf\":{\"@id\":\"https:\\\/\\\/e-ciftlik.com\\\/haberler\\\/gundem\\\/turkiyenin-en-genc-belediye-baskani-ak-partiye-gecti\\\/\"},\"author\":{\"name\":\"Haber Merkezi\",\"@id\":\"https:\\\/\\\/e-ciftlik.com\\\/haberler\\\/#\\\/schema\\\/person\\\/d2f4fee3143d7f72be82cb887d51b00a\"},\"headline\":\"T\u00fcrkiye&#8217;nin en gen\u00e7 belediye ba\u015fkan\u0131 AK Parti&#8217;ye ge\u00e7ti\",\"datePublished\":\"2025-01-27T12:40:29+00:00\",\"mainEntityOfPage\":{\"@id\":\"https:\\\/\\\/e-ciftlik.com\\\/haberler\\\/gundem\\\/turkiyenin-en-genc-belediye-baskani-ak-partiye-gecti\\\/\"},\"wordCount\":212,\"commentCount\":0,\"publisher\":{\"@id\":\"https:\\\/\\\/e-ciftlik.com\\\/haberler\\\/#organization\"},\"image\":{\"@id\":\"https:\\\/\\\/e-ciftlik.com\\\/haberler\\\/gundem\\\/turkiyenin-en-genc-belediye-baskani-ak-partiye-gecti\\\/#primaryimage\"},\"thumbnailUrl\":\"https:\\\/\\\/e-ciftlik.com\\\/haberler\\\/wp-content\\\/uploads\\\/2025\\\/01\\\/turkiyenin-en-genc-belediye-baskani-ak-partiye-gecti-1737821263040.jpeg\",\"articleSection\":[\"G\u00fcndem\"],\"inLanguage\":\"tr\",\"potentialAction\":[{\"@type\":\"CommentAction\",\"name\":\"Comment\",\"target\":[\"https:\\\/\\\/e-ciftlik.com\\\/haberler\\\/gundem\\\/turkiyenin-en-genc-belediye-baskani-ak-partiye-gecti\\\/#respond\"]}]},{\"@type\":\"WebPage\",\"@id\":\"https:\\\/\\\/e-ciftlik.com\\\/haberler\\\/gundem\\\/turkiyenin-en-genc-belediye-baskani-ak-partiye-gecti\\\/\",\"url\":\"https:\\\/\\\/e-ciftlik.com\\\/haberler\\\/gundem\\\/turkiyenin-en-genc-belediye-baskani-ak-partiye-gecti\\\/\",\"name\":\"T\u00fcrkiye'nin en gen\u00e7 belediye ba\u015fkan\u0131 AK Parti'ye ge\u00e7ti - E-&Ccedil;\u0130FTL\u0130K HABER\",\"isPartOf\":{\"@id\":\"https:\\\/\\\/e-ciftlik.com\\\/haberler\\\/#website\"},\"primaryImageOfPage\":{\"@id\":\"https:\\\/\\\/e-ciftlik.com\\\/haberler\\\/gundem\\\/turkiyenin-en-genc-belediye-baskani-ak-partiye-gecti\\\/#primaryimage\"},\"image\":{\"@id\":\"https:\\\/\\\/e-ciftlik.com\\\/haberler\\\/gundem\\\/turkiyenin-en-genc-belediye-baskani-ak-partiye-gecti\\\/#primaryimage\"},\"thumbnailUrl\":\"https:\\\/\\\/e-ciftlik.com\\\/haberler\\\/wp-content\\\/uploads\\\/2025\\\/01\\\/turkiyenin-en-genc-belediye-baskani-ak-partiye-gecti-1737821263040.jpeg\",\"datePublished\":\"2025-01-27T12:40:29+00:00\",\"description\":\"22 ya\u015f\u0131ndaki T\u00fcrkiye'nin en gen\u00e7 belediye ba\u015fkan\u0131 olan Zeynep \u00c7elik, AK Parti'ye ge\u00e7i\u015f yapt\u0131. Sabah gazetesinde yer alan habere g\u00f6re, \u00c7anakkale\",\"breadcrumb\":{\"@id\":\"https:\\\/\\\/e-ciftlik.com\\\/haberler\\\/gundem\\\/turkiyenin-en-genc-belediye-baskani-ak-partiye-gecti\\\/#breadcrumb\"},\"inLanguage\":\"tr\",\"potentialAction\":[{\"@type\":\"ReadAction\",\"target\":[\"https:\\\/\\\/e-ciftlik.com\\\/haberler\\\/gundem\\\/turkiyenin-en-genc-belediye-baskani-ak-partiye-gecti\\\/\"]}]},{\"@type\":\"ImageObject\",\"inLanguage\":\"tr\",\"@id\":\"https:\\\/\\\/e-ciftlik.com\\\/haberler\\\/gundem\\\/turkiyenin-en-genc-belediye-baskani-ak-partiye-gecti\\\/#primaryimage\",\"url\":\"https:\\\/\\\/e-ciftlik.com\\\/haberler\\\/wp-content\\\/uploads\\\/2025\\\/01\\\/turkiyenin-en-genc-belediye-baskani-ak-partiye-gecti-1737821263040.jpeg\",\"contentUrl\":\"https:\\\/\\\/e-ciftlik.com\\\/haberler\\\/wp-content\\\/uploads\\\/2025\\\/01\\\/turkiyenin-en-genc-belediye-baskani-ak-partiye-gecti-1737821263040.jpeg\",\"width\":1200,\"height\":675},{\"@type\":\"BreadcrumbList\",\"@id\":\"https:\\\/\\\/e-ciftlik.com\\\/haberler\\\/gundem\\\/turkiyenin-en-genc-belediye-baskani-ak-partiye-gecti\\\/#breadcrumb\",\"itemListElement\":[{\"@type\":\"ListItem\",\"position\":1,\"name\":\"Anasayfa\",\"item\":\"https:\\\/\\\/e-ciftlik.com\\\/haberler\\\/\"},{\"@type\":\"ListItem\",\"position\":2,\"name\":\"T\u00fcrkiye&#8217;nin en gen\u00e7 belediye ba\u015fkan\u0131 AK Parti&#8217;ye ge\u00e7ti\"}]},{\"@type\":\"WebSite\",\"@id\":\"https:\\\/\\\/e-ciftlik.com\\\/haberler\\\/#website\",\"url\":\"https:\\\/\\\/e-ciftlik.com\\\/haberler\\\/\",\"name\":\"E-\u00c7iftlik Haber | G\u00fcncel, Son Dakika Haberler, En Son Haber\",\"description\":\"\",\"publisher\":{\"@id\":\"https:\\\/\\\/e-ciftlik.com\\\/haberler\\\/#organization\"},\"potentialAction\":[{\"@type\":\"SearchAction\",\"target\":{\"@type\":\"EntryPoint\",\"urlTemplate\":\"https:\\\/\\\/e-ciftlik.com\\\/haberler\\\/?s={search_term_string}\"},\"query-input\":{\"@type\":\"PropertyValueSpecification\",\"valueRequired\":true,\"valueName\":\"search_term_string\"}}],\"inLanguage\":\"tr\"},{\"@type\":\"Organization\",\"@id\":\"https:\\\/\\\/e-ciftlik.com\\\/haberler\\\/#organization\",\"name\":\"E-\u00c7\u0130FTL\u0130K HABER\",\"url\":\"https:\\\/\\\/e-ciftlik.com\\\/haberler\\\/\",\"logo\":{\"@type\":\"ImageObject\",\"inLanguage\":\"tr\",\"@id\":\"https:\\\/\\\/e-ciftlik.com\\\/haberler\\\/#\\\/schema\\\/logo\\\/image\\\/\",\"url\":\"https:\\\/\\\/e-ciftlik.com\\\/haberler\\\/wp-content\\\/uploads\\\/2024\\\/06\\\/cropped-cropped-favicon-1-2.png\",\"contentUrl\":\"https:\\\/\\\/e-ciftlik.com\\\/haberler\\\/wp-content\\\/uploads\\\/2024\\\/06\\\/cropped-cropped-favicon-1-2.png\",\"width\":512,\"height\":512,\"caption\":\"E-\u00c7\u0130FTL\u0130K HABER\"},\"image\":{\"@id\":\"https:\\\/\\\/e-ciftlik.com\\\/haberler\\\/#\\\/schema\\\/logo\\\/image\\\/\"},\"sameAs\":[\"https:\\\/\\\/www.facebook.com\\\/eciftlikturkiye\",\"https:\\\/\\\/x.com\\\/eciftlikresmi\",\"https:\\\/\\\/www.instagram.com\\\/eciftlikresmi\\\/\"]},{\"@type\":\"Person\",\"@id\":\"https:\\\/\\\/e-ciftlik.com\\\/haberler\\\/#\\\/schema\\\/person\\\/d2f4fee3143d7f72be82cb887d51b00a\",\"name\":\"Haber Merkezi\",\"image\":{\"@type\":\"ImageObject\",\"inLanguage\":\"tr\",\"@id\":\"https:\\\/\\\/secure.gravatar.com\\\/avatar\\\/6c27d641914e66c1d0452c92716002398782818991d86db1c2cccb531e7c7c82?s=96&d=mm&r=g\",\"url\":\"https:\\\/\\\/secure.gravatar.com\\\/avatar\\\/6c27d641914e66c1d0452c92716002398782818991d86db1c2cccb531e7c7c82?s=96&d=mm&r=g\",\"contentUrl\":\"https:\\\/\\\/secure.gravatar.com\\\/avatar\\\/6c27d641914e66c1d0452c92716002398782818991d86db1c2cccb531e7c7c82?s=96&d=mm&r=g\",\"caption\":\"Haber Merkezi\"},\"sameAs\":[\"http:\\\/\\\/e-ciftlik.com\\\/haberler\"]}]}<\/script>\n<!-- \/ Yoast SEO Premium plugin. -->","yoast_head_json":{"title":"T\u00fcrkiye'nin en gen\u00e7 belediye ba\u015fkan\u0131 AK Parti'ye ge\u00e7ti - E-&Ccedil;\u0130FTL\u0130K HABER","description":"22 ya\u015f\u0131ndaki T\u00fcrkiye'nin en gen\u00e7 belediye ba\u015fkan\u0131 olan Zeynep \u00c7elik, AK Parti'ye ge\u00e7i\u015f yapt\u0131. Sabah gazetesinde yer alan habere g\u00f6re, \u00c7anakkale","robots":{"index":"index","follow":"follow","max-snippet":"max-snippet:-1","max-image-preview":"max-image-preview:large","max-video-preview":"max-video-preview:-1"},"canonical":"https:\/\/e-ciftlik.com\/haberler\/gundem\/turkiyenin-en-genc-belediye-baskani-ak-partiye-gecti\/","og_locale":"tr_TR","og_type":"article","og_title":"T\u00fcrkiye'nin en gen\u00e7 belediye ba\u015fkan\u0131 AK Parti'ye ge\u00e7ti","og_description":"22 ya\u015f\u0131ndaki T\u00fcrkiye'nin en gen\u00e7 belediye ba\u015fkan\u0131 olan Zeynep \u00c7elik, AK Parti'ye ge\u00e7i\u015f yapt\u0131. Sabah gazetesinde yer alan habere g\u00f6re, \u00c7anakkale","og_url":"https:\/\/e-ciftlik.com\/haberler\/gundem\/turkiyenin-en-genc-belediye-baskani-ak-partiye-gecti\/","og_site_name":"E-&Ccedil;\u0130FTL\u0130K HABER","article_publisher":"https:\/\/www.facebook.com\/eciftlikturkiye","article_published_time":"2025-01-27T12:40:29+00:00","og_image":[{"width":1200,"height":675,"url":"https:\/\/e-ciftlik.com\/haberler\/wp-content\/uploads\/2025\/01\/turkiyenin-en-genc-belediye-baskani-ak-partiye-gecti-1737821263040.jpeg","type":"image\/jpeg"}],"author":"Haber Merkezi","twitter_card":"summary_large_image","twitter_creator":"@eciftlikresmi","twitter_site":"@eciftlikresmi","twitter_misc":{"Yazan:":"Haber Merkezi","Tahmini okuma s\u00fcresi":"1 dakika"},"schema":{"@context":"https:\/\/schema.org","@graph":[{"@type":"NewsArticle","@id":"https:\/\/e-ciftlik.com\/haberler\/gundem\/turkiyenin-en-genc-belediye-baskani-ak-partiye-gecti\/#article","isPartOf":{"@id":"https:\/\/e-ciftlik.com\/haberler\/gundem\/turkiyenin-en-genc-belediye-baskani-ak-partiye-gecti\/"},"author":{"name":"Haber Merkezi","@id":"https:\/\/e-ciftlik.com\/haberler\/#\/schema\/person\/d2f4fee3143d7f72be82cb887d51b00a"},"headline":"T\u00fcrkiye&#8217;nin en gen\u00e7 belediye ba\u015fkan\u0131 AK Parti&#8217;ye ge\u00e7ti","datePublished":"2025-01-27T12:40:29+00:00","mainEntityOfPage":{"@id":"https:\/\/e-ciftlik.com\/haberler\/gundem\/turkiyenin-en-genc-belediye-baskani-ak-partiye-gecti\/"},"wordCount":212,"commentCount":0,"publisher":{"@id":"https:\/\/e-ciftlik.com\/haberler\/#organization"},"image":{"@id":"https:\/\/e-ciftlik.com\/haberler\/gundem\/turkiyenin-en-genc-belediye-baskani-ak-partiye-gecti\/#primaryimage"},"thumbnailUrl":"https:\/\/e-ciftlik.com\/haberler\/wp-content\/uploads\/2025\/01\/turkiyenin-en-genc-belediye-baskani-ak-partiye-gecti-1737821263040.jpeg","articleSection":["G\u00fcndem"],"inLanguage":"tr","potentialAction":[{"@type":"CommentAction","name":"Comment","target":["https:\/\/e-ciftlik.com\/haberler\/gundem\/turkiyenin-en-genc-belediye-baskani-ak-partiye-gecti\/#respond"]}]},{"@type":"WebPage","@id":"https:\/\/e-ciftlik.com\/haberler\/gundem\/turkiyenin-en-genc-belediye-baskani-ak-partiye-gecti\/","url":"https:\/\/e-ciftlik.com\/haberler\/gundem\/turkiyenin-en-genc-belediye-baskani-ak-partiye-gecti\/","name":"T\u00fcrkiye'nin en gen\u00e7 belediye ba\u015fkan\u0131 AK Parti'ye ge\u00e7ti - E-&Ccedil;\u0130FTL\u0130K HABER","isPartOf":{"@id":"https:\/\/e-ciftlik.com\/haberler\/#website"},"primaryImageOfPage":{"@id":"https:\/\/e-ciftlik.com\/haberler\/gundem\/turkiyenin-en-genc-belediye-baskani-ak-partiye-gecti\/#primaryimage"},"image":{"@id":"https:\/\/e-ciftlik.com\/haberler\/gundem\/turkiyenin-en-genc-belediye-baskani-ak-partiye-gecti\/#primaryimage"},"thumbnailUrl":"https:\/\/e-ciftlik.com\/haberler\/wp-content\/uploads\/2025\/01\/turkiyenin-en-genc-belediye-baskani-ak-partiye-gecti-1737821263040.jpeg","datePublished":"2025-01-27T12:40:29+00:00","description":"22 ya\u015f\u0131ndaki T\u00fcrkiye'nin en gen\u00e7 belediye ba\u015fkan\u0131 olan Zeynep \u00c7elik, AK Parti'ye ge\u00e7i\u015f yapt\u0131. Sabah gazetesinde yer alan habere g\u00f6re, \u00c7anakkale","breadcrumb":{"@id":"https:\/\/e-ciftlik.com\/haberler\/gundem\/turkiyenin-en-genc-belediye-baskani-ak-partiye-gecti\/#breadcrumb"},"inLanguage":"tr","potentialAction":[{"@type":"ReadAction","target":["https:\/\/e-ciftlik.com\/haberler\/gundem\/turkiyenin-en-genc-belediye-baskani-ak-partiye-gecti\/"]}]},{"@type":"ImageObject","inLanguage":"tr","@id":"https:\/\/e-ciftlik.com\/haberler\/gundem\/turkiyenin-en-genc-belediye-baskani-ak-partiye-gecti\/#primaryimage","url":"https:\/\/e-ciftlik.com\/haberler\/wp-content\/uploads\/2025\/01\/turkiyenin-en-genc-belediye-baskani-ak-partiye-gecti-1737821263040.jpeg","contentUrl":"https:\/\/e-ciftlik.com\/haberler\/wp-content\/uploads\/2025\/01\/turkiyenin-en-genc-belediye-baskani-ak-partiye-gecti-1737821263040.jpeg","width":1200,"height":675},{"@type":"BreadcrumbList","@id":"https:\/\/e-ciftlik.com\/haberler\/gundem\/turkiyenin-en-genc-belediye-baskani-ak-partiye-gecti\/#breadcrumb","itemListElement":[{"@type":"ListItem","position":1,"name":"Anasayfa","item":"https:\/\/e-ciftlik.com\/haberler\/"},{"@type":"ListItem","position":2,"name":"T\u00fcrkiye&#8217;nin en gen\u00e7 belediye ba\u015fkan\u0131 AK Parti&#8217;ye ge\u00e7ti"}]},{"@type":"WebSite","@id":"https:\/\/e-ciftlik.com\/haberler\/#website","url":"https:\/\/e-ciftlik.com\/haberler\/","name":"E-\u00c7iftlik Haber | G\u00fcncel, Son Dakika Haberler, En Son Haber","description":"","publisher":{"@id":"https:\/\/e-ciftlik.com\/haberler\/#organization"},"potentialAction":[{"@type":"SearchAction","target":{"@type":"EntryPoint","urlTemplate":"https:\/\/e-ciftlik.com\/haberler\/?s={search_term_string}"},"query-input":{"@type":"PropertyValueSpecification","valueRequired":true,"valueName":"search_term_string"}}],"inLanguage":"tr"},{"@type":"Organization","@id":"https:\/\/e-ciftlik.com\/haberler\/#organization","name":"E-\u00c7\u0130FTL\u0130K HABER","url":"https:\/\/e-ciftlik.com\/haberler\/","logo":{"@type":"ImageObject","inLanguage":"tr","@id":"https:\/\/e-ciftlik.com\/haberler\/#\/schema\/logo\/image\/","url":"https:\/\/e-ciftlik.com\/haberler\/wp-content\/uploads\/2024\/06\/cropped-cropped-favicon-1-2.png","contentUrl":"https:\/\/e-ciftlik.com\/haberler\/wp-content\/uploads\/2024\/06\/cropped-cropped-favicon-1-2.png","width":512,"height":512,"caption":"E-\u00c7\u0130FTL\u0130K HABER"},"image":{"@id":"https:\/\/e-ciftlik.com\/haberler\/#\/schema\/logo\/image\/"},"sameAs":["https:\/\/www.facebook.com\/eciftlikturkiye","https:\/\/x.com\/eciftlikresmi","https:\/\/www.instagram.com\/eciftlikresmi\/"]},{"@type":"Person","@id":"https:\/\/e-ciftlik.com\/haberler\/#\/schema\/person\/d2f4fee3143d7f72be82cb887d51b00a","name":"Haber Merkezi","image":{"@type":"ImageObject","inLanguage":"tr","@id":"https:\/\/secure.gravatar.com\/avatar\/6c27d641914e66c1d0452c92716002398782818991d86db1c2cccb531e7c7c82?s=96&d=mm&r=g","url":"https:\/\/secure.gravatar.com\/avatar\/6c27d641914e66c1d0452c92716002398782818991d86db1c2cccb531e7c7c82?s=96&d=mm&r=g","contentUrl":"https:\/\/secure.gravatar.com\/avatar\/6c27d641914e66c1d0452c92716002398782818991d86db1c2cccb531e7c7c82?s=96&d=mm&r=g","caption":"Haber Merkezi"},"sameAs":["http:\/\/e-ciftlik.com\/haberler"]}]}},"_links":{"self":[{"href":"https:\/\/e-ciftlik.com\/haberler\/wp-json\/wp\/v2\/posts\/74523","targetHints":{"allow":["GET"]}}],"collection":[{"href":"https:\/\/e-ciftlik.com\/haberler\/wp-json\/wp\/v2\/posts"}],"about":[{"href":"https:\/\/e-ciftlik.com\/haberler\/wp-json\/wp\/v2\/types\/post"}],"author":[{"embeddable":true,"href":"https:\/\/e-ciftlik.com\/haberler\/wp-json\/wp\/v2\/users\/1"}],"replies":[{"embeddable":true,"href":"https:\/\/e-ciftlik.com\/haberler\/wp-json\/wp\/v2\/comments?post=74523"}],"version-history":[{"count":0,"href":"https:\/\/e-ciftlik.com\/haberler\/wp-json\/wp\/v2\/posts\/74523\/revisions"}],"wp:featuredmedia":[{"embeddable":true,"href":"https:\/\/e-ciftlik.com\/haberler\/wp-json\/wp\/v2\/media\/74524"}],"wp:attachment":[{"href":"https:\/\/e-ciftlik.com\/haberler\/wp-json\/wp\/v2\/media?parent=74523"}],"wp:term":[{"taxonomy":"category","embeddable":true,"href":"https:\/\/e-ciftlik.com\/haberler\/wp-json\/wp\/v2\/categories?post=74523"},{"taxonomy":"post_tag","embeddable":true,"href":"https:\/\/e-ciftlik.com\/haberler\/wp-json\/wp\/v2\/tags?post=74523"}],"curies":[{"name":"wp","href":"https:\/\/api.w.org\/{rel}","templated":true}]}}