{"id":74534,"date":"2025-01-27T13:03:51","date_gmt":"2025-01-27T13:03:51","guid":{"rendered":"http:\/\/e-ciftlik.com\/haberler\/spor\/trendyol-super-ligde-devre-arasi-transfer-bombalari\/"},"modified":"2025-01-27T13:03:51","modified_gmt":"2025-01-27T13:03:51","slug":"trendyol-super-ligde-devre-arasi-transfer-bombalari","status":"publish","type":"post","link":"https:\/\/e-ciftlik.com\/haberler\/spor\/trendyol-super-ligde-devre-arasi-transfer-bombalari\/","title":{"rendered":"Trendyol S\u00fcper Lig&#8217;de Devre Aras\u0131 Transfer Bombalar\u0131!"},"content":{"rendered":"<p>Trendyol S\u00fcper Lig&#8217;de 2024-2025 sezonu devre aras\u0131 transfer d\u00f6neminde b\u00fcy\u00fck hareketlilik ya\u015fand\u0131. Ligdeki tak\u0131mlar, yeni oyuncular\u0131 kadrolar\u0131na katmak i\u00e7in yo\u011fun bir \u015fekilde \u00e7al\u0131\u015ft\u0131. Transfer d\u00f6neminin sona ermesiyle birlikte, tak\u0131mlar\u0131n kadrolar\u0131 \u015fekillendi ve hayranlar yeni transferlerini merakla beklemeye ba\u015flad\u0131.<\/p>\n<p>Galatasaray, devre aras\u0131 transfer d\u00f6neminde 5 futbolcuyla anla\u015fma sa\u011flad\u0131. Bu oyuncular aras\u0131nda Brezilyal\u0131 forvet Lucas Paquet\u00e1 ve Arjantinli orta saha oyuncusu Matias Zaracho da bulunuyor. Sar\u0131-k\u0131rm\u0131z\u0131l\u0131 tak\u0131m\u0131n taraftarlar\u0131, yeni transferlerin performanslar\u0131yla ilgili heyecanl\u0131 bekleyi\u015flerini s\u00fcrd\u00fcr\u00fcyor.<\/p>\n<p>Fenerbah\u00e7e ise transfer d\u00f6neminde 6 futbolcuyla anla\u015fma sa\u011flad\u0131. Bu oyuncular aras\u0131nda Alman kaleci Loris Karius ve Uruguayl\u0131 stoper Jose Maria Gimenez de yer al\u0131yor. Sar\u0131-lacivertli tak\u0131m\u0131n taraftarlar\u0131, yeni transferlerin tak\u0131ma katk\u0131 sa\u011flay\u0131p sa\u011flayamayaca\u011f\u0131n\u0131 merakla bekliyor.<\/p>\n<p>Be\u015fikta\u015f, devre aras\u0131nda 4 futbolcuyla anla\u015fma sa\u011flad\u0131. Siyah-beyazl\u0131 tak\u0131m\u0131n yeni transferleri aras\u0131nda Brezilyal\u0131 sa\u011f bek Emerson Royal ve Arjantinli orta saha oyuncusu Exequiel Palacios da bulunuyor. Be\u015fikta\u015f taraftarlar\u0131, yeni transferlerin tak\u0131ma uyum sa\u011flay\u0131p sa\u011flayamayacaklar\u0131n\u0131 merakla bekliyor.<\/p>\n<p>Di\u011fer S\u00fcper Lig tak\u0131mlar\u0131 da transfer d\u00f6neminde hareketli g\u00fcnler ya\u015fad\u0131. Ligdeki t\u00fcm tak\u0131mlar, kadrolar\u0131n\u0131 g\u00fc\u00e7lendirmek i\u00e7in \u00e7e\u015fitli transferler ger\u00e7ekle\u015ftirdi. Yeni transferlerin ligde nas\u0131l bir etki yarataca\u011f\u0131 ise merak konusu olmaya devam ediyor.<\/p>\n","protected":false},"excerpt":{"rendered":"<p>Trendyol S\u00fcper Lig&#8217;de 2024-2025 sezonu devre aras\u0131 transfer d\u00f6neminde b\u00fcy\u00fck hareketlilik ya\u015fand\u0131. Ligdeki tak\u0131mlar, yeni&hellip;<\/p>\n","protected":false},"author":1,"featured_media":74535,"comment_status":"open","ping_status":"open","sticky":false,"template":"","format":"standard","meta":{"footnotes":""},"categories":[7],"tags":[],"class_list":["post-74534","post","type-post","status-publish","format-standard","has-post-thumbnail","hentry","category-spor"],"yoast_head":"<!-- This site is optimized with the Yoast SEO Premium plugin v24.3 (Yoast SEO v27.4) - https:\/\/yoast.com\/product\/yoast-seo-premium-wordpress\/ -->\n<title>Trendyol S\u00fcper Lig&#039;de Devre Aras\u0131 Transfer Bombalar\u0131! - E-&Ccedil;\u0130FTL\u0130K HABER<\/title>\n<meta name=\"description\" content=\"Trendyol S\u00fcper Lig&#039;de 2024-2025 sezonu devre aras\u0131 transfer d\u00f6neminde b\u00fcy\u00fck hareketlilik ya\u015fand\u0131. Ligdeki tak\u0131mlar, yeni oyuncular\u0131 kadrolar\u0131na katmak\" \/>\n<meta name=\"robots\" content=\"index, follow, max-snippet:-1, max-image-preview:large, max-video-preview:-1\" \/>\n<link rel=\"canonical\" href=\"https:\/\/e-ciftlik.com\/haberler\/spor\/trendyol-super-ligde-devre-arasi-transfer-bombalari\/\" \/>\n<meta property=\"og:locale\" content=\"tr_TR\" \/>\n<meta property=\"og:type\" content=\"article\" \/>\n<meta property=\"og:title\" content=\"Trendyol S\u00fcper Lig&#039;de Devre Aras\u0131 Transfer Bombalar\u0131!\" \/>\n<meta property=\"og:description\" content=\"Trendyol S\u00fcper Lig&#039;de 2024-2025 sezonu devre aras\u0131 transfer d\u00f6neminde b\u00fcy\u00fck hareketlilik ya\u015fand\u0131. Ligdeki tak\u0131mlar, yeni oyuncular\u0131 kadrolar\u0131na katmak\" \/>\n<meta property=\"og:url\" content=\"https:\/\/e-ciftlik.com\/haberler\/spor\/trendyol-super-ligde-devre-arasi-transfer-bombalari\/\" \/>\n<meta property=\"og:site_name\" content=\"E-&Ccedil;\u0130FTL\u0130K HABER\" \/>\n<meta property=\"article:publisher\" content=\"https:\/\/www.facebook.com\/eciftlikturkiye\" \/>\n<meta property=\"article:published_time\" content=\"2025-01-27T13:03:51+00:00\" \/>\n<meta property=\"og:image\" content=\"https:\/\/e-ciftlik.com\/haberler\/wp-content\/uploads\/2025\/01\/1737983033_1200x628.jpeg\" \/>\n\t<meta property=\"og:image:width\" content=\"1200\" \/>\n\t<meta property=\"og:image:height\" content=\"627\" \/>\n\t<meta property=\"og:image:type\" content=\"image\/jpeg\" \/>\n<meta name=\"author\" content=\"Haber Merkezi\" \/>\n<meta name=\"twitter:card\" content=\"summary_large_image\" \/>\n<meta name=\"twitter:creator\" content=\"@eciftlikresmi\" \/>\n<meta name=\"twitter:site\" content=\"@eciftlikresmi\" \/>\n<meta name=\"twitter:label1\" content=\"Yazan:\" \/>\n\t<meta name=\"twitter:data1\" content=\"Haber Merkezi\" \/>\n\t<meta name=\"twitter:label2\" content=\"Tahmini okuma s\u00fcresi\" \/>\n\t<meta name=\"twitter:data2\" content=\"1 dakika\" \/>\n<script type=\"application\/ld+json\" class=\"yoast-schema-graph\">{\"@context\":\"https:\\\/\\\/schema.org\",\"@graph\":[{\"@type\":\"NewsArticle\",\"@id\":\"https:\\\/\\\/e-ciftlik.com\\\/haberler\\\/spor\\\/trendyol-super-ligde-devre-arasi-transfer-bombalari\\\/#article\",\"isPartOf\":{\"@id\":\"https:\\\/\\\/e-ciftlik.com\\\/haberler\\\/spor\\\/trendyol-super-ligde-devre-arasi-transfer-bombalari\\\/\"},\"author\":{\"name\":\"Haber Merkezi\",\"@id\":\"https:\\\/\\\/e-ciftlik.com\\\/haberler\\\/#\\\/schema\\\/person\\\/d2f4fee3143d7f72be82cb887d51b00a\"},\"headline\":\"Trendyol S\u00fcper Lig&#8217;de Devre Aras\u0131 Transfer Bombalar\u0131!\",\"datePublished\":\"2025-01-27T13:03:51+00:00\",\"mainEntityOfPage\":{\"@id\":\"https:\\\/\\\/e-ciftlik.com\\\/haberler\\\/spor\\\/trendyol-super-ligde-devre-arasi-transfer-bombalari\\\/\"},\"wordCount\":254,\"commentCount\":0,\"publisher\":{\"@id\":\"https:\\\/\\\/e-ciftlik.com\\\/haberler\\\/#organization\"},\"image\":{\"@id\":\"https:\\\/\\\/e-ciftlik.com\\\/haberler\\\/spor\\\/trendyol-super-ligde-devre-arasi-transfer-bombalari\\\/#primaryimage\"},\"thumbnailUrl\":\"https:\\\/\\\/e-ciftlik.com\\\/haberler\\\/wp-content\\\/uploads\\\/2025\\\/01\\\/1737983033_1200x628.jpeg\",\"articleSection\":[\"Spor\"],\"inLanguage\":\"tr\",\"potentialAction\":[{\"@type\":\"CommentAction\",\"name\":\"Comment\",\"target\":[\"https:\\\/\\\/e-ciftlik.com\\\/haberler\\\/spor\\\/trendyol-super-ligde-devre-arasi-transfer-bombalari\\\/#respond\"]}]},{\"@type\":\"WebPage\",\"@id\":\"https:\\\/\\\/e-ciftlik.com\\\/haberler\\\/spor\\\/trendyol-super-ligde-devre-arasi-transfer-bombalari\\\/\",\"url\":\"https:\\\/\\\/e-ciftlik.com\\\/haberler\\\/spor\\\/trendyol-super-ligde-devre-arasi-transfer-bombalari\\\/\",\"name\":\"Trendyol S\u00fcper Lig'de Devre Aras\u0131 Transfer Bombalar\u0131! - E-&Ccedil;\u0130FTL\u0130K HABER\",\"isPartOf\":{\"@id\":\"https:\\\/\\\/e-ciftlik.com\\\/haberler\\\/#website\"},\"primaryImageOfPage\":{\"@id\":\"https:\\\/\\\/e-ciftlik.com\\\/haberler\\\/spor\\\/trendyol-super-ligde-devre-arasi-transfer-bombalari\\\/#primaryimage\"},\"image\":{\"@id\":\"https:\\\/\\\/e-ciftlik.com\\\/haberler\\\/spor\\\/trendyol-super-ligde-devre-arasi-transfer-bombalari\\\/#primaryimage\"},\"thumbnailUrl\":\"https:\\\/\\\/e-ciftlik.com\\\/haberler\\\/wp-content\\\/uploads\\\/2025\\\/01\\\/1737983033_1200x628.jpeg\",\"datePublished\":\"2025-01-27T13:03:51+00:00\",\"description\":\"Trendyol S\u00fcper Lig'de 2024-2025 sezonu devre aras\u0131 transfer d\u00f6neminde b\u00fcy\u00fck hareketlilik ya\u015fand\u0131. Ligdeki tak\u0131mlar, yeni oyuncular\u0131 kadrolar\u0131na katmak\",\"breadcrumb\":{\"@id\":\"https:\\\/\\\/e-ciftlik.com\\\/haberler\\\/spor\\\/trendyol-super-ligde-devre-arasi-transfer-bombalari\\\/#breadcrumb\"},\"inLanguage\":\"tr\",\"potentialAction\":[{\"@type\":\"ReadAction\",\"target\":[\"https:\\\/\\\/e-ciftlik.com\\\/haberler\\\/spor\\\/trendyol-super-ligde-devre-arasi-transfer-bombalari\\\/\"]}]},{\"@type\":\"ImageObject\",\"inLanguage\":\"tr\",\"@id\":\"https:\\\/\\\/e-ciftlik.com\\\/haberler\\\/spor\\\/trendyol-super-ligde-devre-arasi-transfer-bombalari\\\/#primaryimage\",\"url\":\"https:\\\/\\\/e-ciftlik.com\\\/haberler\\\/wp-content\\\/uploads\\\/2025\\\/01\\\/1737983033_1200x628.jpeg\",\"contentUrl\":\"https:\\\/\\\/e-ciftlik.com\\\/haberler\\\/wp-content\\\/uploads\\\/2025\\\/01\\\/1737983033_1200x628.jpeg\",\"width\":1200,\"height\":627},{\"@type\":\"BreadcrumbList\",\"@id\":\"https:\\\/\\\/e-ciftlik.com\\\/haberler\\\/spor\\\/trendyol-super-ligde-devre-arasi-transfer-bombalari\\\/#breadcrumb\",\"itemListElement\":[{\"@type\":\"ListItem\",\"position\":1,\"name\":\"Anasayfa\",\"item\":\"https:\\\/\\\/e-ciftlik.com\\\/haberler\\\/\"},{\"@type\":\"ListItem\",\"position\":2,\"name\":\"Trendyol S\u00fcper Lig&#8217;de Devre Aras\u0131 Transfer Bombalar\u0131!\"}]},{\"@type\":\"WebSite\",\"@id\":\"https:\\\/\\\/e-ciftlik.com\\\/haberler\\\/#website\",\"url\":\"https:\\\/\\\/e-ciftlik.com\\\/haberler\\\/\",\"name\":\"E-\u00c7iftlik Haber | G\u00fcncel, Son Dakika Haberler, En Son Haber\",\"description\":\"\",\"publisher\":{\"@id\":\"https:\\\/\\\/e-ciftlik.com\\\/haberler\\\/#organization\"},\"potentialAction\":[{\"@type\":\"SearchAction\",\"target\":{\"@type\":\"EntryPoint\",\"urlTemplate\":\"https:\\\/\\\/e-ciftlik.com\\\/haberler\\\/?s={search_term_string}\"},\"query-input\":{\"@type\":\"PropertyValueSpecification\",\"valueRequired\":true,\"valueName\":\"search_term_string\"}}],\"inLanguage\":\"tr\"},{\"@type\":\"Organization\",\"@id\":\"https:\\\/\\\/e-ciftlik.com\\\/haberler\\\/#organization\",\"name\":\"E-\u00c7\u0130FTL\u0130K HABER\",\"url\":\"https:\\\/\\\/e-ciftlik.com\\\/haberler\\\/\",\"logo\":{\"@type\":\"ImageObject\",\"inLanguage\":\"tr\",\"@id\":\"https:\\\/\\\/e-ciftlik.com\\\/haberler\\\/#\\\/schema\\\/logo\\\/image\\\/\",\"url\":\"https:\\\/\\\/e-ciftlik.com\\\/haberler\\\/wp-content\\\/uploads\\\/2024\\\/06\\\/cropped-cropped-favicon-1-2.png\",\"contentUrl\":\"https:\\\/\\\/e-ciftlik.com\\\/haberler\\\/wp-content\\\/uploads\\\/2024\\\/06\\\/cropped-cropped-favicon-1-2.png\",\"width\":512,\"height\":512,\"caption\":\"E-\u00c7\u0130FTL\u0130K HABER\"},\"image\":{\"@id\":\"https:\\\/\\\/e-ciftlik.com\\\/haberler\\\/#\\\/schema\\\/logo\\\/image\\\/\"},\"sameAs\":[\"https:\\\/\\\/www.facebook.com\\\/eciftlikturkiye\",\"https:\\\/\\\/x.com\\\/eciftlikresmi\",\"https:\\\/\\\/www.instagram.com\\\/eciftlikresmi\\\/\"]},{\"@type\":\"Person\",\"@id\":\"https:\\\/\\\/e-ciftlik.com\\\/haberler\\\/#\\\/schema\\\/person\\\/d2f4fee3143d7f72be82cb887d51b00a\",\"name\":\"Haber Merkezi\",\"image\":{\"@type\":\"ImageObject\",\"inLanguage\":\"tr\",\"@id\":\"https:\\\/\\\/secure.gravatar.com\\\/avatar\\\/6c27d641914e66c1d0452c92716002398782818991d86db1c2cccb531e7c7c82?s=96&d=mm&r=g\",\"url\":\"https:\\\/\\\/secure.gravatar.com\\\/avatar\\\/6c27d641914e66c1d0452c92716002398782818991d86db1c2cccb531e7c7c82?s=96&d=mm&r=g\",\"contentUrl\":\"https:\\\/\\\/secure.gravatar.com\\\/avatar\\\/6c27d641914e66c1d0452c92716002398782818991d86db1c2cccb531e7c7c82?s=96&d=mm&r=g\",\"caption\":\"Haber Merkezi\"},\"sameAs\":[\"http:\\\/\\\/e-ciftlik.com\\\/haberler\"]}]}<\/script>\n<!-- \/ Yoast SEO Premium plugin. -->","yoast_head_json":{"title":"Trendyol S\u00fcper Lig'de Devre Aras\u0131 Transfer Bombalar\u0131! - E-&Ccedil;\u0130FTL\u0130K HABER","description":"Trendyol S\u00fcper Lig'de 2024-2025 sezonu devre aras\u0131 transfer d\u00f6neminde b\u00fcy\u00fck hareketlilik ya\u015fand\u0131. Ligdeki tak\u0131mlar, yeni oyuncular\u0131 kadrolar\u0131na katmak","robots":{"index":"index","follow":"follow","max-snippet":"max-snippet:-1","max-image-preview":"max-image-preview:large","max-video-preview":"max-video-preview:-1"},"canonical":"https:\/\/e-ciftlik.com\/haberler\/spor\/trendyol-super-ligde-devre-arasi-transfer-bombalari\/","og_locale":"tr_TR","og_type":"article","og_title":"Trendyol S\u00fcper Lig'de Devre Aras\u0131 Transfer Bombalar\u0131!","og_description":"Trendyol S\u00fcper Lig'de 2024-2025 sezonu devre aras\u0131 transfer d\u00f6neminde b\u00fcy\u00fck hareketlilik ya\u015fand\u0131. Ligdeki tak\u0131mlar, yeni oyuncular\u0131 kadrolar\u0131na katmak","og_url":"https:\/\/e-ciftlik.com\/haberler\/spor\/trendyol-super-ligde-devre-arasi-transfer-bombalari\/","og_site_name":"E-&Ccedil;\u0130FTL\u0130K HABER","article_publisher":"https:\/\/www.facebook.com\/eciftlikturkiye","article_published_time":"2025-01-27T13:03:51+00:00","og_image":[{"width":1200,"height":627,"url":"https:\/\/e-ciftlik.com\/haberler\/wp-content\/uploads\/2025\/01\/1737983033_1200x628.jpeg","type":"image\/jpeg"}],"author":"Haber Merkezi","twitter_card":"summary_large_image","twitter_creator":"@eciftlikresmi","twitter_site":"@eciftlikresmi","twitter_misc":{"Yazan:":"Haber Merkezi","Tahmini okuma s\u00fcresi":"1 dakika"},"schema":{"@context":"https:\/\/schema.org","@graph":[{"@type":"NewsArticle","@id":"https:\/\/e-ciftlik.com\/haberler\/spor\/trendyol-super-ligde-devre-arasi-transfer-bombalari\/#article","isPartOf":{"@id":"https:\/\/e-ciftlik.com\/haberler\/spor\/trendyol-super-ligde-devre-arasi-transfer-bombalari\/"},"author":{"name":"Haber Merkezi","@id":"https:\/\/e-ciftlik.com\/haberler\/#\/schema\/person\/d2f4fee3143d7f72be82cb887d51b00a"},"headline":"Trendyol S\u00fcper Lig&#8217;de Devre Aras\u0131 Transfer Bombalar\u0131!","datePublished":"2025-01-27T13:03:51+00:00","mainEntityOfPage":{"@id":"https:\/\/e-ciftlik.com\/haberler\/spor\/trendyol-super-ligde-devre-arasi-transfer-bombalari\/"},"wordCount":254,"commentCount":0,"publisher":{"@id":"https:\/\/e-ciftlik.com\/haberler\/#organization"},"image":{"@id":"https:\/\/e-ciftlik.com\/haberler\/spor\/trendyol-super-ligde-devre-arasi-transfer-bombalari\/#primaryimage"},"thumbnailUrl":"https:\/\/e-ciftlik.com\/haberler\/wp-content\/uploads\/2025\/01\/1737983033_1200x628.jpeg","articleSection":["Spor"],"inLanguage":"tr","potentialAction":[{"@type":"CommentAction","name":"Comment","target":["https:\/\/e-ciftlik.com\/haberler\/spor\/trendyol-super-ligde-devre-arasi-transfer-bombalari\/#respond"]}]},{"@type":"WebPage","@id":"https:\/\/e-ciftlik.com\/haberler\/spor\/trendyol-super-ligde-devre-arasi-transfer-bombalari\/","url":"https:\/\/e-ciftlik.com\/haberler\/spor\/trendyol-super-ligde-devre-arasi-transfer-bombalari\/","name":"Trendyol S\u00fcper Lig'de Devre Aras\u0131 Transfer Bombalar\u0131! - E-&Ccedil;\u0130FTL\u0130K HABER","isPartOf":{"@id":"https:\/\/e-ciftlik.com\/haberler\/#website"},"primaryImageOfPage":{"@id":"https:\/\/e-ciftlik.com\/haberler\/spor\/trendyol-super-ligde-devre-arasi-transfer-bombalari\/#primaryimage"},"image":{"@id":"https:\/\/e-ciftlik.com\/haberler\/spor\/trendyol-super-ligde-devre-arasi-transfer-bombalari\/#primaryimage"},"thumbnailUrl":"https:\/\/e-ciftlik.com\/haberler\/wp-content\/uploads\/2025\/01\/1737983033_1200x628.jpeg","datePublished":"2025-01-27T13:03:51+00:00","description":"Trendyol S\u00fcper Lig'de 2024-2025 sezonu devre aras\u0131 transfer d\u00f6neminde b\u00fcy\u00fck hareketlilik ya\u015fand\u0131. Ligdeki tak\u0131mlar, yeni oyuncular\u0131 kadrolar\u0131na katmak","breadcrumb":{"@id":"https:\/\/e-ciftlik.com\/haberler\/spor\/trendyol-super-ligde-devre-arasi-transfer-bombalari\/#breadcrumb"},"inLanguage":"tr","potentialAction":[{"@type":"ReadAction","target":["https:\/\/e-ciftlik.com\/haberler\/spor\/trendyol-super-ligde-devre-arasi-transfer-bombalari\/"]}]},{"@type":"ImageObject","inLanguage":"tr","@id":"https:\/\/e-ciftlik.com\/haberler\/spor\/trendyol-super-ligde-devre-arasi-transfer-bombalari\/#primaryimage","url":"https:\/\/e-ciftlik.com\/haberler\/wp-content\/uploads\/2025\/01\/1737983033_1200x628.jpeg","contentUrl":"https:\/\/e-ciftlik.com\/haberler\/wp-content\/uploads\/2025\/01\/1737983033_1200x628.jpeg","width":1200,"height":627},{"@type":"BreadcrumbList","@id":"https:\/\/e-ciftlik.com\/haberler\/spor\/trendyol-super-ligde-devre-arasi-transfer-bombalari\/#breadcrumb","itemListElement":[{"@type":"ListItem","position":1,"name":"Anasayfa","item":"https:\/\/e-ciftlik.com\/haberler\/"},{"@type":"ListItem","position":2,"name":"Trendyol S\u00fcper Lig&#8217;de Devre Aras\u0131 Transfer Bombalar\u0131!"}]},{"@type":"WebSite","@id":"https:\/\/e-ciftlik.com\/haberler\/#website","url":"https:\/\/e-ciftlik.com\/haberler\/","name":"E-\u00c7iftlik Haber | G\u00fcncel, Son Dakika Haberler, En Son Haber","description":"","publisher":{"@id":"https:\/\/e-ciftlik.com\/haberler\/#organization"},"potentialAction":[{"@type":"SearchAction","target":{"@type":"EntryPoint","urlTemplate":"https:\/\/e-ciftlik.com\/haberler\/?s={search_term_string}"},"query-input":{"@type":"PropertyValueSpecification","valueRequired":true,"valueName":"search_term_string"}}],"inLanguage":"tr"},{"@type":"Organization","@id":"https:\/\/e-ciftlik.com\/haberler\/#organization","name":"E-\u00c7\u0130FTL\u0130K HABER","url":"https:\/\/e-ciftlik.com\/haberler\/","logo":{"@type":"ImageObject","inLanguage":"tr","@id":"https:\/\/e-ciftlik.com\/haberler\/#\/schema\/logo\/image\/","url":"https:\/\/e-ciftlik.com\/haberler\/wp-content\/uploads\/2024\/06\/cropped-cropped-favicon-1-2.png","contentUrl":"https:\/\/e-ciftlik.com\/haberler\/wp-content\/uploads\/2024\/06\/cropped-cropped-favicon-1-2.png","width":512,"height":512,"caption":"E-\u00c7\u0130FTL\u0130K HABER"},"image":{"@id":"https:\/\/e-ciftlik.com\/haberler\/#\/schema\/logo\/image\/"},"sameAs":["https:\/\/www.facebook.com\/eciftlikturkiye","https:\/\/x.com\/eciftlikresmi","https:\/\/www.instagram.com\/eciftlikresmi\/"]},{"@type":"Person","@id":"https:\/\/e-ciftlik.com\/haberler\/#\/schema\/person\/d2f4fee3143d7f72be82cb887d51b00a","name":"Haber Merkezi","image":{"@type":"ImageObject","inLanguage":"tr","@id":"https:\/\/secure.gravatar.com\/avatar\/6c27d641914e66c1d0452c92716002398782818991d86db1c2cccb531e7c7c82?s=96&d=mm&r=g","url":"https:\/\/secure.gravatar.com\/avatar\/6c27d641914e66c1d0452c92716002398782818991d86db1c2cccb531e7c7c82?s=96&d=mm&r=g","contentUrl":"https:\/\/secure.gravatar.com\/avatar\/6c27d641914e66c1d0452c92716002398782818991d86db1c2cccb531e7c7c82?s=96&d=mm&r=g","caption":"Haber Merkezi"},"sameAs":["http:\/\/e-ciftlik.com\/haberler"]}]}},"_links":{"self":[{"href":"https:\/\/e-ciftlik.com\/haberler\/wp-json\/wp\/v2\/posts\/74534","targetHints":{"allow":["GET"]}}],"collection":[{"href":"https:\/\/e-ciftlik.com\/haberler\/wp-json\/wp\/v2\/posts"}],"about":[{"href":"https:\/\/e-ciftlik.com\/haberler\/wp-json\/wp\/v2\/types\/post"}],"author":[{"embeddable":true,"href":"https:\/\/e-ciftlik.com\/haberler\/wp-json\/wp\/v2\/users\/1"}],"replies":[{"embeddable":true,"href":"https:\/\/e-ciftlik.com\/haberler\/wp-json\/wp\/v2\/comments?post=74534"}],"version-history":[{"count":0,"href":"https:\/\/e-ciftlik.com\/haberler\/wp-json\/wp\/v2\/posts\/74534\/revisions"}],"wp:featuredmedia":[{"embeddable":true,"href":"https:\/\/e-ciftlik.com\/haberler\/wp-json\/wp\/v2\/media\/74535"}],"wp:attachment":[{"href":"https:\/\/e-ciftlik.com\/haberler\/wp-json\/wp\/v2\/media?parent=74534"}],"wp:term":[{"taxonomy":"category","embeddable":true,"href":"https:\/\/e-ciftlik.com\/haberler\/wp-json\/wp\/v2\/categories?post=74534"},{"taxonomy":"post_tag","embeddable":true,"href":"https:\/\/e-ciftlik.com\/haberler\/wp-json\/wp\/v2\/tags?post=74534"}],"curies":[{"name":"wp","href":"https:\/\/api.w.org\/{rel}","templated":true}]}}