{"id":74870,"date":"2025-01-27T21:44:14","date_gmt":"2025-01-27T21:44:14","guid":{"rendered":"https:\/\/e-ciftlik.com\/haberler\/dizi\/hans-zimmer-suudi-arabistan-milli-marsi-icin-calisacak\/"},"modified":"2025-01-27T21:44:14","modified_gmt":"2025-01-27T21:44:14","slug":"hans-zimmer-suudi-arabistan-milli-marsi-icin-calisacak","status":"publish","type":"post","link":"https:\/\/e-ciftlik.com\/haberler\/dizi\/hans-zimmer-suudi-arabistan-milli-marsi-icin-calisacak\/","title":{"rendered":"Hans Zimmer, Suudi Arabistan Milli Mar\u015f\u0131 \u0130\u00e7in \u00c7al\u0131\u015facak!"},"content":{"rendered":"<p>\u00dcnl\u00fc m\u00fczisyen Hans Zimmer, 24 Ocak&#8217;ta Riyad&#8217;da ger\u00e7ekle\u015ftirece\u011fi canl\u0131 performans \u00f6ncesinde g\u00fcndeme yeni \u00e7al\u0131\u015fmalar\u0131yla geldi.<\/p>\n<p>Suudi Arabistan&#8217;\u0131n Genel E\u011flence Otoritesi Ba\u015fkan\u0131 Turki Alalshikh, Oscar \u00f6d\u00fcll\u00fc film bestecisi Hans Zimmer&#8217;\u0131n Suudi Arabistan milli mar\u015f\u0131n\u0131 yeniden yorumlayaca\u011f\u0131n\u0131 duyurdu. Alalshikh, Zimmer ile birlikte yeni bir Riyad Sezonu konseri ve milli mar\u015ftan esinlenerek yaz\u0131lacak &#8220;Arabia&#8221; adl\u0131 orijinal bir kompozisyon \u00fczerinde \u00e7al\u0131\u015facaklar\u0131n\u0131 a\u00e7\u0131klad\u0131.<\/p>\n<p>Alalshikh, sosyal medya platformu X \u00fczerinden yapt\u0131\u011f\u0131 a\u00e7\u0131klamada, Zimmer ile bir araya gelerek Suudi Arabistan&#8217;\u0131n milli mar\u015f\u0131n\u0131 farkl\u0131 enstr\u00fcmanlarla yeniden d\u00fczenlemeyi ve \u00fclkenin k\u00fclt\u00fcr\u00fcnden ilham alarak &#8220;Arabia&#8221; ad\u0131nda yeni bir m\u00fczik par\u00e7as\u0131 olu\u015fturmay\u0131 planlad\u0131klar\u0131n\u0131 belirtti.<\/p>\n<p>Zimmer, ge\u00e7ti\u011fimiz hafta sonu Arap d\u00fcnyas\u0131ndaki sanat\u00e7\u0131lara verilen Joy \u00d6d\u00fclleri&#8217;ne kat\u0131ld\u0131 ve 24 Ocak&#8217;ta Riyad Sezonu etkinlikleri kapsam\u0131nda sahne alacak. Ayr\u0131ca, Suudi Arabistan taraf\u0131ndan haz\u0131rlanan &#8220;Yarmuk Sava\u015f\u0131&#8221; filmi i\u00e7in de m\u00fczik besteleyecek olan Zimmer, \u00fclkeyi tekrar ziyaret etme s\u00f6z\u00fc verdi.<\/p>\n","protected":false},"excerpt":{"rendered":"<p>\u00dcnl\u00fc m\u00fczisyen Hans Zimmer, 24 Ocak&#8217;ta Riyad&#8217;da ger\u00e7ekle\u015ftirece\u011fi canl\u0131 performans \u00f6ncesinde g\u00fcndeme yeni \u00e7al\u0131\u015fmalar\u0131yla geldi.&hellip;<\/p>\n","protected":false},"author":1,"featured_media":69514,"comment_status":"open","ping_status":"open","sticky":false,"template":"","format":"standard","meta":{"footnotes":""},"categories":[13],"tags":[],"class_list":["post-74870","post","type-post","status-publish","format-standard","has-post-thumbnail","hentry","category-dizi"],"yoast_head":"<!-- This site is optimized with the Yoast SEO Premium plugin v24.3 (Yoast SEO v27.4) - https:\/\/yoast.com\/product\/yoast-seo-premium-wordpress\/ -->\n<title>Hans Zimmer, Suudi Arabistan Milli Mar\u015f\u0131 \u0130\u00e7in \u00c7al\u0131\u015facak! - E-&Ccedil;\u0130FTL\u0130K HABER<\/title>\n<meta name=\"description\" content=\"\u00dcnl\u00fc m\u00fczisyen Hans Zimmer, 24 Ocak&#039;ta Riyad&#039;da ger\u00e7ekle\u015ftirece\u011fi canl\u0131 performans \u00f6ncesinde g\u00fcndeme yeni \u00e7al\u0131\u015fmalar\u0131yla geldi. Suudi Arabistan&#039;\u0131n Genel\" \/>\n<meta name=\"robots\" content=\"index, follow, max-snippet:-1, max-image-preview:large, max-video-preview:-1\" \/>\n<link rel=\"canonical\" href=\"http:\/\/e-ciftlik.com\/haberler\/dizi\/hans-zimmer-suudi-arabistan-milli-marsi-icin-calisacak\/\" \/>\n<meta property=\"og:locale\" content=\"tr_TR\" \/>\n<meta property=\"og:type\" content=\"article\" \/>\n<meta property=\"og:title\" content=\"Hans Zimmer, Suudi Arabistan Milli Mar\u015f\u0131 \u0130\u00e7in \u00c7al\u0131\u015facak!\" \/>\n<meta property=\"og:description\" content=\"\u00dcnl\u00fc m\u00fczisyen Hans Zimmer, 24 Ocak&#039;ta Riyad&#039;da ger\u00e7ekle\u015ftirece\u011fi canl\u0131 performans \u00f6ncesinde g\u00fcndeme yeni \u00e7al\u0131\u015fmalar\u0131yla geldi. Suudi Arabistan&#039;\u0131n Genel\" \/>\n<meta property=\"og:url\" content=\"http:\/\/e-ciftlik.com\/haberler\/dizi\/hans-zimmer-suudi-arabistan-milli-marsi-icin-calisacak\/\" \/>\n<meta property=\"og:site_name\" content=\"E-&Ccedil;\u0130FTL\u0130K HABER\" \/>\n<meta property=\"article:publisher\" content=\"https:\/\/www.facebook.com\/eciftlikturkiye\" \/>\n<meta property=\"article:published_time\" content=\"2025-01-27T21:44:14+00:00\" \/>\n<meta property=\"og:image\" content=\"http:\/\/e-ciftlik.com\/haberler\/wp-content\/uploads\/2025\/01\/391e510ca286b966edfa5114fa9ed867.png\" \/>\n\t<meta property=\"og:image:width\" content=\"1280\" \/>\n\t<meta property=\"og:image:height\" content=\"720\" \/>\n\t<meta property=\"og:image:type\" content=\"image\/png\" \/>\n<meta name=\"author\" content=\"Haber Merkezi\" \/>\n<meta name=\"twitter:card\" content=\"summary_large_image\" \/>\n<meta name=\"twitter:creator\" content=\"@eciftlikresmi\" \/>\n<meta name=\"twitter:site\" content=\"@eciftlikresmi\" \/>\n<meta name=\"twitter:label1\" content=\"Yazan:\" \/>\n\t<meta name=\"twitter:data1\" content=\"Haber Merkezi\" \/>\n\t<meta name=\"twitter:label2\" content=\"Tahmini okuma s\u00fcresi\" \/>\n\t<meta name=\"twitter:data2\" content=\"1 dakika\" \/>\n<script type=\"application\/ld+json\" class=\"yoast-schema-graph\">{\"@context\":\"https:\\\/\\\/schema.org\",\"@graph\":[{\"@type\":\"NewsArticle\",\"@id\":\"http:\\\/\\\/e-ciftlik.com\\\/haberler\\\/dizi\\\/hans-zimmer-suudi-arabistan-milli-marsi-icin-calisacak\\\/#article\",\"isPartOf\":{\"@id\":\"http:\\\/\\\/e-ciftlik.com\\\/haberler\\\/dizi\\\/hans-zimmer-suudi-arabistan-milli-marsi-icin-calisacak\\\/\"},\"author\":{\"name\":\"Haber Merkezi\",\"@id\":\"https:\\\/\\\/e-ciftlik.com\\\/haberler\\\/#\\\/schema\\\/person\\\/d2f4fee3143d7f72be82cb887d51b00a\"},\"headline\":\"Hans Zimmer, Suudi Arabistan Milli Mar\u015f\u0131 \u0130\u00e7in \u00c7al\u0131\u015facak!\",\"datePublished\":\"2025-01-27T21:44:14+00:00\",\"mainEntityOfPage\":{\"@id\":\"http:\\\/\\\/e-ciftlik.com\\\/haberler\\\/dizi\\\/hans-zimmer-suudi-arabistan-milli-marsi-icin-calisacak\\\/\"},\"wordCount\":191,\"commentCount\":0,\"publisher\":{\"@id\":\"https:\\\/\\\/e-ciftlik.com\\\/haberler\\\/#organization\"},\"image\":{\"@id\":\"http:\\\/\\\/e-ciftlik.com\\\/haberler\\\/dizi\\\/hans-zimmer-suudi-arabistan-milli-marsi-icin-calisacak\\\/#primaryimage\"},\"thumbnailUrl\":\"https:\\\/\\\/e-ciftlik.com\\\/haberler\\\/wp-content\\\/uploads\\\/2025\\\/01\\\/391e510ca286b966edfa5114fa9ed867.png\",\"articleSection\":[\"Dizi\"],\"inLanguage\":\"tr\",\"potentialAction\":[{\"@type\":\"CommentAction\",\"name\":\"Comment\",\"target\":[\"http:\\\/\\\/e-ciftlik.com\\\/haberler\\\/dizi\\\/hans-zimmer-suudi-arabistan-milli-marsi-icin-calisacak\\\/#respond\"]}]},{\"@type\":\"WebPage\",\"@id\":\"http:\\\/\\\/e-ciftlik.com\\\/haberler\\\/dizi\\\/hans-zimmer-suudi-arabistan-milli-marsi-icin-calisacak\\\/\",\"url\":\"http:\\\/\\\/e-ciftlik.com\\\/haberler\\\/dizi\\\/hans-zimmer-suudi-arabistan-milli-marsi-icin-calisacak\\\/\",\"name\":\"Hans Zimmer, Suudi Arabistan Milli Mar\u015f\u0131 \u0130\u00e7in \u00c7al\u0131\u015facak! - E-&Ccedil;\u0130FTL\u0130K HABER\",\"isPartOf\":{\"@id\":\"https:\\\/\\\/e-ciftlik.com\\\/haberler\\\/#website\"},\"primaryImageOfPage\":{\"@id\":\"http:\\\/\\\/e-ciftlik.com\\\/haberler\\\/dizi\\\/hans-zimmer-suudi-arabistan-milli-marsi-icin-calisacak\\\/#primaryimage\"},\"image\":{\"@id\":\"http:\\\/\\\/e-ciftlik.com\\\/haberler\\\/dizi\\\/hans-zimmer-suudi-arabistan-milli-marsi-icin-calisacak\\\/#primaryimage\"},\"thumbnailUrl\":\"https:\\\/\\\/e-ciftlik.com\\\/haberler\\\/wp-content\\\/uploads\\\/2025\\\/01\\\/391e510ca286b966edfa5114fa9ed867.png\",\"datePublished\":\"2025-01-27T21:44:14+00:00\",\"description\":\"\u00dcnl\u00fc m\u00fczisyen Hans Zimmer, 24 Ocak'ta Riyad'da ger\u00e7ekle\u015ftirece\u011fi canl\u0131 performans \u00f6ncesinde g\u00fcndeme yeni \u00e7al\u0131\u015fmalar\u0131yla geldi. Suudi Arabistan'\u0131n Genel\",\"breadcrumb\":{\"@id\":\"http:\\\/\\\/e-ciftlik.com\\\/haberler\\\/dizi\\\/hans-zimmer-suudi-arabistan-milli-marsi-icin-calisacak\\\/#breadcrumb\"},\"inLanguage\":\"tr\",\"potentialAction\":[{\"@type\":\"ReadAction\",\"target\":[\"http:\\\/\\\/e-ciftlik.com\\\/haberler\\\/dizi\\\/hans-zimmer-suudi-arabistan-milli-marsi-icin-calisacak\\\/\"]}]},{\"@type\":\"ImageObject\",\"inLanguage\":\"tr\",\"@id\":\"http:\\\/\\\/e-ciftlik.com\\\/haberler\\\/dizi\\\/hans-zimmer-suudi-arabistan-milli-marsi-icin-calisacak\\\/#primaryimage\",\"url\":\"https:\\\/\\\/e-ciftlik.com\\\/haberler\\\/wp-content\\\/uploads\\\/2025\\\/01\\\/391e510ca286b966edfa5114fa9ed867.png\",\"contentUrl\":\"https:\\\/\\\/e-ciftlik.com\\\/haberler\\\/wp-content\\\/uploads\\\/2025\\\/01\\\/391e510ca286b966edfa5114fa9ed867.png\",\"width\":1280,\"height\":720},{\"@type\":\"BreadcrumbList\",\"@id\":\"http:\\\/\\\/e-ciftlik.com\\\/haberler\\\/dizi\\\/hans-zimmer-suudi-arabistan-milli-marsi-icin-calisacak\\\/#breadcrumb\",\"itemListElement\":[{\"@type\":\"ListItem\",\"position\":1,\"name\":\"Anasayfa\",\"item\":\"https:\\\/\\\/e-ciftlik.com\\\/haberler\\\/\"},{\"@type\":\"ListItem\",\"position\":2,\"name\":\"Hans Zimmer, Suudi Arabistan Milli Mar\u015f\u0131 \u0130\u00e7in \u00c7al\u0131\u015facak!\"}]},{\"@type\":\"WebSite\",\"@id\":\"https:\\\/\\\/e-ciftlik.com\\\/haberler\\\/#website\",\"url\":\"https:\\\/\\\/e-ciftlik.com\\\/haberler\\\/\",\"name\":\"E-\u00c7iftlik Haber | G\u00fcncel, Son Dakika Haberler, En Son Haber\",\"description\":\"\",\"publisher\":{\"@id\":\"https:\\\/\\\/e-ciftlik.com\\\/haberler\\\/#organization\"},\"potentialAction\":[{\"@type\":\"SearchAction\",\"target\":{\"@type\":\"EntryPoint\",\"urlTemplate\":\"https:\\\/\\\/e-ciftlik.com\\\/haberler\\\/?s={search_term_string}\"},\"query-input\":{\"@type\":\"PropertyValueSpecification\",\"valueRequired\":true,\"valueName\":\"search_term_string\"}}],\"inLanguage\":\"tr\"},{\"@type\":\"Organization\",\"@id\":\"https:\\\/\\\/e-ciftlik.com\\\/haberler\\\/#organization\",\"name\":\"E-\u00c7\u0130FTL\u0130K HABER\",\"url\":\"https:\\\/\\\/e-ciftlik.com\\\/haberler\\\/\",\"logo\":{\"@type\":\"ImageObject\",\"inLanguage\":\"tr\",\"@id\":\"https:\\\/\\\/e-ciftlik.com\\\/haberler\\\/#\\\/schema\\\/logo\\\/image\\\/\",\"url\":\"https:\\\/\\\/e-ciftlik.com\\\/haberler\\\/wp-content\\\/uploads\\\/2024\\\/06\\\/cropped-cropped-favicon-1-2.png\",\"contentUrl\":\"https:\\\/\\\/e-ciftlik.com\\\/haberler\\\/wp-content\\\/uploads\\\/2024\\\/06\\\/cropped-cropped-favicon-1-2.png\",\"width\":512,\"height\":512,\"caption\":\"E-\u00c7\u0130FTL\u0130K HABER\"},\"image\":{\"@id\":\"https:\\\/\\\/e-ciftlik.com\\\/haberler\\\/#\\\/schema\\\/logo\\\/image\\\/\"},\"sameAs\":[\"https:\\\/\\\/www.facebook.com\\\/eciftlikturkiye\",\"https:\\\/\\\/x.com\\\/eciftlikresmi\",\"https:\\\/\\\/www.instagram.com\\\/eciftlikresmi\\\/\"]},{\"@type\":\"Person\",\"@id\":\"https:\\\/\\\/e-ciftlik.com\\\/haberler\\\/#\\\/schema\\\/person\\\/d2f4fee3143d7f72be82cb887d51b00a\",\"name\":\"Haber Merkezi\",\"image\":{\"@type\":\"ImageObject\",\"inLanguage\":\"tr\",\"@id\":\"https:\\\/\\\/secure.gravatar.com\\\/avatar\\\/6c27d641914e66c1d0452c92716002398782818991d86db1c2cccb531e7c7c82?s=96&d=mm&r=g\",\"url\":\"https:\\\/\\\/secure.gravatar.com\\\/avatar\\\/6c27d641914e66c1d0452c92716002398782818991d86db1c2cccb531e7c7c82?s=96&d=mm&r=g\",\"contentUrl\":\"https:\\\/\\\/secure.gravatar.com\\\/avatar\\\/6c27d641914e66c1d0452c92716002398782818991d86db1c2cccb531e7c7c82?s=96&d=mm&r=g\",\"caption\":\"Haber Merkezi\"},\"sameAs\":[\"http:\\\/\\\/e-ciftlik.com\\\/haberler\"]}]}<\/script>\n<!-- \/ Yoast SEO Premium plugin. -->","yoast_head_json":{"title":"Hans Zimmer, Suudi Arabistan Milli Mar\u015f\u0131 \u0130\u00e7in \u00c7al\u0131\u015facak! - E-&Ccedil;\u0130FTL\u0130K HABER","description":"\u00dcnl\u00fc m\u00fczisyen Hans Zimmer, 24 Ocak'ta Riyad'da ger\u00e7ekle\u015ftirece\u011fi canl\u0131 performans \u00f6ncesinde g\u00fcndeme yeni \u00e7al\u0131\u015fmalar\u0131yla geldi. Suudi Arabistan'\u0131n Genel","robots":{"index":"index","follow":"follow","max-snippet":"max-snippet:-1","max-image-preview":"max-image-preview:large","max-video-preview":"max-video-preview:-1"},"canonical":"http:\/\/e-ciftlik.com\/haberler\/dizi\/hans-zimmer-suudi-arabistan-milli-marsi-icin-calisacak\/","og_locale":"tr_TR","og_type":"article","og_title":"Hans Zimmer, Suudi Arabistan Milli Mar\u015f\u0131 \u0130\u00e7in \u00c7al\u0131\u015facak!","og_description":"\u00dcnl\u00fc m\u00fczisyen Hans Zimmer, 24 Ocak'ta Riyad'da ger\u00e7ekle\u015ftirece\u011fi canl\u0131 performans \u00f6ncesinde g\u00fcndeme yeni \u00e7al\u0131\u015fmalar\u0131yla geldi. Suudi Arabistan'\u0131n Genel","og_url":"http:\/\/e-ciftlik.com\/haberler\/dizi\/hans-zimmer-suudi-arabistan-milli-marsi-icin-calisacak\/","og_site_name":"E-&Ccedil;\u0130FTL\u0130K HABER","article_publisher":"https:\/\/www.facebook.com\/eciftlikturkiye","article_published_time":"2025-01-27T21:44:14+00:00","og_image":[{"width":1280,"height":720,"url":"http:\/\/e-ciftlik.com\/haberler\/wp-content\/uploads\/2025\/01\/391e510ca286b966edfa5114fa9ed867.png","type":"image\/png"}],"author":"Haber Merkezi","twitter_card":"summary_large_image","twitter_creator":"@eciftlikresmi","twitter_site":"@eciftlikresmi","twitter_misc":{"Yazan:":"Haber Merkezi","Tahmini okuma s\u00fcresi":"1 dakika"},"schema":{"@context":"https:\/\/schema.org","@graph":[{"@type":"NewsArticle","@id":"http:\/\/e-ciftlik.com\/haberler\/dizi\/hans-zimmer-suudi-arabistan-milli-marsi-icin-calisacak\/#article","isPartOf":{"@id":"http:\/\/e-ciftlik.com\/haberler\/dizi\/hans-zimmer-suudi-arabistan-milli-marsi-icin-calisacak\/"},"author":{"name":"Haber Merkezi","@id":"https:\/\/e-ciftlik.com\/haberler\/#\/schema\/person\/d2f4fee3143d7f72be82cb887d51b00a"},"headline":"Hans Zimmer, Suudi Arabistan Milli Mar\u015f\u0131 \u0130\u00e7in \u00c7al\u0131\u015facak!","datePublished":"2025-01-27T21:44:14+00:00","mainEntityOfPage":{"@id":"http:\/\/e-ciftlik.com\/haberler\/dizi\/hans-zimmer-suudi-arabistan-milli-marsi-icin-calisacak\/"},"wordCount":191,"commentCount":0,"publisher":{"@id":"https:\/\/e-ciftlik.com\/haberler\/#organization"},"image":{"@id":"http:\/\/e-ciftlik.com\/haberler\/dizi\/hans-zimmer-suudi-arabistan-milli-marsi-icin-calisacak\/#primaryimage"},"thumbnailUrl":"https:\/\/e-ciftlik.com\/haberler\/wp-content\/uploads\/2025\/01\/391e510ca286b966edfa5114fa9ed867.png","articleSection":["Dizi"],"inLanguage":"tr","potentialAction":[{"@type":"CommentAction","name":"Comment","target":["http:\/\/e-ciftlik.com\/haberler\/dizi\/hans-zimmer-suudi-arabistan-milli-marsi-icin-calisacak\/#respond"]}]},{"@type":"WebPage","@id":"http:\/\/e-ciftlik.com\/haberler\/dizi\/hans-zimmer-suudi-arabistan-milli-marsi-icin-calisacak\/","url":"http:\/\/e-ciftlik.com\/haberler\/dizi\/hans-zimmer-suudi-arabistan-milli-marsi-icin-calisacak\/","name":"Hans Zimmer, Suudi Arabistan Milli Mar\u015f\u0131 \u0130\u00e7in \u00c7al\u0131\u015facak! - E-&Ccedil;\u0130FTL\u0130K HABER","isPartOf":{"@id":"https:\/\/e-ciftlik.com\/haberler\/#website"},"primaryImageOfPage":{"@id":"http:\/\/e-ciftlik.com\/haberler\/dizi\/hans-zimmer-suudi-arabistan-milli-marsi-icin-calisacak\/#primaryimage"},"image":{"@id":"http:\/\/e-ciftlik.com\/haberler\/dizi\/hans-zimmer-suudi-arabistan-milli-marsi-icin-calisacak\/#primaryimage"},"thumbnailUrl":"https:\/\/e-ciftlik.com\/haberler\/wp-content\/uploads\/2025\/01\/391e510ca286b966edfa5114fa9ed867.png","datePublished":"2025-01-27T21:44:14+00:00","description":"\u00dcnl\u00fc m\u00fczisyen Hans Zimmer, 24 Ocak'ta Riyad'da ger\u00e7ekle\u015ftirece\u011fi canl\u0131 performans \u00f6ncesinde g\u00fcndeme yeni \u00e7al\u0131\u015fmalar\u0131yla geldi. Suudi Arabistan'\u0131n Genel","breadcrumb":{"@id":"http:\/\/e-ciftlik.com\/haberler\/dizi\/hans-zimmer-suudi-arabistan-milli-marsi-icin-calisacak\/#breadcrumb"},"inLanguage":"tr","potentialAction":[{"@type":"ReadAction","target":["http:\/\/e-ciftlik.com\/haberler\/dizi\/hans-zimmer-suudi-arabistan-milli-marsi-icin-calisacak\/"]}]},{"@type":"ImageObject","inLanguage":"tr","@id":"http:\/\/e-ciftlik.com\/haberler\/dizi\/hans-zimmer-suudi-arabistan-milli-marsi-icin-calisacak\/#primaryimage","url":"https:\/\/e-ciftlik.com\/haberler\/wp-content\/uploads\/2025\/01\/391e510ca286b966edfa5114fa9ed867.png","contentUrl":"https:\/\/e-ciftlik.com\/haberler\/wp-content\/uploads\/2025\/01\/391e510ca286b966edfa5114fa9ed867.png","width":1280,"height":720},{"@type":"BreadcrumbList","@id":"http:\/\/e-ciftlik.com\/haberler\/dizi\/hans-zimmer-suudi-arabistan-milli-marsi-icin-calisacak\/#breadcrumb","itemListElement":[{"@type":"ListItem","position":1,"name":"Anasayfa","item":"https:\/\/e-ciftlik.com\/haberler\/"},{"@type":"ListItem","position":2,"name":"Hans Zimmer, Suudi Arabistan Milli Mar\u015f\u0131 \u0130\u00e7in \u00c7al\u0131\u015facak!"}]},{"@type":"WebSite","@id":"https:\/\/e-ciftlik.com\/haberler\/#website","url":"https:\/\/e-ciftlik.com\/haberler\/","name":"E-\u00c7iftlik Haber | G\u00fcncel, Son Dakika Haberler, En Son Haber","description":"","publisher":{"@id":"https:\/\/e-ciftlik.com\/haberler\/#organization"},"potentialAction":[{"@type":"SearchAction","target":{"@type":"EntryPoint","urlTemplate":"https:\/\/e-ciftlik.com\/haberler\/?s={search_term_string}"},"query-input":{"@type":"PropertyValueSpecification","valueRequired":true,"valueName":"search_term_string"}}],"inLanguage":"tr"},{"@type":"Organization","@id":"https:\/\/e-ciftlik.com\/haberler\/#organization","name":"E-\u00c7\u0130FTL\u0130K HABER","url":"https:\/\/e-ciftlik.com\/haberler\/","logo":{"@type":"ImageObject","inLanguage":"tr","@id":"https:\/\/e-ciftlik.com\/haberler\/#\/schema\/logo\/image\/","url":"https:\/\/e-ciftlik.com\/haberler\/wp-content\/uploads\/2024\/06\/cropped-cropped-favicon-1-2.png","contentUrl":"https:\/\/e-ciftlik.com\/haberler\/wp-content\/uploads\/2024\/06\/cropped-cropped-favicon-1-2.png","width":512,"height":512,"caption":"E-\u00c7\u0130FTL\u0130K HABER"},"image":{"@id":"https:\/\/e-ciftlik.com\/haberler\/#\/schema\/logo\/image\/"},"sameAs":["https:\/\/www.facebook.com\/eciftlikturkiye","https:\/\/x.com\/eciftlikresmi","https:\/\/www.instagram.com\/eciftlikresmi\/"]},{"@type":"Person","@id":"https:\/\/e-ciftlik.com\/haberler\/#\/schema\/person\/d2f4fee3143d7f72be82cb887d51b00a","name":"Haber Merkezi","image":{"@type":"ImageObject","inLanguage":"tr","@id":"https:\/\/secure.gravatar.com\/avatar\/6c27d641914e66c1d0452c92716002398782818991d86db1c2cccb531e7c7c82?s=96&d=mm&r=g","url":"https:\/\/secure.gravatar.com\/avatar\/6c27d641914e66c1d0452c92716002398782818991d86db1c2cccb531e7c7c82?s=96&d=mm&r=g","contentUrl":"https:\/\/secure.gravatar.com\/avatar\/6c27d641914e66c1d0452c92716002398782818991d86db1c2cccb531e7c7c82?s=96&d=mm&r=g","caption":"Haber Merkezi"},"sameAs":["http:\/\/e-ciftlik.com\/haberler"]}]}},"_links":{"self":[{"href":"https:\/\/e-ciftlik.com\/haberler\/wp-json\/wp\/v2\/posts\/74870","targetHints":{"allow":["GET"]}}],"collection":[{"href":"https:\/\/e-ciftlik.com\/haberler\/wp-json\/wp\/v2\/posts"}],"about":[{"href":"https:\/\/e-ciftlik.com\/haberler\/wp-json\/wp\/v2\/types\/post"}],"author":[{"embeddable":true,"href":"https:\/\/e-ciftlik.com\/haberler\/wp-json\/wp\/v2\/users\/1"}],"replies":[{"embeddable":true,"href":"https:\/\/e-ciftlik.com\/haberler\/wp-json\/wp\/v2\/comments?post=74870"}],"version-history":[{"count":0,"href":"https:\/\/e-ciftlik.com\/haberler\/wp-json\/wp\/v2\/posts\/74870\/revisions"}],"wp:featuredmedia":[{"embeddable":true,"href":"https:\/\/e-ciftlik.com\/haberler\/wp-json\/wp\/v2\/media\/69514"}],"wp:attachment":[{"href":"https:\/\/e-ciftlik.com\/haberler\/wp-json\/wp\/v2\/media?parent=74870"}],"wp:term":[{"taxonomy":"category","embeddable":true,"href":"https:\/\/e-ciftlik.com\/haberler\/wp-json\/wp\/v2\/categories?post=74870"},{"taxonomy":"post_tag","embeddable":true,"href":"https:\/\/e-ciftlik.com\/haberler\/wp-json\/wp\/v2\/tags?post=74870"}],"curies":[{"name":"wp","href":"https:\/\/api.w.org\/{rel}","templated":true}]}}