{"id":75004,"date":"2025-01-28T01:32:10","date_gmt":"2025-01-28T01:32:10","guid":{"rendered":"https:\/\/e-ciftlik.com\/haberler\/egitim\/bakan-tekin-okullarimiz-ornek-gosterilen-ulkelerden-daha-guzel\/"},"modified":"2025-01-28T01:32:10","modified_gmt":"2025-01-28T01:32:10","slug":"bakan-tekin-okullarimiz-ornek-gosterilen-ulkelerden-daha-guzel","status":"publish","type":"post","link":"https:\/\/e-ciftlik.com\/haberler\/egitim\/bakan-tekin-okullarimiz-ornek-gosterilen-ulkelerden-daha-guzel\/","title":{"rendered":"Bakan Tekin: Okullar\u0131m\u0131z \u00f6rnek g\u00f6sterilen \u00fclkelerden daha g\u00fczel"},"content":{"rendered":"<p>AK Parti \u00c7anakkale \u0130l Ba\u015fkanl\u0131\u011f\u0131&#8217;n\u0131n 8. Ola\u011fan Kongresi, \u0130\u00c7DA\u015e Koca Yusuf Kongre Merkezi&#8217;nde ger\u00e7ekle\u015fti. Bakan Tekin kongrede yapt\u0131\u011f\u0131 konu\u015fmada, AK Parti \u00f6ncesi T\u00fcrkiye&#8217;nin ekonomik durumuna de\u011findi. Ge\u00e7mi\u015f y\u0131llarda gecelik repo faizlerinin y\u00fczde 7 bin 500&#8217;lerde oldu\u011funu hat\u0131rlatt\u0131.<\/p>\n<p>1989 ile 2002 y\u0131llar\u0131 aras\u0131nda 11 h\u00fck\u00fcmet de\u011fi\u015fikli\u011fi ya\u015fand\u0131\u011f\u0131n\u0131 vurgulayan Bakan Tekin, o d\u00f6nemi anlatt\u0131. H\u00fck\u00fcmetlerin, koalisyonlar\u0131n ve tart\u0131\u015fmalar\u0131n \u00fclkeyi nas\u0131l etkiledi\u011fine de\u011findi.<\/p>\n<p>Bakan Tekin, T\u00fcrkiye&#8217;de e\u011fitim sistemine dair \u00f6nemli detaylar\u0131 payla\u015ft\u0131. 1990&#8217;l\u0131 y\u0131llarda insanlar\u0131n saatlerce doktor ve eczane kuyru\u011funda bekledi\u011fini belirtti. Ayr\u0131ca, T\u00fcrkiye&#8217;de derslik ba\u015f\u0131na d\u00fc\u015fen \u00f6\u011frenci say\u0131s\u0131n\u0131n 20&#8217;lerde oldu\u011funu a\u00e7\u0131klad\u0131.<\/p>\n<p>E\u011fitimde T\u00fcrkiye&#8217;nin uluslararas\u0131 alanda \u00f6rnek g\u00f6sterilecek seviyede oldu\u011funu ve bu ba\u015far\u0131n\u0131n bir aile olarak elde edildi\u011fini s\u00f6yleyen Bakan Tekin, \u00e7ocuklar\u0131n tarihlerini do\u011fru \u00f6\u011frenmelerini ve demokrasiye, hukuk devletine inanmalar\u0131n\u0131 istedi.<\/p>\n<p>Bakan Tekin ayr\u0131ca, T\u00fcrkiye&#8217;nin e\u011fitimdeki ba\u015far\u0131s\u0131n\u0131 PISA ve TIMSS de\u011ferlendirmeleriyle destekledi. 2024 y\u0131l\u0131nda yap\u0131lan TIMSS sonucunda T\u00fcrkiye&#8217;nin Avrupa birincisi oldu\u011funu belirtti.<\/p>\n<p>Kongreye AK Parti Genel Sekreteri Fatih \u015eahin, AK Parti \u00c7anakkale Milletvekili Ayhan Gider, AK Parti \u0130l Ba\u015fkan\u0131 \u00d6mer Faruk G\u00f6kt\u00fcrk ve di\u011fer ilgililer de kat\u0131ld\u0131. Bakan Tekin, kongrenin ard\u0131ndan \u00c7anakkale Valili\u011fi&#8217;ni ziyaret ederek Vali \u00d6mer Toraman ile g\u00f6r\u00fc\u015ft\u00fc.<\/p>\n","protected":false},"excerpt":{"rendered":"<p>AK Parti \u00c7anakkale \u0130l Ba\u015fkanl\u0131\u011f\u0131&#8217;n\u0131n 8. Ola\u011fan Kongresi, \u0130\u00c7DA\u015e Koca Yusuf Kongre Merkezi&#8217;nde ger\u00e7ekle\u015fti. Bakan&hellip;<\/p>\n","protected":false},"author":1,"featured_media":69642,"comment_status":"open","ping_status":"open","sticky":false,"template":"","format":"standard","meta":{"footnotes":""},"categories":[12],"tags":[],"class_list":["post-75004","post","type-post","status-publish","format-standard","has-post-thumbnail","hentry","category-egitim"],"yoast_head":"<!-- This site is optimized with the Yoast SEO Premium plugin v24.3 (Yoast SEO v27.4) - https:\/\/yoast.com\/product\/yoast-seo-premium-wordpress\/ -->\n<title>Bakan Tekin: Okullar\u0131m\u0131z \u00f6rnek g\u00f6sterilen \u00fclkelerden daha g\u00fczel - E-&Ccedil;\u0130FTL\u0130K HABER<\/title>\n<meta name=\"description\" content=\"AK Parti \u00c7anakkale \u0130l Ba\u015fkanl\u0131\u011f\u0131&#039;n\u0131n 8. Ola\u011fan Kongresi, \u0130\u00c7DA\u015e Koca Yusuf Kongre Merkezi&#039;nde ger\u00e7ekle\u015fti. Bakan Tekin kongrede yapt\u0131\u011f\u0131 konu\u015fmada, AK Parti\" \/>\n<meta name=\"robots\" content=\"index, follow, max-snippet:-1, max-image-preview:large, max-video-preview:-1\" \/>\n<link rel=\"canonical\" href=\"https:\/\/e-ciftlik.com\/haberler\/egitim\/bakan-tekin-okullarimiz-ornek-gosterilen-ulkelerden-daha-guzel\/\" \/>\n<meta property=\"og:locale\" content=\"tr_TR\" \/>\n<meta property=\"og:type\" content=\"article\" \/>\n<meta property=\"og:title\" content=\"Bakan Tekin: Okullar\u0131m\u0131z \u00f6rnek g\u00f6sterilen \u00fclkelerden daha g\u00fczel\" \/>\n<meta property=\"og:description\" content=\"AK Parti \u00c7anakkale \u0130l Ba\u015fkanl\u0131\u011f\u0131&#039;n\u0131n 8. Ola\u011fan Kongresi, \u0130\u00c7DA\u015e Koca Yusuf Kongre Merkezi&#039;nde ger\u00e7ekle\u015fti. Bakan Tekin kongrede yapt\u0131\u011f\u0131 konu\u015fmada, AK Parti\" \/>\n<meta property=\"og:url\" content=\"https:\/\/e-ciftlik.com\/haberler\/egitim\/bakan-tekin-okullarimiz-ornek-gosterilen-ulkelerden-daha-guzel\/\" \/>\n<meta property=\"og:site_name\" content=\"E-&Ccedil;\u0130FTL\u0130K HABER\" \/>\n<meta property=\"article:publisher\" content=\"https:\/\/www.facebook.com\/eciftlikturkiye\" \/>\n<meta property=\"article:published_time\" content=\"2025-01-28T01:32:10+00:00\" \/>\n<meta property=\"og:image\" content=\"https:\/\/e-ciftlik.com\/haberler\/wp-content\/uploads\/2025\/01\/tekin-2326468.jpg\" \/>\n\t<meta property=\"og:image:width\" content=\"1280\" \/>\n\t<meta property=\"og:image:height\" content=\"720\" \/>\n\t<meta property=\"og:image:type\" content=\"image\/jpeg\" \/>\n<meta name=\"author\" content=\"Haber Merkezi\" \/>\n<meta name=\"twitter:card\" content=\"summary_large_image\" \/>\n<meta name=\"twitter:creator\" content=\"@eciftlikresmi\" \/>\n<meta name=\"twitter:site\" content=\"@eciftlikresmi\" \/>\n<meta name=\"twitter:label1\" content=\"Yazan:\" \/>\n\t<meta name=\"twitter:data1\" content=\"Haber Merkezi\" \/>\n\t<meta name=\"twitter:label2\" content=\"Tahmini okuma s\u00fcresi\" \/>\n\t<meta name=\"twitter:data2\" content=\"1 dakika\" \/>\n<script type=\"application\/ld+json\" class=\"yoast-schema-graph\">{\"@context\":\"https:\\\/\\\/schema.org\",\"@graph\":[{\"@type\":\"NewsArticle\",\"@id\":\"https:\\\/\\\/e-ciftlik.com\\\/haberler\\\/egitim\\\/bakan-tekin-okullarimiz-ornek-gosterilen-ulkelerden-daha-guzel\\\/#article\",\"isPartOf\":{\"@id\":\"https:\\\/\\\/e-ciftlik.com\\\/haberler\\\/egitim\\\/bakan-tekin-okullarimiz-ornek-gosterilen-ulkelerden-daha-guzel\\\/\"},\"author\":{\"name\":\"Haber Merkezi\",\"@id\":\"https:\\\/\\\/e-ciftlik.com\\\/haberler\\\/#\\\/schema\\\/person\\\/d2f4fee3143d7f72be82cb887d51b00a\"},\"headline\":\"Bakan Tekin: Okullar\u0131m\u0131z \u00f6rnek g\u00f6sterilen \u00fclkelerden daha g\u00fczel\",\"datePublished\":\"2025-01-28T01:32:10+00:00\",\"mainEntityOfPage\":{\"@id\":\"https:\\\/\\\/e-ciftlik.com\\\/haberler\\\/egitim\\\/bakan-tekin-okullarimiz-ornek-gosterilen-ulkelerden-daha-guzel\\\/\"},\"wordCount\":272,\"commentCount\":0,\"publisher\":{\"@id\":\"https:\\\/\\\/e-ciftlik.com\\\/haberler\\\/#organization\"},\"image\":{\"@id\":\"https:\\\/\\\/e-ciftlik.com\\\/haberler\\\/egitim\\\/bakan-tekin-okullarimiz-ornek-gosterilen-ulkelerden-daha-guzel\\\/#primaryimage\"},\"thumbnailUrl\":\"https:\\\/\\\/e-ciftlik.com\\\/haberler\\\/wp-content\\\/uploads\\\/2025\\\/01\\\/tekin-2326468.jpg\",\"articleSection\":[\"E\u011fitim\"],\"inLanguage\":\"tr\",\"potentialAction\":[{\"@type\":\"CommentAction\",\"name\":\"Comment\",\"target\":[\"https:\\\/\\\/e-ciftlik.com\\\/haberler\\\/egitim\\\/bakan-tekin-okullarimiz-ornek-gosterilen-ulkelerden-daha-guzel\\\/#respond\"]}]},{\"@type\":\"WebPage\",\"@id\":\"https:\\\/\\\/e-ciftlik.com\\\/haberler\\\/egitim\\\/bakan-tekin-okullarimiz-ornek-gosterilen-ulkelerden-daha-guzel\\\/\",\"url\":\"https:\\\/\\\/e-ciftlik.com\\\/haberler\\\/egitim\\\/bakan-tekin-okullarimiz-ornek-gosterilen-ulkelerden-daha-guzel\\\/\",\"name\":\"Bakan Tekin: Okullar\u0131m\u0131z \u00f6rnek g\u00f6sterilen \u00fclkelerden daha g\u00fczel - E-&Ccedil;\u0130FTL\u0130K HABER\",\"isPartOf\":{\"@id\":\"https:\\\/\\\/e-ciftlik.com\\\/haberler\\\/#website\"},\"primaryImageOfPage\":{\"@id\":\"https:\\\/\\\/e-ciftlik.com\\\/haberler\\\/egitim\\\/bakan-tekin-okullarimiz-ornek-gosterilen-ulkelerden-daha-guzel\\\/#primaryimage\"},\"image\":{\"@id\":\"https:\\\/\\\/e-ciftlik.com\\\/haberler\\\/egitim\\\/bakan-tekin-okullarimiz-ornek-gosterilen-ulkelerden-daha-guzel\\\/#primaryimage\"},\"thumbnailUrl\":\"https:\\\/\\\/e-ciftlik.com\\\/haberler\\\/wp-content\\\/uploads\\\/2025\\\/01\\\/tekin-2326468.jpg\",\"datePublished\":\"2025-01-28T01:32:10+00:00\",\"description\":\"AK Parti \u00c7anakkale \u0130l Ba\u015fkanl\u0131\u011f\u0131'n\u0131n 8. Ola\u011fan Kongresi, \u0130\u00c7DA\u015e Koca Yusuf Kongre Merkezi'nde ger\u00e7ekle\u015fti. Bakan Tekin kongrede yapt\u0131\u011f\u0131 konu\u015fmada, AK Parti\",\"breadcrumb\":{\"@id\":\"https:\\\/\\\/e-ciftlik.com\\\/haberler\\\/egitim\\\/bakan-tekin-okullarimiz-ornek-gosterilen-ulkelerden-daha-guzel\\\/#breadcrumb\"},\"inLanguage\":\"tr\",\"potentialAction\":[{\"@type\":\"ReadAction\",\"target\":[\"https:\\\/\\\/e-ciftlik.com\\\/haberler\\\/egitim\\\/bakan-tekin-okullarimiz-ornek-gosterilen-ulkelerden-daha-guzel\\\/\"]}]},{\"@type\":\"ImageObject\",\"inLanguage\":\"tr\",\"@id\":\"https:\\\/\\\/e-ciftlik.com\\\/haberler\\\/egitim\\\/bakan-tekin-okullarimiz-ornek-gosterilen-ulkelerden-daha-guzel\\\/#primaryimage\",\"url\":\"https:\\\/\\\/e-ciftlik.com\\\/haberler\\\/wp-content\\\/uploads\\\/2025\\\/01\\\/tekin-2326468.jpg\",\"contentUrl\":\"https:\\\/\\\/e-ciftlik.com\\\/haberler\\\/wp-content\\\/uploads\\\/2025\\\/01\\\/tekin-2326468.jpg\",\"width\":1280,\"height\":720},{\"@type\":\"BreadcrumbList\",\"@id\":\"https:\\\/\\\/e-ciftlik.com\\\/haberler\\\/egitim\\\/bakan-tekin-okullarimiz-ornek-gosterilen-ulkelerden-daha-guzel\\\/#breadcrumb\",\"itemListElement\":[{\"@type\":\"ListItem\",\"position\":1,\"name\":\"Anasayfa\",\"item\":\"https:\\\/\\\/e-ciftlik.com\\\/haberler\\\/\"},{\"@type\":\"ListItem\",\"position\":2,\"name\":\"Bakan Tekin: Okullar\u0131m\u0131z \u00f6rnek g\u00f6sterilen \u00fclkelerden daha g\u00fczel\"}]},{\"@type\":\"WebSite\",\"@id\":\"https:\\\/\\\/e-ciftlik.com\\\/haberler\\\/#website\",\"url\":\"https:\\\/\\\/e-ciftlik.com\\\/haberler\\\/\",\"name\":\"E-\u00c7iftlik Haber | G\u00fcncel, Son Dakika Haberler, En Son Haber\",\"description\":\"\",\"publisher\":{\"@id\":\"https:\\\/\\\/e-ciftlik.com\\\/haberler\\\/#organization\"},\"potentialAction\":[{\"@type\":\"SearchAction\",\"target\":{\"@type\":\"EntryPoint\",\"urlTemplate\":\"https:\\\/\\\/e-ciftlik.com\\\/haberler\\\/?s={search_term_string}\"},\"query-input\":{\"@type\":\"PropertyValueSpecification\",\"valueRequired\":true,\"valueName\":\"search_term_string\"}}],\"inLanguage\":\"tr\"},{\"@type\":\"Organization\",\"@id\":\"https:\\\/\\\/e-ciftlik.com\\\/haberler\\\/#organization\",\"name\":\"E-\u00c7\u0130FTL\u0130K HABER\",\"url\":\"https:\\\/\\\/e-ciftlik.com\\\/haberler\\\/\",\"logo\":{\"@type\":\"ImageObject\",\"inLanguage\":\"tr\",\"@id\":\"https:\\\/\\\/e-ciftlik.com\\\/haberler\\\/#\\\/schema\\\/logo\\\/image\\\/\",\"url\":\"https:\\\/\\\/e-ciftlik.com\\\/haberler\\\/wp-content\\\/uploads\\\/2024\\\/06\\\/cropped-cropped-favicon-1-2.png\",\"contentUrl\":\"https:\\\/\\\/e-ciftlik.com\\\/haberler\\\/wp-content\\\/uploads\\\/2024\\\/06\\\/cropped-cropped-favicon-1-2.png\",\"width\":512,\"height\":512,\"caption\":\"E-\u00c7\u0130FTL\u0130K HABER\"},\"image\":{\"@id\":\"https:\\\/\\\/e-ciftlik.com\\\/haberler\\\/#\\\/schema\\\/logo\\\/image\\\/\"},\"sameAs\":[\"https:\\\/\\\/www.facebook.com\\\/eciftlikturkiye\",\"https:\\\/\\\/x.com\\\/eciftlikresmi\",\"https:\\\/\\\/www.instagram.com\\\/eciftlikresmi\\\/\"]},{\"@type\":\"Person\",\"@id\":\"https:\\\/\\\/e-ciftlik.com\\\/haberler\\\/#\\\/schema\\\/person\\\/d2f4fee3143d7f72be82cb887d51b00a\",\"name\":\"Haber Merkezi\",\"image\":{\"@type\":\"ImageObject\",\"inLanguage\":\"tr\",\"@id\":\"https:\\\/\\\/secure.gravatar.com\\\/avatar\\\/6c27d641914e66c1d0452c92716002398782818991d86db1c2cccb531e7c7c82?s=96&d=mm&r=g\",\"url\":\"https:\\\/\\\/secure.gravatar.com\\\/avatar\\\/6c27d641914e66c1d0452c92716002398782818991d86db1c2cccb531e7c7c82?s=96&d=mm&r=g\",\"contentUrl\":\"https:\\\/\\\/secure.gravatar.com\\\/avatar\\\/6c27d641914e66c1d0452c92716002398782818991d86db1c2cccb531e7c7c82?s=96&d=mm&r=g\",\"caption\":\"Haber Merkezi\"},\"sameAs\":[\"http:\\\/\\\/e-ciftlik.com\\\/haberler\"]}]}<\/script>\n<!-- \/ Yoast SEO Premium plugin. -->","yoast_head_json":{"title":"Bakan Tekin: Okullar\u0131m\u0131z \u00f6rnek g\u00f6sterilen \u00fclkelerden daha g\u00fczel - E-&Ccedil;\u0130FTL\u0130K HABER","description":"AK Parti \u00c7anakkale \u0130l Ba\u015fkanl\u0131\u011f\u0131'n\u0131n 8. Ola\u011fan Kongresi, \u0130\u00c7DA\u015e Koca Yusuf Kongre Merkezi'nde ger\u00e7ekle\u015fti. Bakan Tekin kongrede yapt\u0131\u011f\u0131 konu\u015fmada, AK Parti","robots":{"index":"index","follow":"follow","max-snippet":"max-snippet:-1","max-image-preview":"max-image-preview:large","max-video-preview":"max-video-preview:-1"},"canonical":"https:\/\/e-ciftlik.com\/haberler\/egitim\/bakan-tekin-okullarimiz-ornek-gosterilen-ulkelerden-daha-guzel\/","og_locale":"tr_TR","og_type":"article","og_title":"Bakan Tekin: Okullar\u0131m\u0131z \u00f6rnek g\u00f6sterilen \u00fclkelerden daha g\u00fczel","og_description":"AK Parti \u00c7anakkale \u0130l Ba\u015fkanl\u0131\u011f\u0131'n\u0131n 8. Ola\u011fan Kongresi, \u0130\u00c7DA\u015e Koca Yusuf Kongre Merkezi'nde ger\u00e7ekle\u015fti. Bakan Tekin kongrede yapt\u0131\u011f\u0131 konu\u015fmada, AK Parti","og_url":"https:\/\/e-ciftlik.com\/haberler\/egitim\/bakan-tekin-okullarimiz-ornek-gosterilen-ulkelerden-daha-guzel\/","og_site_name":"E-&Ccedil;\u0130FTL\u0130K HABER","article_publisher":"https:\/\/www.facebook.com\/eciftlikturkiye","article_published_time":"2025-01-28T01:32:10+00:00","og_image":[{"width":1280,"height":720,"url":"https:\/\/e-ciftlik.com\/haberler\/wp-content\/uploads\/2025\/01\/tekin-2326468.jpg","type":"image\/jpeg"}],"author":"Haber Merkezi","twitter_card":"summary_large_image","twitter_creator":"@eciftlikresmi","twitter_site":"@eciftlikresmi","twitter_misc":{"Yazan:":"Haber Merkezi","Tahmini okuma s\u00fcresi":"1 dakika"},"schema":{"@context":"https:\/\/schema.org","@graph":[{"@type":"NewsArticle","@id":"https:\/\/e-ciftlik.com\/haberler\/egitim\/bakan-tekin-okullarimiz-ornek-gosterilen-ulkelerden-daha-guzel\/#article","isPartOf":{"@id":"https:\/\/e-ciftlik.com\/haberler\/egitim\/bakan-tekin-okullarimiz-ornek-gosterilen-ulkelerden-daha-guzel\/"},"author":{"name":"Haber Merkezi","@id":"https:\/\/e-ciftlik.com\/haberler\/#\/schema\/person\/d2f4fee3143d7f72be82cb887d51b00a"},"headline":"Bakan Tekin: Okullar\u0131m\u0131z \u00f6rnek g\u00f6sterilen \u00fclkelerden daha g\u00fczel","datePublished":"2025-01-28T01:32:10+00:00","mainEntityOfPage":{"@id":"https:\/\/e-ciftlik.com\/haberler\/egitim\/bakan-tekin-okullarimiz-ornek-gosterilen-ulkelerden-daha-guzel\/"},"wordCount":272,"commentCount":0,"publisher":{"@id":"https:\/\/e-ciftlik.com\/haberler\/#organization"},"image":{"@id":"https:\/\/e-ciftlik.com\/haberler\/egitim\/bakan-tekin-okullarimiz-ornek-gosterilen-ulkelerden-daha-guzel\/#primaryimage"},"thumbnailUrl":"https:\/\/e-ciftlik.com\/haberler\/wp-content\/uploads\/2025\/01\/tekin-2326468.jpg","articleSection":["E\u011fitim"],"inLanguage":"tr","potentialAction":[{"@type":"CommentAction","name":"Comment","target":["https:\/\/e-ciftlik.com\/haberler\/egitim\/bakan-tekin-okullarimiz-ornek-gosterilen-ulkelerden-daha-guzel\/#respond"]}]},{"@type":"WebPage","@id":"https:\/\/e-ciftlik.com\/haberler\/egitim\/bakan-tekin-okullarimiz-ornek-gosterilen-ulkelerden-daha-guzel\/","url":"https:\/\/e-ciftlik.com\/haberler\/egitim\/bakan-tekin-okullarimiz-ornek-gosterilen-ulkelerden-daha-guzel\/","name":"Bakan Tekin: Okullar\u0131m\u0131z \u00f6rnek g\u00f6sterilen \u00fclkelerden daha g\u00fczel - E-&Ccedil;\u0130FTL\u0130K HABER","isPartOf":{"@id":"https:\/\/e-ciftlik.com\/haberler\/#website"},"primaryImageOfPage":{"@id":"https:\/\/e-ciftlik.com\/haberler\/egitim\/bakan-tekin-okullarimiz-ornek-gosterilen-ulkelerden-daha-guzel\/#primaryimage"},"image":{"@id":"https:\/\/e-ciftlik.com\/haberler\/egitim\/bakan-tekin-okullarimiz-ornek-gosterilen-ulkelerden-daha-guzel\/#primaryimage"},"thumbnailUrl":"https:\/\/e-ciftlik.com\/haberler\/wp-content\/uploads\/2025\/01\/tekin-2326468.jpg","datePublished":"2025-01-28T01:32:10+00:00","description":"AK Parti \u00c7anakkale \u0130l Ba\u015fkanl\u0131\u011f\u0131'n\u0131n 8. Ola\u011fan Kongresi, \u0130\u00c7DA\u015e Koca Yusuf Kongre Merkezi'nde ger\u00e7ekle\u015fti. Bakan Tekin kongrede yapt\u0131\u011f\u0131 konu\u015fmada, AK Parti","breadcrumb":{"@id":"https:\/\/e-ciftlik.com\/haberler\/egitim\/bakan-tekin-okullarimiz-ornek-gosterilen-ulkelerden-daha-guzel\/#breadcrumb"},"inLanguage":"tr","potentialAction":[{"@type":"ReadAction","target":["https:\/\/e-ciftlik.com\/haberler\/egitim\/bakan-tekin-okullarimiz-ornek-gosterilen-ulkelerden-daha-guzel\/"]}]},{"@type":"ImageObject","inLanguage":"tr","@id":"https:\/\/e-ciftlik.com\/haberler\/egitim\/bakan-tekin-okullarimiz-ornek-gosterilen-ulkelerden-daha-guzel\/#primaryimage","url":"https:\/\/e-ciftlik.com\/haberler\/wp-content\/uploads\/2025\/01\/tekin-2326468.jpg","contentUrl":"https:\/\/e-ciftlik.com\/haberler\/wp-content\/uploads\/2025\/01\/tekin-2326468.jpg","width":1280,"height":720},{"@type":"BreadcrumbList","@id":"https:\/\/e-ciftlik.com\/haberler\/egitim\/bakan-tekin-okullarimiz-ornek-gosterilen-ulkelerden-daha-guzel\/#breadcrumb","itemListElement":[{"@type":"ListItem","position":1,"name":"Anasayfa","item":"https:\/\/e-ciftlik.com\/haberler\/"},{"@type":"ListItem","position":2,"name":"Bakan Tekin: Okullar\u0131m\u0131z \u00f6rnek g\u00f6sterilen \u00fclkelerden daha g\u00fczel"}]},{"@type":"WebSite","@id":"https:\/\/e-ciftlik.com\/haberler\/#website","url":"https:\/\/e-ciftlik.com\/haberler\/","name":"E-\u00c7iftlik Haber | G\u00fcncel, Son Dakika Haberler, En Son Haber","description":"","publisher":{"@id":"https:\/\/e-ciftlik.com\/haberler\/#organization"},"potentialAction":[{"@type":"SearchAction","target":{"@type":"EntryPoint","urlTemplate":"https:\/\/e-ciftlik.com\/haberler\/?s={search_term_string}"},"query-input":{"@type":"PropertyValueSpecification","valueRequired":true,"valueName":"search_term_string"}}],"inLanguage":"tr"},{"@type":"Organization","@id":"https:\/\/e-ciftlik.com\/haberler\/#organization","name":"E-\u00c7\u0130FTL\u0130K HABER","url":"https:\/\/e-ciftlik.com\/haberler\/","logo":{"@type":"ImageObject","inLanguage":"tr","@id":"https:\/\/e-ciftlik.com\/haberler\/#\/schema\/logo\/image\/","url":"https:\/\/e-ciftlik.com\/haberler\/wp-content\/uploads\/2024\/06\/cropped-cropped-favicon-1-2.png","contentUrl":"https:\/\/e-ciftlik.com\/haberler\/wp-content\/uploads\/2024\/06\/cropped-cropped-favicon-1-2.png","width":512,"height":512,"caption":"E-\u00c7\u0130FTL\u0130K HABER"},"image":{"@id":"https:\/\/e-ciftlik.com\/haberler\/#\/schema\/logo\/image\/"},"sameAs":["https:\/\/www.facebook.com\/eciftlikturkiye","https:\/\/x.com\/eciftlikresmi","https:\/\/www.instagram.com\/eciftlikresmi\/"]},{"@type":"Person","@id":"https:\/\/e-ciftlik.com\/haberler\/#\/schema\/person\/d2f4fee3143d7f72be82cb887d51b00a","name":"Haber Merkezi","image":{"@type":"ImageObject","inLanguage":"tr","@id":"https:\/\/secure.gravatar.com\/avatar\/6c27d641914e66c1d0452c92716002398782818991d86db1c2cccb531e7c7c82?s=96&d=mm&r=g","url":"https:\/\/secure.gravatar.com\/avatar\/6c27d641914e66c1d0452c92716002398782818991d86db1c2cccb531e7c7c82?s=96&d=mm&r=g","contentUrl":"https:\/\/secure.gravatar.com\/avatar\/6c27d641914e66c1d0452c92716002398782818991d86db1c2cccb531e7c7c82?s=96&d=mm&r=g","caption":"Haber Merkezi"},"sameAs":["http:\/\/e-ciftlik.com\/haberler"]}]}},"_links":{"self":[{"href":"https:\/\/e-ciftlik.com\/haberler\/wp-json\/wp\/v2\/posts\/75004","targetHints":{"allow":["GET"]}}],"collection":[{"href":"https:\/\/e-ciftlik.com\/haberler\/wp-json\/wp\/v2\/posts"}],"about":[{"href":"https:\/\/e-ciftlik.com\/haberler\/wp-json\/wp\/v2\/types\/post"}],"author":[{"embeddable":true,"href":"https:\/\/e-ciftlik.com\/haberler\/wp-json\/wp\/v2\/users\/1"}],"replies":[{"embeddable":true,"href":"https:\/\/e-ciftlik.com\/haberler\/wp-json\/wp\/v2\/comments?post=75004"}],"version-history":[{"count":0,"href":"https:\/\/e-ciftlik.com\/haberler\/wp-json\/wp\/v2\/posts\/75004\/revisions"}],"wp:featuredmedia":[{"embeddable":true,"href":"https:\/\/e-ciftlik.com\/haberler\/wp-json\/wp\/v2\/media\/69642"}],"wp:attachment":[{"href":"https:\/\/e-ciftlik.com\/haberler\/wp-json\/wp\/v2\/media?parent=75004"}],"wp:term":[{"taxonomy":"category","embeddable":true,"href":"https:\/\/e-ciftlik.com\/haberler\/wp-json\/wp\/v2\/categories?post=75004"},{"taxonomy":"post_tag","embeddable":true,"href":"https:\/\/e-ciftlik.com\/haberler\/wp-json\/wp\/v2\/tags?post=75004"}],"curies":[{"name":"wp","href":"https:\/\/api.w.org\/{rel}","templated":true}]}}