{"id":75007,"date":"2025-01-28T01:36:37","date_gmt":"2025-01-28T01:36:37","guid":{"rendered":"https:\/\/e-ciftlik.com\/haberler\/spor\/real-valladolid-real-madrid-maci-detaylari-la-liga-ilginc-haberlerle-dolu-gunun-ozeti\/"},"modified":"2025-01-28T01:36:37","modified_gmt":"2025-01-28T01:36:37","slug":"real-valladolid-real-madrid-maci-detaylari-la-liga-ilginc-haberlerle-dolu-gunun-ozeti","status":"publish","type":"post","link":"https:\/\/e-ciftlik.com\/haberler\/spor\/real-valladolid-real-madrid-maci-detaylari-la-liga-ilginc-haberlerle-dolu-gunun-ozeti\/","title":{"rendered":"&#8220;Real Valladolid &#8211; Real Madrid Ma\u00e7\u0131 Detaylar\u0131 | La Liga&#8221; &#8220;\u0130lgin\u00e7 Haberlerle Dolu G\u00fcn\u00fcn \u00d6zeti&#8221;"},"content":{"rendered":"<p>\n                                        <\/p>\n<p>&#13;<br \/>\n                                            Real Valladolid ile Real Madrid aras\u0131nda oynanacak ma\u00e7\u0131n tarihi 24 Ekim 2021 Pazar g\u00fcn\u00fc olarak belirlendi. Ma\u00e7\u0131n ba\u015flama saati ise T\u00fcrkiye saati ile 22:00&#8217;de olacak. Kar\u015f\u0131la\u015fma, \u0130spanya La Liga&#8217;n\u0131n 10. haftas\u0131nda oynanacak. Real Valladolid&#8217;in ev sahipli\u011findeki m\u00fccadele, Estadio Jose Zorrilla Stadyumu&#8217;nda ger\u00e7ekle\u015fecek. Ma\u00e7\u0131n yay\u0131n haklar\u0131 ise beIN Sports kanal\u0131nda olacak.&#8221;>&#13;\n                                        <\/p>\n<p>&#13;<br \/>\n                                            Real Valladolid &#8211; Real Madrid ma\u00e7\u0131 \u00f6ncesinde ekip kadrolar\u0131 da merak konusu. Real Valladolid&#8217;de sakat ya da cezal\u0131 oyuncu bulunmazken, Real Madrid&#8217;de Karim Benzema&#8217;n\u0131n durumu belirsizli\u011fini koruyor. Zinedine Zidane&#8217;\u0131n muhtemel 11&#8217;i ise ma\u00e7 saatinde netlik kazanacak. M\u00fccadelenin hakemi ise ma\u00e7 \u00f6ncesinde a\u00e7\u0131klanacak.&#13;\n                                        <\/p>\n<\/p><\/div>\n<p>\n                                <\/div>\n<p> \u00dcnl\u00fc oyuncu Jennifer Lawrence, ge\u00e7ti\u011fimiz hafta sonu Los Angeles&#8217;ta ger\u00e7ekle\u015fen bir etkinlikte hayranlar\u0131yla bulu\u015ftu. Etkinlikte, yeni filmi hakk\u0131nda bilgiler veren Lawrence, projenin detaylar\u0131 hakk\u0131nda heyecan\u0131n\u0131 payla\u015ft\u0131. Oyuncu, filmdeki karakterine nas\u0131l haz\u0131rland\u0131\u011f\u0131 ve sette ya\u015fad\u0131\u011f\u0131 keyifli an\u0131lar hakk\u0131nda da konu\u015ftu. Lawrence, hayranlar\u0131na film hakk\u0131nda ipu\u00e7lar\u0131 verirken, projenin vizyona giri\u015f tarihini de duyurdu.<\/p>\n<p>Jennifer Lawrence, etkinlik s\u0131ras\u0131nda giydi\u011fi \u015f\u0131k ve zarif k\u0131yafetiyle dikkatleri \u00fczerine \u00e7ekmeyi ba\u015fard\u0131. Oyuncunun etkinlikteki konu\u015fmas\u0131 s\u0131ras\u0131nda duygu dolu anlar ya\u015fand\u0131. Lawrence, hayranlar\u0131na te\u015fekk\u00fcr ederken duygusal anlar ya\u015fad\u0131 ve projeye olan sevgisini dile getirdi. Oyuncunun samimi tavr\u0131, hayranlar\u0131n\u0131n da b\u00fcy\u00fck be\u011fenisini kazand\u0131.<\/p>\n<p>Etkinlik sonras\u0131nda Jennifer Lawrence, bas\u0131n mensuplar\u0131yla k\u0131sa bir r\u00f6portaj ger\u00e7ekle\u015ftirdi. Oyuncu, yeni projeleri hakk\u0131nda ipu\u00e7lar\u0131 verirken, hayranlar\u0131na b\u00fcy\u00fck s\u00fcrprizler haz\u0131rlad\u0131\u011f\u0131n\u0131 s\u00f6yledi. Lawrence, yak\u0131n zamanda \u00e7\u0131kacak olan filmi i\u00e7in heyecan\u0131n\u0131 dile getirirken, projenin yap\u0131mc\u0131lar\u0131yla olan i\u015fbirli\u011finden de memnuniyet duydu\u011funu belirtti.<\/p>\n<p>Jennifer Lawrence&#8217;\u0131n hayranlar\u0131, yeni filmi sab\u0131rs\u0131zl\u0131kla bekliyor. Oyuncunun ba\u015far\u0131l\u0131 kariyerindeki bu yeni proje, sinema d\u00fcnyas\u0131nda b\u00fcy\u00fck ses getirecek gibi g\u00f6r\u00fcn\u00fcyor. Lawrence&#8217;\u0131n etkinlikteki performans\u0131 ve samimi tavr\u0131, hayranlar\u0131n\u0131n g\u00f6nl\u00fcnde taht kurmay\u0131 ba\u015fard\u0131. \u00dcnl\u00fc oyuncunun yeni filmi, vizyona girdi\u011finde b\u00fcy\u00fck ilgi g\u00f6rece\u011fe benziyor.<\/p>\n","protected":false},"excerpt":{"rendered":"<p>&#13; Real Valladolid ile Real Madrid aras\u0131nda oynanacak ma\u00e7\u0131n tarihi 24 Ekim 2021 Pazar g\u00fcn\u00fc&hellip;<\/p>\n","protected":false},"author":1,"featured_media":75008,"comment_status":"open","ping_status":"open","sticky":false,"template":"","format":"standard","meta":{"footnotes":""},"categories":[7],"tags":[],"class_list":["post-75007","post","type-post","status-publish","format-standard","has-post-thumbnail","hentry","category-spor"],"yoast_head":"<!-- This site is optimized with the Yoast SEO Premium plugin v24.3 (Yoast SEO v27.4) - https:\/\/yoast.com\/product\/yoast-seo-premium-wordpress\/ -->\n<title>&quot;Real Valladolid - Real Madrid Ma\u00e7\u0131 Detaylar\u0131 | La Liga&quot; &quot;\u0130lgin\u00e7 Haberlerle Dolu G\u00fcn\u00fcn \u00d6zeti&quot; - E-&Ccedil;\u0130FTL\u0130K HABER<\/title>\n<meta name=\"description\" content=\"&#013; Real Valladolid ile Real Madrid aras\u0131nda oynanacak ma\u00e7\u0131n tarihi 24 Ekim 2021 Pazar g\u00fcn\u00fc olarak belirlendi. Ma\u00e7\u0131n ba\u015flama saati ise T\u00fcrkiye saati ile\" \/>\n<meta name=\"robots\" content=\"index, follow, max-snippet:-1, max-image-preview:large, max-video-preview:-1\" \/>\n<link rel=\"canonical\" href=\"https:\/\/e-ciftlik.com\/haberler\/spor\/real-valladolid-real-madrid-maci-detaylari-la-liga-ilginc-haberlerle-dolu-gunun-ozeti\/\" \/>\n<meta property=\"og:locale\" content=\"tr_TR\" \/>\n<meta property=\"og:type\" content=\"article\" \/>\n<meta property=\"og:title\" content=\"&quot;Real Valladolid - Real Madrid Ma\u00e7\u0131 Detaylar\u0131 | La Liga&quot; &quot;\u0130lgin\u00e7 Haberlerle Dolu G\u00fcn\u00fcn \u00d6zeti&quot;\" \/>\n<meta property=\"og:description\" content=\"&#013; Real Valladolid ile Real Madrid aras\u0131nda oynanacak ma\u00e7\u0131n tarihi 24 Ekim 2021 Pazar g\u00fcn\u00fc olarak belirlendi. Ma\u00e7\u0131n ba\u015flama saati ise T\u00fcrkiye saati ile\" \/>\n<meta property=\"og:url\" content=\"https:\/\/e-ciftlik.com\/haberler\/spor\/real-valladolid-real-madrid-maci-detaylari-la-liga-ilginc-haberlerle-dolu-gunun-ozeti\/\" \/>\n<meta property=\"og:site_name\" content=\"E-&Ccedil;\u0130FTL\u0130K HABER\" \/>\n<meta property=\"article:publisher\" content=\"https:\/\/www.facebook.com\/eciftlikturkiye\" \/>\n<meta property=\"article:published_time\" content=\"2025-01-28T01:36:37+00:00\" \/>\n<meta property=\"og:image\" content=\"https:\/\/e-ciftlik.com\/haberler\/wp-content\/uploads\/2025\/01\/real-valladolid-real-madrid-maci-ne-zaman-saat-kacta-ve-hangi-kanalda-ispanya-la-liga-1737802818410.jpeg\" \/>\n\t<meta property=\"og:image:width\" content=\"1200\" \/>\n\t<meta property=\"og:image:height\" content=\"675\" \/>\n\t<meta property=\"og:image:type\" content=\"image\/jpeg\" \/>\n<meta name=\"author\" content=\"Haber Merkezi\" \/>\n<meta name=\"twitter:card\" content=\"summary_large_image\" \/>\n<meta name=\"twitter:creator\" content=\"@eciftlikresmi\" \/>\n<meta name=\"twitter:site\" content=\"@eciftlikresmi\" \/>\n<meta name=\"twitter:label1\" content=\"Yazan:\" \/>\n\t<meta name=\"twitter:data1\" content=\"Haber Merkezi\" \/>\n\t<meta name=\"twitter:label2\" content=\"Tahmini okuma s\u00fcresi\" \/>\n\t<meta name=\"twitter:data2\" content=\"2 dakika\" \/>\n<script type=\"application\/ld+json\" class=\"yoast-schema-graph\">{\"@context\":\"https:\\\/\\\/schema.org\",\"@graph\":[{\"@type\":\"NewsArticle\",\"@id\":\"https:\\\/\\\/e-ciftlik.com\\\/haberler\\\/spor\\\/real-valladolid-real-madrid-maci-detaylari-la-liga-ilginc-haberlerle-dolu-gunun-ozeti\\\/#article\",\"isPartOf\":{\"@id\":\"https:\\\/\\\/e-ciftlik.com\\\/haberler\\\/spor\\\/real-valladolid-real-madrid-maci-detaylari-la-liga-ilginc-haberlerle-dolu-gunun-ozeti\\\/\"},\"author\":{\"name\":\"Haber Merkezi\",\"@id\":\"https:\\\/\\\/e-ciftlik.com\\\/haberler\\\/#\\\/schema\\\/person\\\/d2f4fee3143d7f72be82cb887d51b00a\"},\"headline\":\"&#8220;Real Valladolid &#8211; Real Madrid Ma\u00e7\u0131 Detaylar\u0131 | La Liga&#8221; &#8220;\u0130lgin\u00e7 Haberlerle Dolu G\u00fcn\u00fcn \u00d6zeti&#8221;\",\"datePublished\":\"2025-01-28T01:36:37+00:00\",\"mainEntityOfPage\":{\"@id\":\"https:\\\/\\\/e-ciftlik.com\\\/haberler\\\/spor\\\/real-valladolid-real-madrid-maci-detaylari-la-liga-ilginc-haberlerle-dolu-gunun-ozeti\\\/\"},\"wordCount\":393,\"commentCount\":0,\"publisher\":{\"@id\":\"https:\\\/\\\/e-ciftlik.com\\\/haberler\\\/#organization\"},\"image\":{\"@id\":\"https:\\\/\\\/e-ciftlik.com\\\/haberler\\\/spor\\\/real-valladolid-real-madrid-maci-detaylari-la-liga-ilginc-haberlerle-dolu-gunun-ozeti\\\/#primaryimage\"},\"thumbnailUrl\":\"https:\\\/\\\/e-ciftlik.com\\\/haberler\\\/wp-content\\\/uploads\\\/2025\\\/01\\\/real-valladolid-real-madrid-maci-ne-zaman-saat-kacta-ve-hangi-kanalda-ispanya-la-liga-1737802818410.jpeg\",\"articleSection\":[\"Spor\"],\"inLanguage\":\"tr\",\"potentialAction\":[{\"@type\":\"CommentAction\",\"name\":\"Comment\",\"target\":[\"https:\\\/\\\/e-ciftlik.com\\\/haberler\\\/spor\\\/real-valladolid-real-madrid-maci-detaylari-la-liga-ilginc-haberlerle-dolu-gunun-ozeti\\\/#respond\"]}]},{\"@type\":\"WebPage\",\"@id\":\"https:\\\/\\\/e-ciftlik.com\\\/haberler\\\/spor\\\/real-valladolid-real-madrid-maci-detaylari-la-liga-ilginc-haberlerle-dolu-gunun-ozeti\\\/\",\"url\":\"https:\\\/\\\/e-ciftlik.com\\\/haberler\\\/spor\\\/real-valladolid-real-madrid-maci-detaylari-la-liga-ilginc-haberlerle-dolu-gunun-ozeti\\\/\",\"name\":\"\\\"Real Valladolid - Real Madrid Ma\u00e7\u0131 Detaylar\u0131 | La Liga\\\" \\\"\u0130lgin\u00e7 Haberlerle Dolu G\u00fcn\u00fcn \u00d6zeti\\\" - E-&Ccedil;\u0130FTL\u0130K HABER\",\"isPartOf\":{\"@id\":\"https:\\\/\\\/e-ciftlik.com\\\/haberler\\\/#website\"},\"primaryImageOfPage\":{\"@id\":\"https:\\\/\\\/e-ciftlik.com\\\/haberler\\\/spor\\\/real-valladolid-real-madrid-maci-detaylari-la-liga-ilginc-haberlerle-dolu-gunun-ozeti\\\/#primaryimage\"},\"image\":{\"@id\":\"https:\\\/\\\/e-ciftlik.com\\\/haberler\\\/spor\\\/real-valladolid-real-madrid-maci-detaylari-la-liga-ilginc-haberlerle-dolu-gunun-ozeti\\\/#primaryimage\"},\"thumbnailUrl\":\"https:\\\/\\\/e-ciftlik.com\\\/haberler\\\/wp-content\\\/uploads\\\/2025\\\/01\\\/real-valladolid-real-madrid-maci-ne-zaman-saat-kacta-ve-hangi-kanalda-ispanya-la-liga-1737802818410.jpeg\",\"datePublished\":\"2025-01-28T01:36:37+00:00\",\"description\":\"&#13; Real Valladolid ile Real Madrid aras\u0131nda oynanacak ma\u00e7\u0131n tarihi 24 Ekim 2021 Pazar g\u00fcn\u00fc olarak belirlendi. Ma\u00e7\u0131n ba\u015flama saati ise T\u00fcrkiye saati ile\",\"breadcrumb\":{\"@id\":\"https:\\\/\\\/e-ciftlik.com\\\/haberler\\\/spor\\\/real-valladolid-real-madrid-maci-detaylari-la-liga-ilginc-haberlerle-dolu-gunun-ozeti\\\/#breadcrumb\"},\"inLanguage\":\"tr\",\"potentialAction\":[{\"@type\":\"ReadAction\",\"target\":[\"https:\\\/\\\/e-ciftlik.com\\\/haberler\\\/spor\\\/real-valladolid-real-madrid-maci-detaylari-la-liga-ilginc-haberlerle-dolu-gunun-ozeti\\\/\"]}]},{\"@type\":\"ImageObject\",\"inLanguage\":\"tr\",\"@id\":\"https:\\\/\\\/e-ciftlik.com\\\/haberler\\\/spor\\\/real-valladolid-real-madrid-maci-detaylari-la-liga-ilginc-haberlerle-dolu-gunun-ozeti\\\/#primaryimage\",\"url\":\"https:\\\/\\\/e-ciftlik.com\\\/haberler\\\/wp-content\\\/uploads\\\/2025\\\/01\\\/real-valladolid-real-madrid-maci-ne-zaman-saat-kacta-ve-hangi-kanalda-ispanya-la-liga-1737802818410.jpeg\",\"contentUrl\":\"https:\\\/\\\/e-ciftlik.com\\\/haberler\\\/wp-content\\\/uploads\\\/2025\\\/01\\\/real-valladolid-real-madrid-maci-ne-zaman-saat-kacta-ve-hangi-kanalda-ispanya-la-liga-1737802818410.jpeg\",\"width\":1200,\"height\":675},{\"@type\":\"BreadcrumbList\",\"@id\":\"https:\\\/\\\/e-ciftlik.com\\\/haberler\\\/spor\\\/real-valladolid-real-madrid-maci-detaylari-la-liga-ilginc-haberlerle-dolu-gunun-ozeti\\\/#breadcrumb\",\"itemListElement\":[{\"@type\":\"ListItem\",\"position\":1,\"name\":\"Anasayfa\",\"item\":\"https:\\\/\\\/e-ciftlik.com\\\/haberler\\\/\"},{\"@type\":\"ListItem\",\"position\":2,\"name\":\"&#8220;Real Valladolid &#8211; Real Madrid Ma\u00e7\u0131 Detaylar\u0131 | La Liga&#8221; &#8220;\u0130lgin\u00e7 Haberlerle Dolu G\u00fcn\u00fcn \u00d6zeti&#8221;\"}]},{\"@type\":\"WebSite\",\"@id\":\"https:\\\/\\\/e-ciftlik.com\\\/haberler\\\/#website\",\"url\":\"https:\\\/\\\/e-ciftlik.com\\\/haberler\\\/\",\"name\":\"E-\u00c7iftlik Haber | G\u00fcncel, Son Dakika Haberler, En Son Haber\",\"description\":\"\",\"publisher\":{\"@id\":\"https:\\\/\\\/e-ciftlik.com\\\/haberler\\\/#organization\"},\"potentialAction\":[{\"@type\":\"SearchAction\",\"target\":{\"@type\":\"EntryPoint\",\"urlTemplate\":\"https:\\\/\\\/e-ciftlik.com\\\/haberler\\\/?s={search_term_string}\"},\"query-input\":{\"@type\":\"PropertyValueSpecification\",\"valueRequired\":true,\"valueName\":\"search_term_string\"}}],\"inLanguage\":\"tr\"},{\"@type\":\"Organization\",\"@id\":\"https:\\\/\\\/e-ciftlik.com\\\/haberler\\\/#organization\",\"name\":\"E-\u00c7\u0130FTL\u0130K HABER\",\"url\":\"https:\\\/\\\/e-ciftlik.com\\\/haberler\\\/\",\"logo\":{\"@type\":\"ImageObject\",\"inLanguage\":\"tr\",\"@id\":\"https:\\\/\\\/e-ciftlik.com\\\/haberler\\\/#\\\/schema\\\/logo\\\/image\\\/\",\"url\":\"https:\\\/\\\/e-ciftlik.com\\\/haberler\\\/wp-content\\\/uploads\\\/2024\\\/06\\\/cropped-cropped-favicon-1-2.png\",\"contentUrl\":\"https:\\\/\\\/e-ciftlik.com\\\/haberler\\\/wp-content\\\/uploads\\\/2024\\\/06\\\/cropped-cropped-favicon-1-2.png\",\"width\":512,\"height\":512,\"caption\":\"E-\u00c7\u0130FTL\u0130K HABER\"},\"image\":{\"@id\":\"https:\\\/\\\/e-ciftlik.com\\\/haberler\\\/#\\\/schema\\\/logo\\\/image\\\/\"},\"sameAs\":[\"https:\\\/\\\/www.facebook.com\\\/eciftlikturkiye\",\"https:\\\/\\\/x.com\\\/eciftlikresmi\",\"https:\\\/\\\/www.instagram.com\\\/eciftlikresmi\\\/\"]},{\"@type\":\"Person\",\"@id\":\"https:\\\/\\\/e-ciftlik.com\\\/haberler\\\/#\\\/schema\\\/person\\\/d2f4fee3143d7f72be82cb887d51b00a\",\"name\":\"Haber Merkezi\",\"image\":{\"@type\":\"ImageObject\",\"inLanguage\":\"tr\",\"@id\":\"https:\\\/\\\/secure.gravatar.com\\\/avatar\\\/6c27d641914e66c1d0452c92716002398782818991d86db1c2cccb531e7c7c82?s=96&d=mm&r=g\",\"url\":\"https:\\\/\\\/secure.gravatar.com\\\/avatar\\\/6c27d641914e66c1d0452c92716002398782818991d86db1c2cccb531e7c7c82?s=96&d=mm&r=g\",\"contentUrl\":\"https:\\\/\\\/secure.gravatar.com\\\/avatar\\\/6c27d641914e66c1d0452c92716002398782818991d86db1c2cccb531e7c7c82?s=96&d=mm&r=g\",\"caption\":\"Haber Merkezi\"},\"sameAs\":[\"http:\\\/\\\/e-ciftlik.com\\\/haberler\"]}]}<\/script>\n<!-- \/ Yoast SEO Premium plugin. -->","yoast_head_json":{"title":"\"Real Valladolid - Real Madrid Ma\u00e7\u0131 Detaylar\u0131 | La Liga\" \"\u0130lgin\u00e7 Haberlerle Dolu G\u00fcn\u00fcn \u00d6zeti\" - E-&Ccedil;\u0130FTL\u0130K HABER","description":"&#13; Real Valladolid ile Real Madrid aras\u0131nda oynanacak ma\u00e7\u0131n tarihi 24 Ekim 2021 Pazar g\u00fcn\u00fc olarak belirlendi. Ma\u00e7\u0131n ba\u015flama saati ise T\u00fcrkiye saati ile","robots":{"index":"index","follow":"follow","max-snippet":"max-snippet:-1","max-image-preview":"max-image-preview:large","max-video-preview":"max-video-preview:-1"},"canonical":"https:\/\/e-ciftlik.com\/haberler\/spor\/real-valladolid-real-madrid-maci-detaylari-la-liga-ilginc-haberlerle-dolu-gunun-ozeti\/","og_locale":"tr_TR","og_type":"article","og_title":"\"Real Valladolid - Real Madrid Ma\u00e7\u0131 Detaylar\u0131 | La Liga\" \"\u0130lgin\u00e7 Haberlerle Dolu G\u00fcn\u00fcn \u00d6zeti\"","og_description":"&#13; Real Valladolid ile Real Madrid aras\u0131nda oynanacak ma\u00e7\u0131n tarihi 24 Ekim 2021 Pazar g\u00fcn\u00fc olarak belirlendi. Ma\u00e7\u0131n ba\u015flama saati ise T\u00fcrkiye saati ile","og_url":"https:\/\/e-ciftlik.com\/haberler\/spor\/real-valladolid-real-madrid-maci-detaylari-la-liga-ilginc-haberlerle-dolu-gunun-ozeti\/","og_site_name":"E-&Ccedil;\u0130FTL\u0130K HABER","article_publisher":"https:\/\/www.facebook.com\/eciftlikturkiye","article_published_time":"2025-01-28T01:36:37+00:00","og_image":[{"width":1200,"height":675,"url":"https:\/\/e-ciftlik.com\/haberler\/wp-content\/uploads\/2025\/01\/real-valladolid-real-madrid-maci-ne-zaman-saat-kacta-ve-hangi-kanalda-ispanya-la-liga-1737802818410.jpeg","type":"image\/jpeg"}],"author":"Haber Merkezi","twitter_card":"summary_large_image","twitter_creator":"@eciftlikresmi","twitter_site":"@eciftlikresmi","twitter_misc":{"Yazan:":"Haber Merkezi","Tahmini okuma s\u00fcresi":"2 dakika"},"schema":{"@context":"https:\/\/schema.org","@graph":[{"@type":"NewsArticle","@id":"https:\/\/e-ciftlik.com\/haberler\/spor\/real-valladolid-real-madrid-maci-detaylari-la-liga-ilginc-haberlerle-dolu-gunun-ozeti\/#article","isPartOf":{"@id":"https:\/\/e-ciftlik.com\/haberler\/spor\/real-valladolid-real-madrid-maci-detaylari-la-liga-ilginc-haberlerle-dolu-gunun-ozeti\/"},"author":{"name":"Haber Merkezi","@id":"https:\/\/e-ciftlik.com\/haberler\/#\/schema\/person\/d2f4fee3143d7f72be82cb887d51b00a"},"headline":"&#8220;Real Valladolid &#8211; Real Madrid Ma\u00e7\u0131 Detaylar\u0131 | La Liga&#8221; &#8220;\u0130lgin\u00e7 Haberlerle Dolu G\u00fcn\u00fcn \u00d6zeti&#8221;","datePublished":"2025-01-28T01:36:37+00:00","mainEntityOfPage":{"@id":"https:\/\/e-ciftlik.com\/haberler\/spor\/real-valladolid-real-madrid-maci-detaylari-la-liga-ilginc-haberlerle-dolu-gunun-ozeti\/"},"wordCount":393,"commentCount":0,"publisher":{"@id":"https:\/\/e-ciftlik.com\/haberler\/#organization"},"image":{"@id":"https:\/\/e-ciftlik.com\/haberler\/spor\/real-valladolid-real-madrid-maci-detaylari-la-liga-ilginc-haberlerle-dolu-gunun-ozeti\/#primaryimage"},"thumbnailUrl":"https:\/\/e-ciftlik.com\/haberler\/wp-content\/uploads\/2025\/01\/real-valladolid-real-madrid-maci-ne-zaman-saat-kacta-ve-hangi-kanalda-ispanya-la-liga-1737802818410.jpeg","articleSection":["Spor"],"inLanguage":"tr","potentialAction":[{"@type":"CommentAction","name":"Comment","target":["https:\/\/e-ciftlik.com\/haberler\/spor\/real-valladolid-real-madrid-maci-detaylari-la-liga-ilginc-haberlerle-dolu-gunun-ozeti\/#respond"]}]},{"@type":"WebPage","@id":"https:\/\/e-ciftlik.com\/haberler\/spor\/real-valladolid-real-madrid-maci-detaylari-la-liga-ilginc-haberlerle-dolu-gunun-ozeti\/","url":"https:\/\/e-ciftlik.com\/haberler\/spor\/real-valladolid-real-madrid-maci-detaylari-la-liga-ilginc-haberlerle-dolu-gunun-ozeti\/","name":"\"Real Valladolid - Real Madrid Ma\u00e7\u0131 Detaylar\u0131 | La Liga\" \"\u0130lgin\u00e7 Haberlerle Dolu G\u00fcn\u00fcn \u00d6zeti\" - E-&Ccedil;\u0130FTL\u0130K HABER","isPartOf":{"@id":"https:\/\/e-ciftlik.com\/haberler\/#website"},"primaryImageOfPage":{"@id":"https:\/\/e-ciftlik.com\/haberler\/spor\/real-valladolid-real-madrid-maci-detaylari-la-liga-ilginc-haberlerle-dolu-gunun-ozeti\/#primaryimage"},"image":{"@id":"https:\/\/e-ciftlik.com\/haberler\/spor\/real-valladolid-real-madrid-maci-detaylari-la-liga-ilginc-haberlerle-dolu-gunun-ozeti\/#primaryimage"},"thumbnailUrl":"https:\/\/e-ciftlik.com\/haberler\/wp-content\/uploads\/2025\/01\/real-valladolid-real-madrid-maci-ne-zaman-saat-kacta-ve-hangi-kanalda-ispanya-la-liga-1737802818410.jpeg","datePublished":"2025-01-28T01:36:37+00:00","description":"&#13; Real Valladolid ile Real Madrid aras\u0131nda oynanacak ma\u00e7\u0131n tarihi 24 Ekim 2021 Pazar g\u00fcn\u00fc olarak belirlendi. Ma\u00e7\u0131n ba\u015flama saati ise T\u00fcrkiye saati ile","breadcrumb":{"@id":"https:\/\/e-ciftlik.com\/haberler\/spor\/real-valladolid-real-madrid-maci-detaylari-la-liga-ilginc-haberlerle-dolu-gunun-ozeti\/#breadcrumb"},"inLanguage":"tr","potentialAction":[{"@type":"ReadAction","target":["https:\/\/e-ciftlik.com\/haberler\/spor\/real-valladolid-real-madrid-maci-detaylari-la-liga-ilginc-haberlerle-dolu-gunun-ozeti\/"]}]},{"@type":"ImageObject","inLanguage":"tr","@id":"https:\/\/e-ciftlik.com\/haberler\/spor\/real-valladolid-real-madrid-maci-detaylari-la-liga-ilginc-haberlerle-dolu-gunun-ozeti\/#primaryimage","url":"https:\/\/e-ciftlik.com\/haberler\/wp-content\/uploads\/2025\/01\/real-valladolid-real-madrid-maci-ne-zaman-saat-kacta-ve-hangi-kanalda-ispanya-la-liga-1737802818410.jpeg","contentUrl":"https:\/\/e-ciftlik.com\/haberler\/wp-content\/uploads\/2025\/01\/real-valladolid-real-madrid-maci-ne-zaman-saat-kacta-ve-hangi-kanalda-ispanya-la-liga-1737802818410.jpeg","width":1200,"height":675},{"@type":"BreadcrumbList","@id":"https:\/\/e-ciftlik.com\/haberler\/spor\/real-valladolid-real-madrid-maci-detaylari-la-liga-ilginc-haberlerle-dolu-gunun-ozeti\/#breadcrumb","itemListElement":[{"@type":"ListItem","position":1,"name":"Anasayfa","item":"https:\/\/e-ciftlik.com\/haberler\/"},{"@type":"ListItem","position":2,"name":"&#8220;Real Valladolid &#8211; Real Madrid Ma\u00e7\u0131 Detaylar\u0131 | La Liga&#8221; &#8220;\u0130lgin\u00e7 Haberlerle Dolu G\u00fcn\u00fcn \u00d6zeti&#8221;"}]},{"@type":"WebSite","@id":"https:\/\/e-ciftlik.com\/haberler\/#website","url":"https:\/\/e-ciftlik.com\/haberler\/","name":"E-\u00c7iftlik Haber | G\u00fcncel, Son Dakika Haberler, En Son Haber","description":"","publisher":{"@id":"https:\/\/e-ciftlik.com\/haberler\/#organization"},"potentialAction":[{"@type":"SearchAction","target":{"@type":"EntryPoint","urlTemplate":"https:\/\/e-ciftlik.com\/haberler\/?s={search_term_string}"},"query-input":{"@type":"PropertyValueSpecification","valueRequired":true,"valueName":"search_term_string"}}],"inLanguage":"tr"},{"@type":"Organization","@id":"https:\/\/e-ciftlik.com\/haberler\/#organization","name":"E-\u00c7\u0130FTL\u0130K HABER","url":"https:\/\/e-ciftlik.com\/haberler\/","logo":{"@type":"ImageObject","inLanguage":"tr","@id":"https:\/\/e-ciftlik.com\/haberler\/#\/schema\/logo\/image\/","url":"https:\/\/e-ciftlik.com\/haberler\/wp-content\/uploads\/2024\/06\/cropped-cropped-favicon-1-2.png","contentUrl":"https:\/\/e-ciftlik.com\/haberler\/wp-content\/uploads\/2024\/06\/cropped-cropped-favicon-1-2.png","width":512,"height":512,"caption":"E-\u00c7\u0130FTL\u0130K HABER"},"image":{"@id":"https:\/\/e-ciftlik.com\/haberler\/#\/schema\/logo\/image\/"},"sameAs":["https:\/\/www.facebook.com\/eciftlikturkiye","https:\/\/x.com\/eciftlikresmi","https:\/\/www.instagram.com\/eciftlikresmi\/"]},{"@type":"Person","@id":"https:\/\/e-ciftlik.com\/haberler\/#\/schema\/person\/d2f4fee3143d7f72be82cb887d51b00a","name":"Haber Merkezi","image":{"@type":"ImageObject","inLanguage":"tr","@id":"https:\/\/secure.gravatar.com\/avatar\/6c27d641914e66c1d0452c92716002398782818991d86db1c2cccb531e7c7c82?s=96&d=mm&r=g","url":"https:\/\/secure.gravatar.com\/avatar\/6c27d641914e66c1d0452c92716002398782818991d86db1c2cccb531e7c7c82?s=96&d=mm&r=g","contentUrl":"https:\/\/secure.gravatar.com\/avatar\/6c27d641914e66c1d0452c92716002398782818991d86db1c2cccb531e7c7c82?s=96&d=mm&r=g","caption":"Haber Merkezi"},"sameAs":["http:\/\/e-ciftlik.com\/haberler"]}]}},"_links":{"self":[{"href":"https:\/\/e-ciftlik.com\/haberler\/wp-json\/wp\/v2\/posts\/75007","targetHints":{"allow":["GET"]}}],"collection":[{"href":"https:\/\/e-ciftlik.com\/haberler\/wp-json\/wp\/v2\/posts"}],"about":[{"href":"https:\/\/e-ciftlik.com\/haberler\/wp-json\/wp\/v2\/types\/post"}],"author":[{"embeddable":true,"href":"https:\/\/e-ciftlik.com\/haberler\/wp-json\/wp\/v2\/users\/1"}],"replies":[{"embeddable":true,"href":"https:\/\/e-ciftlik.com\/haberler\/wp-json\/wp\/v2\/comments?post=75007"}],"version-history":[{"count":0,"href":"https:\/\/e-ciftlik.com\/haberler\/wp-json\/wp\/v2\/posts\/75007\/revisions"}],"wp:featuredmedia":[{"embeddable":true,"href":"https:\/\/e-ciftlik.com\/haberler\/wp-json\/wp\/v2\/media\/75008"}],"wp:attachment":[{"href":"https:\/\/e-ciftlik.com\/haberler\/wp-json\/wp\/v2\/media?parent=75007"}],"wp:term":[{"taxonomy":"category","embeddable":true,"href":"https:\/\/e-ciftlik.com\/haberler\/wp-json\/wp\/v2\/categories?post=75007"},{"taxonomy":"post_tag","embeddable":true,"href":"https:\/\/e-ciftlik.com\/haberler\/wp-json\/wp\/v2\/tags?post=75007"}],"curies":[{"name":"wp","href":"https:\/\/api.w.org\/{rel}","templated":true}]}}