{"id":75176,"date":"2025-01-28T08:55:06","date_gmt":"2025-01-28T08:55:06","guid":{"rendered":"http:\/\/e-ciftlik.com\/haberler\/memur\/2025-memur-ve-emekli-maas-farklari-ne-zaman-yatacak\/"},"modified":"2025-01-28T08:55:06","modified_gmt":"2025-01-28T08:55:06","slug":"2025-memur-ve-emekli-maas-farklari-ne-zaman-yatacak","status":"publish","type":"post","link":"https:\/\/e-ciftlik.com\/haberler\/memur\/2025-memur-ve-emekli-maas-farklari-ne-zaman-yatacak\/","title":{"rendered":"2025 Memur ve Emekli Maa\u015f Farklar\u0131 Ne Zaman Yatacak?"},"content":{"rendered":"<p>Memur ve emekli maa\u015f farklar\u0131 ne zaman yatacak?<\/p>\n<p>\u00c7al\u0131\u015fma ve Sosyal G\u00fcvenlik Bakan\u0131 Vedat I\u015f\u0131khan, emekli Sand\u0131\u011f\u0131 kapsam\u0131nda ayl\u0131k alanlar\u0131n maa\u015f fark\u0131 \u00f6demelerinin yap\u0131ld\u0131\u011f\u0131n\u0131 duyurdu. On binlerce memur 14 g\u00fcnl\u00fck maa\u015f fark\u0131 \u00f6demelerinin yat\u0131r\u0131laca\u011f\u0131 tarihi merak ederken, emekliler ise en d\u00fc\u015f\u00fck emekli maa\u015f\u0131 fark\u0131ndan kaynaklanan 1969 TL&#8217;lik maa\u015f fark\u0131n\u0131n \u00f6denmesini bekliyor. <\/p>\n<p>2025 memur ve emekli zaml\u0131 maa\u015f farklar\u0131n\u0131n \u00f6denece\u011fi tarihle ilgili ara\u015ft\u0131rmalar s\u00fcr\u00fcyor. Ocak-haziran d\u00f6nemi zamlar\u0131n\u0131n belli olmas\u0131yla birlikte memurlar 14 g\u00fcnl\u00fck maa\u015f fark\u0131 \u00f6demelerini beklerken, emekliler ise 1969 TL&#8217;lik maa\u015f fark\u0131n\u0131n yat\u0131r\u0131laca\u011f\u0131 tarihe odakland\u0131.<\/p>\n<p>En d\u00fc\u015f\u00fck emekli ayl\u0131\u011f\u0131, 2025 y\u0131l\u0131 itibar\u0131yla 12 bin 500 liradan 14 bin 469 liraya y\u00fckseldi. Bu kapsamda taban maa\u015f alan emekliler, 14.469 TL ile 12.500 TL aras\u0131ndaki fark olan 1.969 TL tutar\u0131nda ek \u00f6deme alacak.<\/p>\n<p>\u00c7al\u0131\u015fma ve Sosyal G\u00fcvenlik Bakan\u0131 Vedat I\u015f\u0131khan, emekli Sand\u0131\u011f\u0131 kapsam\u0131nda ayl\u0131k alanlar\u0131n maa\u015f farklar\u0131n\u0131n yataca\u011f\u0131 tarihi duyurdu. I\u015f\u0131khan sosyal medya hesab\u0131ndan yapt\u0131\u011f\u0131 a\u00e7\u0131klamada; &#8220;Emekli Sand\u0131\u011f\u0131 kapsam\u0131nda ayl\u0131k alanlar\u0131n 2025 y\u0131l\u0131 zam farklar\u0131 ile Harp ve Vazife Malull\u00fc\u011f\u00fc ayl\u0131\u011f\u0131 alan vatanda\u015flar\u0131m\u0131z\u0131n 2024 y\u0131l\u0131 ek \u00f6demelerini 24 Ocak&#8217;ta (bug\u00fcn) hesaplar\u0131na yat\u0131r\u0131yoruz. Vatanda\u015flar\u0131m\u0131za ve k\u0131ymetli ailelerine hay\u0131rl\u0131 olmas\u0131n\u0131 diliyorum.&#8221; ifadelerini kulland\u0131. Emekli sand\u0131\u011f\u0131 maa\u015f farklar\u0131n\u0131n ard\u0131ndan memur ve en d\u00fc\u015f\u00fck emekli maa\u015f farklar\u0131n\u0131n yat\u0131r\u0131lmas\u0131 bekleniyor.<\/p>\n<p>Memur maa\u015flar\u0131 her ay\u0131n 15&#8217;inden itibaren i\u015fledi\u011fi i\u00e7in 14 g\u00fcnl\u00fck bo\u015fluktan zam fark\u0131 olu\u015fuyor. Ocak ay\u0131na ait kalan 15 g\u00fcnl\u00fck maa\u015f fark\u0131 ise \u015eubat ay\u0131na do\u011fru hesaplara yat\u0131r\u0131lmas\u0131 bekleniyor. Zam fark\u0131 \u00f6deme tarihi \u00c7al\u0131\u015fma ve Sosyal G\u00fcvenlik Bakanl\u0131\u011f\u0131 taraf\u0131ndan a\u00e7\u0131klanaca\u011f\u0131 \u00f6ng\u00f6r\u00fcl\u00fcyor.<\/p>\n<p>En d\u00fc\u015f\u00fck emekli maa\u015f\u0131 12 bin 500 TL&#8217;den 14 bin 469 TL&#8217;ye y\u00fckseltilmi\u015fti. Bu karar\u0131n TBMM&#8217;de yap\u0131lacak olan d\u00fczenleme ile kabul edildikten sonra Resmi Gazete&#8217;de yay\u0131mlanmas\u0131 gerekiyor. Ancak en d\u00fc\u015f\u00fck emekli maa\u015f\u0131na ili\u015fkin d\u00fczenleme hen\u00fcz TBMM&#8217;den ge\u00e7medi. Emekli maa\u015f\u0131n\u0131 en d\u00fc\u015f\u00fck tutar \u00fczerinden alan emeklilere eski tutar olan 12 bin 500 TL \u00f6denmeye devam ediyor. D\u00fczenleme sonras\u0131nda aradaki 1969 TL&#8217;lik fark \u00f6demesinin \u00f6n\u00fcm\u00fczdeki ay i\u00e7inde hesaplara yat\u0131r\u0131lmas\u0131 bekleniyor.<\/p>\n<p>SGK ve Ba\u011f-Kur emeklileri temmuz ay\u0131 i\u00e7in y\u00fczde 3,32, a\u011fustos ay\u0131 i\u00e7in 2,47, eyl\u00fcl ay\u0131 i\u00e7in 2,97, ekim ay\u0131 i\u00e7in 2,88, kas\u0131m ay\u0131 i\u00e7in 2,24 ve aral\u0131k ay\u0131 i\u00e7in y\u00fczde 1,03 enflasyon fark\u0131n\u0131 hak etmi\u015f oldu. B\u00f6ylece emeklilerin maa\u015f zamm\u0131n\u0131 ilgilendiren enflasyon metri\u011fi y\u00fczde 15,75 olarak belirlendi. Buna g\u00f6re; Emekliler y\u00fczde 15,75&#8217;lik zamm\u0131 hak etti.<\/p>\n<p>2025 ocak ay\u0131 emekli maa\u015f\u0131 zamm\u0131n\u0131n belli olmas\u0131yla birlikte, zaml\u0131 maa\u015flar 17 Ocak tarihinden itibaren hesaplara yat\u0131r\u0131lmaya ba\u015fland\u0131. Tahsis numaras\u0131na g\u00f6re 4A-4B-4C emekli maa\u015f\u0131 \u00f6deme g\u00fcnleri; Tahsis numaras\u0131 son rakam\u0131 9 olanlar ay\u0131n 17&#8217;sinde, Tahsis numaras\u0131 son rakam\u0131 7 olanlar ay\u0131n 18&#8217;inde, Tahsis numaras\u0131 son rakam\u0131 5 olanlar ay\u0131n 19&#8217;unda, Tahsis numaras\u0131 son rakam\u0131 3 olanlar ay\u0131n 20&#8217;sinde, Tahsis numaras\u0131 son rakam\u0131 1 olanlar ay\u0131n 21&#8217;sinde, Tahsis numaras\u0131 son rakam\u0131 8 olanlar ay\u0131n 22&#8217;sinde, Tahsis numaras\u0131 son rakam\u0131 6 olanlar ay\u0131n 23&#8217;\u00fcnde, Tahsis numaras\u0131 son rakam\u0131 4 olanlar ay\u0131n 24&#8217;\u00fcnde, Tahsis numaras\u0131 son rakam\u0131 2 olanlar ay\u0131n 25&#8217;inde, Tahsis numaras\u0131 son rakam\u0131 0 olanlar ay\u0131n 26&#8217;s\u0131nda yap\u0131l\u0131yor. Tahsis numaras\u0131 son rakam\u0131 9,7 ve 5 olanlar ay\u0131n 25&#8217;inde, Tahsis numaras\u0131 son rakam\u0131 3, 1 olanlar ay\u0131n 26&#8217;s\u0131nde, Tahsis numaras\u0131 son rakam\u0131 8, 6 ve 4 olanlar ay\u0131n 27&#8217;sinde, Tahsis numaras\u0131 son rakam\u0131 2 ve 0 olanlar her ay\u0131n 28&#8217;inde emekli maa\u015flar\u0131n\u0131 al\u0131rlar.<\/p>\n","protected":false},"excerpt":{"rendered":"<p>Memur ve emekli maa\u015f farklar\u0131 ne zaman yatacak? \u00c7al\u0131\u015fma ve Sosyal G\u00fcvenlik Bakan\u0131 Vedat I\u015f\u0131khan,&hellip;<\/p>\n","protected":false},"author":1,"featured_media":75177,"comment_status":"open","ping_status":"open","sticky":false,"template":"","format":"standard","meta":{"footnotes":""},"categories":[11],"tags":[],"class_list":["post-75176","post","type-post","status-publish","format-standard","has-post-thumbnail","hentry","category-memur"],"yoast_head":"<!-- This site is optimized with the Yoast SEO Premium plugin v24.3 (Yoast SEO v27.4) - https:\/\/yoast.com\/product\/yoast-seo-premium-wordpress\/ -->\n<title>2025 Memur ve Emekli Maa\u015f Farklar\u0131 Ne Zaman Yatacak? - E-&Ccedil;\u0130FTL\u0130K HABER<\/title>\n<meta name=\"description\" content=\"Memur ve emekli maa\u015f farklar\u0131 ne zaman yatacak? \u00c7al\u0131\u015fma ve Sosyal G\u00fcvenlik Bakan\u0131 Vedat I\u015f\u0131khan, emekli Sand\u0131\u011f\u0131 kapsam\u0131nda ayl\u0131k alanlar\u0131n maa\u015f fark\u0131\" \/>\n<meta name=\"robots\" content=\"index, follow, max-snippet:-1, max-image-preview:large, max-video-preview:-1\" \/>\n<link rel=\"canonical\" href=\"https:\/\/e-ciftlik.com\/haberler\/memur\/2025-memur-ve-emekli-maas-farklari-ne-zaman-yatacak\/\" \/>\n<meta property=\"og:locale\" content=\"tr_TR\" \/>\n<meta property=\"og:type\" content=\"article\" \/>\n<meta property=\"og:title\" content=\"2025 Memur ve Emekli Maa\u015f Farklar\u0131 Ne Zaman Yatacak?\" \/>\n<meta property=\"og:description\" content=\"Memur ve emekli maa\u015f farklar\u0131 ne zaman yatacak? \u00c7al\u0131\u015fma ve Sosyal G\u00fcvenlik Bakan\u0131 Vedat I\u015f\u0131khan, emekli Sand\u0131\u011f\u0131 kapsam\u0131nda ayl\u0131k alanlar\u0131n maa\u015f fark\u0131\" \/>\n<meta property=\"og:url\" content=\"https:\/\/e-ciftlik.com\/haberler\/memur\/2025-memur-ve-emekli-maas-farklari-ne-zaman-yatacak\/\" \/>\n<meta property=\"og:site_name\" content=\"E-&Ccedil;\u0130FTL\u0130K HABER\" \/>\n<meta property=\"article:publisher\" content=\"https:\/\/www.facebook.com\/eciftlikturkiye\" \/>\n<meta property=\"article:published_time\" content=\"2025-01-28T08:55:06+00:00\" \/>\n<meta property=\"og:image\" content=\"https:\/\/e-ciftlik.com\/haberler\/wp-content\/uploads\/2025\/01\/MxJXhG9ljUeE26weEtbnSw.jpg\" \/>\n\t<meta property=\"og:image:width\" content=\"1080\" \/>\n\t<meta property=\"og:image:height\" content=\"615\" \/>\n\t<meta property=\"og:image:type\" content=\"image\/jpeg\" \/>\n<meta name=\"author\" content=\"Haber Merkezi\" \/>\n<meta name=\"twitter:card\" content=\"summary_large_image\" \/>\n<meta name=\"twitter:creator\" content=\"@eciftlikresmi\" \/>\n<meta name=\"twitter:site\" content=\"@eciftlikresmi\" \/>\n<meta name=\"twitter:label1\" content=\"Yazan:\" \/>\n\t<meta name=\"twitter:data1\" content=\"Haber Merkezi\" \/>\n\t<meta name=\"twitter:label2\" content=\"Tahmini okuma s\u00fcresi\" \/>\n\t<meta name=\"twitter:data2\" content=\"3 dakika\" \/>\n<script type=\"application\/ld+json\" class=\"yoast-schema-graph\">{\"@context\":\"https:\\\/\\\/schema.org\",\"@graph\":[{\"@type\":\"NewsArticle\",\"@id\":\"https:\\\/\\\/e-ciftlik.com\\\/haberler\\\/memur\\\/2025-memur-ve-emekli-maas-farklari-ne-zaman-yatacak\\\/#article\",\"isPartOf\":{\"@id\":\"https:\\\/\\\/e-ciftlik.com\\\/haberler\\\/memur\\\/2025-memur-ve-emekli-maas-farklari-ne-zaman-yatacak\\\/\"},\"author\":{\"name\":\"Haber Merkezi\",\"@id\":\"https:\\\/\\\/e-ciftlik.com\\\/haberler\\\/#\\\/schema\\\/person\\\/d2f4fee3143d7f72be82cb887d51b00a\"},\"headline\":\"2025 Memur ve Emekli Maa\u015f Farklar\u0131 Ne Zaman Yatacak?\",\"datePublished\":\"2025-01-28T08:55:06+00:00\",\"mainEntityOfPage\":{\"@id\":\"https:\\\/\\\/e-ciftlik.com\\\/haberler\\\/memur\\\/2025-memur-ve-emekli-maas-farklari-ne-zaman-yatacak\\\/\"},\"wordCount\":647,\"commentCount\":0,\"publisher\":{\"@id\":\"https:\\\/\\\/e-ciftlik.com\\\/haberler\\\/#organization\"},\"image\":{\"@id\":\"https:\\\/\\\/e-ciftlik.com\\\/haberler\\\/memur\\\/2025-memur-ve-emekli-maas-farklari-ne-zaman-yatacak\\\/#primaryimage\"},\"thumbnailUrl\":\"https:\\\/\\\/e-ciftlik.com\\\/haberler\\\/wp-content\\\/uploads\\\/2025\\\/01\\\/MxJXhG9ljUeE26weEtbnSw.jpg\",\"articleSection\":[\"Memur\"],\"inLanguage\":\"tr\",\"potentialAction\":[{\"@type\":\"CommentAction\",\"name\":\"Comment\",\"target\":[\"https:\\\/\\\/e-ciftlik.com\\\/haberler\\\/memur\\\/2025-memur-ve-emekli-maas-farklari-ne-zaman-yatacak\\\/#respond\"]}]},{\"@type\":\"WebPage\",\"@id\":\"https:\\\/\\\/e-ciftlik.com\\\/haberler\\\/memur\\\/2025-memur-ve-emekli-maas-farklari-ne-zaman-yatacak\\\/\",\"url\":\"https:\\\/\\\/e-ciftlik.com\\\/haberler\\\/memur\\\/2025-memur-ve-emekli-maas-farklari-ne-zaman-yatacak\\\/\",\"name\":\"2025 Memur ve Emekli Maa\u015f Farklar\u0131 Ne Zaman Yatacak? - E-&Ccedil;\u0130FTL\u0130K HABER\",\"isPartOf\":{\"@id\":\"https:\\\/\\\/e-ciftlik.com\\\/haberler\\\/#website\"},\"primaryImageOfPage\":{\"@id\":\"https:\\\/\\\/e-ciftlik.com\\\/haberler\\\/memur\\\/2025-memur-ve-emekli-maas-farklari-ne-zaman-yatacak\\\/#primaryimage\"},\"image\":{\"@id\":\"https:\\\/\\\/e-ciftlik.com\\\/haberler\\\/memur\\\/2025-memur-ve-emekli-maas-farklari-ne-zaman-yatacak\\\/#primaryimage\"},\"thumbnailUrl\":\"https:\\\/\\\/e-ciftlik.com\\\/haberler\\\/wp-content\\\/uploads\\\/2025\\\/01\\\/MxJXhG9ljUeE26weEtbnSw.jpg\",\"datePublished\":\"2025-01-28T08:55:06+00:00\",\"description\":\"Memur ve emekli maa\u015f farklar\u0131 ne zaman yatacak? \u00c7al\u0131\u015fma ve Sosyal G\u00fcvenlik Bakan\u0131 Vedat I\u015f\u0131khan, emekli Sand\u0131\u011f\u0131 kapsam\u0131nda ayl\u0131k alanlar\u0131n maa\u015f fark\u0131\",\"breadcrumb\":{\"@id\":\"https:\\\/\\\/e-ciftlik.com\\\/haberler\\\/memur\\\/2025-memur-ve-emekli-maas-farklari-ne-zaman-yatacak\\\/#breadcrumb\"},\"inLanguage\":\"tr\",\"potentialAction\":[{\"@type\":\"ReadAction\",\"target\":[\"https:\\\/\\\/e-ciftlik.com\\\/haberler\\\/memur\\\/2025-memur-ve-emekli-maas-farklari-ne-zaman-yatacak\\\/\"]}]},{\"@type\":\"ImageObject\",\"inLanguage\":\"tr\",\"@id\":\"https:\\\/\\\/e-ciftlik.com\\\/haberler\\\/memur\\\/2025-memur-ve-emekli-maas-farklari-ne-zaman-yatacak\\\/#primaryimage\",\"url\":\"https:\\\/\\\/e-ciftlik.com\\\/haberler\\\/wp-content\\\/uploads\\\/2025\\\/01\\\/MxJXhG9ljUeE26weEtbnSw.jpg\",\"contentUrl\":\"https:\\\/\\\/e-ciftlik.com\\\/haberler\\\/wp-content\\\/uploads\\\/2025\\\/01\\\/MxJXhG9ljUeE26weEtbnSw.jpg\",\"width\":1080,\"height\":615},{\"@type\":\"BreadcrumbList\",\"@id\":\"https:\\\/\\\/e-ciftlik.com\\\/haberler\\\/memur\\\/2025-memur-ve-emekli-maas-farklari-ne-zaman-yatacak\\\/#breadcrumb\",\"itemListElement\":[{\"@type\":\"ListItem\",\"position\":1,\"name\":\"Anasayfa\",\"item\":\"https:\\\/\\\/e-ciftlik.com\\\/haberler\\\/\"},{\"@type\":\"ListItem\",\"position\":2,\"name\":\"2025 Memur ve Emekli Maa\u015f Farklar\u0131 Ne Zaman Yatacak?\"}]},{\"@type\":\"WebSite\",\"@id\":\"https:\\\/\\\/e-ciftlik.com\\\/haberler\\\/#website\",\"url\":\"https:\\\/\\\/e-ciftlik.com\\\/haberler\\\/\",\"name\":\"E-\u00c7iftlik Haber | G\u00fcncel, Son Dakika Haberler, En Son Haber\",\"description\":\"\",\"publisher\":{\"@id\":\"https:\\\/\\\/e-ciftlik.com\\\/haberler\\\/#organization\"},\"potentialAction\":[{\"@type\":\"SearchAction\",\"target\":{\"@type\":\"EntryPoint\",\"urlTemplate\":\"https:\\\/\\\/e-ciftlik.com\\\/haberler\\\/?s={search_term_string}\"},\"query-input\":{\"@type\":\"PropertyValueSpecification\",\"valueRequired\":true,\"valueName\":\"search_term_string\"}}],\"inLanguage\":\"tr\"},{\"@type\":\"Organization\",\"@id\":\"https:\\\/\\\/e-ciftlik.com\\\/haberler\\\/#organization\",\"name\":\"E-\u00c7\u0130FTL\u0130K HABER\",\"url\":\"https:\\\/\\\/e-ciftlik.com\\\/haberler\\\/\",\"logo\":{\"@type\":\"ImageObject\",\"inLanguage\":\"tr\",\"@id\":\"https:\\\/\\\/e-ciftlik.com\\\/haberler\\\/#\\\/schema\\\/logo\\\/image\\\/\",\"url\":\"https:\\\/\\\/e-ciftlik.com\\\/haberler\\\/wp-content\\\/uploads\\\/2024\\\/06\\\/cropped-cropped-favicon-1-2.png\",\"contentUrl\":\"https:\\\/\\\/e-ciftlik.com\\\/haberler\\\/wp-content\\\/uploads\\\/2024\\\/06\\\/cropped-cropped-favicon-1-2.png\",\"width\":512,\"height\":512,\"caption\":\"E-\u00c7\u0130FTL\u0130K HABER\"},\"image\":{\"@id\":\"https:\\\/\\\/e-ciftlik.com\\\/haberler\\\/#\\\/schema\\\/logo\\\/image\\\/\"},\"sameAs\":[\"https:\\\/\\\/www.facebook.com\\\/eciftlikturkiye\",\"https:\\\/\\\/x.com\\\/eciftlikresmi\",\"https:\\\/\\\/www.instagram.com\\\/eciftlikresmi\\\/\"]},{\"@type\":\"Person\",\"@id\":\"https:\\\/\\\/e-ciftlik.com\\\/haberler\\\/#\\\/schema\\\/person\\\/d2f4fee3143d7f72be82cb887d51b00a\",\"name\":\"Haber Merkezi\",\"image\":{\"@type\":\"ImageObject\",\"inLanguage\":\"tr\",\"@id\":\"https:\\\/\\\/secure.gravatar.com\\\/avatar\\\/6c27d641914e66c1d0452c92716002398782818991d86db1c2cccb531e7c7c82?s=96&d=mm&r=g\",\"url\":\"https:\\\/\\\/secure.gravatar.com\\\/avatar\\\/6c27d641914e66c1d0452c92716002398782818991d86db1c2cccb531e7c7c82?s=96&d=mm&r=g\",\"contentUrl\":\"https:\\\/\\\/secure.gravatar.com\\\/avatar\\\/6c27d641914e66c1d0452c92716002398782818991d86db1c2cccb531e7c7c82?s=96&d=mm&r=g\",\"caption\":\"Haber Merkezi\"},\"sameAs\":[\"http:\\\/\\\/e-ciftlik.com\\\/haberler\"]}]}<\/script>\n<!-- \/ Yoast SEO Premium plugin. -->","yoast_head_json":{"title":"2025 Memur ve Emekli Maa\u015f Farklar\u0131 Ne Zaman Yatacak? - E-&Ccedil;\u0130FTL\u0130K HABER","description":"Memur ve emekli maa\u015f farklar\u0131 ne zaman yatacak? \u00c7al\u0131\u015fma ve Sosyal G\u00fcvenlik Bakan\u0131 Vedat I\u015f\u0131khan, emekli Sand\u0131\u011f\u0131 kapsam\u0131nda ayl\u0131k alanlar\u0131n maa\u015f fark\u0131","robots":{"index":"index","follow":"follow","max-snippet":"max-snippet:-1","max-image-preview":"max-image-preview:large","max-video-preview":"max-video-preview:-1"},"canonical":"https:\/\/e-ciftlik.com\/haberler\/memur\/2025-memur-ve-emekli-maas-farklari-ne-zaman-yatacak\/","og_locale":"tr_TR","og_type":"article","og_title":"2025 Memur ve Emekli Maa\u015f Farklar\u0131 Ne Zaman Yatacak?","og_description":"Memur ve emekli maa\u015f farklar\u0131 ne zaman yatacak? \u00c7al\u0131\u015fma ve Sosyal G\u00fcvenlik Bakan\u0131 Vedat I\u015f\u0131khan, emekli Sand\u0131\u011f\u0131 kapsam\u0131nda ayl\u0131k alanlar\u0131n maa\u015f fark\u0131","og_url":"https:\/\/e-ciftlik.com\/haberler\/memur\/2025-memur-ve-emekli-maas-farklari-ne-zaman-yatacak\/","og_site_name":"E-&Ccedil;\u0130FTL\u0130K HABER","article_publisher":"https:\/\/www.facebook.com\/eciftlikturkiye","article_published_time":"2025-01-28T08:55:06+00:00","og_image":[{"width":1080,"height":615,"url":"https:\/\/e-ciftlik.com\/haberler\/wp-content\/uploads\/2025\/01\/MxJXhG9ljUeE26weEtbnSw.jpg","type":"image\/jpeg"}],"author":"Haber Merkezi","twitter_card":"summary_large_image","twitter_creator":"@eciftlikresmi","twitter_site":"@eciftlikresmi","twitter_misc":{"Yazan:":"Haber Merkezi","Tahmini okuma s\u00fcresi":"3 dakika"},"schema":{"@context":"https:\/\/schema.org","@graph":[{"@type":"NewsArticle","@id":"https:\/\/e-ciftlik.com\/haberler\/memur\/2025-memur-ve-emekli-maas-farklari-ne-zaman-yatacak\/#article","isPartOf":{"@id":"https:\/\/e-ciftlik.com\/haberler\/memur\/2025-memur-ve-emekli-maas-farklari-ne-zaman-yatacak\/"},"author":{"name":"Haber Merkezi","@id":"https:\/\/e-ciftlik.com\/haberler\/#\/schema\/person\/d2f4fee3143d7f72be82cb887d51b00a"},"headline":"2025 Memur ve Emekli Maa\u015f Farklar\u0131 Ne Zaman Yatacak?","datePublished":"2025-01-28T08:55:06+00:00","mainEntityOfPage":{"@id":"https:\/\/e-ciftlik.com\/haberler\/memur\/2025-memur-ve-emekli-maas-farklari-ne-zaman-yatacak\/"},"wordCount":647,"commentCount":0,"publisher":{"@id":"https:\/\/e-ciftlik.com\/haberler\/#organization"},"image":{"@id":"https:\/\/e-ciftlik.com\/haberler\/memur\/2025-memur-ve-emekli-maas-farklari-ne-zaman-yatacak\/#primaryimage"},"thumbnailUrl":"https:\/\/e-ciftlik.com\/haberler\/wp-content\/uploads\/2025\/01\/MxJXhG9ljUeE26weEtbnSw.jpg","articleSection":["Memur"],"inLanguage":"tr","potentialAction":[{"@type":"CommentAction","name":"Comment","target":["https:\/\/e-ciftlik.com\/haberler\/memur\/2025-memur-ve-emekli-maas-farklari-ne-zaman-yatacak\/#respond"]}]},{"@type":"WebPage","@id":"https:\/\/e-ciftlik.com\/haberler\/memur\/2025-memur-ve-emekli-maas-farklari-ne-zaman-yatacak\/","url":"https:\/\/e-ciftlik.com\/haberler\/memur\/2025-memur-ve-emekli-maas-farklari-ne-zaman-yatacak\/","name":"2025 Memur ve Emekli Maa\u015f Farklar\u0131 Ne Zaman Yatacak? - E-&Ccedil;\u0130FTL\u0130K HABER","isPartOf":{"@id":"https:\/\/e-ciftlik.com\/haberler\/#website"},"primaryImageOfPage":{"@id":"https:\/\/e-ciftlik.com\/haberler\/memur\/2025-memur-ve-emekli-maas-farklari-ne-zaman-yatacak\/#primaryimage"},"image":{"@id":"https:\/\/e-ciftlik.com\/haberler\/memur\/2025-memur-ve-emekli-maas-farklari-ne-zaman-yatacak\/#primaryimage"},"thumbnailUrl":"https:\/\/e-ciftlik.com\/haberler\/wp-content\/uploads\/2025\/01\/MxJXhG9ljUeE26weEtbnSw.jpg","datePublished":"2025-01-28T08:55:06+00:00","description":"Memur ve emekli maa\u015f farklar\u0131 ne zaman yatacak? \u00c7al\u0131\u015fma ve Sosyal G\u00fcvenlik Bakan\u0131 Vedat I\u015f\u0131khan, emekli Sand\u0131\u011f\u0131 kapsam\u0131nda ayl\u0131k alanlar\u0131n maa\u015f fark\u0131","breadcrumb":{"@id":"https:\/\/e-ciftlik.com\/haberler\/memur\/2025-memur-ve-emekli-maas-farklari-ne-zaman-yatacak\/#breadcrumb"},"inLanguage":"tr","potentialAction":[{"@type":"ReadAction","target":["https:\/\/e-ciftlik.com\/haberler\/memur\/2025-memur-ve-emekli-maas-farklari-ne-zaman-yatacak\/"]}]},{"@type":"ImageObject","inLanguage":"tr","@id":"https:\/\/e-ciftlik.com\/haberler\/memur\/2025-memur-ve-emekli-maas-farklari-ne-zaman-yatacak\/#primaryimage","url":"https:\/\/e-ciftlik.com\/haberler\/wp-content\/uploads\/2025\/01\/MxJXhG9ljUeE26weEtbnSw.jpg","contentUrl":"https:\/\/e-ciftlik.com\/haberler\/wp-content\/uploads\/2025\/01\/MxJXhG9ljUeE26weEtbnSw.jpg","width":1080,"height":615},{"@type":"BreadcrumbList","@id":"https:\/\/e-ciftlik.com\/haberler\/memur\/2025-memur-ve-emekli-maas-farklari-ne-zaman-yatacak\/#breadcrumb","itemListElement":[{"@type":"ListItem","position":1,"name":"Anasayfa","item":"https:\/\/e-ciftlik.com\/haberler\/"},{"@type":"ListItem","position":2,"name":"2025 Memur ve Emekli Maa\u015f Farklar\u0131 Ne Zaman Yatacak?"}]},{"@type":"WebSite","@id":"https:\/\/e-ciftlik.com\/haberler\/#website","url":"https:\/\/e-ciftlik.com\/haberler\/","name":"E-\u00c7iftlik Haber | G\u00fcncel, Son Dakika Haberler, En Son Haber","description":"","publisher":{"@id":"https:\/\/e-ciftlik.com\/haberler\/#organization"},"potentialAction":[{"@type":"SearchAction","target":{"@type":"EntryPoint","urlTemplate":"https:\/\/e-ciftlik.com\/haberler\/?s={search_term_string}"},"query-input":{"@type":"PropertyValueSpecification","valueRequired":true,"valueName":"search_term_string"}}],"inLanguage":"tr"},{"@type":"Organization","@id":"https:\/\/e-ciftlik.com\/haberler\/#organization","name":"E-\u00c7\u0130FTL\u0130K HABER","url":"https:\/\/e-ciftlik.com\/haberler\/","logo":{"@type":"ImageObject","inLanguage":"tr","@id":"https:\/\/e-ciftlik.com\/haberler\/#\/schema\/logo\/image\/","url":"https:\/\/e-ciftlik.com\/haberler\/wp-content\/uploads\/2024\/06\/cropped-cropped-favicon-1-2.png","contentUrl":"https:\/\/e-ciftlik.com\/haberler\/wp-content\/uploads\/2024\/06\/cropped-cropped-favicon-1-2.png","width":512,"height":512,"caption":"E-\u00c7\u0130FTL\u0130K HABER"},"image":{"@id":"https:\/\/e-ciftlik.com\/haberler\/#\/schema\/logo\/image\/"},"sameAs":["https:\/\/www.facebook.com\/eciftlikturkiye","https:\/\/x.com\/eciftlikresmi","https:\/\/www.instagram.com\/eciftlikresmi\/"]},{"@type":"Person","@id":"https:\/\/e-ciftlik.com\/haberler\/#\/schema\/person\/d2f4fee3143d7f72be82cb887d51b00a","name":"Haber Merkezi","image":{"@type":"ImageObject","inLanguage":"tr","@id":"https:\/\/secure.gravatar.com\/avatar\/6c27d641914e66c1d0452c92716002398782818991d86db1c2cccb531e7c7c82?s=96&d=mm&r=g","url":"https:\/\/secure.gravatar.com\/avatar\/6c27d641914e66c1d0452c92716002398782818991d86db1c2cccb531e7c7c82?s=96&d=mm&r=g","contentUrl":"https:\/\/secure.gravatar.com\/avatar\/6c27d641914e66c1d0452c92716002398782818991d86db1c2cccb531e7c7c82?s=96&d=mm&r=g","caption":"Haber Merkezi"},"sameAs":["http:\/\/e-ciftlik.com\/haberler"]}]}},"_links":{"self":[{"href":"https:\/\/e-ciftlik.com\/haberler\/wp-json\/wp\/v2\/posts\/75176","targetHints":{"allow":["GET"]}}],"collection":[{"href":"https:\/\/e-ciftlik.com\/haberler\/wp-json\/wp\/v2\/posts"}],"about":[{"href":"https:\/\/e-ciftlik.com\/haberler\/wp-json\/wp\/v2\/types\/post"}],"author":[{"embeddable":true,"href":"https:\/\/e-ciftlik.com\/haberler\/wp-json\/wp\/v2\/users\/1"}],"replies":[{"embeddable":true,"href":"https:\/\/e-ciftlik.com\/haberler\/wp-json\/wp\/v2\/comments?post=75176"}],"version-history":[{"count":0,"href":"https:\/\/e-ciftlik.com\/haberler\/wp-json\/wp\/v2\/posts\/75176\/revisions"}],"wp:featuredmedia":[{"embeddable":true,"href":"https:\/\/e-ciftlik.com\/haberler\/wp-json\/wp\/v2\/media\/75177"}],"wp:attachment":[{"href":"https:\/\/e-ciftlik.com\/haberler\/wp-json\/wp\/v2\/media?parent=75176"}],"wp:term":[{"taxonomy":"category","embeddable":true,"href":"https:\/\/e-ciftlik.com\/haberler\/wp-json\/wp\/v2\/categories?post=75176"},{"taxonomy":"post_tag","embeddable":true,"href":"https:\/\/e-ciftlik.com\/haberler\/wp-json\/wp\/v2\/tags?post=75176"}],"curies":[{"name":"wp","href":"https:\/\/api.w.org\/{rel}","templated":true}]}}