{"id":75186,"date":"2025-01-28T09:14:11","date_gmt":"2025-01-28T09:14:11","guid":{"rendered":"http:\/\/e-ciftlik.com\/haberler\/gundem\/78-vatandasimizin-hesabini-kim-verecek\/"},"modified":"2025-01-28T09:14:11","modified_gmt":"2025-01-28T09:14:11","slug":"78-vatandasimizin-hesabini-kim-verecek","status":"publish","type":"post","link":"https:\/\/e-ciftlik.com\/haberler\/gundem\/78-vatandasimizin-hesabini-kim-verecek\/","title":{"rendered":"78 Vatanda\u015f\u0131m\u0131z\u0131n Hesab\u0131n\u0131 Kim Verecek?"},"content":{"rendered":"<p>Bolu&#8217;da meydana gelen otel yang\u0131n\u0131nda 78 ki\u015fi hayat\u0131n\u0131 kaybetti. Grand Kartal Oteli yang\u0131n\u0131nda 8 aile yok oldu. Yang\u0131nda 36 \u00e7ocuk hayat\u0131n\u0131 kaybetti. Bu ac\u0131 olay\u0131n sorumlular\u0131 hakk\u0131nda kim hesap verecek? \u0130simleri belirtilen \u00e7ocuklar, evlerinde olmalar\u0131 gereken yerde de\u011fil, topra\u011f\u0131n alt\u0131nda. Bu felaket kar\u015f\u0131s\u0131nda kimse sessiz kalamaz.<\/p>\n<p>Ya\u015fanan trajedinin siyasi polemiklere d\u00f6n\u00fc\u015fmesini do\u011fru bulmayan Cumhurba\u015fkan\u0131, sorumlular\u0131n yarg\u0131lanmas\u0131 i\u00e7in \u00e7al\u0131\u015facaklar\u0131n\u0131 belirtti. Ancak, sorumlular\u0131n kimler oldu\u011fu net bir \u015fekilde ortaya konmal\u0131d\u0131r. Kutupla\u015fma ve su\u00e7u bir ba\u015fkas\u0131na atma \u00e7abalar\u0131 do\u011fru de\u011fildir.<\/p>\n<p>Tart\u0131\u015fmalar yerine adaletin sa\u011flanmas\u0131 gerekmektedir. Devlet Denetleme Kurulu&#8217;nun devreye girmesi ve olay\u0131n t\u00fcm detaylar\u0131n\u0131n incelenmesi gerekmektedir. Otel sahibinden valili\u011fe kadar herkes, sorumluluklar\u0131n\u0131 yerine getirmelidir. Su\u00e7u ba\u015fkalar\u0131na y\u0131kmak kabul edilemez.<\/p>\n<p>Otel y\u00f6netiminin eksikliklerinin raporland\u0131\u011f\u0131 tarihler ve yap\u0131lan ba\u015fvurular detayl\u0131 bir \u015fekilde incelenmeli ve sorumlular belirlenmelidir. Yang\u0131n alarm\u0131, acil durum uyar\u0131 sistemleri ve di\u011fer g\u00fcvenlik \u00f6nlemlerinin yetersizli\u011fi mutlaka ara\u015ft\u0131r\u0131lmal\u0131d\u0131r. Bu ac\u0131 olay\u0131n tekrar ya\u015fanmamas\u0131 i\u00e7in gerekli ad\u0131mlar at\u0131lmal\u0131d\u0131r.<\/p>\n","protected":false},"excerpt":{"rendered":"<p>Bolu&#8217;da meydana gelen otel yang\u0131n\u0131nda 78 ki\u015fi hayat\u0131n\u0131 kaybetti. Grand Kartal Oteli yang\u0131n\u0131nda 8 aile&hellip;<\/p>\n","protected":false},"author":1,"featured_media":75187,"comment_status":"open","ping_status":"open","sticky":false,"template":"","format":"standard","meta":{"footnotes":""},"categories":[10],"tags":[],"class_list":["post-75186","post","type-post","status-publish","format-standard","has-post-thumbnail","hentry","category-gundem"],"yoast_head":"<!-- This site is optimized with the Yoast SEO Premium plugin v24.3 (Yoast SEO v27.4) - https:\/\/yoast.com\/product\/yoast-seo-premium-wordpress\/ -->\n<title>78 Vatanda\u015f\u0131m\u0131z\u0131n Hesab\u0131n\u0131 Kim Verecek? - E-&Ccedil;\u0130FTL\u0130K HABER<\/title>\n<meta name=\"description\" content=\"Bolu&#039;da meydana gelen otel yang\u0131n\u0131nda 78 ki\u015fi hayat\u0131n\u0131 kaybetti. Grand Kartal Oteli yang\u0131n\u0131nda 8 aile yok oldu. Yang\u0131nda 36 \u00e7ocuk hayat\u0131n\u0131 kaybetti. Bu\" \/>\n<meta name=\"robots\" content=\"index, follow, max-snippet:-1, max-image-preview:large, max-video-preview:-1\" \/>\n<link rel=\"canonical\" href=\"https:\/\/e-ciftlik.com\/haberler\/gundem\/78-vatandasimizin-hesabini-kim-verecek\/\" \/>\n<meta property=\"og:locale\" content=\"tr_TR\" \/>\n<meta property=\"og:type\" content=\"article\" \/>\n<meta property=\"og:title\" content=\"78 Vatanda\u015f\u0131m\u0131z\u0131n Hesab\u0131n\u0131 Kim Verecek?\" \/>\n<meta property=\"og:description\" content=\"Bolu&#039;da meydana gelen otel yang\u0131n\u0131nda 78 ki\u015fi hayat\u0131n\u0131 kaybetti. Grand Kartal Oteli yang\u0131n\u0131nda 8 aile yok oldu. Yang\u0131nda 36 \u00e7ocuk hayat\u0131n\u0131 kaybetti. Bu\" \/>\n<meta property=\"og:url\" content=\"https:\/\/e-ciftlik.com\/haberler\/gundem\/78-vatandasimizin-hesabini-kim-verecek\/\" \/>\n<meta property=\"og:site_name\" content=\"E-&Ccedil;\u0130FTL\u0130K HABER\" \/>\n<meta property=\"article:publisher\" content=\"https:\/\/www.facebook.com\/eciftlikturkiye\" \/>\n<meta property=\"article:published_time\" content=\"2025-01-28T09:14:11+00:00\" \/>\n<meta property=\"og:image\" content=\"https:\/\/e-ciftlik.com\/haberler\/wp-content\/uploads\/2025\/01\/devlet-bahceliden-imraliya-mesaj-beklenen-cagri-bir-an-once-yapilsin-1738053281263.jpg\" \/>\n\t<meta property=\"og:image:width\" content=\"1200\" \/>\n\t<meta property=\"og:image:height\" content=\"675\" \/>\n\t<meta property=\"og:image:type\" content=\"image\/jpeg\" \/>\n<meta name=\"author\" content=\"Haber Merkezi\" \/>\n<meta name=\"twitter:card\" content=\"summary_large_image\" \/>\n<meta name=\"twitter:creator\" content=\"@eciftlikresmi\" \/>\n<meta name=\"twitter:site\" content=\"@eciftlikresmi\" \/>\n<meta name=\"twitter:label1\" content=\"Yazan:\" \/>\n\t<meta name=\"twitter:data1\" content=\"Haber Merkezi\" \/>\n\t<meta name=\"twitter:label2\" content=\"Tahmini okuma s\u00fcresi\" \/>\n\t<meta name=\"twitter:data2\" content=\"1 dakika\" \/>\n<script type=\"application\/ld+json\" class=\"yoast-schema-graph\">{\"@context\":\"https:\\\/\\\/schema.org\",\"@graph\":[{\"@type\":\"NewsArticle\",\"@id\":\"https:\\\/\\\/e-ciftlik.com\\\/haberler\\\/gundem\\\/78-vatandasimizin-hesabini-kim-verecek\\\/#article\",\"isPartOf\":{\"@id\":\"https:\\\/\\\/e-ciftlik.com\\\/haberler\\\/gundem\\\/78-vatandasimizin-hesabini-kim-verecek\\\/\"},\"author\":{\"name\":\"Haber Merkezi\",\"@id\":\"https:\\\/\\\/e-ciftlik.com\\\/haberler\\\/#\\\/schema\\\/person\\\/d2f4fee3143d7f72be82cb887d51b00a\"},\"headline\":\"78 Vatanda\u015f\u0131m\u0131z\u0131n Hesab\u0131n\u0131 Kim Verecek?\",\"datePublished\":\"2025-01-28T09:14:11+00:00\",\"mainEntityOfPage\":{\"@id\":\"https:\\\/\\\/e-ciftlik.com\\\/haberler\\\/gundem\\\/78-vatandasimizin-hesabini-kim-verecek\\\/\"},\"wordCount\":216,\"commentCount\":0,\"publisher\":{\"@id\":\"https:\\\/\\\/e-ciftlik.com\\\/haberler\\\/#organization\"},\"image\":{\"@id\":\"https:\\\/\\\/e-ciftlik.com\\\/haberler\\\/gundem\\\/78-vatandasimizin-hesabini-kim-verecek\\\/#primaryimage\"},\"thumbnailUrl\":\"https:\\\/\\\/e-ciftlik.com\\\/haberler\\\/wp-content\\\/uploads\\\/2025\\\/01\\\/devlet-bahceliden-imraliya-mesaj-beklenen-cagri-bir-an-once-yapilsin-1738053281263.jpg\",\"articleSection\":[\"G\u00fcndem\"],\"inLanguage\":\"tr\",\"potentialAction\":[{\"@type\":\"CommentAction\",\"name\":\"Comment\",\"target\":[\"https:\\\/\\\/e-ciftlik.com\\\/haberler\\\/gundem\\\/78-vatandasimizin-hesabini-kim-verecek\\\/#respond\"]}]},{\"@type\":\"WebPage\",\"@id\":\"https:\\\/\\\/e-ciftlik.com\\\/haberler\\\/gundem\\\/78-vatandasimizin-hesabini-kim-verecek\\\/\",\"url\":\"https:\\\/\\\/e-ciftlik.com\\\/haberler\\\/gundem\\\/78-vatandasimizin-hesabini-kim-verecek\\\/\",\"name\":\"78 Vatanda\u015f\u0131m\u0131z\u0131n Hesab\u0131n\u0131 Kim Verecek? - E-&Ccedil;\u0130FTL\u0130K HABER\",\"isPartOf\":{\"@id\":\"https:\\\/\\\/e-ciftlik.com\\\/haberler\\\/#website\"},\"primaryImageOfPage\":{\"@id\":\"https:\\\/\\\/e-ciftlik.com\\\/haberler\\\/gundem\\\/78-vatandasimizin-hesabini-kim-verecek\\\/#primaryimage\"},\"image\":{\"@id\":\"https:\\\/\\\/e-ciftlik.com\\\/haberler\\\/gundem\\\/78-vatandasimizin-hesabini-kim-verecek\\\/#primaryimage\"},\"thumbnailUrl\":\"https:\\\/\\\/e-ciftlik.com\\\/haberler\\\/wp-content\\\/uploads\\\/2025\\\/01\\\/devlet-bahceliden-imraliya-mesaj-beklenen-cagri-bir-an-once-yapilsin-1738053281263.jpg\",\"datePublished\":\"2025-01-28T09:14:11+00:00\",\"description\":\"Bolu'da meydana gelen otel yang\u0131n\u0131nda 78 ki\u015fi hayat\u0131n\u0131 kaybetti. Grand Kartal Oteli yang\u0131n\u0131nda 8 aile yok oldu. Yang\u0131nda 36 \u00e7ocuk hayat\u0131n\u0131 kaybetti. Bu\",\"breadcrumb\":{\"@id\":\"https:\\\/\\\/e-ciftlik.com\\\/haberler\\\/gundem\\\/78-vatandasimizin-hesabini-kim-verecek\\\/#breadcrumb\"},\"inLanguage\":\"tr\",\"potentialAction\":[{\"@type\":\"ReadAction\",\"target\":[\"https:\\\/\\\/e-ciftlik.com\\\/haberler\\\/gundem\\\/78-vatandasimizin-hesabini-kim-verecek\\\/\"]}]},{\"@type\":\"ImageObject\",\"inLanguage\":\"tr\",\"@id\":\"https:\\\/\\\/e-ciftlik.com\\\/haberler\\\/gundem\\\/78-vatandasimizin-hesabini-kim-verecek\\\/#primaryimage\",\"url\":\"https:\\\/\\\/e-ciftlik.com\\\/haberler\\\/wp-content\\\/uploads\\\/2025\\\/01\\\/devlet-bahceliden-imraliya-mesaj-beklenen-cagri-bir-an-once-yapilsin-1738053281263.jpg\",\"contentUrl\":\"https:\\\/\\\/e-ciftlik.com\\\/haberler\\\/wp-content\\\/uploads\\\/2025\\\/01\\\/devlet-bahceliden-imraliya-mesaj-beklenen-cagri-bir-an-once-yapilsin-1738053281263.jpg\",\"width\":1200,\"height\":675},{\"@type\":\"BreadcrumbList\",\"@id\":\"https:\\\/\\\/e-ciftlik.com\\\/haberler\\\/gundem\\\/78-vatandasimizin-hesabini-kim-verecek\\\/#breadcrumb\",\"itemListElement\":[{\"@type\":\"ListItem\",\"position\":1,\"name\":\"Anasayfa\",\"item\":\"https:\\\/\\\/e-ciftlik.com\\\/haberler\\\/\"},{\"@type\":\"ListItem\",\"position\":2,\"name\":\"78 Vatanda\u015f\u0131m\u0131z\u0131n Hesab\u0131n\u0131 Kim Verecek?\"}]},{\"@type\":\"WebSite\",\"@id\":\"https:\\\/\\\/e-ciftlik.com\\\/haberler\\\/#website\",\"url\":\"https:\\\/\\\/e-ciftlik.com\\\/haberler\\\/\",\"name\":\"E-\u00c7iftlik Haber | G\u00fcncel, Son Dakika Haberler, En Son Haber\",\"description\":\"\",\"publisher\":{\"@id\":\"https:\\\/\\\/e-ciftlik.com\\\/haberler\\\/#organization\"},\"potentialAction\":[{\"@type\":\"SearchAction\",\"target\":{\"@type\":\"EntryPoint\",\"urlTemplate\":\"https:\\\/\\\/e-ciftlik.com\\\/haberler\\\/?s={search_term_string}\"},\"query-input\":{\"@type\":\"PropertyValueSpecification\",\"valueRequired\":true,\"valueName\":\"search_term_string\"}}],\"inLanguage\":\"tr\"},{\"@type\":\"Organization\",\"@id\":\"https:\\\/\\\/e-ciftlik.com\\\/haberler\\\/#organization\",\"name\":\"E-\u00c7\u0130FTL\u0130K HABER\",\"url\":\"https:\\\/\\\/e-ciftlik.com\\\/haberler\\\/\",\"logo\":{\"@type\":\"ImageObject\",\"inLanguage\":\"tr\",\"@id\":\"https:\\\/\\\/e-ciftlik.com\\\/haberler\\\/#\\\/schema\\\/logo\\\/image\\\/\",\"url\":\"https:\\\/\\\/e-ciftlik.com\\\/haberler\\\/wp-content\\\/uploads\\\/2024\\\/06\\\/cropped-cropped-favicon-1-2.png\",\"contentUrl\":\"https:\\\/\\\/e-ciftlik.com\\\/haberler\\\/wp-content\\\/uploads\\\/2024\\\/06\\\/cropped-cropped-favicon-1-2.png\",\"width\":512,\"height\":512,\"caption\":\"E-\u00c7\u0130FTL\u0130K HABER\"},\"image\":{\"@id\":\"https:\\\/\\\/e-ciftlik.com\\\/haberler\\\/#\\\/schema\\\/logo\\\/image\\\/\"},\"sameAs\":[\"https:\\\/\\\/www.facebook.com\\\/eciftlikturkiye\",\"https:\\\/\\\/x.com\\\/eciftlikresmi\",\"https:\\\/\\\/www.instagram.com\\\/eciftlikresmi\\\/\"]},{\"@type\":\"Person\",\"@id\":\"https:\\\/\\\/e-ciftlik.com\\\/haberler\\\/#\\\/schema\\\/person\\\/d2f4fee3143d7f72be82cb887d51b00a\",\"name\":\"Haber Merkezi\",\"image\":{\"@type\":\"ImageObject\",\"inLanguage\":\"tr\",\"@id\":\"https:\\\/\\\/secure.gravatar.com\\\/avatar\\\/6c27d641914e66c1d0452c92716002398782818991d86db1c2cccb531e7c7c82?s=96&d=mm&r=g\",\"url\":\"https:\\\/\\\/secure.gravatar.com\\\/avatar\\\/6c27d641914e66c1d0452c92716002398782818991d86db1c2cccb531e7c7c82?s=96&d=mm&r=g\",\"contentUrl\":\"https:\\\/\\\/secure.gravatar.com\\\/avatar\\\/6c27d641914e66c1d0452c92716002398782818991d86db1c2cccb531e7c7c82?s=96&d=mm&r=g\",\"caption\":\"Haber Merkezi\"},\"sameAs\":[\"http:\\\/\\\/e-ciftlik.com\\\/haberler\"]}]}<\/script>\n<!-- \/ Yoast SEO Premium plugin. -->","yoast_head_json":{"title":"78 Vatanda\u015f\u0131m\u0131z\u0131n Hesab\u0131n\u0131 Kim Verecek? - E-&Ccedil;\u0130FTL\u0130K HABER","description":"Bolu'da meydana gelen otel yang\u0131n\u0131nda 78 ki\u015fi hayat\u0131n\u0131 kaybetti. Grand Kartal Oteli yang\u0131n\u0131nda 8 aile yok oldu. Yang\u0131nda 36 \u00e7ocuk hayat\u0131n\u0131 kaybetti. Bu","robots":{"index":"index","follow":"follow","max-snippet":"max-snippet:-1","max-image-preview":"max-image-preview:large","max-video-preview":"max-video-preview:-1"},"canonical":"https:\/\/e-ciftlik.com\/haberler\/gundem\/78-vatandasimizin-hesabini-kim-verecek\/","og_locale":"tr_TR","og_type":"article","og_title":"78 Vatanda\u015f\u0131m\u0131z\u0131n Hesab\u0131n\u0131 Kim Verecek?","og_description":"Bolu'da meydana gelen otel yang\u0131n\u0131nda 78 ki\u015fi hayat\u0131n\u0131 kaybetti. Grand Kartal Oteli yang\u0131n\u0131nda 8 aile yok oldu. Yang\u0131nda 36 \u00e7ocuk hayat\u0131n\u0131 kaybetti. Bu","og_url":"https:\/\/e-ciftlik.com\/haberler\/gundem\/78-vatandasimizin-hesabini-kim-verecek\/","og_site_name":"E-&Ccedil;\u0130FTL\u0130K HABER","article_publisher":"https:\/\/www.facebook.com\/eciftlikturkiye","article_published_time":"2025-01-28T09:14:11+00:00","og_image":[{"width":1200,"height":675,"url":"https:\/\/e-ciftlik.com\/haberler\/wp-content\/uploads\/2025\/01\/devlet-bahceliden-imraliya-mesaj-beklenen-cagri-bir-an-once-yapilsin-1738053281263.jpg","type":"image\/jpeg"}],"author":"Haber Merkezi","twitter_card":"summary_large_image","twitter_creator":"@eciftlikresmi","twitter_site":"@eciftlikresmi","twitter_misc":{"Yazan:":"Haber Merkezi","Tahmini okuma s\u00fcresi":"1 dakika"},"schema":{"@context":"https:\/\/schema.org","@graph":[{"@type":"NewsArticle","@id":"https:\/\/e-ciftlik.com\/haberler\/gundem\/78-vatandasimizin-hesabini-kim-verecek\/#article","isPartOf":{"@id":"https:\/\/e-ciftlik.com\/haberler\/gundem\/78-vatandasimizin-hesabini-kim-verecek\/"},"author":{"name":"Haber Merkezi","@id":"https:\/\/e-ciftlik.com\/haberler\/#\/schema\/person\/d2f4fee3143d7f72be82cb887d51b00a"},"headline":"78 Vatanda\u015f\u0131m\u0131z\u0131n Hesab\u0131n\u0131 Kim Verecek?","datePublished":"2025-01-28T09:14:11+00:00","mainEntityOfPage":{"@id":"https:\/\/e-ciftlik.com\/haberler\/gundem\/78-vatandasimizin-hesabini-kim-verecek\/"},"wordCount":216,"commentCount":0,"publisher":{"@id":"https:\/\/e-ciftlik.com\/haberler\/#organization"},"image":{"@id":"https:\/\/e-ciftlik.com\/haberler\/gundem\/78-vatandasimizin-hesabini-kim-verecek\/#primaryimage"},"thumbnailUrl":"https:\/\/e-ciftlik.com\/haberler\/wp-content\/uploads\/2025\/01\/devlet-bahceliden-imraliya-mesaj-beklenen-cagri-bir-an-once-yapilsin-1738053281263.jpg","articleSection":["G\u00fcndem"],"inLanguage":"tr","potentialAction":[{"@type":"CommentAction","name":"Comment","target":["https:\/\/e-ciftlik.com\/haberler\/gundem\/78-vatandasimizin-hesabini-kim-verecek\/#respond"]}]},{"@type":"WebPage","@id":"https:\/\/e-ciftlik.com\/haberler\/gundem\/78-vatandasimizin-hesabini-kim-verecek\/","url":"https:\/\/e-ciftlik.com\/haberler\/gundem\/78-vatandasimizin-hesabini-kim-verecek\/","name":"78 Vatanda\u015f\u0131m\u0131z\u0131n Hesab\u0131n\u0131 Kim Verecek? - E-&Ccedil;\u0130FTL\u0130K HABER","isPartOf":{"@id":"https:\/\/e-ciftlik.com\/haberler\/#website"},"primaryImageOfPage":{"@id":"https:\/\/e-ciftlik.com\/haberler\/gundem\/78-vatandasimizin-hesabini-kim-verecek\/#primaryimage"},"image":{"@id":"https:\/\/e-ciftlik.com\/haberler\/gundem\/78-vatandasimizin-hesabini-kim-verecek\/#primaryimage"},"thumbnailUrl":"https:\/\/e-ciftlik.com\/haberler\/wp-content\/uploads\/2025\/01\/devlet-bahceliden-imraliya-mesaj-beklenen-cagri-bir-an-once-yapilsin-1738053281263.jpg","datePublished":"2025-01-28T09:14:11+00:00","description":"Bolu'da meydana gelen otel yang\u0131n\u0131nda 78 ki\u015fi hayat\u0131n\u0131 kaybetti. Grand Kartal Oteli yang\u0131n\u0131nda 8 aile yok oldu. Yang\u0131nda 36 \u00e7ocuk hayat\u0131n\u0131 kaybetti. Bu","breadcrumb":{"@id":"https:\/\/e-ciftlik.com\/haberler\/gundem\/78-vatandasimizin-hesabini-kim-verecek\/#breadcrumb"},"inLanguage":"tr","potentialAction":[{"@type":"ReadAction","target":["https:\/\/e-ciftlik.com\/haberler\/gundem\/78-vatandasimizin-hesabini-kim-verecek\/"]}]},{"@type":"ImageObject","inLanguage":"tr","@id":"https:\/\/e-ciftlik.com\/haberler\/gundem\/78-vatandasimizin-hesabini-kim-verecek\/#primaryimage","url":"https:\/\/e-ciftlik.com\/haberler\/wp-content\/uploads\/2025\/01\/devlet-bahceliden-imraliya-mesaj-beklenen-cagri-bir-an-once-yapilsin-1738053281263.jpg","contentUrl":"https:\/\/e-ciftlik.com\/haberler\/wp-content\/uploads\/2025\/01\/devlet-bahceliden-imraliya-mesaj-beklenen-cagri-bir-an-once-yapilsin-1738053281263.jpg","width":1200,"height":675},{"@type":"BreadcrumbList","@id":"https:\/\/e-ciftlik.com\/haberler\/gundem\/78-vatandasimizin-hesabini-kim-verecek\/#breadcrumb","itemListElement":[{"@type":"ListItem","position":1,"name":"Anasayfa","item":"https:\/\/e-ciftlik.com\/haberler\/"},{"@type":"ListItem","position":2,"name":"78 Vatanda\u015f\u0131m\u0131z\u0131n Hesab\u0131n\u0131 Kim Verecek?"}]},{"@type":"WebSite","@id":"https:\/\/e-ciftlik.com\/haberler\/#website","url":"https:\/\/e-ciftlik.com\/haberler\/","name":"E-\u00c7iftlik Haber | G\u00fcncel, Son Dakika Haberler, En Son Haber","description":"","publisher":{"@id":"https:\/\/e-ciftlik.com\/haberler\/#organization"},"potentialAction":[{"@type":"SearchAction","target":{"@type":"EntryPoint","urlTemplate":"https:\/\/e-ciftlik.com\/haberler\/?s={search_term_string}"},"query-input":{"@type":"PropertyValueSpecification","valueRequired":true,"valueName":"search_term_string"}}],"inLanguage":"tr"},{"@type":"Organization","@id":"https:\/\/e-ciftlik.com\/haberler\/#organization","name":"E-\u00c7\u0130FTL\u0130K HABER","url":"https:\/\/e-ciftlik.com\/haberler\/","logo":{"@type":"ImageObject","inLanguage":"tr","@id":"https:\/\/e-ciftlik.com\/haberler\/#\/schema\/logo\/image\/","url":"https:\/\/e-ciftlik.com\/haberler\/wp-content\/uploads\/2024\/06\/cropped-cropped-favicon-1-2.png","contentUrl":"https:\/\/e-ciftlik.com\/haberler\/wp-content\/uploads\/2024\/06\/cropped-cropped-favicon-1-2.png","width":512,"height":512,"caption":"E-\u00c7\u0130FTL\u0130K HABER"},"image":{"@id":"https:\/\/e-ciftlik.com\/haberler\/#\/schema\/logo\/image\/"},"sameAs":["https:\/\/www.facebook.com\/eciftlikturkiye","https:\/\/x.com\/eciftlikresmi","https:\/\/www.instagram.com\/eciftlikresmi\/"]},{"@type":"Person","@id":"https:\/\/e-ciftlik.com\/haberler\/#\/schema\/person\/d2f4fee3143d7f72be82cb887d51b00a","name":"Haber Merkezi","image":{"@type":"ImageObject","inLanguage":"tr","@id":"https:\/\/secure.gravatar.com\/avatar\/6c27d641914e66c1d0452c92716002398782818991d86db1c2cccb531e7c7c82?s=96&d=mm&r=g","url":"https:\/\/secure.gravatar.com\/avatar\/6c27d641914e66c1d0452c92716002398782818991d86db1c2cccb531e7c7c82?s=96&d=mm&r=g","contentUrl":"https:\/\/secure.gravatar.com\/avatar\/6c27d641914e66c1d0452c92716002398782818991d86db1c2cccb531e7c7c82?s=96&d=mm&r=g","caption":"Haber Merkezi"},"sameAs":["http:\/\/e-ciftlik.com\/haberler"]}]}},"_links":{"self":[{"href":"https:\/\/e-ciftlik.com\/haberler\/wp-json\/wp\/v2\/posts\/75186","targetHints":{"allow":["GET"]}}],"collection":[{"href":"https:\/\/e-ciftlik.com\/haberler\/wp-json\/wp\/v2\/posts"}],"about":[{"href":"https:\/\/e-ciftlik.com\/haberler\/wp-json\/wp\/v2\/types\/post"}],"author":[{"embeddable":true,"href":"https:\/\/e-ciftlik.com\/haberler\/wp-json\/wp\/v2\/users\/1"}],"replies":[{"embeddable":true,"href":"https:\/\/e-ciftlik.com\/haberler\/wp-json\/wp\/v2\/comments?post=75186"}],"version-history":[{"count":0,"href":"https:\/\/e-ciftlik.com\/haberler\/wp-json\/wp\/v2\/posts\/75186\/revisions"}],"wp:featuredmedia":[{"embeddable":true,"href":"https:\/\/e-ciftlik.com\/haberler\/wp-json\/wp\/v2\/media\/75187"}],"wp:attachment":[{"href":"https:\/\/e-ciftlik.com\/haberler\/wp-json\/wp\/v2\/media?parent=75186"}],"wp:term":[{"taxonomy":"category","embeddable":true,"href":"https:\/\/e-ciftlik.com\/haberler\/wp-json\/wp\/v2\/categories?post=75186"},{"taxonomy":"post_tag","embeddable":true,"href":"https:\/\/e-ciftlik.com\/haberler\/wp-json\/wp\/v2\/tags?post=75186"}],"curies":[{"name":"wp","href":"https:\/\/api.w.org\/{rel}","templated":true}]}}