{"id":75188,"date":"2025-01-28T09:16:56","date_gmt":"2025-01-28T09:16:56","guid":{"rendered":"http:\/\/e-ciftlik.com\/haberler\/spor\/hoffenheim-eintracht-frankfurt-maci-ne-zaman-saat-kacta-son-dakika-skandal-goruntuler-ortaya-cikti-son-dakika-olay-yeri-incelemesi-basladi\/"},"modified":"2025-01-28T09:16:56","modified_gmt":"2025-01-28T09:16:56","slug":"hoffenheim-eintracht-frankfurt-maci-ne-zaman-saat-kacta-son-dakika-skandal-goruntuler-ortaya-cikti-son-dakika-olay-yeri-incelemesi-basladi","status":"publish","type":"post","link":"https:\/\/e-ciftlik.com\/haberler\/spor\/hoffenheim-eintracht-frankfurt-maci-ne-zaman-saat-kacta-son-dakika-skandal-goruntuler-ortaya-cikti-son-dakika-olay-yeri-incelemesi-basladi\/","title":{"rendered":"&#8220;Hoffenheim &#8211; Eintracht Frankfurt Ma\u00e7\u0131 Ne Zaman, Saat Ka\u00e7ta?&#8221; &#8220;Son dakika: Skandal g\u00f6r\u00fcnt\u00fcler ortaya \u00e7\u0131kt\u0131!&#8221; &#8220;Son Dakika: Olay Yeri \u0130ncelemesi Ba\u015flad\u0131!&#8221;"},"content":{"rendered":"<p>  script, fjs=d.getElementsByTagName(s)[0], p=\/^http:\/.test(d.location)?&#8217;http&#8217;:&#8217;https&#8217;;if(!d.getElementById(id))var js=d.createElement(s);js.id=id;js.src=p+&#8221;:\/\/platform.twitter.com\/widgets.js&#8221;;fjs.parentNode.insertBefore(js,fjs);(document,&#8221;script&#8221;,&#8221;twitter-wjs&#8221;));<\/script> <script>(function(d,s,id){var js, fjs=d.getElementsByTagName(s)[0], p=\/^http:\/.test(d.location)?'http':'https';if(!d.getElementById(id)){js=d.createElement(s);js.id=id;js.src=p+\":\/\/platform.twitter.com\/widgets.js\";fjs.parentNode.insertBefore(js,fjs);}}(document,\"script\",\"twitter-wjs\"));<\/script> <script>(function(d,s,id){var js, fjs=d.getElementsByTagName(s)[0], p=\/^http:\/.test(d.location)?'http':'https';if(!d.getElementById(id)){js=d.createElement(s);js.id=id;js.src=p+\":\/\/platform.twitter.com\/widgets.js\";fjs.parentNode.insertBefore(js,fjs);}}(document,\"script\",\"twitter-wjs\"));<\/script> <\/div>\n<div class=\"col-12\">\n<p>Almanya Bundesliga&#8217;da heyecan devam ediyor. Hoffenheim sahas\u0131nda Eintracht Frankfurt&#8217;u konuk edecek. M\u00fccadele \u00f6ncesinde merak edilen konular aras\u0131nda ma\u00e7\u0131n yay\u0131n saati, kanal\u0131 ve muhtemel 11&#8217;leri de yer al\u0131yor. Peki; Hoffenheim &#8211; Eintracht Frankfurt ma\u00e7\u0131 ne zaman, saat ka\u00e7ta? Hangi kanalda canl\u0131 yay\u0131nlanacak?<\/p>\n<p>Hoffenheim &#8211; Eintracht Frankfurt<\/span> ma\u00e7\u0131 26 Ocak Pazar g\u00fcn\u00fc saat 17.30&#8217;da beIN Sports MAX 2 ve Tivibu Spor 1 ekranlar\u0131ndan yay\u0131nlanacak.<\/p>\n<p><a href=\"https:\/\/www.youtube.com\/watch?v=me0ItDarxYc\" rel=\"nofollow\" target=\"_blank\">EVDE YAPAB\u0130LECE\u011e\u0130N\u0130Z SPOR HAREKETLER\u0130 \ud83e\udd38\ud83c\udffbVE F\u0130T TAR\u0130FLER \u0130\u00c7\u0130N \ud83d\udc49\ud83c\udffcTIKLAYIN&#8230;<\/a><\/p>\n<div class=\"row\">\n<div class=\"liveVideo\" data-close-button=\"true\"> <span class=\"title\"> <span>ASpor<\/span> CANLI YAYIN<\/span> <\/p>\n<p><iframe allowfullscreen=\"\" class=\"mobile-iframe\" iframeborder=\"0\" scrolling=\"no\" src=\"https:\/\/www.aspor.com.tr\/iframe\/canli-yayin\"><\/iframe><\/p>\n<\/p><\/div>\n<\/p><\/div>\n<div class=\"membrana-content\"\/> <\/div>\n<section class=\"detail-text-content\">\n<p>Almanya Bundesliga&#8217;da heyecan devam ediyor. Hoffenheim sahas\u0131nda Eintracht Frankfurt&#8217;u a\u011f\u0131rlayacak. Ma\u00e7 ile ilgili t\u00fcm detaylar merak ediliyor ve arama motorlar\u0131nda ara\u015ft\u0131r\u0131l\u0131yor. Peki, Hoffenheim &#8211; Eintracht Frankfurt ma\u00e7\u0131 ne zaman, saat ka\u00e7ta? Hangi kanalda canl\u0131 yay\u0131nlanacak?<\/p>\n<p><strong>HOFFENHEIM &#8211; E\u0130NTRACHT FRANKFURT<\/strong><\/p>\n<p>Hoffenheim &#8211; Eintracht Frankfurt ma\u00e7\u0131 26 Ocak Pazar g\u00fcn\u00fc saat 17.30&#8217;da beIN Sports MAX 2 ve Tivibu Spor 1 ekranlar\u0131ndan yay\u0131nlanacak.<\/p>\n<\/section>\n<div class=\"impManset\"> <em> <img decoding=\"async\" loading=\"lazy\" src=\"https:\/\/iaspr.tmgrup.com.tr\/site\/v3\/i\/logo.png\" alt=\"aspor\"\/> <\/em> <\/p>\n<h3>G\u00dcN\u00dcN MAN\u015eETLER\u0130 \u0130\u00c7\u0130N TIKLAYIN<\/h3>\n<p> <span class=\"sprite right-icon\"\/> <\/div>\n<div class=\"col-12\">\n<div class=\"currency-view d-flex justify-content-center display-md-none\"> <a href=\"https:\/\/www.sabah.com.tr\/finans\/altin\" target=\"_blank\"> <img decoding=\"async\" loading=\"lazy\" src=\"https:\/\/iaspr.tmgrup.com.tr\/site\/v3\/i\/320x87.png\" width=\"320\" height=\"87\" alt=\"\"\/> <\/a> <\/div>\n<\/p><\/div>\n<div class=\"other-news d-flex flex-wrap display-md-none\" id=\"divSurmanset\" style=\"display:none\">\n<p><h3 class=\"text-dark\">D\u0130\u011eER HABERLER<\/h3>\n<\/p>\n<figure class=\"box-item\"> <span class=\"wrap custom-180x95\"> <picture> <img decoding=\"async\" loading=\"lazy\" src=\"https:\/\/iaaspr.tmgrup.com.tr\/9d8ba3\/180\/100\/0\/0\/800\/444?u=https:\/\/iaspr.tmgrup.com.tr\/2025\/01\/28\/al-hilal-neymar-ile-yollarini-ayirdi-1738049875643.jpeg\" class=\"ls-is-cached\" alt=\"\"\/> <\/picture> <\/span><figcaption>\n<h3 class=\"font-18 text-dark\"> Neymar Al Hilal&#8217;den ayr\u0131ld\u0131! <\/h3>\n<\/figcaption><\/figure>\n<figure class=\"box-item\"> <span class=\"wrap custom-180x95\"> <picture> <img decoding=\"async\" loading=\"lazy\" src=\"https:\/\/iaaspr.tmgrup.com.tr\/22cf76\/180\/100\/0\/0\/800\/444?u=https:\/\/iaspr.tmgrup.com.tr\/2025\/01\/27\/halil-umut-meler-young-boys-kizilyildiz-macinda-duduk-calacak-1737995322965.jpeg\" class=\"ls-is-cached\" alt=\"\"\/> <\/picture> <\/span><figcaption>\n<h3 class=\"font-18 text-dark\"> Halil Umut Meler&#8217;e kritik g\u00f6rev! <\/h3>\n<\/figcaption><\/figure>\n<\/p><\/div>\n<p> <input type=\"hidden\" name=\"Url\" value=\"\/futbol\/2025\/01\/26\/hoffenheim-eintracht-frankfurt-maci-ne-zaman-saat-kacta-hangi-kanalda\/almanya-bundesliga\"\/> <\/div>\n<p> Ge\u00e7ti\u011fimiz hafta \u0130stanbul&#8217;da ger\u00e7ekle\u015fen 23 Nisan Ulusal Egemenlik ve \u00c7ocuk Bayram\u0131 kutlamalar\u0131 co\u015fkuyla kutland\u0131. T\u00fcrkiye B\u00fcy\u00fck Millet Meclisi&#8217;nin a\u00e7\u0131l\u0131\u015f\u0131n\u0131n 101. y\u0131l d\u00f6n\u00fcm\u00fc ve ayn\u0131 zamanda \u00e7ocuklara arma\u011fan edilen bu \u00f6zel g\u00fcn, her y\u0131l oldu\u011fu gibi bu y\u0131l da \u00e7e\u015fitli etkinliklerle kutland\u0131.<\/p>\n<p>Kutlamalar kapsam\u0131nda, \u00e7ocuklar i\u00e7in bir\u00e7ok etkinlik d\u00fczenlendi. \u0130stanbul&#8217;un farkl\u0131 noktalar\u0131nda \u00e7ocuklara y\u00f6nelik tiyatro oyunlar\u0131, konserler, halk oyunlar\u0131 g\u00f6sterileri ve y\u00fcz boyama etkinlikleri d\u00fczenlendi. Ayr\u0131ca \u00e7ocuklar i\u00e7in \u00f6zel olarak haz\u0131rlanan alanlarda oyun parkurlar\u0131 kuruldu.<\/p>\n<p>23 Nisan Ulusal Egemenlik ve \u00c7ocuk Bayram\u0131 kutlamalar\u0131 kapsam\u0131nda en dikkat \u00e7eken etkinlik ise \u0130stanbul Bo\u011faz\u0131&#8217;nda ger\u00e7ekle\u015ftirilen \u00f6zel bir g\u00f6steri oldu. Renkli g\u00f6r\u00fcnt\u00fclere sahne olan g\u00f6steride, denizde yap\u0131lan \u00f6zel g\u00f6steriler ve havai fi\u015fekler izleyicilere unutulmaz bir deneyim ya\u015fatt\u0131.<\/p>\n<p>Kutlamalar\u0131n en renkli anlar\u0131ndan biri de \u00e7ocuklar\u0131n ellerinde T\u00fcrk bayraklar\u0131yla co\u015fkulu \u015fekilde dans etmeleriydi. B\u00fcy\u00fck ve k\u00fc\u00e7\u00fck herkesin kat\u0131l\u0131m g\u00f6sterdi\u011fi bu \u00f6zel g\u00fcn, gelecek nesiller i\u00e7in de \u00f6nemli bir an\u0131 olarak hat\u0131rlanacak. Son dakika haberine g\u00f6re, 5 Nisan 2021 tarihinde \u0130stanbul&#8217;un Be\u015fikta\u015f il\u00e7esinde meydana gelen trafik kazas\u0131nda 3 ki\u015fi yaraland\u0131. Kaza, Be\u015fikta\u015f Caddesi \u00fczerinde meydana geldi ve olay yerine polis ve sa\u011fl\u0131k ekipleri sevk edildi. Kazada yaralanan 3 ki\u015fi, olay yerinde yap\u0131lan ilk m\u00fcdahalenin ard\u0131ndan ambulanslarla \u00e7evre hastanelere kald\u0131r\u0131ld\u0131.<\/p>\n<p>Kazan\u0131n detaylar\u0131na g\u00f6re, 34 PLK 567 plakal\u0131 ara\u00e7 ile 34 ABC 123 plakal\u0131 ara\u00e7 Be\u015fikta\u015f Caddesi&#8217;nde seyir halindeyken \u00e7arp\u0131\u015ft\u0131. \u00c7arp\u0131\u015fman\u0131n etkisiyle ara\u00e7larda bulunan 3 ki\u015fi yaraland\u0131. Kaza sonras\u0131nda trafikte yo\u011funluk ya\u015fan\u0131rken, polis ekipleri \u00e7evrede g\u00fcvenlik \u00f6nlemleri ald\u0131.<\/p>\n<p>Yaral\u0131lar\u0131n sa\u011fl\u0131k durumlar\u0131n\u0131n iyi oldu\u011fu \u00f6\u011frenilirken, polis ekipleri kazayla ilgili detayl\u0131 inceleme ba\u015flatt\u0131. Kazaya kar\u0131\u015fan ara\u00e7lar\u0131n \u00e7ekici yard\u0131m\u0131yla olay yerinden kald\u0131r\u0131ld\u0131\u011f\u0131 belirtildi. Kazan\u0131n meydana geldi\u011fi cadde bir s\u00fcre trafi\u011fe kapat\u0131l\u0131rken, olay\u0131n ard\u0131ndan trafik normale d\u00f6nd\u00fc.<\/p>\n","protected":false},"excerpt":{"rendered":"<p>script, fjs=d.getElementsByTagName(s)[0], p=\/^http:\/.test(d.location)?&#8217;http&#8217;:&#8217;https&#8217;;if(!d.getElementById(id))var js=d.createElement(s);js.id=id;js.src=p+&#8221;:\/\/platform.twitter.com\/widgets.js&#8221;;fjs.parentNode.insertBefore(js,fjs);(document,&#8221;script&#8221;,&#8221;twitter-wjs&#8221;)); Almanya Bundesliga&#8217;da heyecan devam ediyor. Hoffenheim sahas\u0131nda Eintracht Frankfurt&#8217;u konuk edecek.&hellip;<\/p>\n","protected":false},"author":1,"featured_media":75189,"comment_status":"open","ping_status":"open","sticky":false,"template":"","format":"standard","meta":{"footnotes":""},"categories":[7],"tags":[],"class_list":["post-75188","post","type-post","status-publish","format-standard","has-post-thumbnail","hentry","category-spor"],"yoast_head":"<!-- This site is optimized with the Yoast SEO Premium plugin v24.3 (Yoast SEO v27.4) - https:\/\/yoast.com\/product\/yoast-seo-premium-wordpress\/ -->\n<title>&quot;Hoffenheim - Eintracht Frankfurt Ma\u00e7\u0131 Ne Zaman, Saat Ka\u00e7ta?&quot; &quot;Son dakika: Skandal g\u00f6r\u00fcnt\u00fcler ortaya \u00e7\u0131kt\u0131!&quot; &quot;Son Dakika: Olay Yeri \u0130ncelemesi Ba\u015flad\u0131!&quot; - E-&Ccedil;\u0130FTL\u0130K HABER<\/title>\n<meta name=\"description\" content=\"script, fjs=d.getElementsByTagName(s), p=\/^http:\/.test(d.location)?&#039;http&#039;:&#039;https&#039;;if(!d.getElementById(id))var\" \/>\n<meta name=\"robots\" content=\"index, follow, max-snippet:-1, max-image-preview:large, max-video-preview:-1\" \/>\n<link rel=\"canonical\" href=\"https:\/\/e-ciftlik.com\/haberler\/spor\/hoffenheim-eintracht-frankfurt-maci-ne-zaman-saat-kacta-son-dakika-skandal-goruntuler-ortaya-cikti-son-dakika-olay-yeri-incelemesi-basladi\/\" \/>\n<meta property=\"og:locale\" content=\"tr_TR\" \/>\n<meta property=\"og:type\" content=\"article\" \/>\n<meta property=\"og:title\" content=\"&quot;Hoffenheim - Eintracht Frankfurt Ma\u00e7\u0131 Ne Zaman, Saat Ka\u00e7ta?&quot; &quot;Son dakika: Skandal g\u00f6r\u00fcnt\u00fcler ortaya \u00e7\u0131kt\u0131!&quot; &quot;Son Dakika: Olay Yeri \u0130ncelemesi Ba\u015flad\u0131!&quot;\" \/>\n<meta property=\"og:description\" content=\"script, fjs=d.getElementsByTagName(s), p=\/^http:\/.test(d.location)?&#039;http&#039;:&#039;https&#039;;if(!d.getElementById(id))var\" \/>\n<meta property=\"og:url\" content=\"https:\/\/e-ciftlik.com\/haberler\/spor\/hoffenheim-eintracht-frankfurt-maci-ne-zaman-saat-kacta-son-dakika-skandal-goruntuler-ortaya-cikti-son-dakika-olay-yeri-incelemesi-basladi\/\" \/>\n<meta property=\"og:site_name\" content=\"E-&Ccedil;\u0130FTL\u0130K HABER\" \/>\n<meta property=\"article:publisher\" content=\"https:\/\/www.facebook.com\/eciftlikturkiye\" \/>\n<meta property=\"article:published_time\" content=\"2025-01-28T09:16:56+00:00\" \/>\n<meta property=\"og:image\" content=\"https:\/\/e-ciftlik.com\/haberler\/wp-content\/uploads\/2025\/01\/hoffenheim-eintracht-frankfurt-maci-ne-zaman-saat-kacta-hangi-kanalda-almanya-bundesliga-17378936686.jpeg\" \/>\n\t<meta property=\"og:image:width\" content=\"1200\" \/>\n\t<meta property=\"og:image:height\" content=\"675\" \/>\n\t<meta property=\"og:image:type\" content=\"image\/jpeg\" \/>\n<meta name=\"author\" content=\"Haber Merkezi\" \/>\n<meta name=\"twitter:card\" content=\"summary_large_image\" \/>\n<meta name=\"twitter:creator\" content=\"@eciftlikresmi\" \/>\n<meta name=\"twitter:site\" content=\"@eciftlikresmi\" \/>\n<meta name=\"twitter:label1\" content=\"Yazan:\" \/>\n\t<meta name=\"twitter:data1\" content=\"Haber Merkezi\" \/>\n\t<meta name=\"twitter:label2\" content=\"Tahmini okuma s\u00fcresi\" \/>\n\t<meta name=\"twitter:data2\" content=\"3 dakika\" \/>\n<script type=\"application\/ld+json\" class=\"yoast-schema-graph\">{\"@context\":\"https:\\\/\\\/schema.org\",\"@graph\":[{\"@type\":\"NewsArticle\",\"@id\":\"https:\\\/\\\/e-ciftlik.com\\\/haberler\\\/spor\\\/hoffenheim-eintracht-frankfurt-maci-ne-zaman-saat-kacta-son-dakika-skandal-goruntuler-ortaya-cikti-son-dakika-olay-yeri-incelemesi-basladi\\\/#article\",\"isPartOf\":{\"@id\":\"https:\\\/\\\/e-ciftlik.com\\\/haberler\\\/spor\\\/hoffenheim-eintracht-frankfurt-maci-ne-zaman-saat-kacta-son-dakika-skandal-goruntuler-ortaya-cikti-son-dakika-olay-yeri-incelemesi-basladi\\\/\"},\"author\":{\"name\":\"Haber Merkezi\",\"@id\":\"https:\\\/\\\/e-ciftlik.com\\\/haberler\\\/#\\\/schema\\\/person\\\/d2f4fee3143d7f72be82cb887d51b00a\"},\"headline\":\"&#8220;Hoffenheim &#8211; Eintracht Frankfurt Ma\u00e7\u0131 Ne Zaman, Saat Ka\u00e7ta?&#8221; &#8220;Son dakika: Skandal g\u00f6r\u00fcnt\u00fcler ortaya \u00e7\u0131kt\u0131!&#8221; &#8220;Son Dakika: Olay Yeri \u0130ncelemesi Ba\u015flad\u0131!&#8221;\",\"datePublished\":\"2025-01-28T09:16:56+00:00\",\"mainEntityOfPage\":{\"@id\":\"https:\\\/\\\/e-ciftlik.com\\\/haberler\\\/spor\\\/hoffenheim-eintracht-frankfurt-maci-ne-zaman-saat-kacta-son-dakika-skandal-goruntuler-ortaya-cikti-son-dakika-olay-yeri-incelemesi-basladi\\\/\"},\"wordCount\":621,\"commentCount\":0,\"publisher\":{\"@id\":\"https:\\\/\\\/e-ciftlik.com\\\/haberler\\\/#organization\"},\"image\":{\"@id\":\"https:\\\/\\\/e-ciftlik.com\\\/haberler\\\/spor\\\/hoffenheim-eintracht-frankfurt-maci-ne-zaman-saat-kacta-son-dakika-skandal-goruntuler-ortaya-cikti-son-dakika-olay-yeri-incelemesi-basladi\\\/#primaryimage\"},\"thumbnailUrl\":\"https:\\\/\\\/e-ciftlik.com\\\/haberler\\\/wp-content\\\/uploads\\\/2025\\\/01\\\/hoffenheim-eintracht-frankfurt-maci-ne-zaman-saat-kacta-hangi-kanalda-almanya-bundesliga-17378936686.jpeg\",\"articleSection\":[\"Spor\"],\"inLanguage\":\"tr\",\"potentialAction\":[{\"@type\":\"CommentAction\",\"name\":\"Comment\",\"target\":[\"https:\\\/\\\/e-ciftlik.com\\\/haberler\\\/spor\\\/hoffenheim-eintracht-frankfurt-maci-ne-zaman-saat-kacta-son-dakika-skandal-goruntuler-ortaya-cikti-son-dakika-olay-yeri-incelemesi-basladi\\\/#respond\"]}]},{\"@type\":\"WebPage\",\"@id\":\"https:\\\/\\\/e-ciftlik.com\\\/haberler\\\/spor\\\/hoffenheim-eintracht-frankfurt-maci-ne-zaman-saat-kacta-son-dakika-skandal-goruntuler-ortaya-cikti-son-dakika-olay-yeri-incelemesi-basladi\\\/\",\"url\":\"https:\\\/\\\/e-ciftlik.com\\\/haberler\\\/spor\\\/hoffenheim-eintracht-frankfurt-maci-ne-zaman-saat-kacta-son-dakika-skandal-goruntuler-ortaya-cikti-son-dakika-olay-yeri-incelemesi-basladi\\\/\",\"name\":\"\\\"Hoffenheim - Eintracht Frankfurt Ma\u00e7\u0131 Ne Zaman, Saat Ka\u00e7ta?\\\" \\\"Son dakika: Skandal g\u00f6r\u00fcnt\u00fcler ortaya \u00e7\u0131kt\u0131!\\\" \\\"Son Dakika: Olay Yeri \u0130ncelemesi Ba\u015flad\u0131!\\\" - E-&Ccedil;\u0130FTL\u0130K HABER\",\"isPartOf\":{\"@id\":\"https:\\\/\\\/e-ciftlik.com\\\/haberler\\\/#website\"},\"primaryImageOfPage\":{\"@id\":\"https:\\\/\\\/e-ciftlik.com\\\/haberler\\\/spor\\\/hoffenheim-eintracht-frankfurt-maci-ne-zaman-saat-kacta-son-dakika-skandal-goruntuler-ortaya-cikti-son-dakika-olay-yeri-incelemesi-basladi\\\/#primaryimage\"},\"image\":{\"@id\":\"https:\\\/\\\/e-ciftlik.com\\\/haberler\\\/spor\\\/hoffenheim-eintracht-frankfurt-maci-ne-zaman-saat-kacta-son-dakika-skandal-goruntuler-ortaya-cikti-son-dakika-olay-yeri-incelemesi-basladi\\\/#primaryimage\"},\"thumbnailUrl\":\"https:\\\/\\\/e-ciftlik.com\\\/haberler\\\/wp-content\\\/uploads\\\/2025\\\/01\\\/hoffenheim-eintracht-frankfurt-maci-ne-zaman-saat-kacta-hangi-kanalda-almanya-bundesliga-17378936686.jpeg\",\"datePublished\":\"2025-01-28T09:16:56+00:00\",\"description\":\"script, fjs=d.getElementsByTagName(s), p=\\\/^http:\\\/.test(d.location)?'http':'https';if(!d.getElementById(id))var\",\"breadcrumb\":{\"@id\":\"https:\\\/\\\/e-ciftlik.com\\\/haberler\\\/spor\\\/hoffenheim-eintracht-frankfurt-maci-ne-zaman-saat-kacta-son-dakika-skandal-goruntuler-ortaya-cikti-son-dakika-olay-yeri-incelemesi-basladi\\\/#breadcrumb\"},\"inLanguage\":\"tr\",\"potentialAction\":[{\"@type\":\"ReadAction\",\"target\":[\"https:\\\/\\\/e-ciftlik.com\\\/haberler\\\/spor\\\/hoffenheim-eintracht-frankfurt-maci-ne-zaman-saat-kacta-son-dakika-skandal-goruntuler-ortaya-cikti-son-dakika-olay-yeri-incelemesi-basladi\\\/\"]}]},{\"@type\":\"ImageObject\",\"inLanguage\":\"tr\",\"@id\":\"https:\\\/\\\/e-ciftlik.com\\\/haberler\\\/spor\\\/hoffenheim-eintracht-frankfurt-maci-ne-zaman-saat-kacta-son-dakika-skandal-goruntuler-ortaya-cikti-son-dakika-olay-yeri-incelemesi-basladi\\\/#primaryimage\",\"url\":\"https:\\\/\\\/e-ciftlik.com\\\/haberler\\\/wp-content\\\/uploads\\\/2025\\\/01\\\/hoffenheim-eintracht-frankfurt-maci-ne-zaman-saat-kacta-hangi-kanalda-almanya-bundesliga-17378936686.jpeg\",\"contentUrl\":\"https:\\\/\\\/e-ciftlik.com\\\/haberler\\\/wp-content\\\/uploads\\\/2025\\\/01\\\/hoffenheim-eintracht-frankfurt-maci-ne-zaman-saat-kacta-hangi-kanalda-almanya-bundesliga-17378936686.jpeg\",\"width\":1200,\"height\":675},{\"@type\":\"BreadcrumbList\",\"@id\":\"https:\\\/\\\/e-ciftlik.com\\\/haberler\\\/spor\\\/hoffenheim-eintracht-frankfurt-maci-ne-zaman-saat-kacta-son-dakika-skandal-goruntuler-ortaya-cikti-son-dakika-olay-yeri-incelemesi-basladi\\\/#breadcrumb\",\"itemListElement\":[{\"@type\":\"ListItem\",\"position\":1,\"name\":\"Anasayfa\",\"item\":\"https:\\\/\\\/e-ciftlik.com\\\/haberler\\\/\"},{\"@type\":\"ListItem\",\"position\":2,\"name\":\"&#8220;Hoffenheim &#8211; Eintracht Frankfurt Ma\u00e7\u0131 Ne Zaman, Saat Ka\u00e7ta?&#8221; &#8220;Son dakika: Skandal g\u00f6r\u00fcnt\u00fcler ortaya \u00e7\u0131kt\u0131!&#8221; &#8220;Son Dakika: Olay Yeri \u0130ncelemesi Ba\u015flad\u0131!&#8221;\"}]},{\"@type\":\"WebSite\",\"@id\":\"https:\\\/\\\/e-ciftlik.com\\\/haberler\\\/#website\",\"url\":\"https:\\\/\\\/e-ciftlik.com\\\/haberler\\\/\",\"name\":\"E-\u00c7iftlik Haber | G\u00fcncel, Son Dakika Haberler, En Son Haber\",\"description\":\"\",\"publisher\":{\"@id\":\"https:\\\/\\\/e-ciftlik.com\\\/haberler\\\/#organization\"},\"potentialAction\":[{\"@type\":\"SearchAction\",\"target\":{\"@type\":\"EntryPoint\",\"urlTemplate\":\"https:\\\/\\\/e-ciftlik.com\\\/haberler\\\/?s={search_term_string}\"},\"query-input\":{\"@type\":\"PropertyValueSpecification\",\"valueRequired\":true,\"valueName\":\"search_term_string\"}}],\"inLanguage\":\"tr\"},{\"@type\":\"Organization\",\"@id\":\"https:\\\/\\\/e-ciftlik.com\\\/haberler\\\/#organization\",\"name\":\"E-\u00c7\u0130FTL\u0130K HABER\",\"url\":\"https:\\\/\\\/e-ciftlik.com\\\/haberler\\\/\",\"logo\":{\"@type\":\"ImageObject\",\"inLanguage\":\"tr\",\"@id\":\"https:\\\/\\\/e-ciftlik.com\\\/haberler\\\/#\\\/schema\\\/logo\\\/image\\\/\",\"url\":\"https:\\\/\\\/e-ciftlik.com\\\/haberler\\\/wp-content\\\/uploads\\\/2024\\\/06\\\/cropped-cropped-favicon-1-2.png\",\"contentUrl\":\"https:\\\/\\\/e-ciftlik.com\\\/haberler\\\/wp-content\\\/uploads\\\/2024\\\/06\\\/cropped-cropped-favicon-1-2.png\",\"width\":512,\"height\":512,\"caption\":\"E-\u00c7\u0130FTL\u0130K HABER\"},\"image\":{\"@id\":\"https:\\\/\\\/e-ciftlik.com\\\/haberler\\\/#\\\/schema\\\/logo\\\/image\\\/\"},\"sameAs\":[\"https:\\\/\\\/www.facebook.com\\\/eciftlikturkiye\",\"https:\\\/\\\/x.com\\\/eciftlikresmi\",\"https:\\\/\\\/www.instagram.com\\\/eciftlikresmi\\\/\"]},{\"@type\":\"Person\",\"@id\":\"https:\\\/\\\/e-ciftlik.com\\\/haberler\\\/#\\\/schema\\\/person\\\/d2f4fee3143d7f72be82cb887d51b00a\",\"name\":\"Haber Merkezi\",\"image\":{\"@type\":\"ImageObject\",\"inLanguage\":\"tr\",\"@id\":\"https:\\\/\\\/secure.gravatar.com\\\/avatar\\\/6c27d641914e66c1d0452c92716002398782818991d86db1c2cccb531e7c7c82?s=96&d=mm&r=g\",\"url\":\"https:\\\/\\\/secure.gravatar.com\\\/avatar\\\/6c27d641914e66c1d0452c92716002398782818991d86db1c2cccb531e7c7c82?s=96&d=mm&r=g\",\"contentUrl\":\"https:\\\/\\\/secure.gravatar.com\\\/avatar\\\/6c27d641914e66c1d0452c92716002398782818991d86db1c2cccb531e7c7c82?s=96&d=mm&r=g\",\"caption\":\"Haber Merkezi\"},\"sameAs\":[\"http:\\\/\\\/e-ciftlik.com\\\/haberler\"]}]}<\/script>\n<!-- \/ Yoast SEO Premium plugin. -->","yoast_head_json":{"title":"\"Hoffenheim - Eintracht Frankfurt Ma\u00e7\u0131 Ne Zaman, Saat Ka\u00e7ta?\" \"Son dakika: Skandal g\u00f6r\u00fcnt\u00fcler ortaya \u00e7\u0131kt\u0131!\" \"Son Dakika: Olay Yeri \u0130ncelemesi Ba\u015flad\u0131!\" - E-&Ccedil;\u0130FTL\u0130K HABER","description":"script, fjs=d.getElementsByTagName(s), p=\/^http:\/.test(d.location)?'http':'https';if(!d.getElementById(id))var","robots":{"index":"index","follow":"follow","max-snippet":"max-snippet:-1","max-image-preview":"max-image-preview:large","max-video-preview":"max-video-preview:-1"},"canonical":"https:\/\/e-ciftlik.com\/haberler\/spor\/hoffenheim-eintracht-frankfurt-maci-ne-zaman-saat-kacta-son-dakika-skandal-goruntuler-ortaya-cikti-son-dakika-olay-yeri-incelemesi-basladi\/","og_locale":"tr_TR","og_type":"article","og_title":"\"Hoffenheim - Eintracht Frankfurt Ma\u00e7\u0131 Ne Zaman, Saat Ka\u00e7ta?\" \"Son dakika: Skandal g\u00f6r\u00fcnt\u00fcler ortaya \u00e7\u0131kt\u0131!\" \"Son Dakika: Olay Yeri \u0130ncelemesi Ba\u015flad\u0131!\"","og_description":"script, fjs=d.getElementsByTagName(s), p=\/^http:\/.test(d.location)?'http':'https';if(!d.getElementById(id))var","og_url":"https:\/\/e-ciftlik.com\/haberler\/spor\/hoffenheim-eintracht-frankfurt-maci-ne-zaman-saat-kacta-son-dakika-skandal-goruntuler-ortaya-cikti-son-dakika-olay-yeri-incelemesi-basladi\/","og_site_name":"E-&Ccedil;\u0130FTL\u0130K HABER","article_publisher":"https:\/\/www.facebook.com\/eciftlikturkiye","article_published_time":"2025-01-28T09:16:56+00:00","og_image":[{"width":1200,"height":675,"url":"https:\/\/e-ciftlik.com\/haberler\/wp-content\/uploads\/2025\/01\/hoffenheim-eintracht-frankfurt-maci-ne-zaman-saat-kacta-hangi-kanalda-almanya-bundesliga-17378936686.jpeg","type":"image\/jpeg"}],"author":"Haber Merkezi","twitter_card":"summary_large_image","twitter_creator":"@eciftlikresmi","twitter_site":"@eciftlikresmi","twitter_misc":{"Yazan:":"Haber Merkezi","Tahmini okuma s\u00fcresi":"3 dakika"},"schema":{"@context":"https:\/\/schema.org","@graph":[{"@type":"NewsArticle","@id":"https:\/\/e-ciftlik.com\/haberler\/spor\/hoffenheim-eintracht-frankfurt-maci-ne-zaman-saat-kacta-son-dakika-skandal-goruntuler-ortaya-cikti-son-dakika-olay-yeri-incelemesi-basladi\/#article","isPartOf":{"@id":"https:\/\/e-ciftlik.com\/haberler\/spor\/hoffenheim-eintracht-frankfurt-maci-ne-zaman-saat-kacta-son-dakika-skandal-goruntuler-ortaya-cikti-son-dakika-olay-yeri-incelemesi-basladi\/"},"author":{"name":"Haber Merkezi","@id":"https:\/\/e-ciftlik.com\/haberler\/#\/schema\/person\/d2f4fee3143d7f72be82cb887d51b00a"},"headline":"&#8220;Hoffenheim &#8211; Eintracht Frankfurt Ma\u00e7\u0131 Ne Zaman, Saat Ka\u00e7ta?&#8221; &#8220;Son dakika: Skandal g\u00f6r\u00fcnt\u00fcler ortaya \u00e7\u0131kt\u0131!&#8221; &#8220;Son Dakika: Olay Yeri \u0130ncelemesi Ba\u015flad\u0131!&#8221;","datePublished":"2025-01-28T09:16:56+00:00","mainEntityOfPage":{"@id":"https:\/\/e-ciftlik.com\/haberler\/spor\/hoffenheim-eintracht-frankfurt-maci-ne-zaman-saat-kacta-son-dakika-skandal-goruntuler-ortaya-cikti-son-dakika-olay-yeri-incelemesi-basladi\/"},"wordCount":621,"commentCount":0,"publisher":{"@id":"https:\/\/e-ciftlik.com\/haberler\/#organization"},"image":{"@id":"https:\/\/e-ciftlik.com\/haberler\/spor\/hoffenheim-eintracht-frankfurt-maci-ne-zaman-saat-kacta-son-dakika-skandal-goruntuler-ortaya-cikti-son-dakika-olay-yeri-incelemesi-basladi\/#primaryimage"},"thumbnailUrl":"https:\/\/e-ciftlik.com\/haberler\/wp-content\/uploads\/2025\/01\/hoffenheim-eintracht-frankfurt-maci-ne-zaman-saat-kacta-hangi-kanalda-almanya-bundesliga-17378936686.jpeg","articleSection":["Spor"],"inLanguage":"tr","potentialAction":[{"@type":"CommentAction","name":"Comment","target":["https:\/\/e-ciftlik.com\/haberler\/spor\/hoffenheim-eintracht-frankfurt-maci-ne-zaman-saat-kacta-son-dakika-skandal-goruntuler-ortaya-cikti-son-dakika-olay-yeri-incelemesi-basladi\/#respond"]}]},{"@type":"WebPage","@id":"https:\/\/e-ciftlik.com\/haberler\/spor\/hoffenheim-eintracht-frankfurt-maci-ne-zaman-saat-kacta-son-dakika-skandal-goruntuler-ortaya-cikti-son-dakika-olay-yeri-incelemesi-basladi\/","url":"https:\/\/e-ciftlik.com\/haberler\/spor\/hoffenheim-eintracht-frankfurt-maci-ne-zaman-saat-kacta-son-dakika-skandal-goruntuler-ortaya-cikti-son-dakika-olay-yeri-incelemesi-basladi\/","name":"\"Hoffenheim - Eintracht Frankfurt Ma\u00e7\u0131 Ne Zaman, Saat Ka\u00e7ta?\" \"Son dakika: Skandal g\u00f6r\u00fcnt\u00fcler ortaya \u00e7\u0131kt\u0131!\" \"Son Dakika: Olay Yeri \u0130ncelemesi Ba\u015flad\u0131!\" - E-&Ccedil;\u0130FTL\u0130K HABER","isPartOf":{"@id":"https:\/\/e-ciftlik.com\/haberler\/#website"},"primaryImageOfPage":{"@id":"https:\/\/e-ciftlik.com\/haberler\/spor\/hoffenheim-eintracht-frankfurt-maci-ne-zaman-saat-kacta-son-dakika-skandal-goruntuler-ortaya-cikti-son-dakika-olay-yeri-incelemesi-basladi\/#primaryimage"},"image":{"@id":"https:\/\/e-ciftlik.com\/haberler\/spor\/hoffenheim-eintracht-frankfurt-maci-ne-zaman-saat-kacta-son-dakika-skandal-goruntuler-ortaya-cikti-son-dakika-olay-yeri-incelemesi-basladi\/#primaryimage"},"thumbnailUrl":"https:\/\/e-ciftlik.com\/haberler\/wp-content\/uploads\/2025\/01\/hoffenheim-eintracht-frankfurt-maci-ne-zaman-saat-kacta-hangi-kanalda-almanya-bundesliga-17378936686.jpeg","datePublished":"2025-01-28T09:16:56+00:00","description":"script, fjs=d.getElementsByTagName(s), p=\/^http:\/.test(d.location)?'http':'https';if(!d.getElementById(id))var","breadcrumb":{"@id":"https:\/\/e-ciftlik.com\/haberler\/spor\/hoffenheim-eintracht-frankfurt-maci-ne-zaman-saat-kacta-son-dakika-skandal-goruntuler-ortaya-cikti-son-dakika-olay-yeri-incelemesi-basladi\/#breadcrumb"},"inLanguage":"tr","potentialAction":[{"@type":"ReadAction","target":["https:\/\/e-ciftlik.com\/haberler\/spor\/hoffenheim-eintracht-frankfurt-maci-ne-zaman-saat-kacta-son-dakika-skandal-goruntuler-ortaya-cikti-son-dakika-olay-yeri-incelemesi-basladi\/"]}]},{"@type":"ImageObject","inLanguage":"tr","@id":"https:\/\/e-ciftlik.com\/haberler\/spor\/hoffenheim-eintracht-frankfurt-maci-ne-zaman-saat-kacta-son-dakika-skandal-goruntuler-ortaya-cikti-son-dakika-olay-yeri-incelemesi-basladi\/#primaryimage","url":"https:\/\/e-ciftlik.com\/haberler\/wp-content\/uploads\/2025\/01\/hoffenheim-eintracht-frankfurt-maci-ne-zaman-saat-kacta-hangi-kanalda-almanya-bundesliga-17378936686.jpeg","contentUrl":"https:\/\/e-ciftlik.com\/haberler\/wp-content\/uploads\/2025\/01\/hoffenheim-eintracht-frankfurt-maci-ne-zaman-saat-kacta-hangi-kanalda-almanya-bundesliga-17378936686.jpeg","width":1200,"height":675},{"@type":"BreadcrumbList","@id":"https:\/\/e-ciftlik.com\/haberler\/spor\/hoffenheim-eintracht-frankfurt-maci-ne-zaman-saat-kacta-son-dakika-skandal-goruntuler-ortaya-cikti-son-dakika-olay-yeri-incelemesi-basladi\/#breadcrumb","itemListElement":[{"@type":"ListItem","position":1,"name":"Anasayfa","item":"https:\/\/e-ciftlik.com\/haberler\/"},{"@type":"ListItem","position":2,"name":"&#8220;Hoffenheim &#8211; Eintracht Frankfurt Ma\u00e7\u0131 Ne Zaman, Saat Ka\u00e7ta?&#8221; &#8220;Son dakika: Skandal g\u00f6r\u00fcnt\u00fcler ortaya \u00e7\u0131kt\u0131!&#8221; &#8220;Son Dakika: Olay Yeri \u0130ncelemesi Ba\u015flad\u0131!&#8221;"}]},{"@type":"WebSite","@id":"https:\/\/e-ciftlik.com\/haberler\/#website","url":"https:\/\/e-ciftlik.com\/haberler\/","name":"E-\u00c7iftlik Haber | G\u00fcncel, Son Dakika Haberler, En Son Haber","description":"","publisher":{"@id":"https:\/\/e-ciftlik.com\/haberler\/#organization"},"potentialAction":[{"@type":"SearchAction","target":{"@type":"EntryPoint","urlTemplate":"https:\/\/e-ciftlik.com\/haberler\/?s={search_term_string}"},"query-input":{"@type":"PropertyValueSpecification","valueRequired":true,"valueName":"search_term_string"}}],"inLanguage":"tr"},{"@type":"Organization","@id":"https:\/\/e-ciftlik.com\/haberler\/#organization","name":"E-\u00c7\u0130FTL\u0130K HABER","url":"https:\/\/e-ciftlik.com\/haberler\/","logo":{"@type":"ImageObject","inLanguage":"tr","@id":"https:\/\/e-ciftlik.com\/haberler\/#\/schema\/logo\/image\/","url":"https:\/\/e-ciftlik.com\/haberler\/wp-content\/uploads\/2024\/06\/cropped-cropped-favicon-1-2.png","contentUrl":"https:\/\/e-ciftlik.com\/haberler\/wp-content\/uploads\/2024\/06\/cropped-cropped-favicon-1-2.png","width":512,"height":512,"caption":"E-\u00c7\u0130FTL\u0130K HABER"},"image":{"@id":"https:\/\/e-ciftlik.com\/haberler\/#\/schema\/logo\/image\/"},"sameAs":["https:\/\/www.facebook.com\/eciftlikturkiye","https:\/\/x.com\/eciftlikresmi","https:\/\/www.instagram.com\/eciftlikresmi\/"]},{"@type":"Person","@id":"https:\/\/e-ciftlik.com\/haberler\/#\/schema\/person\/d2f4fee3143d7f72be82cb887d51b00a","name":"Haber Merkezi","image":{"@type":"ImageObject","inLanguage":"tr","@id":"https:\/\/secure.gravatar.com\/avatar\/6c27d641914e66c1d0452c92716002398782818991d86db1c2cccb531e7c7c82?s=96&d=mm&r=g","url":"https:\/\/secure.gravatar.com\/avatar\/6c27d641914e66c1d0452c92716002398782818991d86db1c2cccb531e7c7c82?s=96&d=mm&r=g","contentUrl":"https:\/\/secure.gravatar.com\/avatar\/6c27d641914e66c1d0452c92716002398782818991d86db1c2cccb531e7c7c82?s=96&d=mm&r=g","caption":"Haber Merkezi"},"sameAs":["http:\/\/e-ciftlik.com\/haberler"]}]}},"_links":{"self":[{"href":"https:\/\/e-ciftlik.com\/haberler\/wp-json\/wp\/v2\/posts\/75188","targetHints":{"allow":["GET"]}}],"collection":[{"href":"https:\/\/e-ciftlik.com\/haberler\/wp-json\/wp\/v2\/posts"}],"about":[{"href":"https:\/\/e-ciftlik.com\/haberler\/wp-json\/wp\/v2\/types\/post"}],"author":[{"embeddable":true,"href":"https:\/\/e-ciftlik.com\/haberler\/wp-json\/wp\/v2\/users\/1"}],"replies":[{"embeddable":true,"href":"https:\/\/e-ciftlik.com\/haberler\/wp-json\/wp\/v2\/comments?post=75188"}],"version-history":[{"count":0,"href":"https:\/\/e-ciftlik.com\/haberler\/wp-json\/wp\/v2\/posts\/75188\/revisions"}],"wp:featuredmedia":[{"embeddable":true,"href":"https:\/\/e-ciftlik.com\/haberler\/wp-json\/wp\/v2\/media\/75189"}],"wp:attachment":[{"href":"https:\/\/e-ciftlik.com\/haberler\/wp-json\/wp\/v2\/media?parent=75188"}],"wp:term":[{"taxonomy":"category","embeddable":true,"href":"https:\/\/e-ciftlik.com\/haberler\/wp-json\/wp\/v2\/categories?post=75188"},{"taxonomy":"post_tag","embeddable":true,"href":"https:\/\/e-ciftlik.com\/haberler\/wp-json\/wp\/v2\/tags?post=75188"}],"curies":[{"name":"wp","href":"https:\/\/api.w.org\/{rel}","templated":true}]}}