{"id":76835,"date":"2025-02-01T04:55:07","date_gmt":"2025-02-01T04:55:07","guid":{"rendered":"http:\/\/e-ciftlik.com\/haberler\/spor\/fenerbahce-midtjylland-maci-hazirliklarini-tamamladi\/"},"modified":"2025-02-01T04:55:07","modified_gmt":"2025-02-01T04:55:07","slug":"fenerbahce-midtjylland-maci-hazirliklarini-tamamladi","status":"publish","type":"post","link":"https:\/\/e-ciftlik.com\/haberler\/spor\/fenerbahce-midtjylland-maci-hazirliklarini-tamamladi\/","title":{"rendered":"Fenerbah\u00e7e, Midtjylland Ma\u00e7\u0131 Haz\u0131rl\u0131klar\u0131n\u0131 Tamamlad\u0131"},"content":{"rendered":"<p>Fenerbah\u00e7e, yar\u0131n ak\u015fam Danimarka temsilcisi Midtjylland ile deplasmanda oynayaca\u011f\u0131 UEFA Avrupa Ligi 8. ha\u00e7ta ma\u00e7\u0131n\u0131n haz\u0131rl\u0131klar\u0131n\u0131 sabah antrenman\u0131yla tamamlad\u0131. Teknik direkt\u00f6r Jose Mourinho y\u00f6netiminde ger\u00e7ekle\u015ftirilen \u00e7al\u0131\u015fman\u0131n ilk 15 dakikas\u0131 bas\u0131na a\u00e7\u0131k olarak yap\u0131ld\u0131. Is\u0131nma, \u00e7abukluk ve koordinasyon hareketlerinin ard\u0131ndan oyuncular 2 gruba ayr\u0131larak 5&#8217;e 2 top kapma ve pas \u00e7al\u0131\u015fmas\u0131 yapt\u0131lar. Antrenman, taktiksel ve bireysel \u00e7al\u0131\u015fmalarla sona erdi.<\/p>\n<p>Sar\u0131-lacivertli ekip, bu antrenmanla Midtjylland ma\u00e7\u0131 haz\u0131rl\u0131klar\u0131n\u0131 tamamlad\u0131 ve bug\u00fcn Danimarka&#8217;ya hareket edecek.<\/p>\n","protected":false},"excerpt":{"rendered":"<p>Fenerbah\u00e7e, yar\u0131n ak\u015fam Danimarka temsilcisi Midtjylland ile deplasmanda oynayaca\u011f\u0131 UEFA Avrupa Ligi 8. ha\u00e7ta ma\u00e7\u0131n\u0131n&hellip;<\/p>\n","protected":false},"author":1,"featured_media":76836,"comment_status":"open","ping_status":"open","sticky":false,"template":"","format":"standard","meta":{"footnotes":""},"categories":[7],"tags":[],"class_list":["post-76835","post","type-post","status-publish","format-standard","has-post-thumbnail","hentry","category-spor"],"yoast_head":"<!-- This site is optimized with the Yoast SEO Premium plugin v24.3 (Yoast SEO v27.4) - https:\/\/yoast.com\/product\/yoast-seo-premium-wordpress\/ -->\n<title>Fenerbah\u00e7e, Midtjylland Ma\u00e7\u0131 Haz\u0131rl\u0131klar\u0131n\u0131 Tamamlad\u0131 - E-&Ccedil;\u0130FTL\u0130K HABER<\/title>\n<meta name=\"description\" content=\"Fenerbah\u00e7e, yar\u0131n ak\u015fam Danimarka temsilcisi Midtjylland ile deplasmanda oynayaca\u011f\u0131 UEFA Avrupa Ligi 8. ha\u00e7ta ma\u00e7\u0131n\u0131n haz\u0131rl\u0131klar\u0131n\u0131 sabah antrenman\u0131yla\" \/>\n<meta name=\"robots\" content=\"index, follow, max-snippet:-1, max-image-preview:large, max-video-preview:-1\" \/>\n<link rel=\"canonical\" href=\"https:\/\/e-ciftlik.com\/haberler\/spor\/fenerbahce-midtjylland-maci-hazirliklarini-tamamladi\/\" \/>\n<meta property=\"og:locale\" content=\"tr_TR\" \/>\n<meta property=\"og:type\" content=\"article\" \/>\n<meta property=\"og:title\" content=\"Fenerbah\u00e7e, Midtjylland Ma\u00e7\u0131 Haz\u0131rl\u0131klar\u0131n\u0131 Tamamlad\u0131\" \/>\n<meta property=\"og:description\" content=\"Fenerbah\u00e7e, yar\u0131n ak\u015fam Danimarka temsilcisi Midtjylland ile deplasmanda oynayaca\u011f\u0131 UEFA Avrupa Ligi 8. ha\u00e7ta ma\u00e7\u0131n\u0131n haz\u0131rl\u0131klar\u0131n\u0131 sabah antrenman\u0131yla\" \/>\n<meta property=\"og:url\" content=\"https:\/\/e-ciftlik.com\/haberler\/spor\/fenerbahce-midtjylland-maci-hazirliklarini-tamamladi\/\" \/>\n<meta property=\"og:site_name\" content=\"E-&Ccedil;\u0130FTL\u0130K HABER\" \/>\n<meta property=\"article:publisher\" content=\"https:\/\/www.facebook.com\/eciftlikturkiye\" \/>\n<meta property=\"article:published_time\" content=\"2025-02-01T04:55:07+00:00\" \/>\n<meta property=\"og:image\" content=\"https:\/\/e-ciftlik.com\/haberler\/wp-content\/uploads\/2025\/02\/8o-CwGV0PE2YidVuSjA0GQ.jpg\" \/>\n\t<meta property=\"og:image:width\" content=\"1080\" \/>\n\t<meta property=\"og:image:height\" content=\"613\" \/>\n\t<meta property=\"og:image:type\" content=\"image\/jpeg\" \/>\n<meta name=\"author\" content=\"Haber Merkezi\" \/>\n<meta name=\"twitter:card\" content=\"summary_large_image\" \/>\n<meta name=\"twitter:creator\" content=\"@eciftlikresmi\" \/>\n<meta name=\"twitter:site\" content=\"@eciftlikresmi\" \/>\n<meta name=\"twitter:label1\" content=\"Yazan:\" \/>\n\t<meta name=\"twitter:data1\" content=\"Haber Merkezi\" \/>\n<script type=\"application\/ld+json\" class=\"yoast-schema-graph\">{\"@context\":\"https:\\\/\\\/schema.org\",\"@graph\":[{\"@type\":\"NewsArticle\",\"@id\":\"https:\\\/\\\/e-ciftlik.com\\\/haberler\\\/spor\\\/fenerbahce-midtjylland-maci-hazirliklarini-tamamladi\\\/#article\",\"isPartOf\":{\"@id\":\"https:\\\/\\\/e-ciftlik.com\\\/haberler\\\/spor\\\/fenerbahce-midtjylland-maci-hazirliklarini-tamamladi\\\/\"},\"author\":{\"name\":\"Haber Merkezi\",\"@id\":\"http:\\\/\\\/e-ciftlik.com\\\/haberler\\\/#\\\/schema\\\/person\\\/d2f4fee3143d7f72be82cb887d51b00a\"},\"headline\":\"Fenerbah\u00e7e, Midtjylland Ma\u00e7\u0131 Haz\u0131rl\u0131klar\u0131n\u0131 Tamamlad\u0131\",\"datePublished\":\"2025-02-01T04:55:07+00:00\",\"mainEntityOfPage\":{\"@id\":\"https:\\\/\\\/e-ciftlik.com\\\/haberler\\\/spor\\\/fenerbahce-midtjylland-maci-hazirliklarini-tamamladi\\\/\"},\"wordCount\":107,\"commentCount\":0,\"publisher\":{\"@id\":\"http:\\\/\\\/e-ciftlik.com\\\/haberler\\\/#organization\"},\"image\":{\"@id\":\"https:\\\/\\\/e-ciftlik.com\\\/haberler\\\/spor\\\/fenerbahce-midtjylland-maci-hazirliklarini-tamamladi\\\/#primaryimage\"},\"thumbnailUrl\":\"https:\\\/\\\/e-ciftlik.com\\\/haberler\\\/wp-content\\\/uploads\\\/2025\\\/02\\\/8o-CwGV0PE2YidVuSjA0GQ.jpg\",\"articleSection\":[\"Spor\"],\"inLanguage\":\"tr\",\"potentialAction\":[{\"@type\":\"CommentAction\",\"name\":\"Comment\",\"target\":[\"https:\\\/\\\/e-ciftlik.com\\\/haberler\\\/spor\\\/fenerbahce-midtjylland-maci-hazirliklarini-tamamladi\\\/#respond\"]}]},{\"@type\":\"WebPage\",\"@id\":\"https:\\\/\\\/e-ciftlik.com\\\/haberler\\\/spor\\\/fenerbahce-midtjylland-maci-hazirliklarini-tamamladi\\\/\",\"url\":\"https:\\\/\\\/e-ciftlik.com\\\/haberler\\\/spor\\\/fenerbahce-midtjylland-maci-hazirliklarini-tamamladi\\\/\",\"name\":\"Fenerbah\u00e7e, Midtjylland Ma\u00e7\u0131 Haz\u0131rl\u0131klar\u0131n\u0131 Tamamlad\u0131 - E-&Ccedil;\u0130FTL\u0130K HABER\",\"isPartOf\":{\"@id\":\"http:\\\/\\\/e-ciftlik.com\\\/haberler\\\/#website\"},\"primaryImageOfPage\":{\"@id\":\"https:\\\/\\\/e-ciftlik.com\\\/haberler\\\/spor\\\/fenerbahce-midtjylland-maci-hazirliklarini-tamamladi\\\/#primaryimage\"},\"image\":{\"@id\":\"https:\\\/\\\/e-ciftlik.com\\\/haberler\\\/spor\\\/fenerbahce-midtjylland-maci-hazirliklarini-tamamladi\\\/#primaryimage\"},\"thumbnailUrl\":\"https:\\\/\\\/e-ciftlik.com\\\/haberler\\\/wp-content\\\/uploads\\\/2025\\\/02\\\/8o-CwGV0PE2YidVuSjA0GQ.jpg\",\"datePublished\":\"2025-02-01T04:55:07+00:00\",\"description\":\"Fenerbah\u00e7e, yar\u0131n ak\u015fam Danimarka temsilcisi Midtjylland ile deplasmanda oynayaca\u011f\u0131 UEFA Avrupa Ligi 8. ha\u00e7ta ma\u00e7\u0131n\u0131n haz\u0131rl\u0131klar\u0131n\u0131 sabah antrenman\u0131yla\",\"breadcrumb\":{\"@id\":\"https:\\\/\\\/e-ciftlik.com\\\/haberler\\\/spor\\\/fenerbahce-midtjylland-maci-hazirliklarini-tamamladi\\\/#breadcrumb\"},\"inLanguage\":\"tr\",\"potentialAction\":[{\"@type\":\"ReadAction\",\"target\":[\"https:\\\/\\\/e-ciftlik.com\\\/haberler\\\/spor\\\/fenerbahce-midtjylland-maci-hazirliklarini-tamamladi\\\/\"]}]},{\"@type\":\"ImageObject\",\"inLanguage\":\"tr\",\"@id\":\"https:\\\/\\\/e-ciftlik.com\\\/haberler\\\/spor\\\/fenerbahce-midtjylland-maci-hazirliklarini-tamamladi\\\/#primaryimage\",\"url\":\"https:\\\/\\\/e-ciftlik.com\\\/haberler\\\/wp-content\\\/uploads\\\/2025\\\/02\\\/8o-CwGV0PE2YidVuSjA0GQ.jpg\",\"contentUrl\":\"https:\\\/\\\/e-ciftlik.com\\\/haberler\\\/wp-content\\\/uploads\\\/2025\\\/02\\\/8o-CwGV0PE2YidVuSjA0GQ.jpg\",\"width\":1080,\"height\":613},{\"@type\":\"BreadcrumbList\",\"@id\":\"https:\\\/\\\/e-ciftlik.com\\\/haberler\\\/spor\\\/fenerbahce-midtjylland-maci-hazirliklarini-tamamladi\\\/#breadcrumb\",\"itemListElement\":[{\"@type\":\"ListItem\",\"position\":1,\"name\":\"Anasayfa\",\"item\":\"http:\\\/\\\/e-ciftlik.com\\\/haberler\\\/\"},{\"@type\":\"ListItem\",\"position\":2,\"name\":\"Fenerbah\u00e7e, Midtjylland Ma\u00e7\u0131 Haz\u0131rl\u0131klar\u0131n\u0131 Tamamlad\u0131\"}]},{\"@type\":\"WebSite\",\"@id\":\"http:\\\/\\\/e-ciftlik.com\\\/haberler\\\/#website\",\"url\":\"http:\\\/\\\/e-ciftlik.com\\\/haberler\\\/\",\"name\":\"E-\u00c7iftlik Haber | G\u00fcncel, Son Dakika Haberler, En Son Haber\",\"description\":\"\",\"publisher\":{\"@id\":\"http:\\\/\\\/e-ciftlik.com\\\/haberler\\\/#organization\"},\"potentialAction\":[{\"@type\":\"SearchAction\",\"target\":{\"@type\":\"EntryPoint\",\"urlTemplate\":\"http:\\\/\\\/e-ciftlik.com\\\/haberler\\\/?s={search_term_string}\"},\"query-input\":{\"@type\":\"PropertyValueSpecification\",\"valueRequired\":true,\"valueName\":\"search_term_string\"}}],\"inLanguage\":\"tr\"},{\"@type\":\"Organization\",\"@id\":\"http:\\\/\\\/e-ciftlik.com\\\/haberler\\\/#organization\",\"name\":\"E-\u00c7\u0130FTL\u0130K HABER\",\"url\":\"http:\\\/\\\/e-ciftlik.com\\\/haberler\\\/\",\"logo\":{\"@type\":\"ImageObject\",\"inLanguage\":\"tr\",\"@id\":\"http:\\\/\\\/e-ciftlik.com\\\/haberler\\\/#\\\/schema\\\/logo\\\/image\\\/\",\"url\":\"https:\\\/\\\/e-ciftlik.com\\\/haberler\\\/wp-content\\\/uploads\\\/2024\\\/06\\\/cropped-cropped-favicon-1-2.png\",\"contentUrl\":\"https:\\\/\\\/e-ciftlik.com\\\/haberler\\\/wp-content\\\/uploads\\\/2024\\\/06\\\/cropped-cropped-favicon-1-2.png\",\"width\":512,\"height\":512,\"caption\":\"E-\u00c7\u0130FTL\u0130K HABER\"},\"image\":{\"@id\":\"http:\\\/\\\/e-ciftlik.com\\\/haberler\\\/#\\\/schema\\\/logo\\\/image\\\/\"},\"sameAs\":[\"https:\\\/\\\/www.facebook.com\\\/eciftlikturkiye\",\"https:\\\/\\\/x.com\\\/eciftlikresmi\",\"https:\\\/\\\/www.instagram.com\\\/eciftlikresmi\\\/\"]},{\"@type\":\"Person\",\"@id\":\"http:\\\/\\\/e-ciftlik.com\\\/haberler\\\/#\\\/schema\\\/person\\\/d2f4fee3143d7f72be82cb887d51b00a\",\"name\":\"Haber Merkezi\",\"image\":{\"@type\":\"ImageObject\",\"inLanguage\":\"tr\",\"@id\":\"https:\\\/\\\/secure.gravatar.com\\\/avatar\\\/6c27d641914e66c1d0452c92716002398782818991d86db1c2cccb531e7c7c82?s=96&d=mm&r=g\",\"url\":\"https:\\\/\\\/secure.gravatar.com\\\/avatar\\\/6c27d641914e66c1d0452c92716002398782818991d86db1c2cccb531e7c7c82?s=96&d=mm&r=g\",\"contentUrl\":\"https:\\\/\\\/secure.gravatar.com\\\/avatar\\\/6c27d641914e66c1d0452c92716002398782818991d86db1c2cccb531e7c7c82?s=96&d=mm&r=g\",\"caption\":\"Haber Merkezi\"},\"sameAs\":[\"http:\\\/\\\/e-ciftlik.com\\\/haberler\"]}]}<\/script>\n<!-- \/ Yoast SEO Premium plugin. -->","yoast_head_json":{"title":"Fenerbah\u00e7e, Midtjylland Ma\u00e7\u0131 Haz\u0131rl\u0131klar\u0131n\u0131 Tamamlad\u0131 - E-&Ccedil;\u0130FTL\u0130K HABER","description":"Fenerbah\u00e7e, yar\u0131n ak\u015fam Danimarka temsilcisi Midtjylland ile deplasmanda oynayaca\u011f\u0131 UEFA Avrupa Ligi 8. ha\u00e7ta ma\u00e7\u0131n\u0131n haz\u0131rl\u0131klar\u0131n\u0131 sabah antrenman\u0131yla","robots":{"index":"index","follow":"follow","max-snippet":"max-snippet:-1","max-image-preview":"max-image-preview:large","max-video-preview":"max-video-preview:-1"},"canonical":"https:\/\/e-ciftlik.com\/haberler\/spor\/fenerbahce-midtjylland-maci-hazirliklarini-tamamladi\/","og_locale":"tr_TR","og_type":"article","og_title":"Fenerbah\u00e7e, Midtjylland Ma\u00e7\u0131 Haz\u0131rl\u0131klar\u0131n\u0131 Tamamlad\u0131","og_description":"Fenerbah\u00e7e, yar\u0131n ak\u015fam Danimarka temsilcisi Midtjylland ile deplasmanda oynayaca\u011f\u0131 UEFA Avrupa Ligi 8. ha\u00e7ta ma\u00e7\u0131n\u0131n haz\u0131rl\u0131klar\u0131n\u0131 sabah antrenman\u0131yla","og_url":"https:\/\/e-ciftlik.com\/haberler\/spor\/fenerbahce-midtjylland-maci-hazirliklarini-tamamladi\/","og_site_name":"E-&Ccedil;\u0130FTL\u0130K HABER","article_publisher":"https:\/\/www.facebook.com\/eciftlikturkiye","article_published_time":"2025-02-01T04:55:07+00:00","og_image":[{"width":1080,"height":613,"url":"https:\/\/e-ciftlik.com\/haberler\/wp-content\/uploads\/2025\/02\/8o-CwGV0PE2YidVuSjA0GQ.jpg","type":"image\/jpeg"}],"author":"Haber Merkezi","twitter_card":"summary_large_image","twitter_creator":"@eciftlikresmi","twitter_site":"@eciftlikresmi","twitter_misc":{"Yazan:":"Haber Merkezi"},"schema":{"@context":"https:\/\/schema.org","@graph":[{"@type":"NewsArticle","@id":"https:\/\/e-ciftlik.com\/haberler\/spor\/fenerbahce-midtjylland-maci-hazirliklarini-tamamladi\/#article","isPartOf":{"@id":"https:\/\/e-ciftlik.com\/haberler\/spor\/fenerbahce-midtjylland-maci-hazirliklarini-tamamladi\/"},"author":{"name":"Haber Merkezi","@id":"http:\/\/e-ciftlik.com\/haberler\/#\/schema\/person\/d2f4fee3143d7f72be82cb887d51b00a"},"headline":"Fenerbah\u00e7e, Midtjylland Ma\u00e7\u0131 Haz\u0131rl\u0131klar\u0131n\u0131 Tamamlad\u0131","datePublished":"2025-02-01T04:55:07+00:00","mainEntityOfPage":{"@id":"https:\/\/e-ciftlik.com\/haberler\/spor\/fenerbahce-midtjylland-maci-hazirliklarini-tamamladi\/"},"wordCount":107,"commentCount":0,"publisher":{"@id":"http:\/\/e-ciftlik.com\/haberler\/#organization"},"image":{"@id":"https:\/\/e-ciftlik.com\/haberler\/spor\/fenerbahce-midtjylland-maci-hazirliklarini-tamamladi\/#primaryimage"},"thumbnailUrl":"https:\/\/e-ciftlik.com\/haberler\/wp-content\/uploads\/2025\/02\/8o-CwGV0PE2YidVuSjA0GQ.jpg","articleSection":["Spor"],"inLanguage":"tr","potentialAction":[{"@type":"CommentAction","name":"Comment","target":["https:\/\/e-ciftlik.com\/haberler\/spor\/fenerbahce-midtjylland-maci-hazirliklarini-tamamladi\/#respond"]}]},{"@type":"WebPage","@id":"https:\/\/e-ciftlik.com\/haberler\/spor\/fenerbahce-midtjylland-maci-hazirliklarini-tamamladi\/","url":"https:\/\/e-ciftlik.com\/haberler\/spor\/fenerbahce-midtjylland-maci-hazirliklarini-tamamladi\/","name":"Fenerbah\u00e7e, Midtjylland Ma\u00e7\u0131 Haz\u0131rl\u0131klar\u0131n\u0131 Tamamlad\u0131 - E-&Ccedil;\u0130FTL\u0130K HABER","isPartOf":{"@id":"http:\/\/e-ciftlik.com\/haberler\/#website"},"primaryImageOfPage":{"@id":"https:\/\/e-ciftlik.com\/haberler\/spor\/fenerbahce-midtjylland-maci-hazirliklarini-tamamladi\/#primaryimage"},"image":{"@id":"https:\/\/e-ciftlik.com\/haberler\/spor\/fenerbahce-midtjylland-maci-hazirliklarini-tamamladi\/#primaryimage"},"thumbnailUrl":"https:\/\/e-ciftlik.com\/haberler\/wp-content\/uploads\/2025\/02\/8o-CwGV0PE2YidVuSjA0GQ.jpg","datePublished":"2025-02-01T04:55:07+00:00","description":"Fenerbah\u00e7e, yar\u0131n ak\u015fam Danimarka temsilcisi Midtjylland ile deplasmanda oynayaca\u011f\u0131 UEFA Avrupa Ligi 8. ha\u00e7ta ma\u00e7\u0131n\u0131n haz\u0131rl\u0131klar\u0131n\u0131 sabah antrenman\u0131yla","breadcrumb":{"@id":"https:\/\/e-ciftlik.com\/haberler\/spor\/fenerbahce-midtjylland-maci-hazirliklarini-tamamladi\/#breadcrumb"},"inLanguage":"tr","potentialAction":[{"@type":"ReadAction","target":["https:\/\/e-ciftlik.com\/haberler\/spor\/fenerbahce-midtjylland-maci-hazirliklarini-tamamladi\/"]}]},{"@type":"ImageObject","inLanguage":"tr","@id":"https:\/\/e-ciftlik.com\/haberler\/spor\/fenerbahce-midtjylland-maci-hazirliklarini-tamamladi\/#primaryimage","url":"https:\/\/e-ciftlik.com\/haberler\/wp-content\/uploads\/2025\/02\/8o-CwGV0PE2YidVuSjA0GQ.jpg","contentUrl":"https:\/\/e-ciftlik.com\/haberler\/wp-content\/uploads\/2025\/02\/8o-CwGV0PE2YidVuSjA0GQ.jpg","width":1080,"height":613},{"@type":"BreadcrumbList","@id":"https:\/\/e-ciftlik.com\/haberler\/spor\/fenerbahce-midtjylland-maci-hazirliklarini-tamamladi\/#breadcrumb","itemListElement":[{"@type":"ListItem","position":1,"name":"Anasayfa","item":"http:\/\/e-ciftlik.com\/haberler\/"},{"@type":"ListItem","position":2,"name":"Fenerbah\u00e7e, Midtjylland Ma\u00e7\u0131 Haz\u0131rl\u0131klar\u0131n\u0131 Tamamlad\u0131"}]},{"@type":"WebSite","@id":"http:\/\/e-ciftlik.com\/haberler\/#website","url":"http:\/\/e-ciftlik.com\/haberler\/","name":"E-\u00c7iftlik Haber | G\u00fcncel, Son Dakika Haberler, En Son Haber","description":"","publisher":{"@id":"http:\/\/e-ciftlik.com\/haberler\/#organization"},"potentialAction":[{"@type":"SearchAction","target":{"@type":"EntryPoint","urlTemplate":"http:\/\/e-ciftlik.com\/haberler\/?s={search_term_string}"},"query-input":{"@type":"PropertyValueSpecification","valueRequired":true,"valueName":"search_term_string"}}],"inLanguage":"tr"},{"@type":"Organization","@id":"http:\/\/e-ciftlik.com\/haberler\/#organization","name":"E-\u00c7\u0130FTL\u0130K HABER","url":"http:\/\/e-ciftlik.com\/haberler\/","logo":{"@type":"ImageObject","inLanguage":"tr","@id":"http:\/\/e-ciftlik.com\/haberler\/#\/schema\/logo\/image\/","url":"https:\/\/e-ciftlik.com\/haberler\/wp-content\/uploads\/2024\/06\/cropped-cropped-favicon-1-2.png","contentUrl":"https:\/\/e-ciftlik.com\/haberler\/wp-content\/uploads\/2024\/06\/cropped-cropped-favicon-1-2.png","width":512,"height":512,"caption":"E-\u00c7\u0130FTL\u0130K HABER"},"image":{"@id":"http:\/\/e-ciftlik.com\/haberler\/#\/schema\/logo\/image\/"},"sameAs":["https:\/\/www.facebook.com\/eciftlikturkiye","https:\/\/x.com\/eciftlikresmi","https:\/\/www.instagram.com\/eciftlikresmi\/"]},{"@type":"Person","@id":"http:\/\/e-ciftlik.com\/haberler\/#\/schema\/person\/d2f4fee3143d7f72be82cb887d51b00a","name":"Haber Merkezi","image":{"@type":"ImageObject","inLanguage":"tr","@id":"https:\/\/secure.gravatar.com\/avatar\/6c27d641914e66c1d0452c92716002398782818991d86db1c2cccb531e7c7c82?s=96&d=mm&r=g","url":"https:\/\/secure.gravatar.com\/avatar\/6c27d641914e66c1d0452c92716002398782818991d86db1c2cccb531e7c7c82?s=96&d=mm&r=g","contentUrl":"https:\/\/secure.gravatar.com\/avatar\/6c27d641914e66c1d0452c92716002398782818991d86db1c2cccb531e7c7c82?s=96&d=mm&r=g","caption":"Haber Merkezi"},"sameAs":["http:\/\/e-ciftlik.com\/haberler"]}]}},"_links":{"self":[{"href":"https:\/\/e-ciftlik.com\/haberler\/wp-json\/wp\/v2\/posts\/76835","targetHints":{"allow":["GET"]}}],"collection":[{"href":"https:\/\/e-ciftlik.com\/haberler\/wp-json\/wp\/v2\/posts"}],"about":[{"href":"https:\/\/e-ciftlik.com\/haberler\/wp-json\/wp\/v2\/types\/post"}],"author":[{"embeddable":true,"href":"https:\/\/e-ciftlik.com\/haberler\/wp-json\/wp\/v2\/users\/1"}],"replies":[{"embeddable":true,"href":"https:\/\/e-ciftlik.com\/haberler\/wp-json\/wp\/v2\/comments?post=76835"}],"version-history":[{"count":0,"href":"https:\/\/e-ciftlik.com\/haberler\/wp-json\/wp\/v2\/posts\/76835\/revisions"}],"wp:featuredmedia":[{"embeddable":true,"href":"https:\/\/e-ciftlik.com\/haberler\/wp-json\/wp\/v2\/media\/76836"}],"wp:attachment":[{"href":"https:\/\/e-ciftlik.com\/haberler\/wp-json\/wp\/v2\/media?parent=76835"}],"wp:term":[{"taxonomy":"category","embeddable":true,"href":"https:\/\/e-ciftlik.com\/haberler\/wp-json\/wp\/v2\/categories?post=76835"},{"taxonomy":"post_tag","embeddable":true,"href":"https:\/\/e-ciftlik.com\/haberler\/wp-json\/wp\/v2\/tags?post=76835"}],"curies":[{"name":"wp","href":"https:\/\/api.w.org\/{rel}","templated":true}]}}