{"id":76845,"date":"2025-02-01T06:12:22","date_gmt":"2025-02-01T06:12:22","guid":{"rendered":"http:\/\/e-ciftlik.com\/haberler\/spor\/alex-de-souza-antalyaspor-gunlerinde-neler-yasadik\/"},"modified":"2025-02-01T06:12:22","modified_gmt":"2025-02-01T06:12:22","slug":"alex-de-souza-antalyaspor-gunlerinde-neler-yasadik","status":"publish","type":"post","link":"https:\/\/e-ciftlik.com\/haberler\/spor\/alex-de-souza-antalyaspor-gunlerinde-neler-yasadik\/","title":{"rendered":"Alex de Souza: &#8220;Antalyaspor G\u00fcnlerinde Neler Ya\u015fad\u0131k!&#8221;"},"content":{"rendered":"<p>Antalyaspor&#8217;un Teknik Direkt\u00f6r\u00fc Alex de Souza, Brezilya bas\u0131n\u0131na \u00e7arp\u0131c\u0131 a\u00e7\u0131klamalarda bulundu. Um Dois Esportes&#8217;e konu\u015fan Alex, Antalyaspor g\u00fcnlerinden bahsederken, &#8220;Her g\u00fcn \u00f6yle durumlar ya\u015fand\u0131 ki biri bana anlatsa ona yalanc\u0131 derdim&#8221; ifadesini kulland\u0131.<\/p>\n<p>Alex&#8217;in verdi\u011fi r\u00f6portajda, &#8220;Anla\u015ft\u0131\u011f\u0131m\u0131z hedef T\u00fcrkiye Kupas\u0131&#8217;n\u0131n ilk a\u015famalar\u0131nda ilerlemenin yan\u0131 s\u0131ra tak\u0131m\u0131 lig tablosunda 10 ila 14. s\u0131ralar aras\u0131nda d\u00fc\u015fme b\u00f6lgesinden uzakta tutmakt\u0131. Antalyaspor ile may\u0131s ay\u0131nda anla\u015ft\u0131\u011f\u0131m \u015feyi ba\u015farm\u0131\u015f olmak benim i\u00e7in en b\u00fcy\u00fck zafer ve bunu onlar kendi \u00fczerlerine d\u00fc\u015fenleri yapmadan ba\u015fard\u0131m. Bu da deneyimi daha zor, daha karma\u015f\u0131k hale getiriyor.&#8221; \u015feklinde konu\u015ftu.<\/p>\n<p>&#8220;MAA\u015e ALAMADIK&#8221;<\/p>\n<p>Antalyaspor&#8217;da ya\u015fanan maa\u015f sorununa da de\u011finen Alex, &#8220;Size bir fikir vermesi a\u00e7\u0131s\u0131ndan; herkesin \u015fehirde ya\u015famaya ba\u015flayabilmesi i\u00e7in anla\u015fman\u0131n bir par\u00e7as\u0131 olan ilk maa\u015f\u0131m\u0131z\u0131 ilk hafta ald\u0131k. Daha sonra maa\u015f alamad\u0131k&#8221; dedi.<\/p>\n<p>MOURINHO YANITI<\/p>\n<p>Jose Mourinho hakk\u0131nda da konu\u015fan Alex, &#8220;Bana \u00e7ok iyi davranan, futbol hakk\u0131nda \u00e7ok konu\u015fan bir adam. A\u011f\u0131rl\u0131\u011f\u0131 ve ki\u015fili\u011fiyle ger\u00e7ekten \u00e7ok \u00f6nemli bir insan.&#8221; \u015feklinde de\u011ferlendirmede bulundu.<\/p>\n<p>\u00d6te yandan Alex de Souza, Antalyaspor&#8217;da 3 farkl\u0131 ba\u015fkan oldu\u011funu, ayr\u0131ca iki y\u00f6neticinin de teknik ekibin onay\u0131 olmadan transferler yapt\u0131\u011f\u0131n\u0131 \u00f6ne s\u00fcrd\u00fc.<\/p>\n","protected":false},"excerpt":{"rendered":"<p>Antalyaspor&#8217;un Teknik Direkt\u00f6r\u00fc Alex de Souza, Brezilya bas\u0131n\u0131na \u00e7arp\u0131c\u0131 a\u00e7\u0131klamalarda bulundu. Um Dois Esportes&#8217;e konu\u015fan&hellip;<\/p>\n","protected":false},"author":1,"featured_media":76846,"comment_status":"open","ping_status":"open","sticky":false,"template":"","format":"standard","meta":{"footnotes":""},"categories":[7],"tags":[],"class_list":["post-76845","post","type-post","status-publish","format-standard","has-post-thumbnail","hentry","category-spor"],"yoast_head":"<!-- This site is optimized with the Yoast SEO Premium plugin v24.3 (Yoast SEO v27.4) - https:\/\/yoast.com\/product\/yoast-seo-premium-wordpress\/ -->\n<title>Alex de Souza: &quot;Antalyaspor G\u00fcnlerinde Neler Ya\u015fad\u0131k!&quot; - E-&Ccedil;\u0130FTL\u0130K HABER<\/title>\n<meta name=\"description\" content=\"Antalyaspor&#039;un Teknik Direkt\u00f6r\u00fc Alex de Souza, Brezilya bas\u0131n\u0131na \u00e7arp\u0131c\u0131 a\u00e7\u0131klamalarda bulundu. Um Dois Esportes&#039;e konu\u015fan Alex, Antalyaspor g\u00fcnlerinden\" \/>\n<meta name=\"robots\" content=\"index, follow, max-snippet:-1, max-image-preview:large, max-video-preview:-1\" \/>\n<link rel=\"canonical\" href=\"https:\/\/e-ciftlik.com\/haberler\/spor\/alex-de-souza-antalyaspor-gunlerinde-neler-yasadik\/\" \/>\n<meta property=\"og:locale\" content=\"tr_TR\" \/>\n<meta property=\"og:type\" content=\"article\" \/>\n<meta property=\"og:title\" content=\"Alex de Souza: &quot;Antalyaspor G\u00fcnlerinde Neler Ya\u015fad\u0131k!&quot;\" \/>\n<meta property=\"og:description\" content=\"Antalyaspor&#039;un Teknik Direkt\u00f6r\u00fc Alex de Souza, Brezilya bas\u0131n\u0131na \u00e7arp\u0131c\u0131 a\u00e7\u0131klamalarda bulundu. Um Dois Esportes&#039;e konu\u015fan Alex, Antalyaspor g\u00fcnlerinden\" \/>\n<meta property=\"og:url\" content=\"https:\/\/e-ciftlik.com\/haberler\/spor\/alex-de-souza-antalyaspor-gunlerinde-neler-yasadik\/\" \/>\n<meta property=\"og:site_name\" content=\"E-&Ccedil;\u0130FTL\u0130K HABER\" \/>\n<meta property=\"article:publisher\" content=\"https:\/\/www.facebook.com\/eciftlikturkiye\" \/>\n<meta property=\"article:published_time\" content=\"2025-02-01T06:12:22+00:00\" \/>\n<meta property=\"og:image\" content=\"https:\/\/e-ciftlik.com\/haberler\/wp-content\/uploads\/2025\/02\/5BNKfutKDkKEQZCyPW183g.jpg\" \/>\n\t<meta property=\"og:image:width\" content=\"1080\" \/>\n\t<meta property=\"og:image:height\" content=\"614\" \/>\n\t<meta property=\"og:image:type\" content=\"image\/jpeg\" \/>\n<meta name=\"author\" content=\"Haber Merkezi\" \/>\n<meta name=\"twitter:card\" content=\"summary_large_image\" \/>\n<meta name=\"twitter:creator\" content=\"@eciftlikresmi\" \/>\n<meta name=\"twitter:site\" content=\"@eciftlikresmi\" \/>\n<meta name=\"twitter:label1\" content=\"Yazan:\" \/>\n\t<meta name=\"twitter:data1\" content=\"Haber Merkezi\" \/>\n\t<meta name=\"twitter:label2\" content=\"Tahmini okuma s\u00fcresi\" \/>\n\t<meta name=\"twitter:data2\" content=\"1 dakika\" \/>\n<script type=\"application\/ld+json\" class=\"yoast-schema-graph\">{\"@context\":\"https:\\\/\\\/schema.org\",\"@graph\":[{\"@type\":\"NewsArticle\",\"@id\":\"https:\\\/\\\/e-ciftlik.com\\\/haberler\\\/spor\\\/alex-de-souza-antalyaspor-gunlerinde-neler-yasadik\\\/#article\",\"isPartOf\":{\"@id\":\"https:\\\/\\\/e-ciftlik.com\\\/haberler\\\/spor\\\/alex-de-souza-antalyaspor-gunlerinde-neler-yasadik\\\/\"},\"author\":{\"name\":\"Haber Merkezi\",\"@id\":\"http:\\\/\\\/e-ciftlik.com\\\/haberler\\\/#\\\/schema\\\/person\\\/d2f4fee3143d7f72be82cb887d51b00a\"},\"headline\":\"Alex de Souza: &#8220;Antalyaspor G\u00fcnlerinde Neler Ya\u015fad\u0131k!&#8221;\",\"datePublished\":\"2025-02-01T06:12:22+00:00\",\"mainEntityOfPage\":{\"@id\":\"https:\\\/\\\/e-ciftlik.com\\\/haberler\\\/spor\\\/alex-de-souza-antalyaspor-gunlerinde-neler-yasadik\\\/\"},\"wordCount\":252,\"commentCount\":0,\"publisher\":{\"@id\":\"http:\\\/\\\/e-ciftlik.com\\\/haberler\\\/#organization\"},\"image\":{\"@id\":\"https:\\\/\\\/e-ciftlik.com\\\/haberler\\\/spor\\\/alex-de-souza-antalyaspor-gunlerinde-neler-yasadik\\\/#primaryimage\"},\"thumbnailUrl\":\"https:\\\/\\\/e-ciftlik.com\\\/haberler\\\/wp-content\\\/uploads\\\/2025\\\/02\\\/5BNKfutKDkKEQZCyPW183g.jpg\",\"articleSection\":[\"Spor\"],\"inLanguage\":\"tr\",\"potentialAction\":[{\"@type\":\"CommentAction\",\"name\":\"Comment\",\"target\":[\"https:\\\/\\\/e-ciftlik.com\\\/haberler\\\/spor\\\/alex-de-souza-antalyaspor-gunlerinde-neler-yasadik\\\/#respond\"]}]},{\"@type\":\"WebPage\",\"@id\":\"https:\\\/\\\/e-ciftlik.com\\\/haberler\\\/spor\\\/alex-de-souza-antalyaspor-gunlerinde-neler-yasadik\\\/\",\"url\":\"https:\\\/\\\/e-ciftlik.com\\\/haberler\\\/spor\\\/alex-de-souza-antalyaspor-gunlerinde-neler-yasadik\\\/\",\"name\":\"Alex de Souza: \\\"Antalyaspor G\u00fcnlerinde Neler Ya\u015fad\u0131k!\\\" - E-&Ccedil;\u0130FTL\u0130K HABER\",\"isPartOf\":{\"@id\":\"http:\\\/\\\/e-ciftlik.com\\\/haberler\\\/#website\"},\"primaryImageOfPage\":{\"@id\":\"https:\\\/\\\/e-ciftlik.com\\\/haberler\\\/spor\\\/alex-de-souza-antalyaspor-gunlerinde-neler-yasadik\\\/#primaryimage\"},\"image\":{\"@id\":\"https:\\\/\\\/e-ciftlik.com\\\/haberler\\\/spor\\\/alex-de-souza-antalyaspor-gunlerinde-neler-yasadik\\\/#primaryimage\"},\"thumbnailUrl\":\"https:\\\/\\\/e-ciftlik.com\\\/haberler\\\/wp-content\\\/uploads\\\/2025\\\/02\\\/5BNKfutKDkKEQZCyPW183g.jpg\",\"datePublished\":\"2025-02-01T06:12:22+00:00\",\"description\":\"Antalyaspor'un Teknik Direkt\u00f6r\u00fc Alex de Souza, Brezilya bas\u0131n\u0131na \u00e7arp\u0131c\u0131 a\u00e7\u0131klamalarda bulundu. Um Dois Esportes'e konu\u015fan Alex, Antalyaspor g\u00fcnlerinden\",\"breadcrumb\":{\"@id\":\"https:\\\/\\\/e-ciftlik.com\\\/haberler\\\/spor\\\/alex-de-souza-antalyaspor-gunlerinde-neler-yasadik\\\/#breadcrumb\"},\"inLanguage\":\"tr\",\"potentialAction\":[{\"@type\":\"ReadAction\",\"target\":[\"https:\\\/\\\/e-ciftlik.com\\\/haberler\\\/spor\\\/alex-de-souza-antalyaspor-gunlerinde-neler-yasadik\\\/\"]}]},{\"@type\":\"ImageObject\",\"inLanguage\":\"tr\",\"@id\":\"https:\\\/\\\/e-ciftlik.com\\\/haberler\\\/spor\\\/alex-de-souza-antalyaspor-gunlerinde-neler-yasadik\\\/#primaryimage\",\"url\":\"https:\\\/\\\/e-ciftlik.com\\\/haberler\\\/wp-content\\\/uploads\\\/2025\\\/02\\\/5BNKfutKDkKEQZCyPW183g.jpg\",\"contentUrl\":\"https:\\\/\\\/e-ciftlik.com\\\/haberler\\\/wp-content\\\/uploads\\\/2025\\\/02\\\/5BNKfutKDkKEQZCyPW183g.jpg\",\"width\":1080,\"height\":614},{\"@type\":\"BreadcrumbList\",\"@id\":\"https:\\\/\\\/e-ciftlik.com\\\/haberler\\\/spor\\\/alex-de-souza-antalyaspor-gunlerinde-neler-yasadik\\\/#breadcrumb\",\"itemListElement\":[{\"@type\":\"ListItem\",\"position\":1,\"name\":\"Anasayfa\",\"item\":\"http:\\\/\\\/e-ciftlik.com\\\/haberler\\\/\"},{\"@type\":\"ListItem\",\"position\":2,\"name\":\"Alex de Souza: &#8220;Antalyaspor G\u00fcnlerinde Neler Ya\u015fad\u0131k!&#8221;\"}]},{\"@type\":\"WebSite\",\"@id\":\"http:\\\/\\\/e-ciftlik.com\\\/haberler\\\/#website\",\"url\":\"http:\\\/\\\/e-ciftlik.com\\\/haberler\\\/\",\"name\":\"E-\u00c7iftlik Haber | G\u00fcncel, Son Dakika Haberler, En Son Haber\",\"description\":\"\",\"publisher\":{\"@id\":\"http:\\\/\\\/e-ciftlik.com\\\/haberler\\\/#organization\"},\"potentialAction\":[{\"@type\":\"SearchAction\",\"target\":{\"@type\":\"EntryPoint\",\"urlTemplate\":\"http:\\\/\\\/e-ciftlik.com\\\/haberler\\\/?s={search_term_string}\"},\"query-input\":{\"@type\":\"PropertyValueSpecification\",\"valueRequired\":true,\"valueName\":\"search_term_string\"}}],\"inLanguage\":\"tr\"},{\"@type\":\"Organization\",\"@id\":\"http:\\\/\\\/e-ciftlik.com\\\/haberler\\\/#organization\",\"name\":\"E-\u00c7\u0130FTL\u0130K HABER\",\"url\":\"http:\\\/\\\/e-ciftlik.com\\\/haberler\\\/\",\"logo\":{\"@type\":\"ImageObject\",\"inLanguage\":\"tr\",\"@id\":\"http:\\\/\\\/e-ciftlik.com\\\/haberler\\\/#\\\/schema\\\/logo\\\/image\\\/\",\"url\":\"https:\\\/\\\/e-ciftlik.com\\\/haberler\\\/wp-content\\\/uploads\\\/2024\\\/06\\\/cropped-cropped-favicon-1-2.png\",\"contentUrl\":\"https:\\\/\\\/e-ciftlik.com\\\/haberler\\\/wp-content\\\/uploads\\\/2024\\\/06\\\/cropped-cropped-favicon-1-2.png\",\"width\":512,\"height\":512,\"caption\":\"E-\u00c7\u0130FTL\u0130K HABER\"},\"image\":{\"@id\":\"http:\\\/\\\/e-ciftlik.com\\\/haberler\\\/#\\\/schema\\\/logo\\\/image\\\/\"},\"sameAs\":[\"https:\\\/\\\/www.facebook.com\\\/eciftlikturkiye\",\"https:\\\/\\\/x.com\\\/eciftlikresmi\",\"https:\\\/\\\/www.instagram.com\\\/eciftlikresmi\\\/\"]},{\"@type\":\"Person\",\"@id\":\"http:\\\/\\\/e-ciftlik.com\\\/haberler\\\/#\\\/schema\\\/person\\\/d2f4fee3143d7f72be82cb887d51b00a\",\"name\":\"Haber Merkezi\",\"image\":{\"@type\":\"ImageObject\",\"inLanguage\":\"tr\",\"@id\":\"https:\\\/\\\/secure.gravatar.com\\\/avatar\\\/6c27d641914e66c1d0452c92716002398782818991d86db1c2cccb531e7c7c82?s=96&d=mm&r=g\",\"url\":\"https:\\\/\\\/secure.gravatar.com\\\/avatar\\\/6c27d641914e66c1d0452c92716002398782818991d86db1c2cccb531e7c7c82?s=96&d=mm&r=g\",\"contentUrl\":\"https:\\\/\\\/secure.gravatar.com\\\/avatar\\\/6c27d641914e66c1d0452c92716002398782818991d86db1c2cccb531e7c7c82?s=96&d=mm&r=g\",\"caption\":\"Haber Merkezi\"},\"sameAs\":[\"http:\\\/\\\/e-ciftlik.com\\\/haberler\"]}]}<\/script>\n<!-- \/ Yoast SEO Premium plugin. -->","yoast_head_json":{"title":"Alex de Souza: \"Antalyaspor G\u00fcnlerinde Neler Ya\u015fad\u0131k!\" - E-&Ccedil;\u0130FTL\u0130K HABER","description":"Antalyaspor'un Teknik Direkt\u00f6r\u00fc Alex de Souza, Brezilya bas\u0131n\u0131na \u00e7arp\u0131c\u0131 a\u00e7\u0131klamalarda bulundu. Um Dois Esportes'e konu\u015fan Alex, Antalyaspor g\u00fcnlerinden","robots":{"index":"index","follow":"follow","max-snippet":"max-snippet:-1","max-image-preview":"max-image-preview:large","max-video-preview":"max-video-preview:-1"},"canonical":"https:\/\/e-ciftlik.com\/haberler\/spor\/alex-de-souza-antalyaspor-gunlerinde-neler-yasadik\/","og_locale":"tr_TR","og_type":"article","og_title":"Alex de Souza: \"Antalyaspor G\u00fcnlerinde Neler Ya\u015fad\u0131k!\"","og_description":"Antalyaspor'un Teknik Direkt\u00f6r\u00fc Alex de Souza, Brezilya bas\u0131n\u0131na \u00e7arp\u0131c\u0131 a\u00e7\u0131klamalarda bulundu. Um Dois Esportes'e konu\u015fan Alex, Antalyaspor g\u00fcnlerinden","og_url":"https:\/\/e-ciftlik.com\/haberler\/spor\/alex-de-souza-antalyaspor-gunlerinde-neler-yasadik\/","og_site_name":"E-&Ccedil;\u0130FTL\u0130K HABER","article_publisher":"https:\/\/www.facebook.com\/eciftlikturkiye","article_published_time":"2025-02-01T06:12:22+00:00","og_image":[{"width":1080,"height":614,"url":"https:\/\/e-ciftlik.com\/haberler\/wp-content\/uploads\/2025\/02\/5BNKfutKDkKEQZCyPW183g.jpg","type":"image\/jpeg"}],"author":"Haber Merkezi","twitter_card":"summary_large_image","twitter_creator":"@eciftlikresmi","twitter_site":"@eciftlikresmi","twitter_misc":{"Yazan:":"Haber Merkezi","Tahmini okuma s\u00fcresi":"1 dakika"},"schema":{"@context":"https:\/\/schema.org","@graph":[{"@type":"NewsArticle","@id":"https:\/\/e-ciftlik.com\/haberler\/spor\/alex-de-souza-antalyaspor-gunlerinde-neler-yasadik\/#article","isPartOf":{"@id":"https:\/\/e-ciftlik.com\/haberler\/spor\/alex-de-souza-antalyaspor-gunlerinde-neler-yasadik\/"},"author":{"name":"Haber Merkezi","@id":"http:\/\/e-ciftlik.com\/haberler\/#\/schema\/person\/d2f4fee3143d7f72be82cb887d51b00a"},"headline":"Alex de Souza: &#8220;Antalyaspor G\u00fcnlerinde Neler Ya\u015fad\u0131k!&#8221;","datePublished":"2025-02-01T06:12:22+00:00","mainEntityOfPage":{"@id":"https:\/\/e-ciftlik.com\/haberler\/spor\/alex-de-souza-antalyaspor-gunlerinde-neler-yasadik\/"},"wordCount":252,"commentCount":0,"publisher":{"@id":"http:\/\/e-ciftlik.com\/haberler\/#organization"},"image":{"@id":"https:\/\/e-ciftlik.com\/haberler\/spor\/alex-de-souza-antalyaspor-gunlerinde-neler-yasadik\/#primaryimage"},"thumbnailUrl":"https:\/\/e-ciftlik.com\/haberler\/wp-content\/uploads\/2025\/02\/5BNKfutKDkKEQZCyPW183g.jpg","articleSection":["Spor"],"inLanguage":"tr","potentialAction":[{"@type":"CommentAction","name":"Comment","target":["https:\/\/e-ciftlik.com\/haberler\/spor\/alex-de-souza-antalyaspor-gunlerinde-neler-yasadik\/#respond"]}]},{"@type":"WebPage","@id":"https:\/\/e-ciftlik.com\/haberler\/spor\/alex-de-souza-antalyaspor-gunlerinde-neler-yasadik\/","url":"https:\/\/e-ciftlik.com\/haberler\/spor\/alex-de-souza-antalyaspor-gunlerinde-neler-yasadik\/","name":"Alex de Souza: \"Antalyaspor G\u00fcnlerinde Neler Ya\u015fad\u0131k!\" - E-&Ccedil;\u0130FTL\u0130K HABER","isPartOf":{"@id":"http:\/\/e-ciftlik.com\/haberler\/#website"},"primaryImageOfPage":{"@id":"https:\/\/e-ciftlik.com\/haberler\/spor\/alex-de-souza-antalyaspor-gunlerinde-neler-yasadik\/#primaryimage"},"image":{"@id":"https:\/\/e-ciftlik.com\/haberler\/spor\/alex-de-souza-antalyaspor-gunlerinde-neler-yasadik\/#primaryimage"},"thumbnailUrl":"https:\/\/e-ciftlik.com\/haberler\/wp-content\/uploads\/2025\/02\/5BNKfutKDkKEQZCyPW183g.jpg","datePublished":"2025-02-01T06:12:22+00:00","description":"Antalyaspor'un Teknik Direkt\u00f6r\u00fc Alex de Souza, Brezilya bas\u0131n\u0131na \u00e7arp\u0131c\u0131 a\u00e7\u0131klamalarda bulundu. Um Dois Esportes'e konu\u015fan Alex, Antalyaspor g\u00fcnlerinden","breadcrumb":{"@id":"https:\/\/e-ciftlik.com\/haberler\/spor\/alex-de-souza-antalyaspor-gunlerinde-neler-yasadik\/#breadcrumb"},"inLanguage":"tr","potentialAction":[{"@type":"ReadAction","target":["https:\/\/e-ciftlik.com\/haberler\/spor\/alex-de-souza-antalyaspor-gunlerinde-neler-yasadik\/"]}]},{"@type":"ImageObject","inLanguage":"tr","@id":"https:\/\/e-ciftlik.com\/haberler\/spor\/alex-de-souza-antalyaspor-gunlerinde-neler-yasadik\/#primaryimage","url":"https:\/\/e-ciftlik.com\/haberler\/wp-content\/uploads\/2025\/02\/5BNKfutKDkKEQZCyPW183g.jpg","contentUrl":"https:\/\/e-ciftlik.com\/haberler\/wp-content\/uploads\/2025\/02\/5BNKfutKDkKEQZCyPW183g.jpg","width":1080,"height":614},{"@type":"BreadcrumbList","@id":"https:\/\/e-ciftlik.com\/haberler\/spor\/alex-de-souza-antalyaspor-gunlerinde-neler-yasadik\/#breadcrumb","itemListElement":[{"@type":"ListItem","position":1,"name":"Anasayfa","item":"http:\/\/e-ciftlik.com\/haberler\/"},{"@type":"ListItem","position":2,"name":"Alex de Souza: &#8220;Antalyaspor G\u00fcnlerinde Neler Ya\u015fad\u0131k!&#8221;"}]},{"@type":"WebSite","@id":"http:\/\/e-ciftlik.com\/haberler\/#website","url":"http:\/\/e-ciftlik.com\/haberler\/","name":"E-\u00c7iftlik Haber | G\u00fcncel, Son Dakika Haberler, En Son Haber","description":"","publisher":{"@id":"http:\/\/e-ciftlik.com\/haberler\/#organization"},"potentialAction":[{"@type":"SearchAction","target":{"@type":"EntryPoint","urlTemplate":"http:\/\/e-ciftlik.com\/haberler\/?s={search_term_string}"},"query-input":{"@type":"PropertyValueSpecification","valueRequired":true,"valueName":"search_term_string"}}],"inLanguage":"tr"},{"@type":"Organization","@id":"http:\/\/e-ciftlik.com\/haberler\/#organization","name":"E-\u00c7\u0130FTL\u0130K HABER","url":"http:\/\/e-ciftlik.com\/haberler\/","logo":{"@type":"ImageObject","inLanguage":"tr","@id":"http:\/\/e-ciftlik.com\/haberler\/#\/schema\/logo\/image\/","url":"https:\/\/e-ciftlik.com\/haberler\/wp-content\/uploads\/2024\/06\/cropped-cropped-favicon-1-2.png","contentUrl":"https:\/\/e-ciftlik.com\/haberler\/wp-content\/uploads\/2024\/06\/cropped-cropped-favicon-1-2.png","width":512,"height":512,"caption":"E-\u00c7\u0130FTL\u0130K HABER"},"image":{"@id":"http:\/\/e-ciftlik.com\/haberler\/#\/schema\/logo\/image\/"},"sameAs":["https:\/\/www.facebook.com\/eciftlikturkiye","https:\/\/x.com\/eciftlikresmi","https:\/\/www.instagram.com\/eciftlikresmi\/"]},{"@type":"Person","@id":"http:\/\/e-ciftlik.com\/haberler\/#\/schema\/person\/d2f4fee3143d7f72be82cb887d51b00a","name":"Haber Merkezi","image":{"@type":"ImageObject","inLanguage":"tr","@id":"https:\/\/secure.gravatar.com\/avatar\/6c27d641914e66c1d0452c92716002398782818991d86db1c2cccb531e7c7c82?s=96&d=mm&r=g","url":"https:\/\/secure.gravatar.com\/avatar\/6c27d641914e66c1d0452c92716002398782818991d86db1c2cccb531e7c7c82?s=96&d=mm&r=g","contentUrl":"https:\/\/secure.gravatar.com\/avatar\/6c27d641914e66c1d0452c92716002398782818991d86db1c2cccb531e7c7c82?s=96&d=mm&r=g","caption":"Haber Merkezi"},"sameAs":["http:\/\/e-ciftlik.com\/haberler"]}]}},"_links":{"self":[{"href":"https:\/\/e-ciftlik.com\/haberler\/wp-json\/wp\/v2\/posts\/76845","targetHints":{"allow":["GET"]}}],"collection":[{"href":"https:\/\/e-ciftlik.com\/haberler\/wp-json\/wp\/v2\/posts"}],"about":[{"href":"https:\/\/e-ciftlik.com\/haberler\/wp-json\/wp\/v2\/types\/post"}],"author":[{"embeddable":true,"href":"https:\/\/e-ciftlik.com\/haberler\/wp-json\/wp\/v2\/users\/1"}],"replies":[{"embeddable":true,"href":"https:\/\/e-ciftlik.com\/haberler\/wp-json\/wp\/v2\/comments?post=76845"}],"version-history":[{"count":0,"href":"https:\/\/e-ciftlik.com\/haberler\/wp-json\/wp\/v2\/posts\/76845\/revisions"}],"wp:featuredmedia":[{"embeddable":true,"href":"https:\/\/e-ciftlik.com\/haberler\/wp-json\/wp\/v2\/media\/76846"}],"wp:attachment":[{"href":"https:\/\/e-ciftlik.com\/haberler\/wp-json\/wp\/v2\/media?parent=76845"}],"wp:term":[{"taxonomy":"category","embeddable":true,"href":"https:\/\/e-ciftlik.com\/haberler\/wp-json\/wp\/v2\/categories?post=76845"},{"taxonomy":"post_tag","embeddable":true,"href":"https:\/\/e-ciftlik.com\/haberler\/wp-json\/wp\/v2\/tags?post=76845"}],"curies":[{"name":"wp","href":"https:\/\/api.w.org\/{rel}","templated":true}]}}