{"id":76848,"date":"2025-02-01T06:26:51","date_gmt":"2025-02-01T06:26:51","guid":{"rendered":"http:\/\/e-ciftlik.com\/haberler\/gundem\/canakkale-bogazinda-gemi-trafigi-sis-nedeniyle-askiya-alindi\/"},"modified":"2025-02-01T06:26:51","modified_gmt":"2025-02-01T06:26:51","slug":"canakkale-bogazinda-gemi-trafigi-sis-nedeniyle-askiya-alindi","status":"publish","type":"post","link":"https:\/\/e-ciftlik.com\/haberler\/gundem\/canakkale-bogazinda-gemi-trafigi-sis-nedeniyle-askiya-alindi\/","title":{"rendered":"\u00c7anakkale Bo\u011faz\u0131&#8217;nda Gemi Trafi\u011fi Sis Nedeniyle Ask\u0131ya Al\u0131nd\u0131"},"content":{"rendered":"<p>Ula\u015ft\u0131rma ve Altyap\u0131 Bakanl\u0131\u011f\u0131, \u00c7anakkale Bo\u011faz\u0131&#8217;nda meydana gelen yo\u011fun sis nedeniyle gemi trafi\u011finin ge\u00e7ici olarak durduruldu\u011funu duyurdu. Sis, b\u00f6lgede g\u00f6r\u00fc\u015f mesafesini olumsuz etkiledi\u011fi i\u00e7in g\u00fcvenlik \u00f6nlemleri kapsam\u0131nda al\u0131nan bu karar\u0131n, deniz trafi\u011fine etkisi beklenmektedir. <\/p>\n<p>Bakanl\u0131k yetkilileri, deniz trafi\u011finin normale d\u00f6nmesi i\u00e7in meteorolojik ko\u015fullar\u0131n izlenmeye devam edildi\u011fini belirtti. Sis nedeniyle olu\u015fabilecek olumsuz durumlar\u0131n \u00f6n\u00fcne ge\u00e7ebilmek ad\u0131na gemi trafi\u011finin ask\u0131ya al\u0131nd\u0131\u011f\u0131 vurguland\u0131.<\/p>\n<p>\u00c7anakkale Bo\u011faz\u0131, T\u00fcrkiye&#8217;nin \u00f6nemli deniz ula\u015f\u0131m g\u00fczergahlar\u0131ndan biri olup, bir\u00e7ok uluslararas\u0131 geminin ge\u00e7i\u015f yapt\u0131\u011f\u0131 bir noktad\u0131r. Sis gibi do\u011fa olaylar\u0131n\u0131n deniz trafi\u011fini etkilemesi, b\u00f6lgedeki gemi seyr\u00fcseferini zorla\u015ft\u0131rabilir. Bu nedenle, al\u0131nan tedbirlerle g\u00fcvenlik sa\u011flanmaya \u00e7al\u0131\u015f\u0131lmaktad\u0131r.<\/p>\n<p>Sis nedeniyle ask\u0131ya al\u0131nan gemi trafi\u011finin ne zaman normale d\u00f6nece\u011fi konusunda hen\u00fcz net bir bilgi verilmezken, yetkililerin konuyu yak\u0131ndan takip etti\u011fi bildirildi. G\u00fcvenlik \u00f6nlemlerinin en \u00fcst seviyede tutuldu\u011fu ve deniz trafi\u011finin yeniden ba\u015flamas\u0131 i\u00e7in gerekli ad\u0131mlar\u0131n at\u0131laca\u011f\u0131 kaydedildi. <\/p>\n<p>Sis nedeniyle ask\u0131ya al\u0131nan gemi trafi\u011findeki geli\u015fmeleri takip etmek i\u00e7in bakanl\u0131\u011f\u0131n resmi kanallar\u0131ndan yap\u0131lan a\u00e7\u0131klamalar\u0131 takip etmekte fayda var. Deniz ula\u015f\u0131m\u0131n\u0131n normale d\u00f6nmesi i\u00e7in meteorolojik ko\u015fullar\u0131n olumlu y\u00f6nde ilerlemesi bekleniyor.<\/p>\n","protected":false},"excerpt":{"rendered":"<p>Ula\u015ft\u0131rma ve Altyap\u0131 Bakanl\u0131\u011f\u0131, \u00c7anakkale Bo\u011faz\u0131&#8217;nda meydana gelen yo\u011fun sis nedeniyle gemi trafi\u011finin ge\u00e7ici olarak&hellip;<\/p>\n","protected":false},"author":1,"featured_media":76849,"comment_status":"open","ping_status":"open","sticky":false,"template":"","format":"standard","meta":{"footnotes":""},"categories":[10],"tags":[],"class_list":["post-76848","post","type-post","status-publish","format-standard","has-post-thumbnail","hentry","category-gundem"],"yoast_head":"<!-- This site is optimized with the Yoast SEO Premium plugin v24.3 (Yoast SEO v27.4) - https:\/\/yoast.com\/product\/yoast-seo-premium-wordpress\/ -->\n<title>\u00c7anakkale Bo\u011faz\u0131&#039;nda Gemi Trafi\u011fi Sis Nedeniyle Ask\u0131ya Al\u0131nd\u0131 - E-&Ccedil;\u0130FTL\u0130K HABER<\/title>\n<meta name=\"description\" content=\"Ula\u015ft\u0131rma ve Altyap\u0131 Bakanl\u0131\u011f\u0131, \u00c7anakkale Bo\u011faz\u0131&#039;nda meydana gelen yo\u011fun sis nedeniyle gemi trafi\u011finin ge\u00e7ici olarak durduruldu\u011funu duyurdu. Sis, b\u00f6lgede\" \/>\n<meta name=\"robots\" content=\"index, follow, max-snippet:-1, max-image-preview:large, max-video-preview:-1\" \/>\n<link rel=\"canonical\" href=\"https:\/\/e-ciftlik.com\/haberler\/gundem\/canakkale-bogazinda-gemi-trafigi-sis-nedeniyle-askiya-alindi\/\" \/>\n<meta property=\"og:locale\" content=\"tr_TR\" \/>\n<meta property=\"og:type\" content=\"article\" \/>\n<meta property=\"og:title\" content=\"\u00c7anakkale Bo\u011faz\u0131&#039;nda Gemi Trafi\u011fi Sis Nedeniyle Ask\u0131ya Al\u0131nd\u0131\" \/>\n<meta property=\"og:description\" content=\"Ula\u015ft\u0131rma ve Altyap\u0131 Bakanl\u0131\u011f\u0131, \u00c7anakkale Bo\u011faz\u0131&#039;nda meydana gelen yo\u011fun sis nedeniyle gemi trafi\u011finin ge\u00e7ici olarak durduruldu\u011funu duyurdu. Sis, b\u00f6lgede\" \/>\n<meta property=\"og:url\" content=\"https:\/\/e-ciftlik.com\/haberler\/gundem\/canakkale-bogazinda-gemi-trafigi-sis-nedeniyle-askiya-alindi\/\" \/>\n<meta property=\"og:site_name\" content=\"E-&Ccedil;\u0130FTL\u0130K HABER\" \/>\n<meta property=\"article:publisher\" content=\"https:\/\/www.facebook.com\/eciftlikturkiye\" \/>\n<meta property=\"article:published_time\" content=\"2025-02-01T06:26:51+00:00\" \/>\n<meta property=\"og:image\" content=\"https:\/\/e-ciftlik.com\/haberler\/wp-content\/uploads\/2025\/02\/canakkale-bogazinda-gemi-trafigi-sis-nedeniyle-askiya-alindi-1738389352615.jpeg\" \/>\n\t<meta property=\"og:image:width\" content=\"1200\" \/>\n\t<meta property=\"og:image:height\" content=\"675\" \/>\n\t<meta property=\"og:image:type\" content=\"image\/jpeg\" \/>\n<meta name=\"author\" content=\"Haber Merkezi\" \/>\n<meta name=\"twitter:card\" content=\"summary_large_image\" \/>\n<meta name=\"twitter:creator\" content=\"@eciftlikresmi\" \/>\n<meta name=\"twitter:site\" content=\"@eciftlikresmi\" \/>\n<meta name=\"twitter:label1\" content=\"Yazan:\" \/>\n\t<meta name=\"twitter:data1\" content=\"Haber Merkezi\" \/>\n\t<meta name=\"twitter:label2\" content=\"Tahmini okuma s\u00fcresi\" \/>\n\t<meta name=\"twitter:data2\" content=\"1 dakika\" \/>\n<script type=\"application\/ld+json\" class=\"yoast-schema-graph\">{\"@context\":\"https:\\\/\\\/schema.org\",\"@graph\":[{\"@type\":\"NewsArticle\",\"@id\":\"https:\\\/\\\/e-ciftlik.com\\\/haberler\\\/gundem\\\/canakkale-bogazinda-gemi-trafigi-sis-nedeniyle-askiya-alindi\\\/#article\",\"isPartOf\":{\"@id\":\"https:\\\/\\\/e-ciftlik.com\\\/haberler\\\/gundem\\\/canakkale-bogazinda-gemi-trafigi-sis-nedeniyle-askiya-alindi\\\/\"},\"author\":{\"name\":\"Haber Merkezi\",\"@id\":\"http:\\\/\\\/e-ciftlik.com\\\/haberler\\\/#\\\/schema\\\/person\\\/d2f4fee3143d7f72be82cb887d51b00a\"},\"headline\":\"\u00c7anakkale Bo\u011faz\u0131&#8217;nda Gemi Trafi\u011fi Sis Nedeniyle Ask\u0131ya Al\u0131nd\u0131\",\"datePublished\":\"2025-02-01T06:26:51+00:00\",\"mainEntityOfPage\":{\"@id\":\"https:\\\/\\\/e-ciftlik.com\\\/haberler\\\/gundem\\\/canakkale-bogazinda-gemi-trafigi-sis-nedeniyle-askiya-alindi\\\/\"},\"wordCount\":262,\"commentCount\":0,\"publisher\":{\"@id\":\"http:\\\/\\\/e-ciftlik.com\\\/haberler\\\/#organization\"},\"image\":{\"@id\":\"https:\\\/\\\/e-ciftlik.com\\\/haberler\\\/gundem\\\/canakkale-bogazinda-gemi-trafigi-sis-nedeniyle-askiya-alindi\\\/#primaryimage\"},\"thumbnailUrl\":\"https:\\\/\\\/e-ciftlik.com\\\/haberler\\\/wp-content\\\/uploads\\\/2025\\\/02\\\/canakkale-bogazinda-gemi-trafigi-sis-nedeniyle-askiya-alindi-1738389352615.jpeg\",\"articleSection\":[\"G\u00fcndem\"],\"inLanguage\":\"tr\",\"potentialAction\":[{\"@type\":\"CommentAction\",\"name\":\"Comment\",\"target\":[\"https:\\\/\\\/e-ciftlik.com\\\/haberler\\\/gundem\\\/canakkale-bogazinda-gemi-trafigi-sis-nedeniyle-askiya-alindi\\\/#respond\"]}]},{\"@type\":\"WebPage\",\"@id\":\"https:\\\/\\\/e-ciftlik.com\\\/haberler\\\/gundem\\\/canakkale-bogazinda-gemi-trafigi-sis-nedeniyle-askiya-alindi\\\/\",\"url\":\"https:\\\/\\\/e-ciftlik.com\\\/haberler\\\/gundem\\\/canakkale-bogazinda-gemi-trafigi-sis-nedeniyle-askiya-alindi\\\/\",\"name\":\"\u00c7anakkale Bo\u011faz\u0131'nda Gemi Trafi\u011fi Sis Nedeniyle Ask\u0131ya Al\u0131nd\u0131 - E-&Ccedil;\u0130FTL\u0130K HABER\",\"isPartOf\":{\"@id\":\"http:\\\/\\\/e-ciftlik.com\\\/haberler\\\/#website\"},\"primaryImageOfPage\":{\"@id\":\"https:\\\/\\\/e-ciftlik.com\\\/haberler\\\/gundem\\\/canakkale-bogazinda-gemi-trafigi-sis-nedeniyle-askiya-alindi\\\/#primaryimage\"},\"image\":{\"@id\":\"https:\\\/\\\/e-ciftlik.com\\\/haberler\\\/gundem\\\/canakkale-bogazinda-gemi-trafigi-sis-nedeniyle-askiya-alindi\\\/#primaryimage\"},\"thumbnailUrl\":\"https:\\\/\\\/e-ciftlik.com\\\/haberler\\\/wp-content\\\/uploads\\\/2025\\\/02\\\/canakkale-bogazinda-gemi-trafigi-sis-nedeniyle-askiya-alindi-1738389352615.jpeg\",\"datePublished\":\"2025-02-01T06:26:51+00:00\",\"description\":\"Ula\u015ft\u0131rma ve Altyap\u0131 Bakanl\u0131\u011f\u0131, \u00c7anakkale Bo\u011faz\u0131'nda meydana gelen yo\u011fun sis nedeniyle gemi trafi\u011finin ge\u00e7ici olarak durduruldu\u011funu duyurdu. Sis, b\u00f6lgede\",\"breadcrumb\":{\"@id\":\"https:\\\/\\\/e-ciftlik.com\\\/haberler\\\/gundem\\\/canakkale-bogazinda-gemi-trafigi-sis-nedeniyle-askiya-alindi\\\/#breadcrumb\"},\"inLanguage\":\"tr\",\"potentialAction\":[{\"@type\":\"ReadAction\",\"target\":[\"https:\\\/\\\/e-ciftlik.com\\\/haberler\\\/gundem\\\/canakkale-bogazinda-gemi-trafigi-sis-nedeniyle-askiya-alindi\\\/\"]}]},{\"@type\":\"ImageObject\",\"inLanguage\":\"tr\",\"@id\":\"https:\\\/\\\/e-ciftlik.com\\\/haberler\\\/gundem\\\/canakkale-bogazinda-gemi-trafigi-sis-nedeniyle-askiya-alindi\\\/#primaryimage\",\"url\":\"https:\\\/\\\/e-ciftlik.com\\\/haberler\\\/wp-content\\\/uploads\\\/2025\\\/02\\\/canakkale-bogazinda-gemi-trafigi-sis-nedeniyle-askiya-alindi-1738389352615.jpeg\",\"contentUrl\":\"https:\\\/\\\/e-ciftlik.com\\\/haberler\\\/wp-content\\\/uploads\\\/2025\\\/02\\\/canakkale-bogazinda-gemi-trafigi-sis-nedeniyle-askiya-alindi-1738389352615.jpeg\",\"width\":1200,\"height\":675},{\"@type\":\"BreadcrumbList\",\"@id\":\"https:\\\/\\\/e-ciftlik.com\\\/haberler\\\/gundem\\\/canakkale-bogazinda-gemi-trafigi-sis-nedeniyle-askiya-alindi\\\/#breadcrumb\",\"itemListElement\":[{\"@type\":\"ListItem\",\"position\":1,\"name\":\"Anasayfa\",\"item\":\"http:\\\/\\\/e-ciftlik.com\\\/haberler\\\/\"},{\"@type\":\"ListItem\",\"position\":2,\"name\":\"\u00c7anakkale Bo\u011faz\u0131&#8217;nda Gemi Trafi\u011fi Sis Nedeniyle Ask\u0131ya Al\u0131nd\u0131\"}]},{\"@type\":\"WebSite\",\"@id\":\"http:\\\/\\\/e-ciftlik.com\\\/haberler\\\/#website\",\"url\":\"http:\\\/\\\/e-ciftlik.com\\\/haberler\\\/\",\"name\":\"E-\u00c7iftlik Haber | G\u00fcncel, Son Dakika Haberler, En Son Haber\",\"description\":\"\",\"publisher\":{\"@id\":\"http:\\\/\\\/e-ciftlik.com\\\/haberler\\\/#organization\"},\"potentialAction\":[{\"@type\":\"SearchAction\",\"target\":{\"@type\":\"EntryPoint\",\"urlTemplate\":\"http:\\\/\\\/e-ciftlik.com\\\/haberler\\\/?s={search_term_string}\"},\"query-input\":{\"@type\":\"PropertyValueSpecification\",\"valueRequired\":true,\"valueName\":\"search_term_string\"}}],\"inLanguage\":\"tr\"},{\"@type\":\"Organization\",\"@id\":\"http:\\\/\\\/e-ciftlik.com\\\/haberler\\\/#organization\",\"name\":\"E-\u00c7\u0130FTL\u0130K HABER\",\"url\":\"http:\\\/\\\/e-ciftlik.com\\\/haberler\\\/\",\"logo\":{\"@type\":\"ImageObject\",\"inLanguage\":\"tr\",\"@id\":\"http:\\\/\\\/e-ciftlik.com\\\/haberler\\\/#\\\/schema\\\/logo\\\/image\\\/\",\"url\":\"https:\\\/\\\/e-ciftlik.com\\\/haberler\\\/wp-content\\\/uploads\\\/2024\\\/06\\\/cropped-cropped-favicon-1-2.png\",\"contentUrl\":\"https:\\\/\\\/e-ciftlik.com\\\/haberler\\\/wp-content\\\/uploads\\\/2024\\\/06\\\/cropped-cropped-favicon-1-2.png\",\"width\":512,\"height\":512,\"caption\":\"E-\u00c7\u0130FTL\u0130K HABER\"},\"image\":{\"@id\":\"http:\\\/\\\/e-ciftlik.com\\\/haberler\\\/#\\\/schema\\\/logo\\\/image\\\/\"},\"sameAs\":[\"https:\\\/\\\/www.facebook.com\\\/eciftlikturkiye\",\"https:\\\/\\\/x.com\\\/eciftlikresmi\",\"https:\\\/\\\/www.instagram.com\\\/eciftlikresmi\\\/\"]},{\"@type\":\"Person\",\"@id\":\"http:\\\/\\\/e-ciftlik.com\\\/haberler\\\/#\\\/schema\\\/person\\\/d2f4fee3143d7f72be82cb887d51b00a\",\"name\":\"Haber Merkezi\",\"image\":{\"@type\":\"ImageObject\",\"inLanguage\":\"tr\",\"@id\":\"https:\\\/\\\/secure.gravatar.com\\\/avatar\\\/6c27d641914e66c1d0452c92716002398782818991d86db1c2cccb531e7c7c82?s=96&d=mm&r=g\",\"url\":\"https:\\\/\\\/secure.gravatar.com\\\/avatar\\\/6c27d641914e66c1d0452c92716002398782818991d86db1c2cccb531e7c7c82?s=96&d=mm&r=g\",\"contentUrl\":\"https:\\\/\\\/secure.gravatar.com\\\/avatar\\\/6c27d641914e66c1d0452c92716002398782818991d86db1c2cccb531e7c7c82?s=96&d=mm&r=g\",\"caption\":\"Haber Merkezi\"},\"sameAs\":[\"http:\\\/\\\/e-ciftlik.com\\\/haberler\"]}]}<\/script>\n<!-- \/ Yoast SEO Premium plugin. -->","yoast_head_json":{"title":"\u00c7anakkale Bo\u011faz\u0131'nda Gemi Trafi\u011fi Sis Nedeniyle Ask\u0131ya Al\u0131nd\u0131 - E-&Ccedil;\u0130FTL\u0130K HABER","description":"Ula\u015ft\u0131rma ve Altyap\u0131 Bakanl\u0131\u011f\u0131, \u00c7anakkale Bo\u011faz\u0131'nda meydana gelen yo\u011fun sis nedeniyle gemi trafi\u011finin ge\u00e7ici olarak durduruldu\u011funu duyurdu. Sis, b\u00f6lgede","robots":{"index":"index","follow":"follow","max-snippet":"max-snippet:-1","max-image-preview":"max-image-preview:large","max-video-preview":"max-video-preview:-1"},"canonical":"https:\/\/e-ciftlik.com\/haberler\/gundem\/canakkale-bogazinda-gemi-trafigi-sis-nedeniyle-askiya-alindi\/","og_locale":"tr_TR","og_type":"article","og_title":"\u00c7anakkale Bo\u011faz\u0131'nda Gemi Trafi\u011fi Sis Nedeniyle Ask\u0131ya Al\u0131nd\u0131","og_description":"Ula\u015ft\u0131rma ve Altyap\u0131 Bakanl\u0131\u011f\u0131, \u00c7anakkale Bo\u011faz\u0131'nda meydana gelen yo\u011fun sis nedeniyle gemi trafi\u011finin ge\u00e7ici olarak durduruldu\u011funu duyurdu. Sis, b\u00f6lgede","og_url":"https:\/\/e-ciftlik.com\/haberler\/gundem\/canakkale-bogazinda-gemi-trafigi-sis-nedeniyle-askiya-alindi\/","og_site_name":"E-&Ccedil;\u0130FTL\u0130K HABER","article_publisher":"https:\/\/www.facebook.com\/eciftlikturkiye","article_published_time":"2025-02-01T06:26:51+00:00","og_image":[{"width":1200,"height":675,"url":"https:\/\/e-ciftlik.com\/haberler\/wp-content\/uploads\/2025\/02\/canakkale-bogazinda-gemi-trafigi-sis-nedeniyle-askiya-alindi-1738389352615.jpeg","type":"image\/jpeg"}],"author":"Haber Merkezi","twitter_card":"summary_large_image","twitter_creator":"@eciftlikresmi","twitter_site":"@eciftlikresmi","twitter_misc":{"Yazan:":"Haber Merkezi","Tahmini okuma s\u00fcresi":"1 dakika"},"schema":{"@context":"https:\/\/schema.org","@graph":[{"@type":"NewsArticle","@id":"https:\/\/e-ciftlik.com\/haberler\/gundem\/canakkale-bogazinda-gemi-trafigi-sis-nedeniyle-askiya-alindi\/#article","isPartOf":{"@id":"https:\/\/e-ciftlik.com\/haberler\/gundem\/canakkale-bogazinda-gemi-trafigi-sis-nedeniyle-askiya-alindi\/"},"author":{"name":"Haber Merkezi","@id":"http:\/\/e-ciftlik.com\/haberler\/#\/schema\/person\/d2f4fee3143d7f72be82cb887d51b00a"},"headline":"\u00c7anakkale Bo\u011faz\u0131&#8217;nda Gemi Trafi\u011fi Sis Nedeniyle Ask\u0131ya Al\u0131nd\u0131","datePublished":"2025-02-01T06:26:51+00:00","mainEntityOfPage":{"@id":"https:\/\/e-ciftlik.com\/haberler\/gundem\/canakkale-bogazinda-gemi-trafigi-sis-nedeniyle-askiya-alindi\/"},"wordCount":262,"commentCount":0,"publisher":{"@id":"http:\/\/e-ciftlik.com\/haberler\/#organization"},"image":{"@id":"https:\/\/e-ciftlik.com\/haberler\/gundem\/canakkale-bogazinda-gemi-trafigi-sis-nedeniyle-askiya-alindi\/#primaryimage"},"thumbnailUrl":"https:\/\/e-ciftlik.com\/haberler\/wp-content\/uploads\/2025\/02\/canakkale-bogazinda-gemi-trafigi-sis-nedeniyle-askiya-alindi-1738389352615.jpeg","articleSection":["G\u00fcndem"],"inLanguage":"tr","potentialAction":[{"@type":"CommentAction","name":"Comment","target":["https:\/\/e-ciftlik.com\/haberler\/gundem\/canakkale-bogazinda-gemi-trafigi-sis-nedeniyle-askiya-alindi\/#respond"]}]},{"@type":"WebPage","@id":"https:\/\/e-ciftlik.com\/haberler\/gundem\/canakkale-bogazinda-gemi-trafigi-sis-nedeniyle-askiya-alindi\/","url":"https:\/\/e-ciftlik.com\/haberler\/gundem\/canakkale-bogazinda-gemi-trafigi-sis-nedeniyle-askiya-alindi\/","name":"\u00c7anakkale Bo\u011faz\u0131'nda Gemi Trafi\u011fi Sis Nedeniyle Ask\u0131ya Al\u0131nd\u0131 - E-&Ccedil;\u0130FTL\u0130K HABER","isPartOf":{"@id":"http:\/\/e-ciftlik.com\/haberler\/#website"},"primaryImageOfPage":{"@id":"https:\/\/e-ciftlik.com\/haberler\/gundem\/canakkale-bogazinda-gemi-trafigi-sis-nedeniyle-askiya-alindi\/#primaryimage"},"image":{"@id":"https:\/\/e-ciftlik.com\/haberler\/gundem\/canakkale-bogazinda-gemi-trafigi-sis-nedeniyle-askiya-alindi\/#primaryimage"},"thumbnailUrl":"https:\/\/e-ciftlik.com\/haberler\/wp-content\/uploads\/2025\/02\/canakkale-bogazinda-gemi-trafigi-sis-nedeniyle-askiya-alindi-1738389352615.jpeg","datePublished":"2025-02-01T06:26:51+00:00","description":"Ula\u015ft\u0131rma ve Altyap\u0131 Bakanl\u0131\u011f\u0131, \u00c7anakkale Bo\u011faz\u0131'nda meydana gelen yo\u011fun sis nedeniyle gemi trafi\u011finin ge\u00e7ici olarak durduruldu\u011funu duyurdu. Sis, b\u00f6lgede","breadcrumb":{"@id":"https:\/\/e-ciftlik.com\/haberler\/gundem\/canakkale-bogazinda-gemi-trafigi-sis-nedeniyle-askiya-alindi\/#breadcrumb"},"inLanguage":"tr","potentialAction":[{"@type":"ReadAction","target":["https:\/\/e-ciftlik.com\/haberler\/gundem\/canakkale-bogazinda-gemi-trafigi-sis-nedeniyle-askiya-alindi\/"]}]},{"@type":"ImageObject","inLanguage":"tr","@id":"https:\/\/e-ciftlik.com\/haberler\/gundem\/canakkale-bogazinda-gemi-trafigi-sis-nedeniyle-askiya-alindi\/#primaryimage","url":"https:\/\/e-ciftlik.com\/haberler\/wp-content\/uploads\/2025\/02\/canakkale-bogazinda-gemi-trafigi-sis-nedeniyle-askiya-alindi-1738389352615.jpeg","contentUrl":"https:\/\/e-ciftlik.com\/haberler\/wp-content\/uploads\/2025\/02\/canakkale-bogazinda-gemi-trafigi-sis-nedeniyle-askiya-alindi-1738389352615.jpeg","width":1200,"height":675},{"@type":"BreadcrumbList","@id":"https:\/\/e-ciftlik.com\/haberler\/gundem\/canakkale-bogazinda-gemi-trafigi-sis-nedeniyle-askiya-alindi\/#breadcrumb","itemListElement":[{"@type":"ListItem","position":1,"name":"Anasayfa","item":"http:\/\/e-ciftlik.com\/haberler\/"},{"@type":"ListItem","position":2,"name":"\u00c7anakkale Bo\u011faz\u0131&#8217;nda Gemi Trafi\u011fi Sis Nedeniyle Ask\u0131ya Al\u0131nd\u0131"}]},{"@type":"WebSite","@id":"http:\/\/e-ciftlik.com\/haberler\/#website","url":"http:\/\/e-ciftlik.com\/haberler\/","name":"E-\u00c7iftlik Haber | G\u00fcncel, Son Dakika Haberler, En Son Haber","description":"","publisher":{"@id":"http:\/\/e-ciftlik.com\/haberler\/#organization"},"potentialAction":[{"@type":"SearchAction","target":{"@type":"EntryPoint","urlTemplate":"http:\/\/e-ciftlik.com\/haberler\/?s={search_term_string}"},"query-input":{"@type":"PropertyValueSpecification","valueRequired":true,"valueName":"search_term_string"}}],"inLanguage":"tr"},{"@type":"Organization","@id":"http:\/\/e-ciftlik.com\/haberler\/#organization","name":"E-\u00c7\u0130FTL\u0130K HABER","url":"http:\/\/e-ciftlik.com\/haberler\/","logo":{"@type":"ImageObject","inLanguage":"tr","@id":"http:\/\/e-ciftlik.com\/haberler\/#\/schema\/logo\/image\/","url":"https:\/\/e-ciftlik.com\/haberler\/wp-content\/uploads\/2024\/06\/cropped-cropped-favicon-1-2.png","contentUrl":"https:\/\/e-ciftlik.com\/haberler\/wp-content\/uploads\/2024\/06\/cropped-cropped-favicon-1-2.png","width":512,"height":512,"caption":"E-\u00c7\u0130FTL\u0130K HABER"},"image":{"@id":"http:\/\/e-ciftlik.com\/haberler\/#\/schema\/logo\/image\/"},"sameAs":["https:\/\/www.facebook.com\/eciftlikturkiye","https:\/\/x.com\/eciftlikresmi","https:\/\/www.instagram.com\/eciftlikresmi\/"]},{"@type":"Person","@id":"http:\/\/e-ciftlik.com\/haberler\/#\/schema\/person\/d2f4fee3143d7f72be82cb887d51b00a","name":"Haber Merkezi","image":{"@type":"ImageObject","inLanguage":"tr","@id":"https:\/\/secure.gravatar.com\/avatar\/6c27d641914e66c1d0452c92716002398782818991d86db1c2cccb531e7c7c82?s=96&d=mm&r=g","url":"https:\/\/secure.gravatar.com\/avatar\/6c27d641914e66c1d0452c92716002398782818991d86db1c2cccb531e7c7c82?s=96&d=mm&r=g","contentUrl":"https:\/\/secure.gravatar.com\/avatar\/6c27d641914e66c1d0452c92716002398782818991d86db1c2cccb531e7c7c82?s=96&d=mm&r=g","caption":"Haber Merkezi"},"sameAs":["http:\/\/e-ciftlik.com\/haberler"]}]}},"_links":{"self":[{"href":"https:\/\/e-ciftlik.com\/haberler\/wp-json\/wp\/v2\/posts\/76848","targetHints":{"allow":["GET"]}}],"collection":[{"href":"https:\/\/e-ciftlik.com\/haberler\/wp-json\/wp\/v2\/posts"}],"about":[{"href":"https:\/\/e-ciftlik.com\/haberler\/wp-json\/wp\/v2\/types\/post"}],"author":[{"embeddable":true,"href":"https:\/\/e-ciftlik.com\/haberler\/wp-json\/wp\/v2\/users\/1"}],"replies":[{"embeddable":true,"href":"https:\/\/e-ciftlik.com\/haberler\/wp-json\/wp\/v2\/comments?post=76848"}],"version-history":[{"count":0,"href":"https:\/\/e-ciftlik.com\/haberler\/wp-json\/wp\/v2\/posts\/76848\/revisions"}],"wp:featuredmedia":[{"embeddable":true,"href":"https:\/\/e-ciftlik.com\/haberler\/wp-json\/wp\/v2\/media\/76849"}],"wp:attachment":[{"href":"https:\/\/e-ciftlik.com\/haberler\/wp-json\/wp\/v2\/media?parent=76848"}],"wp:term":[{"taxonomy":"category","embeddable":true,"href":"https:\/\/e-ciftlik.com\/haberler\/wp-json\/wp\/v2\/categories?post=76848"},{"taxonomy":"post_tag","embeddable":true,"href":"https:\/\/e-ciftlik.com\/haberler\/wp-json\/wp\/v2\/tags?post=76848"}],"curies":[{"name":"wp","href":"https:\/\/api.w.org\/{rel}","templated":true}]}}